{"id":6644,"date":"2019-08-21T20:58:57","date_gmt":"2019-08-21T20:58:57","guid":{"rendered":"http:\/\/www.sanjuandeportes.com\/wp\/?p=6644"},"modified":"2019-08-21T20:58:57","modified_gmt":"2019-08-21T20:58:57","slug":"con-ibazeta-y-armoa-argentina-gano-en-el-debut-del-mundial-sub-19-de-voley","status":"publish","type":"post","link":"http:\/\/www.sanjuandeportes.com\/wp\/2019\/08\/21\/con-ibazeta-y-armoa-argentina-gano-en-el-debut-del-mundial-sub-19-de-voley\/","title":{"rendered":"Con Ibazeta y Armoa, Argentina gan\u00f3 en el debut del Mundial Sub 19 de V\u00f3ley"},"content":{"rendered":"<p>En su primer partido en el Mundial U19 en T\u00fanez,\u00a0<strong>Argentina derrot\u00f3 a M\u00e9xico por 3-1<\/strong>, con parciales de 25-21, 17-25, 25-14 y 25-20. Por el lado de los sanjuaninos,\u00a0<strong>Manuel Armoa arranc\u00f3 de titular, totalizando 7 puntos<\/strong>. Mientras que\u00a0<strong>Lucas, capit\u00e1n del equipo, no tuvo tiempo en cancha.<\/strong>Este jueves, a las 6 am, la segunda presentaci\u00f3n ante Egipto.<\/p>\n<p>La Selecci\u00f3n destrab\u00f3 un primer set por momentos parejo y con mayor regularidad y buscando a Capogrosso, se lo llev\u00f3 25-21. No obstante, en el segundo set, M\u00e9xico trabaj\u00f3 mejor en ataque y contra, sobre todo de la mano de Baca y Milantony, para empatar el partido 25-17.<\/p>\n<p>Desde el tercer parcial, la Selecci\u00f3n hizo la diferencia con una buena tarea en saque y bloqueo (Rodrigo Soria pas\u00f3 a tener m\u00e1s protagonismo, adem\u00e1s de un buen ingreso de Sergio Acosta) y as\u00ed logr\u00f3 resolver el triunfo en cuatro sets.<\/p>\n<p>Argentina integra el grupo C, zona en la que adem\u00e1s de M\u00e9xico y Egipto, tambi\u00e9n participa Alemania y Jap\u00f3n.<\/p>\n<p>Argentina: Pablo Urchevich (3), Wilson Acosta (5), Rodrigo Soria (12), Agustin Gallardo (9), Tom\u00e1s Capogrosso (10), Manuel Armoa (7). L\u00edbero: Tob\u00edas Scarpa. Ingresaron: Luciano Aloisi (1), Sergio Acosta (4), Valentino Vidoni (2).<\/p>\n<p>M\u00e9xico: Marcos Moran (-), Luis Baca (17), Josue R\u00edos (2), Jorge Cabrera (4), Adri\u00e1n Milantony (16), Aldo Rueda (4). L\u00edbero: Ernesto Lespron. Ingresaron: Josue Muela (-), Jes\u00fas Zepeda (-), Carlos Bergara (-), Luis Anchondo (-). Comentarios<\/p>\n","protected":false},"excerpt":{"rendered":"<p>En su primer partido en el Mundial U19 en T\u00fanez,\u00a0Argentina derrot\u00f3 a M\u00e9xico por 3-1, con parciales de 25-21, 17-25, 25-14 y 25-20. Por el lado de los sanjuaninos,\u00a0Manuel Armoa arranc\u00f3 de titular, totalizando 7 puntos. Mientras que\u00a0Lucas, capit\u00e1n del equipo, no tuvo tiempo en cancha.Este jueves, a las 6 am, la segunda presentaci\u00f3n ante [&hellip;]<\/p>\n","protected":false},"author":5,"featured_media":6645,"comment_status":"open","ping_status":"open","sticky":false,"template":"","format":"standard","meta":{"footnotes":""},"categories":[2,35,34],"tags":[],"class_list":["post-6644","post","type-post","status-publish","format-standard","has-post-thumbnail","hentry","category-featured","category-seleccion-argentina","category-voley"],"yoast_head":"<!-- This site is optimized with the Yoast SEO plugin v28.2 - https:\/\/yoast.com\/product\/yoast-seo-wordpress\/ -->\n<title>Con Ibazeta y Armoa, Argentina gan\u00f3 en el debut del Mundial Sub 19 de V\u00f3ley - San Juan Deportes<\/title>\n<meta name=\"robots\" content=\"index, follow, max-snippet:-1, max-image-preview:large, max-video-preview:-1\" \/>\n<link rel=\"canonical\" href=\"https:\/\/www.sanjuandeportes.com\/wp\/2019\/08\/21\/con-ibazeta-y-armoa-argentina-gano-en-el-debut-del-mundial-sub-19-de-voley\/\" \/>\n<meta property=\"og:locale\" content=\"es_ES\" \/>\n<meta property=\"og:type\" content=\"article\" \/>\n<meta property=\"og:title\" content=\"Con Ibazeta y Armoa, Argentina gan\u00f3 en el debut del Mundial Sub 19 de V\u00f3ley - San Juan Deportes\" \/>\n<meta property=\"og:description\" content=\"En su primer partido en el Mundial U19 en T\u00fanez,\u00a0Argentina derrot\u00f3 a M\u00e9xico por 3-1, con parciales de 25-21, 17-25, 25-14 y 25-20. Por el lado de los sanjuaninos,\u00a0Manuel Armoa arranc\u00f3 de titular, totalizando 7 puntos. Mientras que\u00a0Lucas, capit\u00e1n del equipo, no tuvo tiempo en cancha.Este jueves, a las 6 am, la segunda presentaci\u00f3n ante [&hellip;]\" \/>\n<meta property=\"og:url\" content=\"https:\/\/www.sanjuandeportes.com\/wp\/2019\/08\/21\/con-ibazeta-y-armoa-argentina-gano-en-el-debut-del-mundial-sub-19-de-voley\/\" \/>\n<meta property=\"og:site_name\" content=\"San Juan Deportes\" \/>\n<meta property=\"article:publisher\" content=\"https:\/\/www.facebook.com\/sanjuandeportesok\" \/>\n<meta property=\"article:published_time\" content=\"2019-08-21T20:58:57+00:00\" \/>\n<meta property=\"og:image\" content=\"https:\/\/www.sanjuandeportes.com\/wp\/wp-content\/uploads\/2019\/08\/Plantel-Tunez-2019-8-1170x669.jpg\" \/>\n\t<meta property=\"og:image:width\" content=\"1170\" \/>\n\t<meta property=\"og:image:height\" content=\"669\" \/>\n\t<meta property=\"og:image:type\" content=\"image\/jpeg\" \/>\n<meta name=\"author\" content=\"Pablo Pujado\" \/>\n<meta name=\"twitter:card\" content=\"summary_large_image\" \/>\n<meta name=\"twitter:creator\" content=\"@SanJuanDeportes\" \/>\n<meta name=\"twitter:site\" content=\"@SanJuanDeportes\" \/>\n<meta name=\"twitter:label1\" content=\"Escrito por\" \/>\n\t<meta name=\"twitter:data1\" content=\"Pablo Pujado\" \/>\n\t<meta name=\"twitter:label2\" content=\"Tiempo de lectura\" \/>\n\t<meta name=\"twitter:data2\" content=\"1 minuto\" \/>\n<script type=\"application\/ld+json\" class=\"yoast-schema-graph\">{\"@context\":\"https:\\\/\\\/schema.org\",\"@graph\":[{\"@type\":\"Article\",\"@id\":\"https:\\\/\\\/www.sanjuandeportes.com\\\/wp\\\/2019\\\/08\\\/21\\\/con-ibazeta-y-armoa-argentina-gano-en-el-debut-del-mundial-sub-19-de-voley\\\/#article\",\"isPartOf\":{\"@id\":\"https:\\\/\\\/www.sanjuandeportes.com\\\/wp\\\/2019\\\/08\\\/21\\\/con-ibazeta-y-armoa-argentina-gano-en-el-debut-del-mundial-sub-19-de-voley\\\/\"},\"author\":{\"name\":\"Pablo Pujado\",\"@id\":\"http:\\\/\\\/www.sanjuandeportes.com\\\/wp\\\/#\\\/schema\\\/person\\\/eda4d8e62a5d42b111781e3cdfcb9c3a\"},\"headline\":\"Con Ibazeta y Armoa, Argentina gan\u00f3 en el debut del Mundial Sub 19 de V\u00f3ley\",\"datePublished\":\"2019-08-21T20:58:57+00:00\",\"mainEntityOfPage\":{\"@id\":\"https:\\\/\\\/www.sanjuandeportes.com\\\/wp\\\/2019\\\/08\\\/21\\\/con-ibazeta-y-armoa-argentina-gano-en-el-debut-del-mundial-sub-19-de-voley\\\/\"},\"wordCount\":256,\"commentCount\":0,\"publisher\":{\"@id\":\"http:\\\/\\\/www.sanjuandeportes.com\\\/wp\\\/#organization\"},\"image\":{\"@id\":\"https:\\\/\\\/www.sanjuandeportes.com\\\/wp\\\/2019\\\/08\\\/21\\\/con-ibazeta-y-armoa-argentina-gano-en-el-debut-del-mundial-sub-19-de-voley\\\/#primaryimage\"},\"thumbnailUrl\":\"http:\\\/\\\/www.sanjuandeportes.com\\\/wp\\\/wp-content\\\/uploads\\\/2019\\\/08\\\/Plantel-Tunez-2019-8-1170x669.jpg\",\"articleSection\":[\"Featured\",\"Selecci\u00f3n Argentina\",\"Voley\"],\"inLanguage\":\"es\",\"potentialAction\":[{\"@type\":\"CommentAction\",\"name\":\"Comment\",\"target\":[\"https:\\\/\\\/www.sanjuandeportes.com\\\/wp\\\/2019\\\/08\\\/21\\\/con-ibazeta-y-armoa-argentina-gano-en-el-debut-del-mundial-sub-19-de-voley\\\/#respond\"]}]},{\"@type\":\"WebPage\",\"@id\":\"https:\\\/\\\/www.sanjuandeportes.com\\\/wp\\\/2019\\\/08\\\/21\\\/con-ibazeta-y-armoa-argentina-gano-en-el-debut-del-mundial-sub-19-de-voley\\\/\",\"url\":\"https:\\\/\\\/www.sanjuandeportes.com\\\/wp\\\/2019\\\/08\\\/21\\\/con-ibazeta-y-armoa-argentina-gano-en-el-debut-del-mundial-sub-19-de-voley\\\/\",\"name\":\"Con Ibazeta y Armoa, Argentina gan\u00f3 en el debut del Mundial Sub 19 de V\u00f3ley - San Juan Deportes\",\"isPartOf\":{\"@id\":\"http:\\\/\\\/www.sanjuandeportes.com\\\/wp\\\/#website\"},\"primaryImageOfPage\":{\"@id\":\"https:\\\/\\\/www.sanjuandeportes.com\\\/wp\\\/2019\\\/08\\\/21\\\/con-ibazeta-y-armoa-argentina-gano-en-el-debut-del-mundial-sub-19-de-voley\\\/#primaryimage\"},\"image\":{\"@id\":\"https:\\\/\\\/www.sanjuandeportes.com\\\/wp\\\/2019\\\/08\\\/21\\\/con-ibazeta-y-armoa-argentina-gano-en-el-debut-del-mundial-sub-19-de-voley\\\/#primaryimage\"},\"thumbnailUrl\":\"http:\\\/\\\/www.sanjuandeportes.com\\\/wp\\\/wp-content\\\/uploads\\\/2019\\\/08\\\/Plantel-Tunez-2019-8-1170x669.jpg\",\"datePublished\":\"2019-08-21T20:58:57+00:00\",\"breadcrumb\":{\"@id\":\"https:\\\/\\\/www.sanjuandeportes.com\\\/wp\\\/2019\\\/08\\\/21\\\/con-ibazeta-y-armoa-argentina-gano-en-el-debut-del-mundial-sub-19-de-voley\\\/#breadcrumb\"},\"inLanguage\":\"es\",\"potentialAction\":[{\"@type\":\"ReadAction\",\"target\":[\"https:\\\/\\\/www.sanjuandeportes.com\\\/wp\\\/2019\\\/08\\\/21\\\/con-ibazeta-y-armoa-argentina-gano-en-el-debut-del-mundial-sub-19-de-voley\\\/\"]}]},{\"@type\":\"ImageObject\",\"inLanguage\":\"es\",\"@id\":\"https:\\\/\\\/www.sanjuandeportes.com\\\/wp\\\/2019\\\/08\\\/21\\\/con-ibazeta-y-armoa-argentina-gano-en-el-debut-del-mundial-sub-19-de-voley\\\/#primaryimage\",\"url\":\"http:\\\/\\\/www.sanjuandeportes.com\\\/wp\\\/wp-content\\\/uploads\\\/2019\\\/08\\\/Plantel-Tunez-2019-8-1170x669.jpg\",\"contentUrl\":\"http:\\\/\\\/www.sanjuandeportes.com\\\/wp\\\/wp-content\\\/uploads\\\/2019\\\/08\\\/Plantel-Tunez-2019-8-1170x669.jpg\",\"width\":1170,\"height\":669},{\"@type\":\"BreadcrumbList\",\"@id\":\"https:\\\/\\\/www.sanjuandeportes.com\\\/wp\\\/2019\\\/08\\\/21\\\/con-ibazeta-y-armoa-argentina-gano-en-el-debut-del-mundial-sub-19-de-voley\\\/#breadcrumb\",\"itemListElement\":[{\"@type\":\"ListItem\",\"position\":1,\"name\":\"Portada\",\"item\":\"http:\\\/\\\/www.sanjuandeportes.com\\\/wp\\\/\"},{\"@type\":\"ListItem\",\"position\":2,\"name\":\"Con Ibazeta y Armoa, Argentina gan\u00f3 en el debut del Mundial Sub 19 de V\u00f3ley\"}]},{\"@type\":\"WebSite\",\"@id\":\"http:\\\/\\\/www.sanjuandeportes.com\\\/wp\\\/#website\",\"url\":\"http:\\\/\\\/www.sanjuandeportes.com\\\/wp\\\/\",\"name\":\"San Juan Deportes\",\"description\":\"El sitio de deportes de la provincia de San Juan\",\"publisher\":{\"@id\":\"http:\\\/\\\/www.sanjuandeportes.com\\\/wp\\\/#organization\"},\"potentialAction\":[{\"@type\":\"SearchAction\",\"target\":{\"@type\":\"EntryPoint\",\"urlTemplate\":\"http:\\\/\\\/www.sanjuandeportes.com\\\/wp\\\/?s={search_term_string}\"},\"query-input\":{\"@type\":\"PropertyValueSpecification\",\"valueRequired\":true,\"valueName\":\"search_term_string\"}}],\"inLanguage\":\"es\"},{\"@type\":\"Organization\",\"@id\":\"http:\\\/\\\/www.sanjuandeportes.com\\\/wp\\\/#organization\",\"name\":\"San Juan Deportes\",\"url\":\"http:\\\/\\\/www.sanjuandeportes.com\\\/wp\\\/\",\"logo\":{\"@type\":\"ImageObject\",\"inLanguage\":\"es\",\"@id\":\"http:\\\/\\\/www.sanjuandeportes.com\\\/wp\\\/#\\\/schema\\\/logo\\\/image\\\/\",\"url\":\"https:\\\/\\\/www.sanjuandeportes.com\\\/wp\\\/wp-content\\\/uploads\\\/unnamed.jpg\",\"contentUrl\":\"https:\\\/\\\/www.sanjuandeportes.com\\\/wp\\\/wp-content\\\/uploads\\\/unnamed.jpg\",\"width\":900,\"height\":900,\"caption\":\"San Juan Deportes\"},\"image\":{\"@id\":\"http:\\\/\\\/www.sanjuandeportes.com\\\/wp\\\/#\\\/schema\\\/logo\\\/image\\\/\"},\"sameAs\":[\"https:\\\/\\\/www.facebook.com\\\/sanjuandeportesok\",\"https:\\\/\\\/x.com\\\/SanJuanDeportes\",\"https:\\\/\\\/www.instagram.com\\\/sanjuandeportes\"]},{\"@type\":\"Person\",\"@id\":\"http:\\\/\\\/www.sanjuandeportes.com\\\/wp\\\/#\\\/schema\\\/person\\\/eda4d8e62a5d42b111781e3cdfcb9c3a\",\"name\":\"Pablo Pujado\",\"image\":{\"@type\":\"ImageObject\",\"inLanguage\":\"es\",\"@id\":\"https:\\\/\\\/secure.gravatar.com\\\/avatar\\\/310b69d28112912c333408a462a9837208de951b1e7c11514781740412f648b1?s=96&d=mm&r=g\",\"url\":\"https:\\\/\\\/secure.gravatar.com\\\/avatar\\\/310b69d28112912c333408a462a9837208de951b1e7c11514781740412f648b1?s=96&d=mm&r=g\",\"contentUrl\":\"https:\\\/\\\/secure.gravatar.com\\\/avatar\\\/310b69d28112912c333408a462a9837208de951b1e7c11514781740412f648b1?s=96&d=mm&r=g\",\"caption\":\"Pablo Pujado\"},\"url\":\"http:\\\/\\\/www.sanjuandeportes.com\\\/wp\\\/author\\\/pablo-pujado\\\/\"}]}<\/script>\n<!-- \/ Yoast SEO plugin. -->","yoast_head_json":{"title":"Con Ibazeta y Armoa, Argentina gan\u00f3 en el debut del Mundial Sub 19 de V\u00f3ley - San Juan Deportes","robots":{"index":"index","follow":"follow","max-snippet":"max-snippet:-1","max-image-preview":"max-image-preview:large","max-video-preview":"max-video-preview:-1"},"canonical":"https:\/\/www.sanjuandeportes.com\/wp\/2019\/08\/21\/con-ibazeta-y-armoa-argentina-gano-en-el-debut-del-mundial-sub-19-de-voley\/","og_locale":"es_ES","og_type":"article","og_title":"Con Ibazeta y Armoa, Argentina gan\u00f3 en el debut del Mundial Sub 19 de V\u00f3ley - San Juan Deportes","og_description":"En su primer partido en el Mundial U19 en T\u00fanez,\u00a0Argentina derrot\u00f3 a M\u00e9xico por 3-1, con parciales de 25-21, 17-25, 25-14 y 25-20. Por el lado de los sanjuaninos,\u00a0Manuel Armoa arranc\u00f3 de titular, totalizando 7 puntos. Mientras que\u00a0Lucas, capit\u00e1n del equipo, no tuvo tiempo en cancha.Este jueves, a las 6 am, la segunda presentaci\u00f3n ante [&hellip;]","og_url":"https:\/\/www.sanjuandeportes.com\/wp\/2019\/08\/21\/con-ibazeta-y-armoa-argentina-gano-en-el-debut-del-mundial-sub-19-de-voley\/","og_site_name":"San Juan Deportes","article_publisher":"https:\/\/www.facebook.com\/sanjuandeportesok","article_published_time":"2019-08-21T20:58:57+00:00","og_image":[{"width":1170,"height":669,"url":"https:\/\/www.sanjuandeportes.com\/wp\/wp-content\/uploads\/2019\/08\/Plantel-Tunez-2019-8-1170x669.jpg","type":"image\/jpeg"}],"author":"Pablo Pujado","twitter_card":"summary_large_image","twitter_creator":"@SanJuanDeportes","twitter_site":"@SanJuanDeportes","twitter_misc":{"Escrito por":"Pablo Pujado","Tiempo de lectura":"1 minuto"},"schema":{"@context":"https:\/\/schema.org","@graph":[{"@type":"Article","@id":"https:\/\/www.sanjuandeportes.com\/wp\/2019\/08\/21\/con-ibazeta-y-armoa-argentina-gano-en-el-debut-del-mundial-sub-19-de-voley\/#article","isPartOf":{"@id":"https:\/\/www.sanjuandeportes.com\/wp\/2019\/08\/21\/con-ibazeta-y-armoa-argentina-gano-en-el-debut-del-mundial-sub-19-de-voley\/"},"author":{"name":"Pablo Pujado","@id":"http:\/\/www.sanjuandeportes.com\/wp\/#\/schema\/person\/eda4d8e62a5d42b111781e3cdfcb9c3a"},"headline":"Con Ibazeta y Armoa, Argentina gan\u00f3 en el debut del Mundial Sub 19 de V\u00f3ley","datePublished":"2019-08-21T20:58:57+00:00","mainEntityOfPage":{"@id":"https:\/\/www.sanjuandeportes.com\/wp\/2019\/08\/21\/con-ibazeta-y-armoa-argentina-gano-en-el-debut-del-mundial-sub-19-de-voley\/"},"wordCount":256,"commentCount":0,"publisher":{"@id":"http:\/\/www.sanjuandeportes.com\/wp\/#organization"},"image":{"@id":"https:\/\/www.sanjuandeportes.com\/wp\/2019\/08\/21\/con-ibazeta-y-armoa-argentina-gano-en-el-debut-del-mundial-sub-19-de-voley\/#primaryimage"},"thumbnailUrl":"http:\/\/www.sanjuandeportes.com\/wp\/wp-content\/uploads\/2019\/08\/Plantel-Tunez-2019-8-1170x669.jpg","articleSection":["Featured","Selecci\u00f3n Argentina","Voley"],"inLanguage":"es","potentialAction":[{"@type":"CommentAction","name":"Comment","target":["https:\/\/www.sanjuandeportes.com\/wp\/2019\/08\/21\/con-ibazeta-y-armoa-argentina-gano-en-el-debut-del-mundial-sub-19-de-voley\/#respond"]}]},{"@type":"WebPage","@id":"https:\/\/www.sanjuandeportes.com\/wp\/2019\/08\/21\/con-ibazeta-y-armoa-argentina-gano-en-el-debut-del-mundial-sub-19-de-voley\/","url":"https:\/\/www.sanjuandeportes.com\/wp\/2019\/08\/21\/con-ibazeta-y-armoa-argentina-gano-en-el-debut-del-mundial-sub-19-de-voley\/","name":"Con Ibazeta y Armoa, Argentina gan\u00f3 en el debut del Mundial Sub 19 de V\u00f3ley - San Juan Deportes","isPartOf":{"@id":"http:\/\/www.sanjuandeportes.com\/wp\/#website"},"primaryImageOfPage":{"@id":"https:\/\/www.sanjuandeportes.com\/wp\/2019\/08\/21\/con-ibazeta-y-armoa-argentina-gano-en-el-debut-del-mundial-sub-19-de-voley\/#primaryimage"},"image":{"@id":"https:\/\/www.sanjuandeportes.com\/wp\/2019\/08\/21\/con-ibazeta-y-armoa-argentina-gano-en-el-debut-del-mundial-sub-19-de-voley\/#primaryimage"},"thumbnailUrl":"http:\/\/www.sanjuandeportes.com\/wp\/wp-content\/uploads\/2019\/08\/Plantel-Tunez-2019-8-1170x669.jpg","datePublished":"2019-08-21T20:58:57+00:00","breadcrumb":{"@id":"https:\/\/www.sanjuandeportes.com\/wp\/2019\/08\/21\/con-ibazeta-y-armoa-argentina-gano-en-el-debut-del-mundial-sub-19-de-voley\/#breadcrumb"},"inLanguage":"es","potentialAction":[{"@type":"ReadAction","target":["https:\/\/www.sanjuandeportes.com\/wp\/2019\/08\/21\/con-ibazeta-y-armoa-argentina-gano-en-el-debut-del-mundial-sub-19-de-voley\/"]}]},{"@type":"ImageObject","inLanguage":"es","@id":"https:\/\/www.sanjuandeportes.com\/wp\/2019\/08\/21\/con-ibazeta-y-armoa-argentina-gano-en-el-debut-del-mundial-sub-19-de-voley\/#primaryimage","url":"http:\/\/www.sanjuandeportes.com\/wp\/wp-content\/uploads\/2019\/08\/Plantel-Tunez-2019-8-1170x669.jpg","contentUrl":"http:\/\/www.sanjuandeportes.com\/wp\/wp-content\/uploads\/2019\/08\/Plantel-Tunez-2019-8-1170x669.jpg","width":1170,"height":669},{"@type":"BreadcrumbList","@id":"https:\/\/www.sanjuandeportes.com\/wp\/2019\/08\/21\/con-ibazeta-y-armoa-argentina-gano-en-el-debut-del-mundial-sub-19-de-voley\/#breadcrumb","itemListElement":[{"@type":"ListItem","position":1,"name":"Portada","item":"http:\/\/www.sanjuandeportes.com\/wp\/"},{"@type":"ListItem","position":2,"name":"Con Ibazeta y Armoa, Argentina gan\u00f3 en el debut del Mundial Sub 19 de V\u00f3ley"}]},{"@type":"WebSite","@id":"http:\/\/www.sanjuandeportes.com\/wp\/#website","url":"http:\/\/www.sanjuandeportes.com\/wp\/","name":"San Juan Deportes","description":"El sitio de deportes de la provincia de San Juan","publisher":{"@id":"http:\/\/www.sanjuandeportes.com\/wp\/#organization"},"potentialAction":[{"@type":"SearchAction","target":{"@type":"EntryPoint","urlTemplate":"http:\/\/www.sanjuandeportes.com\/wp\/?s={search_term_string}"},"query-input":{"@type":"PropertyValueSpecification","valueRequired":true,"valueName":"search_term_string"}}],"inLanguage":"es"},{"@type":"Organization","@id":"http:\/\/www.sanjuandeportes.com\/wp\/#organization","name":"San Juan Deportes","url":"http:\/\/www.sanjuandeportes.com\/wp\/","logo":{"@type":"ImageObject","inLanguage":"es","@id":"http:\/\/www.sanjuandeportes.com\/wp\/#\/schema\/logo\/image\/","url":"https:\/\/www.sanjuandeportes.com\/wp\/wp-content\/uploads\/unnamed.jpg","contentUrl":"https:\/\/www.sanjuandeportes.com\/wp\/wp-content\/uploads\/unnamed.jpg","width":900,"height":900,"caption":"San Juan Deportes"},"image":{"@id":"http:\/\/www.sanjuandeportes.com\/wp\/#\/schema\/logo\/image\/"},"sameAs":["https:\/\/www.facebook.com\/sanjuandeportesok","https:\/\/x.com\/SanJuanDeportes","https:\/\/www.instagram.com\/sanjuandeportes"]},{"@type":"Person","@id":"http:\/\/www.sanjuandeportes.com\/wp\/#\/schema\/person\/eda4d8e62a5d42b111781e3cdfcb9c3a","name":"Pablo Pujado","image":{"@type":"ImageObject","inLanguage":"es","@id":"https:\/\/secure.gravatar.com\/avatar\/310b69d28112912c333408a462a9837208de951b1e7c11514781740412f648b1?s=96&d=mm&r=g","url":"https:\/\/secure.gravatar.com\/avatar\/310b69d28112912c333408a462a9837208de951b1e7c11514781740412f648b1?s=96&d=mm&r=g","contentUrl":"https:\/\/secure.gravatar.com\/avatar\/310b69d28112912c333408a462a9837208de951b1e7c11514781740412f648b1?s=96&d=mm&r=g","caption":"Pablo Pujado"},"url":"http:\/\/www.sanjuandeportes.com\/wp\/author\/pablo-pujado\/"}]}},"_links":{"self":[{"href":"http:\/\/www.sanjuandeportes.com\/wp\/wp-json\/wp\/v2\/posts\/6644","targetHints":{"allow":["GET"]}}],"collection":[{"href":"http:\/\/www.sanjuandeportes.com\/wp\/wp-json\/wp\/v2\/posts"}],"about":[{"href":"http:\/\/www.sanjuandeportes.com\/wp\/wp-json\/wp\/v2\/types\/post"}],"author":[{"embeddable":true,"href":"http:\/\/www.sanjuandeportes.com\/wp\/wp-json\/wp\/v2\/users\/5"}],"replies":[{"embeddable":true,"href":"http:\/\/www.sanjuandeportes.com\/wp\/wp-json\/wp\/v2\/comments?post=6644"}],"version-history":[{"count":1,"href":"http:\/\/www.sanjuandeportes.com\/wp\/wp-json\/wp\/v2\/posts\/6644\/revisions"}],"predecessor-version":[{"id":6646,"href":"http:\/\/www.sanjuandeportes.com\/wp\/wp-json\/wp\/v2\/posts\/6644\/revisions\/6646"}],"wp:featuredmedia":[{"embeddable":true,"href":"http:\/\/www.sanjuandeportes.com\/wp\/wp-json\/wp\/v2\/media\/6645"}],"wp:attachment":[{"href":"http:\/\/www.sanjuandeportes.com\/wp\/wp-json\/wp\/v2\/media?parent=6644"}],"wp:term":[{"taxonomy":"category","embeddable":true,"href":"http:\/\/www.sanjuandeportes.com\/wp\/wp-json\/wp\/v2\/categories?post=6644"},{"taxonomy":"post_tag","embeddable":true,"href":"http:\/\/www.sanjuandeportes.com\/wp\/wp-json\/wp\/v2\/tags?post=6644"}],"curies":[{"name":"wp","href":"https:\/\/api.w.org\/{rel}","templated":true}]}}