{"id":6703,"date":"2019-08-24T00:12:03","date_gmt":"2019-08-24T00:12:03","guid":{"rendered":"http:\/\/www.sanjuandeportes.com\/wp\/?p=6703"},"modified":"2019-08-24T00:12:03","modified_gmt":"2019-08-24T00:12:03","slug":"el-verdinegro-hace-el-debut-de-local-ante-estudiantes-ba","status":"publish","type":"post","link":"http:\/\/www.sanjuandeportes.com\/wp\/2019\/08\/24\/el-verdinegro-hace-el-debut-de-local-ante-estudiantes-ba\/","title":{"rendered":"El verdinegro hace el debut de local ante Estudiantes (BA)"},"content":{"rendered":"<p>San Mart\u00edn de San Juan y Estudiantes de Buenos Aires se miden este s\u00e1bado por la segunda fecha de la Primera Nacional, desde las 17 en el Estadio Hilario S\u00e1nchez, en Concepci\u00f3n.<\/p>\n<p>El equipo del \u201cYagui\u201d buscar\u00e1 sumar su primera victoria tras el empate 1-1 ante Belgrano en el arranque de la Primera Nacional.<\/p>\n<p>Estudiantes, por su parte, debut\u00f3 con un triunfo por 1 a 0 en su visita a Mitre de Santiago del Estero. El gol lo anot\u00f3 el delantero Francisco Gonz\u00e1lez Metilli.<\/p>\n<p>La popular costar\u00e1 $300, la Platea Este y Oeste Baja $500, la Oeste Alta $700 y Jubilados, Damas y menores (hasta 11 a\u00f1os) pagar\u00e1n $100.<\/p>\n<p>Previo al encuentro de Primera Nacional, habr\u00e1 un encuentro preliminar en el Hilario S\u00e1nchez entre San Mart\u00edn y San Martin A, los planteles femeninos de club.Esto ser\u00e1 hist\u00f3rico porque ser\u00e1 la primera vez que el f\u00fatbol femenino oficiar\u00e1 como previa al equipo titular masculino.<\/p>\n","protected":false},"excerpt":{"rendered":"<p>San Mart\u00edn de San Juan y Estudiantes de Buenos Aires se miden este s\u00e1bado por la segunda fecha de la Primera Nacional, desde las 17 en el Estadio Hilario S\u00e1nchez, en Concepci\u00f3n. El equipo del \u201cYagui\u201d buscar\u00e1 sumar su primera victoria tras el empate 1-1 ante Belgrano en el arranque de la Primera Nacional. Estudiantes, [&hellip;]<\/p>\n","protected":false},"author":5,"featured_media":6596,"comment_status":"open","ping_status":"open","sticky":false,"template":"","format":"standard","meta":{"footnotes":""},"categories":[2,24,720,178],"tags":[742,691,741],"class_list":["post-6703","post","type-post","status-publish","format-standard","has-post-thumbnail","hentry","category-featured","category-futbol","category-primera-nacional","category-san-juan","tag-estudiantes-de-ba","tag-primera-nacional","tag-san-martin-de-san-juan"],"yoast_head":"<!-- This site is optimized with the Yoast SEO plugin v28.2 - https:\/\/yoast.com\/product\/yoast-seo-wordpress\/ -->\n<title>El verdinegro hace el debut de local ante Estudiantes (BA) - San Juan Deportes<\/title>\n<meta name=\"robots\" content=\"index, follow, max-snippet:-1, max-image-preview:large, max-video-preview:-1\" \/>\n<link rel=\"canonical\" href=\"http:\/\/www.sanjuandeportes.com\/wp\/2019\/08\/24\/el-verdinegro-hace-el-debut-de-local-ante-estudiantes-ba\/\" \/>\n<meta property=\"og:locale\" content=\"es_ES\" \/>\n<meta property=\"og:type\" content=\"article\" \/>\n<meta property=\"og:title\" content=\"El verdinegro hace el debut de local ante Estudiantes (BA) - San Juan Deportes\" \/>\n<meta property=\"og:description\" content=\"San Mart\u00edn de San Juan y Estudiantes de Buenos Aires se miden este s\u00e1bado por la segunda fecha de la Primera Nacional, desde las 17 en el Estadio Hilario S\u00e1nchez, en Concepci\u00f3n. El equipo del \u201cYagui\u201d buscar\u00e1 sumar su primera victoria tras el empate 1-1 ante Belgrano en el arranque de la Primera Nacional. Estudiantes, [&hellip;]\" \/>\n<meta property=\"og:url\" content=\"http:\/\/www.sanjuandeportes.com\/wp\/2019\/08\/24\/el-verdinegro-hace-el-debut-de-local-ante-estudiantes-ba\/\" \/>\n<meta property=\"og:site_name\" content=\"San Juan Deportes\" \/>\n<meta property=\"article:publisher\" content=\"https:\/\/www.facebook.com\/sanjuandeportesok\" \/>\n<meta property=\"article:published_time\" content=\"2019-08-24T00:12:03+00:00\" \/>\n<meta property=\"og:image\" content=\"http:\/\/www.sanjuandeportes.com\/wp\/wp-content\/uploads\/2019\/08\/web-belgrano-3_1566081315.jpg\" \/>\n\t<meta property=\"og:image:width\" content=\"1020\" \/>\n\t<meta property=\"og:image:height\" content=\"560\" \/>\n\t<meta property=\"og:image:type\" content=\"image\/jpeg\" \/>\n<meta name=\"author\" content=\"Pablo Pujado\" \/>\n<meta name=\"twitter:card\" content=\"summary_large_image\" \/>\n<meta name=\"twitter:creator\" content=\"@SanJuanDeportes\" \/>\n<meta name=\"twitter:site\" content=\"@SanJuanDeportes\" \/>\n<meta name=\"twitter:label1\" content=\"Escrito por\" \/>\n\t<meta name=\"twitter:data1\" content=\"Pablo Pujado\" \/>\n\t<meta name=\"twitter:label2\" content=\"Tiempo de lectura\" \/>\n\t<meta name=\"twitter:data2\" content=\"1 minuto\" \/>\n<script type=\"application\/ld+json\" class=\"yoast-schema-graph\">{\"@context\":\"https:\\\/\\\/schema.org\",\"@graph\":[{\"@type\":\"Article\",\"@id\":\"http:\\\/\\\/www.sanjuandeportes.com\\\/wp\\\/2019\\\/08\\\/24\\\/el-verdinegro-hace-el-debut-de-local-ante-estudiantes-ba\\\/#article\",\"isPartOf\":{\"@id\":\"http:\\\/\\\/www.sanjuandeportes.com\\\/wp\\\/2019\\\/08\\\/24\\\/el-verdinegro-hace-el-debut-de-local-ante-estudiantes-ba\\\/\"},\"author\":{\"name\":\"Pablo Pujado\",\"@id\":\"http:\\\/\\\/www.sanjuandeportes.com\\\/wp\\\/#\\\/schema\\\/person\\\/eda4d8e62a5d42b111781e3cdfcb9c3a\"},\"headline\":\"El verdinegro hace el debut de local ante Estudiantes (BA)\",\"datePublished\":\"2019-08-24T00:12:03+00:00\",\"mainEntityOfPage\":{\"@id\":\"http:\\\/\\\/www.sanjuandeportes.com\\\/wp\\\/2019\\\/08\\\/24\\\/el-verdinegro-hace-el-debut-de-local-ante-estudiantes-ba\\\/\"},\"wordCount\":167,\"commentCount\":0,\"publisher\":{\"@id\":\"http:\\\/\\\/www.sanjuandeportes.com\\\/wp\\\/#organization\"},\"image\":{\"@id\":\"http:\\\/\\\/www.sanjuandeportes.com\\\/wp\\\/2019\\\/08\\\/24\\\/el-verdinegro-hace-el-debut-de-local-ante-estudiantes-ba\\\/#primaryimage\"},\"thumbnailUrl\":\"http:\\\/\\\/www.sanjuandeportes.com\\\/wp\\\/wp-content\\\/uploads\\\/2019\\\/08\\\/web-belgrano-3_1566081315.jpg\",\"keywords\":[\"Estudiantes de BA\",\"Primera Nacional\",\"San Mart\u00edn de San Juan\"],\"articleSection\":[\"Featured\",\"Futbol\",\"Primera Nacional\",\"San Juan\"],\"inLanguage\":\"es\",\"potentialAction\":[{\"@type\":\"CommentAction\",\"name\":\"Comment\",\"target\":[\"http:\\\/\\\/www.sanjuandeportes.com\\\/wp\\\/2019\\\/08\\\/24\\\/el-verdinegro-hace-el-debut-de-local-ante-estudiantes-ba\\\/#respond\"]}]},{\"@type\":\"WebPage\",\"@id\":\"http:\\\/\\\/www.sanjuandeportes.com\\\/wp\\\/2019\\\/08\\\/24\\\/el-verdinegro-hace-el-debut-de-local-ante-estudiantes-ba\\\/\",\"url\":\"http:\\\/\\\/www.sanjuandeportes.com\\\/wp\\\/2019\\\/08\\\/24\\\/el-verdinegro-hace-el-debut-de-local-ante-estudiantes-ba\\\/\",\"name\":\"El verdinegro hace el debut de local ante Estudiantes (BA) - San Juan Deportes\",\"isPartOf\":{\"@id\":\"http:\\\/\\\/www.sanjuandeportes.com\\\/wp\\\/#website\"},\"primaryImageOfPage\":{\"@id\":\"http:\\\/\\\/www.sanjuandeportes.com\\\/wp\\\/2019\\\/08\\\/24\\\/el-verdinegro-hace-el-debut-de-local-ante-estudiantes-ba\\\/#primaryimage\"},\"image\":{\"@id\":\"http:\\\/\\\/www.sanjuandeportes.com\\\/wp\\\/2019\\\/08\\\/24\\\/el-verdinegro-hace-el-debut-de-local-ante-estudiantes-ba\\\/#primaryimage\"},\"thumbnailUrl\":\"http:\\\/\\\/www.sanjuandeportes.com\\\/wp\\\/wp-content\\\/uploads\\\/2019\\\/08\\\/web-belgrano-3_1566081315.jpg\",\"datePublished\":\"2019-08-24T00:12:03+00:00\",\"breadcrumb\":{\"@id\":\"http:\\\/\\\/www.sanjuandeportes.com\\\/wp\\\/2019\\\/08\\\/24\\\/el-verdinegro-hace-el-debut-de-local-ante-estudiantes-ba\\\/#breadcrumb\"},\"inLanguage\":\"es\",\"potentialAction\":[{\"@type\":\"ReadAction\",\"target\":[\"http:\\\/\\\/www.sanjuandeportes.com\\\/wp\\\/2019\\\/08\\\/24\\\/el-verdinegro-hace-el-debut-de-local-ante-estudiantes-ba\\\/\"]}]},{\"@type\":\"ImageObject\",\"inLanguage\":\"es\",\"@id\":\"http:\\\/\\\/www.sanjuandeportes.com\\\/wp\\\/2019\\\/08\\\/24\\\/el-verdinegro-hace-el-debut-de-local-ante-estudiantes-ba\\\/#primaryimage\",\"url\":\"http:\\\/\\\/www.sanjuandeportes.com\\\/wp\\\/wp-content\\\/uploads\\\/2019\\\/08\\\/web-belgrano-3_1566081315.jpg\",\"contentUrl\":\"http:\\\/\\\/www.sanjuandeportes.com\\\/wp\\\/wp-content\\\/uploads\\\/2019\\\/08\\\/web-belgrano-3_1566081315.jpg\",\"width\":1020,\"height\":560},{\"@type\":\"BreadcrumbList\",\"@id\":\"http:\\\/\\\/www.sanjuandeportes.com\\\/wp\\\/2019\\\/08\\\/24\\\/el-verdinegro-hace-el-debut-de-local-ante-estudiantes-ba\\\/#breadcrumb\",\"itemListElement\":[{\"@type\":\"ListItem\",\"position\":1,\"name\":\"Portada\",\"item\":\"http:\\\/\\\/www.sanjuandeportes.com\\\/wp\\\/\"},{\"@type\":\"ListItem\",\"position\":2,\"name\":\"El verdinegro hace el debut de local ante Estudiantes (BA)\"}]},{\"@type\":\"WebSite\",\"@id\":\"http:\\\/\\\/www.sanjuandeportes.com\\\/wp\\\/#website\",\"url\":\"http:\\\/\\\/www.sanjuandeportes.com\\\/wp\\\/\",\"name\":\"San Juan Deportes\",\"description\":\"El sitio de deportes de la provincia de San Juan\",\"publisher\":{\"@id\":\"http:\\\/\\\/www.sanjuandeportes.com\\\/wp\\\/#organization\"},\"potentialAction\":[{\"@type\":\"SearchAction\",\"target\":{\"@type\":\"EntryPoint\",\"urlTemplate\":\"http:\\\/\\\/www.sanjuandeportes.com\\\/wp\\\/?s={search_term_string}\"},\"query-input\":{\"@type\":\"PropertyValueSpecification\",\"valueRequired\":true,\"valueName\":\"search_term_string\"}}],\"inLanguage\":\"es\"},{\"@type\":\"Organization\",\"@id\":\"http:\\\/\\\/www.sanjuandeportes.com\\\/wp\\\/#organization\",\"name\":\"San Juan Deportes\",\"url\":\"http:\\\/\\\/www.sanjuandeportes.com\\\/wp\\\/\",\"logo\":{\"@type\":\"ImageObject\",\"inLanguage\":\"es\",\"@id\":\"http:\\\/\\\/www.sanjuandeportes.com\\\/wp\\\/#\\\/schema\\\/logo\\\/image\\\/\",\"url\":\"https:\\\/\\\/www.sanjuandeportes.com\\\/wp\\\/wp-content\\\/uploads\\\/unnamed.jpg\",\"contentUrl\":\"https:\\\/\\\/www.sanjuandeportes.com\\\/wp\\\/wp-content\\\/uploads\\\/unnamed.jpg\",\"width\":900,\"height\":900,\"caption\":\"San Juan Deportes\"},\"image\":{\"@id\":\"http:\\\/\\\/www.sanjuandeportes.com\\\/wp\\\/#\\\/schema\\\/logo\\\/image\\\/\"},\"sameAs\":[\"https:\\\/\\\/www.facebook.com\\\/sanjuandeportesok\",\"https:\\\/\\\/x.com\\\/SanJuanDeportes\",\"https:\\\/\\\/www.instagram.com\\\/sanjuandeportes\"]},{\"@type\":\"Person\",\"@id\":\"http:\\\/\\\/www.sanjuandeportes.com\\\/wp\\\/#\\\/schema\\\/person\\\/eda4d8e62a5d42b111781e3cdfcb9c3a\",\"name\":\"Pablo Pujado\",\"image\":{\"@type\":\"ImageObject\",\"inLanguage\":\"es\",\"@id\":\"https:\\\/\\\/secure.gravatar.com\\\/avatar\\\/310b69d28112912c333408a462a9837208de951b1e7c11514781740412f648b1?s=96&d=mm&r=g\",\"url\":\"https:\\\/\\\/secure.gravatar.com\\\/avatar\\\/310b69d28112912c333408a462a9837208de951b1e7c11514781740412f648b1?s=96&d=mm&r=g\",\"contentUrl\":\"https:\\\/\\\/secure.gravatar.com\\\/avatar\\\/310b69d28112912c333408a462a9837208de951b1e7c11514781740412f648b1?s=96&d=mm&r=g\",\"caption\":\"Pablo Pujado\"},\"url\":\"http:\\\/\\\/www.sanjuandeportes.com\\\/wp\\\/author\\\/pablo-pujado\\\/\"}]}<\/script>\n<!-- \/ Yoast SEO plugin. -->","yoast_head_json":{"title":"El verdinegro hace el debut de local ante Estudiantes (BA) - San Juan Deportes","robots":{"index":"index","follow":"follow","max-snippet":"max-snippet:-1","max-image-preview":"max-image-preview:large","max-video-preview":"max-video-preview:-1"},"canonical":"http:\/\/www.sanjuandeportes.com\/wp\/2019\/08\/24\/el-verdinegro-hace-el-debut-de-local-ante-estudiantes-ba\/","og_locale":"es_ES","og_type":"article","og_title":"El verdinegro hace el debut de local ante Estudiantes (BA) - San Juan Deportes","og_description":"San Mart\u00edn de San Juan y Estudiantes de Buenos Aires se miden este s\u00e1bado por la segunda fecha de la Primera Nacional, desde las 17 en el Estadio Hilario S\u00e1nchez, en Concepci\u00f3n. El equipo del \u201cYagui\u201d buscar\u00e1 sumar su primera victoria tras el empate 1-1 ante Belgrano en el arranque de la Primera Nacional. Estudiantes, [&hellip;]","og_url":"http:\/\/www.sanjuandeportes.com\/wp\/2019\/08\/24\/el-verdinegro-hace-el-debut-de-local-ante-estudiantes-ba\/","og_site_name":"San Juan Deportes","article_publisher":"https:\/\/www.facebook.com\/sanjuandeportesok","article_published_time":"2019-08-24T00:12:03+00:00","og_image":[{"width":1020,"height":560,"url":"http:\/\/www.sanjuandeportes.com\/wp\/wp-content\/uploads\/2019\/08\/web-belgrano-3_1566081315.jpg","type":"image\/jpeg"}],"author":"Pablo Pujado","twitter_card":"summary_large_image","twitter_creator":"@SanJuanDeportes","twitter_site":"@SanJuanDeportes","twitter_misc":{"Escrito por":"Pablo Pujado","Tiempo de lectura":"1 minuto"},"schema":{"@context":"https:\/\/schema.org","@graph":[{"@type":"Article","@id":"http:\/\/www.sanjuandeportes.com\/wp\/2019\/08\/24\/el-verdinegro-hace-el-debut-de-local-ante-estudiantes-ba\/#article","isPartOf":{"@id":"http:\/\/www.sanjuandeportes.com\/wp\/2019\/08\/24\/el-verdinegro-hace-el-debut-de-local-ante-estudiantes-ba\/"},"author":{"name":"Pablo Pujado","@id":"http:\/\/www.sanjuandeportes.com\/wp\/#\/schema\/person\/eda4d8e62a5d42b111781e3cdfcb9c3a"},"headline":"El verdinegro hace el debut de local ante Estudiantes (BA)","datePublished":"2019-08-24T00:12:03+00:00","mainEntityOfPage":{"@id":"http:\/\/www.sanjuandeportes.com\/wp\/2019\/08\/24\/el-verdinegro-hace-el-debut-de-local-ante-estudiantes-ba\/"},"wordCount":167,"commentCount":0,"publisher":{"@id":"http:\/\/www.sanjuandeportes.com\/wp\/#organization"},"image":{"@id":"http:\/\/www.sanjuandeportes.com\/wp\/2019\/08\/24\/el-verdinegro-hace-el-debut-de-local-ante-estudiantes-ba\/#primaryimage"},"thumbnailUrl":"http:\/\/www.sanjuandeportes.com\/wp\/wp-content\/uploads\/2019\/08\/web-belgrano-3_1566081315.jpg","keywords":["Estudiantes de BA","Primera Nacional","San Mart\u00edn de San Juan"],"articleSection":["Featured","Futbol","Primera Nacional","San Juan"],"inLanguage":"es","potentialAction":[{"@type":"CommentAction","name":"Comment","target":["http:\/\/www.sanjuandeportes.com\/wp\/2019\/08\/24\/el-verdinegro-hace-el-debut-de-local-ante-estudiantes-ba\/#respond"]}]},{"@type":"WebPage","@id":"http:\/\/www.sanjuandeportes.com\/wp\/2019\/08\/24\/el-verdinegro-hace-el-debut-de-local-ante-estudiantes-ba\/","url":"http:\/\/www.sanjuandeportes.com\/wp\/2019\/08\/24\/el-verdinegro-hace-el-debut-de-local-ante-estudiantes-ba\/","name":"El verdinegro hace el debut de local ante Estudiantes (BA) - San Juan Deportes","isPartOf":{"@id":"http:\/\/www.sanjuandeportes.com\/wp\/#website"},"primaryImageOfPage":{"@id":"http:\/\/www.sanjuandeportes.com\/wp\/2019\/08\/24\/el-verdinegro-hace-el-debut-de-local-ante-estudiantes-ba\/#primaryimage"},"image":{"@id":"http:\/\/www.sanjuandeportes.com\/wp\/2019\/08\/24\/el-verdinegro-hace-el-debut-de-local-ante-estudiantes-ba\/#primaryimage"},"thumbnailUrl":"http:\/\/www.sanjuandeportes.com\/wp\/wp-content\/uploads\/2019\/08\/web-belgrano-3_1566081315.jpg","datePublished":"2019-08-24T00:12:03+00:00","breadcrumb":{"@id":"http:\/\/www.sanjuandeportes.com\/wp\/2019\/08\/24\/el-verdinegro-hace-el-debut-de-local-ante-estudiantes-ba\/#breadcrumb"},"inLanguage":"es","potentialAction":[{"@type":"ReadAction","target":["http:\/\/www.sanjuandeportes.com\/wp\/2019\/08\/24\/el-verdinegro-hace-el-debut-de-local-ante-estudiantes-ba\/"]}]},{"@type":"ImageObject","inLanguage":"es","@id":"http:\/\/www.sanjuandeportes.com\/wp\/2019\/08\/24\/el-verdinegro-hace-el-debut-de-local-ante-estudiantes-ba\/#primaryimage","url":"http:\/\/www.sanjuandeportes.com\/wp\/wp-content\/uploads\/2019\/08\/web-belgrano-3_1566081315.jpg","contentUrl":"http:\/\/www.sanjuandeportes.com\/wp\/wp-content\/uploads\/2019\/08\/web-belgrano-3_1566081315.jpg","width":1020,"height":560},{"@type":"BreadcrumbList","@id":"http:\/\/www.sanjuandeportes.com\/wp\/2019\/08\/24\/el-verdinegro-hace-el-debut-de-local-ante-estudiantes-ba\/#breadcrumb","itemListElement":[{"@type":"ListItem","position":1,"name":"Portada","item":"http:\/\/www.sanjuandeportes.com\/wp\/"},{"@type":"ListItem","position":2,"name":"El verdinegro hace el debut de local ante Estudiantes (BA)"}]},{"@type":"WebSite","@id":"http:\/\/www.sanjuandeportes.com\/wp\/#website","url":"http:\/\/www.sanjuandeportes.com\/wp\/","name":"San Juan Deportes","description":"El sitio de deportes de la provincia de San Juan","publisher":{"@id":"http:\/\/www.sanjuandeportes.com\/wp\/#organization"},"potentialAction":[{"@type":"SearchAction","target":{"@type":"EntryPoint","urlTemplate":"http:\/\/www.sanjuandeportes.com\/wp\/?s={search_term_string}"},"query-input":{"@type":"PropertyValueSpecification","valueRequired":true,"valueName":"search_term_string"}}],"inLanguage":"es"},{"@type":"Organization","@id":"http:\/\/www.sanjuandeportes.com\/wp\/#organization","name":"San Juan Deportes","url":"http:\/\/www.sanjuandeportes.com\/wp\/","logo":{"@type":"ImageObject","inLanguage":"es","@id":"http:\/\/www.sanjuandeportes.com\/wp\/#\/schema\/logo\/image\/","url":"https:\/\/www.sanjuandeportes.com\/wp\/wp-content\/uploads\/unnamed.jpg","contentUrl":"https:\/\/www.sanjuandeportes.com\/wp\/wp-content\/uploads\/unnamed.jpg","width":900,"height":900,"caption":"San Juan Deportes"},"image":{"@id":"http:\/\/www.sanjuandeportes.com\/wp\/#\/schema\/logo\/image\/"},"sameAs":["https:\/\/www.facebook.com\/sanjuandeportesok","https:\/\/x.com\/SanJuanDeportes","https:\/\/www.instagram.com\/sanjuandeportes"]},{"@type":"Person","@id":"http:\/\/www.sanjuandeportes.com\/wp\/#\/schema\/person\/eda4d8e62a5d42b111781e3cdfcb9c3a","name":"Pablo Pujado","image":{"@type":"ImageObject","inLanguage":"es","@id":"https:\/\/secure.gravatar.com\/avatar\/310b69d28112912c333408a462a9837208de951b1e7c11514781740412f648b1?s=96&d=mm&r=g","url":"https:\/\/secure.gravatar.com\/avatar\/310b69d28112912c333408a462a9837208de951b1e7c11514781740412f648b1?s=96&d=mm&r=g","contentUrl":"https:\/\/secure.gravatar.com\/avatar\/310b69d28112912c333408a462a9837208de951b1e7c11514781740412f648b1?s=96&d=mm&r=g","caption":"Pablo Pujado"},"url":"http:\/\/www.sanjuandeportes.com\/wp\/author\/pablo-pujado\/"}]}},"_links":{"self":[{"href":"http:\/\/www.sanjuandeportes.com\/wp\/wp-json\/wp\/v2\/posts\/6703","targetHints":{"allow":["GET"]}}],"collection":[{"href":"http:\/\/www.sanjuandeportes.com\/wp\/wp-json\/wp\/v2\/posts"}],"about":[{"href":"http:\/\/www.sanjuandeportes.com\/wp\/wp-json\/wp\/v2\/types\/post"}],"author":[{"embeddable":true,"href":"http:\/\/www.sanjuandeportes.com\/wp\/wp-json\/wp\/v2\/users\/5"}],"replies":[{"embeddable":true,"href":"http:\/\/www.sanjuandeportes.com\/wp\/wp-json\/wp\/v2\/comments?post=6703"}],"version-history":[{"count":1,"href":"http:\/\/www.sanjuandeportes.com\/wp\/wp-json\/wp\/v2\/posts\/6703\/revisions"}],"predecessor-version":[{"id":6704,"href":"http:\/\/www.sanjuandeportes.com\/wp\/wp-json\/wp\/v2\/posts\/6703\/revisions\/6704"}],"wp:featuredmedia":[{"embeddable":true,"href":"http:\/\/www.sanjuandeportes.com\/wp\/wp-json\/wp\/v2\/media\/6596"}],"wp:attachment":[{"href":"http:\/\/www.sanjuandeportes.com\/wp\/wp-json\/wp\/v2\/media?parent=6703"}],"wp:term":[{"taxonomy":"category","embeddable":true,"href":"http:\/\/www.sanjuandeportes.com\/wp\/wp-json\/wp\/v2\/categories?post=6703"},{"taxonomy":"post_tag","embeddable":true,"href":"http:\/\/www.sanjuandeportes.com\/wp\/wp-json\/wp\/v2\/tags?post=6703"}],"curies":[{"name":"wp","href":"https:\/\/api.w.org\/{rel}","templated":true}]}}