{"id":6748,"date":"2019-08-26T15:07:47","date_gmt":"2019-08-26T15:07:47","guid":{"rendered":"http:\/\/www.sanjuandeportes.com\/wp\/?p=6748"},"modified":"2019-08-26T15:07:47","modified_gmt":"2019-08-26T15:07:47","slug":"gran-preocupacion-facundo-campazzo-se-lesiono-en-la-previa-del-mundial","status":"publish","type":"post","link":"http:\/\/www.sanjuandeportes.com\/wp\/2019\/08\/26\/gran-preocupacion-facundo-campazzo-se-lesiono-en-la-previa-del-mundial\/","title":{"rendered":"Gran preocupaci\u00f3n: Facundo Campazzo se lesion\u00f3 en la previa del Mundial"},"content":{"rendered":"<p><strong>A cinco d\u00edas del inicio del Mundial de China se encendieron las alarmas en la selecci\u00f3n argentina de b\u00e1squet.<\/strong>\u00a0En el partido amistoso disputado este lunes ante Rusia se lesion\u00f3 Facundo Campazzo.<\/p>\n<p>A los cinco minutos del tercer cuarto,\u00a0<strong>el cordob\u00e9s sufri\u00f3 un esguince en el tobillo derecho que pone interrogantes<\/strong>\u00a0a su plenitud f\u00edsica para afrontar el certamen que comenzar\u00e1 el 31 de agosto.<\/p>\n<p>La Confederaci\u00f3n Argentina dio a conocer el diagn\u00f3stico de la lesi\u00f3n e inform\u00f3 que\u00a0<strong>en las pr\u00f3ximas horas se analizar\u00e1 en detalle su evoluci\u00f3n<\/strong>. \u201cAhora hay que esperar a ver qu\u00e9 dicen los m\u00e9dicos. Lo vamos a esperar hasta que pueda volver a la cancha\u201d, indic\u00f3 el DT\u00a0<strong>Sergio Hern\u00e1ndez a TyC Sports.<\/strong><\/p>\n<p>Argentina le gan\u00f3 a Rusia por 85-64 y el martes a las 8.30 se medir\u00e1 con Espa\u00f1a, en otro partido preparatorio.\u00a0<strong>El debut en la\u00a0Copa del Mundo ser\u00e1 el s\u00e1bado 31 de agosto, a las 9.30, frente a Corea del Sur.<\/strong><\/p>\n","protected":false},"excerpt":{"rendered":"<p>A cinco d\u00edas del inicio del Mundial de China se encendieron las alarmas en la selecci\u00f3n argentina de b\u00e1squet.\u00a0En el partido amistoso disputado este lunes ante Rusia se lesion\u00f3 Facundo Campazzo. A los cinco minutos del tercer cuarto,\u00a0el cordob\u00e9s sufri\u00f3 un esguince en el tobillo derecho que pone interrogantes\u00a0a su plenitud f\u00edsica para afrontar el [&hellip;]<\/p>\n","protected":false},"author":5,"featured_media":6749,"comment_status":"open","ping_status":"open","sticky":false,"template":"","format":"standard","meta":{"footnotes":""},"categories":[45,2],"tags":[148,164,750],"class_list":["post-6748","post","type-post","status-publish","format-standard","has-post-thumbnail","hentry","category-basquet","category-featured","tag-argentina","tag-basquet","tag-campazzo"],"yoast_head":"<!-- This site is optimized with the Yoast SEO plugin v28.2 - https:\/\/yoast.com\/product\/yoast-seo-wordpress\/ -->\n<title>Gran preocupaci\u00f3n: Facundo Campazzo se lesion\u00f3 en la previa del Mundial - San Juan Deportes<\/title>\n<meta name=\"robots\" content=\"index, follow, max-snippet:-1, max-image-preview:large, max-video-preview:-1\" \/>\n<link rel=\"canonical\" href=\"https:\/\/www.sanjuandeportes.com\/wp\/2019\/08\/26\/gran-preocupacion-facundo-campazzo-se-lesiono-en-la-previa-del-mundial\/\" \/>\n<meta property=\"og:locale\" content=\"es_ES\" \/>\n<meta property=\"og:type\" content=\"article\" \/>\n<meta property=\"og:title\" content=\"Gran preocupaci\u00f3n: Facundo Campazzo se lesion\u00f3 en la previa del Mundial - San Juan Deportes\" \/>\n<meta property=\"og:description\" content=\"A cinco d\u00edas del inicio del Mundial de China se encendieron las alarmas en la selecci\u00f3n argentina de b\u00e1squet.\u00a0En el partido amistoso disputado este lunes ante Rusia se lesion\u00f3 Facundo Campazzo. A los cinco minutos del tercer cuarto,\u00a0el cordob\u00e9s sufri\u00f3 un esguince en el tobillo derecho que pone interrogantes\u00a0a su plenitud f\u00edsica para afrontar el [&hellip;]\" \/>\n<meta property=\"og:url\" content=\"https:\/\/www.sanjuandeportes.com\/wp\/2019\/08\/26\/gran-preocupacion-facundo-campazzo-se-lesiono-en-la-previa-del-mundial\/\" \/>\n<meta property=\"og:site_name\" content=\"San Juan Deportes\" \/>\n<meta property=\"article:publisher\" content=\"https:\/\/www.facebook.com\/sanjuandeportesok\" \/>\n<meta property=\"article:published_time\" content=\"2019-08-26T15:07:47+00:00\" \/>\n<meta property=\"og:image\" content=\"https:\/\/www.sanjuandeportes.com\/wp\/wp-content\/uploads\/2019\/08\/EC55dTKWsAAWO0K.jpg\" \/>\n\t<meta property=\"og:image:width\" content=\"680\" \/>\n\t<meta property=\"og:image:height\" content=\"404\" \/>\n\t<meta property=\"og:image:type\" content=\"image\/jpeg\" \/>\n<meta name=\"author\" content=\"Pablo Pujado\" \/>\n<meta name=\"twitter:card\" content=\"summary_large_image\" \/>\n<meta name=\"twitter:creator\" content=\"@SanJuanDeportes\" \/>\n<meta name=\"twitter:site\" content=\"@SanJuanDeportes\" \/>\n<meta name=\"twitter:label1\" content=\"Escrito por\" \/>\n\t<meta name=\"twitter:data1\" content=\"Pablo Pujado\" \/>\n\t<meta name=\"twitter:label2\" content=\"Tiempo de lectura\" \/>\n\t<meta name=\"twitter:data2\" content=\"1 minuto\" \/>\n<script type=\"application\/ld+json\" class=\"yoast-schema-graph\">{\"@context\":\"https:\\\/\\\/schema.org\",\"@graph\":[{\"@type\":\"Article\",\"@id\":\"https:\\\/\\\/www.sanjuandeportes.com\\\/wp\\\/2019\\\/08\\\/26\\\/gran-preocupacion-facundo-campazzo-se-lesiono-en-la-previa-del-mundial\\\/#article\",\"isPartOf\":{\"@id\":\"https:\\\/\\\/www.sanjuandeportes.com\\\/wp\\\/2019\\\/08\\\/26\\\/gran-preocupacion-facundo-campazzo-se-lesiono-en-la-previa-del-mundial\\\/\"},\"author\":{\"name\":\"Pablo Pujado\",\"@id\":\"http:\\\/\\\/www.sanjuandeportes.com\\\/wp\\\/#\\\/schema\\\/person\\\/eda4d8e62a5d42b111781e3cdfcb9c3a\"},\"headline\":\"Gran preocupaci\u00f3n: Facundo Campazzo se lesion\u00f3 en la previa del Mundial\",\"datePublished\":\"2019-08-26T15:07:47+00:00\",\"mainEntityOfPage\":{\"@id\":\"https:\\\/\\\/www.sanjuandeportes.com\\\/wp\\\/2019\\\/08\\\/26\\\/gran-preocupacion-facundo-campazzo-se-lesiono-en-la-previa-del-mundial\\\/\"},\"wordCount\":182,\"commentCount\":0,\"publisher\":{\"@id\":\"http:\\\/\\\/www.sanjuandeportes.com\\\/wp\\\/#organization\"},\"image\":{\"@id\":\"https:\\\/\\\/www.sanjuandeportes.com\\\/wp\\\/2019\\\/08\\\/26\\\/gran-preocupacion-facundo-campazzo-se-lesiono-en-la-previa-del-mundial\\\/#primaryimage\"},\"thumbnailUrl\":\"http:\\\/\\\/www.sanjuandeportes.com\\\/wp\\\/wp-content\\\/uploads\\\/2019\\\/08\\\/EC55dTKWsAAWO0K.jpg\",\"keywords\":[\"Argentina\",\"B\u00e1squet\",\"Campazzo\"],\"articleSection\":[\"Basquet\",\"Featured\"],\"inLanguage\":\"es\",\"potentialAction\":[{\"@type\":\"CommentAction\",\"name\":\"Comment\",\"target\":[\"https:\\\/\\\/www.sanjuandeportes.com\\\/wp\\\/2019\\\/08\\\/26\\\/gran-preocupacion-facundo-campazzo-se-lesiono-en-la-previa-del-mundial\\\/#respond\"]}]},{\"@type\":\"WebPage\",\"@id\":\"https:\\\/\\\/www.sanjuandeportes.com\\\/wp\\\/2019\\\/08\\\/26\\\/gran-preocupacion-facundo-campazzo-se-lesiono-en-la-previa-del-mundial\\\/\",\"url\":\"https:\\\/\\\/www.sanjuandeportes.com\\\/wp\\\/2019\\\/08\\\/26\\\/gran-preocupacion-facundo-campazzo-se-lesiono-en-la-previa-del-mundial\\\/\",\"name\":\"Gran preocupaci\u00f3n: Facundo Campazzo se lesion\u00f3 en la previa del Mundial - San Juan Deportes\",\"isPartOf\":{\"@id\":\"http:\\\/\\\/www.sanjuandeportes.com\\\/wp\\\/#website\"},\"primaryImageOfPage\":{\"@id\":\"https:\\\/\\\/www.sanjuandeportes.com\\\/wp\\\/2019\\\/08\\\/26\\\/gran-preocupacion-facundo-campazzo-se-lesiono-en-la-previa-del-mundial\\\/#primaryimage\"},\"image\":{\"@id\":\"https:\\\/\\\/www.sanjuandeportes.com\\\/wp\\\/2019\\\/08\\\/26\\\/gran-preocupacion-facundo-campazzo-se-lesiono-en-la-previa-del-mundial\\\/#primaryimage\"},\"thumbnailUrl\":\"http:\\\/\\\/www.sanjuandeportes.com\\\/wp\\\/wp-content\\\/uploads\\\/2019\\\/08\\\/EC55dTKWsAAWO0K.jpg\",\"datePublished\":\"2019-08-26T15:07:47+00:00\",\"breadcrumb\":{\"@id\":\"https:\\\/\\\/www.sanjuandeportes.com\\\/wp\\\/2019\\\/08\\\/26\\\/gran-preocupacion-facundo-campazzo-se-lesiono-en-la-previa-del-mundial\\\/#breadcrumb\"},\"inLanguage\":\"es\",\"potentialAction\":[{\"@type\":\"ReadAction\",\"target\":[\"https:\\\/\\\/www.sanjuandeportes.com\\\/wp\\\/2019\\\/08\\\/26\\\/gran-preocupacion-facundo-campazzo-se-lesiono-en-la-previa-del-mundial\\\/\"]}]},{\"@type\":\"ImageObject\",\"inLanguage\":\"es\",\"@id\":\"https:\\\/\\\/www.sanjuandeportes.com\\\/wp\\\/2019\\\/08\\\/26\\\/gran-preocupacion-facundo-campazzo-se-lesiono-en-la-previa-del-mundial\\\/#primaryimage\",\"url\":\"http:\\\/\\\/www.sanjuandeportes.com\\\/wp\\\/wp-content\\\/uploads\\\/2019\\\/08\\\/EC55dTKWsAAWO0K.jpg\",\"contentUrl\":\"http:\\\/\\\/www.sanjuandeportes.com\\\/wp\\\/wp-content\\\/uploads\\\/2019\\\/08\\\/EC55dTKWsAAWO0K.jpg\",\"width\":680,\"height\":404},{\"@type\":\"BreadcrumbList\",\"@id\":\"https:\\\/\\\/www.sanjuandeportes.com\\\/wp\\\/2019\\\/08\\\/26\\\/gran-preocupacion-facundo-campazzo-se-lesiono-en-la-previa-del-mundial\\\/#breadcrumb\",\"itemListElement\":[{\"@type\":\"ListItem\",\"position\":1,\"name\":\"Portada\",\"item\":\"http:\\\/\\\/www.sanjuandeportes.com\\\/wp\\\/\"},{\"@type\":\"ListItem\",\"position\":2,\"name\":\"Gran preocupaci\u00f3n: Facundo Campazzo se lesion\u00f3 en la previa del Mundial\"}]},{\"@type\":\"WebSite\",\"@id\":\"http:\\\/\\\/www.sanjuandeportes.com\\\/wp\\\/#website\",\"url\":\"http:\\\/\\\/www.sanjuandeportes.com\\\/wp\\\/\",\"name\":\"San Juan Deportes\",\"description\":\"El sitio de deportes de la provincia de San Juan\",\"publisher\":{\"@id\":\"http:\\\/\\\/www.sanjuandeportes.com\\\/wp\\\/#organization\"},\"potentialAction\":[{\"@type\":\"SearchAction\",\"target\":{\"@type\":\"EntryPoint\",\"urlTemplate\":\"http:\\\/\\\/www.sanjuandeportes.com\\\/wp\\\/?s={search_term_string}\"},\"query-input\":{\"@type\":\"PropertyValueSpecification\",\"valueRequired\":true,\"valueName\":\"search_term_string\"}}],\"inLanguage\":\"es\"},{\"@type\":\"Organization\",\"@id\":\"http:\\\/\\\/www.sanjuandeportes.com\\\/wp\\\/#organization\",\"name\":\"San Juan Deportes\",\"url\":\"http:\\\/\\\/www.sanjuandeportes.com\\\/wp\\\/\",\"logo\":{\"@type\":\"ImageObject\",\"inLanguage\":\"es\",\"@id\":\"http:\\\/\\\/www.sanjuandeportes.com\\\/wp\\\/#\\\/schema\\\/logo\\\/image\\\/\",\"url\":\"https:\\\/\\\/www.sanjuandeportes.com\\\/wp\\\/wp-content\\\/uploads\\\/unnamed.jpg\",\"contentUrl\":\"https:\\\/\\\/www.sanjuandeportes.com\\\/wp\\\/wp-content\\\/uploads\\\/unnamed.jpg\",\"width\":900,\"height\":900,\"caption\":\"San Juan Deportes\"},\"image\":{\"@id\":\"http:\\\/\\\/www.sanjuandeportes.com\\\/wp\\\/#\\\/schema\\\/logo\\\/image\\\/\"},\"sameAs\":[\"https:\\\/\\\/www.facebook.com\\\/sanjuandeportesok\",\"https:\\\/\\\/x.com\\\/SanJuanDeportes\",\"https:\\\/\\\/www.instagram.com\\\/sanjuandeportes\"]},{\"@type\":\"Person\",\"@id\":\"http:\\\/\\\/www.sanjuandeportes.com\\\/wp\\\/#\\\/schema\\\/person\\\/eda4d8e62a5d42b111781e3cdfcb9c3a\",\"name\":\"Pablo Pujado\",\"image\":{\"@type\":\"ImageObject\",\"inLanguage\":\"es\",\"@id\":\"https:\\\/\\\/secure.gravatar.com\\\/avatar\\\/310b69d28112912c333408a462a9837208de951b1e7c11514781740412f648b1?s=96&d=mm&r=g\",\"url\":\"https:\\\/\\\/secure.gravatar.com\\\/avatar\\\/310b69d28112912c333408a462a9837208de951b1e7c11514781740412f648b1?s=96&d=mm&r=g\",\"contentUrl\":\"https:\\\/\\\/secure.gravatar.com\\\/avatar\\\/310b69d28112912c333408a462a9837208de951b1e7c11514781740412f648b1?s=96&d=mm&r=g\",\"caption\":\"Pablo Pujado\"},\"url\":\"http:\\\/\\\/www.sanjuandeportes.com\\\/wp\\\/author\\\/pablo-pujado\\\/\"}]}<\/script>\n<!-- \/ Yoast SEO plugin. -->","yoast_head_json":{"title":"Gran preocupaci\u00f3n: Facundo Campazzo se lesion\u00f3 en la previa del Mundial - San Juan Deportes","robots":{"index":"index","follow":"follow","max-snippet":"max-snippet:-1","max-image-preview":"max-image-preview:large","max-video-preview":"max-video-preview:-1"},"canonical":"https:\/\/www.sanjuandeportes.com\/wp\/2019\/08\/26\/gran-preocupacion-facundo-campazzo-se-lesiono-en-la-previa-del-mundial\/","og_locale":"es_ES","og_type":"article","og_title":"Gran preocupaci\u00f3n: Facundo Campazzo se lesion\u00f3 en la previa del Mundial - San Juan Deportes","og_description":"A cinco d\u00edas del inicio del Mundial de China se encendieron las alarmas en la selecci\u00f3n argentina de b\u00e1squet.\u00a0En el partido amistoso disputado este lunes ante Rusia se lesion\u00f3 Facundo Campazzo. A los cinco minutos del tercer cuarto,\u00a0el cordob\u00e9s sufri\u00f3 un esguince en el tobillo derecho que pone interrogantes\u00a0a su plenitud f\u00edsica para afrontar el [&hellip;]","og_url":"https:\/\/www.sanjuandeportes.com\/wp\/2019\/08\/26\/gran-preocupacion-facundo-campazzo-se-lesiono-en-la-previa-del-mundial\/","og_site_name":"San Juan Deportes","article_publisher":"https:\/\/www.facebook.com\/sanjuandeportesok","article_published_time":"2019-08-26T15:07:47+00:00","og_image":[{"width":680,"height":404,"url":"https:\/\/www.sanjuandeportes.com\/wp\/wp-content\/uploads\/2019\/08\/EC55dTKWsAAWO0K.jpg","type":"image\/jpeg"}],"author":"Pablo Pujado","twitter_card":"summary_large_image","twitter_creator":"@SanJuanDeportes","twitter_site":"@SanJuanDeportes","twitter_misc":{"Escrito por":"Pablo Pujado","Tiempo de lectura":"1 minuto"},"schema":{"@context":"https:\/\/schema.org","@graph":[{"@type":"Article","@id":"https:\/\/www.sanjuandeportes.com\/wp\/2019\/08\/26\/gran-preocupacion-facundo-campazzo-se-lesiono-en-la-previa-del-mundial\/#article","isPartOf":{"@id":"https:\/\/www.sanjuandeportes.com\/wp\/2019\/08\/26\/gran-preocupacion-facundo-campazzo-se-lesiono-en-la-previa-del-mundial\/"},"author":{"name":"Pablo Pujado","@id":"http:\/\/www.sanjuandeportes.com\/wp\/#\/schema\/person\/eda4d8e62a5d42b111781e3cdfcb9c3a"},"headline":"Gran preocupaci\u00f3n: Facundo Campazzo se lesion\u00f3 en la previa del Mundial","datePublished":"2019-08-26T15:07:47+00:00","mainEntityOfPage":{"@id":"https:\/\/www.sanjuandeportes.com\/wp\/2019\/08\/26\/gran-preocupacion-facundo-campazzo-se-lesiono-en-la-previa-del-mundial\/"},"wordCount":182,"commentCount":0,"publisher":{"@id":"http:\/\/www.sanjuandeportes.com\/wp\/#organization"},"image":{"@id":"https:\/\/www.sanjuandeportes.com\/wp\/2019\/08\/26\/gran-preocupacion-facundo-campazzo-se-lesiono-en-la-previa-del-mundial\/#primaryimage"},"thumbnailUrl":"http:\/\/www.sanjuandeportes.com\/wp\/wp-content\/uploads\/2019\/08\/EC55dTKWsAAWO0K.jpg","keywords":["Argentina","B\u00e1squet","Campazzo"],"articleSection":["Basquet","Featured"],"inLanguage":"es","potentialAction":[{"@type":"CommentAction","name":"Comment","target":["https:\/\/www.sanjuandeportes.com\/wp\/2019\/08\/26\/gran-preocupacion-facundo-campazzo-se-lesiono-en-la-previa-del-mundial\/#respond"]}]},{"@type":"WebPage","@id":"https:\/\/www.sanjuandeportes.com\/wp\/2019\/08\/26\/gran-preocupacion-facundo-campazzo-se-lesiono-en-la-previa-del-mundial\/","url":"https:\/\/www.sanjuandeportes.com\/wp\/2019\/08\/26\/gran-preocupacion-facundo-campazzo-se-lesiono-en-la-previa-del-mundial\/","name":"Gran preocupaci\u00f3n: Facundo Campazzo se lesion\u00f3 en la previa del Mundial - San Juan Deportes","isPartOf":{"@id":"http:\/\/www.sanjuandeportes.com\/wp\/#website"},"primaryImageOfPage":{"@id":"https:\/\/www.sanjuandeportes.com\/wp\/2019\/08\/26\/gran-preocupacion-facundo-campazzo-se-lesiono-en-la-previa-del-mundial\/#primaryimage"},"image":{"@id":"https:\/\/www.sanjuandeportes.com\/wp\/2019\/08\/26\/gran-preocupacion-facundo-campazzo-se-lesiono-en-la-previa-del-mundial\/#primaryimage"},"thumbnailUrl":"http:\/\/www.sanjuandeportes.com\/wp\/wp-content\/uploads\/2019\/08\/EC55dTKWsAAWO0K.jpg","datePublished":"2019-08-26T15:07:47+00:00","breadcrumb":{"@id":"https:\/\/www.sanjuandeportes.com\/wp\/2019\/08\/26\/gran-preocupacion-facundo-campazzo-se-lesiono-en-la-previa-del-mundial\/#breadcrumb"},"inLanguage":"es","potentialAction":[{"@type":"ReadAction","target":["https:\/\/www.sanjuandeportes.com\/wp\/2019\/08\/26\/gran-preocupacion-facundo-campazzo-se-lesiono-en-la-previa-del-mundial\/"]}]},{"@type":"ImageObject","inLanguage":"es","@id":"https:\/\/www.sanjuandeportes.com\/wp\/2019\/08\/26\/gran-preocupacion-facundo-campazzo-se-lesiono-en-la-previa-del-mundial\/#primaryimage","url":"http:\/\/www.sanjuandeportes.com\/wp\/wp-content\/uploads\/2019\/08\/EC55dTKWsAAWO0K.jpg","contentUrl":"http:\/\/www.sanjuandeportes.com\/wp\/wp-content\/uploads\/2019\/08\/EC55dTKWsAAWO0K.jpg","width":680,"height":404},{"@type":"BreadcrumbList","@id":"https:\/\/www.sanjuandeportes.com\/wp\/2019\/08\/26\/gran-preocupacion-facundo-campazzo-se-lesiono-en-la-previa-del-mundial\/#breadcrumb","itemListElement":[{"@type":"ListItem","position":1,"name":"Portada","item":"http:\/\/www.sanjuandeportes.com\/wp\/"},{"@type":"ListItem","position":2,"name":"Gran preocupaci\u00f3n: Facundo Campazzo se lesion\u00f3 en la previa del Mundial"}]},{"@type":"WebSite","@id":"http:\/\/www.sanjuandeportes.com\/wp\/#website","url":"http:\/\/www.sanjuandeportes.com\/wp\/","name":"San Juan Deportes","description":"El sitio de deportes de la provincia de San Juan","publisher":{"@id":"http:\/\/www.sanjuandeportes.com\/wp\/#organization"},"potentialAction":[{"@type":"SearchAction","target":{"@type":"EntryPoint","urlTemplate":"http:\/\/www.sanjuandeportes.com\/wp\/?s={search_term_string}"},"query-input":{"@type":"PropertyValueSpecification","valueRequired":true,"valueName":"search_term_string"}}],"inLanguage":"es"},{"@type":"Organization","@id":"http:\/\/www.sanjuandeportes.com\/wp\/#organization","name":"San Juan Deportes","url":"http:\/\/www.sanjuandeportes.com\/wp\/","logo":{"@type":"ImageObject","inLanguage":"es","@id":"http:\/\/www.sanjuandeportes.com\/wp\/#\/schema\/logo\/image\/","url":"https:\/\/www.sanjuandeportes.com\/wp\/wp-content\/uploads\/unnamed.jpg","contentUrl":"https:\/\/www.sanjuandeportes.com\/wp\/wp-content\/uploads\/unnamed.jpg","width":900,"height":900,"caption":"San Juan Deportes"},"image":{"@id":"http:\/\/www.sanjuandeportes.com\/wp\/#\/schema\/logo\/image\/"},"sameAs":["https:\/\/www.facebook.com\/sanjuandeportesok","https:\/\/x.com\/SanJuanDeportes","https:\/\/www.instagram.com\/sanjuandeportes"]},{"@type":"Person","@id":"http:\/\/www.sanjuandeportes.com\/wp\/#\/schema\/person\/eda4d8e62a5d42b111781e3cdfcb9c3a","name":"Pablo Pujado","image":{"@type":"ImageObject","inLanguage":"es","@id":"https:\/\/secure.gravatar.com\/avatar\/310b69d28112912c333408a462a9837208de951b1e7c11514781740412f648b1?s=96&d=mm&r=g","url":"https:\/\/secure.gravatar.com\/avatar\/310b69d28112912c333408a462a9837208de951b1e7c11514781740412f648b1?s=96&d=mm&r=g","contentUrl":"https:\/\/secure.gravatar.com\/avatar\/310b69d28112912c333408a462a9837208de951b1e7c11514781740412f648b1?s=96&d=mm&r=g","caption":"Pablo Pujado"},"url":"http:\/\/www.sanjuandeportes.com\/wp\/author\/pablo-pujado\/"}]}},"_links":{"self":[{"href":"http:\/\/www.sanjuandeportes.com\/wp\/wp-json\/wp\/v2\/posts\/6748","targetHints":{"allow":["GET"]}}],"collection":[{"href":"http:\/\/www.sanjuandeportes.com\/wp\/wp-json\/wp\/v2\/posts"}],"about":[{"href":"http:\/\/www.sanjuandeportes.com\/wp\/wp-json\/wp\/v2\/types\/post"}],"author":[{"embeddable":true,"href":"http:\/\/www.sanjuandeportes.com\/wp\/wp-json\/wp\/v2\/users\/5"}],"replies":[{"embeddable":true,"href":"http:\/\/www.sanjuandeportes.com\/wp\/wp-json\/wp\/v2\/comments?post=6748"}],"version-history":[{"count":1,"href":"http:\/\/www.sanjuandeportes.com\/wp\/wp-json\/wp\/v2\/posts\/6748\/revisions"}],"predecessor-version":[{"id":6750,"href":"http:\/\/www.sanjuandeportes.com\/wp\/wp-json\/wp\/v2\/posts\/6748\/revisions\/6750"}],"wp:featuredmedia":[{"embeddable":true,"href":"http:\/\/www.sanjuandeportes.com\/wp\/wp-json\/wp\/v2\/media\/6749"}],"wp:attachment":[{"href":"http:\/\/www.sanjuandeportes.com\/wp\/wp-json\/wp\/v2\/media?parent=6748"}],"wp:term":[{"taxonomy":"category","embeddable":true,"href":"http:\/\/www.sanjuandeportes.com\/wp\/wp-json\/wp\/v2\/categories?post=6748"},{"taxonomy":"post_tag","embeddable":true,"href":"http:\/\/www.sanjuandeportes.com\/wp\/wp-json\/wp\/v2\/tags?post=6748"}],"curies":[{"name":"wp","href":"https:\/\/api.w.org\/{rel}","templated":true}]}}