{"id":6835,"date":"2019-08-31T01:32:31","date_gmt":"2019-08-31T01:32:31","guid":{"rendered":"http:\/\/www.sanjuandeportes.com\/wp\/?p=6835"},"modified":"2019-08-31T01:32:47","modified_gmt":"2019-08-31T01:32:47","slug":"estos-son-los-convocados-de-san-martin-para-visitar-mitre-de-santiago-del-estero","status":"publish","type":"post","link":"http:\/\/www.sanjuandeportes.com\/wp\/2019\/08\/31\/estos-son-los-convocados-de-san-martin-para-visitar-mitre-de-santiago-del-estero\/","title":{"rendered":"Estos son los convocados de San Mart\u00edn para visitar a Mitre de Santiago del Estero"},"content":{"rendered":"<p>San Mart\u00edn visita Mitre de Santiago del Estero, por la tercera fecha de la Primera Nacional el pr\u00f3ximo domingo desde las 20.30. Hugo Garelli DT interino eligi\u00f3 19 jugadores para viajar. El plantel estar\u00e1 viajando v\u00eda carretera en la \u00faltima hora del viernes.<\/p>\n<p><img decoding=\"async\" class=\"alignnone size-full wp-image-6836 lazyload\" data-src=\"http:\/\/www.sanjuandeportes.com\/wp\/wp-content\/uploads\/2019\/08\/EDQGMs5XUAAY-J2.jpg\" alt=\"\" width=\"680\" height=\"383\" data-srcset=\"http:\/\/www.sanjuandeportes.com\/wp\/wp-content\/uploads\/2019\/08\/EDQGMs5XUAAY-J2.jpg 680w, http:\/\/www.sanjuandeportes.com\/wp\/wp-content\/uploads\/2019\/08\/EDQGMs5XUAAY-J2-300x169.jpg 300w\" data-sizes=\"(max-width: 680px) 100vw, 680px\" src=\"data:image\/svg+xml;base64,PHN2ZyB3aWR0aD0iMSIgaGVpZ2h0PSIxIiB4bWxucz0iaHR0cDovL3d3dy53My5vcmcvMjAwMC9zdmciPjwvc3ZnPg==\" style=\"--smush-placeholder-width: 680px; --smush-placeholder-aspect-ratio: 680\/383;\" \/><\/p>\n<p>Foto: @CASanMart\u00edn<\/p>\n","protected":false},"excerpt":{"rendered":"<p>San Mart\u00edn visita Mitre de Santiago del Estero, por la tercera fecha de la Primera Nacional el pr\u00f3ximo domingo desde las 20.30. Hugo Garelli DT interino eligi\u00f3 19 jugadores para viajar. El plantel estar\u00e1 viajando v\u00eda carretera en la \u00faltima hora del viernes. Foto: @CASanMart\u00edn<\/p>\n","protected":false},"author":5,"featured_media":6710,"comment_status":"closed","ping_status":"closed","sticky":false,"template":"","format":"standard","meta":{"footnotes":""},"categories":[2,24,720,178],"tags":[758,691,129],"class_list":["post-6835","post","type-post","status-publish","format-standard","has-post-thumbnail","hentry","category-featured","category-futbol","category-primera-nacional","category-san-juan","tag-mitre-sde","tag-primera-nacional","tag-san-martin"],"yoast_head":"<!-- This site is optimized with the Yoast SEO plugin v28.2 - https:\/\/yoast.com\/product\/yoast-seo-wordpress\/ -->\n<title>Estos son los convocados de San Mart\u00edn para visitar a Mitre de Santiago del Estero - San Juan Deportes<\/title>\n<meta name=\"robots\" content=\"index, follow, max-snippet:-1, max-image-preview:large, max-video-preview:-1\" \/>\n<link rel=\"canonical\" href=\"http:\/\/www.sanjuandeportes.com\/wp\/2019\/08\/31\/estos-son-los-convocados-de-san-martin-para-visitar-mitre-de-santiago-del-estero\/\" \/>\n<meta property=\"og:locale\" content=\"es_ES\" \/>\n<meta property=\"og:type\" content=\"article\" \/>\n<meta property=\"og:title\" content=\"Estos son los convocados de San Mart\u00edn para visitar a Mitre de Santiago del Estero - San Juan Deportes\" \/>\n<meta property=\"og:description\" content=\"San Mart\u00edn visita Mitre de Santiago del Estero, por la tercera fecha de la Primera Nacional el pr\u00f3ximo domingo desde las 20.30. Hugo Garelli DT interino eligi\u00f3 19 jugadores para viajar. El plantel estar\u00e1 viajando v\u00eda carretera en la \u00faltima hora del viernes. Foto: @CASanMart\u00edn\" \/>\n<meta property=\"og:url\" content=\"http:\/\/www.sanjuandeportes.com\/wp\/2019\/08\/31\/estos-son-los-convocados-de-san-martin-para-visitar-mitre-de-santiago-del-estero\/\" \/>\n<meta property=\"og:site_name\" content=\"San Juan Deportes\" \/>\n<meta property=\"article:publisher\" content=\"https:\/\/www.facebook.com\/sanjuandeportesok\" \/>\n<meta property=\"article:published_time\" content=\"2019-08-31T01:32:31+00:00\" \/>\n<meta property=\"article:modified_time\" content=\"2019-08-31T01:32:47+00:00\" \/>\n<meta property=\"og:image\" content=\"http:\/\/www.sanjuandeportes.com\/wp\/wp-content\/uploads\/2019\/08\/file_46604_main1_800.jpg\" \/>\n\t<meta property=\"og:image:width\" content=\"800\" \/>\n\t<meta property=\"og:image:height\" content=\"457\" \/>\n\t<meta property=\"og:image:type\" content=\"image\/jpeg\" \/>\n<meta name=\"author\" content=\"Pablo Pujado\" \/>\n<meta name=\"twitter:card\" content=\"summary_large_image\" \/>\n<meta name=\"twitter:creator\" content=\"@SanJuanDeportes\" \/>\n<meta name=\"twitter:site\" content=\"@SanJuanDeportes\" \/>\n<meta name=\"twitter:label1\" content=\"Escrito por\" \/>\n\t<meta name=\"twitter:data1\" content=\"Pablo Pujado\" \/>\n<script type=\"application\/ld+json\" class=\"yoast-schema-graph\">{\"@context\":\"https:\\\/\\\/schema.org\",\"@graph\":[{\"@type\":\"Article\",\"@id\":\"http:\\\/\\\/www.sanjuandeportes.com\\\/wp\\\/2019\\\/08\\\/31\\\/estos-son-los-convocados-de-san-martin-para-visitar-mitre-de-santiago-del-estero\\\/#article\",\"isPartOf\":{\"@id\":\"http:\\\/\\\/www.sanjuandeportes.com\\\/wp\\\/2019\\\/08\\\/31\\\/estos-son-los-convocados-de-san-martin-para-visitar-mitre-de-santiago-del-estero\\\/\"},\"author\":{\"name\":\"Pablo Pujado\",\"@id\":\"http:\\\/\\\/www.sanjuandeportes.com\\\/wp\\\/#\\\/schema\\\/person\\\/eda4d8e62a5d42b111781e3cdfcb9c3a\"},\"headline\":\"Estos son los convocados de San Mart\u00edn para visitar a Mitre de Santiago del Estero\",\"datePublished\":\"2019-08-31T01:32:31+00:00\",\"dateModified\":\"2019-08-31T01:32:47+00:00\",\"mainEntityOfPage\":{\"@id\":\"http:\\\/\\\/www.sanjuandeportes.com\\\/wp\\\/2019\\\/08\\\/31\\\/estos-son-los-convocados-de-san-martin-para-visitar-mitre-de-santiago-del-estero\\\/\"},\"wordCount\":63,\"publisher\":{\"@id\":\"http:\\\/\\\/www.sanjuandeportes.com\\\/wp\\\/#organization\"},\"image\":{\"@id\":\"http:\\\/\\\/www.sanjuandeportes.com\\\/wp\\\/2019\\\/08\\\/31\\\/estos-son-los-convocados-de-san-martin-para-visitar-mitre-de-santiago-del-estero\\\/#primaryimage\"},\"thumbnailUrl\":\"http:\\\/\\\/www.sanjuandeportes.com\\\/wp\\\/wp-content\\\/uploads\\\/2019\\\/08\\\/file_46604_main1_800.jpg\",\"keywords\":[\"Mitre SdE\",\"Primera Nacional\",\"San Martin\"],\"articleSection\":[\"Featured\",\"Futbol\",\"Primera Nacional\",\"San Juan\"],\"inLanguage\":\"es\"},{\"@type\":\"WebPage\",\"@id\":\"http:\\\/\\\/www.sanjuandeportes.com\\\/wp\\\/2019\\\/08\\\/31\\\/estos-son-los-convocados-de-san-martin-para-visitar-mitre-de-santiago-del-estero\\\/\",\"url\":\"http:\\\/\\\/www.sanjuandeportes.com\\\/wp\\\/2019\\\/08\\\/31\\\/estos-son-los-convocados-de-san-martin-para-visitar-mitre-de-santiago-del-estero\\\/\",\"name\":\"Estos son los convocados de San Mart\u00edn para visitar a Mitre de Santiago del Estero - San Juan Deportes\",\"isPartOf\":{\"@id\":\"http:\\\/\\\/www.sanjuandeportes.com\\\/wp\\\/#website\"},\"primaryImageOfPage\":{\"@id\":\"http:\\\/\\\/www.sanjuandeportes.com\\\/wp\\\/2019\\\/08\\\/31\\\/estos-son-los-convocados-de-san-martin-para-visitar-mitre-de-santiago-del-estero\\\/#primaryimage\"},\"image\":{\"@id\":\"http:\\\/\\\/www.sanjuandeportes.com\\\/wp\\\/2019\\\/08\\\/31\\\/estos-son-los-convocados-de-san-martin-para-visitar-mitre-de-santiago-del-estero\\\/#primaryimage\"},\"thumbnailUrl\":\"http:\\\/\\\/www.sanjuandeportes.com\\\/wp\\\/wp-content\\\/uploads\\\/2019\\\/08\\\/file_46604_main1_800.jpg\",\"datePublished\":\"2019-08-31T01:32:31+00:00\",\"dateModified\":\"2019-08-31T01:32:47+00:00\",\"breadcrumb\":{\"@id\":\"http:\\\/\\\/www.sanjuandeportes.com\\\/wp\\\/2019\\\/08\\\/31\\\/estos-son-los-convocados-de-san-martin-para-visitar-mitre-de-santiago-del-estero\\\/#breadcrumb\"},\"inLanguage\":\"es\",\"potentialAction\":[{\"@type\":\"ReadAction\",\"target\":[\"http:\\\/\\\/www.sanjuandeportes.com\\\/wp\\\/2019\\\/08\\\/31\\\/estos-son-los-convocados-de-san-martin-para-visitar-mitre-de-santiago-del-estero\\\/\"]}]},{\"@type\":\"ImageObject\",\"inLanguage\":\"es\",\"@id\":\"http:\\\/\\\/www.sanjuandeportes.com\\\/wp\\\/2019\\\/08\\\/31\\\/estos-son-los-convocados-de-san-martin-para-visitar-mitre-de-santiago-del-estero\\\/#primaryimage\",\"url\":\"http:\\\/\\\/www.sanjuandeportes.com\\\/wp\\\/wp-content\\\/uploads\\\/2019\\\/08\\\/file_46604_main1_800.jpg\",\"contentUrl\":\"http:\\\/\\\/www.sanjuandeportes.com\\\/wp\\\/wp-content\\\/uploads\\\/2019\\\/08\\\/file_46604_main1_800.jpg\",\"width\":800,\"height\":457},{\"@type\":\"BreadcrumbList\",\"@id\":\"http:\\\/\\\/www.sanjuandeportes.com\\\/wp\\\/2019\\\/08\\\/31\\\/estos-son-los-convocados-de-san-martin-para-visitar-mitre-de-santiago-del-estero\\\/#breadcrumb\",\"itemListElement\":[{\"@type\":\"ListItem\",\"position\":1,\"name\":\"Portada\",\"item\":\"http:\\\/\\\/www.sanjuandeportes.com\\\/wp\\\/\"},{\"@type\":\"ListItem\",\"position\":2,\"name\":\"Estos son los convocados de San Mart\u00edn para visitar a Mitre de Santiago del Estero\"}]},{\"@type\":\"WebSite\",\"@id\":\"http:\\\/\\\/www.sanjuandeportes.com\\\/wp\\\/#website\",\"url\":\"http:\\\/\\\/www.sanjuandeportes.com\\\/wp\\\/\",\"name\":\"San Juan Deportes\",\"description\":\"El sitio de deportes de la provincia de San Juan\",\"publisher\":{\"@id\":\"http:\\\/\\\/www.sanjuandeportes.com\\\/wp\\\/#organization\"},\"potentialAction\":[{\"@type\":\"SearchAction\",\"target\":{\"@type\":\"EntryPoint\",\"urlTemplate\":\"http:\\\/\\\/www.sanjuandeportes.com\\\/wp\\\/?s={search_term_string}\"},\"query-input\":{\"@type\":\"PropertyValueSpecification\",\"valueRequired\":true,\"valueName\":\"search_term_string\"}}],\"inLanguage\":\"es\"},{\"@type\":\"Organization\",\"@id\":\"http:\\\/\\\/www.sanjuandeportes.com\\\/wp\\\/#organization\",\"name\":\"San Juan Deportes\",\"url\":\"http:\\\/\\\/www.sanjuandeportes.com\\\/wp\\\/\",\"logo\":{\"@type\":\"ImageObject\",\"inLanguage\":\"es\",\"@id\":\"http:\\\/\\\/www.sanjuandeportes.com\\\/wp\\\/#\\\/schema\\\/logo\\\/image\\\/\",\"url\":\"https:\\\/\\\/www.sanjuandeportes.com\\\/wp\\\/wp-content\\\/uploads\\\/unnamed.jpg\",\"contentUrl\":\"https:\\\/\\\/www.sanjuandeportes.com\\\/wp\\\/wp-content\\\/uploads\\\/unnamed.jpg\",\"width\":900,\"height\":900,\"caption\":\"San Juan Deportes\"},\"image\":{\"@id\":\"http:\\\/\\\/www.sanjuandeportes.com\\\/wp\\\/#\\\/schema\\\/logo\\\/image\\\/\"},\"sameAs\":[\"https:\\\/\\\/www.facebook.com\\\/sanjuandeportesok\",\"https:\\\/\\\/x.com\\\/SanJuanDeportes\",\"https:\\\/\\\/www.instagram.com\\\/sanjuandeportes\"]},{\"@type\":\"Person\",\"@id\":\"http:\\\/\\\/www.sanjuandeportes.com\\\/wp\\\/#\\\/schema\\\/person\\\/eda4d8e62a5d42b111781e3cdfcb9c3a\",\"name\":\"Pablo Pujado\",\"image\":{\"@type\":\"ImageObject\",\"inLanguage\":\"es\",\"@id\":\"https:\\\/\\\/secure.gravatar.com\\\/avatar\\\/310b69d28112912c333408a462a9837208de951b1e7c11514781740412f648b1?s=96&d=mm&r=g\",\"url\":\"https:\\\/\\\/secure.gravatar.com\\\/avatar\\\/310b69d28112912c333408a462a9837208de951b1e7c11514781740412f648b1?s=96&d=mm&r=g\",\"contentUrl\":\"https:\\\/\\\/secure.gravatar.com\\\/avatar\\\/310b69d28112912c333408a462a9837208de951b1e7c11514781740412f648b1?s=96&d=mm&r=g\",\"caption\":\"Pablo Pujado\"},\"url\":\"http:\\\/\\\/www.sanjuandeportes.com\\\/wp\\\/author\\\/pablo-pujado\\\/\"}]}<\/script>\n<!-- \/ Yoast SEO plugin. -->","yoast_head_json":{"title":"Estos son los convocados de San Mart\u00edn para visitar a Mitre de Santiago del Estero - San Juan Deportes","robots":{"index":"index","follow":"follow","max-snippet":"max-snippet:-1","max-image-preview":"max-image-preview:large","max-video-preview":"max-video-preview:-1"},"canonical":"http:\/\/www.sanjuandeportes.com\/wp\/2019\/08\/31\/estos-son-los-convocados-de-san-martin-para-visitar-mitre-de-santiago-del-estero\/","og_locale":"es_ES","og_type":"article","og_title":"Estos son los convocados de San Mart\u00edn para visitar a Mitre de Santiago del Estero - San Juan Deportes","og_description":"San Mart\u00edn visita Mitre de Santiago del Estero, por la tercera fecha de la Primera Nacional el pr\u00f3ximo domingo desde las 20.30. Hugo Garelli DT interino eligi\u00f3 19 jugadores para viajar. El plantel estar\u00e1 viajando v\u00eda carretera en la \u00faltima hora del viernes. Foto: @CASanMart\u00edn","og_url":"http:\/\/www.sanjuandeportes.com\/wp\/2019\/08\/31\/estos-son-los-convocados-de-san-martin-para-visitar-mitre-de-santiago-del-estero\/","og_site_name":"San Juan Deportes","article_publisher":"https:\/\/www.facebook.com\/sanjuandeportesok","article_published_time":"2019-08-31T01:32:31+00:00","article_modified_time":"2019-08-31T01:32:47+00:00","og_image":[{"width":800,"height":457,"url":"http:\/\/www.sanjuandeportes.com\/wp\/wp-content\/uploads\/2019\/08\/file_46604_main1_800.jpg","type":"image\/jpeg"}],"author":"Pablo Pujado","twitter_card":"summary_large_image","twitter_creator":"@SanJuanDeportes","twitter_site":"@SanJuanDeportes","twitter_misc":{"Escrito por":"Pablo Pujado"},"schema":{"@context":"https:\/\/schema.org","@graph":[{"@type":"Article","@id":"http:\/\/www.sanjuandeportes.com\/wp\/2019\/08\/31\/estos-son-los-convocados-de-san-martin-para-visitar-mitre-de-santiago-del-estero\/#article","isPartOf":{"@id":"http:\/\/www.sanjuandeportes.com\/wp\/2019\/08\/31\/estos-son-los-convocados-de-san-martin-para-visitar-mitre-de-santiago-del-estero\/"},"author":{"name":"Pablo Pujado","@id":"http:\/\/www.sanjuandeportes.com\/wp\/#\/schema\/person\/eda4d8e62a5d42b111781e3cdfcb9c3a"},"headline":"Estos son los convocados de San Mart\u00edn para visitar a Mitre de Santiago del Estero","datePublished":"2019-08-31T01:32:31+00:00","dateModified":"2019-08-31T01:32:47+00:00","mainEntityOfPage":{"@id":"http:\/\/www.sanjuandeportes.com\/wp\/2019\/08\/31\/estos-son-los-convocados-de-san-martin-para-visitar-mitre-de-santiago-del-estero\/"},"wordCount":63,"publisher":{"@id":"http:\/\/www.sanjuandeportes.com\/wp\/#organization"},"image":{"@id":"http:\/\/www.sanjuandeportes.com\/wp\/2019\/08\/31\/estos-son-los-convocados-de-san-martin-para-visitar-mitre-de-santiago-del-estero\/#primaryimage"},"thumbnailUrl":"http:\/\/www.sanjuandeportes.com\/wp\/wp-content\/uploads\/2019\/08\/file_46604_main1_800.jpg","keywords":["Mitre SdE","Primera Nacional","San Martin"],"articleSection":["Featured","Futbol","Primera Nacional","San Juan"],"inLanguage":"es"},{"@type":"WebPage","@id":"http:\/\/www.sanjuandeportes.com\/wp\/2019\/08\/31\/estos-son-los-convocados-de-san-martin-para-visitar-mitre-de-santiago-del-estero\/","url":"http:\/\/www.sanjuandeportes.com\/wp\/2019\/08\/31\/estos-son-los-convocados-de-san-martin-para-visitar-mitre-de-santiago-del-estero\/","name":"Estos son los convocados de San Mart\u00edn para visitar a Mitre de Santiago del Estero - San Juan Deportes","isPartOf":{"@id":"http:\/\/www.sanjuandeportes.com\/wp\/#website"},"primaryImageOfPage":{"@id":"http:\/\/www.sanjuandeportes.com\/wp\/2019\/08\/31\/estos-son-los-convocados-de-san-martin-para-visitar-mitre-de-santiago-del-estero\/#primaryimage"},"image":{"@id":"http:\/\/www.sanjuandeportes.com\/wp\/2019\/08\/31\/estos-son-los-convocados-de-san-martin-para-visitar-mitre-de-santiago-del-estero\/#primaryimage"},"thumbnailUrl":"http:\/\/www.sanjuandeportes.com\/wp\/wp-content\/uploads\/2019\/08\/file_46604_main1_800.jpg","datePublished":"2019-08-31T01:32:31+00:00","dateModified":"2019-08-31T01:32:47+00:00","breadcrumb":{"@id":"http:\/\/www.sanjuandeportes.com\/wp\/2019\/08\/31\/estos-son-los-convocados-de-san-martin-para-visitar-mitre-de-santiago-del-estero\/#breadcrumb"},"inLanguage":"es","potentialAction":[{"@type":"ReadAction","target":["http:\/\/www.sanjuandeportes.com\/wp\/2019\/08\/31\/estos-son-los-convocados-de-san-martin-para-visitar-mitre-de-santiago-del-estero\/"]}]},{"@type":"ImageObject","inLanguage":"es","@id":"http:\/\/www.sanjuandeportes.com\/wp\/2019\/08\/31\/estos-son-los-convocados-de-san-martin-para-visitar-mitre-de-santiago-del-estero\/#primaryimage","url":"http:\/\/www.sanjuandeportes.com\/wp\/wp-content\/uploads\/2019\/08\/file_46604_main1_800.jpg","contentUrl":"http:\/\/www.sanjuandeportes.com\/wp\/wp-content\/uploads\/2019\/08\/file_46604_main1_800.jpg","width":800,"height":457},{"@type":"BreadcrumbList","@id":"http:\/\/www.sanjuandeportes.com\/wp\/2019\/08\/31\/estos-son-los-convocados-de-san-martin-para-visitar-mitre-de-santiago-del-estero\/#breadcrumb","itemListElement":[{"@type":"ListItem","position":1,"name":"Portada","item":"http:\/\/www.sanjuandeportes.com\/wp\/"},{"@type":"ListItem","position":2,"name":"Estos son los convocados de San Mart\u00edn para visitar a Mitre de Santiago del Estero"}]},{"@type":"WebSite","@id":"http:\/\/www.sanjuandeportes.com\/wp\/#website","url":"http:\/\/www.sanjuandeportes.com\/wp\/","name":"San Juan Deportes","description":"El sitio de deportes de la provincia de San Juan","publisher":{"@id":"http:\/\/www.sanjuandeportes.com\/wp\/#organization"},"potentialAction":[{"@type":"SearchAction","target":{"@type":"EntryPoint","urlTemplate":"http:\/\/www.sanjuandeportes.com\/wp\/?s={search_term_string}"},"query-input":{"@type":"PropertyValueSpecification","valueRequired":true,"valueName":"search_term_string"}}],"inLanguage":"es"},{"@type":"Organization","@id":"http:\/\/www.sanjuandeportes.com\/wp\/#organization","name":"San Juan Deportes","url":"http:\/\/www.sanjuandeportes.com\/wp\/","logo":{"@type":"ImageObject","inLanguage":"es","@id":"http:\/\/www.sanjuandeportes.com\/wp\/#\/schema\/logo\/image\/","url":"https:\/\/www.sanjuandeportes.com\/wp\/wp-content\/uploads\/unnamed.jpg","contentUrl":"https:\/\/www.sanjuandeportes.com\/wp\/wp-content\/uploads\/unnamed.jpg","width":900,"height":900,"caption":"San Juan Deportes"},"image":{"@id":"http:\/\/www.sanjuandeportes.com\/wp\/#\/schema\/logo\/image\/"},"sameAs":["https:\/\/www.facebook.com\/sanjuandeportesok","https:\/\/x.com\/SanJuanDeportes","https:\/\/www.instagram.com\/sanjuandeportes"]},{"@type":"Person","@id":"http:\/\/www.sanjuandeportes.com\/wp\/#\/schema\/person\/eda4d8e62a5d42b111781e3cdfcb9c3a","name":"Pablo Pujado","image":{"@type":"ImageObject","inLanguage":"es","@id":"https:\/\/secure.gravatar.com\/avatar\/310b69d28112912c333408a462a9837208de951b1e7c11514781740412f648b1?s=96&d=mm&r=g","url":"https:\/\/secure.gravatar.com\/avatar\/310b69d28112912c333408a462a9837208de951b1e7c11514781740412f648b1?s=96&d=mm&r=g","contentUrl":"https:\/\/secure.gravatar.com\/avatar\/310b69d28112912c333408a462a9837208de951b1e7c11514781740412f648b1?s=96&d=mm&r=g","caption":"Pablo Pujado"},"url":"http:\/\/www.sanjuandeportes.com\/wp\/author\/pablo-pujado\/"}]}},"_links":{"self":[{"href":"http:\/\/www.sanjuandeportes.com\/wp\/wp-json\/wp\/v2\/posts\/6835","targetHints":{"allow":["GET"]}}],"collection":[{"href":"http:\/\/www.sanjuandeportes.com\/wp\/wp-json\/wp\/v2\/posts"}],"about":[{"href":"http:\/\/www.sanjuandeportes.com\/wp\/wp-json\/wp\/v2\/types\/post"}],"author":[{"embeddable":true,"href":"http:\/\/www.sanjuandeportes.com\/wp\/wp-json\/wp\/v2\/users\/5"}],"replies":[{"embeddable":true,"href":"http:\/\/www.sanjuandeportes.com\/wp\/wp-json\/wp\/v2\/comments?post=6835"}],"version-history":[{"count":2,"href":"http:\/\/www.sanjuandeportes.com\/wp\/wp-json\/wp\/v2\/posts\/6835\/revisions"}],"predecessor-version":[{"id":6838,"href":"http:\/\/www.sanjuandeportes.com\/wp\/wp-json\/wp\/v2\/posts\/6835\/revisions\/6838"}],"wp:featuredmedia":[{"embeddable":true,"href":"http:\/\/www.sanjuandeportes.com\/wp\/wp-json\/wp\/v2\/media\/6710"}],"wp:attachment":[{"href":"http:\/\/www.sanjuandeportes.com\/wp\/wp-json\/wp\/v2\/media?parent=6835"}],"wp:term":[{"taxonomy":"category","embeddable":true,"href":"http:\/\/www.sanjuandeportes.com\/wp\/wp-json\/wp\/v2\/categories?post=6835"},{"taxonomy":"post_tag","embeddable":true,"href":"http:\/\/www.sanjuandeportes.com\/wp\/wp-json\/wp\/v2\/tags?post=6835"}],"curies":[{"name":"wp","href":"https:\/\/api.w.org\/{rel}","templated":true}]}}