{"id":6878,"date":"2019-09-03T14:35:53","date_gmt":"2019-09-03T14:35:53","guid":{"rendered":"http:\/\/www.sanjuandeportes.com\/wp\/?p=6878"},"modified":"2019-09-03T14:35:53","modified_gmt":"2019-09-03T14:35:53","slug":"scaloni-dio-las-primeras-pistas-para-el-amistoso-ante-chile","status":"publish","type":"post","link":"http:\/\/www.sanjuandeportes.com\/wp\/2019\/09\/03\/scaloni-dio-las-primeras-pistas-para-el-amistoso-ante-chile\/","title":{"rendered":"Scaloni dio las primeras pistas para el amistoso ante Chile"},"content":{"rendered":"<p id=\"m102-101-103\" class=\"paragraph \">El seleccionado argentino realiz\u00f3 el segundo entrenamiento en Los Angeles y su entrenador, Lionel Scaloni, entreg\u00f3 los primeros indicios de c\u00f3mo podr\u00eda formar el equipo para enfrentar este jueves a Chile, en el primer amistoso que jugar\u00e1 en el marco de la fecha FIFA.<\/p>\n<p id=\"m112-111-113\" class=\"paragraph \">En esa direcci\u00f3n, se puede presumir que ante el equipo trasandino en el Memorial Coliseum, a las 23 de nuestro pa\u00eds, Argentina presentar\u00e1 un equipo que no se asemejar\u00e1 demasiado con el que termin\u00f3 disputando la Copa Am\u00e9rica.<\/p>\n<p id=\"m122-121-123\" class=\"paragraph \"><strong>En el ensayo t\u00e1ctico de hoy, sin arqueros, el entrenador ubic\u00f3 a Nicol\u00e1s Figal, Nicol\u00e1s Otamendi (Leonardo Balerdi), Marcos Rojo, Marcos Acu\u00f1a; Roberto Pereyra (Mat\u00edas Zaracho), Leandro Paredes, Nicol\u00e1s Dom\u00ednguez; Giovani Lo Celso, Lucas Alario y Manuel Lanzini.<\/strong><\/p>\n<p id=\"m132-131-133\" class=\"paragraph \">Es cierto que el plantel no est\u00e1 completo. A\u00fan faltan llegar varios futbolistas, entre ellos Paulo Dybala, quien luego de asegurar su permanencia en Juventus (son\u00f3 fuerte en varios equipos poderosos de Europa) arribar\u00e1 el martes a Estados Unidos.<\/p>\n<p id=\"m142-141-143\" class=\"paragraph \">El plantel volver\u00e1 a entrenarse este martes y Scaloni continuar\u00e1 sacando conclusiones para afrontar su primer partido como t\u00e9cnico oficial del seleccionado argentino, despu\u00e9s de completar su interinato en la Copa Am\u00e9rica.<\/p>\n<p id=\"m147-146-148\" class=\"paragraph \">La gira argentina por Norteam\u00e9rica concluir\u00e1 el pr\u00f3ximo martes a las 23 de nuestro pa\u00eds en el Alamodome de San Antonio, frente al seleccionado de M\u00e9xico que dirige Gerardo Martino.<\/p>\n","protected":false},"excerpt":{"rendered":"<p>El seleccionado argentino realiz\u00f3 el segundo entrenamiento en Los Angeles y su entrenador, Lionel Scaloni, entreg\u00f3 los primeros indicios de c\u00f3mo podr\u00eda formar el equipo para enfrentar este jueves a Chile, en el primer amistoso que jugar\u00e1 en el marco de la fecha FIFA. En esa direcci\u00f3n, se puede presumir que ante el equipo trasandino [&hellip;]<\/p>\n","protected":false},"author":5,"featured_media":6879,"comment_status":"open","ping_status":"open","sticky":false,"template":"","format":"standard","meta":{"footnotes":""},"categories":[2,24,53],"tags":[],"class_list":["post-6878","post","type-post","status-publish","format-standard","has-post-thumbnail","hentry","category-featured","category-futbol","category-seleccion-argentina-futbol"],"yoast_head":"<!-- This site is optimized with the Yoast SEO plugin v28.2 - https:\/\/yoast.com\/product\/yoast-seo-wordpress\/ -->\n<title>Scaloni dio las primeras pistas para el amistoso ante Chile - San Juan Deportes<\/title>\n<meta name=\"robots\" content=\"index, follow, max-snippet:-1, max-image-preview:large, max-video-preview:-1\" \/>\n<link rel=\"canonical\" href=\"https:\/\/www.sanjuandeportes.com\/wp\/2019\/09\/03\/scaloni-dio-las-primeras-pistas-para-el-amistoso-ante-chile\/\" \/>\n<meta property=\"og:locale\" content=\"es_ES\" \/>\n<meta property=\"og:type\" content=\"article\" \/>\n<meta property=\"og:title\" content=\"Scaloni dio las primeras pistas para el amistoso ante Chile - San Juan Deportes\" \/>\n<meta property=\"og:description\" content=\"El seleccionado argentino realiz\u00f3 el segundo entrenamiento en Los Angeles y su entrenador, Lionel Scaloni, entreg\u00f3 los primeros indicios de c\u00f3mo podr\u00eda formar el equipo para enfrentar este jueves a Chile, en el primer amistoso que jugar\u00e1 en el marco de la fecha FIFA. En esa direcci\u00f3n, se puede presumir que ante el equipo trasandino [&hellip;]\" \/>\n<meta property=\"og:url\" content=\"https:\/\/www.sanjuandeportes.com\/wp\/2019\/09\/03\/scaloni-dio-las-primeras-pistas-para-el-amistoso-ante-chile\/\" \/>\n<meta property=\"og:site_name\" content=\"San Juan Deportes\" \/>\n<meta property=\"article:publisher\" content=\"https:\/\/www.facebook.com\/sanjuandeportesok\" \/>\n<meta property=\"article:published_time\" content=\"2019-09-03T14:35:53+00:00\" \/>\n<meta property=\"og:image\" content=\"https:\/\/www.sanjuandeportes.com\/wp\/wp-content\/uploads\/2019\/09\/EDgOSqmXsAA8yPi.jpg\" \/>\n\t<meta property=\"og:image:width\" content=\"1280\" \/>\n\t<meta property=\"og:image:height\" content=\"853\" \/>\n\t<meta property=\"og:image:type\" content=\"image\/jpeg\" \/>\n<meta name=\"author\" content=\"Pablo Pujado\" \/>\n<meta name=\"twitter:card\" content=\"summary_large_image\" \/>\n<meta name=\"twitter:creator\" content=\"@SanJuanDeportes\" \/>\n<meta name=\"twitter:site\" content=\"@SanJuanDeportes\" \/>\n<meta name=\"twitter:label1\" content=\"Escrito por\" \/>\n\t<meta name=\"twitter:data1\" content=\"Pablo Pujado\" \/>\n\t<meta name=\"twitter:label2\" content=\"Tiempo de lectura\" \/>\n\t<meta name=\"twitter:data2\" content=\"1 minuto\" \/>\n<script type=\"application\/ld+json\" class=\"yoast-schema-graph\">{\"@context\":\"https:\\\/\\\/schema.org\",\"@graph\":[{\"@type\":\"Article\",\"@id\":\"https:\\\/\\\/www.sanjuandeportes.com\\\/wp\\\/2019\\\/09\\\/03\\\/scaloni-dio-las-primeras-pistas-para-el-amistoso-ante-chile\\\/#article\",\"isPartOf\":{\"@id\":\"https:\\\/\\\/www.sanjuandeportes.com\\\/wp\\\/2019\\\/09\\\/03\\\/scaloni-dio-las-primeras-pistas-para-el-amistoso-ante-chile\\\/\"},\"author\":{\"name\":\"Pablo Pujado\",\"@id\":\"http:\\\/\\\/www.sanjuandeportes.com\\\/wp\\\/#\\\/schema\\\/person\\\/eda4d8e62a5d42b111781e3cdfcb9c3a\"},\"headline\":\"Scaloni dio las primeras pistas para el amistoso ante Chile\",\"datePublished\":\"2019-09-03T14:35:53+00:00\",\"mainEntityOfPage\":{\"@id\":\"https:\\\/\\\/www.sanjuandeportes.com\\\/wp\\\/2019\\\/09\\\/03\\\/scaloni-dio-las-primeras-pistas-para-el-amistoso-ante-chile\\\/\"},\"wordCount\":249,\"commentCount\":0,\"publisher\":{\"@id\":\"http:\\\/\\\/www.sanjuandeportes.com\\\/wp\\\/#organization\"},\"image\":{\"@id\":\"https:\\\/\\\/www.sanjuandeportes.com\\\/wp\\\/2019\\\/09\\\/03\\\/scaloni-dio-las-primeras-pistas-para-el-amistoso-ante-chile\\\/#primaryimage\"},\"thumbnailUrl\":\"http:\\\/\\\/www.sanjuandeportes.com\\\/wp\\\/wp-content\\\/uploads\\\/2019\\\/09\\\/EDgOSqmXsAA8yPi.jpg\",\"articleSection\":[\"Featured\",\"Futbol\",\"Selecci\u00f3n Argentina\"],\"inLanguage\":\"es\",\"potentialAction\":[{\"@type\":\"CommentAction\",\"name\":\"Comment\",\"target\":[\"https:\\\/\\\/www.sanjuandeportes.com\\\/wp\\\/2019\\\/09\\\/03\\\/scaloni-dio-las-primeras-pistas-para-el-amistoso-ante-chile\\\/#respond\"]}]},{\"@type\":\"WebPage\",\"@id\":\"https:\\\/\\\/www.sanjuandeportes.com\\\/wp\\\/2019\\\/09\\\/03\\\/scaloni-dio-las-primeras-pistas-para-el-amistoso-ante-chile\\\/\",\"url\":\"https:\\\/\\\/www.sanjuandeportes.com\\\/wp\\\/2019\\\/09\\\/03\\\/scaloni-dio-las-primeras-pistas-para-el-amistoso-ante-chile\\\/\",\"name\":\"Scaloni dio las primeras pistas para el amistoso ante Chile - San Juan Deportes\",\"isPartOf\":{\"@id\":\"http:\\\/\\\/www.sanjuandeportes.com\\\/wp\\\/#website\"},\"primaryImageOfPage\":{\"@id\":\"https:\\\/\\\/www.sanjuandeportes.com\\\/wp\\\/2019\\\/09\\\/03\\\/scaloni-dio-las-primeras-pistas-para-el-amistoso-ante-chile\\\/#primaryimage\"},\"image\":{\"@id\":\"https:\\\/\\\/www.sanjuandeportes.com\\\/wp\\\/2019\\\/09\\\/03\\\/scaloni-dio-las-primeras-pistas-para-el-amistoso-ante-chile\\\/#primaryimage\"},\"thumbnailUrl\":\"http:\\\/\\\/www.sanjuandeportes.com\\\/wp\\\/wp-content\\\/uploads\\\/2019\\\/09\\\/EDgOSqmXsAA8yPi.jpg\",\"datePublished\":\"2019-09-03T14:35:53+00:00\",\"breadcrumb\":{\"@id\":\"https:\\\/\\\/www.sanjuandeportes.com\\\/wp\\\/2019\\\/09\\\/03\\\/scaloni-dio-las-primeras-pistas-para-el-amistoso-ante-chile\\\/#breadcrumb\"},\"inLanguage\":\"es\",\"potentialAction\":[{\"@type\":\"ReadAction\",\"target\":[\"https:\\\/\\\/www.sanjuandeportes.com\\\/wp\\\/2019\\\/09\\\/03\\\/scaloni-dio-las-primeras-pistas-para-el-amistoso-ante-chile\\\/\"]}]},{\"@type\":\"ImageObject\",\"inLanguage\":\"es\",\"@id\":\"https:\\\/\\\/www.sanjuandeportes.com\\\/wp\\\/2019\\\/09\\\/03\\\/scaloni-dio-las-primeras-pistas-para-el-amistoso-ante-chile\\\/#primaryimage\",\"url\":\"http:\\\/\\\/www.sanjuandeportes.com\\\/wp\\\/wp-content\\\/uploads\\\/2019\\\/09\\\/EDgOSqmXsAA8yPi.jpg\",\"contentUrl\":\"http:\\\/\\\/www.sanjuandeportes.com\\\/wp\\\/wp-content\\\/uploads\\\/2019\\\/09\\\/EDgOSqmXsAA8yPi.jpg\",\"width\":1280,\"height\":853},{\"@type\":\"BreadcrumbList\",\"@id\":\"https:\\\/\\\/www.sanjuandeportes.com\\\/wp\\\/2019\\\/09\\\/03\\\/scaloni-dio-las-primeras-pistas-para-el-amistoso-ante-chile\\\/#breadcrumb\",\"itemListElement\":[{\"@type\":\"ListItem\",\"position\":1,\"name\":\"Portada\",\"item\":\"http:\\\/\\\/www.sanjuandeportes.com\\\/wp\\\/\"},{\"@type\":\"ListItem\",\"position\":2,\"name\":\"Scaloni dio las primeras pistas para el amistoso ante Chile\"}]},{\"@type\":\"WebSite\",\"@id\":\"http:\\\/\\\/www.sanjuandeportes.com\\\/wp\\\/#website\",\"url\":\"http:\\\/\\\/www.sanjuandeportes.com\\\/wp\\\/\",\"name\":\"San Juan Deportes\",\"description\":\"El sitio de deportes de la provincia de San Juan\",\"publisher\":{\"@id\":\"http:\\\/\\\/www.sanjuandeportes.com\\\/wp\\\/#organization\"},\"potentialAction\":[{\"@type\":\"SearchAction\",\"target\":{\"@type\":\"EntryPoint\",\"urlTemplate\":\"http:\\\/\\\/www.sanjuandeportes.com\\\/wp\\\/?s={search_term_string}\"},\"query-input\":{\"@type\":\"PropertyValueSpecification\",\"valueRequired\":true,\"valueName\":\"search_term_string\"}}],\"inLanguage\":\"es\"},{\"@type\":\"Organization\",\"@id\":\"http:\\\/\\\/www.sanjuandeportes.com\\\/wp\\\/#organization\",\"name\":\"San Juan Deportes\",\"url\":\"http:\\\/\\\/www.sanjuandeportes.com\\\/wp\\\/\",\"logo\":{\"@type\":\"ImageObject\",\"inLanguage\":\"es\",\"@id\":\"http:\\\/\\\/www.sanjuandeportes.com\\\/wp\\\/#\\\/schema\\\/logo\\\/image\\\/\",\"url\":\"https:\\\/\\\/www.sanjuandeportes.com\\\/wp\\\/wp-content\\\/uploads\\\/unnamed.jpg\",\"contentUrl\":\"https:\\\/\\\/www.sanjuandeportes.com\\\/wp\\\/wp-content\\\/uploads\\\/unnamed.jpg\",\"width\":900,\"height\":900,\"caption\":\"San Juan Deportes\"},\"image\":{\"@id\":\"http:\\\/\\\/www.sanjuandeportes.com\\\/wp\\\/#\\\/schema\\\/logo\\\/image\\\/\"},\"sameAs\":[\"https:\\\/\\\/www.facebook.com\\\/sanjuandeportesok\",\"https:\\\/\\\/x.com\\\/SanJuanDeportes\",\"https:\\\/\\\/www.instagram.com\\\/sanjuandeportes\"]},{\"@type\":\"Person\",\"@id\":\"http:\\\/\\\/www.sanjuandeportes.com\\\/wp\\\/#\\\/schema\\\/person\\\/eda4d8e62a5d42b111781e3cdfcb9c3a\",\"name\":\"Pablo Pujado\",\"image\":{\"@type\":\"ImageObject\",\"inLanguage\":\"es\",\"@id\":\"https:\\\/\\\/secure.gravatar.com\\\/avatar\\\/310b69d28112912c333408a462a9837208de951b1e7c11514781740412f648b1?s=96&d=mm&r=g\",\"url\":\"https:\\\/\\\/secure.gravatar.com\\\/avatar\\\/310b69d28112912c333408a462a9837208de951b1e7c11514781740412f648b1?s=96&d=mm&r=g\",\"contentUrl\":\"https:\\\/\\\/secure.gravatar.com\\\/avatar\\\/310b69d28112912c333408a462a9837208de951b1e7c11514781740412f648b1?s=96&d=mm&r=g\",\"caption\":\"Pablo Pujado\"},\"url\":\"http:\\\/\\\/www.sanjuandeportes.com\\\/wp\\\/author\\\/pablo-pujado\\\/\"}]}<\/script>\n<!-- \/ Yoast SEO plugin. -->","yoast_head_json":{"title":"Scaloni dio las primeras pistas para el amistoso ante Chile - San Juan Deportes","robots":{"index":"index","follow":"follow","max-snippet":"max-snippet:-1","max-image-preview":"max-image-preview:large","max-video-preview":"max-video-preview:-1"},"canonical":"https:\/\/www.sanjuandeportes.com\/wp\/2019\/09\/03\/scaloni-dio-las-primeras-pistas-para-el-amistoso-ante-chile\/","og_locale":"es_ES","og_type":"article","og_title":"Scaloni dio las primeras pistas para el amistoso ante Chile - San Juan Deportes","og_description":"El seleccionado argentino realiz\u00f3 el segundo entrenamiento en Los Angeles y su entrenador, Lionel Scaloni, entreg\u00f3 los primeros indicios de c\u00f3mo podr\u00eda formar el equipo para enfrentar este jueves a Chile, en el primer amistoso que jugar\u00e1 en el marco de la fecha FIFA. En esa direcci\u00f3n, se puede presumir que ante el equipo trasandino [&hellip;]","og_url":"https:\/\/www.sanjuandeportes.com\/wp\/2019\/09\/03\/scaloni-dio-las-primeras-pistas-para-el-amistoso-ante-chile\/","og_site_name":"San Juan Deportes","article_publisher":"https:\/\/www.facebook.com\/sanjuandeportesok","article_published_time":"2019-09-03T14:35:53+00:00","og_image":[{"width":1280,"height":853,"url":"https:\/\/www.sanjuandeportes.com\/wp\/wp-content\/uploads\/2019\/09\/EDgOSqmXsAA8yPi.jpg","type":"image\/jpeg"}],"author":"Pablo Pujado","twitter_card":"summary_large_image","twitter_creator":"@SanJuanDeportes","twitter_site":"@SanJuanDeportes","twitter_misc":{"Escrito por":"Pablo Pujado","Tiempo de lectura":"1 minuto"},"schema":{"@context":"https:\/\/schema.org","@graph":[{"@type":"Article","@id":"https:\/\/www.sanjuandeportes.com\/wp\/2019\/09\/03\/scaloni-dio-las-primeras-pistas-para-el-amistoso-ante-chile\/#article","isPartOf":{"@id":"https:\/\/www.sanjuandeportes.com\/wp\/2019\/09\/03\/scaloni-dio-las-primeras-pistas-para-el-amistoso-ante-chile\/"},"author":{"name":"Pablo Pujado","@id":"http:\/\/www.sanjuandeportes.com\/wp\/#\/schema\/person\/eda4d8e62a5d42b111781e3cdfcb9c3a"},"headline":"Scaloni dio las primeras pistas para el amistoso ante Chile","datePublished":"2019-09-03T14:35:53+00:00","mainEntityOfPage":{"@id":"https:\/\/www.sanjuandeportes.com\/wp\/2019\/09\/03\/scaloni-dio-las-primeras-pistas-para-el-amistoso-ante-chile\/"},"wordCount":249,"commentCount":0,"publisher":{"@id":"http:\/\/www.sanjuandeportes.com\/wp\/#organization"},"image":{"@id":"https:\/\/www.sanjuandeportes.com\/wp\/2019\/09\/03\/scaloni-dio-las-primeras-pistas-para-el-amistoso-ante-chile\/#primaryimage"},"thumbnailUrl":"http:\/\/www.sanjuandeportes.com\/wp\/wp-content\/uploads\/2019\/09\/EDgOSqmXsAA8yPi.jpg","articleSection":["Featured","Futbol","Selecci\u00f3n Argentina"],"inLanguage":"es","potentialAction":[{"@type":"CommentAction","name":"Comment","target":["https:\/\/www.sanjuandeportes.com\/wp\/2019\/09\/03\/scaloni-dio-las-primeras-pistas-para-el-amistoso-ante-chile\/#respond"]}]},{"@type":"WebPage","@id":"https:\/\/www.sanjuandeportes.com\/wp\/2019\/09\/03\/scaloni-dio-las-primeras-pistas-para-el-amistoso-ante-chile\/","url":"https:\/\/www.sanjuandeportes.com\/wp\/2019\/09\/03\/scaloni-dio-las-primeras-pistas-para-el-amistoso-ante-chile\/","name":"Scaloni dio las primeras pistas para el amistoso ante Chile - San Juan Deportes","isPartOf":{"@id":"http:\/\/www.sanjuandeportes.com\/wp\/#website"},"primaryImageOfPage":{"@id":"https:\/\/www.sanjuandeportes.com\/wp\/2019\/09\/03\/scaloni-dio-las-primeras-pistas-para-el-amistoso-ante-chile\/#primaryimage"},"image":{"@id":"https:\/\/www.sanjuandeportes.com\/wp\/2019\/09\/03\/scaloni-dio-las-primeras-pistas-para-el-amistoso-ante-chile\/#primaryimage"},"thumbnailUrl":"http:\/\/www.sanjuandeportes.com\/wp\/wp-content\/uploads\/2019\/09\/EDgOSqmXsAA8yPi.jpg","datePublished":"2019-09-03T14:35:53+00:00","breadcrumb":{"@id":"https:\/\/www.sanjuandeportes.com\/wp\/2019\/09\/03\/scaloni-dio-las-primeras-pistas-para-el-amistoso-ante-chile\/#breadcrumb"},"inLanguage":"es","potentialAction":[{"@type":"ReadAction","target":["https:\/\/www.sanjuandeportes.com\/wp\/2019\/09\/03\/scaloni-dio-las-primeras-pistas-para-el-amistoso-ante-chile\/"]}]},{"@type":"ImageObject","inLanguage":"es","@id":"https:\/\/www.sanjuandeportes.com\/wp\/2019\/09\/03\/scaloni-dio-las-primeras-pistas-para-el-amistoso-ante-chile\/#primaryimage","url":"http:\/\/www.sanjuandeportes.com\/wp\/wp-content\/uploads\/2019\/09\/EDgOSqmXsAA8yPi.jpg","contentUrl":"http:\/\/www.sanjuandeportes.com\/wp\/wp-content\/uploads\/2019\/09\/EDgOSqmXsAA8yPi.jpg","width":1280,"height":853},{"@type":"BreadcrumbList","@id":"https:\/\/www.sanjuandeportes.com\/wp\/2019\/09\/03\/scaloni-dio-las-primeras-pistas-para-el-amistoso-ante-chile\/#breadcrumb","itemListElement":[{"@type":"ListItem","position":1,"name":"Portada","item":"http:\/\/www.sanjuandeportes.com\/wp\/"},{"@type":"ListItem","position":2,"name":"Scaloni dio las primeras pistas para el amistoso ante Chile"}]},{"@type":"WebSite","@id":"http:\/\/www.sanjuandeportes.com\/wp\/#website","url":"http:\/\/www.sanjuandeportes.com\/wp\/","name":"San Juan Deportes","description":"El sitio de deportes de la provincia de San Juan","publisher":{"@id":"http:\/\/www.sanjuandeportes.com\/wp\/#organization"},"potentialAction":[{"@type":"SearchAction","target":{"@type":"EntryPoint","urlTemplate":"http:\/\/www.sanjuandeportes.com\/wp\/?s={search_term_string}"},"query-input":{"@type":"PropertyValueSpecification","valueRequired":true,"valueName":"search_term_string"}}],"inLanguage":"es"},{"@type":"Organization","@id":"http:\/\/www.sanjuandeportes.com\/wp\/#organization","name":"San Juan Deportes","url":"http:\/\/www.sanjuandeportes.com\/wp\/","logo":{"@type":"ImageObject","inLanguage":"es","@id":"http:\/\/www.sanjuandeportes.com\/wp\/#\/schema\/logo\/image\/","url":"https:\/\/www.sanjuandeportes.com\/wp\/wp-content\/uploads\/unnamed.jpg","contentUrl":"https:\/\/www.sanjuandeportes.com\/wp\/wp-content\/uploads\/unnamed.jpg","width":900,"height":900,"caption":"San Juan Deportes"},"image":{"@id":"http:\/\/www.sanjuandeportes.com\/wp\/#\/schema\/logo\/image\/"},"sameAs":["https:\/\/www.facebook.com\/sanjuandeportesok","https:\/\/x.com\/SanJuanDeportes","https:\/\/www.instagram.com\/sanjuandeportes"]},{"@type":"Person","@id":"http:\/\/www.sanjuandeportes.com\/wp\/#\/schema\/person\/eda4d8e62a5d42b111781e3cdfcb9c3a","name":"Pablo Pujado","image":{"@type":"ImageObject","inLanguage":"es","@id":"https:\/\/secure.gravatar.com\/avatar\/310b69d28112912c333408a462a9837208de951b1e7c11514781740412f648b1?s=96&d=mm&r=g","url":"https:\/\/secure.gravatar.com\/avatar\/310b69d28112912c333408a462a9837208de951b1e7c11514781740412f648b1?s=96&d=mm&r=g","contentUrl":"https:\/\/secure.gravatar.com\/avatar\/310b69d28112912c333408a462a9837208de951b1e7c11514781740412f648b1?s=96&d=mm&r=g","caption":"Pablo Pujado"},"url":"http:\/\/www.sanjuandeportes.com\/wp\/author\/pablo-pujado\/"}]}},"_links":{"self":[{"href":"http:\/\/www.sanjuandeportes.com\/wp\/wp-json\/wp\/v2\/posts\/6878","targetHints":{"allow":["GET"]}}],"collection":[{"href":"http:\/\/www.sanjuandeportes.com\/wp\/wp-json\/wp\/v2\/posts"}],"about":[{"href":"http:\/\/www.sanjuandeportes.com\/wp\/wp-json\/wp\/v2\/types\/post"}],"author":[{"embeddable":true,"href":"http:\/\/www.sanjuandeportes.com\/wp\/wp-json\/wp\/v2\/users\/5"}],"replies":[{"embeddable":true,"href":"http:\/\/www.sanjuandeportes.com\/wp\/wp-json\/wp\/v2\/comments?post=6878"}],"version-history":[{"count":1,"href":"http:\/\/www.sanjuandeportes.com\/wp\/wp-json\/wp\/v2\/posts\/6878\/revisions"}],"predecessor-version":[{"id":6880,"href":"http:\/\/www.sanjuandeportes.com\/wp\/wp-json\/wp\/v2\/posts\/6878\/revisions\/6880"}],"wp:featuredmedia":[{"embeddable":true,"href":"http:\/\/www.sanjuandeportes.com\/wp\/wp-json\/wp\/v2\/media\/6879"}],"wp:attachment":[{"href":"http:\/\/www.sanjuandeportes.com\/wp\/wp-json\/wp\/v2\/media?parent=6878"}],"wp:term":[{"taxonomy":"category","embeddable":true,"href":"http:\/\/www.sanjuandeportes.com\/wp\/wp-json\/wp\/v2\/categories?post=6878"},{"taxonomy":"post_tag","embeddable":true,"href":"http:\/\/www.sanjuandeportes.com\/wp\/wp-json\/wp\/v2\/tags?post=6878"}],"curies":[{"name":"wp","href":"https:\/\/api.w.org\/{rel}","templated":true}]}}