{"id":6883,"date":"2019-09-03T20:05:50","date_gmt":"2019-09-03T20:05:50","guid":{"rendered":"http:\/\/www.sanjuandeportes.com\/wp\/?p=6883"},"modified":"2019-09-03T20:05:50","modified_gmt":"2019-09-03T20:05:50","slug":"desamparados-prepara-una-caravana-para-festejar-los-100-anos-de-vida","status":"publish","type":"post","link":"http:\/\/www.sanjuandeportes.com\/wp\/2019\/09\/03\/desamparados-prepara-una-caravana-para-festejar-los-100-anos-de-vida\/","title":{"rendered":"Desamparados prepara una caravana para festejar los 100 a\u00f1os de vida"},"content":{"rendered":"<p>Los hinchas de Sportivo Desamparados preparan una gran caravana para festejar los 100 a\u00f1os de historia del club. Ser\u00e1 el martes 10 de septiembre, el d\u00eda del cumplea\u00f1os del Puyutano.<\/p>\n<p><img decoding=\"async\" class=\"alignnone size-large wp-image-6884 lazyload\" data-src=\"http:\/\/www.sanjuandeportes.com\/wp\/wp-content\/uploads\/2019\/09\/Desamparados-1024x768.jpg\" alt=\"\" width=\"640\" height=\"480\" data-srcset=\"http:\/\/www.sanjuandeportes.com\/wp\/wp-content\/uploads\/2019\/09\/Desamparados-1024x768.jpg 1024w, http:\/\/www.sanjuandeportes.com\/wp\/wp-content\/uploads\/2019\/09\/Desamparados-300x225.jpg 300w, http:\/\/www.sanjuandeportes.com\/wp\/wp-content\/uploads\/2019\/09\/Desamparados-768x576.jpg 768w, http:\/\/www.sanjuandeportes.com\/wp\/wp-content\/uploads\/2019\/09\/Desamparados-80x60.jpg 80w, http:\/\/www.sanjuandeportes.com\/wp\/wp-content\/uploads\/2019\/09\/Desamparados-265x198.jpg 265w, http:\/\/www.sanjuandeportes.com\/wp\/wp-content\/uploads\/2019\/09\/Desamparados-696x522.jpg 696w, http:\/\/www.sanjuandeportes.com\/wp\/wp-content\/uploads\/2019\/09\/Desamparados-1068x801.jpg 1068w, http:\/\/www.sanjuandeportes.com\/wp\/wp-content\/uploads\/2019\/09\/Desamparados-560x420.jpg 560w, http:\/\/www.sanjuandeportes.com\/wp\/wp-content\/uploads\/2019\/09\/Desamparados.jpg 1280w\" data-sizes=\"(max-width: 640px) 100vw, 640px\" src=\"data:image\/svg+xml;base64,PHN2ZyB3aWR0aD0iMSIgaGVpZ2h0PSIxIiB4bWxucz0iaHR0cDovL3d3dy53My5vcmcvMjAwMC9zdmciPjwvc3ZnPg==\" style=\"--smush-placeholder-width: 640px; --smush-placeholder-aspect-ratio: 640\/480;\" \/><\/p>\n<p>El v\u00edbora est\u00e1 a una semana de cumplir un siglos de vida y, entre otras actividades que incluyen los festejos, realizar\u00e1n una caravana desde el Parque de Rivadavia hasta la cancha en el Barrio Patricias Sanjuaninas.<\/p>\n","protected":false},"excerpt":{"rendered":"<p>Los hinchas de Sportivo Desamparados preparan una gran caravana para festejar los 100 a\u00f1os de historia del club. Ser\u00e1 el martes 10 de septiembre, el d\u00eda del cumplea\u00f1os del Puyutano. El v\u00edbora est\u00e1 a una semana de cumplir un siglos de vida y, entre otras actividades que incluyen los festejos, realizar\u00e1n una caravana desde el [&hellip;]<\/p>\n","protected":false},"author":5,"featured_media":4796,"comment_status":"open","ping_status":"open","sticky":false,"template":"","format":"standard","meta":{"footnotes":""},"categories":[2,24,178],"tags":[767,768,38],"class_list":["post-6883","post","type-post","status-publish","format-standard","has-post-thumbnail","hentry","category-featured","category-futbol","category-san-juan","tag-100-anos","tag-centenario","tag-desamparados"],"yoast_head":"<!-- This site is optimized with the Yoast SEO plugin v28.2 - https:\/\/yoast.com\/product\/yoast-seo-wordpress\/ -->\n<title>Desamparados prepara una caravana para festejar los 100 a\u00f1os de vida - San Juan Deportes<\/title>\n<meta name=\"robots\" content=\"index, follow, max-snippet:-1, max-image-preview:large, max-video-preview:-1\" \/>\n<link rel=\"canonical\" href=\"http:\/\/www.sanjuandeportes.com\/wp\/2019\/09\/03\/desamparados-prepara-una-caravana-para-festejar-los-100-anos-de-vida\/\" \/>\n<meta property=\"og:locale\" content=\"es_ES\" \/>\n<meta property=\"og:type\" content=\"article\" \/>\n<meta property=\"og:title\" content=\"Desamparados prepara una caravana para festejar los 100 a\u00f1os de vida - San Juan Deportes\" \/>\n<meta property=\"og:description\" content=\"Los hinchas de Sportivo Desamparados preparan una gran caravana para festejar los 100 a\u00f1os de historia del club. Ser\u00e1 el martes 10 de septiembre, el d\u00eda del cumplea\u00f1os del Puyutano. El v\u00edbora est\u00e1 a una semana de cumplir un siglos de vida y, entre otras actividades que incluyen los festejos, realizar\u00e1n una caravana desde el [&hellip;]\" \/>\n<meta property=\"og:url\" content=\"http:\/\/www.sanjuandeportes.com\/wp\/2019\/09\/03\/desamparados-prepara-una-caravana-para-festejar-los-100-anos-de-vida\/\" \/>\n<meta property=\"og:site_name\" content=\"San Juan Deportes\" \/>\n<meta property=\"article:publisher\" content=\"https:\/\/www.facebook.com\/sanjuandeportesok\" \/>\n<meta property=\"article:published_time\" content=\"2019-09-03T20:05:50+00:00\" \/>\n<meta property=\"og:image\" content=\"http:\/\/www.sanjuandeportes.com\/wp\/wp-content\/uploads\/2019\/05\/maxresdefault.jpg\" \/>\n\t<meta property=\"og:image:width\" content=\"1280\" \/>\n\t<meta property=\"og:image:height\" content=\"720\" \/>\n\t<meta property=\"og:image:type\" content=\"image\/jpeg\" \/>\n<meta name=\"author\" content=\"Pablo Pujado\" \/>\n<meta name=\"twitter:card\" content=\"summary_large_image\" \/>\n<meta name=\"twitter:creator\" content=\"@SanJuanDeportes\" \/>\n<meta name=\"twitter:site\" content=\"@SanJuanDeportes\" \/>\n<meta name=\"twitter:label1\" content=\"Escrito por\" \/>\n\t<meta name=\"twitter:data1\" content=\"Pablo Pujado\" \/>\n<script type=\"application\/ld+json\" class=\"yoast-schema-graph\">{\"@context\":\"https:\\\/\\\/schema.org\",\"@graph\":[{\"@type\":\"Article\",\"@id\":\"http:\\\/\\\/www.sanjuandeportes.com\\\/wp\\\/2019\\\/09\\\/03\\\/desamparados-prepara-una-caravana-para-festejar-los-100-anos-de-vida\\\/#article\",\"isPartOf\":{\"@id\":\"http:\\\/\\\/www.sanjuandeportes.com\\\/wp\\\/2019\\\/09\\\/03\\\/desamparados-prepara-una-caravana-para-festejar-los-100-anos-de-vida\\\/\"},\"author\":{\"name\":\"Pablo Pujado\",\"@id\":\"http:\\\/\\\/www.sanjuandeportes.com\\\/wp\\\/#\\\/schema\\\/person\\\/eda4d8e62a5d42b111781e3cdfcb9c3a\"},\"headline\":\"Desamparados prepara una caravana para festejar los 100 a\u00f1os de vida\",\"datePublished\":\"2019-09-03T20:05:50+00:00\",\"mainEntityOfPage\":{\"@id\":\"http:\\\/\\\/www.sanjuandeportes.com\\\/wp\\\/2019\\\/09\\\/03\\\/desamparados-prepara-una-caravana-para-festejar-los-100-anos-de-vida\\\/\"},\"wordCount\":80,\"commentCount\":0,\"publisher\":{\"@id\":\"http:\\\/\\\/www.sanjuandeportes.com\\\/wp\\\/#organization\"},\"image\":{\"@id\":\"http:\\\/\\\/www.sanjuandeportes.com\\\/wp\\\/2019\\\/09\\\/03\\\/desamparados-prepara-una-caravana-para-festejar-los-100-anos-de-vida\\\/#primaryimage\"},\"thumbnailUrl\":\"http:\\\/\\\/www.sanjuandeportes.com\\\/wp\\\/wp-content\\\/uploads\\\/2019\\\/05\\\/maxresdefault.jpg\",\"keywords\":[\"100 a\u00f1os\",\"Centenario\",\"Desamparados\"],\"articleSection\":[\"Featured\",\"Futbol\",\"San Juan\"],\"inLanguage\":\"es\",\"potentialAction\":[{\"@type\":\"CommentAction\",\"name\":\"Comment\",\"target\":[\"http:\\\/\\\/www.sanjuandeportes.com\\\/wp\\\/2019\\\/09\\\/03\\\/desamparados-prepara-una-caravana-para-festejar-los-100-anos-de-vida\\\/#respond\"]}]},{\"@type\":\"WebPage\",\"@id\":\"http:\\\/\\\/www.sanjuandeportes.com\\\/wp\\\/2019\\\/09\\\/03\\\/desamparados-prepara-una-caravana-para-festejar-los-100-anos-de-vida\\\/\",\"url\":\"http:\\\/\\\/www.sanjuandeportes.com\\\/wp\\\/2019\\\/09\\\/03\\\/desamparados-prepara-una-caravana-para-festejar-los-100-anos-de-vida\\\/\",\"name\":\"Desamparados prepara una caravana para festejar los 100 a\u00f1os de vida - San Juan Deportes\",\"isPartOf\":{\"@id\":\"http:\\\/\\\/www.sanjuandeportes.com\\\/wp\\\/#website\"},\"primaryImageOfPage\":{\"@id\":\"http:\\\/\\\/www.sanjuandeportes.com\\\/wp\\\/2019\\\/09\\\/03\\\/desamparados-prepara-una-caravana-para-festejar-los-100-anos-de-vida\\\/#primaryimage\"},\"image\":{\"@id\":\"http:\\\/\\\/www.sanjuandeportes.com\\\/wp\\\/2019\\\/09\\\/03\\\/desamparados-prepara-una-caravana-para-festejar-los-100-anos-de-vida\\\/#primaryimage\"},\"thumbnailUrl\":\"http:\\\/\\\/www.sanjuandeportes.com\\\/wp\\\/wp-content\\\/uploads\\\/2019\\\/05\\\/maxresdefault.jpg\",\"datePublished\":\"2019-09-03T20:05:50+00:00\",\"breadcrumb\":{\"@id\":\"http:\\\/\\\/www.sanjuandeportes.com\\\/wp\\\/2019\\\/09\\\/03\\\/desamparados-prepara-una-caravana-para-festejar-los-100-anos-de-vida\\\/#breadcrumb\"},\"inLanguage\":\"es\",\"potentialAction\":[{\"@type\":\"ReadAction\",\"target\":[\"http:\\\/\\\/www.sanjuandeportes.com\\\/wp\\\/2019\\\/09\\\/03\\\/desamparados-prepara-una-caravana-para-festejar-los-100-anos-de-vida\\\/\"]}]},{\"@type\":\"ImageObject\",\"inLanguage\":\"es\",\"@id\":\"http:\\\/\\\/www.sanjuandeportes.com\\\/wp\\\/2019\\\/09\\\/03\\\/desamparados-prepara-una-caravana-para-festejar-los-100-anos-de-vida\\\/#primaryimage\",\"url\":\"http:\\\/\\\/www.sanjuandeportes.com\\\/wp\\\/wp-content\\\/uploads\\\/2019\\\/05\\\/maxresdefault.jpg\",\"contentUrl\":\"http:\\\/\\\/www.sanjuandeportes.com\\\/wp\\\/wp-content\\\/uploads\\\/2019\\\/05\\\/maxresdefault.jpg\",\"width\":1280,\"height\":720},{\"@type\":\"BreadcrumbList\",\"@id\":\"http:\\\/\\\/www.sanjuandeportes.com\\\/wp\\\/2019\\\/09\\\/03\\\/desamparados-prepara-una-caravana-para-festejar-los-100-anos-de-vida\\\/#breadcrumb\",\"itemListElement\":[{\"@type\":\"ListItem\",\"position\":1,\"name\":\"Portada\",\"item\":\"http:\\\/\\\/www.sanjuandeportes.com\\\/wp\\\/\"},{\"@type\":\"ListItem\",\"position\":2,\"name\":\"Desamparados prepara una caravana para festejar los 100 a\u00f1os de vida\"}]},{\"@type\":\"WebSite\",\"@id\":\"http:\\\/\\\/www.sanjuandeportes.com\\\/wp\\\/#website\",\"url\":\"http:\\\/\\\/www.sanjuandeportes.com\\\/wp\\\/\",\"name\":\"San Juan Deportes\",\"description\":\"El sitio de deportes de la provincia de San Juan\",\"publisher\":{\"@id\":\"http:\\\/\\\/www.sanjuandeportes.com\\\/wp\\\/#organization\"},\"potentialAction\":[{\"@type\":\"SearchAction\",\"target\":{\"@type\":\"EntryPoint\",\"urlTemplate\":\"http:\\\/\\\/www.sanjuandeportes.com\\\/wp\\\/?s={search_term_string}\"},\"query-input\":{\"@type\":\"PropertyValueSpecification\",\"valueRequired\":true,\"valueName\":\"search_term_string\"}}],\"inLanguage\":\"es\"},{\"@type\":\"Organization\",\"@id\":\"http:\\\/\\\/www.sanjuandeportes.com\\\/wp\\\/#organization\",\"name\":\"San Juan Deportes\",\"url\":\"http:\\\/\\\/www.sanjuandeportes.com\\\/wp\\\/\",\"logo\":{\"@type\":\"ImageObject\",\"inLanguage\":\"es\",\"@id\":\"http:\\\/\\\/www.sanjuandeportes.com\\\/wp\\\/#\\\/schema\\\/logo\\\/image\\\/\",\"url\":\"https:\\\/\\\/www.sanjuandeportes.com\\\/wp\\\/wp-content\\\/uploads\\\/unnamed.jpg\",\"contentUrl\":\"https:\\\/\\\/www.sanjuandeportes.com\\\/wp\\\/wp-content\\\/uploads\\\/unnamed.jpg\",\"width\":900,\"height\":900,\"caption\":\"San Juan Deportes\"},\"image\":{\"@id\":\"http:\\\/\\\/www.sanjuandeportes.com\\\/wp\\\/#\\\/schema\\\/logo\\\/image\\\/\"},\"sameAs\":[\"https:\\\/\\\/www.facebook.com\\\/sanjuandeportesok\",\"https:\\\/\\\/x.com\\\/SanJuanDeportes\",\"https:\\\/\\\/www.instagram.com\\\/sanjuandeportes\"]},{\"@type\":\"Person\",\"@id\":\"http:\\\/\\\/www.sanjuandeportes.com\\\/wp\\\/#\\\/schema\\\/person\\\/eda4d8e62a5d42b111781e3cdfcb9c3a\",\"name\":\"Pablo Pujado\",\"image\":{\"@type\":\"ImageObject\",\"inLanguage\":\"es\",\"@id\":\"https:\\\/\\\/secure.gravatar.com\\\/avatar\\\/310b69d28112912c333408a462a9837208de951b1e7c11514781740412f648b1?s=96&d=mm&r=g\",\"url\":\"https:\\\/\\\/secure.gravatar.com\\\/avatar\\\/310b69d28112912c333408a462a9837208de951b1e7c11514781740412f648b1?s=96&d=mm&r=g\",\"contentUrl\":\"https:\\\/\\\/secure.gravatar.com\\\/avatar\\\/310b69d28112912c333408a462a9837208de951b1e7c11514781740412f648b1?s=96&d=mm&r=g\",\"caption\":\"Pablo Pujado\"},\"url\":\"http:\\\/\\\/www.sanjuandeportes.com\\\/wp\\\/author\\\/pablo-pujado\\\/\"}]}<\/script>\n<!-- \/ Yoast SEO plugin. -->","yoast_head_json":{"title":"Desamparados prepara una caravana para festejar los 100 a\u00f1os de vida - San Juan Deportes","robots":{"index":"index","follow":"follow","max-snippet":"max-snippet:-1","max-image-preview":"max-image-preview:large","max-video-preview":"max-video-preview:-1"},"canonical":"http:\/\/www.sanjuandeportes.com\/wp\/2019\/09\/03\/desamparados-prepara-una-caravana-para-festejar-los-100-anos-de-vida\/","og_locale":"es_ES","og_type":"article","og_title":"Desamparados prepara una caravana para festejar los 100 a\u00f1os de vida - San Juan Deportes","og_description":"Los hinchas de Sportivo Desamparados preparan una gran caravana para festejar los 100 a\u00f1os de historia del club. Ser\u00e1 el martes 10 de septiembre, el d\u00eda del cumplea\u00f1os del Puyutano. El v\u00edbora est\u00e1 a una semana de cumplir un siglos de vida y, entre otras actividades que incluyen los festejos, realizar\u00e1n una caravana desde el [&hellip;]","og_url":"http:\/\/www.sanjuandeportes.com\/wp\/2019\/09\/03\/desamparados-prepara-una-caravana-para-festejar-los-100-anos-de-vida\/","og_site_name":"San Juan Deportes","article_publisher":"https:\/\/www.facebook.com\/sanjuandeportesok","article_published_time":"2019-09-03T20:05:50+00:00","og_image":[{"width":1280,"height":720,"url":"http:\/\/www.sanjuandeportes.com\/wp\/wp-content\/uploads\/2019\/05\/maxresdefault.jpg","type":"image\/jpeg"}],"author":"Pablo Pujado","twitter_card":"summary_large_image","twitter_creator":"@SanJuanDeportes","twitter_site":"@SanJuanDeportes","twitter_misc":{"Escrito por":"Pablo Pujado"},"schema":{"@context":"https:\/\/schema.org","@graph":[{"@type":"Article","@id":"http:\/\/www.sanjuandeportes.com\/wp\/2019\/09\/03\/desamparados-prepara-una-caravana-para-festejar-los-100-anos-de-vida\/#article","isPartOf":{"@id":"http:\/\/www.sanjuandeportes.com\/wp\/2019\/09\/03\/desamparados-prepara-una-caravana-para-festejar-los-100-anos-de-vida\/"},"author":{"name":"Pablo Pujado","@id":"http:\/\/www.sanjuandeportes.com\/wp\/#\/schema\/person\/eda4d8e62a5d42b111781e3cdfcb9c3a"},"headline":"Desamparados prepara una caravana para festejar los 100 a\u00f1os de vida","datePublished":"2019-09-03T20:05:50+00:00","mainEntityOfPage":{"@id":"http:\/\/www.sanjuandeportes.com\/wp\/2019\/09\/03\/desamparados-prepara-una-caravana-para-festejar-los-100-anos-de-vida\/"},"wordCount":80,"commentCount":0,"publisher":{"@id":"http:\/\/www.sanjuandeportes.com\/wp\/#organization"},"image":{"@id":"http:\/\/www.sanjuandeportes.com\/wp\/2019\/09\/03\/desamparados-prepara-una-caravana-para-festejar-los-100-anos-de-vida\/#primaryimage"},"thumbnailUrl":"http:\/\/www.sanjuandeportes.com\/wp\/wp-content\/uploads\/2019\/05\/maxresdefault.jpg","keywords":["100 a\u00f1os","Centenario","Desamparados"],"articleSection":["Featured","Futbol","San Juan"],"inLanguage":"es","potentialAction":[{"@type":"CommentAction","name":"Comment","target":["http:\/\/www.sanjuandeportes.com\/wp\/2019\/09\/03\/desamparados-prepara-una-caravana-para-festejar-los-100-anos-de-vida\/#respond"]}]},{"@type":"WebPage","@id":"http:\/\/www.sanjuandeportes.com\/wp\/2019\/09\/03\/desamparados-prepara-una-caravana-para-festejar-los-100-anos-de-vida\/","url":"http:\/\/www.sanjuandeportes.com\/wp\/2019\/09\/03\/desamparados-prepara-una-caravana-para-festejar-los-100-anos-de-vida\/","name":"Desamparados prepara una caravana para festejar los 100 a\u00f1os de vida - San Juan Deportes","isPartOf":{"@id":"http:\/\/www.sanjuandeportes.com\/wp\/#website"},"primaryImageOfPage":{"@id":"http:\/\/www.sanjuandeportes.com\/wp\/2019\/09\/03\/desamparados-prepara-una-caravana-para-festejar-los-100-anos-de-vida\/#primaryimage"},"image":{"@id":"http:\/\/www.sanjuandeportes.com\/wp\/2019\/09\/03\/desamparados-prepara-una-caravana-para-festejar-los-100-anos-de-vida\/#primaryimage"},"thumbnailUrl":"http:\/\/www.sanjuandeportes.com\/wp\/wp-content\/uploads\/2019\/05\/maxresdefault.jpg","datePublished":"2019-09-03T20:05:50+00:00","breadcrumb":{"@id":"http:\/\/www.sanjuandeportes.com\/wp\/2019\/09\/03\/desamparados-prepara-una-caravana-para-festejar-los-100-anos-de-vida\/#breadcrumb"},"inLanguage":"es","potentialAction":[{"@type":"ReadAction","target":["http:\/\/www.sanjuandeportes.com\/wp\/2019\/09\/03\/desamparados-prepara-una-caravana-para-festejar-los-100-anos-de-vida\/"]}]},{"@type":"ImageObject","inLanguage":"es","@id":"http:\/\/www.sanjuandeportes.com\/wp\/2019\/09\/03\/desamparados-prepara-una-caravana-para-festejar-los-100-anos-de-vida\/#primaryimage","url":"http:\/\/www.sanjuandeportes.com\/wp\/wp-content\/uploads\/2019\/05\/maxresdefault.jpg","contentUrl":"http:\/\/www.sanjuandeportes.com\/wp\/wp-content\/uploads\/2019\/05\/maxresdefault.jpg","width":1280,"height":720},{"@type":"BreadcrumbList","@id":"http:\/\/www.sanjuandeportes.com\/wp\/2019\/09\/03\/desamparados-prepara-una-caravana-para-festejar-los-100-anos-de-vida\/#breadcrumb","itemListElement":[{"@type":"ListItem","position":1,"name":"Portada","item":"http:\/\/www.sanjuandeportes.com\/wp\/"},{"@type":"ListItem","position":2,"name":"Desamparados prepara una caravana para festejar los 100 a\u00f1os de vida"}]},{"@type":"WebSite","@id":"http:\/\/www.sanjuandeportes.com\/wp\/#website","url":"http:\/\/www.sanjuandeportes.com\/wp\/","name":"San Juan Deportes","description":"El sitio de deportes de la provincia de San Juan","publisher":{"@id":"http:\/\/www.sanjuandeportes.com\/wp\/#organization"},"potentialAction":[{"@type":"SearchAction","target":{"@type":"EntryPoint","urlTemplate":"http:\/\/www.sanjuandeportes.com\/wp\/?s={search_term_string}"},"query-input":{"@type":"PropertyValueSpecification","valueRequired":true,"valueName":"search_term_string"}}],"inLanguage":"es"},{"@type":"Organization","@id":"http:\/\/www.sanjuandeportes.com\/wp\/#organization","name":"San Juan Deportes","url":"http:\/\/www.sanjuandeportes.com\/wp\/","logo":{"@type":"ImageObject","inLanguage":"es","@id":"http:\/\/www.sanjuandeportes.com\/wp\/#\/schema\/logo\/image\/","url":"https:\/\/www.sanjuandeportes.com\/wp\/wp-content\/uploads\/unnamed.jpg","contentUrl":"https:\/\/www.sanjuandeportes.com\/wp\/wp-content\/uploads\/unnamed.jpg","width":900,"height":900,"caption":"San Juan Deportes"},"image":{"@id":"http:\/\/www.sanjuandeportes.com\/wp\/#\/schema\/logo\/image\/"},"sameAs":["https:\/\/www.facebook.com\/sanjuandeportesok","https:\/\/x.com\/SanJuanDeportes","https:\/\/www.instagram.com\/sanjuandeportes"]},{"@type":"Person","@id":"http:\/\/www.sanjuandeportes.com\/wp\/#\/schema\/person\/eda4d8e62a5d42b111781e3cdfcb9c3a","name":"Pablo Pujado","image":{"@type":"ImageObject","inLanguage":"es","@id":"https:\/\/secure.gravatar.com\/avatar\/310b69d28112912c333408a462a9837208de951b1e7c11514781740412f648b1?s=96&d=mm&r=g","url":"https:\/\/secure.gravatar.com\/avatar\/310b69d28112912c333408a462a9837208de951b1e7c11514781740412f648b1?s=96&d=mm&r=g","contentUrl":"https:\/\/secure.gravatar.com\/avatar\/310b69d28112912c333408a462a9837208de951b1e7c11514781740412f648b1?s=96&d=mm&r=g","caption":"Pablo Pujado"},"url":"http:\/\/www.sanjuandeportes.com\/wp\/author\/pablo-pujado\/"}]}},"_links":{"self":[{"href":"http:\/\/www.sanjuandeportes.com\/wp\/wp-json\/wp\/v2\/posts\/6883","targetHints":{"allow":["GET"]}}],"collection":[{"href":"http:\/\/www.sanjuandeportes.com\/wp\/wp-json\/wp\/v2\/posts"}],"about":[{"href":"http:\/\/www.sanjuandeportes.com\/wp\/wp-json\/wp\/v2\/types\/post"}],"author":[{"embeddable":true,"href":"http:\/\/www.sanjuandeportes.com\/wp\/wp-json\/wp\/v2\/users\/5"}],"replies":[{"embeddable":true,"href":"http:\/\/www.sanjuandeportes.com\/wp\/wp-json\/wp\/v2\/comments?post=6883"}],"version-history":[{"count":1,"href":"http:\/\/www.sanjuandeportes.com\/wp\/wp-json\/wp\/v2\/posts\/6883\/revisions"}],"predecessor-version":[{"id":6885,"href":"http:\/\/www.sanjuandeportes.com\/wp\/wp-json\/wp\/v2\/posts\/6883\/revisions\/6885"}],"wp:featuredmedia":[{"embeddable":true,"href":"http:\/\/www.sanjuandeportes.com\/wp\/wp-json\/wp\/v2\/media\/4796"}],"wp:attachment":[{"href":"http:\/\/www.sanjuandeportes.com\/wp\/wp-json\/wp\/v2\/media?parent=6883"}],"wp:term":[{"taxonomy":"category","embeddable":true,"href":"http:\/\/www.sanjuandeportes.com\/wp\/wp-json\/wp\/v2\/categories?post=6883"},{"taxonomy":"post_tag","embeddable":true,"href":"http:\/\/www.sanjuandeportes.com\/wp\/wp-json\/wp\/v2\/tags?post=6883"}],"curies":[{"name":"wp","href":"https:\/\/api.w.org\/{rel}","templated":true}]}}