{"id":6886,"date":"2019-09-03T23:52:03","date_gmt":"2019-09-03T23:52:03","guid":{"rendered":"http:\/\/www.sanjuandeportes.com\/wp\/?p=6886"},"modified":"2019-09-03T23:52:03","modified_gmt":"2019-09-03T23:52:03","slug":"grelak-dirigio-la-primera-practica-y-fue-presentado-vi-muy-buena-predisposicion","status":"publish","type":"post","link":"http:\/\/www.sanjuandeportes.com\/wp\/2019\/09\/03\/grelak-dirigio-la-primera-practica-y-fue-presentado-vi-muy-buena-predisposicion\/","title":{"rendered":"Grelak dirigi\u00f3 la primera pr\u00e1ctica y fue presentado: \u201cVi muy buena predisposici\u00f3n\u201d"},"content":{"rendered":"<p>Alfredo Grelak, condujo hoy la primera pr\u00e1ctica de San Mart\u00edn dando por comenzado oficialmente hoy su ciclo.<\/p>\n<p>El nuevo DT verdinegro fue presentado al equipo y luego dirigi\u00f3 al grupo en un entrenamiento en la cancha auxiliar del Hilario S\u00e1nchez.<\/p>\n<p>En rueda de prensa el DT manifest\u00f3: \u00abEn la primera pr\u00e1ctica vi muy buena predisposici\u00f3n, un plantel de hombres que sabe lo que quiere\u00bb.<\/p>\n<p>\u00abLo bueno de asumir ahora es que el torneo reci\u00e9n comienza y el plantel est\u00e1 bien armado, con nombres propios que uno puede ir modificando sin la necesidad de meter alg\u00fan cambio. Eso es importante. Lo malo es que no pude trabajar en la pretemporada\u00bb, destac\u00f3.<\/p>\n<p>\u00abSe viene un torneo dif\u00edcil y largo, hay que estar preparados. Vamos a contar con los chicos, a partir de ah\u00ed es competencia y el que mejor est\u00e9 va a jugar. S\u00e9 del patrimonio del club, sus necesidades y las de los chicos\u201d, concluy\u00f3.<\/p>\n<p>El pr\u00f3ximo domingo ser\u00e1 el debut de Grelak cuando visite a Agropecuario de Carlos Casares (Buenos Aires) a partir de las 16.<\/p>\n","protected":false},"excerpt":{"rendered":"<p>Alfredo Grelak, condujo hoy la primera pr\u00e1ctica de San Mart\u00edn dando por comenzado oficialmente hoy su ciclo. El nuevo DT verdinegro fue presentado al equipo y luego dirigi\u00f3 al grupo en un entrenamiento en la cancha auxiliar del Hilario S\u00e1nchez. En rueda de prensa el DT manifest\u00f3: \u00abEn la primera pr\u00e1ctica vi muy buena predisposici\u00f3n, [&hellip;]<\/p>\n","protected":false},"author":5,"featured_media":6887,"comment_status":"open","ping_status":"open","sticky":false,"template":"","format":"standard","meta":{"footnotes":""},"categories":[2,24,720,178],"tags":[760,691,129],"class_list":["post-6886","post","type-post","status-publish","format-standard","has-post-thumbnail","hentry","category-featured","category-futbol","category-primera-nacional","category-san-juan","tag-alfredo-grelak","tag-primera-nacional","tag-san-martin"],"yoast_head":"<!-- This site is optimized with the Yoast SEO plugin v28.2 - https:\/\/yoast.com\/product\/yoast-seo-wordpress\/ -->\n<title>Grelak dirigi\u00f3 la primera pr\u00e1ctica y fue presentado: \u201cVi muy buena predisposici\u00f3n\u201d - San Juan Deportes<\/title>\n<meta name=\"robots\" content=\"index, follow, max-snippet:-1, max-image-preview:large, max-video-preview:-1\" \/>\n<link rel=\"canonical\" href=\"https:\/\/www.sanjuandeportes.com\/wp\/2019\/09\/03\/grelak-dirigio-la-primera-practica-y-fue-presentado-vi-muy-buena-predisposicion\/\" \/>\n<meta property=\"og:locale\" content=\"es_ES\" \/>\n<meta property=\"og:type\" content=\"article\" \/>\n<meta property=\"og:title\" content=\"Grelak dirigi\u00f3 la primera pr\u00e1ctica y fue presentado: \u201cVi muy buena predisposici\u00f3n\u201d - San Juan Deportes\" \/>\n<meta property=\"og:description\" content=\"Alfredo Grelak, condujo hoy la primera pr\u00e1ctica de San Mart\u00edn dando por comenzado oficialmente hoy su ciclo. El nuevo DT verdinegro fue presentado al equipo y luego dirigi\u00f3 al grupo en un entrenamiento en la cancha auxiliar del Hilario S\u00e1nchez. En rueda de prensa el DT manifest\u00f3: \u00abEn la primera pr\u00e1ctica vi muy buena predisposici\u00f3n, [&hellip;]\" \/>\n<meta property=\"og:url\" content=\"https:\/\/www.sanjuandeportes.com\/wp\/2019\/09\/03\/grelak-dirigio-la-primera-practica-y-fue-presentado-vi-muy-buena-predisposicion\/\" \/>\n<meta property=\"og:site_name\" content=\"San Juan Deportes\" \/>\n<meta property=\"article:publisher\" content=\"https:\/\/www.facebook.com\/sanjuandeportesok\" \/>\n<meta property=\"article:published_time\" content=\"2019-09-03T23:52:03+00:00\" \/>\n<meta property=\"og:image\" content=\"https:\/\/www.sanjuandeportes.com\/wp\/wp-content\/uploads\/2019\/09\/EDkAsVZWwAIszQM.jpg\" \/>\n\t<meta property=\"og:image:width\" content=\"1920\" \/>\n\t<meta property=\"og:image:height\" content=\"1440\" \/>\n\t<meta property=\"og:image:type\" content=\"image\/jpeg\" \/>\n<meta name=\"author\" content=\"Pablo Pujado\" \/>\n<meta name=\"twitter:card\" content=\"summary_large_image\" \/>\n<meta name=\"twitter:creator\" content=\"@SanJuanDeportes\" \/>\n<meta name=\"twitter:site\" content=\"@SanJuanDeportes\" \/>\n<meta name=\"twitter:label1\" content=\"Escrito por\" \/>\n\t<meta name=\"twitter:data1\" content=\"Pablo Pujado\" \/>\n\t<meta name=\"twitter:label2\" content=\"Tiempo de lectura\" \/>\n\t<meta name=\"twitter:data2\" content=\"1 minuto\" \/>\n<script type=\"application\/ld+json\" class=\"yoast-schema-graph\">{\"@context\":\"https:\\\/\\\/schema.org\",\"@graph\":[{\"@type\":\"Article\",\"@id\":\"https:\\\/\\\/www.sanjuandeportes.com\\\/wp\\\/2019\\\/09\\\/03\\\/grelak-dirigio-la-primera-practica-y-fue-presentado-vi-muy-buena-predisposicion\\\/#article\",\"isPartOf\":{\"@id\":\"https:\\\/\\\/www.sanjuandeportes.com\\\/wp\\\/2019\\\/09\\\/03\\\/grelak-dirigio-la-primera-practica-y-fue-presentado-vi-muy-buena-predisposicion\\\/\"},\"author\":{\"name\":\"Pablo Pujado\",\"@id\":\"http:\\\/\\\/www.sanjuandeportes.com\\\/wp\\\/#\\\/schema\\\/person\\\/eda4d8e62a5d42b111781e3cdfcb9c3a\"},\"headline\":\"Grelak dirigi\u00f3 la primera pr\u00e1ctica y fue presentado: \u201cVi muy buena predisposici\u00f3n\u201d\",\"datePublished\":\"2019-09-03T23:52:03+00:00\",\"mainEntityOfPage\":{\"@id\":\"https:\\\/\\\/www.sanjuandeportes.com\\\/wp\\\/2019\\\/09\\\/03\\\/grelak-dirigio-la-primera-practica-y-fue-presentado-vi-muy-buena-predisposicion\\\/\"},\"wordCount\":198,\"commentCount\":0,\"publisher\":{\"@id\":\"http:\\\/\\\/www.sanjuandeportes.com\\\/wp\\\/#organization\"},\"image\":{\"@id\":\"https:\\\/\\\/www.sanjuandeportes.com\\\/wp\\\/2019\\\/09\\\/03\\\/grelak-dirigio-la-primera-practica-y-fue-presentado-vi-muy-buena-predisposicion\\\/#primaryimage\"},\"thumbnailUrl\":\"http:\\\/\\\/www.sanjuandeportes.com\\\/wp\\\/wp-content\\\/uploads\\\/2019\\\/09\\\/EDkAsVZWwAIszQM.jpg\",\"keywords\":[\"Alfredo Grelak\",\"Primera Nacional\",\"San Martin\"],\"articleSection\":[\"Featured\",\"Futbol\",\"Primera Nacional\",\"San Juan\"],\"inLanguage\":\"es\",\"potentialAction\":[{\"@type\":\"CommentAction\",\"name\":\"Comment\",\"target\":[\"https:\\\/\\\/www.sanjuandeportes.com\\\/wp\\\/2019\\\/09\\\/03\\\/grelak-dirigio-la-primera-practica-y-fue-presentado-vi-muy-buena-predisposicion\\\/#respond\"]}]},{\"@type\":\"WebPage\",\"@id\":\"https:\\\/\\\/www.sanjuandeportes.com\\\/wp\\\/2019\\\/09\\\/03\\\/grelak-dirigio-la-primera-practica-y-fue-presentado-vi-muy-buena-predisposicion\\\/\",\"url\":\"https:\\\/\\\/www.sanjuandeportes.com\\\/wp\\\/2019\\\/09\\\/03\\\/grelak-dirigio-la-primera-practica-y-fue-presentado-vi-muy-buena-predisposicion\\\/\",\"name\":\"Grelak dirigi\u00f3 la primera pr\u00e1ctica y fue presentado: \u201cVi muy buena predisposici\u00f3n\u201d - San Juan Deportes\",\"isPartOf\":{\"@id\":\"http:\\\/\\\/www.sanjuandeportes.com\\\/wp\\\/#website\"},\"primaryImageOfPage\":{\"@id\":\"https:\\\/\\\/www.sanjuandeportes.com\\\/wp\\\/2019\\\/09\\\/03\\\/grelak-dirigio-la-primera-practica-y-fue-presentado-vi-muy-buena-predisposicion\\\/#primaryimage\"},\"image\":{\"@id\":\"https:\\\/\\\/www.sanjuandeportes.com\\\/wp\\\/2019\\\/09\\\/03\\\/grelak-dirigio-la-primera-practica-y-fue-presentado-vi-muy-buena-predisposicion\\\/#primaryimage\"},\"thumbnailUrl\":\"http:\\\/\\\/www.sanjuandeportes.com\\\/wp\\\/wp-content\\\/uploads\\\/2019\\\/09\\\/EDkAsVZWwAIszQM.jpg\",\"datePublished\":\"2019-09-03T23:52:03+00:00\",\"breadcrumb\":{\"@id\":\"https:\\\/\\\/www.sanjuandeportes.com\\\/wp\\\/2019\\\/09\\\/03\\\/grelak-dirigio-la-primera-practica-y-fue-presentado-vi-muy-buena-predisposicion\\\/#breadcrumb\"},\"inLanguage\":\"es\",\"potentialAction\":[{\"@type\":\"ReadAction\",\"target\":[\"https:\\\/\\\/www.sanjuandeportes.com\\\/wp\\\/2019\\\/09\\\/03\\\/grelak-dirigio-la-primera-practica-y-fue-presentado-vi-muy-buena-predisposicion\\\/\"]}]},{\"@type\":\"ImageObject\",\"inLanguage\":\"es\",\"@id\":\"https:\\\/\\\/www.sanjuandeportes.com\\\/wp\\\/2019\\\/09\\\/03\\\/grelak-dirigio-la-primera-practica-y-fue-presentado-vi-muy-buena-predisposicion\\\/#primaryimage\",\"url\":\"http:\\\/\\\/www.sanjuandeportes.com\\\/wp\\\/wp-content\\\/uploads\\\/2019\\\/09\\\/EDkAsVZWwAIszQM.jpg\",\"contentUrl\":\"http:\\\/\\\/www.sanjuandeportes.com\\\/wp\\\/wp-content\\\/uploads\\\/2019\\\/09\\\/EDkAsVZWwAIszQM.jpg\",\"width\":1920,\"height\":1440},{\"@type\":\"BreadcrumbList\",\"@id\":\"https:\\\/\\\/www.sanjuandeportes.com\\\/wp\\\/2019\\\/09\\\/03\\\/grelak-dirigio-la-primera-practica-y-fue-presentado-vi-muy-buena-predisposicion\\\/#breadcrumb\",\"itemListElement\":[{\"@type\":\"ListItem\",\"position\":1,\"name\":\"Portada\",\"item\":\"http:\\\/\\\/www.sanjuandeportes.com\\\/wp\\\/\"},{\"@type\":\"ListItem\",\"position\":2,\"name\":\"Grelak dirigi\u00f3 la primera pr\u00e1ctica y fue presentado: \u201cVi muy buena predisposici\u00f3n\u201d\"}]},{\"@type\":\"WebSite\",\"@id\":\"http:\\\/\\\/www.sanjuandeportes.com\\\/wp\\\/#website\",\"url\":\"http:\\\/\\\/www.sanjuandeportes.com\\\/wp\\\/\",\"name\":\"San Juan Deportes\",\"description\":\"El sitio de deportes de la provincia de San Juan\",\"publisher\":{\"@id\":\"http:\\\/\\\/www.sanjuandeportes.com\\\/wp\\\/#organization\"},\"potentialAction\":[{\"@type\":\"SearchAction\",\"target\":{\"@type\":\"EntryPoint\",\"urlTemplate\":\"http:\\\/\\\/www.sanjuandeportes.com\\\/wp\\\/?s={search_term_string}\"},\"query-input\":{\"@type\":\"PropertyValueSpecification\",\"valueRequired\":true,\"valueName\":\"search_term_string\"}}],\"inLanguage\":\"es\"},{\"@type\":\"Organization\",\"@id\":\"http:\\\/\\\/www.sanjuandeportes.com\\\/wp\\\/#organization\",\"name\":\"San Juan Deportes\",\"url\":\"http:\\\/\\\/www.sanjuandeportes.com\\\/wp\\\/\",\"logo\":{\"@type\":\"ImageObject\",\"inLanguage\":\"es\",\"@id\":\"http:\\\/\\\/www.sanjuandeportes.com\\\/wp\\\/#\\\/schema\\\/logo\\\/image\\\/\",\"url\":\"https:\\\/\\\/www.sanjuandeportes.com\\\/wp\\\/wp-content\\\/uploads\\\/unnamed.jpg\",\"contentUrl\":\"https:\\\/\\\/www.sanjuandeportes.com\\\/wp\\\/wp-content\\\/uploads\\\/unnamed.jpg\",\"width\":900,\"height\":900,\"caption\":\"San Juan Deportes\"},\"image\":{\"@id\":\"http:\\\/\\\/www.sanjuandeportes.com\\\/wp\\\/#\\\/schema\\\/logo\\\/image\\\/\"},\"sameAs\":[\"https:\\\/\\\/www.facebook.com\\\/sanjuandeportesok\",\"https:\\\/\\\/x.com\\\/SanJuanDeportes\",\"https:\\\/\\\/www.instagram.com\\\/sanjuandeportes\"]},{\"@type\":\"Person\",\"@id\":\"http:\\\/\\\/www.sanjuandeportes.com\\\/wp\\\/#\\\/schema\\\/person\\\/eda4d8e62a5d42b111781e3cdfcb9c3a\",\"name\":\"Pablo Pujado\",\"image\":{\"@type\":\"ImageObject\",\"inLanguage\":\"es\",\"@id\":\"https:\\\/\\\/secure.gravatar.com\\\/avatar\\\/310b69d28112912c333408a462a9837208de951b1e7c11514781740412f648b1?s=96&d=mm&r=g\",\"url\":\"https:\\\/\\\/secure.gravatar.com\\\/avatar\\\/310b69d28112912c333408a462a9837208de951b1e7c11514781740412f648b1?s=96&d=mm&r=g\",\"contentUrl\":\"https:\\\/\\\/secure.gravatar.com\\\/avatar\\\/310b69d28112912c333408a462a9837208de951b1e7c11514781740412f648b1?s=96&d=mm&r=g\",\"caption\":\"Pablo Pujado\"},\"url\":\"http:\\\/\\\/www.sanjuandeportes.com\\\/wp\\\/author\\\/pablo-pujado\\\/\"}]}<\/script>\n<!-- \/ Yoast SEO plugin. -->","yoast_head_json":{"title":"Grelak dirigi\u00f3 la primera pr\u00e1ctica y fue presentado: \u201cVi muy buena predisposici\u00f3n\u201d - San Juan Deportes","robots":{"index":"index","follow":"follow","max-snippet":"max-snippet:-1","max-image-preview":"max-image-preview:large","max-video-preview":"max-video-preview:-1"},"canonical":"https:\/\/www.sanjuandeportes.com\/wp\/2019\/09\/03\/grelak-dirigio-la-primera-practica-y-fue-presentado-vi-muy-buena-predisposicion\/","og_locale":"es_ES","og_type":"article","og_title":"Grelak dirigi\u00f3 la primera pr\u00e1ctica y fue presentado: \u201cVi muy buena predisposici\u00f3n\u201d - San Juan Deportes","og_description":"Alfredo Grelak, condujo hoy la primera pr\u00e1ctica de San Mart\u00edn dando por comenzado oficialmente hoy su ciclo. El nuevo DT verdinegro fue presentado al equipo y luego dirigi\u00f3 al grupo en un entrenamiento en la cancha auxiliar del Hilario S\u00e1nchez. En rueda de prensa el DT manifest\u00f3: \u00abEn la primera pr\u00e1ctica vi muy buena predisposici\u00f3n, [&hellip;]","og_url":"https:\/\/www.sanjuandeportes.com\/wp\/2019\/09\/03\/grelak-dirigio-la-primera-practica-y-fue-presentado-vi-muy-buena-predisposicion\/","og_site_name":"San Juan Deportes","article_publisher":"https:\/\/www.facebook.com\/sanjuandeportesok","article_published_time":"2019-09-03T23:52:03+00:00","og_image":[{"width":1920,"height":1440,"url":"https:\/\/www.sanjuandeportes.com\/wp\/wp-content\/uploads\/2019\/09\/EDkAsVZWwAIszQM.jpg","type":"image\/jpeg"}],"author":"Pablo Pujado","twitter_card":"summary_large_image","twitter_creator":"@SanJuanDeportes","twitter_site":"@SanJuanDeportes","twitter_misc":{"Escrito por":"Pablo Pujado","Tiempo de lectura":"1 minuto"},"schema":{"@context":"https:\/\/schema.org","@graph":[{"@type":"Article","@id":"https:\/\/www.sanjuandeportes.com\/wp\/2019\/09\/03\/grelak-dirigio-la-primera-practica-y-fue-presentado-vi-muy-buena-predisposicion\/#article","isPartOf":{"@id":"https:\/\/www.sanjuandeportes.com\/wp\/2019\/09\/03\/grelak-dirigio-la-primera-practica-y-fue-presentado-vi-muy-buena-predisposicion\/"},"author":{"name":"Pablo Pujado","@id":"http:\/\/www.sanjuandeportes.com\/wp\/#\/schema\/person\/eda4d8e62a5d42b111781e3cdfcb9c3a"},"headline":"Grelak dirigi\u00f3 la primera pr\u00e1ctica y fue presentado: \u201cVi muy buena predisposici\u00f3n\u201d","datePublished":"2019-09-03T23:52:03+00:00","mainEntityOfPage":{"@id":"https:\/\/www.sanjuandeportes.com\/wp\/2019\/09\/03\/grelak-dirigio-la-primera-practica-y-fue-presentado-vi-muy-buena-predisposicion\/"},"wordCount":198,"commentCount":0,"publisher":{"@id":"http:\/\/www.sanjuandeportes.com\/wp\/#organization"},"image":{"@id":"https:\/\/www.sanjuandeportes.com\/wp\/2019\/09\/03\/grelak-dirigio-la-primera-practica-y-fue-presentado-vi-muy-buena-predisposicion\/#primaryimage"},"thumbnailUrl":"http:\/\/www.sanjuandeportes.com\/wp\/wp-content\/uploads\/2019\/09\/EDkAsVZWwAIszQM.jpg","keywords":["Alfredo Grelak","Primera Nacional","San Martin"],"articleSection":["Featured","Futbol","Primera Nacional","San Juan"],"inLanguage":"es","potentialAction":[{"@type":"CommentAction","name":"Comment","target":["https:\/\/www.sanjuandeportes.com\/wp\/2019\/09\/03\/grelak-dirigio-la-primera-practica-y-fue-presentado-vi-muy-buena-predisposicion\/#respond"]}]},{"@type":"WebPage","@id":"https:\/\/www.sanjuandeportes.com\/wp\/2019\/09\/03\/grelak-dirigio-la-primera-practica-y-fue-presentado-vi-muy-buena-predisposicion\/","url":"https:\/\/www.sanjuandeportes.com\/wp\/2019\/09\/03\/grelak-dirigio-la-primera-practica-y-fue-presentado-vi-muy-buena-predisposicion\/","name":"Grelak dirigi\u00f3 la primera pr\u00e1ctica y fue presentado: \u201cVi muy buena predisposici\u00f3n\u201d - San Juan Deportes","isPartOf":{"@id":"http:\/\/www.sanjuandeportes.com\/wp\/#website"},"primaryImageOfPage":{"@id":"https:\/\/www.sanjuandeportes.com\/wp\/2019\/09\/03\/grelak-dirigio-la-primera-practica-y-fue-presentado-vi-muy-buena-predisposicion\/#primaryimage"},"image":{"@id":"https:\/\/www.sanjuandeportes.com\/wp\/2019\/09\/03\/grelak-dirigio-la-primera-practica-y-fue-presentado-vi-muy-buena-predisposicion\/#primaryimage"},"thumbnailUrl":"http:\/\/www.sanjuandeportes.com\/wp\/wp-content\/uploads\/2019\/09\/EDkAsVZWwAIszQM.jpg","datePublished":"2019-09-03T23:52:03+00:00","breadcrumb":{"@id":"https:\/\/www.sanjuandeportes.com\/wp\/2019\/09\/03\/grelak-dirigio-la-primera-practica-y-fue-presentado-vi-muy-buena-predisposicion\/#breadcrumb"},"inLanguage":"es","potentialAction":[{"@type":"ReadAction","target":["https:\/\/www.sanjuandeportes.com\/wp\/2019\/09\/03\/grelak-dirigio-la-primera-practica-y-fue-presentado-vi-muy-buena-predisposicion\/"]}]},{"@type":"ImageObject","inLanguage":"es","@id":"https:\/\/www.sanjuandeportes.com\/wp\/2019\/09\/03\/grelak-dirigio-la-primera-practica-y-fue-presentado-vi-muy-buena-predisposicion\/#primaryimage","url":"http:\/\/www.sanjuandeportes.com\/wp\/wp-content\/uploads\/2019\/09\/EDkAsVZWwAIszQM.jpg","contentUrl":"http:\/\/www.sanjuandeportes.com\/wp\/wp-content\/uploads\/2019\/09\/EDkAsVZWwAIszQM.jpg","width":1920,"height":1440},{"@type":"BreadcrumbList","@id":"https:\/\/www.sanjuandeportes.com\/wp\/2019\/09\/03\/grelak-dirigio-la-primera-practica-y-fue-presentado-vi-muy-buena-predisposicion\/#breadcrumb","itemListElement":[{"@type":"ListItem","position":1,"name":"Portada","item":"http:\/\/www.sanjuandeportes.com\/wp\/"},{"@type":"ListItem","position":2,"name":"Grelak dirigi\u00f3 la primera pr\u00e1ctica y fue presentado: \u201cVi muy buena predisposici\u00f3n\u201d"}]},{"@type":"WebSite","@id":"http:\/\/www.sanjuandeportes.com\/wp\/#website","url":"http:\/\/www.sanjuandeportes.com\/wp\/","name":"San Juan Deportes","description":"El sitio de deportes de la provincia de San Juan","publisher":{"@id":"http:\/\/www.sanjuandeportes.com\/wp\/#organization"},"potentialAction":[{"@type":"SearchAction","target":{"@type":"EntryPoint","urlTemplate":"http:\/\/www.sanjuandeportes.com\/wp\/?s={search_term_string}"},"query-input":{"@type":"PropertyValueSpecification","valueRequired":true,"valueName":"search_term_string"}}],"inLanguage":"es"},{"@type":"Organization","@id":"http:\/\/www.sanjuandeportes.com\/wp\/#organization","name":"San Juan Deportes","url":"http:\/\/www.sanjuandeportes.com\/wp\/","logo":{"@type":"ImageObject","inLanguage":"es","@id":"http:\/\/www.sanjuandeportes.com\/wp\/#\/schema\/logo\/image\/","url":"https:\/\/www.sanjuandeportes.com\/wp\/wp-content\/uploads\/unnamed.jpg","contentUrl":"https:\/\/www.sanjuandeportes.com\/wp\/wp-content\/uploads\/unnamed.jpg","width":900,"height":900,"caption":"San Juan Deportes"},"image":{"@id":"http:\/\/www.sanjuandeportes.com\/wp\/#\/schema\/logo\/image\/"},"sameAs":["https:\/\/www.facebook.com\/sanjuandeportesok","https:\/\/x.com\/SanJuanDeportes","https:\/\/www.instagram.com\/sanjuandeportes"]},{"@type":"Person","@id":"http:\/\/www.sanjuandeportes.com\/wp\/#\/schema\/person\/eda4d8e62a5d42b111781e3cdfcb9c3a","name":"Pablo Pujado","image":{"@type":"ImageObject","inLanguage":"es","@id":"https:\/\/secure.gravatar.com\/avatar\/310b69d28112912c333408a462a9837208de951b1e7c11514781740412f648b1?s=96&d=mm&r=g","url":"https:\/\/secure.gravatar.com\/avatar\/310b69d28112912c333408a462a9837208de951b1e7c11514781740412f648b1?s=96&d=mm&r=g","contentUrl":"https:\/\/secure.gravatar.com\/avatar\/310b69d28112912c333408a462a9837208de951b1e7c11514781740412f648b1?s=96&d=mm&r=g","caption":"Pablo Pujado"},"url":"http:\/\/www.sanjuandeportes.com\/wp\/author\/pablo-pujado\/"}]}},"_links":{"self":[{"href":"http:\/\/www.sanjuandeportes.com\/wp\/wp-json\/wp\/v2\/posts\/6886","targetHints":{"allow":["GET"]}}],"collection":[{"href":"http:\/\/www.sanjuandeportes.com\/wp\/wp-json\/wp\/v2\/posts"}],"about":[{"href":"http:\/\/www.sanjuandeportes.com\/wp\/wp-json\/wp\/v2\/types\/post"}],"author":[{"embeddable":true,"href":"http:\/\/www.sanjuandeportes.com\/wp\/wp-json\/wp\/v2\/users\/5"}],"replies":[{"embeddable":true,"href":"http:\/\/www.sanjuandeportes.com\/wp\/wp-json\/wp\/v2\/comments?post=6886"}],"version-history":[{"count":1,"href":"http:\/\/www.sanjuandeportes.com\/wp\/wp-json\/wp\/v2\/posts\/6886\/revisions"}],"predecessor-version":[{"id":6888,"href":"http:\/\/www.sanjuandeportes.com\/wp\/wp-json\/wp\/v2\/posts\/6886\/revisions\/6888"}],"wp:featuredmedia":[{"embeddable":true,"href":"http:\/\/www.sanjuandeportes.com\/wp\/wp-json\/wp\/v2\/media\/6887"}],"wp:attachment":[{"href":"http:\/\/www.sanjuandeportes.com\/wp\/wp-json\/wp\/v2\/media?parent=6886"}],"wp:term":[{"taxonomy":"category","embeddable":true,"href":"http:\/\/www.sanjuandeportes.com\/wp\/wp-json\/wp\/v2\/categories?post=6886"},{"taxonomy":"post_tag","embeddable":true,"href":"http:\/\/www.sanjuandeportes.com\/wp\/wp-json\/wp\/v2\/tags?post=6886"}],"curies":[{"name":"wp","href":"https:\/\/api.w.org\/{rel}","templated":true}]}}