{"id":6906,"date":"2019-09-04T22:12:30","date_gmt":"2019-09-04T22:12:30","guid":{"rendered":"http:\/\/www.sanjuandeportes.com\/wp\/?p=6906"},"modified":"2019-09-04T22:12:30","modified_gmt":"2019-09-04T22:12:30","slug":"voley-guadalupe-martin-arranca-el-sueno-mundialista-con-las-panteritas","status":"publish","type":"post","link":"http:\/\/www.sanjuandeportes.com\/wp\/2019\/09\/04\/voley-guadalupe-martin-arranca-el-sueno-mundialista-con-las-panteritas\/","title":{"rendered":"V\u00f3ley: Guadalupe Mart\u00edn, arranca el sue\u00f1o mundialista con Las Panteritas"},"content":{"rendered":"<p>La Selecci\u00f3n Argentina de V\u00f3ley U18 Femenino disputar\u00e1 el Mundial de la categor\u00eda en El Cairo, Egipto. All\u00ed estar\u00e1 presente la sanjuanina Guadalupe Mart\u00edn, integrante del combinado nacional y del programa de Alto Rendimiento de la Secretar\u00eda de Deportes.<\/p>\n<p><img decoding=\"async\" class=\"alignnone size-large wp-image-6908 lazyload\" data-src=\"http:\/\/www.sanjuandeportes.com\/wp\/wp-content\/uploads\/2019\/09\/WhatsApp-Image-2018-07-13-at-06.31.37-768x1024.jpeg\" alt=\"\" width=\"640\" height=\"853\" data-srcset=\"http:\/\/www.sanjuandeportes.com\/wp\/wp-content\/uploads\/2019\/09\/WhatsApp-Image-2018-07-13-at-06.31.37.jpeg 768w, http:\/\/www.sanjuandeportes.com\/wp\/wp-content\/uploads\/2019\/09\/WhatsApp-Image-2018-07-13-at-06.31.37-225x300.jpeg 225w, http:\/\/www.sanjuandeportes.com\/wp\/wp-content\/uploads\/2019\/09\/WhatsApp-Image-2018-07-13-at-06.31.37-696x928.jpeg 696w, http:\/\/www.sanjuandeportes.com\/wp\/wp-content\/uploads\/2019\/09\/WhatsApp-Image-2018-07-13-at-06.31.37-315x420.jpeg 315w\" data-sizes=\"(max-width: 640px) 100vw, 640px\" src=\"data:image\/svg+xml;base64,PHN2ZyB3aWR0aD0iMSIgaGVpZ2h0PSIxIiB4bWxucz0iaHR0cDovL3d3dy53My5vcmcvMjAwMC9zdmciPjwvc3ZnPg==\" style=\"--smush-placeholder-width: 640px; --smush-placeholder-aspect-ratio: 640\/853;\" \/><\/p>\n<p>El debut argentino ser\u00e1 el este jueves, a las 16:00 frente a Rumania. Un d\u00eda m\u00e1s tarde se enfrentar\u00e1 a Rusia a partir de las 10:00, y el domingo jugar\u00e1 contra Bielorrusia a la misma hora. Cerrar\u00e1 la Zona C midi\u00e9ndose contra Tailandia, tambi\u00e9n a las 10:00, siempre en horario nuestro.<\/p>\n<p>En esta categor\u00eda, la Selecci\u00f3n viene de quedar en el s\u00e9ptimo lugar en el Mundial que se realiz\u00f3 en Santa Fe en 2017, su mejor actuaci\u00f3n hasta el momento.<\/p>\n<p>El selectivo nacional hizo la preparaci\u00f3n en Buenos Aires para afrontar esta cita mundialista en la ciudad egipcia.<\/p>\n<p>Guadalupe Mart\u00edn tiene 17 a\u00f1os, naci\u00f3 el 23\/3\/2002 y juega actualmente en la Universidad Nacional de San Juan. El a\u00f1o pasado la Selecci\u00f3n Femenina Sub 20 fue subcampeona sudamericana y la jugadora sanjuanina estuvo presente en ese plantel, siendo adem\u00e1s la m\u00e1s peque\u00f1a.<\/p>\n<p><strong>El plantel de la Selecci\u00f3n Argentina U18 Fememino:<\/strong><\/p>\n<ul>\n<li>Aylen Ayub<\/li>\n<li>Catalina Rochaix<\/li>\n<li>Azul Ulla<\/li>\n<li>Mar\u00eda Puljiz<\/li>\n<li>Julieta Holzmaisters<\/li>\n<li>Guadalupe Mart\u00edn<\/li>\n<li>Bianca Cugno<\/li>\n<li>Florencia Wolkowyski<\/li>\n<li>Valentina Paredes<\/li>\n<li>Bianca Bertolino<\/li>\n<li>Julieta Sandez<\/li>\n<li>Rohrberg, Evelyn<\/li>\n<li>Fuente: Si San Juan<\/li>\n<\/ul>\n","protected":false},"excerpt":{"rendered":"<p>La Selecci\u00f3n Argentina de V\u00f3ley U18 Femenino disputar\u00e1 el Mundial de la categor\u00eda en El Cairo, Egipto. All\u00ed estar\u00e1 presente la sanjuanina Guadalupe Mart\u00edn, integrante del combinado nacional y del programa de Alto Rendimiento de la Secretar\u00eda de Deportes. El debut argentino ser\u00e1 el este jueves, a las 16:00 frente a Rumania. Un d\u00eda m\u00e1s [&hellip;]<\/p>\n","protected":false},"author":5,"featured_media":6907,"comment_status":"open","ping_status":"open","sticky":false,"template":"","format":"standard","meta":{"footnotes":""},"categories":[2,178,35,34],"tags":[775,84,167],"class_list":["post-6906","post","type-post","status-publish","format-standard","has-post-thumbnail","hentry","category-featured","category-san-juan","category-seleccion-argentina","category-voley","tag-guadalupe-martin","tag-san-juan","tag-voley"],"yoast_head":"<!-- This site is optimized with the Yoast SEO plugin v28.2 - https:\/\/yoast.com\/product\/yoast-seo-wordpress\/ -->\n<title>V\u00f3ley: Guadalupe Mart\u00edn, arranca el sue\u00f1o mundialista con Las Panteritas - San Juan Deportes<\/title>\n<meta name=\"robots\" content=\"index, follow, max-snippet:-1, max-image-preview:large, max-video-preview:-1\" \/>\n<link rel=\"canonical\" href=\"https:\/\/www.sanjuandeportes.com\/wp\/2019\/09\/04\/voley-guadalupe-martin-arranca-el-sueno-mundialista-con-las-panteritas\/\" \/>\n<meta property=\"og:locale\" content=\"es_ES\" \/>\n<meta property=\"og:type\" content=\"article\" \/>\n<meta property=\"og:title\" content=\"V\u00f3ley: Guadalupe Mart\u00edn, arranca el sue\u00f1o mundialista con Las Panteritas - San Juan Deportes\" \/>\n<meta property=\"og:description\" content=\"La Selecci\u00f3n Argentina de V\u00f3ley U18 Femenino disputar\u00e1 el Mundial de la categor\u00eda en El Cairo, Egipto. All\u00ed estar\u00e1 presente la sanjuanina Guadalupe Mart\u00edn, integrante del combinado nacional y del programa de Alto Rendimiento de la Secretar\u00eda de Deportes. El debut argentino ser\u00e1 el este jueves, a las 16:00 frente a Rumania. Un d\u00eda m\u00e1s [&hellip;]\" \/>\n<meta property=\"og:url\" content=\"https:\/\/www.sanjuandeportes.com\/wp\/2019\/09\/04\/voley-guadalupe-martin-arranca-el-sueno-mundialista-con-las-panteritas\/\" \/>\n<meta property=\"og:site_name\" content=\"San Juan Deportes\" \/>\n<meta property=\"article:publisher\" content=\"https:\/\/www.facebook.com\/sanjuandeportesok\" \/>\n<meta property=\"article:published_time\" content=\"2019-09-04T22:12:30+00:00\" \/>\n<meta property=\"og:image\" content=\"https:\/\/www.sanjuandeportes.com\/wp\/wp-content\/uploads\/2019\/09\/136ae99842422d6a4f6def782e061300_L.jpg\" \/>\n\t<meta property=\"og:image:width\" content=\"782\" \/>\n\t<meta property=\"og:image:height\" content=\"587\" \/>\n\t<meta property=\"og:image:type\" content=\"image\/jpeg\" \/>\n<meta name=\"author\" content=\"Pablo Pujado\" \/>\n<meta name=\"twitter:card\" content=\"summary_large_image\" \/>\n<meta name=\"twitter:creator\" content=\"@SanJuanDeportes\" \/>\n<meta name=\"twitter:site\" content=\"@SanJuanDeportes\" \/>\n<meta name=\"twitter:label1\" content=\"Escrito por\" \/>\n\t<meta name=\"twitter:data1\" content=\"Pablo Pujado\" \/>\n\t<meta name=\"twitter:label2\" content=\"Tiempo de lectura\" \/>\n\t<meta name=\"twitter:data2\" content=\"1 minuto\" \/>\n<script type=\"application\/ld+json\" class=\"yoast-schema-graph\">{\"@context\":\"https:\\\/\\\/schema.org\",\"@graph\":[{\"@type\":\"Article\",\"@id\":\"https:\\\/\\\/www.sanjuandeportes.com\\\/wp\\\/2019\\\/09\\\/04\\\/voley-guadalupe-martin-arranca-el-sueno-mundialista-con-las-panteritas\\\/#article\",\"isPartOf\":{\"@id\":\"https:\\\/\\\/www.sanjuandeportes.com\\\/wp\\\/2019\\\/09\\\/04\\\/voley-guadalupe-martin-arranca-el-sueno-mundialista-con-las-panteritas\\\/\"},\"author\":{\"name\":\"Pablo Pujado\",\"@id\":\"http:\\\/\\\/www.sanjuandeportes.com\\\/wp\\\/#\\\/schema\\\/person\\\/eda4d8e62a5d42b111781e3cdfcb9c3a\"},\"headline\":\"V\u00f3ley: Guadalupe Mart\u00edn, arranca el sue\u00f1o mundialista con Las Panteritas\",\"datePublished\":\"2019-09-04T22:12:30+00:00\",\"mainEntityOfPage\":{\"@id\":\"https:\\\/\\\/www.sanjuandeportes.com\\\/wp\\\/2019\\\/09\\\/04\\\/voley-guadalupe-martin-arranca-el-sueno-mundialista-con-las-panteritas\\\/\"},\"wordCount\":246,\"commentCount\":0,\"publisher\":{\"@id\":\"http:\\\/\\\/www.sanjuandeportes.com\\\/wp\\\/#organization\"},\"image\":{\"@id\":\"https:\\\/\\\/www.sanjuandeportes.com\\\/wp\\\/2019\\\/09\\\/04\\\/voley-guadalupe-martin-arranca-el-sueno-mundialista-con-las-panteritas\\\/#primaryimage\"},\"thumbnailUrl\":\"http:\\\/\\\/www.sanjuandeportes.com\\\/wp\\\/wp-content\\\/uploads\\\/2019\\\/09\\\/136ae99842422d6a4f6def782e061300_L.jpg\",\"keywords\":[\"Guadalupe Mart\u00edn\",\"San Juan\",\"V\u00f3ley\"],\"articleSection\":[\"Featured\",\"San Juan\",\"Selecci\u00f3n Argentina\",\"Voley\"],\"inLanguage\":\"es\",\"potentialAction\":[{\"@type\":\"CommentAction\",\"name\":\"Comment\",\"target\":[\"https:\\\/\\\/www.sanjuandeportes.com\\\/wp\\\/2019\\\/09\\\/04\\\/voley-guadalupe-martin-arranca-el-sueno-mundialista-con-las-panteritas\\\/#respond\"]}]},{\"@type\":\"WebPage\",\"@id\":\"https:\\\/\\\/www.sanjuandeportes.com\\\/wp\\\/2019\\\/09\\\/04\\\/voley-guadalupe-martin-arranca-el-sueno-mundialista-con-las-panteritas\\\/\",\"url\":\"https:\\\/\\\/www.sanjuandeportes.com\\\/wp\\\/2019\\\/09\\\/04\\\/voley-guadalupe-martin-arranca-el-sueno-mundialista-con-las-panteritas\\\/\",\"name\":\"V\u00f3ley: Guadalupe Mart\u00edn, arranca el sue\u00f1o mundialista con Las Panteritas - San Juan Deportes\",\"isPartOf\":{\"@id\":\"http:\\\/\\\/www.sanjuandeportes.com\\\/wp\\\/#website\"},\"primaryImageOfPage\":{\"@id\":\"https:\\\/\\\/www.sanjuandeportes.com\\\/wp\\\/2019\\\/09\\\/04\\\/voley-guadalupe-martin-arranca-el-sueno-mundialista-con-las-panteritas\\\/#primaryimage\"},\"image\":{\"@id\":\"https:\\\/\\\/www.sanjuandeportes.com\\\/wp\\\/2019\\\/09\\\/04\\\/voley-guadalupe-martin-arranca-el-sueno-mundialista-con-las-panteritas\\\/#primaryimage\"},\"thumbnailUrl\":\"http:\\\/\\\/www.sanjuandeportes.com\\\/wp\\\/wp-content\\\/uploads\\\/2019\\\/09\\\/136ae99842422d6a4f6def782e061300_L.jpg\",\"datePublished\":\"2019-09-04T22:12:30+00:00\",\"breadcrumb\":{\"@id\":\"https:\\\/\\\/www.sanjuandeportes.com\\\/wp\\\/2019\\\/09\\\/04\\\/voley-guadalupe-martin-arranca-el-sueno-mundialista-con-las-panteritas\\\/#breadcrumb\"},\"inLanguage\":\"es\",\"potentialAction\":[{\"@type\":\"ReadAction\",\"target\":[\"https:\\\/\\\/www.sanjuandeportes.com\\\/wp\\\/2019\\\/09\\\/04\\\/voley-guadalupe-martin-arranca-el-sueno-mundialista-con-las-panteritas\\\/\"]}]},{\"@type\":\"ImageObject\",\"inLanguage\":\"es\",\"@id\":\"https:\\\/\\\/www.sanjuandeportes.com\\\/wp\\\/2019\\\/09\\\/04\\\/voley-guadalupe-martin-arranca-el-sueno-mundialista-con-las-panteritas\\\/#primaryimage\",\"url\":\"http:\\\/\\\/www.sanjuandeportes.com\\\/wp\\\/wp-content\\\/uploads\\\/2019\\\/09\\\/136ae99842422d6a4f6def782e061300_L.jpg\",\"contentUrl\":\"http:\\\/\\\/www.sanjuandeportes.com\\\/wp\\\/wp-content\\\/uploads\\\/2019\\\/09\\\/136ae99842422d6a4f6def782e061300_L.jpg\",\"width\":782,\"height\":587},{\"@type\":\"BreadcrumbList\",\"@id\":\"https:\\\/\\\/www.sanjuandeportes.com\\\/wp\\\/2019\\\/09\\\/04\\\/voley-guadalupe-martin-arranca-el-sueno-mundialista-con-las-panteritas\\\/#breadcrumb\",\"itemListElement\":[{\"@type\":\"ListItem\",\"position\":1,\"name\":\"Portada\",\"item\":\"http:\\\/\\\/www.sanjuandeportes.com\\\/wp\\\/\"},{\"@type\":\"ListItem\",\"position\":2,\"name\":\"V\u00f3ley: Guadalupe Mart\u00edn, arranca el sue\u00f1o mundialista con Las Panteritas\"}]},{\"@type\":\"WebSite\",\"@id\":\"http:\\\/\\\/www.sanjuandeportes.com\\\/wp\\\/#website\",\"url\":\"http:\\\/\\\/www.sanjuandeportes.com\\\/wp\\\/\",\"name\":\"San Juan Deportes\",\"description\":\"El sitio de deportes de la provincia de San Juan\",\"publisher\":{\"@id\":\"http:\\\/\\\/www.sanjuandeportes.com\\\/wp\\\/#organization\"},\"potentialAction\":[{\"@type\":\"SearchAction\",\"target\":{\"@type\":\"EntryPoint\",\"urlTemplate\":\"http:\\\/\\\/www.sanjuandeportes.com\\\/wp\\\/?s={search_term_string}\"},\"query-input\":{\"@type\":\"PropertyValueSpecification\",\"valueRequired\":true,\"valueName\":\"search_term_string\"}}],\"inLanguage\":\"es\"},{\"@type\":\"Organization\",\"@id\":\"http:\\\/\\\/www.sanjuandeportes.com\\\/wp\\\/#organization\",\"name\":\"San Juan Deportes\",\"url\":\"http:\\\/\\\/www.sanjuandeportes.com\\\/wp\\\/\",\"logo\":{\"@type\":\"ImageObject\",\"inLanguage\":\"es\",\"@id\":\"http:\\\/\\\/www.sanjuandeportes.com\\\/wp\\\/#\\\/schema\\\/logo\\\/image\\\/\",\"url\":\"https:\\\/\\\/www.sanjuandeportes.com\\\/wp\\\/wp-content\\\/uploads\\\/unnamed.jpg\",\"contentUrl\":\"https:\\\/\\\/www.sanjuandeportes.com\\\/wp\\\/wp-content\\\/uploads\\\/unnamed.jpg\",\"width\":900,\"height\":900,\"caption\":\"San Juan Deportes\"},\"image\":{\"@id\":\"http:\\\/\\\/www.sanjuandeportes.com\\\/wp\\\/#\\\/schema\\\/logo\\\/image\\\/\"},\"sameAs\":[\"https:\\\/\\\/www.facebook.com\\\/sanjuandeportesok\",\"https:\\\/\\\/x.com\\\/SanJuanDeportes\",\"https:\\\/\\\/www.instagram.com\\\/sanjuandeportes\"]},{\"@type\":\"Person\",\"@id\":\"http:\\\/\\\/www.sanjuandeportes.com\\\/wp\\\/#\\\/schema\\\/person\\\/eda4d8e62a5d42b111781e3cdfcb9c3a\",\"name\":\"Pablo Pujado\",\"image\":{\"@type\":\"ImageObject\",\"inLanguage\":\"es\",\"@id\":\"https:\\\/\\\/secure.gravatar.com\\\/avatar\\\/310b69d28112912c333408a462a9837208de951b1e7c11514781740412f648b1?s=96&d=mm&r=g\",\"url\":\"https:\\\/\\\/secure.gravatar.com\\\/avatar\\\/310b69d28112912c333408a462a9837208de951b1e7c11514781740412f648b1?s=96&d=mm&r=g\",\"contentUrl\":\"https:\\\/\\\/secure.gravatar.com\\\/avatar\\\/310b69d28112912c333408a462a9837208de951b1e7c11514781740412f648b1?s=96&d=mm&r=g\",\"caption\":\"Pablo Pujado\"},\"url\":\"http:\\\/\\\/www.sanjuandeportes.com\\\/wp\\\/author\\\/pablo-pujado\\\/\"}]}<\/script>\n<!-- \/ Yoast SEO plugin. -->","yoast_head_json":{"title":"V\u00f3ley: Guadalupe Mart\u00edn, arranca el sue\u00f1o mundialista con Las Panteritas - San Juan Deportes","robots":{"index":"index","follow":"follow","max-snippet":"max-snippet:-1","max-image-preview":"max-image-preview:large","max-video-preview":"max-video-preview:-1"},"canonical":"https:\/\/www.sanjuandeportes.com\/wp\/2019\/09\/04\/voley-guadalupe-martin-arranca-el-sueno-mundialista-con-las-panteritas\/","og_locale":"es_ES","og_type":"article","og_title":"V\u00f3ley: Guadalupe Mart\u00edn, arranca el sue\u00f1o mundialista con Las Panteritas - San Juan Deportes","og_description":"La Selecci\u00f3n Argentina de V\u00f3ley U18 Femenino disputar\u00e1 el Mundial de la categor\u00eda en El Cairo, Egipto. All\u00ed estar\u00e1 presente la sanjuanina Guadalupe Mart\u00edn, integrante del combinado nacional y del programa de Alto Rendimiento de la Secretar\u00eda de Deportes. El debut argentino ser\u00e1 el este jueves, a las 16:00 frente a Rumania. Un d\u00eda m\u00e1s [&hellip;]","og_url":"https:\/\/www.sanjuandeportes.com\/wp\/2019\/09\/04\/voley-guadalupe-martin-arranca-el-sueno-mundialista-con-las-panteritas\/","og_site_name":"San Juan Deportes","article_publisher":"https:\/\/www.facebook.com\/sanjuandeportesok","article_published_time":"2019-09-04T22:12:30+00:00","og_image":[{"width":782,"height":587,"url":"https:\/\/www.sanjuandeportes.com\/wp\/wp-content\/uploads\/2019\/09\/136ae99842422d6a4f6def782e061300_L.jpg","type":"image\/jpeg"}],"author":"Pablo Pujado","twitter_card":"summary_large_image","twitter_creator":"@SanJuanDeportes","twitter_site":"@SanJuanDeportes","twitter_misc":{"Escrito por":"Pablo Pujado","Tiempo de lectura":"1 minuto"},"schema":{"@context":"https:\/\/schema.org","@graph":[{"@type":"Article","@id":"https:\/\/www.sanjuandeportes.com\/wp\/2019\/09\/04\/voley-guadalupe-martin-arranca-el-sueno-mundialista-con-las-panteritas\/#article","isPartOf":{"@id":"https:\/\/www.sanjuandeportes.com\/wp\/2019\/09\/04\/voley-guadalupe-martin-arranca-el-sueno-mundialista-con-las-panteritas\/"},"author":{"name":"Pablo Pujado","@id":"http:\/\/www.sanjuandeportes.com\/wp\/#\/schema\/person\/eda4d8e62a5d42b111781e3cdfcb9c3a"},"headline":"V\u00f3ley: Guadalupe Mart\u00edn, arranca el sue\u00f1o mundialista con Las Panteritas","datePublished":"2019-09-04T22:12:30+00:00","mainEntityOfPage":{"@id":"https:\/\/www.sanjuandeportes.com\/wp\/2019\/09\/04\/voley-guadalupe-martin-arranca-el-sueno-mundialista-con-las-panteritas\/"},"wordCount":246,"commentCount":0,"publisher":{"@id":"http:\/\/www.sanjuandeportes.com\/wp\/#organization"},"image":{"@id":"https:\/\/www.sanjuandeportes.com\/wp\/2019\/09\/04\/voley-guadalupe-martin-arranca-el-sueno-mundialista-con-las-panteritas\/#primaryimage"},"thumbnailUrl":"http:\/\/www.sanjuandeportes.com\/wp\/wp-content\/uploads\/2019\/09\/136ae99842422d6a4f6def782e061300_L.jpg","keywords":["Guadalupe Mart\u00edn","San Juan","V\u00f3ley"],"articleSection":["Featured","San Juan","Selecci\u00f3n Argentina","Voley"],"inLanguage":"es","potentialAction":[{"@type":"CommentAction","name":"Comment","target":["https:\/\/www.sanjuandeportes.com\/wp\/2019\/09\/04\/voley-guadalupe-martin-arranca-el-sueno-mundialista-con-las-panteritas\/#respond"]}]},{"@type":"WebPage","@id":"https:\/\/www.sanjuandeportes.com\/wp\/2019\/09\/04\/voley-guadalupe-martin-arranca-el-sueno-mundialista-con-las-panteritas\/","url":"https:\/\/www.sanjuandeportes.com\/wp\/2019\/09\/04\/voley-guadalupe-martin-arranca-el-sueno-mundialista-con-las-panteritas\/","name":"V\u00f3ley: Guadalupe Mart\u00edn, arranca el sue\u00f1o mundialista con Las Panteritas - San Juan Deportes","isPartOf":{"@id":"http:\/\/www.sanjuandeportes.com\/wp\/#website"},"primaryImageOfPage":{"@id":"https:\/\/www.sanjuandeportes.com\/wp\/2019\/09\/04\/voley-guadalupe-martin-arranca-el-sueno-mundialista-con-las-panteritas\/#primaryimage"},"image":{"@id":"https:\/\/www.sanjuandeportes.com\/wp\/2019\/09\/04\/voley-guadalupe-martin-arranca-el-sueno-mundialista-con-las-panteritas\/#primaryimage"},"thumbnailUrl":"http:\/\/www.sanjuandeportes.com\/wp\/wp-content\/uploads\/2019\/09\/136ae99842422d6a4f6def782e061300_L.jpg","datePublished":"2019-09-04T22:12:30+00:00","breadcrumb":{"@id":"https:\/\/www.sanjuandeportes.com\/wp\/2019\/09\/04\/voley-guadalupe-martin-arranca-el-sueno-mundialista-con-las-panteritas\/#breadcrumb"},"inLanguage":"es","potentialAction":[{"@type":"ReadAction","target":["https:\/\/www.sanjuandeportes.com\/wp\/2019\/09\/04\/voley-guadalupe-martin-arranca-el-sueno-mundialista-con-las-panteritas\/"]}]},{"@type":"ImageObject","inLanguage":"es","@id":"https:\/\/www.sanjuandeportes.com\/wp\/2019\/09\/04\/voley-guadalupe-martin-arranca-el-sueno-mundialista-con-las-panteritas\/#primaryimage","url":"http:\/\/www.sanjuandeportes.com\/wp\/wp-content\/uploads\/2019\/09\/136ae99842422d6a4f6def782e061300_L.jpg","contentUrl":"http:\/\/www.sanjuandeportes.com\/wp\/wp-content\/uploads\/2019\/09\/136ae99842422d6a4f6def782e061300_L.jpg","width":782,"height":587},{"@type":"BreadcrumbList","@id":"https:\/\/www.sanjuandeportes.com\/wp\/2019\/09\/04\/voley-guadalupe-martin-arranca-el-sueno-mundialista-con-las-panteritas\/#breadcrumb","itemListElement":[{"@type":"ListItem","position":1,"name":"Portada","item":"http:\/\/www.sanjuandeportes.com\/wp\/"},{"@type":"ListItem","position":2,"name":"V\u00f3ley: Guadalupe Mart\u00edn, arranca el sue\u00f1o mundialista con Las Panteritas"}]},{"@type":"WebSite","@id":"http:\/\/www.sanjuandeportes.com\/wp\/#website","url":"http:\/\/www.sanjuandeportes.com\/wp\/","name":"San Juan Deportes","description":"El sitio de deportes de la provincia de San Juan","publisher":{"@id":"http:\/\/www.sanjuandeportes.com\/wp\/#organization"},"potentialAction":[{"@type":"SearchAction","target":{"@type":"EntryPoint","urlTemplate":"http:\/\/www.sanjuandeportes.com\/wp\/?s={search_term_string}"},"query-input":{"@type":"PropertyValueSpecification","valueRequired":true,"valueName":"search_term_string"}}],"inLanguage":"es"},{"@type":"Organization","@id":"http:\/\/www.sanjuandeportes.com\/wp\/#organization","name":"San Juan Deportes","url":"http:\/\/www.sanjuandeportes.com\/wp\/","logo":{"@type":"ImageObject","inLanguage":"es","@id":"http:\/\/www.sanjuandeportes.com\/wp\/#\/schema\/logo\/image\/","url":"https:\/\/www.sanjuandeportes.com\/wp\/wp-content\/uploads\/unnamed.jpg","contentUrl":"https:\/\/www.sanjuandeportes.com\/wp\/wp-content\/uploads\/unnamed.jpg","width":900,"height":900,"caption":"San Juan Deportes"},"image":{"@id":"http:\/\/www.sanjuandeportes.com\/wp\/#\/schema\/logo\/image\/"},"sameAs":["https:\/\/www.facebook.com\/sanjuandeportesok","https:\/\/x.com\/SanJuanDeportes","https:\/\/www.instagram.com\/sanjuandeportes"]},{"@type":"Person","@id":"http:\/\/www.sanjuandeportes.com\/wp\/#\/schema\/person\/eda4d8e62a5d42b111781e3cdfcb9c3a","name":"Pablo Pujado","image":{"@type":"ImageObject","inLanguage":"es","@id":"https:\/\/secure.gravatar.com\/avatar\/310b69d28112912c333408a462a9837208de951b1e7c11514781740412f648b1?s=96&d=mm&r=g","url":"https:\/\/secure.gravatar.com\/avatar\/310b69d28112912c333408a462a9837208de951b1e7c11514781740412f648b1?s=96&d=mm&r=g","contentUrl":"https:\/\/secure.gravatar.com\/avatar\/310b69d28112912c333408a462a9837208de951b1e7c11514781740412f648b1?s=96&d=mm&r=g","caption":"Pablo Pujado"},"url":"http:\/\/www.sanjuandeportes.com\/wp\/author\/pablo-pujado\/"}]}},"_links":{"self":[{"href":"http:\/\/www.sanjuandeportes.com\/wp\/wp-json\/wp\/v2\/posts\/6906","targetHints":{"allow":["GET"]}}],"collection":[{"href":"http:\/\/www.sanjuandeportes.com\/wp\/wp-json\/wp\/v2\/posts"}],"about":[{"href":"http:\/\/www.sanjuandeportes.com\/wp\/wp-json\/wp\/v2\/types\/post"}],"author":[{"embeddable":true,"href":"http:\/\/www.sanjuandeportes.com\/wp\/wp-json\/wp\/v2\/users\/5"}],"replies":[{"embeddable":true,"href":"http:\/\/www.sanjuandeportes.com\/wp\/wp-json\/wp\/v2\/comments?post=6906"}],"version-history":[{"count":1,"href":"http:\/\/www.sanjuandeportes.com\/wp\/wp-json\/wp\/v2\/posts\/6906\/revisions"}],"predecessor-version":[{"id":6909,"href":"http:\/\/www.sanjuandeportes.com\/wp\/wp-json\/wp\/v2\/posts\/6906\/revisions\/6909"}],"wp:featuredmedia":[{"embeddable":true,"href":"http:\/\/www.sanjuandeportes.com\/wp\/wp-json\/wp\/v2\/media\/6907"}],"wp:attachment":[{"href":"http:\/\/www.sanjuandeportes.com\/wp\/wp-json\/wp\/v2\/media?parent=6906"}],"wp:term":[{"taxonomy":"category","embeddable":true,"href":"http:\/\/www.sanjuandeportes.com\/wp\/wp-json\/wp\/v2\/categories?post=6906"},{"taxonomy":"post_tag","embeddable":true,"href":"http:\/\/www.sanjuandeportes.com\/wp\/wp-json\/wp\/v2\/tags?post=6906"}],"curies":[{"name":"wp","href":"https:\/\/api.w.org\/{rel}","templated":true}]}}