{"id":7374,"date":"2019-10-04T01:44:32","date_gmt":"2019-10-04T01:44:32","guid":{"rendered":"http:\/\/www.sanjuandeportes.com\/wp\/?p=7374"},"modified":"2019-10-04T01:44:32","modified_gmt":"2019-10-04T01:44:32","slug":"asi-sera-la-estadia-de-diego-maradona-en-la-provincia-de-mendoza","status":"publish","type":"post","link":"http:\/\/www.sanjuandeportes.com\/wp\/2019\/10\/04\/asi-sera-la-estadia-de-diego-maradona-en-la-provincia-de-mendoza\/","title":{"rendered":"As\u00ed ser\u00e1 la estad\u00eda de Diego Maradona en la provincia de Mendoza"},"content":{"rendered":"<p>Crece la expectativa por la llegada de\u00a0<strong>Diego Maradona<\/strong>\u00a0a la provincia de Mendoza, para el\u00a0<strong>encuentro entre Godoy Cruz y Gimnasia y Esgrima La Plata<\/strong>\u00a0por la Superliga.<\/p>\n<p>Para el partido del s\u00e1bado y toda la previa,<strong>\u00a0se implementar\u00e1 un operativo de seguridad especial<\/strong>\u00a0por el creciente inter\u00e9s de los mendocinos para ver de cerca al \u00eddolo futbol\u00edstico.<\/p>\n<div class=\"link_a_nota_propia\"><\/div>\n<p>El subsecretario de Relaciones Institucionales,\u00a0<strong>N\u00e9stor Majul<\/strong>\u00a0cont\u00f3 que el equipo platense l<strong>legar\u00e1 a Mendoza el viernes cerca de las 18 y se alojar\u00e1 en un hotel del Valle de Uco.<\/strong>\u00a0\u00abEl d\u00eda s\u00e1bado se lo va a escoltar desde la salida hasta la llegada al Estadio Malvinas Argentinas. Hemos reforzado todo lo que tiene que ver con la llegada del colectivon, la zona de camarines y egresos,\u00a0<strong>ante la posibilidad de que alg\u00fan fan\u00e1tico quiera tener alguna foto con el se\u00f1or Maradona\u00bb.<\/strong><\/p>\n<p>Asimismo indic\u00f3 que no hubo ning\u00fan pedido de parte de Gimnasia de La Plata respecto a la seguridad: \u00abEs algo que nosotros hacemos conociendo lo que significa la llegada de Maradona a cualquier provincia del interior del pa\u00eds.\u00a0<strong>Es solo una cuesti\u00f3n netamente preventiva\u00bb.<\/strong><\/p>\n<p>Para la ocasi\u00f3n se han dispuesto una escolta de 4 motos que saldr\u00e1n desde el aeropuerto, hasta llegar al Valle de Uco.<\/p>\n<p>Mientras que desde el hotel\u00a0<strong>Fuente Mayor\u00a0<\/strong>contaron que Gimnasia\u00a0<strong>reserv\u00f3 30 habitaciones para pasar la noche del viernes al s\u00e1bado<\/strong>. Adem\u00e1s explicaron que por el horario del partido, el plantel se retirar\u00eda a media ma\u00f1ana.<\/p>\n<p>\u00abNo han realizado el requerimiento normal de cualquier plantel de f\u00fatbol, con dietas especiales para merienda, cena y desayuno\u00bb, explic\u00f3 Roberto Barth el gerente comercial.\u00a0<strong>\u00abHan pedido que vaciemos los frigobares de las habitaciones y solo dejar una botella de medio litro de agua por jugador\u00bb.<\/strong><\/p>\n<p>Tambi\u00e9n cont\u00f3 que el hotel destinar\u00e1 un espacio especial para que los jugadores puedan comer de manera separada al resto de los hu\u00e9spedes del lugar.<\/p>\n<p>Fuente: El Ciudadano<\/p>\n","protected":false},"excerpt":{"rendered":"<p>Crece la expectativa por la llegada de\u00a0Diego Maradona\u00a0a la provincia de Mendoza, para el\u00a0encuentro entre Godoy Cruz y Gimnasia y Esgrima La Plata\u00a0por la Superliga. Para el partido del s\u00e1bado y toda la previa,\u00a0se implementar\u00e1 un operativo de seguridad especial\u00a0por el creciente inter\u00e9s de los mendocinos para ver de cerca al \u00eddolo futbol\u00edstico. El subsecretario [&hellip;]<\/p>\n","protected":false},"author":5,"featured_media":7375,"comment_status":"open","ping_status":"open","sticky":false,"template":"","format":"standard","meta":{"footnotes":""},"categories":[2,31],"tags":[815,161],"class_list":["post-7374","post","type-post","status-publish","format-standard","has-post-thumbnail","hentry","category-featured","category-primeradivision","tag-maradona","tag-mendoza"],"yoast_head":"<!-- This site is optimized with the Yoast SEO plugin v28.2 - https:\/\/yoast.com\/product\/yoast-seo-wordpress\/ -->\n<title>As\u00ed ser\u00e1 la estad\u00eda de Diego Maradona en la provincia de Mendoza - San Juan Deportes<\/title>\n<meta name=\"robots\" content=\"index, follow, max-snippet:-1, max-image-preview:large, max-video-preview:-1\" \/>\n<link rel=\"canonical\" href=\"https:\/\/www.sanjuandeportes.com\/wp\/2019\/10\/04\/asi-sera-la-estadia-de-diego-maradona-en-la-provincia-de-mendoza\/\" \/>\n<meta property=\"og:locale\" content=\"es_ES\" \/>\n<meta property=\"og:type\" content=\"article\" \/>\n<meta property=\"og:title\" content=\"As\u00ed ser\u00e1 la estad\u00eda de Diego Maradona en la provincia de Mendoza - San Juan Deportes\" \/>\n<meta property=\"og:description\" content=\"Crece la expectativa por la llegada de\u00a0Diego Maradona\u00a0a la provincia de Mendoza, para el\u00a0encuentro entre Godoy Cruz y Gimnasia y Esgrima La Plata\u00a0por la Superliga. Para el partido del s\u00e1bado y toda la previa,\u00a0se implementar\u00e1 un operativo de seguridad especial\u00a0por el creciente inter\u00e9s de los mendocinos para ver de cerca al \u00eddolo futbol\u00edstico. El subsecretario [&hellip;]\" \/>\n<meta property=\"og:url\" content=\"https:\/\/www.sanjuandeportes.com\/wp\/2019\/10\/04\/asi-sera-la-estadia-de-diego-maradona-en-la-provincia-de-mendoza\/\" \/>\n<meta property=\"og:site_name\" content=\"San Juan Deportes\" \/>\n<meta property=\"article:publisher\" content=\"https:\/\/www.facebook.com\/sanjuandeportesok\" \/>\n<meta property=\"article:published_time\" content=\"2019-10-04T01:44:32+00:00\" \/>\n<meta property=\"og:image\" content=\"https:\/\/www.sanjuandeportes.com\/wp\/wp-content\/uploads\/2019\/10\/Maradona.jpg\" \/>\n\t<meta property=\"og:image:width\" content=\"750\" \/>\n\t<meta property=\"og:image:height\" content=\"457\" \/>\n\t<meta property=\"og:image:type\" content=\"image\/jpeg\" \/>\n<meta name=\"author\" content=\"Pablo Pujado\" \/>\n<meta name=\"twitter:card\" content=\"summary_large_image\" \/>\n<meta name=\"twitter:creator\" content=\"@SanJuanDeportes\" \/>\n<meta name=\"twitter:site\" content=\"@SanJuanDeportes\" \/>\n<meta name=\"twitter:label1\" content=\"Escrito por\" \/>\n\t<meta name=\"twitter:data1\" content=\"Pablo Pujado\" \/>\n\t<meta name=\"twitter:label2\" content=\"Tiempo de lectura\" \/>\n\t<meta name=\"twitter:data2\" content=\"2 minutos\" \/>\n<script type=\"application\/ld+json\" class=\"yoast-schema-graph\">{\"@context\":\"https:\\\/\\\/schema.org\",\"@graph\":[{\"@type\":\"Article\",\"@id\":\"https:\\\/\\\/www.sanjuandeportes.com\\\/wp\\\/2019\\\/10\\\/04\\\/asi-sera-la-estadia-de-diego-maradona-en-la-provincia-de-mendoza\\\/#article\",\"isPartOf\":{\"@id\":\"https:\\\/\\\/www.sanjuandeportes.com\\\/wp\\\/2019\\\/10\\\/04\\\/asi-sera-la-estadia-de-diego-maradona-en-la-provincia-de-mendoza\\\/\"},\"author\":{\"name\":\"Pablo Pujado\",\"@id\":\"http:\\\/\\\/www.sanjuandeportes.com\\\/wp\\\/#\\\/schema\\\/person\\\/eda4d8e62a5d42b111781e3cdfcb9c3a\"},\"headline\":\"As\u00ed ser\u00e1 la estad\u00eda de Diego Maradona en la provincia de Mendoza\",\"datePublished\":\"2019-10-04T01:44:32+00:00\",\"mainEntityOfPage\":{\"@id\":\"https:\\\/\\\/www.sanjuandeportes.com\\\/wp\\\/2019\\\/10\\\/04\\\/asi-sera-la-estadia-de-diego-maradona-en-la-provincia-de-mendoza\\\/\"},\"wordCount\":349,\"commentCount\":0,\"publisher\":{\"@id\":\"http:\\\/\\\/www.sanjuandeportes.com\\\/wp\\\/#organization\"},\"image\":{\"@id\":\"https:\\\/\\\/www.sanjuandeportes.com\\\/wp\\\/2019\\\/10\\\/04\\\/asi-sera-la-estadia-de-diego-maradona-en-la-provincia-de-mendoza\\\/#primaryimage\"},\"thumbnailUrl\":\"http:\\\/\\\/www.sanjuandeportes.com\\\/wp\\\/wp-content\\\/uploads\\\/2019\\\/10\\\/Maradona.jpg\",\"keywords\":[\"Maradona\",\"Mendoza\"],\"articleSection\":[\"Featured\",\"Primera Division\"],\"inLanguage\":\"es\",\"potentialAction\":[{\"@type\":\"CommentAction\",\"name\":\"Comment\",\"target\":[\"https:\\\/\\\/www.sanjuandeportes.com\\\/wp\\\/2019\\\/10\\\/04\\\/asi-sera-la-estadia-de-diego-maradona-en-la-provincia-de-mendoza\\\/#respond\"]}]},{\"@type\":\"WebPage\",\"@id\":\"https:\\\/\\\/www.sanjuandeportes.com\\\/wp\\\/2019\\\/10\\\/04\\\/asi-sera-la-estadia-de-diego-maradona-en-la-provincia-de-mendoza\\\/\",\"url\":\"https:\\\/\\\/www.sanjuandeportes.com\\\/wp\\\/2019\\\/10\\\/04\\\/asi-sera-la-estadia-de-diego-maradona-en-la-provincia-de-mendoza\\\/\",\"name\":\"As\u00ed ser\u00e1 la estad\u00eda de Diego Maradona en la provincia de Mendoza - San Juan Deportes\",\"isPartOf\":{\"@id\":\"http:\\\/\\\/www.sanjuandeportes.com\\\/wp\\\/#website\"},\"primaryImageOfPage\":{\"@id\":\"https:\\\/\\\/www.sanjuandeportes.com\\\/wp\\\/2019\\\/10\\\/04\\\/asi-sera-la-estadia-de-diego-maradona-en-la-provincia-de-mendoza\\\/#primaryimage\"},\"image\":{\"@id\":\"https:\\\/\\\/www.sanjuandeportes.com\\\/wp\\\/2019\\\/10\\\/04\\\/asi-sera-la-estadia-de-diego-maradona-en-la-provincia-de-mendoza\\\/#primaryimage\"},\"thumbnailUrl\":\"http:\\\/\\\/www.sanjuandeportes.com\\\/wp\\\/wp-content\\\/uploads\\\/2019\\\/10\\\/Maradona.jpg\",\"datePublished\":\"2019-10-04T01:44:32+00:00\",\"breadcrumb\":{\"@id\":\"https:\\\/\\\/www.sanjuandeportes.com\\\/wp\\\/2019\\\/10\\\/04\\\/asi-sera-la-estadia-de-diego-maradona-en-la-provincia-de-mendoza\\\/#breadcrumb\"},\"inLanguage\":\"es\",\"potentialAction\":[{\"@type\":\"ReadAction\",\"target\":[\"https:\\\/\\\/www.sanjuandeportes.com\\\/wp\\\/2019\\\/10\\\/04\\\/asi-sera-la-estadia-de-diego-maradona-en-la-provincia-de-mendoza\\\/\"]}]},{\"@type\":\"ImageObject\",\"inLanguage\":\"es\",\"@id\":\"https:\\\/\\\/www.sanjuandeportes.com\\\/wp\\\/2019\\\/10\\\/04\\\/asi-sera-la-estadia-de-diego-maradona-en-la-provincia-de-mendoza\\\/#primaryimage\",\"url\":\"http:\\\/\\\/www.sanjuandeportes.com\\\/wp\\\/wp-content\\\/uploads\\\/2019\\\/10\\\/Maradona.jpg\",\"contentUrl\":\"http:\\\/\\\/www.sanjuandeportes.com\\\/wp\\\/wp-content\\\/uploads\\\/2019\\\/10\\\/Maradona.jpg\",\"width\":750,\"height\":457},{\"@type\":\"BreadcrumbList\",\"@id\":\"https:\\\/\\\/www.sanjuandeportes.com\\\/wp\\\/2019\\\/10\\\/04\\\/asi-sera-la-estadia-de-diego-maradona-en-la-provincia-de-mendoza\\\/#breadcrumb\",\"itemListElement\":[{\"@type\":\"ListItem\",\"position\":1,\"name\":\"Portada\",\"item\":\"http:\\\/\\\/www.sanjuandeportes.com\\\/wp\\\/\"},{\"@type\":\"ListItem\",\"position\":2,\"name\":\"As\u00ed ser\u00e1 la estad\u00eda de Diego Maradona en la provincia de Mendoza\"}]},{\"@type\":\"WebSite\",\"@id\":\"http:\\\/\\\/www.sanjuandeportes.com\\\/wp\\\/#website\",\"url\":\"http:\\\/\\\/www.sanjuandeportes.com\\\/wp\\\/\",\"name\":\"San Juan Deportes\",\"description\":\"El sitio de deportes de la provincia de San Juan\",\"publisher\":{\"@id\":\"http:\\\/\\\/www.sanjuandeportes.com\\\/wp\\\/#organization\"},\"potentialAction\":[{\"@type\":\"SearchAction\",\"target\":{\"@type\":\"EntryPoint\",\"urlTemplate\":\"http:\\\/\\\/www.sanjuandeportes.com\\\/wp\\\/?s={search_term_string}\"},\"query-input\":{\"@type\":\"PropertyValueSpecification\",\"valueRequired\":true,\"valueName\":\"search_term_string\"}}],\"inLanguage\":\"es\"},{\"@type\":\"Organization\",\"@id\":\"http:\\\/\\\/www.sanjuandeportes.com\\\/wp\\\/#organization\",\"name\":\"San Juan Deportes\",\"url\":\"http:\\\/\\\/www.sanjuandeportes.com\\\/wp\\\/\",\"logo\":{\"@type\":\"ImageObject\",\"inLanguage\":\"es\",\"@id\":\"http:\\\/\\\/www.sanjuandeportes.com\\\/wp\\\/#\\\/schema\\\/logo\\\/image\\\/\",\"url\":\"https:\\\/\\\/www.sanjuandeportes.com\\\/wp\\\/wp-content\\\/uploads\\\/unnamed.jpg\",\"contentUrl\":\"https:\\\/\\\/www.sanjuandeportes.com\\\/wp\\\/wp-content\\\/uploads\\\/unnamed.jpg\",\"width\":900,\"height\":900,\"caption\":\"San Juan Deportes\"},\"image\":{\"@id\":\"http:\\\/\\\/www.sanjuandeportes.com\\\/wp\\\/#\\\/schema\\\/logo\\\/image\\\/\"},\"sameAs\":[\"https:\\\/\\\/www.facebook.com\\\/sanjuandeportesok\",\"https:\\\/\\\/x.com\\\/SanJuanDeportes\",\"https:\\\/\\\/www.instagram.com\\\/sanjuandeportes\"]},{\"@type\":\"Person\",\"@id\":\"http:\\\/\\\/www.sanjuandeportes.com\\\/wp\\\/#\\\/schema\\\/person\\\/eda4d8e62a5d42b111781e3cdfcb9c3a\",\"name\":\"Pablo Pujado\",\"image\":{\"@type\":\"ImageObject\",\"inLanguage\":\"es\",\"@id\":\"https:\\\/\\\/secure.gravatar.com\\\/avatar\\\/310b69d28112912c333408a462a9837208de951b1e7c11514781740412f648b1?s=96&d=mm&r=g\",\"url\":\"https:\\\/\\\/secure.gravatar.com\\\/avatar\\\/310b69d28112912c333408a462a9837208de951b1e7c11514781740412f648b1?s=96&d=mm&r=g\",\"contentUrl\":\"https:\\\/\\\/secure.gravatar.com\\\/avatar\\\/310b69d28112912c333408a462a9837208de951b1e7c11514781740412f648b1?s=96&d=mm&r=g\",\"caption\":\"Pablo Pujado\"},\"url\":\"http:\\\/\\\/www.sanjuandeportes.com\\\/wp\\\/author\\\/pablo-pujado\\\/\"}]}<\/script>\n<!-- \/ Yoast SEO plugin. -->","yoast_head_json":{"title":"As\u00ed ser\u00e1 la estad\u00eda de Diego Maradona en la provincia de Mendoza - San Juan Deportes","robots":{"index":"index","follow":"follow","max-snippet":"max-snippet:-1","max-image-preview":"max-image-preview:large","max-video-preview":"max-video-preview:-1"},"canonical":"https:\/\/www.sanjuandeportes.com\/wp\/2019\/10\/04\/asi-sera-la-estadia-de-diego-maradona-en-la-provincia-de-mendoza\/","og_locale":"es_ES","og_type":"article","og_title":"As\u00ed ser\u00e1 la estad\u00eda de Diego Maradona en la provincia de Mendoza - San Juan Deportes","og_description":"Crece la expectativa por la llegada de\u00a0Diego Maradona\u00a0a la provincia de Mendoza, para el\u00a0encuentro entre Godoy Cruz y Gimnasia y Esgrima La Plata\u00a0por la Superliga. Para el partido del s\u00e1bado y toda la previa,\u00a0se implementar\u00e1 un operativo de seguridad especial\u00a0por el creciente inter\u00e9s de los mendocinos para ver de cerca al \u00eddolo futbol\u00edstico. El subsecretario [&hellip;]","og_url":"https:\/\/www.sanjuandeportes.com\/wp\/2019\/10\/04\/asi-sera-la-estadia-de-diego-maradona-en-la-provincia-de-mendoza\/","og_site_name":"San Juan Deportes","article_publisher":"https:\/\/www.facebook.com\/sanjuandeportesok","article_published_time":"2019-10-04T01:44:32+00:00","og_image":[{"width":750,"height":457,"url":"https:\/\/www.sanjuandeportes.com\/wp\/wp-content\/uploads\/2019\/10\/Maradona.jpg","type":"image\/jpeg"}],"author":"Pablo Pujado","twitter_card":"summary_large_image","twitter_creator":"@SanJuanDeportes","twitter_site":"@SanJuanDeportes","twitter_misc":{"Escrito por":"Pablo Pujado","Tiempo de lectura":"2 minutos"},"schema":{"@context":"https:\/\/schema.org","@graph":[{"@type":"Article","@id":"https:\/\/www.sanjuandeportes.com\/wp\/2019\/10\/04\/asi-sera-la-estadia-de-diego-maradona-en-la-provincia-de-mendoza\/#article","isPartOf":{"@id":"https:\/\/www.sanjuandeportes.com\/wp\/2019\/10\/04\/asi-sera-la-estadia-de-diego-maradona-en-la-provincia-de-mendoza\/"},"author":{"name":"Pablo Pujado","@id":"http:\/\/www.sanjuandeportes.com\/wp\/#\/schema\/person\/eda4d8e62a5d42b111781e3cdfcb9c3a"},"headline":"As\u00ed ser\u00e1 la estad\u00eda de Diego Maradona en la provincia de Mendoza","datePublished":"2019-10-04T01:44:32+00:00","mainEntityOfPage":{"@id":"https:\/\/www.sanjuandeportes.com\/wp\/2019\/10\/04\/asi-sera-la-estadia-de-diego-maradona-en-la-provincia-de-mendoza\/"},"wordCount":349,"commentCount":0,"publisher":{"@id":"http:\/\/www.sanjuandeportes.com\/wp\/#organization"},"image":{"@id":"https:\/\/www.sanjuandeportes.com\/wp\/2019\/10\/04\/asi-sera-la-estadia-de-diego-maradona-en-la-provincia-de-mendoza\/#primaryimage"},"thumbnailUrl":"http:\/\/www.sanjuandeportes.com\/wp\/wp-content\/uploads\/2019\/10\/Maradona.jpg","keywords":["Maradona","Mendoza"],"articleSection":["Featured","Primera Division"],"inLanguage":"es","potentialAction":[{"@type":"CommentAction","name":"Comment","target":["https:\/\/www.sanjuandeportes.com\/wp\/2019\/10\/04\/asi-sera-la-estadia-de-diego-maradona-en-la-provincia-de-mendoza\/#respond"]}]},{"@type":"WebPage","@id":"https:\/\/www.sanjuandeportes.com\/wp\/2019\/10\/04\/asi-sera-la-estadia-de-diego-maradona-en-la-provincia-de-mendoza\/","url":"https:\/\/www.sanjuandeportes.com\/wp\/2019\/10\/04\/asi-sera-la-estadia-de-diego-maradona-en-la-provincia-de-mendoza\/","name":"As\u00ed ser\u00e1 la estad\u00eda de Diego Maradona en la provincia de Mendoza - San Juan Deportes","isPartOf":{"@id":"http:\/\/www.sanjuandeportes.com\/wp\/#website"},"primaryImageOfPage":{"@id":"https:\/\/www.sanjuandeportes.com\/wp\/2019\/10\/04\/asi-sera-la-estadia-de-diego-maradona-en-la-provincia-de-mendoza\/#primaryimage"},"image":{"@id":"https:\/\/www.sanjuandeportes.com\/wp\/2019\/10\/04\/asi-sera-la-estadia-de-diego-maradona-en-la-provincia-de-mendoza\/#primaryimage"},"thumbnailUrl":"http:\/\/www.sanjuandeportes.com\/wp\/wp-content\/uploads\/2019\/10\/Maradona.jpg","datePublished":"2019-10-04T01:44:32+00:00","breadcrumb":{"@id":"https:\/\/www.sanjuandeportes.com\/wp\/2019\/10\/04\/asi-sera-la-estadia-de-diego-maradona-en-la-provincia-de-mendoza\/#breadcrumb"},"inLanguage":"es","potentialAction":[{"@type":"ReadAction","target":["https:\/\/www.sanjuandeportes.com\/wp\/2019\/10\/04\/asi-sera-la-estadia-de-diego-maradona-en-la-provincia-de-mendoza\/"]}]},{"@type":"ImageObject","inLanguage":"es","@id":"https:\/\/www.sanjuandeportes.com\/wp\/2019\/10\/04\/asi-sera-la-estadia-de-diego-maradona-en-la-provincia-de-mendoza\/#primaryimage","url":"http:\/\/www.sanjuandeportes.com\/wp\/wp-content\/uploads\/2019\/10\/Maradona.jpg","contentUrl":"http:\/\/www.sanjuandeportes.com\/wp\/wp-content\/uploads\/2019\/10\/Maradona.jpg","width":750,"height":457},{"@type":"BreadcrumbList","@id":"https:\/\/www.sanjuandeportes.com\/wp\/2019\/10\/04\/asi-sera-la-estadia-de-diego-maradona-en-la-provincia-de-mendoza\/#breadcrumb","itemListElement":[{"@type":"ListItem","position":1,"name":"Portada","item":"http:\/\/www.sanjuandeportes.com\/wp\/"},{"@type":"ListItem","position":2,"name":"As\u00ed ser\u00e1 la estad\u00eda de Diego Maradona en la provincia de Mendoza"}]},{"@type":"WebSite","@id":"http:\/\/www.sanjuandeportes.com\/wp\/#website","url":"http:\/\/www.sanjuandeportes.com\/wp\/","name":"San Juan Deportes","description":"El sitio de deportes de la provincia de San Juan","publisher":{"@id":"http:\/\/www.sanjuandeportes.com\/wp\/#organization"},"potentialAction":[{"@type":"SearchAction","target":{"@type":"EntryPoint","urlTemplate":"http:\/\/www.sanjuandeportes.com\/wp\/?s={search_term_string}"},"query-input":{"@type":"PropertyValueSpecification","valueRequired":true,"valueName":"search_term_string"}}],"inLanguage":"es"},{"@type":"Organization","@id":"http:\/\/www.sanjuandeportes.com\/wp\/#organization","name":"San Juan Deportes","url":"http:\/\/www.sanjuandeportes.com\/wp\/","logo":{"@type":"ImageObject","inLanguage":"es","@id":"http:\/\/www.sanjuandeportes.com\/wp\/#\/schema\/logo\/image\/","url":"https:\/\/www.sanjuandeportes.com\/wp\/wp-content\/uploads\/unnamed.jpg","contentUrl":"https:\/\/www.sanjuandeportes.com\/wp\/wp-content\/uploads\/unnamed.jpg","width":900,"height":900,"caption":"San Juan Deportes"},"image":{"@id":"http:\/\/www.sanjuandeportes.com\/wp\/#\/schema\/logo\/image\/"},"sameAs":["https:\/\/www.facebook.com\/sanjuandeportesok","https:\/\/x.com\/SanJuanDeportes","https:\/\/www.instagram.com\/sanjuandeportes"]},{"@type":"Person","@id":"http:\/\/www.sanjuandeportes.com\/wp\/#\/schema\/person\/eda4d8e62a5d42b111781e3cdfcb9c3a","name":"Pablo Pujado","image":{"@type":"ImageObject","inLanguage":"es","@id":"https:\/\/secure.gravatar.com\/avatar\/310b69d28112912c333408a462a9837208de951b1e7c11514781740412f648b1?s=96&d=mm&r=g","url":"https:\/\/secure.gravatar.com\/avatar\/310b69d28112912c333408a462a9837208de951b1e7c11514781740412f648b1?s=96&d=mm&r=g","contentUrl":"https:\/\/secure.gravatar.com\/avatar\/310b69d28112912c333408a462a9837208de951b1e7c11514781740412f648b1?s=96&d=mm&r=g","caption":"Pablo Pujado"},"url":"http:\/\/www.sanjuandeportes.com\/wp\/author\/pablo-pujado\/"}]}},"_links":{"self":[{"href":"http:\/\/www.sanjuandeportes.com\/wp\/wp-json\/wp\/v2\/posts\/7374","targetHints":{"allow":["GET"]}}],"collection":[{"href":"http:\/\/www.sanjuandeportes.com\/wp\/wp-json\/wp\/v2\/posts"}],"about":[{"href":"http:\/\/www.sanjuandeportes.com\/wp\/wp-json\/wp\/v2\/types\/post"}],"author":[{"embeddable":true,"href":"http:\/\/www.sanjuandeportes.com\/wp\/wp-json\/wp\/v2\/users\/5"}],"replies":[{"embeddable":true,"href":"http:\/\/www.sanjuandeportes.com\/wp\/wp-json\/wp\/v2\/comments?post=7374"}],"version-history":[{"count":1,"href":"http:\/\/www.sanjuandeportes.com\/wp\/wp-json\/wp\/v2\/posts\/7374\/revisions"}],"predecessor-version":[{"id":7376,"href":"http:\/\/www.sanjuandeportes.com\/wp\/wp-json\/wp\/v2\/posts\/7374\/revisions\/7376"}],"wp:featuredmedia":[{"embeddable":true,"href":"http:\/\/www.sanjuandeportes.com\/wp\/wp-json\/wp\/v2\/media\/7375"}],"wp:attachment":[{"href":"http:\/\/www.sanjuandeportes.com\/wp\/wp-json\/wp\/v2\/media?parent=7374"}],"wp:term":[{"taxonomy":"category","embeddable":true,"href":"http:\/\/www.sanjuandeportes.com\/wp\/wp-json\/wp\/v2\/categories?post=7374"},{"taxonomy":"post_tag","embeddable":true,"href":"http:\/\/www.sanjuandeportes.com\/wp\/wp-json\/wp\/v2\/tags?post=7374"}],"curies":[{"name":"wp","href":"https:\/\/api.w.org\/{rel}","templated":true}]}}