{"id":7589,"date":"2019-10-17T23:58:28","date_gmt":"2019-10-17T23:58:28","guid":{"rendered":"http:\/\/www.sanjuandeportes.com\/wp\/?p=7589"},"modified":"2019-10-17T23:58:28","modified_gmt":"2019-10-17T23:58:28","slug":"la-vuelta-a-san-juan-ascendio-de-categoria-en-el-calendario-uci-y-ya-tiene-fecha-confirmada-para-el-2020","status":"publish","type":"post","link":"http:\/\/www.sanjuandeportes.com\/wp\/2019\/10\/17\/la-vuelta-a-san-juan-ascendio-de-categoria-en-el-calendario-uci-y-ya-tiene-fecha-confirmada-para-el-2020\/","title":{"rendered":"La Vuelta a San Juan ascendi\u00f3 de categor\u00eda en el calendario UCI y ya tiene fecha confirmada para el 2020"},"content":{"rendered":"<div class=\"itemIntroText\">\n<p>La organizaci\u00f3n de la Vuelta a San Juan dio a conocer\u00a0que la Vuelta a San Juan, cuya edici\u00f3n 2020 se\u00a0realizar\u00e1 entre el 26 de enero y el 2 de febrero, ha ascendido de categor\u00eda en el calendario UCI 2020.<\/p>\n<\/div>\n<div class=\"itemFullText\">\n<p>El Comit\u00e9 de Direcci\u00f3n de la Uni\u00f3n Ciclista Internacional, en una reuni\u00f3n realizada en septiembre de 2018 en Innsbruck, Austria, aprob\u00f3 la nueva organizaci\u00f3n del ciclismo profesional masculino en carretera. Estas modificaciones tienen por objetivo fortalecer la posici\u00f3n del ciclismo entre los mayores deportes profesionales del mundo.<\/p>\n<p>El nuevo calendario internacional de UCI comprender\u00e1 tres divisiones: UCI WorldTour, UCI ProSeries y UCI Continental Circuits. La Vuelta a San Juan 2020 va a integrar el calendario ProSerie. La nueva categor\u00eda se pondr\u00e1 en marcha en 2020 y reunir\u00e1 las carreras m\u00e1s importantes del mundo que seg\u00fan el criterio del organismo internacional tienen alta importancia estrat\u00e9gica para el desarrollo del ciclismo. Para destacar, ser\u00e1 la \u00fanica competencia Latinoamericana que integre esta categor\u00eda.<\/p>\n<\/div>\n","protected":false},"excerpt":{"rendered":"<p>La organizaci\u00f3n de la Vuelta a San Juan dio a conocer\u00a0que la Vuelta a San Juan, cuya edici\u00f3n 2020 se\u00a0realizar\u00e1 entre el 26 de enero y el 2 de febrero, ha ascendido de categor\u00eda en el calendario UCI 2020. El Comit\u00e9 de Direcci\u00f3n de la Uni\u00f3n Ciclista Internacional, en una reuni\u00f3n realizada en septiembre de [&hellip;]<\/p>\n","protected":false},"author":5,"featured_media":7590,"comment_status":"open","ping_status":"open","sticky":false,"template":"","format":"standard","meta":{"footnotes":""},"categories":[23,2],"tags":[144,143],"class_list":["post-7589","post","type-post","status-publish","format-standard","has-post-thumbnail","hentry","category-ciclismo","category-featured","tag-ciclismo","tag-vuelta-a-san-juan"],"yoast_head":"<!-- This site is optimized with the Yoast SEO plugin v28.2 - https:\/\/yoast.com\/product\/yoast-seo-wordpress\/ -->\n<title>La Vuelta a San Juan ascendi\u00f3 de categor\u00eda en el calendario UCI y ya tiene fecha confirmada para el 2020 - San Juan Deportes<\/title>\n<meta name=\"robots\" content=\"index, follow, max-snippet:-1, max-image-preview:large, max-video-preview:-1\" \/>\n<link rel=\"canonical\" href=\"https:\/\/www.sanjuandeportes.com\/wp\/2019\/10\/17\/la-vuelta-a-san-juan-ascendio-de-categoria-en-el-calendario-uci-y-ya-tiene-fecha-confirmada-para-el-2020\/\" \/>\n<meta property=\"og:locale\" content=\"es_ES\" \/>\n<meta property=\"og:type\" content=\"article\" \/>\n<meta property=\"og:title\" content=\"La Vuelta a San Juan ascendi\u00f3 de categor\u00eda en el calendario UCI y ya tiene fecha confirmada para el 2020 - San Juan Deportes\" \/>\n<meta property=\"og:description\" content=\"La organizaci\u00f3n de la Vuelta a San Juan dio a conocer\u00a0que la Vuelta a San Juan, cuya edici\u00f3n 2020 se\u00a0realizar\u00e1 entre el 26 de enero y el 2 de febrero, ha ascendido de categor\u00eda en el calendario UCI 2020. El Comit\u00e9 de Direcci\u00f3n de la Uni\u00f3n Ciclista Internacional, en una reuni\u00f3n realizada en septiembre de [&hellip;]\" \/>\n<meta property=\"og:url\" content=\"https:\/\/www.sanjuandeportes.com\/wp\/2019\/10\/17\/la-vuelta-a-san-juan-ascendio-de-categoria-en-el-calendario-uci-y-ya-tiene-fecha-confirmada-para-el-2020\/\" \/>\n<meta property=\"og:site_name\" content=\"San Juan Deportes\" \/>\n<meta property=\"article:publisher\" content=\"https:\/\/www.facebook.com\/sanjuandeportesok\" \/>\n<meta property=\"article:published_time\" content=\"2019-10-17T23:58:28+00:00\" \/>\n<meta property=\"og:image\" content=\"https:\/\/www.sanjuandeportes.com\/wp\/wp-content\/uploads\/2019\/10\/11d55de28d1ce9bc91c30eaec3990509_L.jpg\" \/>\n\t<meta property=\"og:image:width\" content=\"782\" \/>\n\t<meta property=\"og:image:height\" content=\"521\" \/>\n\t<meta property=\"og:image:type\" content=\"image\/jpeg\" \/>\n<meta name=\"author\" content=\"Pablo Pujado\" \/>\n<meta name=\"twitter:card\" content=\"summary_large_image\" \/>\n<meta name=\"twitter:creator\" content=\"@SanJuanDeportes\" \/>\n<meta name=\"twitter:site\" content=\"@SanJuanDeportes\" \/>\n<meta name=\"twitter:label1\" content=\"Escrito por\" \/>\n\t<meta name=\"twitter:data1\" content=\"Pablo Pujado\" \/>\n\t<meta name=\"twitter:label2\" content=\"Tiempo de lectura\" \/>\n\t<meta name=\"twitter:data2\" content=\"1 minuto\" \/>\n<script type=\"application\/ld+json\" class=\"yoast-schema-graph\">{\"@context\":\"https:\\\/\\\/schema.org\",\"@graph\":[{\"@type\":\"Article\",\"@id\":\"https:\\\/\\\/www.sanjuandeportes.com\\\/wp\\\/2019\\\/10\\\/17\\\/la-vuelta-a-san-juan-ascendio-de-categoria-en-el-calendario-uci-y-ya-tiene-fecha-confirmada-para-el-2020\\\/#article\",\"isPartOf\":{\"@id\":\"https:\\\/\\\/www.sanjuandeportes.com\\\/wp\\\/2019\\\/10\\\/17\\\/la-vuelta-a-san-juan-ascendio-de-categoria-en-el-calendario-uci-y-ya-tiene-fecha-confirmada-para-el-2020\\\/\"},\"author\":{\"name\":\"Pablo Pujado\",\"@id\":\"http:\\\/\\\/www.sanjuandeportes.com\\\/wp\\\/#\\\/schema\\\/person\\\/eda4d8e62a5d42b111781e3cdfcb9c3a\"},\"headline\":\"La Vuelta a San Juan ascendi\u00f3 de categor\u00eda en el calendario UCI y ya tiene fecha confirmada para el 2020\",\"datePublished\":\"2019-10-17T23:58:28+00:00\",\"mainEntityOfPage\":{\"@id\":\"https:\\\/\\\/www.sanjuandeportes.com\\\/wp\\\/2019\\\/10\\\/17\\\/la-vuelta-a-san-juan-ascendio-de-categoria-en-el-calendario-uci-y-ya-tiene-fecha-confirmada-para-el-2020\\\/\"},\"wordCount\":187,\"commentCount\":0,\"publisher\":{\"@id\":\"http:\\\/\\\/www.sanjuandeportes.com\\\/wp\\\/#organization\"},\"image\":{\"@id\":\"https:\\\/\\\/www.sanjuandeportes.com\\\/wp\\\/2019\\\/10\\\/17\\\/la-vuelta-a-san-juan-ascendio-de-categoria-en-el-calendario-uci-y-ya-tiene-fecha-confirmada-para-el-2020\\\/#primaryimage\"},\"thumbnailUrl\":\"http:\\\/\\\/www.sanjuandeportes.com\\\/wp\\\/wp-content\\\/uploads\\\/2019\\\/10\\\/11d55de28d1ce9bc91c30eaec3990509_L.jpg\",\"keywords\":[\"Ciclismo\",\"Vuelta a San Juan\"],\"articleSection\":[\"Ciclismo\",\"Featured\"],\"inLanguage\":\"es\",\"potentialAction\":[{\"@type\":\"CommentAction\",\"name\":\"Comment\",\"target\":[\"https:\\\/\\\/www.sanjuandeportes.com\\\/wp\\\/2019\\\/10\\\/17\\\/la-vuelta-a-san-juan-ascendio-de-categoria-en-el-calendario-uci-y-ya-tiene-fecha-confirmada-para-el-2020\\\/#respond\"]}]},{\"@type\":\"WebPage\",\"@id\":\"https:\\\/\\\/www.sanjuandeportes.com\\\/wp\\\/2019\\\/10\\\/17\\\/la-vuelta-a-san-juan-ascendio-de-categoria-en-el-calendario-uci-y-ya-tiene-fecha-confirmada-para-el-2020\\\/\",\"url\":\"https:\\\/\\\/www.sanjuandeportes.com\\\/wp\\\/2019\\\/10\\\/17\\\/la-vuelta-a-san-juan-ascendio-de-categoria-en-el-calendario-uci-y-ya-tiene-fecha-confirmada-para-el-2020\\\/\",\"name\":\"La Vuelta a San Juan ascendi\u00f3 de categor\u00eda en el calendario UCI y ya tiene fecha confirmada para el 2020 - San Juan Deportes\",\"isPartOf\":{\"@id\":\"http:\\\/\\\/www.sanjuandeportes.com\\\/wp\\\/#website\"},\"primaryImageOfPage\":{\"@id\":\"https:\\\/\\\/www.sanjuandeportes.com\\\/wp\\\/2019\\\/10\\\/17\\\/la-vuelta-a-san-juan-ascendio-de-categoria-en-el-calendario-uci-y-ya-tiene-fecha-confirmada-para-el-2020\\\/#primaryimage\"},\"image\":{\"@id\":\"https:\\\/\\\/www.sanjuandeportes.com\\\/wp\\\/2019\\\/10\\\/17\\\/la-vuelta-a-san-juan-ascendio-de-categoria-en-el-calendario-uci-y-ya-tiene-fecha-confirmada-para-el-2020\\\/#primaryimage\"},\"thumbnailUrl\":\"http:\\\/\\\/www.sanjuandeportes.com\\\/wp\\\/wp-content\\\/uploads\\\/2019\\\/10\\\/11d55de28d1ce9bc91c30eaec3990509_L.jpg\",\"datePublished\":\"2019-10-17T23:58:28+00:00\",\"breadcrumb\":{\"@id\":\"https:\\\/\\\/www.sanjuandeportes.com\\\/wp\\\/2019\\\/10\\\/17\\\/la-vuelta-a-san-juan-ascendio-de-categoria-en-el-calendario-uci-y-ya-tiene-fecha-confirmada-para-el-2020\\\/#breadcrumb\"},\"inLanguage\":\"es\",\"potentialAction\":[{\"@type\":\"ReadAction\",\"target\":[\"https:\\\/\\\/www.sanjuandeportes.com\\\/wp\\\/2019\\\/10\\\/17\\\/la-vuelta-a-san-juan-ascendio-de-categoria-en-el-calendario-uci-y-ya-tiene-fecha-confirmada-para-el-2020\\\/\"]}]},{\"@type\":\"ImageObject\",\"inLanguage\":\"es\",\"@id\":\"https:\\\/\\\/www.sanjuandeportes.com\\\/wp\\\/2019\\\/10\\\/17\\\/la-vuelta-a-san-juan-ascendio-de-categoria-en-el-calendario-uci-y-ya-tiene-fecha-confirmada-para-el-2020\\\/#primaryimage\",\"url\":\"http:\\\/\\\/www.sanjuandeportes.com\\\/wp\\\/wp-content\\\/uploads\\\/2019\\\/10\\\/11d55de28d1ce9bc91c30eaec3990509_L.jpg\",\"contentUrl\":\"http:\\\/\\\/www.sanjuandeportes.com\\\/wp\\\/wp-content\\\/uploads\\\/2019\\\/10\\\/11d55de28d1ce9bc91c30eaec3990509_L.jpg\",\"width\":782,\"height\":521},{\"@type\":\"BreadcrumbList\",\"@id\":\"https:\\\/\\\/www.sanjuandeportes.com\\\/wp\\\/2019\\\/10\\\/17\\\/la-vuelta-a-san-juan-ascendio-de-categoria-en-el-calendario-uci-y-ya-tiene-fecha-confirmada-para-el-2020\\\/#breadcrumb\",\"itemListElement\":[{\"@type\":\"ListItem\",\"position\":1,\"name\":\"Portada\",\"item\":\"http:\\\/\\\/www.sanjuandeportes.com\\\/wp\\\/\"},{\"@type\":\"ListItem\",\"position\":2,\"name\":\"La Vuelta a San Juan ascendi\u00f3 de categor\u00eda en el calendario UCI y ya tiene fecha confirmada para el 2020\"}]},{\"@type\":\"WebSite\",\"@id\":\"http:\\\/\\\/www.sanjuandeportes.com\\\/wp\\\/#website\",\"url\":\"http:\\\/\\\/www.sanjuandeportes.com\\\/wp\\\/\",\"name\":\"San Juan Deportes\",\"description\":\"El sitio de deportes de la provincia de San Juan\",\"publisher\":{\"@id\":\"http:\\\/\\\/www.sanjuandeportes.com\\\/wp\\\/#organization\"},\"potentialAction\":[{\"@type\":\"SearchAction\",\"target\":{\"@type\":\"EntryPoint\",\"urlTemplate\":\"http:\\\/\\\/www.sanjuandeportes.com\\\/wp\\\/?s={search_term_string}\"},\"query-input\":{\"@type\":\"PropertyValueSpecification\",\"valueRequired\":true,\"valueName\":\"search_term_string\"}}],\"inLanguage\":\"es\"},{\"@type\":\"Organization\",\"@id\":\"http:\\\/\\\/www.sanjuandeportes.com\\\/wp\\\/#organization\",\"name\":\"San Juan Deportes\",\"url\":\"http:\\\/\\\/www.sanjuandeportes.com\\\/wp\\\/\",\"logo\":{\"@type\":\"ImageObject\",\"inLanguage\":\"es\",\"@id\":\"http:\\\/\\\/www.sanjuandeportes.com\\\/wp\\\/#\\\/schema\\\/logo\\\/image\\\/\",\"url\":\"https:\\\/\\\/www.sanjuandeportes.com\\\/wp\\\/wp-content\\\/uploads\\\/unnamed.jpg\",\"contentUrl\":\"https:\\\/\\\/www.sanjuandeportes.com\\\/wp\\\/wp-content\\\/uploads\\\/unnamed.jpg\",\"width\":900,\"height\":900,\"caption\":\"San Juan Deportes\"},\"image\":{\"@id\":\"http:\\\/\\\/www.sanjuandeportes.com\\\/wp\\\/#\\\/schema\\\/logo\\\/image\\\/\"},\"sameAs\":[\"https:\\\/\\\/www.facebook.com\\\/sanjuandeportesok\",\"https:\\\/\\\/x.com\\\/SanJuanDeportes\",\"https:\\\/\\\/www.instagram.com\\\/sanjuandeportes\"]},{\"@type\":\"Person\",\"@id\":\"http:\\\/\\\/www.sanjuandeportes.com\\\/wp\\\/#\\\/schema\\\/person\\\/eda4d8e62a5d42b111781e3cdfcb9c3a\",\"name\":\"Pablo Pujado\",\"image\":{\"@type\":\"ImageObject\",\"inLanguage\":\"es\",\"@id\":\"https:\\\/\\\/secure.gravatar.com\\\/avatar\\\/310b69d28112912c333408a462a9837208de951b1e7c11514781740412f648b1?s=96&d=mm&r=g\",\"url\":\"https:\\\/\\\/secure.gravatar.com\\\/avatar\\\/310b69d28112912c333408a462a9837208de951b1e7c11514781740412f648b1?s=96&d=mm&r=g\",\"contentUrl\":\"https:\\\/\\\/secure.gravatar.com\\\/avatar\\\/310b69d28112912c333408a462a9837208de951b1e7c11514781740412f648b1?s=96&d=mm&r=g\",\"caption\":\"Pablo Pujado\"},\"url\":\"http:\\\/\\\/www.sanjuandeportes.com\\\/wp\\\/author\\\/pablo-pujado\\\/\"}]}<\/script>\n<!-- \/ Yoast SEO plugin. -->","yoast_head_json":{"title":"La Vuelta a San Juan ascendi\u00f3 de categor\u00eda en el calendario UCI y ya tiene fecha confirmada para el 2020 - San Juan Deportes","robots":{"index":"index","follow":"follow","max-snippet":"max-snippet:-1","max-image-preview":"max-image-preview:large","max-video-preview":"max-video-preview:-1"},"canonical":"https:\/\/www.sanjuandeportes.com\/wp\/2019\/10\/17\/la-vuelta-a-san-juan-ascendio-de-categoria-en-el-calendario-uci-y-ya-tiene-fecha-confirmada-para-el-2020\/","og_locale":"es_ES","og_type":"article","og_title":"La Vuelta a San Juan ascendi\u00f3 de categor\u00eda en el calendario UCI y ya tiene fecha confirmada para el 2020 - San Juan Deportes","og_description":"La organizaci\u00f3n de la Vuelta a San Juan dio a conocer\u00a0que la Vuelta a San Juan, cuya edici\u00f3n 2020 se\u00a0realizar\u00e1 entre el 26 de enero y el 2 de febrero, ha ascendido de categor\u00eda en el calendario UCI 2020. El Comit\u00e9 de Direcci\u00f3n de la Uni\u00f3n Ciclista Internacional, en una reuni\u00f3n realizada en septiembre de [&hellip;]","og_url":"https:\/\/www.sanjuandeportes.com\/wp\/2019\/10\/17\/la-vuelta-a-san-juan-ascendio-de-categoria-en-el-calendario-uci-y-ya-tiene-fecha-confirmada-para-el-2020\/","og_site_name":"San Juan Deportes","article_publisher":"https:\/\/www.facebook.com\/sanjuandeportesok","article_published_time":"2019-10-17T23:58:28+00:00","og_image":[{"width":782,"height":521,"url":"https:\/\/www.sanjuandeportes.com\/wp\/wp-content\/uploads\/2019\/10\/11d55de28d1ce9bc91c30eaec3990509_L.jpg","type":"image\/jpeg"}],"author":"Pablo Pujado","twitter_card":"summary_large_image","twitter_creator":"@SanJuanDeportes","twitter_site":"@SanJuanDeportes","twitter_misc":{"Escrito por":"Pablo Pujado","Tiempo de lectura":"1 minuto"},"schema":{"@context":"https:\/\/schema.org","@graph":[{"@type":"Article","@id":"https:\/\/www.sanjuandeportes.com\/wp\/2019\/10\/17\/la-vuelta-a-san-juan-ascendio-de-categoria-en-el-calendario-uci-y-ya-tiene-fecha-confirmada-para-el-2020\/#article","isPartOf":{"@id":"https:\/\/www.sanjuandeportes.com\/wp\/2019\/10\/17\/la-vuelta-a-san-juan-ascendio-de-categoria-en-el-calendario-uci-y-ya-tiene-fecha-confirmada-para-el-2020\/"},"author":{"name":"Pablo Pujado","@id":"http:\/\/www.sanjuandeportes.com\/wp\/#\/schema\/person\/eda4d8e62a5d42b111781e3cdfcb9c3a"},"headline":"La Vuelta a San Juan ascendi\u00f3 de categor\u00eda en el calendario UCI y ya tiene fecha confirmada para el 2020","datePublished":"2019-10-17T23:58:28+00:00","mainEntityOfPage":{"@id":"https:\/\/www.sanjuandeportes.com\/wp\/2019\/10\/17\/la-vuelta-a-san-juan-ascendio-de-categoria-en-el-calendario-uci-y-ya-tiene-fecha-confirmada-para-el-2020\/"},"wordCount":187,"commentCount":0,"publisher":{"@id":"http:\/\/www.sanjuandeportes.com\/wp\/#organization"},"image":{"@id":"https:\/\/www.sanjuandeportes.com\/wp\/2019\/10\/17\/la-vuelta-a-san-juan-ascendio-de-categoria-en-el-calendario-uci-y-ya-tiene-fecha-confirmada-para-el-2020\/#primaryimage"},"thumbnailUrl":"http:\/\/www.sanjuandeportes.com\/wp\/wp-content\/uploads\/2019\/10\/11d55de28d1ce9bc91c30eaec3990509_L.jpg","keywords":["Ciclismo","Vuelta a San Juan"],"articleSection":["Ciclismo","Featured"],"inLanguage":"es","potentialAction":[{"@type":"CommentAction","name":"Comment","target":["https:\/\/www.sanjuandeportes.com\/wp\/2019\/10\/17\/la-vuelta-a-san-juan-ascendio-de-categoria-en-el-calendario-uci-y-ya-tiene-fecha-confirmada-para-el-2020\/#respond"]}]},{"@type":"WebPage","@id":"https:\/\/www.sanjuandeportes.com\/wp\/2019\/10\/17\/la-vuelta-a-san-juan-ascendio-de-categoria-en-el-calendario-uci-y-ya-tiene-fecha-confirmada-para-el-2020\/","url":"https:\/\/www.sanjuandeportes.com\/wp\/2019\/10\/17\/la-vuelta-a-san-juan-ascendio-de-categoria-en-el-calendario-uci-y-ya-tiene-fecha-confirmada-para-el-2020\/","name":"La Vuelta a San Juan ascendi\u00f3 de categor\u00eda en el calendario UCI y ya tiene fecha confirmada para el 2020 - San Juan Deportes","isPartOf":{"@id":"http:\/\/www.sanjuandeportes.com\/wp\/#website"},"primaryImageOfPage":{"@id":"https:\/\/www.sanjuandeportes.com\/wp\/2019\/10\/17\/la-vuelta-a-san-juan-ascendio-de-categoria-en-el-calendario-uci-y-ya-tiene-fecha-confirmada-para-el-2020\/#primaryimage"},"image":{"@id":"https:\/\/www.sanjuandeportes.com\/wp\/2019\/10\/17\/la-vuelta-a-san-juan-ascendio-de-categoria-en-el-calendario-uci-y-ya-tiene-fecha-confirmada-para-el-2020\/#primaryimage"},"thumbnailUrl":"http:\/\/www.sanjuandeportes.com\/wp\/wp-content\/uploads\/2019\/10\/11d55de28d1ce9bc91c30eaec3990509_L.jpg","datePublished":"2019-10-17T23:58:28+00:00","breadcrumb":{"@id":"https:\/\/www.sanjuandeportes.com\/wp\/2019\/10\/17\/la-vuelta-a-san-juan-ascendio-de-categoria-en-el-calendario-uci-y-ya-tiene-fecha-confirmada-para-el-2020\/#breadcrumb"},"inLanguage":"es","potentialAction":[{"@type":"ReadAction","target":["https:\/\/www.sanjuandeportes.com\/wp\/2019\/10\/17\/la-vuelta-a-san-juan-ascendio-de-categoria-en-el-calendario-uci-y-ya-tiene-fecha-confirmada-para-el-2020\/"]}]},{"@type":"ImageObject","inLanguage":"es","@id":"https:\/\/www.sanjuandeportes.com\/wp\/2019\/10\/17\/la-vuelta-a-san-juan-ascendio-de-categoria-en-el-calendario-uci-y-ya-tiene-fecha-confirmada-para-el-2020\/#primaryimage","url":"http:\/\/www.sanjuandeportes.com\/wp\/wp-content\/uploads\/2019\/10\/11d55de28d1ce9bc91c30eaec3990509_L.jpg","contentUrl":"http:\/\/www.sanjuandeportes.com\/wp\/wp-content\/uploads\/2019\/10\/11d55de28d1ce9bc91c30eaec3990509_L.jpg","width":782,"height":521},{"@type":"BreadcrumbList","@id":"https:\/\/www.sanjuandeportes.com\/wp\/2019\/10\/17\/la-vuelta-a-san-juan-ascendio-de-categoria-en-el-calendario-uci-y-ya-tiene-fecha-confirmada-para-el-2020\/#breadcrumb","itemListElement":[{"@type":"ListItem","position":1,"name":"Portada","item":"http:\/\/www.sanjuandeportes.com\/wp\/"},{"@type":"ListItem","position":2,"name":"La Vuelta a San Juan ascendi\u00f3 de categor\u00eda en el calendario UCI y ya tiene fecha confirmada para el 2020"}]},{"@type":"WebSite","@id":"http:\/\/www.sanjuandeportes.com\/wp\/#website","url":"http:\/\/www.sanjuandeportes.com\/wp\/","name":"San Juan Deportes","description":"El sitio de deportes de la provincia de San Juan","publisher":{"@id":"http:\/\/www.sanjuandeportes.com\/wp\/#organization"},"potentialAction":[{"@type":"SearchAction","target":{"@type":"EntryPoint","urlTemplate":"http:\/\/www.sanjuandeportes.com\/wp\/?s={search_term_string}"},"query-input":{"@type":"PropertyValueSpecification","valueRequired":true,"valueName":"search_term_string"}}],"inLanguage":"es"},{"@type":"Organization","@id":"http:\/\/www.sanjuandeportes.com\/wp\/#organization","name":"San Juan Deportes","url":"http:\/\/www.sanjuandeportes.com\/wp\/","logo":{"@type":"ImageObject","inLanguage":"es","@id":"http:\/\/www.sanjuandeportes.com\/wp\/#\/schema\/logo\/image\/","url":"https:\/\/www.sanjuandeportes.com\/wp\/wp-content\/uploads\/unnamed.jpg","contentUrl":"https:\/\/www.sanjuandeportes.com\/wp\/wp-content\/uploads\/unnamed.jpg","width":900,"height":900,"caption":"San Juan Deportes"},"image":{"@id":"http:\/\/www.sanjuandeportes.com\/wp\/#\/schema\/logo\/image\/"},"sameAs":["https:\/\/www.facebook.com\/sanjuandeportesok","https:\/\/x.com\/SanJuanDeportes","https:\/\/www.instagram.com\/sanjuandeportes"]},{"@type":"Person","@id":"http:\/\/www.sanjuandeportes.com\/wp\/#\/schema\/person\/eda4d8e62a5d42b111781e3cdfcb9c3a","name":"Pablo Pujado","image":{"@type":"ImageObject","inLanguage":"es","@id":"https:\/\/secure.gravatar.com\/avatar\/310b69d28112912c333408a462a9837208de951b1e7c11514781740412f648b1?s=96&d=mm&r=g","url":"https:\/\/secure.gravatar.com\/avatar\/310b69d28112912c333408a462a9837208de951b1e7c11514781740412f648b1?s=96&d=mm&r=g","contentUrl":"https:\/\/secure.gravatar.com\/avatar\/310b69d28112912c333408a462a9837208de951b1e7c11514781740412f648b1?s=96&d=mm&r=g","caption":"Pablo Pujado"},"url":"http:\/\/www.sanjuandeportes.com\/wp\/author\/pablo-pujado\/"}]}},"_links":{"self":[{"href":"http:\/\/www.sanjuandeportes.com\/wp\/wp-json\/wp\/v2\/posts\/7589","targetHints":{"allow":["GET"]}}],"collection":[{"href":"http:\/\/www.sanjuandeportes.com\/wp\/wp-json\/wp\/v2\/posts"}],"about":[{"href":"http:\/\/www.sanjuandeportes.com\/wp\/wp-json\/wp\/v2\/types\/post"}],"author":[{"embeddable":true,"href":"http:\/\/www.sanjuandeportes.com\/wp\/wp-json\/wp\/v2\/users\/5"}],"replies":[{"embeddable":true,"href":"http:\/\/www.sanjuandeportes.com\/wp\/wp-json\/wp\/v2\/comments?post=7589"}],"version-history":[{"count":1,"href":"http:\/\/www.sanjuandeportes.com\/wp\/wp-json\/wp\/v2\/posts\/7589\/revisions"}],"predecessor-version":[{"id":7591,"href":"http:\/\/www.sanjuandeportes.com\/wp\/wp-json\/wp\/v2\/posts\/7589\/revisions\/7591"}],"wp:featuredmedia":[{"embeddable":true,"href":"http:\/\/www.sanjuandeportes.com\/wp\/wp-json\/wp\/v2\/media\/7590"}],"wp:attachment":[{"href":"http:\/\/www.sanjuandeportes.com\/wp\/wp-json\/wp\/v2\/media?parent=7589"}],"wp:term":[{"taxonomy":"category","embeddable":true,"href":"http:\/\/www.sanjuandeportes.com\/wp\/wp-json\/wp\/v2\/categories?post=7589"},{"taxonomy":"post_tag","embeddable":true,"href":"http:\/\/www.sanjuandeportes.com\/wp\/wp-json\/wp\/v2\/tags?post=7589"}],"curies":[{"name":"wp","href":"https:\/\/api.w.org\/{rel}","templated":true}]}}