{"id":7673,"date":"2019-10-23T14:26:29","date_gmt":"2019-10-23T14:26:29","guid":{"rendered":"http:\/\/www.sanjuandeportes.com\/wp\/?p=7673"},"modified":"2019-10-23T14:26:29","modified_gmt":"2019-10-23T14:26:29","slug":"river-y-los-memes-celebraron-la-clasificacion-a-la-final","status":"publish","type":"post","link":"http:\/\/www.sanjuandeportes.com\/wp\/2019\/10\/23\/river-y-los-memes-celebraron-la-clasificacion-a-la-final\/","title":{"rendered":"River y los memes celebraron la clasificaci\u00f3n a la final"},"content":{"rendered":"<p id=\"m102-101-103\" class=\"paragraph \">River cay\u00f3 1 a 0 en La Bombonera, pero por el triunfo por 2 a 0 que hab\u00eda cosechado en el Monumental logr\u00f3 la clasificaci\u00f3n a la final de la Copa Libertadores. Desde que Gallardo asumi\u00f3 en 2014, el elenco de N\u00fa\u00f1ez gan\u00f3 todos sus cruces con Boca, inclusive dos finales.<\/p>\n<p id=\"m112-111-113\" class=\"paragraph \">Todo este marco provoc\u00f3 que las redes sociales estallen con memes y bromas sobre la paternidad que ha logrado el cuadro Millonario en los \u00faltimos a\u00f1os. Los principales apuntados fueron los hinchas del Xeneize, el aburrido primer tiempo y las constantes derrotas del cuadro de la ribera en los cl\u00e1sicos.<\/p>\n<blockquote class=\"twitter-tweet\" data-width=\"550\" data-dnt=\"true\">\n<p lang=\"es\" dir=\"ltr\">La Pesadilla de los Ni\u00f1os \/ La Pesadilla de Boca <a href=\"https:\/\/t.co\/tBG29cRHxg\">pic.twitter.com\/tBG29cRHxg<\/a><\/p>\n<p>&mdash; \u2020G @ B \u211b \u00cd \u20ac L\u2020 (@RojoGabrielOk) <a href=\"https:\/\/twitter.com\/RojoGabrielOk\/status\/1186839143910989824?ref_src=twsrc%5Etfw\">October 23, 2019<\/a><\/p><\/blockquote>\n<p><script async src=\"https:\/\/platform.twitter.com\/widgets.js\" charset=\"utf-8\"><\/script><\/p>\n<blockquote class=\"twitter-tweet\" data-width=\"550\" data-dnt=\"true\">\n<p lang=\"es\" dir=\"ltr\">Gallardo lo hiciste una vez mas , un minuto de silencio para boca que esta mueeeeeerto ..<\/p>\n<p>Gracias River \u2764 <a href=\"https:\/\/t.co\/0nBNJkBnSb\">pic.twitter.com\/0nBNJkBnSb<\/a><\/p>\n<p>&mdash; \ud835\udc6e\ud835\udc8a\ud835\udc8e\ud835\udc86\ud835\udc8f\ud835\udc82 \ud835\udc84\ud835\udc90\ud835\udc8f \ud835\udc6e \u2b50\u2b50\u2b50 (@QGimmee) <a href=\"https:\/\/twitter.com\/QGimmee\/status\/1186838019581579265?ref_src=twsrc%5Etfw\">October 23, 2019<\/a><\/p><\/blockquote>\n<p><script async src=\"https:\/\/platform.twitter.com\/widgets.js\" charset=\"utf-8\"><\/script><\/p>\n<blockquote class=\"twitter-tweet\" data-width=\"550\" data-dnt=\"true\">\n<p lang=\"es\" dir=\"ltr\">As\u00ed le gusta a Sampaio la Bombonera(? <a href=\"https:\/\/t.co\/Mca64vCZWE\">pic.twitter.com\/Mca64vCZWE<\/a><\/p>\n<p>&mdash; Nacho Rivarola (@nachorivarolaok) <a href=\"https:\/\/twitter.com\/nachorivarolaok\/status\/1186817183269216256?ref_src=twsrc%5Etfw\">October 23, 2019<\/a><\/p><\/blockquote>\n<p><script async src=\"https:\/\/platform.twitter.com\/widgets.js\" charset=\"utf-8\"><\/script><\/p>\n<blockquote class=\"twitter-tweet\" data-width=\"550\" data-dnt=\"true\">\n<p lang=\"es\" dir=\"ltr\">Encontraron el Falcon de Alfaro <a href=\"https:\/\/t.co\/AOXb9yzFaR\">pic.twitter.com\/AOXb9yzFaR<\/a><\/p>\n<p>&mdash; Nana \ud83d\udc9c\ud83d\udc9a\u270c\ufe0f (@GusZeChar1982) <a href=\"https:\/\/twitter.com\/GusZeChar1982\/status\/1186838494913675264?ref_src=twsrc%5Etfw\">October 23, 2019<\/a><\/p><\/blockquote>\n<p><script async src=\"https:\/\/platform.twitter.com\/widgets.js\" charset=\"utf-8\"><\/script><\/p>\n<p><img decoding=\"async\" data-src=\"https:\/\/lapaginamillonaria.com\/export\/sites\/lpm\/img\/2019\/10\/23\/memess2.jpg_918449476.jpg\" src=\"data:image\/svg+xml;base64,PHN2ZyB3aWR0aD0iMSIgaGVpZ2h0PSIxIiB4bWxucz0iaHR0cDovL3d3dy53My5vcmcvMjAwMC9zdmciPjwvc3ZnPg==\" class=\"lazyload\" \/><\/p>\n<p>&nbsp;<\/p>\n<p><img decoding=\"async\" data-src=\"https:\/\/lapaginamillonaria.com\/export\/sites\/lpm\/img\/2019\/10\/23\/memess1.jpg_748521612.jpg\" src=\"data:image\/svg+xml;base64,PHN2ZyB3aWR0aD0iMSIgaGVpZ2h0PSIxIiB4bWxucz0iaHR0cDovL3d3dy53My5vcmcvMjAwMC9zdmciPjwvc3ZnPg==\" class=\"lazyload\" \/><\/p>\n","protected":false},"excerpt":{"rendered":"<p>River cay\u00f3 1 a 0 en La Bombonera, pero por el triunfo por 2 a 0 que hab\u00eda cosechado en el Monumental logr\u00f3 la clasificaci\u00f3n a la final de la Copa Libertadores. Desde que Gallardo asumi\u00f3 en 2014, el elenco de N\u00fa\u00f1ez gan\u00f3 todos sus cruces con Boca, inclusive dos finales. Todo este marco provoc\u00f3 [&hellip;]<\/p>\n","protected":false},"author":5,"featured_media":7674,"comment_status":"open","ping_status":"open","sticky":false,"template":"","format":"standard","meta":{"footnotes":""},"categories":[323,2,180,24],"tags":[60,124,234,61],"class_list":["post-7673","post","type-post","status-publish","format-standard","has-post-thumbnail","hentry","category-copa-libertadores","category-featured","category-fuera-de-juego","category-futbol","tag-boca","tag-copa-libertadores","tag-memes","tag-river"],"yoast_head":"<!-- This site is optimized with the Yoast SEO plugin v28.2 - https:\/\/yoast.com\/product\/yoast-seo-wordpress\/ -->\n<title>River y los memes celebraron la clasificaci\u00f3n a la final - San Juan Deportes<\/title>\n<meta name=\"robots\" content=\"index, follow, max-snippet:-1, max-image-preview:large, max-video-preview:-1\" \/>\n<link rel=\"canonical\" href=\"https:\/\/www.sanjuandeportes.com\/wp\/2019\/10\/23\/river-y-los-memes-celebraron-la-clasificacion-a-la-final\/\" \/>\n<meta property=\"og:locale\" content=\"es_ES\" \/>\n<meta property=\"og:type\" content=\"article\" \/>\n<meta property=\"og:title\" content=\"River y los memes celebraron la clasificaci\u00f3n a la final - San Juan Deportes\" \/>\n<meta property=\"og:description\" content=\"River cay\u00f3 1 a 0 en La Bombonera, pero por el triunfo por 2 a 0 que hab\u00eda cosechado en el Monumental logr\u00f3 la clasificaci\u00f3n a la final de la Copa Libertadores. Desde que Gallardo asumi\u00f3 en 2014, el elenco de N\u00fa\u00f1ez gan\u00f3 todos sus cruces con Boca, inclusive dos finales. Todo este marco provoc\u00f3 [&hellip;]\" \/>\n<meta property=\"og:url\" content=\"https:\/\/www.sanjuandeportes.com\/wp\/2019\/10\/23\/river-y-los-memes-celebraron-la-clasificacion-a-la-final\/\" \/>\n<meta property=\"og:site_name\" content=\"San Juan Deportes\" \/>\n<meta property=\"article:publisher\" content=\"https:\/\/www.facebook.com\/sanjuandeportesok\" \/>\n<meta property=\"article:published_time\" content=\"2019-10-23T14:26:29+00:00\" \/>\n<meta property=\"og:image\" content=\"https:\/\/www.sanjuandeportes.com\/wp\/wp-content\/uploads\/2019\/10\/01_1_crop1571826619594.png_1693159006.png\" \/>\n\t<meta property=\"og:image:width\" content=\"711\" \/>\n\t<meta property=\"og:image:height\" content=\"397\" \/>\n\t<meta property=\"og:image:type\" content=\"image\/png\" \/>\n<meta name=\"author\" content=\"Pablo Pujado\" \/>\n<meta name=\"twitter:card\" content=\"summary_large_image\" \/>\n<meta name=\"twitter:creator\" content=\"@SanJuanDeportes\" \/>\n<meta name=\"twitter:site\" content=\"@SanJuanDeportes\" \/>\n<meta name=\"twitter:label1\" content=\"Escrito por\" \/>\n\t<meta name=\"twitter:data1\" content=\"Pablo Pujado\" \/>\n\t<meta name=\"twitter:label2\" content=\"Tiempo de lectura\" \/>\n\t<meta name=\"twitter:data2\" content=\"1 minuto\" \/>\n<script type=\"application\/ld+json\" class=\"yoast-schema-graph\">{\"@context\":\"https:\\\/\\\/schema.org\",\"@graph\":[{\"@type\":\"Article\",\"@id\":\"https:\\\/\\\/www.sanjuandeportes.com\\\/wp\\\/2019\\\/10\\\/23\\\/river-y-los-memes-celebraron-la-clasificacion-a-la-final\\\/#article\",\"isPartOf\":{\"@id\":\"https:\\\/\\\/www.sanjuandeportes.com\\\/wp\\\/2019\\\/10\\\/23\\\/river-y-los-memes-celebraron-la-clasificacion-a-la-final\\\/\"},\"author\":{\"name\":\"Pablo Pujado\",\"@id\":\"http:\\\/\\\/www.sanjuandeportes.com\\\/wp\\\/#\\\/schema\\\/person\\\/eda4d8e62a5d42b111781e3cdfcb9c3a\"},\"headline\":\"River y los memes celebraron la clasificaci\u00f3n a la final\",\"datePublished\":\"2019-10-23T14:26:29+00:00\",\"mainEntityOfPage\":{\"@id\":\"https:\\\/\\\/www.sanjuandeportes.com\\\/wp\\\/2019\\\/10\\\/23\\\/river-y-los-memes-celebraron-la-clasificacion-a-la-final\\\/\"},\"wordCount\":133,\"commentCount\":0,\"publisher\":{\"@id\":\"http:\\\/\\\/www.sanjuandeportes.com\\\/wp\\\/#organization\"},\"image\":{\"@id\":\"https:\\\/\\\/www.sanjuandeportes.com\\\/wp\\\/2019\\\/10\\\/23\\\/river-y-los-memes-celebraron-la-clasificacion-a-la-final\\\/#primaryimage\"},\"thumbnailUrl\":\"http:\\\/\\\/www.sanjuandeportes.com\\\/wp\\\/wp-content\\\/uploads\\\/2019\\\/10\\\/01_1_crop1571826619594.png_1693159006.png\",\"keywords\":[\"Boca\",\"Copa Libertadores\",\"Memes\",\"River\"],\"articleSection\":[\"Copa Libertadores\",\"Featured\",\"Fuera de Juego\",\"Futbol\"],\"inLanguage\":\"es\",\"potentialAction\":[{\"@type\":\"CommentAction\",\"name\":\"Comment\",\"target\":[\"https:\\\/\\\/www.sanjuandeportes.com\\\/wp\\\/2019\\\/10\\\/23\\\/river-y-los-memes-celebraron-la-clasificacion-a-la-final\\\/#respond\"]}]},{\"@type\":\"WebPage\",\"@id\":\"https:\\\/\\\/www.sanjuandeportes.com\\\/wp\\\/2019\\\/10\\\/23\\\/river-y-los-memes-celebraron-la-clasificacion-a-la-final\\\/\",\"url\":\"https:\\\/\\\/www.sanjuandeportes.com\\\/wp\\\/2019\\\/10\\\/23\\\/river-y-los-memes-celebraron-la-clasificacion-a-la-final\\\/\",\"name\":\"River y los memes celebraron la clasificaci\u00f3n a la final - San Juan Deportes\",\"isPartOf\":{\"@id\":\"http:\\\/\\\/www.sanjuandeportes.com\\\/wp\\\/#website\"},\"primaryImageOfPage\":{\"@id\":\"https:\\\/\\\/www.sanjuandeportes.com\\\/wp\\\/2019\\\/10\\\/23\\\/river-y-los-memes-celebraron-la-clasificacion-a-la-final\\\/#primaryimage\"},\"image\":{\"@id\":\"https:\\\/\\\/www.sanjuandeportes.com\\\/wp\\\/2019\\\/10\\\/23\\\/river-y-los-memes-celebraron-la-clasificacion-a-la-final\\\/#primaryimage\"},\"thumbnailUrl\":\"http:\\\/\\\/www.sanjuandeportes.com\\\/wp\\\/wp-content\\\/uploads\\\/2019\\\/10\\\/01_1_crop1571826619594.png_1693159006.png\",\"datePublished\":\"2019-10-23T14:26:29+00:00\",\"breadcrumb\":{\"@id\":\"https:\\\/\\\/www.sanjuandeportes.com\\\/wp\\\/2019\\\/10\\\/23\\\/river-y-los-memes-celebraron-la-clasificacion-a-la-final\\\/#breadcrumb\"},\"inLanguage\":\"es\",\"potentialAction\":[{\"@type\":\"ReadAction\",\"target\":[\"https:\\\/\\\/www.sanjuandeportes.com\\\/wp\\\/2019\\\/10\\\/23\\\/river-y-los-memes-celebraron-la-clasificacion-a-la-final\\\/\"]}]},{\"@type\":\"ImageObject\",\"inLanguage\":\"es\",\"@id\":\"https:\\\/\\\/www.sanjuandeportes.com\\\/wp\\\/2019\\\/10\\\/23\\\/river-y-los-memes-celebraron-la-clasificacion-a-la-final\\\/#primaryimage\",\"url\":\"http:\\\/\\\/www.sanjuandeportes.com\\\/wp\\\/wp-content\\\/uploads\\\/2019\\\/10\\\/01_1_crop1571826619594.png_1693159006.png\",\"contentUrl\":\"http:\\\/\\\/www.sanjuandeportes.com\\\/wp\\\/wp-content\\\/uploads\\\/2019\\\/10\\\/01_1_crop1571826619594.png_1693159006.png\",\"width\":711,\"height\":397},{\"@type\":\"BreadcrumbList\",\"@id\":\"https:\\\/\\\/www.sanjuandeportes.com\\\/wp\\\/2019\\\/10\\\/23\\\/river-y-los-memes-celebraron-la-clasificacion-a-la-final\\\/#breadcrumb\",\"itemListElement\":[{\"@type\":\"ListItem\",\"position\":1,\"name\":\"Portada\",\"item\":\"http:\\\/\\\/www.sanjuandeportes.com\\\/wp\\\/\"},{\"@type\":\"ListItem\",\"position\":2,\"name\":\"River y los memes celebraron la clasificaci\u00f3n a la final\"}]},{\"@type\":\"WebSite\",\"@id\":\"http:\\\/\\\/www.sanjuandeportes.com\\\/wp\\\/#website\",\"url\":\"http:\\\/\\\/www.sanjuandeportes.com\\\/wp\\\/\",\"name\":\"San Juan Deportes\",\"description\":\"El sitio de deportes de la provincia de San Juan\",\"publisher\":{\"@id\":\"http:\\\/\\\/www.sanjuandeportes.com\\\/wp\\\/#organization\"},\"potentialAction\":[{\"@type\":\"SearchAction\",\"target\":{\"@type\":\"EntryPoint\",\"urlTemplate\":\"http:\\\/\\\/www.sanjuandeportes.com\\\/wp\\\/?s={search_term_string}\"},\"query-input\":{\"@type\":\"PropertyValueSpecification\",\"valueRequired\":true,\"valueName\":\"search_term_string\"}}],\"inLanguage\":\"es\"},{\"@type\":\"Organization\",\"@id\":\"http:\\\/\\\/www.sanjuandeportes.com\\\/wp\\\/#organization\",\"name\":\"San Juan Deportes\",\"url\":\"http:\\\/\\\/www.sanjuandeportes.com\\\/wp\\\/\",\"logo\":{\"@type\":\"ImageObject\",\"inLanguage\":\"es\",\"@id\":\"http:\\\/\\\/www.sanjuandeportes.com\\\/wp\\\/#\\\/schema\\\/logo\\\/image\\\/\",\"url\":\"https:\\\/\\\/www.sanjuandeportes.com\\\/wp\\\/wp-content\\\/uploads\\\/unnamed.jpg\",\"contentUrl\":\"https:\\\/\\\/www.sanjuandeportes.com\\\/wp\\\/wp-content\\\/uploads\\\/unnamed.jpg\",\"width\":900,\"height\":900,\"caption\":\"San Juan Deportes\"},\"image\":{\"@id\":\"http:\\\/\\\/www.sanjuandeportes.com\\\/wp\\\/#\\\/schema\\\/logo\\\/image\\\/\"},\"sameAs\":[\"https:\\\/\\\/www.facebook.com\\\/sanjuandeportesok\",\"https:\\\/\\\/x.com\\\/SanJuanDeportes\",\"https:\\\/\\\/www.instagram.com\\\/sanjuandeportes\"]},{\"@type\":\"Person\",\"@id\":\"http:\\\/\\\/www.sanjuandeportes.com\\\/wp\\\/#\\\/schema\\\/person\\\/eda4d8e62a5d42b111781e3cdfcb9c3a\",\"name\":\"Pablo Pujado\",\"image\":{\"@type\":\"ImageObject\",\"inLanguage\":\"es\",\"@id\":\"https:\\\/\\\/secure.gravatar.com\\\/avatar\\\/310b69d28112912c333408a462a9837208de951b1e7c11514781740412f648b1?s=96&d=mm&r=g\",\"url\":\"https:\\\/\\\/secure.gravatar.com\\\/avatar\\\/310b69d28112912c333408a462a9837208de951b1e7c11514781740412f648b1?s=96&d=mm&r=g\",\"contentUrl\":\"https:\\\/\\\/secure.gravatar.com\\\/avatar\\\/310b69d28112912c333408a462a9837208de951b1e7c11514781740412f648b1?s=96&d=mm&r=g\",\"caption\":\"Pablo Pujado\"},\"url\":\"http:\\\/\\\/www.sanjuandeportes.com\\\/wp\\\/author\\\/pablo-pujado\\\/\"}]}<\/script>\n<!-- \/ Yoast SEO plugin. -->","yoast_head_json":{"title":"River y los memes celebraron la clasificaci\u00f3n a la final - San Juan Deportes","robots":{"index":"index","follow":"follow","max-snippet":"max-snippet:-1","max-image-preview":"max-image-preview:large","max-video-preview":"max-video-preview:-1"},"canonical":"https:\/\/www.sanjuandeportes.com\/wp\/2019\/10\/23\/river-y-los-memes-celebraron-la-clasificacion-a-la-final\/","og_locale":"es_ES","og_type":"article","og_title":"River y los memes celebraron la clasificaci\u00f3n a la final - San Juan Deportes","og_description":"River cay\u00f3 1 a 0 en La Bombonera, pero por el triunfo por 2 a 0 que hab\u00eda cosechado en el Monumental logr\u00f3 la clasificaci\u00f3n a la final de la Copa Libertadores. Desde que Gallardo asumi\u00f3 en 2014, el elenco de N\u00fa\u00f1ez gan\u00f3 todos sus cruces con Boca, inclusive dos finales. Todo este marco provoc\u00f3 [&hellip;]","og_url":"https:\/\/www.sanjuandeportes.com\/wp\/2019\/10\/23\/river-y-los-memes-celebraron-la-clasificacion-a-la-final\/","og_site_name":"San Juan Deportes","article_publisher":"https:\/\/www.facebook.com\/sanjuandeportesok","article_published_time":"2019-10-23T14:26:29+00:00","og_image":[{"width":711,"height":397,"url":"https:\/\/www.sanjuandeportes.com\/wp\/wp-content\/uploads\/2019\/10\/01_1_crop1571826619594.png_1693159006.png","type":"image\/png"}],"author":"Pablo Pujado","twitter_card":"summary_large_image","twitter_creator":"@SanJuanDeportes","twitter_site":"@SanJuanDeportes","twitter_misc":{"Escrito por":"Pablo Pujado","Tiempo de lectura":"1 minuto"},"schema":{"@context":"https:\/\/schema.org","@graph":[{"@type":"Article","@id":"https:\/\/www.sanjuandeportes.com\/wp\/2019\/10\/23\/river-y-los-memes-celebraron-la-clasificacion-a-la-final\/#article","isPartOf":{"@id":"https:\/\/www.sanjuandeportes.com\/wp\/2019\/10\/23\/river-y-los-memes-celebraron-la-clasificacion-a-la-final\/"},"author":{"name":"Pablo Pujado","@id":"http:\/\/www.sanjuandeportes.com\/wp\/#\/schema\/person\/eda4d8e62a5d42b111781e3cdfcb9c3a"},"headline":"River y los memes celebraron la clasificaci\u00f3n a la final","datePublished":"2019-10-23T14:26:29+00:00","mainEntityOfPage":{"@id":"https:\/\/www.sanjuandeportes.com\/wp\/2019\/10\/23\/river-y-los-memes-celebraron-la-clasificacion-a-la-final\/"},"wordCount":133,"commentCount":0,"publisher":{"@id":"http:\/\/www.sanjuandeportes.com\/wp\/#organization"},"image":{"@id":"https:\/\/www.sanjuandeportes.com\/wp\/2019\/10\/23\/river-y-los-memes-celebraron-la-clasificacion-a-la-final\/#primaryimage"},"thumbnailUrl":"http:\/\/www.sanjuandeportes.com\/wp\/wp-content\/uploads\/2019\/10\/01_1_crop1571826619594.png_1693159006.png","keywords":["Boca","Copa Libertadores","Memes","River"],"articleSection":["Copa Libertadores","Featured","Fuera de Juego","Futbol"],"inLanguage":"es","potentialAction":[{"@type":"CommentAction","name":"Comment","target":["https:\/\/www.sanjuandeportes.com\/wp\/2019\/10\/23\/river-y-los-memes-celebraron-la-clasificacion-a-la-final\/#respond"]}]},{"@type":"WebPage","@id":"https:\/\/www.sanjuandeportes.com\/wp\/2019\/10\/23\/river-y-los-memes-celebraron-la-clasificacion-a-la-final\/","url":"https:\/\/www.sanjuandeportes.com\/wp\/2019\/10\/23\/river-y-los-memes-celebraron-la-clasificacion-a-la-final\/","name":"River y los memes celebraron la clasificaci\u00f3n a la final - San Juan Deportes","isPartOf":{"@id":"http:\/\/www.sanjuandeportes.com\/wp\/#website"},"primaryImageOfPage":{"@id":"https:\/\/www.sanjuandeportes.com\/wp\/2019\/10\/23\/river-y-los-memes-celebraron-la-clasificacion-a-la-final\/#primaryimage"},"image":{"@id":"https:\/\/www.sanjuandeportes.com\/wp\/2019\/10\/23\/river-y-los-memes-celebraron-la-clasificacion-a-la-final\/#primaryimage"},"thumbnailUrl":"http:\/\/www.sanjuandeportes.com\/wp\/wp-content\/uploads\/2019\/10\/01_1_crop1571826619594.png_1693159006.png","datePublished":"2019-10-23T14:26:29+00:00","breadcrumb":{"@id":"https:\/\/www.sanjuandeportes.com\/wp\/2019\/10\/23\/river-y-los-memes-celebraron-la-clasificacion-a-la-final\/#breadcrumb"},"inLanguage":"es","potentialAction":[{"@type":"ReadAction","target":["https:\/\/www.sanjuandeportes.com\/wp\/2019\/10\/23\/river-y-los-memes-celebraron-la-clasificacion-a-la-final\/"]}]},{"@type":"ImageObject","inLanguage":"es","@id":"https:\/\/www.sanjuandeportes.com\/wp\/2019\/10\/23\/river-y-los-memes-celebraron-la-clasificacion-a-la-final\/#primaryimage","url":"http:\/\/www.sanjuandeportes.com\/wp\/wp-content\/uploads\/2019\/10\/01_1_crop1571826619594.png_1693159006.png","contentUrl":"http:\/\/www.sanjuandeportes.com\/wp\/wp-content\/uploads\/2019\/10\/01_1_crop1571826619594.png_1693159006.png","width":711,"height":397},{"@type":"BreadcrumbList","@id":"https:\/\/www.sanjuandeportes.com\/wp\/2019\/10\/23\/river-y-los-memes-celebraron-la-clasificacion-a-la-final\/#breadcrumb","itemListElement":[{"@type":"ListItem","position":1,"name":"Portada","item":"http:\/\/www.sanjuandeportes.com\/wp\/"},{"@type":"ListItem","position":2,"name":"River y los memes celebraron la clasificaci\u00f3n a la final"}]},{"@type":"WebSite","@id":"http:\/\/www.sanjuandeportes.com\/wp\/#website","url":"http:\/\/www.sanjuandeportes.com\/wp\/","name":"San Juan Deportes","description":"El sitio de deportes de la provincia de San Juan","publisher":{"@id":"http:\/\/www.sanjuandeportes.com\/wp\/#organization"},"potentialAction":[{"@type":"SearchAction","target":{"@type":"EntryPoint","urlTemplate":"http:\/\/www.sanjuandeportes.com\/wp\/?s={search_term_string}"},"query-input":{"@type":"PropertyValueSpecification","valueRequired":true,"valueName":"search_term_string"}}],"inLanguage":"es"},{"@type":"Organization","@id":"http:\/\/www.sanjuandeportes.com\/wp\/#organization","name":"San Juan Deportes","url":"http:\/\/www.sanjuandeportes.com\/wp\/","logo":{"@type":"ImageObject","inLanguage":"es","@id":"http:\/\/www.sanjuandeportes.com\/wp\/#\/schema\/logo\/image\/","url":"https:\/\/www.sanjuandeportes.com\/wp\/wp-content\/uploads\/unnamed.jpg","contentUrl":"https:\/\/www.sanjuandeportes.com\/wp\/wp-content\/uploads\/unnamed.jpg","width":900,"height":900,"caption":"San Juan Deportes"},"image":{"@id":"http:\/\/www.sanjuandeportes.com\/wp\/#\/schema\/logo\/image\/"},"sameAs":["https:\/\/www.facebook.com\/sanjuandeportesok","https:\/\/x.com\/SanJuanDeportes","https:\/\/www.instagram.com\/sanjuandeportes"]},{"@type":"Person","@id":"http:\/\/www.sanjuandeportes.com\/wp\/#\/schema\/person\/eda4d8e62a5d42b111781e3cdfcb9c3a","name":"Pablo Pujado","image":{"@type":"ImageObject","inLanguage":"es","@id":"https:\/\/secure.gravatar.com\/avatar\/310b69d28112912c333408a462a9837208de951b1e7c11514781740412f648b1?s=96&d=mm&r=g","url":"https:\/\/secure.gravatar.com\/avatar\/310b69d28112912c333408a462a9837208de951b1e7c11514781740412f648b1?s=96&d=mm&r=g","contentUrl":"https:\/\/secure.gravatar.com\/avatar\/310b69d28112912c333408a462a9837208de951b1e7c11514781740412f648b1?s=96&d=mm&r=g","caption":"Pablo Pujado"},"url":"http:\/\/www.sanjuandeportes.com\/wp\/author\/pablo-pujado\/"}]}},"_links":{"self":[{"href":"http:\/\/www.sanjuandeportes.com\/wp\/wp-json\/wp\/v2\/posts\/7673","targetHints":{"allow":["GET"]}}],"collection":[{"href":"http:\/\/www.sanjuandeportes.com\/wp\/wp-json\/wp\/v2\/posts"}],"about":[{"href":"http:\/\/www.sanjuandeportes.com\/wp\/wp-json\/wp\/v2\/types\/post"}],"author":[{"embeddable":true,"href":"http:\/\/www.sanjuandeportes.com\/wp\/wp-json\/wp\/v2\/users\/5"}],"replies":[{"embeddable":true,"href":"http:\/\/www.sanjuandeportes.com\/wp\/wp-json\/wp\/v2\/comments?post=7673"}],"version-history":[{"count":1,"href":"http:\/\/www.sanjuandeportes.com\/wp\/wp-json\/wp\/v2\/posts\/7673\/revisions"}],"predecessor-version":[{"id":7675,"href":"http:\/\/www.sanjuandeportes.com\/wp\/wp-json\/wp\/v2\/posts\/7673\/revisions\/7675"}],"wp:featuredmedia":[{"embeddable":true,"href":"http:\/\/www.sanjuandeportes.com\/wp\/wp-json\/wp\/v2\/media\/7674"}],"wp:attachment":[{"href":"http:\/\/www.sanjuandeportes.com\/wp\/wp-json\/wp\/v2\/media?parent=7673"}],"wp:term":[{"taxonomy":"category","embeddable":true,"href":"http:\/\/www.sanjuandeportes.com\/wp\/wp-json\/wp\/v2\/categories?post=7673"},{"taxonomy":"post_tag","embeddable":true,"href":"http:\/\/www.sanjuandeportes.com\/wp\/wp-json\/wp\/v2\/tags?post=7673"}],"curies":[{"name":"wp","href":"https:\/\/api.w.org\/{rel}","templated":true}]}}