{"id":8125,"date":"2019-11-22T14:47:01","date_gmt":"2019-11-22T14:47:01","guid":{"rendered":"http:\/\/www.sanjuandeportes.com\/wp\/?p=8125"},"modified":"2019-11-22T14:47:01","modified_gmt":"2019-11-22T14:47:01","slug":"el-mejor-jugador-de-la-libertadores-ganara-un-insolito-anillo-que-ya-genero-polemica","status":"publish","type":"post","link":"http:\/\/www.sanjuandeportes.com\/wp\/2019\/11\/22\/el-mejor-jugador-de-la-libertadores-ganara-un-insolito-anillo-que-ya-genero-polemica\/","title":{"rendered":"El mejor jugador de la Libertadores ganar\u00e1 un ins\u00f3lito anillo que ya gener\u00f3 pol\u00e9mica"},"content":{"rendered":"<p id=\"m102-101-103\" class=\"paragraph \">Este s\u00e1bado\u00a0River\u00a0y\u00a0Flamengo\u00a0definir\u00e1n al campe\u00f3n de la Copa Libertadores 2019 y el premio para el mejor jugador del torneo ser\u00e1 un anillo, al mejor estilo de la NBA,\u00a0<strong>y el mismo ya gener\u00f3 pol\u00e9mica<\/strong>.<\/p>\n<p id=\"m112-111-113\" class=\"paragraph \">La joya, aportada por\u00a0<em>Bridgestone<\/em>, uno de los sponsors del torneo, est\u00e1 hecha de oro de 18 kilates con 44 diamantes blancos incrustados que conforman el dise\u00f1o del trofeo.<\/p>\n<p id=\"m122-121-123\" class=\"paragraph \">Pero cuenta con un detalle que poco, o nada, tiene que ver con la historia del torneo. Es que el anillo tiene la leyenda\u00a0<strong>\u00abBest of the tournament\u00bb\u00a0<\/strong>(mejor del torneo) y cabe preguntarse por qu\u00e9 eligieron una frase en ingl\u00e9s, siendo que a la Libertadores<strong>\u00a0la juegan clubes representantes de 10 pa\u00edses, nueve de ellos de habla hispana y uno de habla portuguesa<\/strong>.<\/p>\n","protected":false},"excerpt":{"rendered":"<p>Este s\u00e1bado\u00a0River\u00a0y\u00a0Flamengo\u00a0definir\u00e1n al campe\u00f3n de la Copa Libertadores 2019 y el premio para el mejor jugador del torneo ser\u00e1 un anillo, al mejor estilo de la NBA,\u00a0y el mismo ya gener\u00f3 pol\u00e9mica. La joya, aportada por\u00a0Bridgestone, uno de los sponsors del torneo, est\u00e1 hecha de oro de 18 kilates con 44 diamantes blancos incrustados que [&hellip;]<\/p>\n","protected":false},"author":5,"featured_media":8126,"comment_status":"open","ping_status":"open","sticky":false,"template":"","format":"standard","meta":{"footnotes":""},"categories":[323,2,24],"tags":[956,124,957],"class_list":["post-8125","post","type-post","status-publish","format-standard","has-post-thumbnail","hentry","category-copa-libertadores","category-featured","category-futbol","tag-anillo","tag-copa-libertadores","tag-mejor-del-torneo"],"yoast_head":"<!-- This site is optimized with the Yoast SEO plugin v28.2 - https:\/\/yoast.com\/product\/yoast-seo-wordpress\/ -->\n<title>El mejor jugador de la Libertadores ganar\u00e1 un ins\u00f3lito anillo que ya gener\u00f3 pol\u00e9mica - San Juan Deportes<\/title>\n<meta name=\"robots\" content=\"index, follow, max-snippet:-1, max-image-preview:large, max-video-preview:-1\" \/>\n<link rel=\"canonical\" href=\"https:\/\/www.sanjuandeportes.com\/wp\/2019\/11\/22\/el-mejor-jugador-de-la-libertadores-ganara-un-insolito-anillo-que-ya-genero-polemica\/\" \/>\n<meta property=\"og:locale\" content=\"es_ES\" \/>\n<meta property=\"og:type\" content=\"article\" \/>\n<meta property=\"og:title\" content=\"El mejor jugador de la Libertadores ganar\u00e1 un ins\u00f3lito anillo que ya gener\u00f3 pol\u00e9mica - San Juan Deportes\" \/>\n<meta property=\"og:description\" content=\"Este s\u00e1bado\u00a0River\u00a0y\u00a0Flamengo\u00a0definir\u00e1n al campe\u00f3n de la Copa Libertadores 2019 y el premio para el mejor jugador del torneo ser\u00e1 un anillo, al mejor estilo de la NBA,\u00a0y el mismo ya gener\u00f3 pol\u00e9mica. La joya, aportada por\u00a0Bridgestone, uno de los sponsors del torneo, est\u00e1 hecha de oro de 18 kilates con 44 diamantes blancos incrustados que [&hellip;]\" \/>\n<meta property=\"og:url\" content=\"https:\/\/www.sanjuandeportes.com\/wp\/2019\/11\/22\/el-mejor-jugador-de-la-libertadores-ganara-un-insolito-anillo-que-ya-genero-polemica\/\" \/>\n<meta property=\"og:site_name\" content=\"San Juan Deportes\" \/>\n<meta property=\"article:publisher\" content=\"https:\/\/www.facebook.com\/sanjuandeportesok\" \/>\n<meta property=\"article:published_time\" content=\"2019-11-22T14:47:01+00:00\" \/>\n<meta property=\"og:image\" content=\"https:\/\/www.sanjuandeportes.com\/wp\/wp-content\/uploads\/2019\/11\/anillo.jpg\" \/>\n\t<meta property=\"og:image:width\" content=\"833\" \/>\n\t<meta property=\"og:image:height\" content=\"467\" \/>\n\t<meta property=\"og:image:type\" content=\"image\/jpeg\" \/>\n<meta name=\"author\" content=\"Pablo Pujado\" \/>\n<meta name=\"twitter:card\" content=\"summary_large_image\" \/>\n<meta name=\"twitter:creator\" content=\"@SanJuanDeportes\" \/>\n<meta name=\"twitter:site\" content=\"@SanJuanDeportes\" \/>\n<meta name=\"twitter:label1\" content=\"Escrito por\" \/>\n\t<meta name=\"twitter:data1\" content=\"Pablo Pujado\" \/>\n\t<meta name=\"twitter:label2\" content=\"Tiempo de lectura\" \/>\n\t<meta name=\"twitter:data2\" content=\"1 minuto\" \/>\n<script type=\"application\/ld+json\" class=\"yoast-schema-graph\">{\"@context\":\"https:\\\/\\\/schema.org\",\"@graph\":[{\"@type\":\"Article\",\"@id\":\"https:\\\/\\\/www.sanjuandeportes.com\\\/wp\\\/2019\\\/11\\\/22\\\/el-mejor-jugador-de-la-libertadores-ganara-un-insolito-anillo-que-ya-genero-polemica\\\/#article\",\"isPartOf\":{\"@id\":\"https:\\\/\\\/www.sanjuandeportes.com\\\/wp\\\/2019\\\/11\\\/22\\\/el-mejor-jugador-de-la-libertadores-ganara-un-insolito-anillo-que-ya-genero-polemica\\\/\"},\"author\":{\"name\":\"Pablo Pujado\",\"@id\":\"http:\\\/\\\/www.sanjuandeportes.com\\\/wp\\\/#\\\/schema\\\/person\\\/eda4d8e62a5d42b111781e3cdfcb9c3a\"},\"headline\":\"El mejor jugador de la Libertadores ganar\u00e1 un ins\u00f3lito anillo que ya gener\u00f3 pol\u00e9mica\",\"datePublished\":\"2019-11-22T14:47:01+00:00\",\"mainEntityOfPage\":{\"@id\":\"https:\\\/\\\/www.sanjuandeportes.com\\\/wp\\\/2019\\\/11\\\/22\\\/el-mejor-jugador-de-la-libertadores-ganara-un-insolito-anillo-que-ya-genero-polemica\\\/\"},\"wordCount\":149,\"commentCount\":0,\"publisher\":{\"@id\":\"http:\\\/\\\/www.sanjuandeportes.com\\\/wp\\\/#organization\"},\"image\":{\"@id\":\"https:\\\/\\\/www.sanjuandeportes.com\\\/wp\\\/2019\\\/11\\\/22\\\/el-mejor-jugador-de-la-libertadores-ganara-un-insolito-anillo-que-ya-genero-polemica\\\/#primaryimage\"},\"thumbnailUrl\":\"http:\\\/\\\/www.sanjuandeportes.com\\\/wp\\\/wp-content\\\/uploads\\\/2019\\\/11\\\/anillo.jpg\",\"keywords\":[\"Anillo\",\"Copa Libertadores\",\"Mejor del Torneo\"],\"articleSection\":[\"Copa Libertadores\",\"Featured\",\"Futbol\"],\"inLanguage\":\"es\",\"potentialAction\":[{\"@type\":\"CommentAction\",\"name\":\"Comment\",\"target\":[\"https:\\\/\\\/www.sanjuandeportes.com\\\/wp\\\/2019\\\/11\\\/22\\\/el-mejor-jugador-de-la-libertadores-ganara-un-insolito-anillo-que-ya-genero-polemica\\\/#respond\"]}]},{\"@type\":\"WebPage\",\"@id\":\"https:\\\/\\\/www.sanjuandeportes.com\\\/wp\\\/2019\\\/11\\\/22\\\/el-mejor-jugador-de-la-libertadores-ganara-un-insolito-anillo-que-ya-genero-polemica\\\/\",\"url\":\"https:\\\/\\\/www.sanjuandeportes.com\\\/wp\\\/2019\\\/11\\\/22\\\/el-mejor-jugador-de-la-libertadores-ganara-un-insolito-anillo-que-ya-genero-polemica\\\/\",\"name\":\"El mejor jugador de la Libertadores ganar\u00e1 un ins\u00f3lito anillo que ya gener\u00f3 pol\u00e9mica - San Juan Deportes\",\"isPartOf\":{\"@id\":\"http:\\\/\\\/www.sanjuandeportes.com\\\/wp\\\/#website\"},\"primaryImageOfPage\":{\"@id\":\"https:\\\/\\\/www.sanjuandeportes.com\\\/wp\\\/2019\\\/11\\\/22\\\/el-mejor-jugador-de-la-libertadores-ganara-un-insolito-anillo-que-ya-genero-polemica\\\/#primaryimage\"},\"image\":{\"@id\":\"https:\\\/\\\/www.sanjuandeportes.com\\\/wp\\\/2019\\\/11\\\/22\\\/el-mejor-jugador-de-la-libertadores-ganara-un-insolito-anillo-que-ya-genero-polemica\\\/#primaryimage\"},\"thumbnailUrl\":\"http:\\\/\\\/www.sanjuandeportes.com\\\/wp\\\/wp-content\\\/uploads\\\/2019\\\/11\\\/anillo.jpg\",\"datePublished\":\"2019-11-22T14:47:01+00:00\",\"breadcrumb\":{\"@id\":\"https:\\\/\\\/www.sanjuandeportes.com\\\/wp\\\/2019\\\/11\\\/22\\\/el-mejor-jugador-de-la-libertadores-ganara-un-insolito-anillo-que-ya-genero-polemica\\\/#breadcrumb\"},\"inLanguage\":\"es\",\"potentialAction\":[{\"@type\":\"ReadAction\",\"target\":[\"https:\\\/\\\/www.sanjuandeportes.com\\\/wp\\\/2019\\\/11\\\/22\\\/el-mejor-jugador-de-la-libertadores-ganara-un-insolito-anillo-que-ya-genero-polemica\\\/\"]}]},{\"@type\":\"ImageObject\",\"inLanguage\":\"es\",\"@id\":\"https:\\\/\\\/www.sanjuandeportes.com\\\/wp\\\/2019\\\/11\\\/22\\\/el-mejor-jugador-de-la-libertadores-ganara-un-insolito-anillo-que-ya-genero-polemica\\\/#primaryimage\",\"url\":\"http:\\\/\\\/www.sanjuandeportes.com\\\/wp\\\/wp-content\\\/uploads\\\/2019\\\/11\\\/anillo.jpg\",\"contentUrl\":\"http:\\\/\\\/www.sanjuandeportes.com\\\/wp\\\/wp-content\\\/uploads\\\/2019\\\/11\\\/anillo.jpg\",\"width\":833,\"height\":467},{\"@type\":\"BreadcrumbList\",\"@id\":\"https:\\\/\\\/www.sanjuandeportes.com\\\/wp\\\/2019\\\/11\\\/22\\\/el-mejor-jugador-de-la-libertadores-ganara-un-insolito-anillo-que-ya-genero-polemica\\\/#breadcrumb\",\"itemListElement\":[{\"@type\":\"ListItem\",\"position\":1,\"name\":\"Portada\",\"item\":\"http:\\\/\\\/www.sanjuandeportes.com\\\/wp\\\/\"},{\"@type\":\"ListItem\",\"position\":2,\"name\":\"El mejor jugador de la Libertadores ganar\u00e1 un ins\u00f3lito anillo que ya gener\u00f3 pol\u00e9mica\"}]},{\"@type\":\"WebSite\",\"@id\":\"http:\\\/\\\/www.sanjuandeportes.com\\\/wp\\\/#website\",\"url\":\"http:\\\/\\\/www.sanjuandeportes.com\\\/wp\\\/\",\"name\":\"San Juan Deportes\",\"description\":\"El sitio de deportes de la provincia de San Juan\",\"publisher\":{\"@id\":\"http:\\\/\\\/www.sanjuandeportes.com\\\/wp\\\/#organization\"},\"potentialAction\":[{\"@type\":\"SearchAction\",\"target\":{\"@type\":\"EntryPoint\",\"urlTemplate\":\"http:\\\/\\\/www.sanjuandeportes.com\\\/wp\\\/?s={search_term_string}\"},\"query-input\":{\"@type\":\"PropertyValueSpecification\",\"valueRequired\":true,\"valueName\":\"search_term_string\"}}],\"inLanguage\":\"es\"},{\"@type\":\"Organization\",\"@id\":\"http:\\\/\\\/www.sanjuandeportes.com\\\/wp\\\/#organization\",\"name\":\"San Juan Deportes\",\"url\":\"http:\\\/\\\/www.sanjuandeportes.com\\\/wp\\\/\",\"logo\":{\"@type\":\"ImageObject\",\"inLanguage\":\"es\",\"@id\":\"http:\\\/\\\/www.sanjuandeportes.com\\\/wp\\\/#\\\/schema\\\/logo\\\/image\\\/\",\"url\":\"https:\\\/\\\/www.sanjuandeportes.com\\\/wp\\\/wp-content\\\/uploads\\\/unnamed.jpg\",\"contentUrl\":\"https:\\\/\\\/www.sanjuandeportes.com\\\/wp\\\/wp-content\\\/uploads\\\/unnamed.jpg\",\"width\":900,\"height\":900,\"caption\":\"San Juan Deportes\"},\"image\":{\"@id\":\"http:\\\/\\\/www.sanjuandeportes.com\\\/wp\\\/#\\\/schema\\\/logo\\\/image\\\/\"},\"sameAs\":[\"https:\\\/\\\/www.facebook.com\\\/sanjuandeportesok\",\"https:\\\/\\\/x.com\\\/SanJuanDeportes\",\"https:\\\/\\\/www.instagram.com\\\/sanjuandeportes\"]},{\"@type\":\"Person\",\"@id\":\"http:\\\/\\\/www.sanjuandeportes.com\\\/wp\\\/#\\\/schema\\\/person\\\/eda4d8e62a5d42b111781e3cdfcb9c3a\",\"name\":\"Pablo Pujado\",\"image\":{\"@type\":\"ImageObject\",\"inLanguage\":\"es\",\"@id\":\"https:\\\/\\\/secure.gravatar.com\\\/avatar\\\/310b69d28112912c333408a462a9837208de951b1e7c11514781740412f648b1?s=96&d=mm&r=g\",\"url\":\"https:\\\/\\\/secure.gravatar.com\\\/avatar\\\/310b69d28112912c333408a462a9837208de951b1e7c11514781740412f648b1?s=96&d=mm&r=g\",\"contentUrl\":\"https:\\\/\\\/secure.gravatar.com\\\/avatar\\\/310b69d28112912c333408a462a9837208de951b1e7c11514781740412f648b1?s=96&d=mm&r=g\",\"caption\":\"Pablo Pujado\"},\"url\":\"http:\\\/\\\/www.sanjuandeportes.com\\\/wp\\\/author\\\/pablo-pujado\\\/\"}]}<\/script>\n<!-- \/ Yoast SEO plugin. -->","yoast_head_json":{"title":"El mejor jugador de la Libertadores ganar\u00e1 un ins\u00f3lito anillo que ya gener\u00f3 pol\u00e9mica - San Juan Deportes","robots":{"index":"index","follow":"follow","max-snippet":"max-snippet:-1","max-image-preview":"max-image-preview:large","max-video-preview":"max-video-preview:-1"},"canonical":"https:\/\/www.sanjuandeportes.com\/wp\/2019\/11\/22\/el-mejor-jugador-de-la-libertadores-ganara-un-insolito-anillo-que-ya-genero-polemica\/","og_locale":"es_ES","og_type":"article","og_title":"El mejor jugador de la Libertadores ganar\u00e1 un ins\u00f3lito anillo que ya gener\u00f3 pol\u00e9mica - San Juan Deportes","og_description":"Este s\u00e1bado\u00a0River\u00a0y\u00a0Flamengo\u00a0definir\u00e1n al campe\u00f3n de la Copa Libertadores 2019 y el premio para el mejor jugador del torneo ser\u00e1 un anillo, al mejor estilo de la NBA,\u00a0y el mismo ya gener\u00f3 pol\u00e9mica. La joya, aportada por\u00a0Bridgestone, uno de los sponsors del torneo, est\u00e1 hecha de oro de 18 kilates con 44 diamantes blancos incrustados que [&hellip;]","og_url":"https:\/\/www.sanjuandeportes.com\/wp\/2019\/11\/22\/el-mejor-jugador-de-la-libertadores-ganara-un-insolito-anillo-que-ya-genero-polemica\/","og_site_name":"San Juan Deportes","article_publisher":"https:\/\/www.facebook.com\/sanjuandeportesok","article_published_time":"2019-11-22T14:47:01+00:00","og_image":[{"width":833,"height":467,"url":"https:\/\/www.sanjuandeportes.com\/wp\/wp-content\/uploads\/2019\/11\/anillo.jpg","type":"image\/jpeg"}],"author":"Pablo Pujado","twitter_card":"summary_large_image","twitter_creator":"@SanJuanDeportes","twitter_site":"@SanJuanDeportes","twitter_misc":{"Escrito por":"Pablo Pujado","Tiempo de lectura":"1 minuto"},"schema":{"@context":"https:\/\/schema.org","@graph":[{"@type":"Article","@id":"https:\/\/www.sanjuandeportes.com\/wp\/2019\/11\/22\/el-mejor-jugador-de-la-libertadores-ganara-un-insolito-anillo-que-ya-genero-polemica\/#article","isPartOf":{"@id":"https:\/\/www.sanjuandeportes.com\/wp\/2019\/11\/22\/el-mejor-jugador-de-la-libertadores-ganara-un-insolito-anillo-que-ya-genero-polemica\/"},"author":{"name":"Pablo Pujado","@id":"http:\/\/www.sanjuandeportes.com\/wp\/#\/schema\/person\/eda4d8e62a5d42b111781e3cdfcb9c3a"},"headline":"El mejor jugador de la Libertadores ganar\u00e1 un ins\u00f3lito anillo que ya gener\u00f3 pol\u00e9mica","datePublished":"2019-11-22T14:47:01+00:00","mainEntityOfPage":{"@id":"https:\/\/www.sanjuandeportes.com\/wp\/2019\/11\/22\/el-mejor-jugador-de-la-libertadores-ganara-un-insolito-anillo-que-ya-genero-polemica\/"},"wordCount":149,"commentCount":0,"publisher":{"@id":"http:\/\/www.sanjuandeportes.com\/wp\/#organization"},"image":{"@id":"https:\/\/www.sanjuandeportes.com\/wp\/2019\/11\/22\/el-mejor-jugador-de-la-libertadores-ganara-un-insolito-anillo-que-ya-genero-polemica\/#primaryimage"},"thumbnailUrl":"http:\/\/www.sanjuandeportes.com\/wp\/wp-content\/uploads\/2019\/11\/anillo.jpg","keywords":["Anillo","Copa Libertadores","Mejor del Torneo"],"articleSection":["Copa Libertadores","Featured","Futbol"],"inLanguage":"es","potentialAction":[{"@type":"CommentAction","name":"Comment","target":["https:\/\/www.sanjuandeportes.com\/wp\/2019\/11\/22\/el-mejor-jugador-de-la-libertadores-ganara-un-insolito-anillo-que-ya-genero-polemica\/#respond"]}]},{"@type":"WebPage","@id":"https:\/\/www.sanjuandeportes.com\/wp\/2019\/11\/22\/el-mejor-jugador-de-la-libertadores-ganara-un-insolito-anillo-que-ya-genero-polemica\/","url":"https:\/\/www.sanjuandeportes.com\/wp\/2019\/11\/22\/el-mejor-jugador-de-la-libertadores-ganara-un-insolito-anillo-que-ya-genero-polemica\/","name":"El mejor jugador de la Libertadores ganar\u00e1 un ins\u00f3lito anillo que ya gener\u00f3 pol\u00e9mica - San Juan Deportes","isPartOf":{"@id":"http:\/\/www.sanjuandeportes.com\/wp\/#website"},"primaryImageOfPage":{"@id":"https:\/\/www.sanjuandeportes.com\/wp\/2019\/11\/22\/el-mejor-jugador-de-la-libertadores-ganara-un-insolito-anillo-que-ya-genero-polemica\/#primaryimage"},"image":{"@id":"https:\/\/www.sanjuandeportes.com\/wp\/2019\/11\/22\/el-mejor-jugador-de-la-libertadores-ganara-un-insolito-anillo-que-ya-genero-polemica\/#primaryimage"},"thumbnailUrl":"http:\/\/www.sanjuandeportes.com\/wp\/wp-content\/uploads\/2019\/11\/anillo.jpg","datePublished":"2019-11-22T14:47:01+00:00","breadcrumb":{"@id":"https:\/\/www.sanjuandeportes.com\/wp\/2019\/11\/22\/el-mejor-jugador-de-la-libertadores-ganara-un-insolito-anillo-que-ya-genero-polemica\/#breadcrumb"},"inLanguage":"es","potentialAction":[{"@type":"ReadAction","target":["https:\/\/www.sanjuandeportes.com\/wp\/2019\/11\/22\/el-mejor-jugador-de-la-libertadores-ganara-un-insolito-anillo-que-ya-genero-polemica\/"]}]},{"@type":"ImageObject","inLanguage":"es","@id":"https:\/\/www.sanjuandeportes.com\/wp\/2019\/11\/22\/el-mejor-jugador-de-la-libertadores-ganara-un-insolito-anillo-que-ya-genero-polemica\/#primaryimage","url":"http:\/\/www.sanjuandeportes.com\/wp\/wp-content\/uploads\/2019\/11\/anillo.jpg","contentUrl":"http:\/\/www.sanjuandeportes.com\/wp\/wp-content\/uploads\/2019\/11\/anillo.jpg","width":833,"height":467},{"@type":"BreadcrumbList","@id":"https:\/\/www.sanjuandeportes.com\/wp\/2019\/11\/22\/el-mejor-jugador-de-la-libertadores-ganara-un-insolito-anillo-que-ya-genero-polemica\/#breadcrumb","itemListElement":[{"@type":"ListItem","position":1,"name":"Portada","item":"http:\/\/www.sanjuandeportes.com\/wp\/"},{"@type":"ListItem","position":2,"name":"El mejor jugador de la Libertadores ganar\u00e1 un ins\u00f3lito anillo que ya gener\u00f3 pol\u00e9mica"}]},{"@type":"WebSite","@id":"http:\/\/www.sanjuandeportes.com\/wp\/#website","url":"http:\/\/www.sanjuandeportes.com\/wp\/","name":"San Juan Deportes","description":"El sitio de deportes de la provincia de San Juan","publisher":{"@id":"http:\/\/www.sanjuandeportes.com\/wp\/#organization"},"potentialAction":[{"@type":"SearchAction","target":{"@type":"EntryPoint","urlTemplate":"http:\/\/www.sanjuandeportes.com\/wp\/?s={search_term_string}"},"query-input":{"@type":"PropertyValueSpecification","valueRequired":true,"valueName":"search_term_string"}}],"inLanguage":"es"},{"@type":"Organization","@id":"http:\/\/www.sanjuandeportes.com\/wp\/#organization","name":"San Juan Deportes","url":"http:\/\/www.sanjuandeportes.com\/wp\/","logo":{"@type":"ImageObject","inLanguage":"es","@id":"http:\/\/www.sanjuandeportes.com\/wp\/#\/schema\/logo\/image\/","url":"https:\/\/www.sanjuandeportes.com\/wp\/wp-content\/uploads\/unnamed.jpg","contentUrl":"https:\/\/www.sanjuandeportes.com\/wp\/wp-content\/uploads\/unnamed.jpg","width":900,"height":900,"caption":"San Juan Deportes"},"image":{"@id":"http:\/\/www.sanjuandeportes.com\/wp\/#\/schema\/logo\/image\/"},"sameAs":["https:\/\/www.facebook.com\/sanjuandeportesok","https:\/\/x.com\/SanJuanDeportes","https:\/\/www.instagram.com\/sanjuandeportes"]},{"@type":"Person","@id":"http:\/\/www.sanjuandeportes.com\/wp\/#\/schema\/person\/eda4d8e62a5d42b111781e3cdfcb9c3a","name":"Pablo Pujado","image":{"@type":"ImageObject","inLanguage":"es","@id":"https:\/\/secure.gravatar.com\/avatar\/310b69d28112912c333408a462a9837208de951b1e7c11514781740412f648b1?s=96&d=mm&r=g","url":"https:\/\/secure.gravatar.com\/avatar\/310b69d28112912c333408a462a9837208de951b1e7c11514781740412f648b1?s=96&d=mm&r=g","contentUrl":"https:\/\/secure.gravatar.com\/avatar\/310b69d28112912c333408a462a9837208de951b1e7c11514781740412f648b1?s=96&d=mm&r=g","caption":"Pablo Pujado"},"url":"http:\/\/www.sanjuandeportes.com\/wp\/author\/pablo-pujado\/"}]}},"_links":{"self":[{"href":"http:\/\/www.sanjuandeportes.com\/wp\/wp-json\/wp\/v2\/posts\/8125","targetHints":{"allow":["GET"]}}],"collection":[{"href":"http:\/\/www.sanjuandeportes.com\/wp\/wp-json\/wp\/v2\/posts"}],"about":[{"href":"http:\/\/www.sanjuandeportes.com\/wp\/wp-json\/wp\/v2\/types\/post"}],"author":[{"embeddable":true,"href":"http:\/\/www.sanjuandeportes.com\/wp\/wp-json\/wp\/v2\/users\/5"}],"replies":[{"embeddable":true,"href":"http:\/\/www.sanjuandeportes.com\/wp\/wp-json\/wp\/v2\/comments?post=8125"}],"version-history":[{"count":1,"href":"http:\/\/www.sanjuandeportes.com\/wp\/wp-json\/wp\/v2\/posts\/8125\/revisions"}],"predecessor-version":[{"id":8127,"href":"http:\/\/www.sanjuandeportes.com\/wp\/wp-json\/wp\/v2\/posts\/8125\/revisions\/8127"}],"wp:featuredmedia":[{"embeddable":true,"href":"http:\/\/www.sanjuandeportes.com\/wp\/wp-json\/wp\/v2\/media\/8126"}],"wp:attachment":[{"href":"http:\/\/www.sanjuandeportes.com\/wp\/wp-json\/wp\/v2\/media?parent=8125"}],"wp:term":[{"taxonomy":"category","embeddable":true,"href":"http:\/\/www.sanjuandeportes.com\/wp\/wp-json\/wp\/v2\/categories?post=8125"},{"taxonomy":"post_tag","embeddable":true,"href":"http:\/\/www.sanjuandeportes.com\/wp\/wp-json\/wp\/v2\/tags?post=8125"}],"curies":[{"name":"wp","href":"https:\/\/api.w.org\/{rel}","templated":true}]}}