{"id":8592,"date":"2020-01-06T14:58:44","date_gmt":"2020-01-06T14:58:44","guid":{"rendered":"http:\/\/www.sanjuandeportes.com\/wp\/?p=8592"},"modified":"2020-01-06T15:04:18","modified_gmt":"2020-01-06T15:04:18","slug":"con-dos-caras-nuevas-penarol-comenzo-la-pretemporada","status":"publish","type":"post","link":"http:\/\/www.sanjuandeportes.com\/wp\/2020\/01\/06\/con-dos-caras-nuevas-penarol-comenzo-la-pretemporada\/","title":{"rendered":"Con dos caras nuevas, Pe\u00f1arol comenz\u00f3 la pretemporada"},"content":{"rendered":"<p>Luego de una primera vuelta m\u00e1s que aceptable, en donde obtuvo la clasificaci\u00f3n a la Copa Argentina, Sportivo Pe\u00f1arol volvi\u00f3 este s\u00e1bado a los entrenamientos buscando prepararse de la mejor manera para lo que viene.<\/p>\n<p>Ante este panorama, Cristian Bove contar\u00e1 con dos refuerzos: el primero, la vuelta del \u00eddolo de la instituci\u00f3n, Carlos Fern\u00e1ndez, tras su paso por Deportivo Camioneros, y el otro, Gabriel Lepe, quien llega desde el f\u00fatbol chileno.<\/p>\n<p><img decoding=\"async\" data-src=\"http:\/\/www.sanjuandeportes.com\/wp\/wp-content\/uploads\/2019\/06\/62509358_426308577950757_4761779156734181376_o-1024x576.jpg\" src=\"data:image\/svg+xml;base64,PHN2ZyB3aWR0aD0iMSIgaGVpZ2h0PSIxIiB4bWxucz0iaHR0cDovL3d3dy53My5vcmcvMjAwMC9zdmciPjwvc3ZnPg==\" class=\"lazyload\" style=\"--smush-placeholder-width: 1024px; --smush-placeholder-aspect-ratio: 1024\/576;\" \/><\/p>\n<p>(Carlos Fern\u00e1ndez)<\/p>\n<p><img decoding=\"async\" data-src=\"https:\/\/www.tiempodesanjuan.com\/u\/fotografias\/m\/2020\/1\/3\/f768x0-587497_587515_15.jpg\" src=\"data:image\/svg+xml;base64,PHN2ZyB3aWR0aD0iMSIgaGVpZ2h0PSIxIiB4bWxucz0iaHR0cDovL3d3dy53My5vcmcvMjAwMC9zdmciPjwvc3ZnPg==\" class=\"lazyload\" \/><\/p>\n<p>(Gabriel Lepe)<\/p>\n<article class=\"main-article\">\n<div class=\"row\">\n<div class=\"col-md-11\">\n<div id=\"cuerpo-nota\" class=\"cuerpo-nota\">\n<p><strong>En cuanto a las bajas; Facundo Gonz\u00e1lez, Dami\u00e1n Gonz\u00e1lez y Carlos Ch\u00e1vez \u00a0no seguir\u00e1n en el primer equipo ya que lo desvincularon.\u00a0<\/strong><\/p>\n<\/div>\n<\/div>\n<\/div>\n<\/article>\n","protected":false},"excerpt":{"rendered":"<p>Luego de una primera vuelta m\u00e1s que aceptable, en donde obtuvo la clasificaci\u00f3n a la Copa Argentina, Sportivo Pe\u00f1arol volvi\u00f3 este s\u00e1bado a los entrenamientos buscando prepararse de la mejor manera para lo que viene. Ante este panorama, Cristian Bove contar\u00e1 con dos refuerzos: el primero, la vuelta del \u00eddolo de la instituci\u00f3n, Carlos Fern\u00e1ndez, [&hellip;]<\/p>\n","protected":false},"author":5,"featured_media":8593,"comment_status":"open","ping_status":"open","sticky":false,"template":"","format":"standard","meta":{"footnotes":""},"categories":[2,36,24],"tags":[187,141,222],"class_list":["post-8592","post","type-post","status-publish","format-standard","has-post-thumbnail","hentry","category-featured","category-federal-a","category-futbol","tag-federal-a","tag-futbol","tag-penarol"],"yoast_head":"<!-- This site is optimized with the Yoast SEO plugin v28.2 - https:\/\/yoast.com\/product\/yoast-seo-wordpress\/ -->\n<title>Con dos caras nuevas, Pe\u00f1arol comenz\u00f3 la pretemporada - San Juan Deportes<\/title>\n<meta name=\"robots\" content=\"index, follow, max-snippet:-1, max-image-preview:large, max-video-preview:-1\" \/>\n<link rel=\"canonical\" href=\"https:\/\/www.sanjuandeportes.com\/wp\/2020\/01\/06\/con-dos-caras-nuevas-penarol-comenzo-la-pretemporada\/\" \/>\n<meta property=\"og:locale\" content=\"es_ES\" \/>\n<meta property=\"og:type\" content=\"article\" \/>\n<meta property=\"og:title\" content=\"Con dos caras nuevas, Pe\u00f1arol comenz\u00f3 la pretemporada - San Juan Deportes\" \/>\n<meta property=\"og:description\" content=\"Luego de una primera vuelta m\u00e1s que aceptable, en donde obtuvo la clasificaci\u00f3n a la Copa Argentina, Sportivo Pe\u00f1arol volvi\u00f3 este s\u00e1bado a los entrenamientos buscando prepararse de la mejor manera para lo que viene. Ante este panorama, Cristian Bove contar\u00e1 con dos refuerzos: el primero, la vuelta del \u00eddolo de la instituci\u00f3n, Carlos Fern\u00e1ndez, [&hellip;]\" \/>\n<meta property=\"og:url\" content=\"https:\/\/www.sanjuandeportes.com\/wp\/2020\/01\/06\/con-dos-caras-nuevas-penarol-comenzo-la-pretemporada\/\" \/>\n<meta property=\"og:site_name\" content=\"San Juan Deportes\" \/>\n<meta property=\"article:publisher\" content=\"https:\/\/www.facebook.com\/sanjuandeportesok\" \/>\n<meta property=\"article:published_time\" content=\"2020-01-06T14:58:44+00:00\" \/>\n<meta property=\"article:modified_time\" content=\"2020-01-06T15:04:18+00:00\" \/>\n<meta property=\"og:image\" content=\"https:\/\/www.sanjuandeportes.com\/wp\/wp-content\/uploads\/2020\/01\/81283816_2918624341503214_4785242013316415488_n.jpg\" \/>\n\t<meta property=\"og:image:width\" content=\"875\" \/>\n\t<meta property=\"og:image:height\" content=\"626\" \/>\n\t<meta property=\"og:image:type\" content=\"image\/jpeg\" \/>\n<meta name=\"author\" content=\"Pablo Pujado\" \/>\n<meta name=\"twitter:card\" content=\"summary_large_image\" \/>\n<meta name=\"twitter:creator\" content=\"@SanJuanDeportes\" \/>\n<meta name=\"twitter:site\" content=\"@SanJuanDeportes\" \/>\n<meta name=\"twitter:label1\" content=\"Escrito por\" \/>\n\t<meta name=\"twitter:data1\" content=\"Pablo Pujado\" \/>\n\t<meta name=\"twitter:label2\" content=\"Tiempo de lectura\" \/>\n\t<meta name=\"twitter:data2\" content=\"1 minuto\" \/>\n<script type=\"application\/ld+json\" class=\"yoast-schema-graph\">{\"@context\":\"https:\\\/\\\/schema.org\",\"@graph\":[{\"@type\":\"Article\",\"@id\":\"https:\\\/\\\/www.sanjuandeportes.com\\\/wp\\\/2020\\\/01\\\/06\\\/con-dos-caras-nuevas-penarol-comenzo-la-pretemporada\\\/#article\",\"isPartOf\":{\"@id\":\"https:\\\/\\\/www.sanjuandeportes.com\\\/wp\\\/2020\\\/01\\\/06\\\/con-dos-caras-nuevas-penarol-comenzo-la-pretemporada\\\/\"},\"author\":{\"name\":\"Pablo Pujado\",\"@id\":\"http:\\\/\\\/www.sanjuandeportes.com\\\/wp\\\/#\\\/schema\\\/person\\\/eda4d8e62a5d42b111781e3cdfcb9c3a\"},\"headline\":\"Con dos caras nuevas, Pe\u00f1arol comenz\u00f3 la pretemporada\",\"datePublished\":\"2020-01-06T14:58:44+00:00\",\"dateModified\":\"2020-01-06T15:04:18+00:00\",\"mainEntityOfPage\":{\"@id\":\"https:\\\/\\\/www.sanjuandeportes.com\\\/wp\\\/2020\\\/01\\\/06\\\/con-dos-caras-nuevas-penarol-comenzo-la-pretemporada\\\/\"},\"wordCount\":120,\"commentCount\":0,\"publisher\":{\"@id\":\"http:\\\/\\\/www.sanjuandeportes.com\\\/wp\\\/#organization\"},\"image\":{\"@id\":\"https:\\\/\\\/www.sanjuandeportes.com\\\/wp\\\/2020\\\/01\\\/06\\\/con-dos-caras-nuevas-penarol-comenzo-la-pretemporada\\\/#primaryimage\"},\"thumbnailUrl\":\"http:\\\/\\\/www.sanjuandeportes.com\\\/wp\\\/wp-content\\\/uploads\\\/2020\\\/01\\\/81283816_2918624341503214_4785242013316415488_n.jpg\",\"keywords\":[\"Federal A\",\"f\u00fatbol\",\"Pe\u00f1arol\"],\"articleSection\":[\"Featured\",\"Federal A\",\"Futbol\"],\"inLanguage\":\"es\",\"potentialAction\":[{\"@type\":\"CommentAction\",\"name\":\"Comment\",\"target\":[\"https:\\\/\\\/www.sanjuandeportes.com\\\/wp\\\/2020\\\/01\\\/06\\\/con-dos-caras-nuevas-penarol-comenzo-la-pretemporada\\\/#respond\"]}]},{\"@type\":\"WebPage\",\"@id\":\"https:\\\/\\\/www.sanjuandeportes.com\\\/wp\\\/2020\\\/01\\\/06\\\/con-dos-caras-nuevas-penarol-comenzo-la-pretemporada\\\/\",\"url\":\"https:\\\/\\\/www.sanjuandeportes.com\\\/wp\\\/2020\\\/01\\\/06\\\/con-dos-caras-nuevas-penarol-comenzo-la-pretemporada\\\/\",\"name\":\"Con dos caras nuevas, Pe\u00f1arol comenz\u00f3 la pretemporada - San Juan Deportes\",\"isPartOf\":{\"@id\":\"http:\\\/\\\/www.sanjuandeportes.com\\\/wp\\\/#website\"},\"primaryImageOfPage\":{\"@id\":\"https:\\\/\\\/www.sanjuandeportes.com\\\/wp\\\/2020\\\/01\\\/06\\\/con-dos-caras-nuevas-penarol-comenzo-la-pretemporada\\\/#primaryimage\"},\"image\":{\"@id\":\"https:\\\/\\\/www.sanjuandeportes.com\\\/wp\\\/2020\\\/01\\\/06\\\/con-dos-caras-nuevas-penarol-comenzo-la-pretemporada\\\/#primaryimage\"},\"thumbnailUrl\":\"http:\\\/\\\/www.sanjuandeportes.com\\\/wp\\\/wp-content\\\/uploads\\\/2020\\\/01\\\/81283816_2918624341503214_4785242013316415488_n.jpg\",\"datePublished\":\"2020-01-06T14:58:44+00:00\",\"dateModified\":\"2020-01-06T15:04:18+00:00\",\"breadcrumb\":{\"@id\":\"https:\\\/\\\/www.sanjuandeportes.com\\\/wp\\\/2020\\\/01\\\/06\\\/con-dos-caras-nuevas-penarol-comenzo-la-pretemporada\\\/#breadcrumb\"},\"inLanguage\":\"es\",\"potentialAction\":[{\"@type\":\"ReadAction\",\"target\":[\"https:\\\/\\\/www.sanjuandeportes.com\\\/wp\\\/2020\\\/01\\\/06\\\/con-dos-caras-nuevas-penarol-comenzo-la-pretemporada\\\/\"]}]},{\"@type\":\"ImageObject\",\"inLanguage\":\"es\",\"@id\":\"https:\\\/\\\/www.sanjuandeportes.com\\\/wp\\\/2020\\\/01\\\/06\\\/con-dos-caras-nuevas-penarol-comenzo-la-pretemporada\\\/#primaryimage\",\"url\":\"http:\\\/\\\/www.sanjuandeportes.com\\\/wp\\\/wp-content\\\/uploads\\\/2020\\\/01\\\/81283816_2918624341503214_4785242013316415488_n.jpg\",\"contentUrl\":\"http:\\\/\\\/www.sanjuandeportes.com\\\/wp\\\/wp-content\\\/uploads\\\/2020\\\/01\\\/81283816_2918624341503214_4785242013316415488_n.jpg\",\"width\":875,\"height\":626},{\"@type\":\"BreadcrumbList\",\"@id\":\"https:\\\/\\\/www.sanjuandeportes.com\\\/wp\\\/2020\\\/01\\\/06\\\/con-dos-caras-nuevas-penarol-comenzo-la-pretemporada\\\/#breadcrumb\",\"itemListElement\":[{\"@type\":\"ListItem\",\"position\":1,\"name\":\"Portada\",\"item\":\"http:\\\/\\\/www.sanjuandeportes.com\\\/wp\\\/\"},{\"@type\":\"ListItem\",\"position\":2,\"name\":\"Con dos caras nuevas, Pe\u00f1arol comenz\u00f3 la pretemporada\"}]},{\"@type\":\"WebSite\",\"@id\":\"http:\\\/\\\/www.sanjuandeportes.com\\\/wp\\\/#website\",\"url\":\"http:\\\/\\\/www.sanjuandeportes.com\\\/wp\\\/\",\"name\":\"San Juan Deportes\",\"description\":\"El sitio de deportes de la provincia de San Juan\",\"publisher\":{\"@id\":\"http:\\\/\\\/www.sanjuandeportes.com\\\/wp\\\/#organization\"},\"potentialAction\":[{\"@type\":\"SearchAction\",\"target\":{\"@type\":\"EntryPoint\",\"urlTemplate\":\"http:\\\/\\\/www.sanjuandeportes.com\\\/wp\\\/?s={search_term_string}\"},\"query-input\":{\"@type\":\"PropertyValueSpecification\",\"valueRequired\":true,\"valueName\":\"search_term_string\"}}],\"inLanguage\":\"es\"},{\"@type\":\"Organization\",\"@id\":\"http:\\\/\\\/www.sanjuandeportes.com\\\/wp\\\/#organization\",\"name\":\"San Juan Deportes\",\"url\":\"http:\\\/\\\/www.sanjuandeportes.com\\\/wp\\\/\",\"logo\":{\"@type\":\"ImageObject\",\"inLanguage\":\"es\",\"@id\":\"http:\\\/\\\/www.sanjuandeportes.com\\\/wp\\\/#\\\/schema\\\/logo\\\/image\\\/\",\"url\":\"https:\\\/\\\/www.sanjuandeportes.com\\\/wp\\\/wp-content\\\/uploads\\\/unnamed.jpg\",\"contentUrl\":\"https:\\\/\\\/www.sanjuandeportes.com\\\/wp\\\/wp-content\\\/uploads\\\/unnamed.jpg\",\"width\":900,\"height\":900,\"caption\":\"San Juan Deportes\"},\"image\":{\"@id\":\"http:\\\/\\\/www.sanjuandeportes.com\\\/wp\\\/#\\\/schema\\\/logo\\\/image\\\/\"},\"sameAs\":[\"https:\\\/\\\/www.facebook.com\\\/sanjuandeportesok\",\"https:\\\/\\\/x.com\\\/SanJuanDeportes\",\"https:\\\/\\\/www.instagram.com\\\/sanjuandeportes\"]},{\"@type\":\"Person\",\"@id\":\"http:\\\/\\\/www.sanjuandeportes.com\\\/wp\\\/#\\\/schema\\\/person\\\/eda4d8e62a5d42b111781e3cdfcb9c3a\",\"name\":\"Pablo Pujado\",\"image\":{\"@type\":\"ImageObject\",\"inLanguage\":\"es\",\"@id\":\"https:\\\/\\\/secure.gravatar.com\\\/avatar\\\/310b69d28112912c333408a462a9837208de951b1e7c11514781740412f648b1?s=96&d=mm&r=g\",\"url\":\"https:\\\/\\\/secure.gravatar.com\\\/avatar\\\/310b69d28112912c333408a462a9837208de951b1e7c11514781740412f648b1?s=96&d=mm&r=g\",\"contentUrl\":\"https:\\\/\\\/secure.gravatar.com\\\/avatar\\\/310b69d28112912c333408a462a9837208de951b1e7c11514781740412f648b1?s=96&d=mm&r=g\",\"caption\":\"Pablo Pujado\"},\"url\":\"http:\\\/\\\/www.sanjuandeportes.com\\\/wp\\\/author\\\/pablo-pujado\\\/\"}]}<\/script>\n<!-- \/ Yoast SEO plugin. -->","yoast_head_json":{"title":"Con dos caras nuevas, Pe\u00f1arol comenz\u00f3 la pretemporada - San Juan Deportes","robots":{"index":"index","follow":"follow","max-snippet":"max-snippet:-1","max-image-preview":"max-image-preview:large","max-video-preview":"max-video-preview:-1"},"canonical":"https:\/\/www.sanjuandeportes.com\/wp\/2020\/01\/06\/con-dos-caras-nuevas-penarol-comenzo-la-pretemporada\/","og_locale":"es_ES","og_type":"article","og_title":"Con dos caras nuevas, Pe\u00f1arol comenz\u00f3 la pretemporada - San Juan Deportes","og_description":"Luego de una primera vuelta m\u00e1s que aceptable, en donde obtuvo la clasificaci\u00f3n a la Copa Argentina, Sportivo Pe\u00f1arol volvi\u00f3 este s\u00e1bado a los entrenamientos buscando prepararse de la mejor manera para lo que viene. Ante este panorama, Cristian Bove contar\u00e1 con dos refuerzos: el primero, la vuelta del \u00eddolo de la instituci\u00f3n, Carlos Fern\u00e1ndez, [&hellip;]","og_url":"https:\/\/www.sanjuandeportes.com\/wp\/2020\/01\/06\/con-dos-caras-nuevas-penarol-comenzo-la-pretemporada\/","og_site_name":"San Juan Deportes","article_publisher":"https:\/\/www.facebook.com\/sanjuandeportesok","article_published_time":"2020-01-06T14:58:44+00:00","article_modified_time":"2020-01-06T15:04:18+00:00","og_image":[{"width":875,"height":626,"url":"https:\/\/www.sanjuandeportes.com\/wp\/wp-content\/uploads\/2020\/01\/81283816_2918624341503214_4785242013316415488_n.jpg","type":"image\/jpeg"}],"author":"Pablo Pujado","twitter_card":"summary_large_image","twitter_creator":"@SanJuanDeportes","twitter_site":"@SanJuanDeportes","twitter_misc":{"Escrito por":"Pablo Pujado","Tiempo de lectura":"1 minuto"},"schema":{"@context":"https:\/\/schema.org","@graph":[{"@type":"Article","@id":"https:\/\/www.sanjuandeportes.com\/wp\/2020\/01\/06\/con-dos-caras-nuevas-penarol-comenzo-la-pretemporada\/#article","isPartOf":{"@id":"https:\/\/www.sanjuandeportes.com\/wp\/2020\/01\/06\/con-dos-caras-nuevas-penarol-comenzo-la-pretemporada\/"},"author":{"name":"Pablo Pujado","@id":"http:\/\/www.sanjuandeportes.com\/wp\/#\/schema\/person\/eda4d8e62a5d42b111781e3cdfcb9c3a"},"headline":"Con dos caras nuevas, Pe\u00f1arol comenz\u00f3 la pretemporada","datePublished":"2020-01-06T14:58:44+00:00","dateModified":"2020-01-06T15:04:18+00:00","mainEntityOfPage":{"@id":"https:\/\/www.sanjuandeportes.com\/wp\/2020\/01\/06\/con-dos-caras-nuevas-penarol-comenzo-la-pretemporada\/"},"wordCount":120,"commentCount":0,"publisher":{"@id":"http:\/\/www.sanjuandeportes.com\/wp\/#organization"},"image":{"@id":"https:\/\/www.sanjuandeportes.com\/wp\/2020\/01\/06\/con-dos-caras-nuevas-penarol-comenzo-la-pretemporada\/#primaryimage"},"thumbnailUrl":"http:\/\/www.sanjuandeportes.com\/wp\/wp-content\/uploads\/2020\/01\/81283816_2918624341503214_4785242013316415488_n.jpg","keywords":["Federal A","f\u00fatbol","Pe\u00f1arol"],"articleSection":["Featured","Federal A","Futbol"],"inLanguage":"es","potentialAction":[{"@type":"CommentAction","name":"Comment","target":["https:\/\/www.sanjuandeportes.com\/wp\/2020\/01\/06\/con-dos-caras-nuevas-penarol-comenzo-la-pretemporada\/#respond"]}]},{"@type":"WebPage","@id":"https:\/\/www.sanjuandeportes.com\/wp\/2020\/01\/06\/con-dos-caras-nuevas-penarol-comenzo-la-pretemporada\/","url":"https:\/\/www.sanjuandeportes.com\/wp\/2020\/01\/06\/con-dos-caras-nuevas-penarol-comenzo-la-pretemporada\/","name":"Con dos caras nuevas, Pe\u00f1arol comenz\u00f3 la pretemporada - San Juan Deportes","isPartOf":{"@id":"http:\/\/www.sanjuandeportes.com\/wp\/#website"},"primaryImageOfPage":{"@id":"https:\/\/www.sanjuandeportes.com\/wp\/2020\/01\/06\/con-dos-caras-nuevas-penarol-comenzo-la-pretemporada\/#primaryimage"},"image":{"@id":"https:\/\/www.sanjuandeportes.com\/wp\/2020\/01\/06\/con-dos-caras-nuevas-penarol-comenzo-la-pretemporada\/#primaryimage"},"thumbnailUrl":"http:\/\/www.sanjuandeportes.com\/wp\/wp-content\/uploads\/2020\/01\/81283816_2918624341503214_4785242013316415488_n.jpg","datePublished":"2020-01-06T14:58:44+00:00","dateModified":"2020-01-06T15:04:18+00:00","breadcrumb":{"@id":"https:\/\/www.sanjuandeportes.com\/wp\/2020\/01\/06\/con-dos-caras-nuevas-penarol-comenzo-la-pretemporada\/#breadcrumb"},"inLanguage":"es","potentialAction":[{"@type":"ReadAction","target":["https:\/\/www.sanjuandeportes.com\/wp\/2020\/01\/06\/con-dos-caras-nuevas-penarol-comenzo-la-pretemporada\/"]}]},{"@type":"ImageObject","inLanguage":"es","@id":"https:\/\/www.sanjuandeportes.com\/wp\/2020\/01\/06\/con-dos-caras-nuevas-penarol-comenzo-la-pretemporada\/#primaryimage","url":"http:\/\/www.sanjuandeportes.com\/wp\/wp-content\/uploads\/2020\/01\/81283816_2918624341503214_4785242013316415488_n.jpg","contentUrl":"http:\/\/www.sanjuandeportes.com\/wp\/wp-content\/uploads\/2020\/01\/81283816_2918624341503214_4785242013316415488_n.jpg","width":875,"height":626},{"@type":"BreadcrumbList","@id":"https:\/\/www.sanjuandeportes.com\/wp\/2020\/01\/06\/con-dos-caras-nuevas-penarol-comenzo-la-pretemporada\/#breadcrumb","itemListElement":[{"@type":"ListItem","position":1,"name":"Portada","item":"http:\/\/www.sanjuandeportes.com\/wp\/"},{"@type":"ListItem","position":2,"name":"Con dos caras nuevas, Pe\u00f1arol comenz\u00f3 la pretemporada"}]},{"@type":"WebSite","@id":"http:\/\/www.sanjuandeportes.com\/wp\/#website","url":"http:\/\/www.sanjuandeportes.com\/wp\/","name":"San Juan Deportes","description":"El sitio de deportes de la provincia de San Juan","publisher":{"@id":"http:\/\/www.sanjuandeportes.com\/wp\/#organization"},"potentialAction":[{"@type":"SearchAction","target":{"@type":"EntryPoint","urlTemplate":"http:\/\/www.sanjuandeportes.com\/wp\/?s={search_term_string}"},"query-input":{"@type":"PropertyValueSpecification","valueRequired":true,"valueName":"search_term_string"}}],"inLanguage":"es"},{"@type":"Organization","@id":"http:\/\/www.sanjuandeportes.com\/wp\/#organization","name":"San Juan Deportes","url":"http:\/\/www.sanjuandeportes.com\/wp\/","logo":{"@type":"ImageObject","inLanguage":"es","@id":"http:\/\/www.sanjuandeportes.com\/wp\/#\/schema\/logo\/image\/","url":"https:\/\/www.sanjuandeportes.com\/wp\/wp-content\/uploads\/unnamed.jpg","contentUrl":"https:\/\/www.sanjuandeportes.com\/wp\/wp-content\/uploads\/unnamed.jpg","width":900,"height":900,"caption":"San Juan Deportes"},"image":{"@id":"http:\/\/www.sanjuandeportes.com\/wp\/#\/schema\/logo\/image\/"},"sameAs":["https:\/\/www.facebook.com\/sanjuandeportesok","https:\/\/x.com\/SanJuanDeportes","https:\/\/www.instagram.com\/sanjuandeportes"]},{"@type":"Person","@id":"http:\/\/www.sanjuandeportes.com\/wp\/#\/schema\/person\/eda4d8e62a5d42b111781e3cdfcb9c3a","name":"Pablo Pujado","image":{"@type":"ImageObject","inLanguage":"es","@id":"https:\/\/secure.gravatar.com\/avatar\/310b69d28112912c333408a462a9837208de951b1e7c11514781740412f648b1?s=96&d=mm&r=g","url":"https:\/\/secure.gravatar.com\/avatar\/310b69d28112912c333408a462a9837208de951b1e7c11514781740412f648b1?s=96&d=mm&r=g","contentUrl":"https:\/\/secure.gravatar.com\/avatar\/310b69d28112912c333408a462a9837208de951b1e7c11514781740412f648b1?s=96&d=mm&r=g","caption":"Pablo Pujado"},"url":"http:\/\/www.sanjuandeportes.com\/wp\/author\/pablo-pujado\/"}]}},"_links":{"self":[{"href":"http:\/\/www.sanjuandeportes.com\/wp\/wp-json\/wp\/v2\/posts\/8592","targetHints":{"allow":["GET"]}}],"collection":[{"href":"http:\/\/www.sanjuandeportes.com\/wp\/wp-json\/wp\/v2\/posts"}],"about":[{"href":"http:\/\/www.sanjuandeportes.com\/wp\/wp-json\/wp\/v2\/types\/post"}],"author":[{"embeddable":true,"href":"http:\/\/www.sanjuandeportes.com\/wp\/wp-json\/wp\/v2\/users\/5"}],"replies":[{"embeddable":true,"href":"http:\/\/www.sanjuandeportes.com\/wp\/wp-json\/wp\/v2\/comments?post=8592"}],"version-history":[{"count":3,"href":"http:\/\/www.sanjuandeportes.com\/wp\/wp-json\/wp\/v2\/posts\/8592\/revisions"}],"predecessor-version":[{"id":8596,"href":"http:\/\/www.sanjuandeportes.com\/wp\/wp-json\/wp\/v2\/posts\/8592\/revisions\/8596"}],"wp:featuredmedia":[{"embeddable":true,"href":"http:\/\/www.sanjuandeportes.com\/wp\/wp-json\/wp\/v2\/media\/8593"}],"wp:attachment":[{"href":"http:\/\/www.sanjuandeportes.com\/wp\/wp-json\/wp\/v2\/media?parent=8592"}],"wp:term":[{"taxonomy":"category","embeddable":true,"href":"http:\/\/www.sanjuandeportes.com\/wp\/wp-json\/wp\/v2\/categories?post=8592"},{"taxonomy":"post_tag","embeddable":true,"href":"http:\/\/www.sanjuandeportes.com\/wp\/wp-json\/wp\/v2\/tags?post=8592"}],"curies":[{"name":"wp","href":"https:\/\/api.w.org\/{rel}","templated":true}]}}