{"id":8696,"date":"2020-01-12T21:54:30","date_gmt":"2020-01-12T21:54:30","guid":{"rendered":"http:\/\/www.sanjuandeportes.com\/wp\/?p=8696"},"modified":"2020-01-12T22:35:12","modified_gmt":"2020-01-12T22:35:12","slug":"por-tercera-vez-consecutiva-nicolas-naranjo-campeon-del-giro-del-sol","status":"publish","type":"post","link":"http:\/\/www.sanjuandeportes.com\/wp\/2020\/01\/12\/por-tercera-vez-consecutiva-nicolas-naranjo-campeon-del-giro-del-sol\/","title":{"rendered":"POR TERCERA VEZ CONSECUTIVA, NICOL\u00c1S NARANJO CAMPE\u00d3N DEL GIRO DEL SOL"},"content":{"rendered":"<p><em><strong>El pedalero de la Agrupaci\u00f3n Virgen de F\u00e1tima se coron\u00f3 por tercera vez consecutiva del Giro del Sol y es el m\u00e1ximo ganador del certamen.<\/strong><\/em><\/p>\n<p>La \u00faltima etapa qued\u00f3 para Mauricio P\u00e1ez, pero la ventaja conseguida ayer y hoy bast\u00f3 para que Nicol\u00e1s Naranjo se convirtiera nuevamente campe\u00f3n del Giro del Sol. El pedalero corr\u00eda con ventaja y lleg\u00f3 entre los primeros a la meta final.<\/p>\n<p>\u201cEl Nico\u201d, habl\u00f3 con <strong>San Juan Deportes<\/strong> y se mostr\u00f3 contento por el tercer Giro del Sol, adem\u00e1s destac\u00f3 el trabajo de su equipo y agradeci\u00f3 el apoyo de su familia. Por otra parte, coment\u00f3: <em>\u201cDejamos atr\u00e1s ese sabor amargo de no poder estar en la Vuelta a SJ 2019. Esperemos llegar en buena forma este a\u00f1o y ser protagonista.\u201d<\/em><\/p>\n<p>Con este resultado Naranjo, consigui\u00f3 superar a Emanuel Salda\u00f1o y Guillermo Brunetta, ambos ganaron en dos oportunidades dicha competencia.<\/p>\n<p><strong>Cuarta etapa:<\/strong><\/p>\n<p>1- Mauricio P\u00e1ez<\/p>\n<p>2- Nicol\u00e1s Naranjo<\/p>\n<p>3- H\u00e9ctor Lucero<\/p>\n<p><strong>Clasificaci\u00f3n General:<\/strong><\/p>\n<p>1- Nicolas Naranjo<\/p>\n<p>2- Laureano Rosas<\/p>\n<p>3- Dar\u00edo D\u00edaz<\/p>\n<p>4- Leandro Messineo<\/p>\n<p>5- Leonardo Cobarrubia<\/p>\n<p><img decoding=\"async\" class=\"alignnone size-large wp-image-8692 lazyload\" data-src=\"http:\/\/www.sanjuandeportes.com\/wp\/wp-content\/uploads\/2020\/01\/05c3cba5-d439-441b-9a0f-e56be29b8168-680x1024.jpg\" alt=\"\" width=\"640\" height=\"964\" data-srcset=\"http:\/\/www.sanjuandeportes.com\/wp\/wp-content\/uploads\/2020\/01\/05c3cba5-d439-441b-9a0f-e56be29b8168-680x1024.jpg 680w, http:\/\/www.sanjuandeportes.com\/wp\/wp-content\/uploads\/2020\/01\/05c3cba5-d439-441b-9a0f-e56be29b8168-199x300.jpg 199w, http:\/\/www.sanjuandeportes.com\/wp\/wp-content\/uploads\/2020\/01\/05c3cba5-d439-441b-9a0f-e56be29b8168-768x1157.jpg 768w, http:\/\/www.sanjuandeportes.com\/wp\/wp-content\/uploads\/2020\/01\/05c3cba5-d439-441b-9a0f-e56be29b8168-696x1048.jpg 696w, http:\/\/www.sanjuandeportes.com\/wp\/wp-content\/uploads\/2020\/01\/05c3cba5-d439-441b-9a0f-e56be29b8168-279x420.jpg 279w, http:\/\/www.sanjuandeportes.com\/wp\/wp-content\/uploads\/2020\/01\/05c3cba5-d439-441b-9a0f-e56be29b8168.jpg 850w\" data-sizes=\"(max-width: 640px) 100vw, 640px\" src=\"data:image\/svg+xml;base64,PHN2ZyB3aWR0aD0iMSIgaGVpZ2h0PSIxIiB4bWxucz0iaHR0cDovL3d3dy53My5vcmcvMjAwMC9zdmciPjwvc3ZnPg==\" style=\"--smush-placeholder-width: 640px; --smush-placeholder-aspect-ratio: 640\/964;\" \/><\/p>\n<p><img decoding=\"async\" class=\"alignnone size-large wp-image-8697 lazyload\" data-src=\"http:\/\/www.sanjuandeportes.com\/wp\/wp-content\/uploads\/2020\/01\/ae3d714e-fb39-4cec-a30e-572f4764e05d-1024x828.jpg\" alt=\"\" width=\"640\" height=\"518\" data-srcset=\"http:\/\/www.sanjuandeportes.com\/wp\/wp-content\/uploads\/2020\/01\/ae3d714e-fb39-4cec-a30e-572f4764e05d-1024x828.jpg 1024w, http:\/\/www.sanjuandeportes.com\/wp\/wp-content\/uploads\/2020\/01\/ae3d714e-fb39-4cec-a30e-572f4764e05d-300x243.jpg 300w, http:\/\/www.sanjuandeportes.com\/wp\/wp-content\/uploads\/2020\/01\/ae3d714e-fb39-4cec-a30e-572f4764e05d-768x621.jpg 768w, http:\/\/www.sanjuandeportes.com\/wp\/wp-content\/uploads\/2020\/01\/ae3d714e-fb39-4cec-a30e-572f4764e05d-696x563.jpg 696w, http:\/\/www.sanjuandeportes.com\/wp\/wp-content\/uploads\/2020\/01\/ae3d714e-fb39-4cec-a30e-572f4764e05d-1068x864.jpg 1068w, http:\/\/www.sanjuandeportes.com\/wp\/wp-content\/uploads\/2020\/01\/ae3d714e-fb39-4cec-a30e-572f4764e05d-519x420.jpg 519w, http:\/\/www.sanjuandeportes.com\/wp\/wp-content\/uploads\/2020\/01\/ae3d714e-fb39-4cec-a30e-572f4764e05d.jpg 1280w\" data-sizes=\"(max-width: 640px) 100vw, 640px\" src=\"data:image\/svg+xml;base64,PHN2ZyB3aWR0aD0iMSIgaGVpZ2h0PSIxIiB4bWxucz0iaHR0cDovL3d3dy53My5vcmcvMjAwMC9zdmciPjwvc3ZnPg==\" style=\"--smush-placeholder-width: 640px; --smush-placeholder-aspect-ratio: 640\/518;\" \/><\/p>\n","protected":false},"excerpt":{"rendered":"<p>El pedalero de la Agrupaci\u00f3n Virgen de F\u00e1tima se coron\u00f3 por tercera vez consecutiva del Giro del Sol y es el m\u00e1ximo ganador del certamen. La \u00faltima etapa qued\u00f3 para Mauricio P\u00e1ez, pero la ventaja conseguida ayer y hoy bast\u00f3 para que Nicol\u00e1s Naranjo se convirtiera nuevamente campe\u00f3n del Giro del Sol. El pedalero corr\u00eda [&hellip;]<\/p>\n","protected":false},"author":5,"featured_media":8697,"comment_status":"open","ping_status":"open","sticky":false,"template":"","format":"standard","meta":{"footnotes":""},"categories":[23,2],"tags":[144,1041,932],"class_list":["post-8696","post","type-post","status-publish","format-standard","has-post-thumbnail","hentry","category-ciclismo","category-featured","tag-ciclismo","tag-giro-del-sol","tag-nicolas-naranjo"],"yoast_head":"<!-- This site is optimized with the Yoast SEO plugin v28.2 - https:\/\/yoast.com\/product\/yoast-seo-wordpress\/ -->\n<title>POR TERCERA VEZ CONSECUTIVA, NICOL\u00c1S NARANJO CAMPE\u00d3N DEL GIRO DEL SOL - San Juan Deportes<\/title>\n<meta name=\"robots\" content=\"index, follow, max-snippet:-1, max-image-preview:large, max-video-preview:-1\" \/>\n<link rel=\"canonical\" href=\"https:\/\/www.sanjuandeportes.com\/wp\/2020\/01\/12\/por-tercera-vez-consecutiva-nicolas-naranjo-campeon-del-giro-del-sol\/\" \/>\n<meta property=\"og:locale\" content=\"es_ES\" \/>\n<meta property=\"og:type\" content=\"article\" \/>\n<meta property=\"og:title\" content=\"POR TERCERA VEZ CONSECUTIVA, NICOL\u00c1S NARANJO CAMPE\u00d3N DEL GIRO DEL SOL - San Juan Deportes\" \/>\n<meta property=\"og:description\" content=\"El pedalero de la Agrupaci\u00f3n Virgen de F\u00e1tima se coron\u00f3 por tercera vez consecutiva del Giro del Sol y es el m\u00e1ximo ganador del certamen. La \u00faltima etapa qued\u00f3 para Mauricio P\u00e1ez, pero la ventaja conseguida ayer y hoy bast\u00f3 para que Nicol\u00e1s Naranjo se convirtiera nuevamente campe\u00f3n del Giro del Sol. El pedalero corr\u00eda [&hellip;]\" \/>\n<meta property=\"og:url\" content=\"https:\/\/www.sanjuandeportes.com\/wp\/2020\/01\/12\/por-tercera-vez-consecutiva-nicolas-naranjo-campeon-del-giro-del-sol\/\" \/>\n<meta property=\"og:site_name\" content=\"San Juan Deportes\" \/>\n<meta property=\"article:publisher\" content=\"https:\/\/www.facebook.com\/sanjuandeportesok\" \/>\n<meta property=\"article:published_time\" content=\"2020-01-12T21:54:30+00:00\" \/>\n<meta property=\"article:modified_time\" content=\"2020-01-12T22:35:12+00:00\" \/>\n<meta property=\"og:image\" content=\"https:\/\/www.sanjuandeportes.com\/wp\/wp-content\/uploads\/2020\/01\/ae3d714e-fb39-4cec-a30e-572f4764e05d.jpg\" \/>\n\t<meta property=\"og:image:width\" content=\"1280\" \/>\n\t<meta property=\"og:image:height\" content=\"1035\" \/>\n\t<meta property=\"og:image:type\" content=\"image\/jpeg\" \/>\n<meta name=\"author\" content=\"Pablo Pujado\" \/>\n<meta name=\"twitter:card\" content=\"summary_large_image\" \/>\n<meta name=\"twitter:creator\" content=\"@SanJuanDeportes\" \/>\n<meta name=\"twitter:site\" content=\"@SanJuanDeportes\" \/>\n<meta name=\"twitter:label1\" content=\"Escrito por\" \/>\n\t<meta name=\"twitter:data1\" content=\"Pablo Pujado\" \/>\n\t<meta name=\"twitter:label2\" content=\"Tiempo de lectura\" \/>\n\t<meta name=\"twitter:data2\" content=\"1 minuto\" \/>\n<script type=\"application\/ld+json\" class=\"yoast-schema-graph\">{\"@context\":\"https:\\\/\\\/schema.org\",\"@graph\":[{\"@type\":\"Article\",\"@id\":\"https:\\\/\\\/www.sanjuandeportes.com\\\/wp\\\/2020\\\/01\\\/12\\\/por-tercera-vez-consecutiva-nicolas-naranjo-campeon-del-giro-del-sol\\\/#article\",\"isPartOf\":{\"@id\":\"https:\\\/\\\/www.sanjuandeportes.com\\\/wp\\\/2020\\\/01\\\/12\\\/por-tercera-vez-consecutiva-nicolas-naranjo-campeon-del-giro-del-sol\\\/\"},\"author\":{\"name\":\"Pablo Pujado\",\"@id\":\"http:\\\/\\\/www.sanjuandeportes.com\\\/wp\\\/#\\\/schema\\\/person\\\/eda4d8e62a5d42b111781e3cdfcb9c3a\"},\"headline\":\"POR TERCERA VEZ CONSECUTIVA, NICOL\u00c1S NARANJO CAMPE\u00d3N DEL GIRO DEL SOL\",\"datePublished\":\"2020-01-12T21:54:30+00:00\",\"dateModified\":\"2020-01-12T22:35:12+00:00\",\"mainEntityOfPage\":{\"@id\":\"https:\\\/\\\/www.sanjuandeportes.com\\\/wp\\\/2020\\\/01\\\/12\\\/por-tercera-vez-consecutiva-nicolas-naranjo-campeon-del-giro-del-sol\\\/\"},\"wordCount\":202,\"commentCount\":0,\"publisher\":{\"@id\":\"http:\\\/\\\/www.sanjuandeportes.com\\\/wp\\\/#organization\"},\"image\":{\"@id\":\"https:\\\/\\\/www.sanjuandeportes.com\\\/wp\\\/2020\\\/01\\\/12\\\/por-tercera-vez-consecutiva-nicolas-naranjo-campeon-del-giro-del-sol\\\/#primaryimage\"},\"thumbnailUrl\":\"http:\\\/\\\/www.sanjuandeportes.com\\\/wp\\\/wp-content\\\/uploads\\\/2020\\\/01\\\/ae3d714e-fb39-4cec-a30e-572f4764e05d.jpg\",\"keywords\":[\"Ciclismo\",\"Giro del Sol\",\"Nicolas Naranjo\"],\"articleSection\":[\"Ciclismo\",\"Featured\"],\"inLanguage\":\"es\",\"potentialAction\":[{\"@type\":\"CommentAction\",\"name\":\"Comment\",\"target\":[\"https:\\\/\\\/www.sanjuandeportes.com\\\/wp\\\/2020\\\/01\\\/12\\\/por-tercera-vez-consecutiva-nicolas-naranjo-campeon-del-giro-del-sol\\\/#respond\"]}]},{\"@type\":\"WebPage\",\"@id\":\"https:\\\/\\\/www.sanjuandeportes.com\\\/wp\\\/2020\\\/01\\\/12\\\/por-tercera-vez-consecutiva-nicolas-naranjo-campeon-del-giro-del-sol\\\/\",\"url\":\"https:\\\/\\\/www.sanjuandeportes.com\\\/wp\\\/2020\\\/01\\\/12\\\/por-tercera-vez-consecutiva-nicolas-naranjo-campeon-del-giro-del-sol\\\/\",\"name\":\"POR TERCERA VEZ CONSECUTIVA, NICOL\u00c1S NARANJO CAMPE\u00d3N DEL GIRO DEL SOL - San Juan Deportes\",\"isPartOf\":{\"@id\":\"http:\\\/\\\/www.sanjuandeportes.com\\\/wp\\\/#website\"},\"primaryImageOfPage\":{\"@id\":\"https:\\\/\\\/www.sanjuandeportes.com\\\/wp\\\/2020\\\/01\\\/12\\\/por-tercera-vez-consecutiva-nicolas-naranjo-campeon-del-giro-del-sol\\\/#primaryimage\"},\"image\":{\"@id\":\"https:\\\/\\\/www.sanjuandeportes.com\\\/wp\\\/2020\\\/01\\\/12\\\/por-tercera-vez-consecutiva-nicolas-naranjo-campeon-del-giro-del-sol\\\/#primaryimage\"},\"thumbnailUrl\":\"http:\\\/\\\/www.sanjuandeportes.com\\\/wp\\\/wp-content\\\/uploads\\\/2020\\\/01\\\/ae3d714e-fb39-4cec-a30e-572f4764e05d.jpg\",\"datePublished\":\"2020-01-12T21:54:30+00:00\",\"dateModified\":\"2020-01-12T22:35:12+00:00\",\"breadcrumb\":{\"@id\":\"https:\\\/\\\/www.sanjuandeportes.com\\\/wp\\\/2020\\\/01\\\/12\\\/por-tercera-vez-consecutiva-nicolas-naranjo-campeon-del-giro-del-sol\\\/#breadcrumb\"},\"inLanguage\":\"es\",\"potentialAction\":[{\"@type\":\"ReadAction\",\"target\":[\"https:\\\/\\\/www.sanjuandeportes.com\\\/wp\\\/2020\\\/01\\\/12\\\/por-tercera-vez-consecutiva-nicolas-naranjo-campeon-del-giro-del-sol\\\/\"]}]},{\"@type\":\"ImageObject\",\"inLanguage\":\"es\",\"@id\":\"https:\\\/\\\/www.sanjuandeportes.com\\\/wp\\\/2020\\\/01\\\/12\\\/por-tercera-vez-consecutiva-nicolas-naranjo-campeon-del-giro-del-sol\\\/#primaryimage\",\"url\":\"http:\\\/\\\/www.sanjuandeportes.com\\\/wp\\\/wp-content\\\/uploads\\\/2020\\\/01\\\/ae3d714e-fb39-4cec-a30e-572f4764e05d.jpg\",\"contentUrl\":\"http:\\\/\\\/www.sanjuandeportes.com\\\/wp\\\/wp-content\\\/uploads\\\/2020\\\/01\\\/ae3d714e-fb39-4cec-a30e-572f4764e05d.jpg\",\"width\":1280,\"height\":1035},{\"@type\":\"BreadcrumbList\",\"@id\":\"https:\\\/\\\/www.sanjuandeportes.com\\\/wp\\\/2020\\\/01\\\/12\\\/por-tercera-vez-consecutiva-nicolas-naranjo-campeon-del-giro-del-sol\\\/#breadcrumb\",\"itemListElement\":[{\"@type\":\"ListItem\",\"position\":1,\"name\":\"Portada\",\"item\":\"http:\\\/\\\/www.sanjuandeportes.com\\\/wp\\\/\"},{\"@type\":\"ListItem\",\"position\":2,\"name\":\"POR TERCERA VEZ CONSECUTIVA, NICOL\u00c1S NARANJO CAMPE\u00d3N DEL GIRO DEL SOL\"}]},{\"@type\":\"WebSite\",\"@id\":\"http:\\\/\\\/www.sanjuandeportes.com\\\/wp\\\/#website\",\"url\":\"http:\\\/\\\/www.sanjuandeportes.com\\\/wp\\\/\",\"name\":\"San Juan Deportes\",\"description\":\"El sitio de deportes de la provincia de San Juan\",\"publisher\":{\"@id\":\"http:\\\/\\\/www.sanjuandeportes.com\\\/wp\\\/#organization\"},\"potentialAction\":[{\"@type\":\"SearchAction\",\"target\":{\"@type\":\"EntryPoint\",\"urlTemplate\":\"http:\\\/\\\/www.sanjuandeportes.com\\\/wp\\\/?s={search_term_string}\"},\"query-input\":{\"@type\":\"PropertyValueSpecification\",\"valueRequired\":true,\"valueName\":\"search_term_string\"}}],\"inLanguage\":\"es\"},{\"@type\":\"Organization\",\"@id\":\"http:\\\/\\\/www.sanjuandeportes.com\\\/wp\\\/#organization\",\"name\":\"San Juan Deportes\",\"url\":\"http:\\\/\\\/www.sanjuandeportes.com\\\/wp\\\/\",\"logo\":{\"@type\":\"ImageObject\",\"inLanguage\":\"es\",\"@id\":\"http:\\\/\\\/www.sanjuandeportes.com\\\/wp\\\/#\\\/schema\\\/logo\\\/image\\\/\",\"url\":\"https:\\\/\\\/www.sanjuandeportes.com\\\/wp\\\/wp-content\\\/uploads\\\/unnamed.jpg\",\"contentUrl\":\"https:\\\/\\\/www.sanjuandeportes.com\\\/wp\\\/wp-content\\\/uploads\\\/unnamed.jpg\",\"width\":900,\"height\":900,\"caption\":\"San Juan Deportes\"},\"image\":{\"@id\":\"http:\\\/\\\/www.sanjuandeportes.com\\\/wp\\\/#\\\/schema\\\/logo\\\/image\\\/\"},\"sameAs\":[\"https:\\\/\\\/www.facebook.com\\\/sanjuandeportesok\",\"https:\\\/\\\/x.com\\\/SanJuanDeportes\",\"https:\\\/\\\/www.instagram.com\\\/sanjuandeportes\"]},{\"@type\":\"Person\",\"@id\":\"http:\\\/\\\/www.sanjuandeportes.com\\\/wp\\\/#\\\/schema\\\/person\\\/eda4d8e62a5d42b111781e3cdfcb9c3a\",\"name\":\"Pablo Pujado\",\"image\":{\"@type\":\"ImageObject\",\"inLanguage\":\"es\",\"@id\":\"https:\\\/\\\/secure.gravatar.com\\\/avatar\\\/310b69d28112912c333408a462a9837208de951b1e7c11514781740412f648b1?s=96&d=mm&r=g\",\"url\":\"https:\\\/\\\/secure.gravatar.com\\\/avatar\\\/310b69d28112912c333408a462a9837208de951b1e7c11514781740412f648b1?s=96&d=mm&r=g\",\"contentUrl\":\"https:\\\/\\\/secure.gravatar.com\\\/avatar\\\/310b69d28112912c333408a462a9837208de951b1e7c11514781740412f648b1?s=96&d=mm&r=g\",\"caption\":\"Pablo Pujado\"},\"url\":\"http:\\\/\\\/www.sanjuandeportes.com\\\/wp\\\/author\\\/pablo-pujado\\\/\"}]}<\/script>\n<!-- \/ Yoast SEO plugin. -->","yoast_head_json":{"title":"POR TERCERA VEZ CONSECUTIVA, NICOL\u00c1S NARANJO CAMPE\u00d3N DEL GIRO DEL SOL - San Juan Deportes","robots":{"index":"index","follow":"follow","max-snippet":"max-snippet:-1","max-image-preview":"max-image-preview:large","max-video-preview":"max-video-preview:-1"},"canonical":"https:\/\/www.sanjuandeportes.com\/wp\/2020\/01\/12\/por-tercera-vez-consecutiva-nicolas-naranjo-campeon-del-giro-del-sol\/","og_locale":"es_ES","og_type":"article","og_title":"POR TERCERA VEZ CONSECUTIVA, NICOL\u00c1S NARANJO CAMPE\u00d3N DEL GIRO DEL SOL - San Juan Deportes","og_description":"El pedalero de la Agrupaci\u00f3n Virgen de F\u00e1tima se coron\u00f3 por tercera vez consecutiva del Giro del Sol y es el m\u00e1ximo ganador del certamen. La \u00faltima etapa qued\u00f3 para Mauricio P\u00e1ez, pero la ventaja conseguida ayer y hoy bast\u00f3 para que Nicol\u00e1s Naranjo se convirtiera nuevamente campe\u00f3n del Giro del Sol. El pedalero corr\u00eda [&hellip;]","og_url":"https:\/\/www.sanjuandeportes.com\/wp\/2020\/01\/12\/por-tercera-vez-consecutiva-nicolas-naranjo-campeon-del-giro-del-sol\/","og_site_name":"San Juan Deportes","article_publisher":"https:\/\/www.facebook.com\/sanjuandeportesok","article_published_time":"2020-01-12T21:54:30+00:00","article_modified_time":"2020-01-12T22:35:12+00:00","og_image":[{"width":1280,"height":1035,"url":"https:\/\/www.sanjuandeportes.com\/wp\/wp-content\/uploads\/2020\/01\/ae3d714e-fb39-4cec-a30e-572f4764e05d.jpg","type":"image\/jpeg"}],"author":"Pablo Pujado","twitter_card":"summary_large_image","twitter_creator":"@SanJuanDeportes","twitter_site":"@SanJuanDeportes","twitter_misc":{"Escrito por":"Pablo Pujado","Tiempo de lectura":"1 minuto"},"schema":{"@context":"https:\/\/schema.org","@graph":[{"@type":"Article","@id":"https:\/\/www.sanjuandeportes.com\/wp\/2020\/01\/12\/por-tercera-vez-consecutiva-nicolas-naranjo-campeon-del-giro-del-sol\/#article","isPartOf":{"@id":"https:\/\/www.sanjuandeportes.com\/wp\/2020\/01\/12\/por-tercera-vez-consecutiva-nicolas-naranjo-campeon-del-giro-del-sol\/"},"author":{"name":"Pablo Pujado","@id":"http:\/\/www.sanjuandeportes.com\/wp\/#\/schema\/person\/eda4d8e62a5d42b111781e3cdfcb9c3a"},"headline":"POR TERCERA VEZ CONSECUTIVA, NICOL\u00c1S NARANJO CAMPE\u00d3N DEL GIRO DEL SOL","datePublished":"2020-01-12T21:54:30+00:00","dateModified":"2020-01-12T22:35:12+00:00","mainEntityOfPage":{"@id":"https:\/\/www.sanjuandeportes.com\/wp\/2020\/01\/12\/por-tercera-vez-consecutiva-nicolas-naranjo-campeon-del-giro-del-sol\/"},"wordCount":202,"commentCount":0,"publisher":{"@id":"http:\/\/www.sanjuandeportes.com\/wp\/#organization"},"image":{"@id":"https:\/\/www.sanjuandeportes.com\/wp\/2020\/01\/12\/por-tercera-vez-consecutiva-nicolas-naranjo-campeon-del-giro-del-sol\/#primaryimage"},"thumbnailUrl":"http:\/\/www.sanjuandeportes.com\/wp\/wp-content\/uploads\/2020\/01\/ae3d714e-fb39-4cec-a30e-572f4764e05d.jpg","keywords":["Ciclismo","Giro del Sol","Nicolas Naranjo"],"articleSection":["Ciclismo","Featured"],"inLanguage":"es","potentialAction":[{"@type":"CommentAction","name":"Comment","target":["https:\/\/www.sanjuandeportes.com\/wp\/2020\/01\/12\/por-tercera-vez-consecutiva-nicolas-naranjo-campeon-del-giro-del-sol\/#respond"]}]},{"@type":"WebPage","@id":"https:\/\/www.sanjuandeportes.com\/wp\/2020\/01\/12\/por-tercera-vez-consecutiva-nicolas-naranjo-campeon-del-giro-del-sol\/","url":"https:\/\/www.sanjuandeportes.com\/wp\/2020\/01\/12\/por-tercera-vez-consecutiva-nicolas-naranjo-campeon-del-giro-del-sol\/","name":"POR TERCERA VEZ CONSECUTIVA, NICOL\u00c1S NARANJO CAMPE\u00d3N DEL GIRO DEL SOL - San Juan Deportes","isPartOf":{"@id":"http:\/\/www.sanjuandeportes.com\/wp\/#website"},"primaryImageOfPage":{"@id":"https:\/\/www.sanjuandeportes.com\/wp\/2020\/01\/12\/por-tercera-vez-consecutiva-nicolas-naranjo-campeon-del-giro-del-sol\/#primaryimage"},"image":{"@id":"https:\/\/www.sanjuandeportes.com\/wp\/2020\/01\/12\/por-tercera-vez-consecutiva-nicolas-naranjo-campeon-del-giro-del-sol\/#primaryimage"},"thumbnailUrl":"http:\/\/www.sanjuandeportes.com\/wp\/wp-content\/uploads\/2020\/01\/ae3d714e-fb39-4cec-a30e-572f4764e05d.jpg","datePublished":"2020-01-12T21:54:30+00:00","dateModified":"2020-01-12T22:35:12+00:00","breadcrumb":{"@id":"https:\/\/www.sanjuandeportes.com\/wp\/2020\/01\/12\/por-tercera-vez-consecutiva-nicolas-naranjo-campeon-del-giro-del-sol\/#breadcrumb"},"inLanguage":"es","potentialAction":[{"@type":"ReadAction","target":["https:\/\/www.sanjuandeportes.com\/wp\/2020\/01\/12\/por-tercera-vez-consecutiva-nicolas-naranjo-campeon-del-giro-del-sol\/"]}]},{"@type":"ImageObject","inLanguage":"es","@id":"https:\/\/www.sanjuandeportes.com\/wp\/2020\/01\/12\/por-tercera-vez-consecutiva-nicolas-naranjo-campeon-del-giro-del-sol\/#primaryimage","url":"http:\/\/www.sanjuandeportes.com\/wp\/wp-content\/uploads\/2020\/01\/ae3d714e-fb39-4cec-a30e-572f4764e05d.jpg","contentUrl":"http:\/\/www.sanjuandeportes.com\/wp\/wp-content\/uploads\/2020\/01\/ae3d714e-fb39-4cec-a30e-572f4764e05d.jpg","width":1280,"height":1035},{"@type":"BreadcrumbList","@id":"https:\/\/www.sanjuandeportes.com\/wp\/2020\/01\/12\/por-tercera-vez-consecutiva-nicolas-naranjo-campeon-del-giro-del-sol\/#breadcrumb","itemListElement":[{"@type":"ListItem","position":1,"name":"Portada","item":"http:\/\/www.sanjuandeportes.com\/wp\/"},{"@type":"ListItem","position":2,"name":"POR TERCERA VEZ CONSECUTIVA, NICOL\u00c1S NARANJO CAMPE\u00d3N DEL GIRO DEL SOL"}]},{"@type":"WebSite","@id":"http:\/\/www.sanjuandeportes.com\/wp\/#website","url":"http:\/\/www.sanjuandeportes.com\/wp\/","name":"San Juan Deportes","description":"El sitio de deportes de la provincia de San Juan","publisher":{"@id":"http:\/\/www.sanjuandeportes.com\/wp\/#organization"},"potentialAction":[{"@type":"SearchAction","target":{"@type":"EntryPoint","urlTemplate":"http:\/\/www.sanjuandeportes.com\/wp\/?s={search_term_string}"},"query-input":{"@type":"PropertyValueSpecification","valueRequired":true,"valueName":"search_term_string"}}],"inLanguage":"es"},{"@type":"Organization","@id":"http:\/\/www.sanjuandeportes.com\/wp\/#organization","name":"San Juan Deportes","url":"http:\/\/www.sanjuandeportes.com\/wp\/","logo":{"@type":"ImageObject","inLanguage":"es","@id":"http:\/\/www.sanjuandeportes.com\/wp\/#\/schema\/logo\/image\/","url":"https:\/\/www.sanjuandeportes.com\/wp\/wp-content\/uploads\/unnamed.jpg","contentUrl":"https:\/\/www.sanjuandeportes.com\/wp\/wp-content\/uploads\/unnamed.jpg","width":900,"height":900,"caption":"San Juan Deportes"},"image":{"@id":"http:\/\/www.sanjuandeportes.com\/wp\/#\/schema\/logo\/image\/"},"sameAs":["https:\/\/www.facebook.com\/sanjuandeportesok","https:\/\/x.com\/SanJuanDeportes","https:\/\/www.instagram.com\/sanjuandeportes"]},{"@type":"Person","@id":"http:\/\/www.sanjuandeportes.com\/wp\/#\/schema\/person\/eda4d8e62a5d42b111781e3cdfcb9c3a","name":"Pablo Pujado","image":{"@type":"ImageObject","inLanguage":"es","@id":"https:\/\/secure.gravatar.com\/avatar\/310b69d28112912c333408a462a9837208de951b1e7c11514781740412f648b1?s=96&d=mm&r=g","url":"https:\/\/secure.gravatar.com\/avatar\/310b69d28112912c333408a462a9837208de951b1e7c11514781740412f648b1?s=96&d=mm&r=g","contentUrl":"https:\/\/secure.gravatar.com\/avatar\/310b69d28112912c333408a462a9837208de951b1e7c11514781740412f648b1?s=96&d=mm&r=g","caption":"Pablo Pujado"},"url":"http:\/\/www.sanjuandeportes.com\/wp\/author\/pablo-pujado\/"}]}},"_links":{"self":[{"href":"http:\/\/www.sanjuandeportes.com\/wp\/wp-json\/wp\/v2\/posts\/8696","targetHints":{"allow":["GET"]}}],"collection":[{"href":"http:\/\/www.sanjuandeportes.com\/wp\/wp-json\/wp\/v2\/posts"}],"about":[{"href":"http:\/\/www.sanjuandeportes.com\/wp\/wp-json\/wp\/v2\/types\/post"}],"author":[{"embeddable":true,"href":"http:\/\/www.sanjuandeportes.com\/wp\/wp-json\/wp\/v2\/users\/5"}],"replies":[{"embeddable":true,"href":"http:\/\/www.sanjuandeportes.com\/wp\/wp-json\/wp\/v2\/comments?post=8696"}],"version-history":[{"count":6,"href":"http:\/\/www.sanjuandeportes.com\/wp\/wp-json\/wp\/v2\/posts\/8696\/revisions"}],"predecessor-version":[{"id":8703,"href":"http:\/\/www.sanjuandeportes.com\/wp\/wp-json\/wp\/v2\/posts\/8696\/revisions\/8703"}],"wp:featuredmedia":[{"embeddable":true,"href":"http:\/\/www.sanjuandeportes.com\/wp\/wp-json\/wp\/v2\/media\/8697"}],"wp:attachment":[{"href":"http:\/\/www.sanjuandeportes.com\/wp\/wp-json\/wp\/v2\/media?parent=8696"}],"wp:term":[{"taxonomy":"category","embeddable":true,"href":"http:\/\/www.sanjuandeportes.com\/wp\/wp-json\/wp\/v2\/categories?post=8696"},{"taxonomy":"post_tag","embeddable":true,"href":"http:\/\/www.sanjuandeportes.com\/wp\/wp-json\/wp\/v2\/tags?post=8696"}],"curies":[{"name":"wp","href":"https:\/\/api.w.org\/{rel}","templated":true}]}}