{"id":8764,"date":"2020-01-17T04:10:18","date_gmt":"2020-01-17T04:10:18","guid":{"rendered":"http:\/\/www.sanjuandeportes.com\/wp\/?p=8764"},"modified":"2020-01-17T04:11:08","modified_gmt":"2020-01-17T04:11:08","slug":"un-ex-godoy-cruz-el-primer-refuerzo-de-san-martin","status":"publish","type":"post","link":"http:\/\/www.sanjuandeportes.com\/wp\/2020\/01\/17\/un-ex-godoy-cruz-el-primer-refuerzo-de-san-martin\/","title":{"rendered":"Un ex Godoy Cruz, el primer refuerzo de San Mart\u00edn"},"content":{"rendered":"<p>Finalmente se cumpli\u00f3 uno de los pedidos prioritarios del entrenador Alfredo Grelak, que era incorporar a sus filas un atacante ante la salida de Humberto Osorio y Jhon Pajoy. Despu\u00e9s de varios d\u00edas de negociaci\u00f3n se lleg\u00f3 a un acuerdo para la llegada de Pablo Ruiz.<\/p>\n<p>El Mudo, de 32 a\u00f1os, llega a San Juan proveniente del f\u00fatbol boliviano y cuenta con una trayectoria extensa en el f\u00fatbol del ascenso: Nueva Chicago, Estudiantes de Buenos Aires, Platense, Juventud Unida de San Luis y Mitre de Santiago del Estero. Adem\u00e1s, cuenta con pasos por Godoy Cruz y el f\u00fatbol mexicano.<\/p>\n<blockquote class=\"twitter-tweet\" data-width=\"550\" data-dnt=\"true\">\n<p lang=\"es\" dir=\"ltr\">F\u00fatbol profesional | Pablo Mart\u00edn &quot;Mudo&quot; Ruiz, firm\u00f3 hoy su contrato con la instituci\u00f3n y se convirti\u00f3 en la primer incorporaci\u00f3n para la segunda parte de la Primera Nacional. El delantero de 32 a\u00f1os, viene proveniente de Oriente Petrolero (Bolivia).<\/p>\n<p>\u00a1Bienvenido Pablo! <a href=\"https:\/\/t.co\/65mtUmhxfC\">pic.twitter.com\/65mtUmhxfC<\/a><\/p>\n<p>&mdash; Club Atl\u00e9tico San Mart\u00edn (@CASanMartinSJ) <a href=\"https:\/\/twitter.com\/CASanMartinSJ\/status\/1217923069110562841?ref_src=twsrc%5Etfw\">January 16, 2020<\/a><\/p><\/blockquote>\n<p><script async src=\"https:\/\/platform.twitter.com\/widgets.js\" charset=\"utf-8\"><\/script><\/p>\n<p>De esta manera, Ruiz empezar\u00e1 en el d\u00eda de ma\u00f1ana a entrenar junto a sus nuevos compa\u00f1eros y se evaluar\u00e1 la posibilidad de que pueda jugar algunos minutos en el cl\u00e1sico ante Sportivo Desamparados, a disputarse el pr\u00f3ximo mi\u00e9rcoles 22 de enero, public\u00f3 Solo Ascenso.<\/p>\n","protected":false},"excerpt":{"rendered":"<p>Finalmente se cumpli\u00f3 uno de los pedidos prioritarios del entrenador Alfredo Grelak, que era incorporar a sus filas un atacante ante la salida de Humberto Osorio y Jhon Pajoy. Despu\u00e9s de varios d\u00edas de negociaci\u00f3n se lleg\u00f3 a un acuerdo para la llegada de Pablo Ruiz. El Mudo, de 32 a\u00f1os, llega a San Juan [&hellip;]<\/p>\n","protected":false},"author":5,"featured_media":8765,"comment_status":"open","ping_status":"open","sticky":false,"template":"","format":"standard","meta":{"footnotes":""},"categories":[2,24,178],"tags":[142,129],"class_list":["post-8764","post","type-post","status-publish","format-standard","has-post-thumbnail","hentry","category-featured","category-futbol","category-san-juan","tag-mercado-de-pases","tag-san-martin"],"yoast_head":"<!-- This site is optimized with the Yoast SEO plugin v28.2 - https:\/\/yoast.com\/product\/yoast-seo-wordpress\/ -->\n<title>Un ex Godoy Cruz, el primer refuerzo de San Mart\u00edn - San Juan Deportes<\/title>\n<meta name=\"robots\" content=\"index, follow, max-snippet:-1, max-image-preview:large, max-video-preview:-1\" \/>\n<link rel=\"canonical\" href=\"http:\/\/www.sanjuandeportes.com\/wp\/2020\/01\/17\/un-ex-godoy-cruz-el-primer-refuerzo-de-san-martin\/\" \/>\n<meta property=\"og:locale\" content=\"es_ES\" \/>\n<meta property=\"og:type\" content=\"article\" \/>\n<meta property=\"og:title\" content=\"Un ex Godoy Cruz, el primer refuerzo de San Mart\u00edn - San Juan Deportes\" \/>\n<meta property=\"og:description\" content=\"Finalmente se cumpli\u00f3 uno de los pedidos prioritarios del entrenador Alfredo Grelak, que era incorporar a sus filas un atacante ante la salida de Humberto Osorio y Jhon Pajoy. Despu\u00e9s de varios d\u00edas de negociaci\u00f3n se lleg\u00f3 a un acuerdo para la llegada de Pablo Ruiz. El Mudo, de 32 a\u00f1os, llega a San Juan [&hellip;]\" \/>\n<meta property=\"og:url\" content=\"http:\/\/www.sanjuandeportes.com\/wp\/2020\/01\/17\/un-ex-godoy-cruz-el-primer-refuerzo-de-san-martin\/\" \/>\n<meta property=\"og:site_name\" content=\"San Juan Deportes\" \/>\n<meta property=\"article:publisher\" content=\"https:\/\/www.facebook.com\/sanjuandeportesok\" \/>\n<meta property=\"article:published_time\" content=\"2020-01-17T04:10:18+00:00\" \/>\n<meta property=\"article:modified_time\" content=\"2020-01-17T04:11:08+00:00\" \/>\n<meta property=\"og:image\" content=\"http:\/\/www.sanjuandeportes.com\/wp\/wp-content\/uploads\/2020\/01\/EObuk5lWsAsBkhe.jpg\" \/>\n\t<meta property=\"og:image:width\" content=\"1920\" \/>\n\t<meta property=\"og:image:height\" content=\"1440\" \/>\n\t<meta property=\"og:image:type\" content=\"image\/jpeg\" \/>\n<meta name=\"author\" content=\"Pablo Pujado\" \/>\n<meta name=\"twitter:card\" content=\"summary_large_image\" \/>\n<meta name=\"twitter:creator\" content=\"@SanJuanDeportes\" \/>\n<meta name=\"twitter:site\" content=\"@SanJuanDeportes\" \/>\n<meta name=\"twitter:label1\" content=\"Escrito por\" \/>\n\t<meta name=\"twitter:data1\" content=\"Pablo Pujado\" \/>\n\t<meta name=\"twitter:label2\" content=\"Tiempo de lectura\" \/>\n\t<meta name=\"twitter:data2\" content=\"1 minuto\" \/>\n<script type=\"application\/ld+json\" class=\"yoast-schema-graph\">{\"@context\":\"https:\\\/\\\/schema.org\",\"@graph\":[{\"@type\":\"Article\",\"@id\":\"http:\\\/\\\/www.sanjuandeportes.com\\\/wp\\\/2020\\\/01\\\/17\\\/un-ex-godoy-cruz-el-primer-refuerzo-de-san-martin\\\/#article\",\"isPartOf\":{\"@id\":\"http:\\\/\\\/www.sanjuandeportes.com\\\/wp\\\/2020\\\/01\\\/17\\\/un-ex-godoy-cruz-el-primer-refuerzo-de-san-martin\\\/\"},\"author\":{\"name\":\"Pablo Pujado\",\"@id\":\"http:\\\/\\\/www.sanjuandeportes.com\\\/wp\\\/#\\\/schema\\\/person\\\/eda4d8e62a5d42b111781e3cdfcb9c3a\"},\"headline\":\"Un ex Godoy Cruz, el primer refuerzo de San Mart\u00edn\",\"datePublished\":\"2020-01-17T04:10:18+00:00\",\"dateModified\":\"2020-01-17T04:11:08+00:00\",\"mainEntityOfPage\":{\"@id\":\"http:\\\/\\\/www.sanjuandeportes.com\\\/wp\\\/2020\\\/01\\\/17\\\/un-ex-godoy-cruz-el-primer-refuerzo-de-san-martin\\\/\"},\"wordCount\":172,\"commentCount\":0,\"publisher\":{\"@id\":\"http:\\\/\\\/www.sanjuandeportes.com\\\/wp\\\/#organization\"},\"image\":{\"@id\":\"http:\\\/\\\/www.sanjuandeportes.com\\\/wp\\\/2020\\\/01\\\/17\\\/un-ex-godoy-cruz-el-primer-refuerzo-de-san-martin\\\/#primaryimage\"},\"thumbnailUrl\":\"http:\\\/\\\/www.sanjuandeportes.com\\\/wp\\\/wp-content\\\/uploads\\\/2020\\\/01\\\/EObuk5lWsAsBkhe.jpg\",\"keywords\":[\"Mercado de pases\",\"San Martin\"],\"articleSection\":[\"Featured\",\"Futbol\",\"San Juan\"],\"inLanguage\":\"es\",\"potentialAction\":[{\"@type\":\"CommentAction\",\"name\":\"Comment\",\"target\":[\"http:\\\/\\\/www.sanjuandeportes.com\\\/wp\\\/2020\\\/01\\\/17\\\/un-ex-godoy-cruz-el-primer-refuerzo-de-san-martin\\\/#respond\"]}]},{\"@type\":\"WebPage\",\"@id\":\"http:\\\/\\\/www.sanjuandeportes.com\\\/wp\\\/2020\\\/01\\\/17\\\/un-ex-godoy-cruz-el-primer-refuerzo-de-san-martin\\\/\",\"url\":\"http:\\\/\\\/www.sanjuandeportes.com\\\/wp\\\/2020\\\/01\\\/17\\\/un-ex-godoy-cruz-el-primer-refuerzo-de-san-martin\\\/\",\"name\":\"Un ex Godoy Cruz, el primer refuerzo de San Mart\u00edn - San Juan Deportes\",\"isPartOf\":{\"@id\":\"http:\\\/\\\/www.sanjuandeportes.com\\\/wp\\\/#website\"},\"primaryImageOfPage\":{\"@id\":\"http:\\\/\\\/www.sanjuandeportes.com\\\/wp\\\/2020\\\/01\\\/17\\\/un-ex-godoy-cruz-el-primer-refuerzo-de-san-martin\\\/#primaryimage\"},\"image\":{\"@id\":\"http:\\\/\\\/www.sanjuandeportes.com\\\/wp\\\/2020\\\/01\\\/17\\\/un-ex-godoy-cruz-el-primer-refuerzo-de-san-martin\\\/#primaryimage\"},\"thumbnailUrl\":\"http:\\\/\\\/www.sanjuandeportes.com\\\/wp\\\/wp-content\\\/uploads\\\/2020\\\/01\\\/EObuk5lWsAsBkhe.jpg\",\"datePublished\":\"2020-01-17T04:10:18+00:00\",\"dateModified\":\"2020-01-17T04:11:08+00:00\",\"breadcrumb\":{\"@id\":\"http:\\\/\\\/www.sanjuandeportes.com\\\/wp\\\/2020\\\/01\\\/17\\\/un-ex-godoy-cruz-el-primer-refuerzo-de-san-martin\\\/#breadcrumb\"},\"inLanguage\":\"es\",\"potentialAction\":[{\"@type\":\"ReadAction\",\"target\":[\"http:\\\/\\\/www.sanjuandeportes.com\\\/wp\\\/2020\\\/01\\\/17\\\/un-ex-godoy-cruz-el-primer-refuerzo-de-san-martin\\\/\"]}]},{\"@type\":\"ImageObject\",\"inLanguage\":\"es\",\"@id\":\"http:\\\/\\\/www.sanjuandeportes.com\\\/wp\\\/2020\\\/01\\\/17\\\/un-ex-godoy-cruz-el-primer-refuerzo-de-san-martin\\\/#primaryimage\",\"url\":\"http:\\\/\\\/www.sanjuandeportes.com\\\/wp\\\/wp-content\\\/uploads\\\/2020\\\/01\\\/EObuk5lWsAsBkhe.jpg\",\"contentUrl\":\"http:\\\/\\\/www.sanjuandeportes.com\\\/wp\\\/wp-content\\\/uploads\\\/2020\\\/01\\\/EObuk5lWsAsBkhe.jpg\",\"width\":1920,\"height\":1440},{\"@type\":\"BreadcrumbList\",\"@id\":\"http:\\\/\\\/www.sanjuandeportes.com\\\/wp\\\/2020\\\/01\\\/17\\\/un-ex-godoy-cruz-el-primer-refuerzo-de-san-martin\\\/#breadcrumb\",\"itemListElement\":[{\"@type\":\"ListItem\",\"position\":1,\"name\":\"Portada\",\"item\":\"http:\\\/\\\/www.sanjuandeportes.com\\\/wp\\\/\"},{\"@type\":\"ListItem\",\"position\":2,\"name\":\"Un ex Godoy Cruz, el primer refuerzo de San Mart\u00edn\"}]},{\"@type\":\"WebSite\",\"@id\":\"http:\\\/\\\/www.sanjuandeportes.com\\\/wp\\\/#website\",\"url\":\"http:\\\/\\\/www.sanjuandeportes.com\\\/wp\\\/\",\"name\":\"San Juan Deportes\",\"description\":\"El sitio de deportes de la provincia de San Juan\",\"publisher\":{\"@id\":\"http:\\\/\\\/www.sanjuandeportes.com\\\/wp\\\/#organization\"},\"potentialAction\":[{\"@type\":\"SearchAction\",\"target\":{\"@type\":\"EntryPoint\",\"urlTemplate\":\"http:\\\/\\\/www.sanjuandeportes.com\\\/wp\\\/?s={search_term_string}\"},\"query-input\":{\"@type\":\"PropertyValueSpecification\",\"valueRequired\":true,\"valueName\":\"search_term_string\"}}],\"inLanguage\":\"es\"},{\"@type\":\"Organization\",\"@id\":\"http:\\\/\\\/www.sanjuandeportes.com\\\/wp\\\/#organization\",\"name\":\"San Juan Deportes\",\"url\":\"http:\\\/\\\/www.sanjuandeportes.com\\\/wp\\\/\",\"logo\":{\"@type\":\"ImageObject\",\"inLanguage\":\"es\",\"@id\":\"http:\\\/\\\/www.sanjuandeportes.com\\\/wp\\\/#\\\/schema\\\/logo\\\/image\\\/\",\"url\":\"https:\\\/\\\/www.sanjuandeportes.com\\\/wp\\\/wp-content\\\/uploads\\\/unnamed.jpg\",\"contentUrl\":\"https:\\\/\\\/www.sanjuandeportes.com\\\/wp\\\/wp-content\\\/uploads\\\/unnamed.jpg\",\"width\":900,\"height\":900,\"caption\":\"San Juan Deportes\"},\"image\":{\"@id\":\"http:\\\/\\\/www.sanjuandeportes.com\\\/wp\\\/#\\\/schema\\\/logo\\\/image\\\/\"},\"sameAs\":[\"https:\\\/\\\/www.facebook.com\\\/sanjuandeportesok\",\"https:\\\/\\\/x.com\\\/SanJuanDeportes\",\"https:\\\/\\\/www.instagram.com\\\/sanjuandeportes\"]},{\"@type\":\"Person\",\"@id\":\"http:\\\/\\\/www.sanjuandeportes.com\\\/wp\\\/#\\\/schema\\\/person\\\/eda4d8e62a5d42b111781e3cdfcb9c3a\",\"name\":\"Pablo Pujado\",\"image\":{\"@type\":\"ImageObject\",\"inLanguage\":\"es\",\"@id\":\"https:\\\/\\\/secure.gravatar.com\\\/avatar\\\/310b69d28112912c333408a462a9837208de951b1e7c11514781740412f648b1?s=96&d=mm&r=g\",\"url\":\"https:\\\/\\\/secure.gravatar.com\\\/avatar\\\/310b69d28112912c333408a462a9837208de951b1e7c11514781740412f648b1?s=96&d=mm&r=g\",\"contentUrl\":\"https:\\\/\\\/secure.gravatar.com\\\/avatar\\\/310b69d28112912c333408a462a9837208de951b1e7c11514781740412f648b1?s=96&d=mm&r=g\",\"caption\":\"Pablo Pujado\"},\"url\":\"http:\\\/\\\/www.sanjuandeportes.com\\\/wp\\\/author\\\/pablo-pujado\\\/\"}]}<\/script>\n<!-- \/ Yoast SEO plugin. -->","yoast_head_json":{"title":"Un ex Godoy Cruz, el primer refuerzo de San Mart\u00edn - San Juan Deportes","robots":{"index":"index","follow":"follow","max-snippet":"max-snippet:-1","max-image-preview":"max-image-preview:large","max-video-preview":"max-video-preview:-1"},"canonical":"http:\/\/www.sanjuandeportes.com\/wp\/2020\/01\/17\/un-ex-godoy-cruz-el-primer-refuerzo-de-san-martin\/","og_locale":"es_ES","og_type":"article","og_title":"Un ex Godoy Cruz, el primer refuerzo de San Mart\u00edn - San Juan Deportes","og_description":"Finalmente se cumpli\u00f3 uno de los pedidos prioritarios del entrenador Alfredo Grelak, que era incorporar a sus filas un atacante ante la salida de Humberto Osorio y Jhon Pajoy. Despu\u00e9s de varios d\u00edas de negociaci\u00f3n se lleg\u00f3 a un acuerdo para la llegada de Pablo Ruiz. El Mudo, de 32 a\u00f1os, llega a San Juan [&hellip;]","og_url":"http:\/\/www.sanjuandeportes.com\/wp\/2020\/01\/17\/un-ex-godoy-cruz-el-primer-refuerzo-de-san-martin\/","og_site_name":"San Juan Deportes","article_publisher":"https:\/\/www.facebook.com\/sanjuandeportesok","article_published_time":"2020-01-17T04:10:18+00:00","article_modified_time":"2020-01-17T04:11:08+00:00","og_image":[{"width":1920,"height":1440,"url":"http:\/\/www.sanjuandeportes.com\/wp\/wp-content\/uploads\/2020\/01\/EObuk5lWsAsBkhe.jpg","type":"image\/jpeg"}],"author":"Pablo Pujado","twitter_card":"summary_large_image","twitter_creator":"@SanJuanDeportes","twitter_site":"@SanJuanDeportes","twitter_misc":{"Escrito por":"Pablo Pujado","Tiempo de lectura":"1 minuto"},"schema":{"@context":"https:\/\/schema.org","@graph":[{"@type":"Article","@id":"http:\/\/www.sanjuandeportes.com\/wp\/2020\/01\/17\/un-ex-godoy-cruz-el-primer-refuerzo-de-san-martin\/#article","isPartOf":{"@id":"http:\/\/www.sanjuandeportes.com\/wp\/2020\/01\/17\/un-ex-godoy-cruz-el-primer-refuerzo-de-san-martin\/"},"author":{"name":"Pablo Pujado","@id":"http:\/\/www.sanjuandeportes.com\/wp\/#\/schema\/person\/eda4d8e62a5d42b111781e3cdfcb9c3a"},"headline":"Un ex Godoy Cruz, el primer refuerzo de San Mart\u00edn","datePublished":"2020-01-17T04:10:18+00:00","dateModified":"2020-01-17T04:11:08+00:00","mainEntityOfPage":{"@id":"http:\/\/www.sanjuandeportes.com\/wp\/2020\/01\/17\/un-ex-godoy-cruz-el-primer-refuerzo-de-san-martin\/"},"wordCount":172,"commentCount":0,"publisher":{"@id":"http:\/\/www.sanjuandeportes.com\/wp\/#organization"},"image":{"@id":"http:\/\/www.sanjuandeportes.com\/wp\/2020\/01\/17\/un-ex-godoy-cruz-el-primer-refuerzo-de-san-martin\/#primaryimage"},"thumbnailUrl":"http:\/\/www.sanjuandeportes.com\/wp\/wp-content\/uploads\/2020\/01\/EObuk5lWsAsBkhe.jpg","keywords":["Mercado de pases","San Martin"],"articleSection":["Featured","Futbol","San Juan"],"inLanguage":"es","potentialAction":[{"@type":"CommentAction","name":"Comment","target":["http:\/\/www.sanjuandeportes.com\/wp\/2020\/01\/17\/un-ex-godoy-cruz-el-primer-refuerzo-de-san-martin\/#respond"]}]},{"@type":"WebPage","@id":"http:\/\/www.sanjuandeportes.com\/wp\/2020\/01\/17\/un-ex-godoy-cruz-el-primer-refuerzo-de-san-martin\/","url":"http:\/\/www.sanjuandeportes.com\/wp\/2020\/01\/17\/un-ex-godoy-cruz-el-primer-refuerzo-de-san-martin\/","name":"Un ex Godoy Cruz, el primer refuerzo de San Mart\u00edn - San Juan Deportes","isPartOf":{"@id":"http:\/\/www.sanjuandeportes.com\/wp\/#website"},"primaryImageOfPage":{"@id":"http:\/\/www.sanjuandeportes.com\/wp\/2020\/01\/17\/un-ex-godoy-cruz-el-primer-refuerzo-de-san-martin\/#primaryimage"},"image":{"@id":"http:\/\/www.sanjuandeportes.com\/wp\/2020\/01\/17\/un-ex-godoy-cruz-el-primer-refuerzo-de-san-martin\/#primaryimage"},"thumbnailUrl":"http:\/\/www.sanjuandeportes.com\/wp\/wp-content\/uploads\/2020\/01\/EObuk5lWsAsBkhe.jpg","datePublished":"2020-01-17T04:10:18+00:00","dateModified":"2020-01-17T04:11:08+00:00","breadcrumb":{"@id":"http:\/\/www.sanjuandeportes.com\/wp\/2020\/01\/17\/un-ex-godoy-cruz-el-primer-refuerzo-de-san-martin\/#breadcrumb"},"inLanguage":"es","potentialAction":[{"@type":"ReadAction","target":["http:\/\/www.sanjuandeportes.com\/wp\/2020\/01\/17\/un-ex-godoy-cruz-el-primer-refuerzo-de-san-martin\/"]}]},{"@type":"ImageObject","inLanguage":"es","@id":"http:\/\/www.sanjuandeportes.com\/wp\/2020\/01\/17\/un-ex-godoy-cruz-el-primer-refuerzo-de-san-martin\/#primaryimage","url":"http:\/\/www.sanjuandeportes.com\/wp\/wp-content\/uploads\/2020\/01\/EObuk5lWsAsBkhe.jpg","contentUrl":"http:\/\/www.sanjuandeportes.com\/wp\/wp-content\/uploads\/2020\/01\/EObuk5lWsAsBkhe.jpg","width":1920,"height":1440},{"@type":"BreadcrumbList","@id":"http:\/\/www.sanjuandeportes.com\/wp\/2020\/01\/17\/un-ex-godoy-cruz-el-primer-refuerzo-de-san-martin\/#breadcrumb","itemListElement":[{"@type":"ListItem","position":1,"name":"Portada","item":"http:\/\/www.sanjuandeportes.com\/wp\/"},{"@type":"ListItem","position":2,"name":"Un ex Godoy Cruz, el primer refuerzo de San Mart\u00edn"}]},{"@type":"WebSite","@id":"http:\/\/www.sanjuandeportes.com\/wp\/#website","url":"http:\/\/www.sanjuandeportes.com\/wp\/","name":"San Juan Deportes","description":"El sitio de deportes de la provincia de San Juan","publisher":{"@id":"http:\/\/www.sanjuandeportes.com\/wp\/#organization"},"potentialAction":[{"@type":"SearchAction","target":{"@type":"EntryPoint","urlTemplate":"http:\/\/www.sanjuandeportes.com\/wp\/?s={search_term_string}"},"query-input":{"@type":"PropertyValueSpecification","valueRequired":true,"valueName":"search_term_string"}}],"inLanguage":"es"},{"@type":"Organization","@id":"http:\/\/www.sanjuandeportes.com\/wp\/#organization","name":"San Juan Deportes","url":"http:\/\/www.sanjuandeportes.com\/wp\/","logo":{"@type":"ImageObject","inLanguage":"es","@id":"http:\/\/www.sanjuandeportes.com\/wp\/#\/schema\/logo\/image\/","url":"https:\/\/www.sanjuandeportes.com\/wp\/wp-content\/uploads\/unnamed.jpg","contentUrl":"https:\/\/www.sanjuandeportes.com\/wp\/wp-content\/uploads\/unnamed.jpg","width":900,"height":900,"caption":"San Juan Deportes"},"image":{"@id":"http:\/\/www.sanjuandeportes.com\/wp\/#\/schema\/logo\/image\/"},"sameAs":["https:\/\/www.facebook.com\/sanjuandeportesok","https:\/\/x.com\/SanJuanDeportes","https:\/\/www.instagram.com\/sanjuandeportes"]},{"@type":"Person","@id":"http:\/\/www.sanjuandeportes.com\/wp\/#\/schema\/person\/eda4d8e62a5d42b111781e3cdfcb9c3a","name":"Pablo Pujado","image":{"@type":"ImageObject","inLanguage":"es","@id":"https:\/\/secure.gravatar.com\/avatar\/310b69d28112912c333408a462a9837208de951b1e7c11514781740412f648b1?s=96&d=mm&r=g","url":"https:\/\/secure.gravatar.com\/avatar\/310b69d28112912c333408a462a9837208de951b1e7c11514781740412f648b1?s=96&d=mm&r=g","contentUrl":"https:\/\/secure.gravatar.com\/avatar\/310b69d28112912c333408a462a9837208de951b1e7c11514781740412f648b1?s=96&d=mm&r=g","caption":"Pablo Pujado"},"url":"http:\/\/www.sanjuandeportes.com\/wp\/author\/pablo-pujado\/"}]}},"_links":{"self":[{"href":"http:\/\/www.sanjuandeportes.com\/wp\/wp-json\/wp\/v2\/posts\/8764","targetHints":{"allow":["GET"]}}],"collection":[{"href":"http:\/\/www.sanjuandeportes.com\/wp\/wp-json\/wp\/v2\/posts"}],"about":[{"href":"http:\/\/www.sanjuandeportes.com\/wp\/wp-json\/wp\/v2\/types\/post"}],"author":[{"embeddable":true,"href":"http:\/\/www.sanjuandeportes.com\/wp\/wp-json\/wp\/v2\/users\/5"}],"replies":[{"embeddable":true,"href":"http:\/\/www.sanjuandeportes.com\/wp\/wp-json\/wp\/v2\/comments?post=8764"}],"version-history":[{"count":2,"href":"http:\/\/www.sanjuandeportes.com\/wp\/wp-json\/wp\/v2\/posts\/8764\/revisions"}],"predecessor-version":[{"id":8767,"href":"http:\/\/www.sanjuandeportes.com\/wp\/wp-json\/wp\/v2\/posts\/8764\/revisions\/8767"}],"wp:featuredmedia":[{"embeddable":true,"href":"http:\/\/www.sanjuandeportes.com\/wp\/wp-json\/wp\/v2\/media\/8765"}],"wp:attachment":[{"href":"http:\/\/www.sanjuandeportes.com\/wp\/wp-json\/wp\/v2\/media?parent=8764"}],"wp:term":[{"taxonomy":"category","embeddable":true,"href":"http:\/\/www.sanjuandeportes.com\/wp\/wp-json\/wp\/v2\/categories?post=8764"},{"taxonomy":"post_tag","embeddable":true,"href":"http:\/\/www.sanjuandeportes.com\/wp\/wp-json\/wp\/v2\/tags?post=8764"}],"curies":[{"name":"wp","href":"https:\/\/api.w.org\/{rel}","templated":true}]}}