{"id":8771,"date":"2020-01-17T21:59:27","date_gmt":"2020-01-17T21:59:27","guid":{"rendered":"http:\/\/www.sanjuandeportes.com\/wp\/?p=8771"},"modified":"2020-01-17T21:59:27","modified_gmt":"2020-01-17T21:59:27","slug":"cuantos-argentinos-llegaron-a-la-meta-del-rally-dakar","status":"publish","type":"post","link":"http:\/\/www.sanjuandeportes.com\/wp\/2020\/01\/17\/cuantos-argentinos-llegaron-a-la-meta-del-rally-dakar\/","title":{"rendered":"\u00bfCu\u00e1ntos argentinos llegaron a la meta del Rally Dakar?"},"content":{"rendered":"<p><strong>Sin lugar a dudas esta edici\u00f3n se recordar\u00e1 por la dureza de los tramos, la exigencia extrema y los fuertes accidentes.<\/strong>\u00a0Es por eso que para todos llegar a la meta fue realmente ganarle al Dakar.\u00a0<strong>En total fueron veinte los argentinos que comenzaron la competencia y trece de ellos consiguieron colgarse la medalla en el podio de Qiddiya.\u00a0<\/strong><\/p>\n<p><strong>En los autos<\/strong>, el binomio mendocino integrado por\u00a0<strong>Orly Terranova y Ronnie Graue (MINI), fueron los mejores situados al culminar en la sexta posici\u00f3n<\/strong>\u00a0de la general.\u00a0<strong>Luciano Benavides (KTM), ocup\u00f3 la misma ubicaci\u00f3n entre las motos<\/strong>, mientras que\u00a0<strong>Manuel And\u00fajar qued\u00f3 a un paso del podio luego de finalizar cuarto entre los quads.\u00a0<\/strong><\/p>\n<p><strong>Juan Manuel Silva, navegando al espa\u00f1ol Juan Miguel Medero en Side by Side, se situ\u00f3 15\u00ba en el total de tiempos<\/strong>. Vale recordar que en camiones no hubo presencia nacional.<\/p>\n<p><strong>El detalle<\/strong><\/p>\n<p><strong>Autos<\/strong><br \/>\n#311 &#8211; Orly Terranova (Arg) \/Ronnie Graue (Arg) (6tos en la general )<br \/>\n#378 &#8211; Sebasti\u00e1n Guayasamin (Ecu) \/\u00a0Mauro Esteban Lipez (Arg) (43\u00b0)<br \/>\n#389 &#8211; Pablo Canto Mart\u00ednez (Esp) \/\u00a0Ariel Jat\u00f3n (Arg) (50\u00ba)<\/p>\n<p><strong>Motos<\/strong><br \/>\n#16 &#8211; Luciano Benavides (6\u00b0)<br \/>\n#22 &#8211; Franco Caimi (18\u00b0)<br \/>\n#7 &#8211; Kevin Benavides (19\u00b0)<br \/>\n#113 &#8211; Sebasti\u00e1n Urqu\u00eda (59\u00b0)<\/p>\n<p><strong>Quads<\/strong><br \/>\n#255 &#8211; Manuel And\u00fajar (4\u00b0)<br \/>\n#261 &#8211; Mart\u00edn Sarquiz\u00a0(10\u00b0)<br \/>\n#260 &#8211; Carlos Alejandro Verza (11\u00b0)<\/p>\n<p><strong>SSV<\/strong><br \/>\n#431 &#8211; Juan Miguel Medero (Esp) \/\u00a0Juan Manuel Silva (Arg) (15\u00b0)<br \/>\n#407 &#8211; Denis Berezovskiy (Kaz) \/\u00a0Ricardo Torlaschi (Arg) (24\u00b0)<\/p>\n","protected":false},"excerpt":{"rendered":"<p>Sin lugar a dudas esta edici\u00f3n se recordar\u00e1 por la dureza de los tramos, la exigencia extrema y los fuertes accidentes.\u00a0Es por eso que para todos llegar a la meta fue realmente ganarle al Dakar.\u00a0En total fueron veinte los argentinos que comenzaron la competencia y trece de ellos consiguieron colgarse la medalla en el podio [&hellip;]<\/p>\n","protected":false},"author":5,"featured_media":8772,"comment_status":"open","ping_status":"open","sticky":false,"template":"","format":"standard","meta":{"footnotes":""},"categories":[2,41],"tags":[1034,1013],"class_list":["post-8771","post","type-post","status-publish","format-standard","has-post-thumbnail","hentry","category-featured","category-polideportivo","tag-orly-terranova","tag-rally-dakar"],"yoast_head":"<!-- This site is optimized with the Yoast SEO plugin v28.2 - https:\/\/yoast.com\/product\/yoast-seo-wordpress\/ -->\n<title>\u00bfCu\u00e1ntos argentinos llegaron a la meta del Rally Dakar? - San Juan Deportes<\/title>\n<meta name=\"robots\" content=\"index, follow, max-snippet:-1, max-image-preview:large, max-video-preview:-1\" \/>\n<link rel=\"canonical\" href=\"https:\/\/www.sanjuandeportes.com\/wp\/2020\/01\/17\/cuantos-argentinos-llegaron-a-la-meta-del-rally-dakar\/\" \/>\n<meta property=\"og:locale\" content=\"es_ES\" \/>\n<meta property=\"og:type\" content=\"article\" \/>\n<meta property=\"og:title\" content=\"\u00bfCu\u00e1ntos argentinos llegaron a la meta del Rally Dakar? - San Juan Deportes\" \/>\n<meta property=\"og:description\" content=\"Sin lugar a dudas esta edici\u00f3n se recordar\u00e1 por la dureza de los tramos, la exigencia extrema y los fuertes accidentes.\u00a0Es por eso que para todos llegar a la meta fue realmente ganarle al Dakar.\u00a0En total fueron veinte los argentinos que comenzaron la competencia y trece de ellos consiguieron colgarse la medalla en el podio [&hellip;]\" \/>\n<meta property=\"og:url\" content=\"https:\/\/www.sanjuandeportes.com\/wp\/2020\/01\/17\/cuantos-argentinos-llegaron-a-la-meta-del-rally-dakar\/\" \/>\n<meta property=\"og:site_name\" content=\"San Juan Deportes\" \/>\n<meta property=\"article:publisher\" content=\"https:\/\/www.facebook.com\/sanjuandeportesok\" \/>\n<meta property=\"article:published_time\" content=\"2020-01-17T21:59:27+00:00\" \/>\n<meta property=\"og:image\" content=\"https:\/\/www.sanjuandeportes.com\/wp\/wp-content\/uploads\/2020\/01\/DZGUU2LXV5BSPBPO3LMH67PS5Q.jpg\" \/>\n\t<meta property=\"og:image:width\" content=\"720\" \/>\n\t<meta property=\"og:image:height\" content=\"400\" \/>\n\t<meta property=\"og:image:type\" content=\"image\/jpeg\" \/>\n<meta name=\"author\" content=\"Pablo Pujado\" \/>\n<meta name=\"twitter:card\" content=\"summary_large_image\" \/>\n<meta name=\"twitter:creator\" content=\"@SanJuanDeportes\" \/>\n<meta name=\"twitter:site\" content=\"@SanJuanDeportes\" \/>\n<meta name=\"twitter:label1\" content=\"Escrito por\" \/>\n\t<meta name=\"twitter:data1\" content=\"Pablo Pujado\" \/>\n\t<meta name=\"twitter:label2\" content=\"Tiempo de lectura\" \/>\n\t<meta name=\"twitter:data2\" content=\"1 minuto\" \/>\n<script type=\"application\/ld+json\" class=\"yoast-schema-graph\">{\"@context\":\"https:\\\/\\\/schema.org\",\"@graph\":[{\"@type\":\"Article\",\"@id\":\"https:\\\/\\\/www.sanjuandeportes.com\\\/wp\\\/2020\\\/01\\\/17\\\/cuantos-argentinos-llegaron-a-la-meta-del-rally-dakar\\\/#article\",\"isPartOf\":{\"@id\":\"https:\\\/\\\/www.sanjuandeportes.com\\\/wp\\\/2020\\\/01\\\/17\\\/cuantos-argentinos-llegaron-a-la-meta-del-rally-dakar\\\/\"},\"author\":{\"name\":\"Pablo Pujado\",\"@id\":\"http:\\\/\\\/www.sanjuandeportes.com\\\/wp\\\/#\\\/schema\\\/person\\\/eda4d8e62a5d42b111781e3cdfcb9c3a\"},\"headline\":\"\u00bfCu\u00e1ntos argentinos llegaron a la meta del Rally Dakar?\",\"datePublished\":\"2020-01-17T21:59:27+00:00\",\"mainEntityOfPage\":{\"@id\":\"https:\\\/\\\/www.sanjuandeportes.com\\\/wp\\\/2020\\\/01\\\/17\\\/cuantos-argentinos-llegaron-a-la-meta-del-rally-dakar\\\/\"},\"wordCount\":235,\"commentCount\":0,\"publisher\":{\"@id\":\"http:\\\/\\\/www.sanjuandeportes.com\\\/wp\\\/#organization\"},\"image\":{\"@id\":\"https:\\\/\\\/www.sanjuandeportes.com\\\/wp\\\/2020\\\/01\\\/17\\\/cuantos-argentinos-llegaron-a-la-meta-del-rally-dakar\\\/#primaryimage\"},\"thumbnailUrl\":\"http:\\\/\\\/www.sanjuandeportes.com\\\/wp\\\/wp-content\\\/uploads\\\/2020\\\/01\\\/DZGUU2LXV5BSPBPO3LMH67PS5Q.jpg\",\"keywords\":[\"Orly Terranova\",\"Rally Dakar\"],\"articleSection\":[\"Featured\",\"Polideportivo\"],\"inLanguage\":\"es\",\"potentialAction\":[{\"@type\":\"CommentAction\",\"name\":\"Comment\",\"target\":[\"https:\\\/\\\/www.sanjuandeportes.com\\\/wp\\\/2020\\\/01\\\/17\\\/cuantos-argentinos-llegaron-a-la-meta-del-rally-dakar\\\/#respond\"]}]},{\"@type\":\"WebPage\",\"@id\":\"https:\\\/\\\/www.sanjuandeportes.com\\\/wp\\\/2020\\\/01\\\/17\\\/cuantos-argentinos-llegaron-a-la-meta-del-rally-dakar\\\/\",\"url\":\"https:\\\/\\\/www.sanjuandeportes.com\\\/wp\\\/2020\\\/01\\\/17\\\/cuantos-argentinos-llegaron-a-la-meta-del-rally-dakar\\\/\",\"name\":\"\u00bfCu\u00e1ntos argentinos llegaron a la meta del Rally Dakar? - San Juan Deportes\",\"isPartOf\":{\"@id\":\"http:\\\/\\\/www.sanjuandeportes.com\\\/wp\\\/#website\"},\"primaryImageOfPage\":{\"@id\":\"https:\\\/\\\/www.sanjuandeportes.com\\\/wp\\\/2020\\\/01\\\/17\\\/cuantos-argentinos-llegaron-a-la-meta-del-rally-dakar\\\/#primaryimage\"},\"image\":{\"@id\":\"https:\\\/\\\/www.sanjuandeportes.com\\\/wp\\\/2020\\\/01\\\/17\\\/cuantos-argentinos-llegaron-a-la-meta-del-rally-dakar\\\/#primaryimage\"},\"thumbnailUrl\":\"http:\\\/\\\/www.sanjuandeportes.com\\\/wp\\\/wp-content\\\/uploads\\\/2020\\\/01\\\/DZGUU2LXV5BSPBPO3LMH67PS5Q.jpg\",\"datePublished\":\"2020-01-17T21:59:27+00:00\",\"breadcrumb\":{\"@id\":\"https:\\\/\\\/www.sanjuandeportes.com\\\/wp\\\/2020\\\/01\\\/17\\\/cuantos-argentinos-llegaron-a-la-meta-del-rally-dakar\\\/#breadcrumb\"},\"inLanguage\":\"es\",\"potentialAction\":[{\"@type\":\"ReadAction\",\"target\":[\"https:\\\/\\\/www.sanjuandeportes.com\\\/wp\\\/2020\\\/01\\\/17\\\/cuantos-argentinos-llegaron-a-la-meta-del-rally-dakar\\\/\"]}]},{\"@type\":\"ImageObject\",\"inLanguage\":\"es\",\"@id\":\"https:\\\/\\\/www.sanjuandeportes.com\\\/wp\\\/2020\\\/01\\\/17\\\/cuantos-argentinos-llegaron-a-la-meta-del-rally-dakar\\\/#primaryimage\",\"url\":\"http:\\\/\\\/www.sanjuandeportes.com\\\/wp\\\/wp-content\\\/uploads\\\/2020\\\/01\\\/DZGUU2LXV5BSPBPO3LMH67PS5Q.jpg\",\"contentUrl\":\"http:\\\/\\\/www.sanjuandeportes.com\\\/wp\\\/wp-content\\\/uploads\\\/2020\\\/01\\\/DZGUU2LXV5BSPBPO3LMH67PS5Q.jpg\",\"width\":720,\"height\":400},{\"@type\":\"BreadcrumbList\",\"@id\":\"https:\\\/\\\/www.sanjuandeportes.com\\\/wp\\\/2020\\\/01\\\/17\\\/cuantos-argentinos-llegaron-a-la-meta-del-rally-dakar\\\/#breadcrumb\",\"itemListElement\":[{\"@type\":\"ListItem\",\"position\":1,\"name\":\"Portada\",\"item\":\"http:\\\/\\\/www.sanjuandeportes.com\\\/wp\\\/\"},{\"@type\":\"ListItem\",\"position\":2,\"name\":\"\u00bfCu\u00e1ntos argentinos llegaron a la meta del Rally Dakar?\"}]},{\"@type\":\"WebSite\",\"@id\":\"http:\\\/\\\/www.sanjuandeportes.com\\\/wp\\\/#website\",\"url\":\"http:\\\/\\\/www.sanjuandeportes.com\\\/wp\\\/\",\"name\":\"San Juan Deportes\",\"description\":\"El sitio de deportes de la provincia de San Juan\",\"publisher\":{\"@id\":\"http:\\\/\\\/www.sanjuandeportes.com\\\/wp\\\/#organization\"},\"potentialAction\":[{\"@type\":\"SearchAction\",\"target\":{\"@type\":\"EntryPoint\",\"urlTemplate\":\"http:\\\/\\\/www.sanjuandeportes.com\\\/wp\\\/?s={search_term_string}\"},\"query-input\":{\"@type\":\"PropertyValueSpecification\",\"valueRequired\":true,\"valueName\":\"search_term_string\"}}],\"inLanguage\":\"es\"},{\"@type\":\"Organization\",\"@id\":\"http:\\\/\\\/www.sanjuandeportes.com\\\/wp\\\/#organization\",\"name\":\"San Juan Deportes\",\"url\":\"http:\\\/\\\/www.sanjuandeportes.com\\\/wp\\\/\",\"logo\":{\"@type\":\"ImageObject\",\"inLanguage\":\"es\",\"@id\":\"http:\\\/\\\/www.sanjuandeportes.com\\\/wp\\\/#\\\/schema\\\/logo\\\/image\\\/\",\"url\":\"https:\\\/\\\/www.sanjuandeportes.com\\\/wp\\\/wp-content\\\/uploads\\\/unnamed.jpg\",\"contentUrl\":\"https:\\\/\\\/www.sanjuandeportes.com\\\/wp\\\/wp-content\\\/uploads\\\/unnamed.jpg\",\"width\":900,\"height\":900,\"caption\":\"San Juan Deportes\"},\"image\":{\"@id\":\"http:\\\/\\\/www.sanjuandeportes.com\\\/wp\\\/#\\\/schema\\\/logo\\\/image\\\/\"},\"sameAs\":[\"https:\\\/\\\/www.facebook.com\\\/sanjuandeportesok\",\"https:\\\/\\\/x.com\\\/SanJuanDeportes\",\"https:\\\/\\\/www.instagram.com\\\/sanjuandeportes\"]},{\"@type\":\"Person\",\"@id\":\"http:\\\/\\\/www.sanjuandeportes.com\\\/wp\\\/#\\\/schema\\\/person\\\/eda4d8e62a5d42b111781e3cdfcb9c3a\",\"name\":\"Pablo Pujado\",\"image\":{\"@type\":\"ImageObject\",\"inLanguage\":\"es\",\"@id\":\"https:\\\/\\\/secure.gravatar.com\\\/avatar\\\/310b69d28112912c333408a462a9837208de951b1e7c11514781740412f648b1?s=96&d=mm&r=g\",\"url\":\"https:\\\/\\\/secure.gravatar.com\\\/avatar\\\/310b69d28112912c333408a462a9837208de951b1e7c11514781740412f648b1?s=96&d=mm&r=g\",\"contentUrl\":\"https:\\\/\\\/secure.gravatar.com\\\/avatar\\\/310b69d28112912c333408a462a9837208de951b1e7c11514781740412f648b1?s=96&d=mm&r=g\",\"caption\":\"Pablo Pujado\"},\"url\":\"http:\\\/\\\/www.sanjuandeportes.com\\\/wp\\\/author\\\/pablo-pujado\\\/\"}]}<\/script>\n<!-- \/ Yoast SEO plugin. -->","yoast_head_json":{"title":"\u00bfCu\u00e1ntos argentinos llegaron a la meta del Rally Dakar? - San Juan Deportes","robots":{"index":"index","follow":"follow","max-snippet":"max-snippet:-1","max-image-preview":"max-image-preview:large","max-video-preview":"max-video-preview:-1"},"canonical":"https:\/\/www.sanjuandeportes.com\/wp\/2020\/01\/17\/cuantos-argentinos-llegaron-a-la-meta-del-rally-dakar\/","og_locale":"es_ES","og_type":"article","og_title":"\u00bfCu\u00e1ntos argentinos llegaron a la meta del Rally Dakar? - San Juan Deportes","og_description":"Sin lugar a dudas esta edici\u00f3n se recordar\u00e1 por la dureza de los tramos, la exigencia extrema y los fuertes accidentes.\u00a0Es por eso que para todos llegar a la meta fue realmente ganarle al Dakar.\u00a0En total fueron veinte los argentinos que comenzaron la competencia y trece de ellos consiguieron colgarse la medalla en el podio [&hellip;]","og_url":"https:\/\/www.sanjuandeportes.com\/wp\/2020\/01\/17\/cuantos-argentinos-llegaron-a-la-meta-del-rally-dakar\/","og_site_name":"San Juan Deportes","article_publisher":"https:\/\/www.facebook.com\/sanjuandeportesok","article_published_time":"2020-01-17T21:59:27+00:00","og_image":[{"width":720,"height":400,"url":"https:\/\/www.sanjuandeportes.com\/wp\/wp-content\/uploads\/2020\/01\/DZGUU2LXV5BSPBPO3LMH67PS5Q.jpg","type":"image\/jpeg"}],"author":"Pablo Pujado","twitter_card":"summary_large_image","twitter_creator":"@SanJuanDeportes","twitter_site":"@SanJuanDeportes","twitter_misc":{"Escrito por":"Pablo Pujado","Tiempo de lectura":"1 minuto"},"schema":{"@context":"https:\/\/schema.org","@graph":[{"@type":"Article","@id":"https:\/\/www.sanjuandeportes.com\/wp\/2020\/01\/17\/cuantos-argentinos-llegaron-a-la-meta-del-rally-dakar\/#article","isPartOf":{"@id":"https:\/\/www.sanjuandeportes.com\/wp\/2020\/01\/17\/cuantos-argentinos-llegaron-a-la-meta-del-rally-dakar\/"},"author":{"name":"Pablo Pujado","@id":"http:\/\/www.sanjuandeportes.com\/wp\/#\/schema\/person\/eda4d8e62a5d42b111781e3cdfcb9c3a"},"headline":"\u00bfCu\u00e1ntos argentinos llegaron a la meta del Rally Dakar?","datePublished":"2020-01-17T21:59:27+00:00","mainEntityOfPage":{"@id":"https:\/\/www.sanjuandeportes.com\/wp\/2020\/01\/17\/cuantos-argentinos-llegaron-a-la-meta-del-rally-dakar\/"},"wordCount":235,"commentCount":0,"publisher":{"@id":"http:\/\/www.sanjuandeportes.com\/wp\/#organization"},"image":{"@id":"https:\/\/www.sanjuandeportes.com\/wp\/2020\/01\/17\/cuantos-argentinos-llegaron-a-la-meta-del-rally-dakar\/#primaryimage"},"thumbnailUrl":"http:\/\/www.sanjuandeportes.com\/wp\/wp-content\/uploads\/2020\/01\/DZGUU2LXV5BSPBPO3LMH67PS5Q.jpg","keywords":["Orly Terranova","Rally Dakar"],"articleSection":["Featured","Polideportivo"],"inLanguage":"es","potentialAction":[{"@type":"CommentAction","name":"Comment","target":["https:\/\/www.sanjuandeportes.com\/wp\/2020\/01\/17\/cuantos-argentinos-llegaron-a-la-meta-del-rally-dakar\/#respond"]}]},{"@type":"WebPage","@id":"https:\/\/www.sanjuandeportes.com\/wp\/2020\/01\/17\/cuantos-argentinos-llegaron-a-la-meta-del-rally-dakar\/","url":"https:\/\/www.sanjuandeportes.com\/wp\/2020\/01\/17\/cuantos-argentinos-llegaron-a-la-meta-del-rally-dakar\/","name":"\u00bfCu\u00e1ntos argentinos llegaron a la meta del Rally Dakar? - San Juan Deportes","isPartOf":{"@id":"http:\/\/www.sanjuandeportes.com\/wp\/#website"},"primaryImageOfPage":{"@id":"https:\/\/www.sanjuandeportes.com\/wp\/2020\/01\/17\/cuantos-argentinos-llegaron-a-la-meta-del-rally-dakar\/#primaryimage"},"image":{"@id":"https:\/\/www.sanjuandeportes.com\/wp\/2020\/01\/17\/cuantos-argentinos-llegaron-a-la-meta-del-rally-dakar\/#primaryimage"},"thumbnailUrl":"http:\/\/www.sanjuandeportes.com\/wp\/wp-content\/uploads\/2020\/01\/DZGUU2LXV5BSPBPO3LMH67PS5Q.jpg","datePublished":"2020-01-17T21:59:27+00:00","breadcrumb":{"@id":"https:\/\/www.sanjuandeportes.com\/wp\/2020\/01\/17\/cuantos-argentinos-llegaron-a-la-meta-del-rally-dakar\/#breadcrumb"},"inLanguage":"es","potentialAction":[{"@type":"ReadAction","target":["https:\/\/www.sanjuandeportes.com\/wp\/2020\/01\/17\/cuantos-argentinos-llegaron-a-la-meta-del-rally-dakar\/"]}]},{"@type":"ImageObject","inLanguage":"es","@id":"https:\/\/www.sanjuandeportes.com\/wp\/2020\/01\/17\/cuantos-argentinos-llegaron-a-la-meta-del-rally-dakar\/#primaryimage","url":"http:\/\/www.sanjuandeportes.com\/wp\/wp-content\/uploads\/2020\/01\/DZGUU2LXV5BSPBPO3LMH67PS5Q.jpg","contentUrl":"http:\/\/www.sanjuandeportes.com\/wp\/wp-content\/uploads\/2020\/01\/DZGUU2LXV5BSPBPO3LMH67PS5Q.jpg","width":720,"height":400},{"@type":"BreadcrumbList","@id":"https:\/\/www.sanjuandeportes.com\/wp\/2020\/01\/17\/cuantos-argentinos-llegaron-a-la-meta-del-rally-dakar\/#breadcrumb","itemListElement":[{"@type":"ListItem","position":1,"name":"Portada","item":"http:\/\/www.sanjuandeportes.com\/wp\/"},{"@type":"ListItem","position":2,"name":"\u00bfCu\u00e1ntos argentinos llegaron a la meta del Rally Dakar?"}]},{"@type":"WebSite","@id":"http:\/\/www.sanjuandeportes.com\/wp\/#website","url":"http:\/\/www.sanjuandeportes.com\/wp\/","name":"San Juan Deportes","description":"El sitio de deportes de la provincia de San Juan","publisher":{"@id":"http:\/\/www.sanjuandeportes.com\/wp\/#organization"},"potentialAction":[{"@type":"SearchAction","target":{"@type":"EntryPoint","urlTemplate":"http:\/\/www.sanjuandeportes.com\/wp\/?s={search_term_string}"},"query-input":{"@type":"PropertyValueSpecification","valueRequired":true,"valueName":"search_term_string"}}],"inLanguage":"es"},{"@type":"Organization","@id":"http:\/\/www.sanjuandeportes.com\/wp\/#organization","name":"San Juan Deportes","url":"http:\/\/www.sanjuandeportes.com\/wp\/","logo":{"@type":"ImageObject","inLanguage":"es","@id":"http:\/\/www.sanjuandeportes.com\/wp\/#\/schema\/logo\/image\/","url":"https:\/\/www.sanjuandeportes.com\/wp\/wp-content\/uploads\/unnamed.jpg","contentUrl":"https:\/\/www.sanjuandeportes.com\/wp\/wp-content\/uploads\/unnamed.jpg","width":900,"height":900,"caption":"San Juan Deportes"},"image":{"@id":"http:\/\/www.sanjuandeportes.com\/wp\/#\/schema\/logo\/image\/"},"sameAs":["https:\/\/www.facebook.com\/sanjuandeportesok","https:\/\/x.com\/SanJuanDeportes","https:\/\/www.instagram.com\/sanjuandeportes"]},{"@type":"Person","@id":"http:\/\/www.sanjuandeportes.com\/wp\/#\/schema\/person\/eda4d8e62a5d42b111781e3cdfcb9c3a","name":"Pablo Pujado","image":{"@type":"ImageObject","inLanguage":"es","@id":"https:\/\/secure.gravatar.com\/avatar\/310b69d28112912c333408a462a9837208de951b1e7c11514781740412f648b1?s=96&d=mm&r=g","url":"https:\/\/secure.gravatar.com\/avatar\/310b69d28112912c333408a462a9837208de951b1e7c11514781740412f648b1?s=96&d=mm&r=g","contentUrl":"https:\/\/secure.gravatar.com\/avatar\/310b69d28112912c333408a462a9837208de951b1e7c11514781740412f648b1?s=96&d=mm&r=g","caption":"Pablo Pujado"},"url":"http:\/\/www.sanjuandeportes.com\/wp\/author\/pablo-pujado\/"}]}},"_links":{"self":[{"href":"http:\/\/www.sanjuandeportes.com\/wp\/wp-json\/wp\/v2\/posts\/8771","targetHints":{"allow":["GET"]}}],"collection":[{"href":"http:\/\/www.sanjuandeportes.com\/wp\/wp-json\/wp\/v2\/posts"}],"about":[{"href":"http:\/\/www.sanjuandeportes.com\/wp\/wp-json\/wp\/v2\/types\/post"}],"author":[{"embeddable":true,"href":"http:\/\/www.sanjuandeportes.com\/wp\/wp-json\/wp\/v2\/users\/5"}],"replies":[{"embeddable":true,"href":"http:\/\/www.sanjuandeportes.com\/wp\/wp-json\/wp\/v2\/comments?post=8771"}],"version-history":[{"count":1,"href":"http:\/\/www.sanjuandeportes.com\/wp\/wp-json\/wp\/v2\/posts\/8771\/revisions"}],"predecessor-version":[{"id":8773,"href":"http:\/\/www.sanjuandeportes.com\/wp\/wp-json\/wp\/v2\/posts\/8771\/revisions\/8773"}],"wp:featuredmedia":[{"embeddable":true,"href":"http:\/\/www.sanjuandeportes.com\/wp\/wp-json\/wp\/v2\/media\/8772"}],"wp:attachment":[{"href":"http:\/\/www.sanjuandeportes.com\/wp\/wp-json\/wp\/v2\/media?parent=8771"}],"wp:term":[{"taxonomy":"category","embeddable":true,"href":"http:\/\/www.sanjuandeportes.com\/wp\/wp-json\/wp\/v2\/categories?post=8771"},{"taxonomy":"post_tag","embeddable":true,"href":"http:\/\/www.sanjuandeportes.com\/wp\/wp-json\/wp\/v2\/tags?post=8771"}],"curies":[{"name":"wp","href":"https:\/\/api.w.org\/{rel}","templated":true}]}}