{"id":8818,"date":"2020-01-22T14:32:27","date_gmt":"2020-01-22T14:32:27","guid":{"rendered":"http:\/\/www.sanjuandeportes.com\/wp\/?p=8818"},"modified":"2020-01-22T14:32:27","modified_gmt":"2020-01-22T14:32:27","slug":"la-uvt-palpita-su-debut-en-el-torneo-argentino","status":"publish","type":"post","link":"http:\/\/www.sanjuandeportes.com\/wp\/2020\/01\/22\/la-uvt-palpita-su-debut-en-el-torneo-argentino\/","title":{"rendered":"La UVT palpita su debut en el Torneo Argentino"},"content":{"rendered":"<div class=\"itemImageBlock\">El equipo masculino de la Uni\u00f3n Vecinal de Trinidad (UVT) ser\u00e1 el \u00fanico representante sanjuanino en la temporada 2020 del Torneo Argentino (ex Liga Nacional A2) del v\u00f3ley argentino. La presentaci\u00f3n de la plantilla ante el p\u00fablico se celebrar\u00e1 el pr\u00f3ximo s\u00e1bado, desde las 20 horas, en las instalaciones del club.<\/div>\n<div><\/div>\n<div class=\"itemFullText\">\n<p>El deseo del Comunitario de llegar a la m\u00e1xima categor\u00eda nacional est\u00e1 m\u00e1s firme que nunca. El elenco borravino inici\u00f3 la pretemporada hace algunas semanas y su debut en el campeonato est\u00e1 programado para el martes 28 del corriente mes, en su casa, ante Calafate AMUVOCA, a partir de las 22.<\/p>\n<p>La Zona C ser\u00e1 el lugar que ocupe la UVT en la primera rueda, junto a Villa Dora, Club Rosario y el elenco santacruce\u00f1o. En la Zona A estar\u00e1n Gimnasia de Tucum\u00e1n, Instituto Pellegrini de Tucum\u00e1n, Salta V\u00f3ley, Policial de Formosa y Regatas de Corrientes. Mientras que el B estar\u00e1 integrado por San Lorenzo de Buenos Aires, V\u00e9lez Sarsfield de Buenos Aires, Paracao de Entre R\u00edos, Once Unidos de Mar del Plata y la selecci\u00f3n de Argentina B.<\/p>\n<p><img decoding=\"async\" data-src=\"https:\/\/d2ebqhgpmn0del.cloudfront.net\/media\/k2\/items\/cache\/1787e4f00de1a85cf1d0b61ad892c383_L.jpg\" alt=\"Fotograf\u00eda de la plantilla y cuerpo t\u00e9cnico del equipo sanjuanino.\" src=\"data:image\/svg+xml;base64,PHN2ZyB3aWR0aD0iMSIgaGVpZ2h0PSIxIiB4bWxucz0iaHR0cDovL3d3dy53My5vcmcvMjAwMC9zdmciPjwvc3ZnPg==\" class=\"lazyload\" \/><\/p>\n<div class=\"itemImageBlock\"><span class=\"itemImageCaption\">Fotograf\u00eda de la plantilla y cuerpo t\u00e9cnico del equipo sanjuanino.<\/span>\u00a0<span class=\"itemImageCredits\">Prensa UVT.<\/span><\/div>\n<\/div>\n","protected":false},"excerpt":{"rendered":"<p>El equipo masculino de la Uni\u00f3n Vecinal de Trinidad (UVT) ser\u00e1 el \u00fanico representante sanjuanino en la temporada 2020 del Torneo Argentino (ex Liga Nacional A2) del v\u00f3ley argentino. La presentaci\u00f3n de la plantilla ante el p\u00fablico se celebrar\u00e1 el pr\u00f3ximo s\u00e1bado, desde las 20 horas, en las instalaciones del club. El deseo del Comunitario [&hellip;]<\/p>\n","protected":false},"author":5,"featured_media":8819,"comment_status":"open","ping_status":"open","sticky":false,"template":"","format":"standard","meta":{"footnotes":""},"categories":[2,178,34],"tags":[185,814,1088,167],"class_list":["post-8818","post","type-post","status-publish","format-standard","has-post-thumbnail","hentry","category-featured","category-san-juan","category-voley","tag-liga-a2","tag-torneo-argentino","tag-union-vecinal-de-trinidad","tag-voley"],"yoast_head":"<!-- This site is optimized with the Yoast SEO plugin v28.2 - https:\/\/yoast.com\/product\/yoast-seo-wordpress\/ -->\n<title>La UVT palpita su debut en el Torneo Argentino - San Juan Deportes<\/title>\n<meta name=\"robots\" content=\"index, follow, max-snippet:-1, max-image-preview:large, max-video-preview:-1\" \/>\n<link rel=\"canonical\" href=\"https:\/\/www.sanjuandeportes.com\/wp\/2020\/01\/22\/la-uvt-palpita-su-debut-en-el-torneo-argentino\/\" \/>\n<meta property=\"og:locale\" content=\"es_ES\" \/>\n<meta property=\"og:type\" content=\"article\" \/>\n<meta property=\"og:title\" content=\"La UVT palpita su debut en el Torneo Argentino - San Juan Deportes\" \/>\n<meta property=\"og:description\" content=\"El equipo masculino de la Uni\u00f3n Vecinal de Trinidad (UVT) ser\u00e1 el \u00fanico representante sanjuanino en la temporada 2020 del Torneo Argentino (ex Liga Nacional A2) del v\u00f3ley argentino. La presentaci\u00f3n de la plantilla ante el p\u00fablico se celebrar\u00e1 el pr\u00f3ximo s\u00e1bado, desde las 20 horas, en las instalaciones del club. El deseo del Comunitario [&hellip;]\" \/>\n<meta property=\"og:url\" content=\"https:\/\/www.sanjuandeportes.com\/wp\/2020\/01\/22\/la-uvt-palpita-su-debut-en-el-torneo-argentino\/\" \/>\n<meta property=\"og:site_name\" content=\"San Juan Deportes\" \/>\n<meta property=\"article:publisher\" content=\"https:\/\/www.facebook.com\/sanjuandeportesok\" \/>\n<meta property=\"article:published_time\" content=\"2020-01-22T14:32:27+00:00\" \/>\n<meta property=\"og:image\" content=\"https:\/\/www.sanjuandeportes.com\/wp\/wp-content\/uploads\/2020\/01\/1787e4f00de1a85cf1d0b61ad892c383_L.jpg\" \/>\n\t<meta property=\"og:image:width\" content=\"782\" \/>\n\t<meta property=\"og:image:height\" content=\"324\" \/>\n\t<meta property=\"og:image:type\" content=\"image\/jpeg\" \/>\n<meta name=\"author\" content=\"Pablo Pujado\" \/>\n<meta name=\"twitter:card\" content=\"summary_large_image\" \/>\n<meta name=\"twitter:creator\" content=\"@SanJuanDeportes\" \/>\n<meta name=\"twitter:site\" content=\"@SanJuanDeportes\" \/>\n<meta name=\"twitter:label1\" content=\"Escrito por\" \/>\n\t<meta name=\"twitter:data1\" content=\"Pablo Pujado\" \/>\n\t<meta name=\"twitter:label2\" content=\"Tiempo de lectura\" \/>\n\t<meta name=\"twitter:data2\" content=\"1 minuto\" \/>\n<script type=\"application\/ld+json\" class=\"yoast-schema-graph\">{\"@context\":\"https:\\\/\\\/schema.org\",\"@graph\":[{\"@type\":\"Article\",\"@id\":\"https:\\\/\\\/www.sanjuandeportes.com\\\/wp\\\/2020\\\/01\\\/22\\\/la-uvt-palpita-su-debut-en-el-torneo-argentino\\\/#article\",\"isPartOf\":{\"@id\":\"https:\\\/\\\/www.sanjuandeportes.com\\\/wp\\\/2020\\\/01\\\/22\\\/la-uvt-palpita-su-debut-en-el-torneo-argentino\\\/\"},\"author\":{\"name\":\"Pablo Pujado\",\"@id\":\"http:\\\/\\\/www.sanjuandeportes.com\\\/wp\\\/#\\\/schema\\\/person\\\/eda4d8e62a5d42b111781e3cdfcb9c3a\"},\"headline\":\"La UVT palpita su debut en el Torneo Argentino\",\"datePublished\":\"2020-01-22T14:32:27+00:00\",\"mainEntityOfPage\":{\"@id\":\"https:\\\/\\\/www.sanjuandeportes.com\\\/wp\\\/2020\\\/01\\\/22\\\/la-uvt-palpita-su-debut-en-el-torneo-argentino\\\/\"},\"wordCount\":216,\"commentCount\":0,\"publisher\":{\"@id\":\"http:\\\/\\\/www.sanjuandeportes.com\\\/wp\\\/#organization\"},\"image\":{\"@id\":\"https:\\\/\\\/www.sanjuandeportes.com\\\/wp\\\/2020\\\/01\\\/22\\\/la-uvt-palpita-su-debut-en-el-torneo-argentino\\\/#primaryimage\"},\"thumbnailUrl\":\"http:\\\/\\\/www.sanjuandeportes.com\\\/wp\\\/wp-content\\\/uploads\\\/2020\\\/01\\\/1787e4f00de1a85cf1d0b61ad892c383_L.jpg\",\"keywords\":[\"Liga A2\",\"Torneo Argentino\",\"Uni\u00f3n Vecinal de Trinidad\",\"V\u00f3ley\"],\"articleSection\":[\"Featured\",\"San Juan\",\"Voley\"],\"inLanguage\":\"es\",\"potentialAction\":[{\"@type\":\"CommentAction\",\"name\":\"Comment\",\"target\":[\"https:\\\/\\\/www.sanjuandeportes.com\\\/wp\\\/2020\\\/01\\\/22\\\/la-uvt-palpita-su-debut-en-el-torneo-argentino\\\/#respond\"]}]},{\"@type\":\"WebPage\",\"@id\":\"https:\\\/\\\/www.sanjuandeportes.com\\\/wp\\\/2020\\\/01\\\/22\\\/la-uvt-palpita-su-debut-en-el-torneo-argentino\\\/\",\"url\":\"https:\\\/\\\/www.sanjuandeportes.com\\\/wp\\\/2020\\\/01\\\/22\\\/la-uvt-palpita-su-debut-en-el-torneo-argentino\\\/\",\"name\":\"La UVT palpita su debut en el Torneo Argentino - San Juan Deportes\",\"isPartOf\":{\"@id\":\"http:\\\/\\\/www.sanjuandeportes.com\\\/wp\\\/#website\"},\"primaryImageOfPage\":{\"@id\":\"https:\\\/\\\/www.sanjuandeportes.com\\\/wp\\\/2020\\\/01\\\/22\\\/la-uvt-palpita-su-debut-en-el-torneo-argentino\\\/#primaryimage\"},\"image\":{\"@id\":\"https:\\\/\\\/www.sanjuandeportes.com\\\/wp\\\/2020\\\/01\\\/22\\\/la-uvt-palpita-su-debut-en-el-torneo-argentino\\\/#primaryimage\"},\"thumbnailUrl\":\"http:\\\/\\\/www.sanjuandeportes.com\\\/wp\\\/wp-content\\\/uploads\\\/2020\\\/01\\\/1787e4f00de1a85cf1d0b61ad892c383_L.jpg\",\"datePublished\":\"2020-01-22T14:32:27+00:00\",\"breadcrumb\":{\"@id\":\"https:\\\/\\\/www.sanjuandeportes.com\\\/wp\\\/2020\\\/01\\\/22\\\/la-uvt-palpita-su-debut-en-el-torneo-argentino\\\/#breadcrumb\"},\"inLanguage\":\"es\",\"potentialAction\":[{\"@type\":\"ReadAction\",\"target\":[\"https:\\\/\\\/www.sanjuandeportes.com\\\/wp\\\/2020\\\/01\\\/22\\\/la-uvt-palpita-su-debut-en-el-torneo-argentino\\\/\"]}]},{\"@type\":\"ImageObject\",\"inLanguage\":\"es\",\"@id\":\"https:\\\/\\\/www.sanjuandeportes.com\\\/wp\\\/2020\\\/01\\\/22\\\/la-uvt-palpita-su-debut-en-el-torneo-argentino\\\/#primaryimage\",\"url\":\"http:\\\/\\\/www.sanjuandeportes.com\\\/wp\\\/wp-content\\\/uploads\\\/2020\\\/01\\\/1787e4f00de1a85cf1d0b61ad892c383_L.jpg\",\"contentUrl\":\"http:\\\/\\\/www.sanjuandeportes.com\\\/wp\\\/wp-content\\\/uploads\\\/2020\\\/01\\\/1787e4f00de1a85cf1d0b61ad892c383_L.jpg\",\"width\":782,\"height\":324},{\"@type\":\"BreadcrumbList\",\"@id\":\"https:\\\/\\\/www.sanjuandeportes.com\\\/wp\\\/2020\\\/01\\\/22\\\/la-uvt-palpita-su-debut-en-el-torneo-argentino\\\/#breadcrumb\",\"itemListElement\":[{\"@type\":\"ListItem\",\"position\":1,\"name\":\"Portada\",\"item\":\"http:\\\/\\\/www.sanjuandeportes.com\\\/wp\\\/\"},{\"@type\":\"ListItem\",\"position\":2,\"name\":\"La UVT palpita su debut en el Torneo Argentino\"}]},{\"@type\":\"WebSite\",\"@id\":\"http:\\\/\\\/www.sanjuandeportes.com\\\/wp\\\/#website\",\"url\":\"http:\\\/\\\/www.sanjuandeportes.com\\\/wp\\\/\",\"name\":\"San Juan Deportes\",\"description\":\"El sitio de deportes de la provincia de San Juan\",\"publisher\":{\"@id\":\"http:\\\/\\\/www.sanjuandeportes.com\\\/wp\\\/#organization\"},\"potentialAction\":[{\"@type\":\"SearchAction\",\"target\":{\"@type\":\"EntryPoint\",\"urlTemplate\":\"http:\\\/\\\/www.sanjuandeportes.com\\\/wp\\\/?s={search_term_string}\"},\"query-input\":{\"@type\":\"PropertyValueSpecification\",\"valueRequired\":true,\"valueName\":\"search_term_string\"}}],\"inLanguage\":\"es\"},{\"@type\":\"Organization\",\"@id\":\"http:\\\/\\\/www.sanjuandeportes.com\\\/wp\\\/#organization\",\"name\":\"San Juan Deportes\",\"url\":\"http:\\\/\\\/www.sanjuandeportes.com\\\/wp\\\/\",\"logo\":{\"@type\":\"ImageObject\",\"inLanguage\":\"es\",\"@id\":\"http:\\\/\\\/www.sanjuandeportes.com\\\/wp\\\/#\\\/schema\\\/logo\\\/image\\\/\",\"url\":\"https:\\\/\\\/www.sanjuandeportes.com\\\/wp\\\/wp-content\\\/uploads\\\/unnamed.jpg\",\"contentUrl\":\"https:\\\/\\\/www.sanjuandeportes.com\\\/wp\\\/wp-content\\\/uploads\\\/unnamed.jpg\",\"width\":900,\"height\":900,\"caption\":\"San Juan Deportes\"},\"image\":{\"@id\":\"http:\\\/\\\/www.sanjuandeportes.com\\\/wp\\\/#\\\/schema\\\/logo\\\/image\\\/\"},\"sameAs\":[\"https:\\\/\\\/www.facebook.com\\\/sanjuandeportesok\",\"https:\\\/\\\/x.com\\\/SanJuanDeportes\",\"https:\\\/\\\/www.instagram.com\\\/sanjuandeportes\"]},{\"@type\":\"Person\",\"@id\":\"http:\\\/\\\/www.sanjuandeportes.com\\\/wp\\\/#\\\/schema\\\/person\\\/eda4d8e62a5d42b111781e3cdfcb9c3a\",\"name\":\"Pablo Pujado\",\"image\":{\"@type\":\"ImageObject\",\"inLanguage\":\"es\",\"@id\":\"https:\\\/\\\/secure.gravatar.com\\\/avatar\\\/310b69d28112912c333408a462a9837208de951b1e7c11514781740412f648b1?s=96&d=mm&r=g\",\"url\":\"https:\\\/\\\/secure.gravatar.com\\\/avatar\\\/310b69d28112912c333408a462a9837208de951b1e7c11514781740412f648b1?s=96&d=mm&r=g\",\"contentUrl\":\"https:\\\/\\\/secure.gravatar.com\\\/avatar\\\/310b69d28112912c333408a462a9837208de951b1e7c11514781740412f648b1?s=96&d=mm&r=g\",\"caption\":\"Pablo Pujado\"},\"url\":\"http:\\\/\\\/www.sanjuandeportes.com\\\/wp\\\/author\\\/pablo-pujado\\\/\"}]}<\/script>\n<!-- \/ Yoast SEO plugin. -->","yoast_head_json":{"title":"La UVT palpita su debut en el Torneo Argentino - San Juan Deportes","robots":{"index":"index","follow":"follow","max-snippet":"max-snippet:-1","max-image-preview":"max-image-preview:large","max-video-preview":"max-video-preview:-1"},"canonical":"https:\/\/www.sanjuandeportes.com\/wp\/2020\/01\/22\/la-uvt-palpita-su-debut-en-el-torneo-argentino\/","og_locale":"es_ES","og_type":"article","og_title":"La UVT palpita su debut en el Torneo Argentino - San Juan Deportes","og_description":"El equipo masculino de la Uni\u00f3n Vecinal de Trinidad (UVT) ser\u00e1 el \u00fanico representante sanjuanino en la temporada 2020 del Torneo Argentino (ex Liga Nacional A2) del v\u00f3ley argentino. La presentaci\u00f3n de la plantilla ante el p\u00fablico se celebrar\u00e1 el pr\u00f3ximo s\u00e1bado, desde las 20 horas, en las instalaciones del club. El deseo del Comunitario [&hellip;]","og_url":"https:\/\/www.sanjuandeportes.com\/wp\/2020\/01\/22\/la-uvt-palpita-su-debut-en-el-torneo-argentino\/","og_site_name":"San Juan Deportes","article_publisher":"https:\/\/www.facebook.com\/sanjuandeportesok","article_published_time":"2020-01-22T14:32:27+00:00","og_image":[{"width":782,"height":324,"url":"https:\/\/www.sanjuandeportes.com\/wp\/wp-content\/uploads\/2020\/01\/1787e4f00de1a85cf1d0b61ad892c383_L.jpg","type":"image\/jpeg"}],"author":"Pablo Pujado","twitter_card":"summary_large_image","twitter_creator":"@SanJuanDeportes","twitter_site":"@SanJuanDeportes","twitter_misc":{"Escrito por":"Pablo Pujado","Tiempo de lectura":"1 minuto"},"schema":{"@context":"https:\/\/schema.org","@graph":[{"@type":"Article","@id":"https:\/\/www.sanjuandeportes.com\/wp\/2020\/01\/22\/la-uvt-palpita-su-debut-en-el-torneo-argentino\/#article","isPartOf":{"@id":"https:\/\/www.sanjuandeportes.com\/wp\/2020\/01\/22\/la-uvt-palpita-su-debut-en-el-torneo-argentino\/"},"author":{"name":"Pablo Pujado","@id":"http:\/\/www.sanjuandeportes.com\/wp\/#\/schema\/person\/eda4d8e62a5d42b111781e3cdfcb9c3a"},"headline":"La UVT palpita su debut en el Torneo Argentino","datePublished":"2020-01-22T14:32:27+00:00","mainEntityOfPage":{"@id":"https:\/\/www.sanjuandeportes.com\/wp\/2020\/01\/22\/la-uvt-palpita-su-debut-en-el-torneo-argentino\/"},"wordCount":216,"commentCount":0,"publisher":{"@id":"http:\/\/www.sanjuandeportes.com\/wp\/#organization"},"image":{"@id":"https:\/\/www.sanjuandeportes.com\/wp\/2020\/01\/22\/la-uvt-palpita-su-debut-en-el-torneo-argentino\/#primaryimage"},"thumbnailUrl":"http:\/\/www.sanjuandeportes.com\/wp\/wp-content\/uploads\/2020\/01\/1787e4f00de1a85cf1d0b61ad892c383_L.jpg","keywords":["Liga A2","Torneo Argentino","Uni\u00f3n Vecinal de Trinidad","V\u00f3ley"],"articleSection":["Featured","San Juan","Voley"],"inLanguage":"es","potentialAction":[{"@type":"CommentAction","name":"Comment","target":["https:\/\/www.sanjuandeportes.com\/wp\/2020\/01\/22\/la-uvt-palpita-su-debut-en-el-torneo-argentino\/#respond"]}]},{"@type":"WebPage","@id":"https:\/\/www.sanjuandeportes.com\/wp\/2020\/01\/22\/la-uvt-palpita-su-debut-en-el-torneo-argentino\/","url":"https:\/\/www.sanjuandeportes.com\/wp\/2020\/01\/22\/la-uvt-palpita-su-debut-en-el-torneo-argentino\/","name":"La UVT palpita su debut en el Torneo Argentino - San Juan Deportes","isPartOf":{"@id":"http:\/\/www.sanjuandeportes.com\/wp\/#website"},"primaryImageOfPage":{"@id":"https:\/\/www.sanjuandeportes.com\/wp\/2020\/01\/22\/la-uvt-palpita-su-debut-en-el-torneo-argentino\/#primaryimage"},"image":{"@id":"https:\/\/www.sanjuandeportes.com\/wp\/2020\/01\/22\/la-uvt-palpita-su-debut-en-el-torneo-argentino\/#primaryimage"},"thumbnailUrl":"http:\/\/www.sanjuandeportes.com\/wp\/wp-content\/uploads\/2020\/01\/1787e4f00de1a85cf1d0b61ad892c383_L.jpg","datePublished":"2020-01-22T14:32:27+00:00","breadcrumb":{"@id":"https:\/\/www.sanjuandeportes.com\/wp\/2020\/01\/22\/la-uvt-palpita-su-debut-en-el-torneo-argentino\/#breadcrumb"},"inLanguage":"es","potentialAction":[{"@type":"ReadAction","target":["https:\/\/www.sanjuandeportes.com\/wp\/2020\/01\/22\/la-uvt-palpita-su-debut-en-el-torneo-argentino\/"]}]},{"@type":"ImageObject","inLanguage":"es","@id":"https:\/\/www.sanjuandeportes.com\/wp\/2020\/01\/22\/la-uvt-palpita-su-debut-en-el-torneo-argentino\/#primaryimage","url":"http:\/\/www.sanjuandeportes.com\/wp\/wp-content\/uploads\/2020\/01\/1787e4f00de1a85cf1d0b61ad892c383_L.jpg","contentUrl":"http:\/\/www.sanjuandeportes.com\/wp\/wp-content\/uploads\/2020\/01\/1787e4f00de1a85cf1d0b61ad892c383_L.jpg","width":782,"height":324},{"@type":"BreadcrumbList","@id":"https:\/\/www.sanjuandeportes.com\/wp\/2020\/01\/22\/la-uvt-palpita-su-debut-en-el-torneo-argentino\/#breadcrumb","itemListElement":[{"@type":"ListItem","position":1,"name":"Portada","item":"http:\/\/www.sanjuandeportes.com\/wp\/"},{"@type":"ListItem","position":2,"name":"La UVT palpita su debut en el Torneo Argentino"}]},{"@type":"WebSite","@id":"http:\/\/www.sanjuandeportes.com\/wp\/#website","url":"http:\/\/www.sanjuandeportes.com\/wp\/","name":"San Juan Deportes","description":"El sitio de deportes de la provincia de San Juan","publisher":{"@id":"http:\/\/www.sanjuandeportes.com\/wp\/#organization"},"potentialAction":[{"@type":"SearchAction","target":{"@type":"EntryPoint","urlTemplate":"http:\/\/www.sanjuandeportes.com\/wp\/?s={search_term_string}"},"query-input":{"@type":"PropertyValueSpecification","valueRequired":true,"valueName":"search_term_string"}}],"inLanguage":"es"},{"@type":"Organization","@id":"http:\/\/www.sanjuandeportes.com\/wp\/#organization","name":"San Juan Deportes","url":"http:\/\/www.sanjuandeportes.com\/wp\/","logo":{"@type":"ImageObject","inLanguage":"es","@id":"http:\/\/www.sanjuandeportes.com\/wp\/#\/schema\/logo\/image\/","url":"https:\/\/www.sanjuandeportes.com\/wp\/wp-content\/uploads\/unnamed.jpg","contentUrl":"https:\/\/www.sanjuandeportes.com\/wp\/wp-content\/uploads\/unnamed.jpg","width":900,"height":900,"caption":"San Juan Deportes"},"image":{"@id":"http:\/\/www.sanjuandeportes.com\/wp\/#\/schema\/logo\/image\/"},"sameAs":["https:\/\/www.facebook.com\/sanjuandeportesok","https:\/\/x.com\/SanJuanDeportes","https:\/\/www.instagram.com\/sanjuandeportes"]},{"@type":"Person","@id":"http:\/\/www.sanjuandeportes.com\/wp\/#\/schema\/person\/eda4d8e62a5d42b111781e3cdfcb9c3a","name":"Pablo Pujado","image":{"@type":"ImageObject","inLanguage":"es","@id":"https:\/\/secure.gravatar.com\/avatar\/310b69d28112912c333408a462a9837208de951b1e7c11514781740412f648b1?s=96&d=mm&r=g","url":"https:\/\/secure.gravatar.com\/avatar\/310b69d28112912c333408a462a9837208de951b1e7c11514781740412f648b1?s=96&d=mm&r=g","contentUrl":"https:\/\/secure.gravatar.com\/avatar\/310b69d28112912c333408a462a9837208de951b1e7c11514781740412f648b1?s=96&d=mm&r=g","caption":"Pablo Pujado"},"url":"http:\/\/www.sanjuandeportes.com\/wp\/author\/pablo-pujado\/"}]}},"_links":{"self":[{"href":"http:\/\/www.sanjuandeportes.com\/wp\/wp-json\/wp\/v2\/posts\/8818","targetHints":{"allow":["GET"]}}],"collection":[{"href":"http:\/\/www.sanjuandeportes.com\/wp\/wp-json\/wp\/v2\/posts"}],"about":[{"href":"http:\/\/www.sanjuandeportes.com\/wp\/wp-json\/wp\/v2\/types\/post"}],"author":[{"embeddable":true,"href":"http:\/\/www.sanjuandeportes.com\/wp\/wp-json\/wp\/v2\/users\/5"}],"replies":[{"embeddable":true,"href":"http:\/\/www.sanjuandeportes.com\/wp\/wp-json\/wp\/v2\/comments?post=8818"}],"version-history":[{"count":1,"href":"http:\/\/www.sanjuandeportes.com\/wp\/wp-json\/wp\/v2\/posts\/8818\/revisions"}],"predecessor-version":[{"id":8820,"href":"http:\/\/www.sanjuandeportes.com\/wp\/wp-json\/wp\/v2\/posts\/8818\/revisions\/8820"}],"wp:featuredmedia":[{"embeddable":true,"href":"http:\/\/www.sanjuandeportes.com\/wp\/wp-json\/wp\/v2\/media\/8819"}],"wp:attachment":[{"href":"http:\/\/www.sanjuandeportes.com\/wp\/wp-json\/wp\/v2\/media?parent=8818"}],"wp:term":[{"taxonomy":"category","embeddable":true,"href":"http:\/\/www.sanjuandeportes.com\/wp\/wp-json\/wp\/v2\/categories?post=8818"},{"taxonomy":"post_tag","embeddable":true,"href":"http:\/\/www.sanjuandeportes.com\/wp\/wp-json\/wp\/v2\/tags?post=8818"}],"curies":[{"name":"wp","href":"https:\/\/api.w.org\/{rel}","templated":true}]}}