{"id":8889,"date":"2020-01-26T16:23:15","date_gmt":"2020-01-26T16:23:15","guid":{"rendered":"http:\/\/www.sanjuandeportes.com\/wp\/?p=8889"},"modified":"2020-01-26T17:50:10","modified_gmt":"2020-01-26T17:50:10","slug":"rivadavia-ullum-y-zonda-conoce-el-recorrido-de-la-primera-etapa-de-la-vsj","status":"publish","type":"post","link":"http:\/\/www.sanjuandeportes.com\/wp\/2020\/01\/26\/rivadavia-ullum-y-zonda-conoce-el-recorrido-de-la-primera-etapa-de-la-vsj\/","title":{"rendered":"Rivadavia, Ullum y Zonda: conoc\u00e9 el recorrido de la primera etapa de la VSJ"},"content":{"rendered":"<p>Te brindamos los detalles de c\u00f3mo ser\u00e1 el recorrido de la primera etapa.\u00a0Arranca y termina en el Teatro del Bicentenario, el recorrido es de 168 km.<\/p>\n<p><iframe title=\"Vuelta a San Juan 2020 - Etapa 1\" width=\"640\" height=\"360\" data-src=\"https:\/\/www.youtube.com\/embed\/_y_f01c77vs?feature=oembed\" frameborder=\"0\" allow=\"accelerometer; autoplay; clipboard-write; encrypted-media; gyroscope; picture-in-picture; web-share\" referrerpolicy=\"strict-origin-when-cross-origin\" allowfullscreen src=\"about:blank\" class=\"lazyload\" data-load-mode=\"0\"><\/iframe><\/p>\n<p><strong>Cortes previstos<\/strong><\/p>\n<p>Cabe destacar que durante la carrera habr\u00e1 algunas zonas donde el tr\u00e1nsito estar\u00e1 interrumpido. De hecho desde este s\u00e1bado,\u00a0hay cortes en calle Las Heras, entre Avenida\u00a0C\u00f3rdoba y Rivadavia; tambi\u00e9n en Avenida\u00a0Ignacio de la Roza desde Avenida\u00a0Espa\u00f1a hasta Agust\u00edn Gnecco y as\u00ed continuar\u00e1n hasta las 22 horas de este domingo.<\/p>\n","protected":false},"excerpt":{"rendered":"<p>Te brindamos los detalles de c\u00f3mo ser\u00e1 el recorrido de la primera etapa.\u00a0Arranca y termina en el Teatro del Bicentenario, el recorrido es de 168 km. Cortes previstos Cabe destacar que durante la carrera habr\u00e1 algunas zonas donde el tr\u00e1nsito estar\u00e1 interrumpido. De hecho desde este s\u00e1bado,\u00a0hay cortes en calle Las Heras, entre Avenida\u00a0C\u00f3rdoba y [&hellip;]<\/p>\n","protected":false},"author":5,"featured_media":8890,"comment_status":"open","ping_status":"open","sticky":false,"template":"","format":"standard","meta":{"footnotes":""},"categories":[23,2,178,1081],"tags":[144,1101,1100],"class_list":["post-8889","post","type-post","status-publish","format-standard","has-post-thumbnail","hentry","category-ciclismo","category-featured","category-san-juan","category-vuelta-a-san-juan-2020","tag-ciclismo","tag-primera-etapa","tag-vuelta-a-san-juan-2020"],"yoast_head":"<!-- This site is optimized with the Yoast SEO plugin v28.2 - https:\/\/yoast.com\/product\/yoast-seo-wordpress\/ -->\n<title>Rivadavia, Ullum y Zonda: conoc\u00e9 el recorrido de la primera etapa de la VSJ - San Juan Deportes<\/title>\n<meta name=\"robots\" content=\"index, follow, max-snippet:-1, max-image-preview:large, max-video-preview:-1\" \/>\n<link rel=\"canonical\" href=\"http:\/\/www.sanjuandeportes.com\/wp\/2020\/01\/26\/rivadavia-ullum-y-zonda-conoce-el-recorrido-de-la-primera-etapa-de-la-vsj\/\" \/>\n<meta property=\"og:locale\" content=\"es_ES\" \/>\n<meta property=\"og:type\" content=\"article\" \/>\n<meta property=\"og:title\" content=\"Rivadavia, Ullum y Zonda: conoc\u00e9 el recorrido de la primera etapa de la VSJ - San Juan Deportes\" \/>\n<meta property=\"og:description\" content=\"Te brindamos los detalles de c\u00f3mo ser\u00e1 el recorrido de la primera etapa.\u00a0Arranca y termina en el Teatro del Bicentenario, el recorrido es de 168 km. Cortes previstos Cabe destacar que durante la carrera habr\u00e1 algunas zonas donde el tr\u00e1nsito estar\u00e1 interrumpido. De hecho desde este s\u00e1bado,\u00a0hay cortes en calle Las Heras, entre Avenida\u00a0C\u00f3rdoba y [&hellip;]\" \/>\n<meta property=\"og:url\" content=\"http:\/\/www.sanjuandeportes.com\/wp\/2020\/01\/26\/rivadavia-ullum-y-zonda-conoce-el-recorrido-de-la-primera-etapa-de-la-vsj\/\" \/>\n<meta property=\"og:site_name\" content=\"San Juan Deportes\" \/>\n<meta property=\"article:publisher\" content=\"https:\/\/www.facebook.com\/sanjuandeportesok\" \/>\n<meta property=\"article:published_time\" content=\"2020-01-26T16:23:15+00:00\" \/>\n<meta property=\"article:modified_time\" content=\"2020-01-26T17:50:10+00:00\" \/>\n<meta property=\"og:image\" content=\"http:\/\/www.sanjuandeportes.com\/wp\/wp-content\/uploads\/2020\/01\/7996bcfc2c82154b7d2fa1fd18ee8032_L.jpg\" \/>\n\t<meta property=\"og:image:width\" content=\"782\" \/>\n\t<meta property=\"og:image:height\" content=\"521\" \/>\n\t<meta property=\"og:image:type\" content=\"image\/jpeg\" \/>\n<meta name=\"author\" content=\"Pablo Pujado\" \/>\n<meta name=\"twitter:card\" content=\"summary_large_image\" \/>\n<meta name=\"twitter:creator\" content=\"@SanJuanDeportes\" \/>\n<meta name=\"twitter:site\" content=\"@SanJuanDeportes\" \/>\n<meta name=\"twitter:label1\" content=\"Escrito por\" \/>\n\t<meta name=\"twitter:data1\" content=\"Pablo Pujado\" \/>\n\t<meta name=\"twitter:label2\" content=\"Tiempo de lectura\" \/>\n\t<meta name=\"twitter:data2\" content=\"1 minuto\" \/>\n<script type=\"application\/ld+json\" class=\"yoast-schema-graph\">{\"@context\":\"https:\\\/\\\/schema.org\",\"@graph\":[{\"@type\":\"Article\",\"@id\":\"http:\\\/\\\/www.sanjuandeportes.com\\\/wp\\\/2020\\\/01\\\/26\\\/rivadavia-ullum-y-zonda-conoce-el-recorrido-de-la-primera-etapa-de-la-vsj\\\/#article\",\"isPartOf\":{\"@id\":\"http:\\\/\\\/www.sanjuandeportes.com\\\/wp\\\/2020\\\/01\\\/26\\\/rivadavia-ullum-y-zonda-conoce-el-recorrido-de-la-primera-etapa-de-la-vsj\\\/\"},\"author\":{\"name\":\"Pablo Pujado\",\"@id\":\"http:\\\/\\\/www.sanjuandeportes.com\\\/wp\\\/#\\\/schema\\\/person\\\/eda4d8e62a5d42b111781e3cdfcb9c3a\"},\"headline\":\"Rivadavia, Ullum y Zonda: conoc\u00e9 el recorrido de la primera etapa de la VSJ\",\"datePublished\":\"2020-01-26T16:23:15+00:00\",\"dateModified\":\"2020-01-26T17:50:10+00:00\",\"mainEntityOfPage\":{\"@id\":\"http:\\\/\\\/www.sanjuandeportes.com\\\/wp\\\/2020\\\/01\\\/26\\\/rivadavia-ullum-y-zonda-conoce-el-recorrido-de-la-primera-etapa-de-la-vsj\\\/\"},\"wordCount\":116,\"commentCount\":0,\"publisher\":{\"@id\":\"http:\\\/\\\/www.sanjuandeportes.com\\\/wp\\\/#organization\"},\"image\":{\"@id\":\"http:\\\/\\\/www.sanjuandeportes.com\\\/wp\\\/2020\\\/01\\\/26\\\/rivadavia-ullum-y-zonda-conoce-el-recorrido-de-la-primera-etapa-de-la-vsj\\\/#primaryimage\"},\"thumbnailUrl\":\"http:\\\/\\\/www.sanjuandeportes.com\\\/wp\\\/wp-content\\\/uploads\\\/2020\\\/01\\\/7996bcfc2c82154b7d2fa1fd18ee8032_L.jpg\",\"keywords\":[\"Ciclismo\",\"PRIMERA ETAPA\",\"VUELTA A SAN JUAN 2020\"],\"articleSection\":[\"Ciclismo\",\"Featured\",\"San Juan\",\"VUELTA A SAN JUAN 2020\"],\"inLanguage\":\"es\",\"potentialAction\":[{\"@type\":\"CommentAction\",\"name\":\"Comment\",\"target\":[\"http:\\\/\\\/www.sanjuandeportes.com\\\/wp\\\/2020\\\/01\\\/26\\\/rivadavia-ullum-y-zonda-conoce-el-recorrido-de-la-primera-etapa-de-la-vsj\\\/#respond\"]}]},{\"@type\":\"WebPage\",\"@id\":\"http:\\\/\\\/www.sanjuandeportes.com\\\/wp\\\/2020\\\/01\\\/26\\\/rivadavia-ullum-y-zonda-conoce-el-recorrido-de-la-primera-etapa-de-la-vsj\\\/\",\"url\":\"http:\\\/\\\/www.sanjuandeportes.com\\\/wp\\\/2020\\\/01\\\/26\\\/rivadavia-ullum-y-zonda-conoce-el-recorrido-de-la-primera-etapa-de-la-vsj\\\/\",\"name\":\"Rivadavia, Ullum y Zonda: conoc\u00e9 el recorrido de la primera etapa de la VSJ - San Juan Deportes\",\"isPartOf\":{\"@id\":\"http:\\\/\\\/www.sanjuandeportes.com\\\/wp\\\/#website\"},\"primaryImageOfPage\":{\"@id\":\"http:\\\/\\\/www.sanjuandeportes.com\\\/wp\\\/2020\\\/01\\\/26\\\/rivadavia-ullum-y-zonda-conoce-el-recorrido-de-la-primera-etapa-de-la-vsj\\\/#primaryimage\"},\"image\":{\"@id\":\"http:\\\/\\\/www.sanjuandeportes.com\\\/wp\\\/2020\\\/01\\\/26\\\/rivadavia-ullum-y-zonda-conoce-el-recorrido-de-la-primera-etapa-de-la-vsj\\\/#primaryimage\"},\"thumbnailUrl\":\"http:\\\/\\\/www.sanjuandeportes.com\\\/wp\\\/wp-content\\\/uploads\\\/2020\\\/01\\\/7996bcfc2c82154b7d2fa1fd18ee8032_L.jpg\",\"datePublished\":\"2020-01-26T16:23:15+00:00\",\"dateModified\":\"2020-01-26T17:50:10+00:00\",\"breadcrumb\":{\"@id\":\"http:\\\/\\\/www.sanjuandeportes.com\\\/wp\\\/2020\\\/01\\\/26\\\/rivadavia-ullum-y-zonda-conoce-el-recorrido-de-la-primera-etapa-de-la-vsj\\\/#breadcrumb\"},\"inLanguage\":\"es\",\"potentialAction\":[{\"@type\":\"ReadAction\",\"target\":[\"http:\\\/\\\/www.sanjuandeportes.com\\\/wp\\\/2020\\\/01\\\/26\\\/rivadavia-ullum-y-zonda-conoce-el-recorrido-de-la-primera-etapa-de-la-vsj\\\/\"]}]},{\"@type\":\"ImageObject\",\"inLanguage\":\"es\",\"@id\":\"http:\\\/\\\/www.sanjuandeportes.com\\\/wp\\\/2020\\\/01\\\/26\\\/rivadavia-ullum-y-zonda-conoce-el-recorrido-de-la-primera-etapa-de-la-vsj\\\/#primaryimage\",\"url\":\"http:\\\/\\\/www.sanjuandeportes.com\\\/wp\\\/wp-content\\\/uploads\\\/2020\\\/01\\\/7996bcfc2c82154b7d2fa1fd18ee8032_L.jpg\",\"contentUrl\":\"http:\\\/\\\/www.sanjuandeportes.com\\\/wp\\\/wp-content\\\/uploads\\\/2020\\\/01\\\/7996bcfc2c82154b7d2fa1fd18ee8032_L.jpg\",\"width\":782,\"height\":521},{\"@type\":\"BreadcrumbList\",\"@id\":\"http:\\\/\\\/www.sanjuandeportes.com\\\/wp\\\/2020\\\/01\\\/26\\\/rivadavia-ullum-y-zonda-conoce-el-recorrido-de-la-primera-etapa-de-la-vsj\\\/#breadcrumb\",\"itemListElement\":[{\"@type\":\"ListItem\",\"position\":1,\"name\":\"Portada\",\"item\":\"http:\\\/\\\/www.sanjuandeportes.com\\\/wp\\\/\"},{\"@type\":\"ListItem\",\"position\":2,\"name\":\"Rivadavia, Ullum y Zonda: conoc\u00e9 el recorrido de la primera etapa de la VSJ\"}]},{\"@type\":\"WebSite\",\"@id\":\"http:\\\/\\\/www.sanjuandeportes.com\\\/wp\\\/#website\",\"url\":\"http:\\\/\\\/www.sanjuandeportes.com\\\/wp\\\/\",\"name\":\"San Juan Deportes\",\"description\":\"El sitio de deportes de la provincia de San Juan\",\"publisher\":{\"@id\":\"http:\\\/\\\/www.sanjuandeportes.com\\\/wp\\\/#organization\"},\"potentialAction\":[{\"@type\":\"SearchAction\",\"target\":{\"@type\":\"EntryPoint\",\"urlTemplate\":\"http:\\\/\\\/www.sanjuandeportes.com\\\/wp\\\/?s={search_term_string}\"},\"query-input\":{\"@type\":\"PropertyValueSpecification\",\"valueRequired\":true,\"valueName\":\"search_term_string\"}}],\"inLanguage\":\"es\"},{\"@type\":\"Organization\",\"@id\":\"http:\\\/\\\/www.sanjuandeportes.com\\\/wp\\\/#organization\",\"name\":\"San Juan Deportes\",\"url\":\"http:\\\/\\\/www.sanjuandeportes.com\\\/wp\\\/\",\"logo\":{\"@type\":\"ImageObject\",\"inLanguage\":\"es\",\"@id\":\"http:\\\/\\\/www.sanjuandeportes.com\\\/wp\\\/#\\\/schema\\\/logo\\\/image\\\/\",\"url\":\"https:\\\/\\\/www.sanjuandeportes.com\\\/wp\\\/wp-content\\\/uploads\\\/unnamed.jpg\",\"contentUrl\":\"https:\\\/\\\/www.sanjuandeportes.com\\\/wp\\\/wp-content\\\/uploads\\\/unnamed.jpg\",\"width\":900,\"height\":900,\"caption\":\"San Juan Deportes\"},\"image\":{\"@id\":\"http:\\\/\\\/www.sanjuandeportes.com\\\/wp\\\/#\\\/schema\\\/logo\\\/image\\\/\"},\"sameAs\":[\"https:\\\/\\\/www.facebook.com\\\/sanjuandeportesok\",\"https:\\\/\\\/x.com\\\/SanJuanDeportes\",\"https:\\\/\\\/www.instagram.com\\\/sanjuandeportes\"]},{\"@type\":\"Person\",\"@id\":\"http:\\\/\\\/www.sanjuandeportes.com\\\/wp\\\/#\\\/schema\\\/person\\\/eda4d8e62a5d42b111781e3cdfcb9c3a\",\"name\":\"Pablo Pujado\",\"image\":{\"@type\":\"ImageObject\",\"inLanguage\":\"es\",\"@id\":\"https:\\\/\\\/secure.gravatar.com\\\/avatar\\\/310b69d28112912c333408a462a9837208de951b1e7c11514781740412f648b1?s=96&d=mm&r=g\",\"url\":\"https:\\\/\\\/secure.gravatar.com\\\/avatar\\\/310b69d28112912c333408a462a9837208de951b1e7c11514781740412f648b1?s=96&d=mm&r=g\",\"contentUrl\":\"https:\\\/\\\/secure.gravatar.com\\\/avatar\\\/310b69d28112912c333408a462a9837208de951b1e7c11514781740412f648b1?s=96&d=mm&r=g\",\"caption\":\"Pablo Pujado\"},\"url\":\"http:\\\/\\\/www.sanjuandeportes.com\\\/wp\\\/author\\\/pablo-pujado\\\/\"}]}<\/script>\n<!-- \/ Yoast SEO plugin. -->","yoast_head_json":{"title":"Rivadavia, Ullum y Zonda: conoc\u00e9 el recorrido de la primera etapa de la VSJ - San Juan Deportes","robots":{"index":"index","follow":"follow","max-snippet":"max-snippet:-1","max-image-preview":"max-image-preview:large","max-video-preview":"max-video-preview:-1"},"canonical":"http:\/\/www.sanjuandeportes.com\/wp\/2020\/01\/26\/rivadavia-ullum-y-zonda-conoce-el-recorrido-de-la-primera-etapa-de-la-vsj\/","og_locale":"es_ES","og_type":"article","og_title":"Rivadavia, Ullum y Zonda: conoc\u00e9 el recorrido de la primera etapa de la VSJ - San Juan Deportes","og_description":"Te brindamos los detalles de c\u00f3mo ser\u00e1 el recorrido de la primera etapa.\u00a0Arranca y termina en el Teatro del Bicentenario, el recorrido es de 168 km. Cortes previstos Cabe destacar que durante la carrera habr\u00e1 algunas zonas donde el tr\u00e1nsito estar\u00e1 interrumpido. De hecho desde este s\u00e1bado,\u00a0hay cortes en calle Las Heras, entre Avenida\u00a0C\u00f3rdoba y [&hellip;]","og_url":"http:\/\/www.sanjuandeportes.com\/wp\/2020\/01\/26\/rivadavia-ullum-y-zonda-conoce-el-recorrido-de-la-primera-etapa-de-la-vsj\/","og_site_name":"San Juan Deportes","article_publisher":"https:\/\/www.facebook.com\/sanjuandeportesok","article_published_time":"2020-01-26T16:23:15+00:00","article_modified_time":"2020-01-26T17:50:10+00:00","og_image":[{"width":782,"height":521,"url":"http:\/\/www.sanjuandeportes.com\/wp\/wp-content\/uploads\/2020\/01\/7996bcfc2c82154b7d2fa1fd18ee8032_L.jpg","type":"image\/jpeg"}],"author":"Pablo Pujado","twitter_card":"summary_large_image","twitter_creator":"@SanJuanDeportes","twitter_site":"@SanJuanDeportes","twitter_misc":{"Escrito por":"Pablo Pujado","Tiempo de lectura":"1 minuto"},"schema":{"@context":"https:\/\/schema.org","@graph":[{"@type":"Article","@id":"http:\/\/www.sanjuandeportes.com\/wp\/2020\/01\/26\/rivadavia-ullum-y-zonda-conoce-el-recorrido-de-la-primera-etapa-de-la-vsj\/#article","isPartOf":{"@id":"http:\/\/www.sanjuandeportes.com\/wp\/2020\/01\/26\/rivadavia-ullum-y-zonda-conoce-el-recorrido-de-la-primera-etapa-de-la-vsj\/"},"author":{"name":"Pablo Pujado","@id":"http:\/\/www.sanjuandeportes.com\/wp\/#\/schema\/person\/eda4d8e62a5d42b111781e3cdfcb9c3a"},"headline":"Rivadavia, Ullum y Zonda: conoc\u00e9 el recorrido de la primera etapa de la VSJ","datePublished":"2020-01-26T16:23:15+00:00","dateModified":"2020-01-26T17:50:10+00:00","mainEntityOfPage":{"@id":"http:\/\/www.sanjuandeportes.com\/wp\/2020\/01\/26\/rivadavia-ullum-y-zonda-conoce-el-recorrido-de-la-primera-etapa-de-la-vsj\/"},"wordCount":116,"commentCount":0,"publisher":{"@id":"http:\/\/www.sanjuandeportes.com\/wp\/#organization"},"image":{"@id":"http:\/\/www.sanjuandeportes.com\/wp\/2020\/01\/26\/rivadavia-ullum-y-zonda-conoce-el-recorrido-de-la-primera-etapa-de-la-vsj\/#primaryimage"},"thumbnailUrl":"http:\/\/www.sanjuandeportes.com\/wp\/wp-content\/uploads\/2020\/01\/7996bcfc2c82154b7d2fa1fd18ee8032_L.jpg","keywords":["Ciclismo","PRIMERA ETAPA","VUELTA A SAN JUAN 2020"],"articleSection":["Ciclismo","Featured","San Juan","VUELTA A SAN JUAN 2020"],"inLanguage":"es","potentialAction":[{"@type":"CommentAction","name":"Comment","target":["http:\/\/www.sanjuandeportes.com\/wp\/2020\/01\/26\/rivadavia-ullum-y-zonda-conoce-el-recorrido-de-la-primera-etapa-de-la-vsj\/#respond"]}]},{"@type":"WebPage","@id":"http:\/\/www.sanjuandeportes.com\/wp\/2020\/01\/26\/rivadavia-ullum-y-zonda-conoce-el-recorrido-de-la-primera-etapa-de-la-vsj\/","url":"http:\/\/www.sanjuandeportes.com\/wp\/2020\/01\/26\/rivadavia-ullum-y-zonda-conoce-el-recorrido-de-la-primera-etapa-de-la-vsj\/","name":"Rivadavia, Ullum y Zonda: conoc\u00e9 el recorrido de la primera etapa de la VSJ - San Juan Deportes","isPartOf":{"@id":"http:\/\/www.sanjuandeportes.com\/wp\/#website"},"primaryImageOfPage":{"@id":"http:\/\/www.sanjuandeportes.com\/wp\/2020\/01\/26\/rivadavia-ullum-y-zonda-conoce-el-recorrido-de-la-primera-etapa-de-la-vsj\/#primaryimage"},"image":{"@id":"http:\/\/www.sanjuandeportes.com\/wp\/2020\/01\/26\/rivadavia-ullum-y-zonda-conoce-el-recorrido-de-la-primera-etapa-de-la-vsj\/#primaryimage"},"thumbnailUrl":"http:\/\/www.sanjuandeportes.com\/wp\/wp-content\/uploads\/2020\/01\/7996bcfc2c82154b7d2fa1fd18ee8032_L.jpg","datePublished":"2020-01-26T16:23:15+00:00","dateModified":"2020-01-26T17:50:10+00:00","breadcrumb":{"@id":"http:\/\/www.sanjuandeportes.com\/wp\/2020\/01\/26\/rivadavia-ullum-y-zonda-conoce-el-recorrido-de-la-primera-etapa-de-la-vsj\/#breadcrumb"},"inLanguage":"es","potentialAction":[{"@type":"ReadAction","target":["http:\/\/www.sanjuandeportes.com\/wp\/2020\/01\/26\/rivadavia-ullum-y-zonda-conoce-el-recorrido-de-la-primera-etapa-de-la-vsj\/"]}]},{"@type":"ImageObject","inLanguage":"es","@id":"http:\/\/www.sanjuandeportes.com\/wp\/2020\/01\/26\/rivadavia-ullum-y-zonda-conoce-el-recorrido-de-la-primera-etapa-de-la-vsj\/#primaryimage","url":"http:\/\/www.sanjuandeportes.com\/wp\/wp-content\/uploads\/2020\/01\/7996bcfc2c82154b7d2fa1fd18ee8032_L.jpg","contentUrl":"http:\/\/www.sanjuandeportes.com\/wp\/wp-content\/uploads\/2020\/01\/7996bcfc2c82154b7d2fa1fd18ee8032_L.jpg","width":782,"height":521},{"@type":"BreadcrumbList","@id":"http:\/\/www.sanjuandeportes.com\/wp\/2020\/01\/26\/rivadavia-ullum-y-zonda-conoce-el-recorrido-de-la-primera-etapa-de-la-vsj\/#breadcrumb","itemListElement":[{"@type":"ListItem","position":1,"name":"Portada","item":"http:\/\/www.sanjuandeportes.com\/wp\/"},{"@type":"ListItem","position":2,"name":"Rivadavia, Ullum y Zonda: conoc\u00e9 el recorrido de la primera etapa de la VSJ"}]},{"@type":"WebSite","@id":"http:\/\/www.sanjuandeportes.com\/wp\/#website","url":"http:\/\/www.sanjuandeportes.com\/wp\/","name":"San Juan Deportes","description":"El sitio de deportes de la provincia de San Juan","publisher":{"@id":"http:\/\/www.sanjuandeportes.com\/wp\/#organization"},"potentialAction":[{"@type":"SearchAction","target":{"@type":"EntryPoint","urlTemplate":"http:\/\/www.sanjuandeportes.com\/wp\/?s={search_term_string}"},"query-input":{"@type":"PropertyValueSpecification","valueRequired":true,"valueName":"search_term_string"}}],"inLanguage":"es"},{"@type":"Organization","@id":"http:\/\/www.sanjuandeportes.com\/wp\/#organization","name":"San Juan Deportes","url":"http:\/\/www.sanjuandeportes.com\/wp\/","logo":{"@type":"ImageObject","inLanguage":"es","@id":"http:\/\/www.sanjuandeportes.com\/wp\/#\/schema\/logo\/image\/","url":"https:\/\/www.sanjuandeportes.com\/wp\/wp-content\/uploads\/unnamed.jpg","contentUrl":"https:\/\/www.sanjuandeportes.com\/wp\/wp-content\/uploads\/unnamed.jpg","width":900,"height":900,"caption":"San Juan Deportes"},"image":{"@id":"http:\/\/www.sanjuandeportes.com\/wp\/#\/schema\/logo\/image\/"},"sameAs":["https:\/\/www.facebook.com\/sanjuandeportesok","https:\/\/x.com\/SanJuanDeportes","https:\/\/www.instagram.com\/sanjuandeportes"]},{"@type":"Person","@id":"http:\/\/www.sanjuandeportes.com\/wp\/#\/schema\/person\/eda4d8e62a5d42b111781e3cdfcb9c3a","name":"Pablo Pujado","image":{"@type":"ImageObject","inLanguage":"es","@id":"https:\/\/secure.gravatar.com\/avatar\/310b69d28112912c333408a462a9837208de951b1e7c11514781740412f648b1?s=96&d=mm&r=g","url":"https:\/\/secure.gravatar.com\/avatar\/310b69d28112912c333408a462a9837208de951b1e7c11514781740412f648b1?s=96&d=mm&r=g","contentUrl":"https:\/\/secure.gravatar.com\/avatar\/310b69d28112912c333408a462a9837208de951b1e7c11514781740412f648b1?s=96&d=mm&r=g","caption":"Pablo Pujado"},"url":"http:\/\/www.sanjuandeportes.com\/wp\/author\/pablo-pujado\/"}]}},"_links":{"self":[{"href":"http:\/\/www.sanjuandeportes.com\/wp\/wp-json\/wp\/v2\/posts\/8889","targetHints":{"allow":["GET"]}}],"collection":[{"href":"http:\/\/www.sanjuandeportes.com\/wp\/wp-json\/wp\/v2\/posts"}],"about":[{"href":"http:\/\/www.sanjuandeportes.com\/wp\/wp-json\/wp\/v2\/types\/post"}],"author":[{"embeddable":true,"href":"http:\/\/www.sanjuandeportes.com\/wp\/wp-json\/wp\/v2\/users\/5"}],"replies":[{"embeddable":true,"href":"http:\/\/www.sanjuandeportes.com\/wp\/wp-json\/wp\/v2\/comments?post=8889"}],"version-history":[{"count":5,"href":"http:\/\/www.sanjuandeportes.com\/wp\/wp-json\/wp\/v2\/posts\/8889\/revisions"}],"predecessor-version":[{"id":8900,"href":"http:\/\/www.sanjuandeportes.com\/wp\/wp-json\/wp\/v2\/posts\/8889\/revisions\/8900"}],"wp:featuredmedia":[{"embeddable":true,"href":"http:\/\/www.sanjuandeportes.com\/wp\/wp-json\/wp\/v2\/media\/8890"}],"wp:attachment":[{"href":"http:\/\/www.sanjuandeportes.com\/wp\/wp-json\/wp\/v2\/media?parent=8889"}],"wp:term":[{"taxonomy":"category","embeddable":true,"href":"http:\/\/www.sanjuandeportes.com\/wp\/wp-json\/wp\/v2\/categories?post=8889"},{"taxonomy":"post_tag","embeddable":true,"href":"http:\/\/www.sanjuandeportes.com\/wp\/wp-json\/wp\/v2\/tags?post=8889"}],"curies":[{"name":"wp","href":"https:\/\/api.w.org\/{rel}","templated":true}]}}