{"id":8978,"date":"2020-01-29T22:54:35","date_gmt":"2020-01-29T22:54:35","guid":{"rendered":"http:\/\/www.sanjuandeportes.com\/wp\/?p=8978"},"modified":"2020-01-29T22:58:04","modified_gmt":"2020-01-29T22:58:04","slug":"gaviria-lo-hizo-de-nuevo-gano-la-etapa-mas-larga-de-la-vuelta-a-san-juan","status":"publish","type":"post","link":"http:\/\/www.sanjuandeportes.com\/wp\/2020\/01\/29\/gaviria-lo-hizo-de-nuevo-gano-la-etapa-mas-larga-de-la-vuelta-a-san-juan\/","title":{"rendered":"Gaviria lo hizo de nuevo: gan\u00f3 la etapa m\u00e1s larga de la Vuelta a San Juan"},"content":{"rendered":"<p>Fernando Gaviria del UEA Team Emirates, se impuso hoy en la cuarta etapa de la 38va. edici\u00f3n de la Vuelta Cicl\u00edstica a San Juan, que uni\u00f3 las localidades de J\u00e1chal con Valle F\u00e9rtil y que mostr\u00f3 alternativas cambiantes, con varios abandonos y complicaciones por la lluvia.<\/p>\n<p>El ciclista colombiano, emple\u00f3 4 horas 8 minutos 3 segundos para la distancia de 189,8 kil\u00f3metros. Aunque el final era llano e, incluso, en ligero descenso, esta etapa supuso el primer contacto con la monta\u00f1a, puesto que en un corto espacio se subieron tres puertos, uno de tercera y dos de primera.<\/p>\n<p>El podio lo complet\u00f3 el franc\u00e9s Rudy Barbier y el colombiano Alvaro Hodeg. Con este resultado el belga Remco Evenepoel, qui\u00e9n gan\u00f3 ayer la crono, sigue como l\u00edder de la clasificaci\u00f3n general.<\/p>\n<p>Ma\u00f1ana ser\u00e1 d\u00eda de descanso y la competencia se reanudar\u00e1 el viernes, con la siempre compleja subida a El Colorado.<\/p>\n<p><img decoding=\"async\" class=\"alignnone size-full wp-image-8979 lazyload\" data-src=\"http:\/\/www.sanjuandeportes.com\/wp\/wp-content\/uploads\/2020\/01\/podiop.jpg\" alt=\"\" width=\"467\" height=\"301\" data-srcset=\"http:\/\/www.sanjuandeportes.com\/wp\/wp-content\/uploads\/2020\/01\/podiop.jpg 467w, http:\/\/www.sanjuandeportes.com\/wp\/wp-content\/uploads\/2020\/01\/podiop-300x193.jpg 300w\" data-sizes=\"(max-width: 467px) 100vw, 467px\" src=\"data:image\/svg+xml;base64,PHN2ZyB3aWR0aD0iMSIgaGVpZ2h0PSIxIiB4bWxucz0iaHR0cDovL3d3dy53My5vcmcvMjAwMC9zdmciPjwvc3ZnPg==\" style=\"--smush-placeholder-width: 467px; --smush-placeholder-aspect-ratio: 467\/301;\" \/><\/p>\n<p><img decoding=\"async\" class=\"alignnone size-large wp-image-8980 lazyload\" data-src=\"http:\/\/www.sanjuandeportes.com\/wp\/wp-content\/uploads\/2020\/01\/c29b599e-0412-4726-9b44-7f2c507d9691-1024x680.jpg\" alt=\"\" width=\"640\" height=\"425\" data-srcset=\"http:\/\/www.sanjuandeportes.com\/wp\/wp-content\/uploads\/2020\/01\/c29b599e-0412-4726-9b44-7f2c507d9691-1024x680.jpg 1024w, http:\/\/www.sanjuandeportes.com\/wp\/wp-content\/uploads\/2020\/01\/c29b599e-0412-4726-9b44-7f2c507d9691-300x199.jpg 300w, http:\/\/www.sanjuandeportes.com\/wp\/wp-content\/uploads\/2020\/01\/c29b599e-0412-4726-9b44-7f2c507d9691-768x510.jpg 768w, http:\/\/www.sanjuandeportes.com\/wp\/wp-content\/uploads\/2020\/01\/c29b599e-0412-4726-9b44-7f2c507d9691-696x462.jpg 696w, http:\/\/www.sanjuandeportes.com\/wp\/wp-content\/uploads\/2020\/01\/c29b599e-0412-4726-9b44-7f2c507d9691-1068x709.jpg 1068w, http:\/\/www.sanjuandeportes.com\/wp\/wp-content\/uploads\/2020\/01\/c29b599e-0412-4726-9b44-7f2c507d9691-632x420.jpg 632w, http:\/\/www.sanjuandeportes.com\/wp\/wp-content\/uploads\/2020\/01\/c29b599e-0412-4726-9b44-7f2c507d9691.jpg 1280w\" data-sizes=\"(max-width: 640px) 100vw, 640px\" src=\"data:image\/svg+xml;base64,PHN2ZyB3aWR0aD0iMSIgaGVpZ2h0PSIxIiB4bWxucz0iaHR0cDovL3d3dy53My5vcmcvMjAwMC9zdmciPjwvc3ZnPg==\" style=\"--smush-placeholder-width: 640px; --smush-placeholder-aspect-ratio: 640\/425;\" \/><\/p>\n","protected":false},"excerpt":{"rendered":"<p>Fernando Gaviria del UEA Team Emirates, se impuso hoy en la cuarta etapa de la 38va. edici\u00f3n de la Vuelta Cicl\u00edstica a San Juan, que uni\u00f3 las localidades de J\u00e1chal con Valle F\u00e9rtil y que mostr\u00f3 alternativas cambiantes, con varios abandonos y complicaciones por la lluvia. El ciclista colombiano, emple\u00f3 4 horas 8 minutos 3 [&hellip;]<\/p>\n","protected":false},"author":5,"featured_media":8980,"comment_status":"open","ping_status":"open","sticky":false,"template":"","format":"standard","meta":{"footnotes":""},"categories":[23,2,178,1081],"tags":[144,165,91,1100],"class_list":["post-8978","post","type-post","status-publish","format-standard","has-post-thumbnail","hentry","category-ciclismo","category-featured","category-san-juan","category-vuelta-a-san-juan-2020","tag-ciclismo","tag-jachal","tag-valle-fertil","tag-vuelta-a-san-juan-2020"],"yoast_head":"<!-- This site is optimized with the Yoast SEO plugin v28.2 - https:\/\/yoast.com\/product\/yoast-seo-wordpress\/ -->\n<title>Gaviria lo hizo de nuevo: gan\u00f3 la etapa m\u00e1s larga de la Vuelta a San Juan - San Juan Deportes<\/title>\n<meta name=\"robots\" content=\"index, follow, max-snippet:-1, max-image-preview:large, max-video-preview:-1\" \/>\n<link rel=\"canonical\" href=\"http:\/\/www.sanjuandeportes.com\/wp\/2020\/01\/29\/gaviria-lo-hizo-de-nuevo-gano-la-etapa-mas-larga-de-la-vuelta-a-san-juan\/\" \/>\n<meta property=\"og:locale\" content=\"es_ES\" \/>\n<meta property=\"og:type\" content=\"article\" \/>\n<meta property=\"og:title\" content=\"Gaviria lo hizo de nuevo: gan\u00f3 la etapa m\u00e1s larga de la Vuelta a San Juan - San Juan Deportes\" \/>\n<meta property=\"og:description\" content=\"Fernando Gaviria del UEA Team Emirates, se impuso hoy en la cuarta etapa de la 38va. edici\u00f3n de la Vuelta Cicl\u00edstica a San Juan, que uni\u00f3 las localidades de J\u00e1chal con Valle F\u00e9rtil y que mostr\u00f3 alternativas cambiantes, con varios abandonos y complicaciones por la lluvia. El ciclista colombiano, emple\u00f3 4 horas 8 minutos 3 [&hellip;]\" \/>\n<meta property=\"og:url\" content=\"http:\/\/www.sanjuandeportes.com\/wp\/2020\/01\/29\/gaviria-lo-hizo-de-nuevo-gano-la-etapa-mas-larga-de-la-vuelta-a-san-juan\/\" \/>\n<meta property=\"og:site_name\" content=\"San Juan Deportes\" \/>\n<meta property=\"article:publisher\" content=\"https:\/\/www.facebook.com\/sanjuandeportesok\" \/>\n<meta property=\"article:published_time\" content=\"2020-01-29T22:54:35+00:00\" \/>\n<meta property=\"article:modified_time\" content=\"2020-01-29T22:58:04+00:00\" \/>\n<meta property=\"og:image\" content=\"http:\/\/www.sanjuandeportes.com\/wp\/wp-content\/uploads\/2020\/01\/c29b599e-0412-4726-9b44-7f2c507d9691.jpg\" \/>\n\t<meta property=\"og:image:width\" content=\"1280\" \/>\n\t<meta property=\"og:image:height\" content=\"850\" \/>\n\t<meta property=\"og:image:type\" content=\"image\/jpeg\" \/>\n<meta name=\"author\" content=\"Pablo Pujado\" \/>\n<meta name=\"twitter:card\" content=\"summary_large_image\" \/>\n<meta name=\"twitter:creator\" content=\"@SanJuanDeportes\" \/>\n<meta name=\"twitter:site\" content=\"@SanJuanDeportes\" \/>\n<meta name=\"twitter:label1\" content=\"Escrito por\" \/>\n\t<meta name=\"twitter:data1\" content=\"Pablo Pujado\" \/>\n\t<meta name=\"twitter:label2\" content=\"Tiempo de lectura\" \/>\n\t<meta name=\"twitter:data2\" content=\"1 minuto\" \/>\n<script type=\"application\/ld+json\" class=\"yoast-schema-graph\">{\"@context\":\"https:\\\/\\\/schema.org\",\"@graph\":[{\"@type\":\"Article\",\"@id\":\"http:\\\/\\\/www.sanjuandeportes.com\\\/wp\\\/2020\\\/01\\\/29\\\/gaviria-lo-hizo-de-nuevo-gano-la-etapa-mas-larga-de-la-vuelta-a-san-juan\\\/#article\",\"isPartOf\":{\"@id\":\"http:\\\/\\\/www.sanjuandeportes.com\\\/wp\\\/2020\\\/01\\\/29\\\/gaviria-lo-hizo-de-nuevo-gano-la-etapa-mas-larga-de-la-vuelta-a-san-juan\\\/\"},\"author\":{\"name\":\"Pablo Pujado\",\"@id\":\"http:\\\/\\\/www.sanjuandeportes.com\\\/wp\\\/#\\\/schema\\\/person\\\/eda4d8e62a5d42b111781e3cdfcb9c3a\"},\"headline\":\"Gaviria lo hizo de nuevo: gan\u00f3 la etapa m\u00e1s larga de la Vuelta a San Juan\",\"datePublished\":\"2020-01-29T22:54:35+00:00\",\"dateModified\":\"2020-01-29T22:58:04+00:00\",\"mainEntityOfPage\":{\"@id\":\"http:\\\/\\\/www.sanjuandeportes.com\\\/wp\\\/2020\\\/01\\\/29\\\/gaviria-lo-hizo-de-nuevo-gano-la-etapa-mas-larga-de-la-vuelta-a-san-juan\\\/\"},\"wordCount\":175,\"commentCount\":0,\"publisher\":{\"@id\":\"http:\\\/\\\/www.sanjuandeportes.com\\\/wp\\\/#organization\"},\"image\":{\"@id\":\"http:\\\/\\\/www.sanjuandeportes.com\\\/wp\\\/2020\\\/01\\\/29\\\/gaviria-lo-hizo-de-nuevo-gano-la-etapa-mas-larga-de-la-vuelta-a-san-juan\\\/#primaryimage\"},\"thumbnailUrl\":\"http:\\\/\\\/www.sanjuandeportes.com\\\/wp\\\/wp-content\\\/uploads\\\/2020\\\/01\\\/c29b599e-0412-4726-9b44-7f2c507d9691.jpg\",\"keywords\":[\"Ciclismo\",\"J\u00e1chal\",\"Valle Fertil\",\"VUELTA A SAN JUAN 2020\"],\"articleSection\":[\"Ciclismo\",\"Featured\",\"San Juan\",\"VUELTA A SAN JUAN 2020\"],\"inLanguage\":\"es\",\"potentialAction\":[{\"@type\":\"CommentAction\",\"name\":\"Comment\",\"target\":[\"http:\\\/\\\/www.sanjuandeportes.com\\\/wp\\\/2020\\\/01\\\/29\\\/gaviria-lo-hizo-de-nuevo-gano-la-etapa-mas-larga-de-la-vuelta-a-san-juan\\\/#respond\"]}]},{\"@type\":\"WebPage\",\"@id\":\"http:\\\/\\\/www.sanjuandeportes.com\\\/wp\\\/2020\\\/01\\\/29\\\/gaviria-lo-hizo-de-nuevo-gano-la-etapa-mas-larga-de-la-vuelta-a-san-juan\\\/\",\"url\":\"http:\\\/\\\/www.sanjuandeportes.com\\\/wp\\\/2020\\\/01\\\/29\\\/gaviria-lo-hizo-de-nuevo-gano-la-etapa-mas-larga-de-la-vuelta-a-san-juan\\\/\",\"name\":\"Gaviria lo hizo de nuevo: gan\u00f3 la etapa m\u00e1s larga de la Vuelta a San Juan - San Juan Deportes\",\"isPartOf\":{\"@id\":\"http:\\\/\\\/www.sanjuandeportes.com\\\/wp\\\/#website\"},\"primaryImageOfPage\":{\"@id\":\"http:\\\/\\\/www.sanjuandeportes.com\\\/wp\\\/2020\\\/01\\\/29\\\/gaviria-lo-hizo-de-nuevo-gano-la-etapa-mas-larga-de-la-vuelta-a-san-juan\\\/#primaryimage\"},\"image\":{\"@id\":\"http:\\\/\\\/www.sanjuandeportes.com\\\/wp\\\/2020\\\/01\\\/29\\\/gaviria-lo-hizo-de-nuevo-gano-la-etapa-mas-larga-de-la-vuelta-a-san-juan\\\/#primaryimage\"},\"thumbnailUrl\":\"http:\\\/\\\/www.sanjuandeportes.com\\\/wp\\\/wp-content\\\/uploads\\\/2020\\\/01\\\/c29b599e-0412-4726-9b44-7f2c507d9691.jpg\",\"datePublished\":\"2020-01-29T22:54:35+00:00\",\"dateModified\":\"2020-01-29T22:58:04+00:00\",\"breadcrumb\":{\"@id\":\"http:\\\/\\\/www.sanjuandeportes.com\\\/wp\\\/2020\\\/01\\\/29\\\/gaviria-lo-hizo-de-nuevo-gano-la-etapa-mas-larga-de-la-vuelta-a-san-juan\\\/#breadcrumb\"},\"inLanguage\":\"es\",\"potentialAction\":[{\"@type\":\"ReadAction\",\"target\":[\"http:\\\/\\\/www.sanjuandeportes.com\\\/wp\\\/2020\\\/01\\\/29\\\/gaviria-lo-hizo-de-nuevo-gano-la-etapa-mas-larga-de-la-vuelta-a-san-juan\\\/\"]}]},{\"@type\":\"ImageObject\",\"inLanguage\":\"es\",\"@id\":\"http:\\\/\\\/www.sanjuandeportes.com\\\/wp\\\/2020\\\/01\\\/29\\\/gaviria-lo-hizo-de-nuevo-gano-la-etapa-mas-larga-de-la-vuelta-a-san-juan\\\/#primaryimage\",\"url\":\"http:\\\/\\\/www.sanjuandeportes.com\\\/wp\\\/wp-content\\\/uploads\\\/2020\\\/01\\\/c29b599e-0412-4726-9b44-7f2c507d9691.jpg\",\"contentUrl\":\"http:\\\/\\\/www.sanjuandeportes.com\\\/wp\\\/wp-content\\\/uploads\\\/2020\\\/01\\\/c29b599e-0412-4726-9b44-7f2c507d9691.jpg\",\"width\":1280,\"height\":850},{\"@type\":\"BreadcrumbList\",\"@id\":\"http:\\\/\\\/www.sanjuandeportes.com\\\/wp\\\/2020\\\/01\\\/29\\\/gaviria-lo-hizo-de-nuevo-gano-la-etapa-mas-larga-de-la-vuelta-a-san-juan\\\/#breadcrumb\",\"itemListElement\":[{\"@type\":\"ListItem\",\"position\":1,\"name\":\"Portada\",\"item\":\"http:\\\/\\\/www.sanjuandeportes.com\\\/wp\\\/\"},{\"@type\":\"ListItem\",\"position\":2,\"name\":\"Gaviria lo hizo de nuevo: gan\u00f3 la etapa m\u00e1s larga de la Vuelta a San Juan\"}]},{\"@type\":\"WebSite\",\"@id\":\"http:\\\/\\\/www.sanjuandeportes.com\\\/wp\\\/#website\",\"url\":\"http:\\\/\\\/www.sanjuandeportes.com\\\/wp\\\/\",\"name\":\"San Juan Deportes\",\"description\":\"El sitio de deportes de la provincia de San Juan\",\"publisher\":{\"@id\":\"http:\\\/\\\/www.sanjuandeportes.com\\\/wp\\\/#organization\"},\"potentialAction\":[{\"@type\":\"SearchAction\",\"target\":{\"@type\":\"EntryPoint\",\"urlTemplate\":\"http:\\\/\\\/www.sanjuandeportes.com\\\/wp\\\/?s={search_term_string}\"},\"query-input\":{\"@type\":\"PropertyValueSpecification\",\"valueRequired\":true,\"valueName\":\"search_term_string\"}}],\"inLanguage\":\"es\"},{\"@type\":\"Organization\",\"@id\":\"http:\\\/\\\/www.sanjuandeportes.com\\\/wp\\\/#organization\",\"name\":\"San Juan Deportes\",\"url\":\"http:\\\/\\\/www.sanjuandeportes.com\\\/wp\\\/\",\"logo\":{\"@type\":\"ImageObject\",\"inLanguage\":\"es\",\"@id\":\"http:\\\/\\\/www.sanjuandeportes.com\\\/wp\\\/#\\\/schema\\\/logo\\\/image\\\/\",\"url\":\"https:\\\/\\\/www.sanjuandeportes.com\\\/wp\\\/wp-content\\\/uploads\\\/unnamed.jpg\",\"contentUrl\":\"https:\\\/\\\/www.sanjuandeportes.com\\\/wp\\\/wp-content\\\/uploads\\\/unnamed.jpg\",\"width\":900,\"height\":900,\"caption\":\"San Juan Deportes\"},\"image\":{\"@id\":\"http:\\\/\\\/www.sanjuandeportes.com\\\/wp\\\/#\\\/schema\\\/logo\\\/image\\\/\"},\"sameAs\":[\"https:\\\/\\\/www.facebook.com\\\/sanjuandeportesok\",\"https:\\\/\\\/x.com\\\/SanJuanDeportes\",\"https:\\\/\\\/www.instagram.com\\\/sanjuandeportes\"]},{\"@type\":\"Person\",\"@id\":\"http:\\\/\\\/www.sanjuandeportes.com\\\/wp\\\/#\\\/schema\\\/person\\\/eda4d8e62a5d42b111781e3cdfcb9c3a\",\"name\":\"Pablo Pujado\",\"image\":{\"@type\":\"ImageObject\",\"inLanguage\":\"es\",\"@id\":\"https:\\\/\\\/secure.gravatar.com\\\/avatar\\\/310b69d28112912c333408a462a9837208de951b1e7c11514781740412f648b1?s=96&d=mm&r=g\",\"url\":\"https:\\\/\\\/secure.gravatar.com\\\/avatar\\\/310b69d28112912c333408a462a9837208de951b1e7c11514781740412f648b1?s=96&d=mm&r=g\",\"contentUrl\":\"https:\\\/\\\/secure.gravatar.com\\\/avatar\\\/310b69d28112912c333408a462a9837208de951b1e7c11514781740412f648b1?s=96&d=mm&r=g\",\"caption\":\"Pablo Pujado\"},\"url\":\"http:\\\/\\\/www.sanjuandeportes.com\\\/wp\\\/author\\\/pablo-pujado\\\/\"}]}<\/script>\n<!-- \/ Yoast SEO plugin. -->","yoast_head_json":{"title":"Gaviria lo hizo de nuevo: gan\u00f3 la etapa m\u00e1s larga de la Vuelta a San Juan - San Juan Deportes","robots":{"index":"index","follow":"follow","max-snippet":"max-snippet:-1","max-image-preview":"max-image-preview:large","max-video-preview":"max-video-preview:-1"},"canonical":"http:\/\/www.sanjuandeportes.com\/wp\/2020\/01\/29\/gaviria-lo-hizo-de-nuevo-gano-la-etapa-mas-larga-de-la-vuelta-a-san-juan\/","og_locale":"es_ES","og_type":"article","og_title":"Gaviria lo hizo de nuevo: gan\u00f3 la etapa m\u00e1s larga de la Vuelta a San Juan - San Juan Deportes","og_description":"Fernando Gaviria del UEA Team Emirates, se impuso hoy en la cuarta etapa de la 38va. edici\u00f3n de la Vuelta Cicl\u00edstica a San Juan, que uni\u00f3 las localidades de J\u00e1chal con Valle F\u00e9rtil y que mostr\u00f3 alternativas cambiantes, con varios abandonos y complicaciones por la lluvia. El ciclista colombiano, emple\u00f3 4 horas 8 minutos 3 [&hellip;]","og_url":"http:\/\/www.sanjuandeportes.com\/wp\/2020\/01\/29\/gaviria-lo-hizo-de-nuevo-gano-la-etapa-mas-larga-de-la-vuelta-a-san-juan\/","og_site_name":"San Juan Deportes","article_publisher":"https:\/\/www.facebook.com\/sanjuandeportesok","article_published_time":"2020-01-29T22:54:35+00:00","article_modified_time":"2020-01-29T22:58:04+00:00","og_image":[{"width":1280,"height":850,"url":"http:\/\/www.sanjuandeportes.com\/wp\/wp-content\/uploads\/2020\/01\/c29b599e-0412-4726-9b44-7f2c507d9691.jpg","type":"image\/jpeg"}],"author":"Pablo Pujado","twitter_card":"summary_large_image","twitter_creator":"@SanJuanDeportes","twitter_site":"@SanJuanDeportes","twitter_misc":{"Escrito por":"Pablo Pujado","Tiempo de lectura":"1 minuto"},"schema":{"@context":"https:\/\/schema.org","@graph":[{"@type":"Article","@id":"http:\/\/www.sanjuandeportes.com\/wp\/2020\/01\/29\/gaviria-lo-hizo-de-nuevo-gano-la-etapa-mas-larga-de-la-vuelta-a-san-juan\/#article","isPartOf":{"@id":"http:\/\/www.sanjuandeportes.com\/wp\/2020\/01\/29\/gaviria-lo-hizo-de-nuevo-gano-la-etapa-mas-larga-de-la-vuelta-a-san-juan\/"},"author":{"name":"Pablo Pujado","@id":"http:\/\/www.sanjuandeportes.com\/wp\/#\/schema\/person\/eda4d8e62a5d42b111781e3cdfcb9c3a"},"headline":"Gaviria lo hizo de nuevo: gan\u00f3 la etapa m\u00e1s larga de la Vuelta a San Juan","datePublished":"2020-01-29T22:54:35+00:00","dateModified":"2020-01-29T22:58:04+00:00","mainEntityOfPage":{"@id":"http:\/\/www.sanjuandeportes.com\/wp\/2020\/01\/29\/gaviria-lo-hizo-de-nuevo-gano-la-etapa-mas-larga-de-la-vuelta-a-san-juan\/"},"wordCount":175,"commentCount":0,"publisher":{"@id":"http:\/\/www.sanjuandeportes.com\/wp\/#organization"},"image":{"@id":"http:\/\/www.sanjuandeportes.com\/wp\/2020\/01\/29\/gaviria-lo-hizo-de-nuevo-gano-la-etapa-mas-larga-de-la-vuelta-a-san-juan\/#primaryimage"},"thumbnailUrl":"http:\/\/www.sanjuandeportes.com\/wp\/wp-content\/uploads\/2020\/01\/c29b599e-0412-4726-9b44-7f2c507d9691.jpg","keywords":["Ciclismo","J\u00e1chal","Valle Fertil","VUELTA A SAN JUAN 2020"],"articleSection":["Ciclismo","Featured","San Juan","VUELTA A SAN JUAN 2020"],"inLanguage":"es","potentialAction":[{"@type":"CommentAction","name":"Comment","target":["http:\/\/www.sanjuandeportes.com\/wp\/2020\/01\/29\/gaviria-lo-hizo-de-nuevo-gano-la-etapa-mas-larga-de-la-vuelta-a-san-juan\/#respond"]}]},{"@type":"WebPage","@id":"http:\/\/www.sanjuandeportes.com\/wp\/2020\/01\/29\/gaviria-lo-hizo-de-nuevo-gano-la-etapa-mas-larga-de-la-vuelta-a-san-juan\/","url":"http:\/\/www.sanjuandeportes.com\/wp\/2020\/01\/29\/gaviria-lo-hizo-de-nuevo-gano-la-etapa-mas-larga-de-la-vuelta-a-san-juan\/","name":"Gaviria lo hizo de nuevo: gan\u00f3 la etapa m\u00e1s larga de la Vuelta a San Juan - San Juan Deportes","isPartOf":{"@id":"http:\/\/www.sanjuandeportes.com\/wp\/#website"},"primaryImageOfPage":{"@id":"http:\/\/www.sanjuandeportes.com\/wp\/2020\/01\/29\/gaviria-lo-hizo-de-nuevo-gano-la-etapa-mas-larga-de-la-vuelta-a-san-juan\/#primaryimage"},"image":{"@id":"http:\/\/www.sanjuandeportes.com\/wp\/2020\/01\/29\/gaviria-lo-hizo-de-nuevo-gano-la-etapa-mas-larga-de-la-vuelta-a-san-juan\/#primaryimage"},"thumbnailUrl":"http:\/\/www.sanjuandeportes.com\/wp\/wp-content\/uploads\/2020\/01\/c29b599e-0412-4726-9b44-7f2c507d9691.jpg","datePublished":"2020-01-29T22:54:35+00:00","dateModified":"2020-01-29T22:58:04+00:00","breadcrumb":{"@id":"http:\/\/www.sanjuandeportes.com\/wp\/2020\/01\/29\/gaviria-lo-hizo-de-nuevo-gano-la-etapa-mas-larga-de-la-vuelta-a-san-juan\/#breadcrumb"},"inLanguage":"es","potentialAction":[{"@type":"ReadAction","target":["http:\/\/www.sanjuandeportes.com\/wp\/2020\/01\/29\/gaviria-lo-hizo-de-nuevo-gano-la-etapa-mas-larga-de-la-vuelta-a-san-juan\/"]}]},{"@type":"ImageObject","inLanguage":"es","@id":"http:\/\/www.sanjuandeportes.com\/wp\/2020\/01\/29\/gaviria-lo-hizo-de-nuevo-gano-la-etapa-mas-larga-de-la-vuelta-a-san-juan\/#primaryimage","url":"http:\/\/www.sanjuandeportes.com\/wp\/wp-content\/uploads\/2020\/01\/c29b599e-0412-4726-9b44-7f2c507d9691.jpg","contentUrl":"http:\/\/www.sanjuandeportes.com\/wp\/wp-content\/uploads\/2020\/01\/c29b599e-0412-4726-9b44-7f2c507d9691.jpg","width":1280,"height":850},{"@type":"BreadcrumbList","@id":"http:\/\/www.sanjuandeportes.com\/wp\/2020\/01\/29\/gaviria-lo-hizo-de-nuevo-gano-la-etapa-mas-larga-de-la-vuelta-a-san-juan\/#breadcrumb","itemListElement":[{"@type":"ListItem","position":1,"name":"Portada","item":"http:\/\/www.sanjuandeportes.com\/wp\/"},{"@type":"ListItem","position":2,"name":"Gaviria lo hizo de nuevo: gan\u00f3 la etapa m\u00e1s larga de la Vuelta a San Juan"}]},{"@type":"WebSite","@id":"http:\/\/www.sanjuandeportes.com\/wp\/#website","url":"http:\/\/www.sanjuandeportes.com\/wp\/","name":"San Juan Deportes","description":"El sitio de deportes de la provincia de San Juan","publisher":{"@id":"http:\/\/www.sanjuandeportes.com\/wp\/#organization"},"potentialAction":[{"@type":"SearchAction","target":{"@type":"EntryPoint","urlTemplate":"http:\/\/www.sanjuandeportes.com\/wp\/?s={search_term_string}"},"query-input":{"@type":"PropertyValueSpecification","valueRequired":true,"valueName":"search_term_string"}}],"inLanguage":"es"},{"@type":"Organization","@id":"http:\/\/www.sanjuandeportes.com\/wp\/#organization","name":"San Juan Deportes","url":"http:\/\/www.sanjuandeportes.com\/wp\/","logo":{"@type":"ImageObject","inLanguage":"es","@id":"http:\/\/www.sanjuandeportes.com\/wp\/#\/schema\/logo\/image\/","url":"https:\/\/www.sanjuandeportes.com\/wp\/wp-content\/uploads\/unnamed.jpg","contentUrl":"https:\/\/www.sanjuandeportes.com\/wp\/wp-content\/uploads\/unnamed.jpg","width":900,"height":900,"caption":"San Juan Deportes"},"image":{"@id":"http:\/\/www.sanjuandeportes.com\/wp\/#\/schema\/logo\/image\/"},"sameAs":["https:\/\/www.facebook.com\/sanjuandeportesok","https:\/\/x.com\/SanJuanDeportes","https:\/\/www.instagram.com\/sanjuandeportes"]},{"@type":"Person","@id":"http:\/\/www.sanjuandeportes.com\/wp\/#\/schema\/person\/eda4d8e62a5d42b111781e3cdfcb9c3a","name":"Pablo Pujado","image":{"@type":"ImageObject","inLanguage":"es","@id":"https:\/\/secure.gravatar.com\/avatar\/310b69d28112912c333408a462a9837208de951b1e7c11514781740412f648b1?s=96&d=mm&r=g","url":"https:\/\/secure.gravatar.com\/avatar\/310b69d28112912c333408a462a9837208de951b1e7c11514781740412f648b1?s=96&d=mm&r=g","contentUrl":"https:\/\/secure.gravatar.com\/avatar\/310b69d28112912c333408a462a9837208de951b1e7c11514781740412f648b1?s=96&d=mm&r=g","caption":"Pablo Pujado"},"url":"http:\/\/www.sanjuandeportes.com\/wp\/author\/pablo-pujado\/"}]}},"_links":{"self":[{"href":"http:\/\/www.sanjuandeportes.com\/wp\/wp-json\/wp\/v2\/posts\/8978","targetHints":{"allow":["GET"]}}],"collection":[{"href":"http:\/\/www.sanjuandeportes.com\/wp\/wp-json\/wp\/v2\/posts"}],"about":[{"href":"http:\/\/www.sanjuandeportes.com\/wp\/wp-json\/wp\/v2\/types\/post"}],"author":[{"embeddable":true,"href":"http:\/\/www.sanjuandeportes.com\/wp\/wp-json\/wp\/v2\/users\/5"}],"replies":[{"embeddable":true,"href":"http:\/\/www.sanjuandeportes.com\/wp\/wp-json\/wp\/v2\/comments?post=8978"}],"version-history":[{"count":2,"href":"http:\/\/www.sanjuandeportes.com\/wp\/wp-json\/wp\/v2\/posts\/8978\/revisions"}],"predecessor-version":[{"id":8982,"href":"http:\/\/www.sanjuandeportes.com\/wp\/wp-json\/wp\/v2\/posts\/8978\/revisions\/8982"}],"wp:featuredmedia":[{"embeddable":true,"href":"http:\/\/www.sanjuandeportes.com\/wp\/wp-json\/wp\/v2\/media\/8980"}],"wp:attachment":[{"href":"http:\/\/www.sanjuandeportes.com\/wp\/wp-json\/wp\/v2\/media?parent=8978"}],"wp:term":[{"taxonomy":"category","embeddable":true,"href":"http:\/\/www.sanjuandeportes.com\/wp\/wp-json\/wp\/v2\/categories?post=8978"},{"taxonomy":"post_tag","embeddable":true,"href":"http:\/\/www.sanjuandeportes.com\/wp\/wp-json\/wp\/v2\/tags?post=8978"}],"curies":[{"name":"wp","href":"https:\/\/api.w.org\/{rel}","templated":true}]}}