{"id":8984,"date":"2020-01-31T00:59:10","date_gmt":"2020-01-31T00:59:10","guid":{"rendered":"http:\/\/www.sanjuandeportes.com\/wp\/?p=8984"},"modified":"2020-01-31T00:59:10","modified_gmt":"2020-01-31T00:59:10","slug":"cientos-de-ciclista-aficionados-pedalearon-al-lado-de-peter-sagan","status":"publish","type":"post","link":"http:\/\/www.sanjuandeportes.com\/wp\/2020\/01\/31\/cientos-de-ciclista-aficionados-pedalearon-al-lado-de-peter-sagan\/","title":{"rendered":"Cientos de ciclista aficionados pedalearon al lado de Peter Sagan"},"content":{"rendered":"<p>Este jueves la \u201cVuelta a San Juan\u201d tuvo su d\u00eda de descanso,\u00a0pero los aficionados del ciclismo compitieron junto a Peter Sagan de la carrera de fondo.\u00a0Con la participaci\u00f3n estelar del campe\u00f3n mundial,\u00a0los sanjuaninos cumplir\u00e1n el sue\u00f1o de transitar las rutas con la figura principal del Bora Hansgrohe.<\/p>\n<p>El tres veces campe\u00f3n del mundo fue el protagonista esta jornada.\u00a0<strong>Peter Sagan<\/strong>\u00a0es una de las mega figuras del ciclismo internacional que llegaron a la provincia para participar de la Vuelta Internacional a San Juan 2020.<\/p>\n<p>Este viernes se correr\u00e1 la quinta etapa de la Vuelta, donde m\u00e1s de\u00a0<strong>160 ciclistas,<\/strong>\u00a0repartidos en\u00a0<strong>27 equipos<\/strong>, buscan coronarse en nuestra provincia en esta edici\u00f3n que congrega a una constelaci\u00f3n de estrellas del ciclismo internacional<\/p>\n<p>&nbsp;<\/p>\n","protected":false},"excerpt":{"rendered":"<p>Este jueves la \u201cVuelta a San Juan\u201d tuvo su d\u00eda de descanso,\u00a0pero los aficionados del ciclismo compitieron junto a Peter Sagan de la carrera de fondo.\u00a0Con la participaci\u00f3n estelar del campe\u00f3n mundial,\u00a0los sanjuaninos cumplir\u00e1n el sue\u00f1o de transitar las rutas con la figura principal del Bora Hansgrohe. El tres veces campe\u00f3n del mundo fue el [&hellip;]<\/p>\n","protected":false},"author":5,"featured_media":8985,"comment_status":"open","ping_status":"open","sticky":false,"template":"","format":"standard","meta":{"footnotes":""},"categories":[23,2,178,1081],"tags":[144,1111,143,1100],"class_list":["post-8984","post","type-post","status-publish","format-standard","has-post-thumbnail","hentry","category-ciclismo","category-featured","category-san-juan","category-vuelta-a-san-juan-2020","tag-ciclismo","tag-sagan-fondo","tag-vuelta-a-san-juan","tag-vuelta-a-san-juan-2020"],"yoast_head":"<!-- This site is optimized with the Yoast SEO plugin v28.2 - https:\/\/yoast.com\/product\/yoast-seo-wordpress\/ -->\n<title>Cientos de ciclista aficionados pedalearon al lado de Peter Sagan - San Juan Deportes<\/title>\n<meta name=\"robots\" content=\"index, follow, max-snippet:-1, max-image-preview:large, max-video-preview:-1\" \/>\n<link rel=\"canonical\" href=\"https:\/\/www.sanjuandeportes.com\/wp\/2020\/01\/31\/cientos-de-ciclista-aficionados-pedalearon-al-lado-de-peter-sagan\/\" \/>\n<meta property=\"og:locale\" content=\"es_ES\" \/>\n<meta property=\"og:type\" content=\"article\" \/>\n<meta property=\"og:title\" content=\"Cientos de ciclista aficionados pedalearon al lado de Peter Sagan - San Juan Deportes\" \/>\n<meta property=\"og:description\" content=\"Este jueves la \u201cVuelta a San Juan\u201d tuvo su d\u00eda de descanso,\u00a0pero los aficionados del ciclismo compitieron junto a Peter Sagan de la carrera de fondo.\u00a0Con la participaci\u00f3n estelar del campe\u00f3n mundial,\u00a0los sanjuaninos cumplir\u00e1n el sue\u00f1o de transitar las rutas con la figura principal del Bora Hansgrohe. El tres veces campe\u00f3n del mundo fue el [&hellip;]\" \/>\n<meta property=\"og:url\" content=\"https:\/\/www.sanjuandeportes.com\/wp\/2020\/01\/31\/cientos-de-ciclista-aficionados-pedalearon-al-lado-de-peter-sagan\/\" \/>\n<meta property=\"og:site_name\" content=\"San Juan Deportes\" \/>\n<meta property=\"article:publisher\" content=\"https:\/\/www.facebook.com\/sanjuandeportesok\" \/>\n<meta property=\"article:published_time\" content=\"2020-01-31T00:59:10+00:00\" \/>\n<meta property=\"og:image\" content=\"https:\/\/www.sanjuandeportes.com\/wp\/wp-content\/uploads\/2020\/01\/186682.jpg\" \/>\n\t<meta property=\"og:image:width\" content=\"1280\" \/>\n\t<meta property=\"og:image:height\" content=\"853\" \/>\n\t<meta property=\"og:image:type\" content=\"image\/jpeg\" \/>\n<meta name=\"author\" content=\"Pablo Pujado\" \/>\n<meta name=\"twitter:card\" content=\"summary_large_image\" \/>\n<meta name=\"twitter:creator\" content=\"@SanJuanDeportes\" \/>\n<meta name=\"twitter:site\" content=\"@SanJuanDeportes\" \/>\n<meta name=\"twitter:label1\" content=\"Escrito por\" \/>\n\t<meta name=\"twitter:data1\" content=\"Pablo Pujado\" \/>\n\t<meta name=\"twitter:label2\" content=\"Tiempo de lectura\" \/>\n\t<meta name=\"twitter:data2\" content=\"1 minuto\" \/>\n<script type=\"application\/ld+json\" class=\"yoast-schema-graph\">{\"@context\":\"https:\\\/\\\/schema.org\",\"@graph\":[{\"@type\":\"Article\",\"@id\":\"https:\\\/\\\/www.sanjuandeportes.com\\\/wp\\\/2020\\\/01\\\/31\\\/cientos-de-ciclista-aficionados-pedalearon-al-lado-de-peter-sagan\\\/#article\",\"isPartOf\":{\"@id\":\"https:\\\/\\\/www.sanjuandeportes.com\\\/wp\\\/2020\\\/01\\\/31\\\/cientos-de-ciclista-aficionados-pedalearon-al-lado-de-peter-sagan\\\/\"},\"author\":{\"name\":\"Pablo Pujado\",\"@id\":\"http:\\\/\\\/www.sanjuandeportes.com\\\/wp\\\/#\\\/schema\\\/person\\\/eda4d8e62a5d42b111781e3cdfcb9c3a\"},\"headline\":\"Cientos de ciclista aficionados pedalearon al lado de Peter Sagan\",\"datePublished\":\"2020-01-31T00:59:10+00:00\",\"mainEntityOfPage\":{\"@id\":\"https:\\\/\\\/www.sanjuandeportes.com\\\/wp\\\/2020\\\/01\\\/31\\\/cientos-de-ciclista-aficionados-pedalearon-al-lado-de-peter-sagan\\\/\"},\"wordCount\":141,\"commentCount\":0,\"publisher\":{\"@id\":\"http:\\\/\\\/www.sanjuandeportes.com\\\/wp\\\/#organization\"},\"image\":{\"@id\":\"https:\\\/\\\/www.sanjuandeportes.com\\\/wp\\\/2020\\\/01\\\/31\\\/cientos-de-ciclista-aficionados-pedalearon-al-lado-de-peter-sagan\\\/#primaryimage\"},\"thumbnailUrl\":\"http:\\\/\\\/www.sanjuandeportes.com\\\/wp\\\/wp-content\\\/uploads\\\/2020\\\/01\\\/186682.jpg\",\"keywords\":[\"Ciclismo\",\"Sagan Fondo\",\"Vuelta a San Juan\",\"VUELTA A SAN JUAN 2020\"],\"articleSection\":[\"Ciclismo\",\"Featured\",\"San Juan\",\"VUELTA A SAN JUAN 2020\"],\"inLanguage\":\"es\",\"potentialAction\":[{\"@type\":\"CommentAction\",\"name\":\"Comment\",\"target\":[\"https:\\\/\\\/www.sanjuandeportes.com\\\/wp\\\/2020\\\/01\\\/31\\\/cientos-de-ciclista-aficionados-pedalearon-al-lado-de-peter-sagan\\\/#respond\"]}]},{\"@type\":\"WebPage\",\"@id\":\"https:\\\/\\\/www.sanjuandeportes.com\\\/wp\\\/2020\\\/01\\\/31\\\/cientos-de-ciclista-aficionados-pedalearon-al-lado-de-peter-sagan\\\/\",\"url\":\"https:\\\/\\\/www.sanjuandeportes.com\\\/wp\\\/2020\\\/01\\\/31\\\/cientos-de-ciclista-aficionados-pedalearon-al-lado-de-peter-sagan\\\/\",\"name\":\"Cientos de ciclista aficionados pedalearon al lado de Peter Sagan - San Juan Deportes\",\"isPartOf\":{\"@id\":\"http:\\\/\\\/www.sanjuandeportes.com\\\/wp\\\/#website\"},\"primaryImageOfPage\":{\"@id\":\"https:\\\/\\\/www.sanjuandeportes.com\\\/wp\\\/2020\\\/01\\\/31\\\/cientos-de-ciclista-aficionados-pedalearon-al-lado-de-peter-sagan\\\/#primaryimage\"},\"image\":{\"@id\":\"https:\\\/\\\/www.sanjuandeportes.com\\\/wp\\\/2020\\\/01\\\/31\\\/cientos-de-ciclista-aficionados-pedalearon-al-lado-de-peter-sagan\\\/#primaryimage\"},\"thumbnailUrl\":\"http:\\\/\\\/www.sanjuandeportes.com\\\/wp\\\/wp-content\\\/uploads\\\/2020\\\/01\\\/186682.jpg\",\"datePublished\":\"2020-01-31T00:59:10+00:00\",\"breadcrumb\":{\"@id\":\"https:\\\/\\\/www.sanjuandeportes.com\\\/wp\\\/2020\\\/01\\\/31\\\/cientos-de-ciclista-aficionados-pedalearon-al-lado-de-peter-sagan\\\/#breadcrumb\"},\"inLanguage\":\"es\",\"potentialAction\":[{\"@type\":\"ReadAction\",\"target\":[\"https:\\\/\\\/www.sanjuandeportes.com\\\/wp\\\/2020\\\/01\\\/31\\\/cientos-de-ciclista-aficionados-pedalearon-al-lado-de-peter-sagan\\\/\"]}]},{\"@type\":\"ImageObject\",\"inLanguage\":\"es\",\"@id\":\"https:\\\/\\\/www.sanjuandeportes.com\\\/wp\\\/2020\\\/01\\\/31\\\/cientos-de-ciclista-aficionados-pedalearon-al-lado-de-peter-sagan\\\/#primaryimage\",\"url\":\"http:\\\/\\\/www.sanjuandeportes.com\\\/wp\\\/wp-content\\\/uploads\\\/2020\\\/01\\\/186682.jpg\",\"contentUrl\":\"http:\\\/\\\/www.sanjuandeportes.com\\\/wp\\\/wp-content\\\/uploads\\\/2020\\\/01\\\/186682.jpg\",\"width\":1280,\"height\":853},{\"@type\":\"BreadcrumbList\",\"@id\":\"https:\\\/\\\/www.sanjuandeportes.com\\\/wp\\\/2020\\\/01\\\/31\\\/cientos-de-ciclista-aficionados-pedalearon-al-lado-de-peter-sagan\\\/#breadcrumb\",\"itemListElement\":[{\"@type\":\"ListItem\",\"position\":1,\"name\":\"Portada\",\"item\":\"http:\\\/\\\/www.sanjuandeportes.com\\\/wp\\\/\"},{\"@type\":\"ListItem\",\"position\":2,\"name\":\"Cientos de ciclista aficionados pedalearon al lado de Peter Sagan\"}]},{\"@type\":\"WebSite\",\"@id\":\"http:\\\/\\\/www.sanjuandeportes.com\\\/wp\\\/#website\",\"url\":\"http:\\\/\\\/www.sanjuandeportes.com\\\/wp\\\/\",\"name\":\"San Juan Deportes\",\"description\":\"El sitio de deportes de la provincia de San Juan\",\"publisher\":{\"@id\":\"http:\\\/\\\/www.sanjuandeportes.com\\\/wp\\\/#organization\"},\"potentialAction\":[{\"@type\":\"SearchAction\",\"target\":{\"@type\":\"EntryPoint\",\"urlTemplate\":\"http:\\\/\\\/www.sanjuandeportes.com\\\/wp\\\/?s={search_term_string}\"},\"query-input\":{\"@type\":\"PropertyValueSpecification\",\"valueRequired\":true,\"valueName\":\"search_term_string\"}}],\"inLanguage\":\"es\"},{\"@type\":\"Organization\",\"@id\":\"http:\\\/\\\/www.sanjuandeportes.com\\\/wp\\\/#organization\",\"name\":\"San Juan Deportes\",\"url\":\"http:\\\/\\\/www.sanjuandeportes.com\\\/wp\\\/\",\"logo\":{\"@type\":\"ImageObject\",\"inLanguage\":\"es\",\"@id\":\"http:\\\/\\\/www.sanjuandeportes.com\\\/wp\\\/#\\\/schema\\\/logo\\\/image\\\/\",\"url\":\"https:\\\/\\\/www.sanjuandeportes.com\\\/wp\\\/wp-content\\\/uploads\\\/unnamed.jpg\",\"contentUrl\":\"https:\\\/\\\/www.sanjuandeportes.com\\\/wp\\\/wp-content\\\/uploads\\\/unnamed.jpg\",\"width\":900,\"height\":900,\"caption\":\"San Juan Deportes\"},\"image\":{\"@id\":\"http:\\\/\\\/www.sanjuandeportes.com\\\/wp\\\/#\\\/schema\\\/logo\\\/image\\\/\"},\"sameAs\":[\"https:\\\/\\\/www.facebook.com\\\/sanjuandeportesok\",\"https:\\\/\\\/x.com\\\/SanJuanDeportes\",\"https:\\\/\\\/www.instagram.com\\\/sanjuandeportes\"]},{\"@type\":\"Person\",\"@id\":\"http:\\\/\\\/www.sanjuandeportes.com\\\/wp\\\/#\\\/schema\\\/person\\\/eda4d8e62a5d42b111781e3cdfcb9c3a\",\"name\":\"Pablo Pujado\",\"image\":{\"@type\":\"ImageObject\",\"inLanguage\":\"es\",\"@id\":\"https:\\\/\\\/secure.gravatar.com\\\/avatar\\\/310b69d28112912c333408a462a9837208de951b1e7c11514781740412f648b1?s=96&d=mm&r=g\",\"url\":\"https:\\\/\\\/secure.gravatar.com\\\/avatar\\\/310b69d28112912c333408a462a9837208de951b1e7c11514781740412f648b1?s=96&d=mm&r=g\",\"contentUrl\":\"https:\\\/\\\/secure.gravatar.com\\\/avatar\\\/310b69d28112912c333408a462a9837208de951b1e7c11514781740412f648b1?s=96&d=mm&r=g\",\"caption\":\"Pablo Pujado\"},\"url\":\"http:\\\/\\\/www.sanjuandeportes.com\\\/wp\\\/author\\\/pablo-pujado\\\/\"}]}<\/script>\n<!-- \/ Yoast SEO plugin. -->","yoast_head_json":{"title":"Cientos de ciclista aficionados pedalearon al lado de Peter Sagan - San Juan Deportes","robots":{"index":"index","follow":"follow","max-snippet":"max-snippet:-1","max-image-preview":"max-image-preview:large","max-video-preview":"max-video-preview:-1"},"canonical":"https:\/\/www.sanjuandeportes.com\/wp\/2020\/01\/31\/cientos-de-ciclista-aficionados-pedalearon-al-lado-de-peter-sagan\/","og_locale":"es_ES","og_type":"article","og_title":"Cientos de ciclista aficionados pedalearon al lado de Peter Sagan - San Juan Deportes","og_description":"Este jueves la \u201cVuelta a San Juan\u201d tuvo su d\u00eda de descanso,\u00a0pero los aficionados del ciclismo compitieron junto a Peter Sagan de la carrera de fondo.\u00a0Con la participaci\u00f3n estelar del campe\u00f3n mundial,\u00a0los sanjuaninos cumplir\u00e1n el sue\u00f1o de transitar las rutas con la figura principal del Bora Hansgrohe. El tres veces campe\u00f3n del mundo fue el [&hellip;]","og_url":"https:\/\/www.sanjuandeportes.com\/wp\/2020\/01\/31\/cientos-de-ciclista-aficionados-pedalearon-al-lado-de-peter-sagan\/","og_site_name":"San Juan Deportes","article_publisher":"https:\/\/www.facebook.com\/sanjuandeportesok","article_published_time":"2020-01-31T00:59:10+00:00","og_image":[{"width":1280,"height":853,"url":"https:\/\/www.sanjuandeportes.com\/wp\/wp-content\/uploads\/2020\/01\/186682.jpg","type":"image\/jpeg"}],"author":"Pablo Pujado","twitter_card":"summary_large_image","twitter_creator":"@SanJuanDeportes","twitter_site":"@SanJuanDeportes","twitter_misc":{"Escrito por":"Pablo Pujado","Tiempo de lectura":"1 minuto"},"schema":{"@context":"https:\/\/schema.org","@graph":[{"@type":"Article","@id":"https:\/\/www.sanjuandeportes.com\/wp\/2020\/01\/31\/cientos-de-ciclista-aficionados-pedalearon-al-lado-de-peter-sagan\/#article","isPartOf":{"@id":"https:\/\/www.sanjuandeportes.com\/wp\/2020\/01\/31\/cientos-de-ciclista-aficionados-pedalearon-al-lado-de-peter-sagan\/"},"author":{"name":"Pablo Pujado","@id":"http:\/\/www.sanjuandeportes.com\/wp\/#\/schema\/person\/eda4d8e62a5d42b111781e3cdfcb9c3a"},"headline":"Cientos de ciclista aficionados pedalearon al lado de Peter Sagan","datePublished":"2020-01-31T00:59:10+00:00","mainEntityOfPage":{"@id":"https:\/\/www.sanjuandeportes.com\/wp\/2020\/01\/31\/cientos-de-ciclista-aficionados-pedalearon-al-lado-de-peter-sagan\/"},"wordCount":141,"commentCount":0,"publisher":{"@id":"http:\/\/www.sanjuandeportes.com\/wp\/#organization"},"image":{"@id":"https:\/\/www.sanjuandeportes.com\/wp\/2020\/01\/31\/cientos-de-ciclista-aficionados-pedalearon-al-lado-de-peter-sagan\/#primaryimage"},"thumbnailUrl":"http:\/\/www.sanjuandeportes.com\/wp\/wp-content\/uploads\/2020\/01\/186682.jpg","keywords":["Ciclismo","Sagan Fondo","Vuelta a San Juan","VUELTA A SAN JUAN 2020"],"articleSection":["Ciclismo","Featured","San Juan","VUELTA A SAN JUAN 2020"],"inLanguage":"es","potentialAction":[{"@type":"CommentAction","name":"Comment","target":["https:\/\/www.sanjuandeportes.com\/wp\/2020\/01\/31\/cientos-de-ciclista-aficionados-pedalearon-al-lado-de-peter-sagan\/#respond"]}]},{"@type":"WebPage","@id":"https:\/\/www.sanjuandeportes.com\/wp\/2020\/01\/31\/cientos-de-ciclista-aficionados-pedalearon-al-lado-de-peter-sagan\/","url":"https:\/\/www.sanjuandeportes.com\/wp\/2020\/01\/31\/cientos-de-ciclista-aficionados-pedalearon-al-lado-de-peter-sagan\/","name":"Cientos de ciclista aficionados pedalearon al lado de Peter Sagan - San Juan Deportes","isPartOf":{"@id":"http:\/\/www.sanjuandeportes.com\/wp\/#website"},"primaryImageOfPage":{"@id":"https:\/\/www.sanjuandeportes.com\/wp\/2020\/01\/31\/cientos-de-ciclista-aficionados-pedalearon-al-lado-de-peter-sagan\/#primaryimage"},"image":{"@id":"https:\/\/www.sanjuandeportes.com\/wp\/2020\/01\/31\/cientos-de-ciclista-aficionados-pedalearon-al-lado-de-peter-sagan\/#primaryimage"},"thumbnailUrl":"http:\/\/www.sanjuandeportes.com\/wp\/wp-content\/uploads\/2020\/01\/186682.jpg","datePublished":"2020-01-31T00:59:10+00:00","breadcrumb":{"@id":"https:\/\/www.sanjuandeportes.com\/wp\/2020\/01\/31\/cientos-de-ciclista-aficionados-pedalearon-al-lado-de-peter-sagan\/#breadcrumb"},"inLanguage":"es","potentialAction":[{"@type":"ReadAction","target":["https:\/\/www.sanjuandeportes.com\/wp\/2020\/01\/31\/cientos-de-ciclista-aficionados-pedalearon-al-lado-de-peter-sagan\/"]}]},{"@type":"ImageObject","inLanguage":"es","@id":"https:\/\/www.sanjuandeportes.com\/wp\/2020\/01\/31\/cientos-de-ciclista-aficionados-pedalearon-al-lado-de-peter-sagan\/#primaryimage","url":"http:\/\/www.sanjuandeportes.com\/wp\/wp-content\/uploads\/2020\/01\/186682.jpg","contentUrl":"http:\/\/www.sanjuandeportes.com\/wp\/wp-content\/uploads\/2020\/01\/186682.jpg","width":1280,"height":853},{"@type":"BreadcrumbList","@id":"https:\/\/www.sanjuandeportes.com\/wp\/2020\/01\/31\/cientos-de-ciclista-aficionados-pedalearon-al-lado-de-peter-sagan\/#breadcrumb","itemListElement":[{"@type":"ListItem","position":1,"name":"Portada","item":"http:\/\/www.sanjuandeportes.com\/wp\/"},{"@type":"ListItem","position":2,"name":"Cientos de ciclista aficionados pedalearon al lado de Peter Sagan"}]},{"@type":"WebSite","@id":"http:\/\/www.sanjuandeportes.com\/wp\/#website","url":"http:\/\/www.sanjuandeportes.com\/wp\/","name":"San Juan Deportes","description":"El sitio de deportes de la provincia de San Juan","publisher":{"@id":"http:\/\/www.sanjuandeportes.com\/wp\/#organization"},"potentialAction":[{"@type":"SearchAction","target":{"@type":"EntryPoint","urlTemplate":"http:\/\/www.sanjuandeportes.com\/wp\/?s={search_term_string}"},"query-input":{"@type":"PropertyValueSpecification","valueRequired":true,"valueName":"search_term_string"}}],"inLanguage":"es"},{"@type":"Organization","@id":"http:\/\/www.sanjuandeportes.com\/wp\/#organization","name":"San Juan Deportes","url":"http:\/\/www.sanjuandeportes.com\/wp\/","logo":{"@type":"ImageObject","inLanguage":"es","@id":"http:\/\/www.sanjuandeportes.com\/wp\/#\/schema\/logo\/image\/","url":"https:\/\/www.sanjuandeportes.com\/wp\/wp-content\/uploads\/unnamed.jpg","contentUrl":"https:\/\/www.sanjuandeportes.com\/wp\/wp-content\/uploads\/unnamed.jpg","width":900,"height":900,"caption":"San Juan Deportes"},"image":{"@id":"http:\/\/www.sanjuandeportes.com\/wp\/#\/schema\/logo\/image\/"},"sameAs":["https:\/\/www.facebook.com\/sanjuandeportesok","https:\/\/x.com\/SanJuanDeportes","https:\/\/www.instagram.com\/sanjuandeportes"]},{"@type":"Person","@id":"http:\/\/www.sanjuandeportes.com\/wp\/#\/schema\/person\/eda4d8e62a5d42b111781e3cdfcb9c3a","name":"Pablo Pujado","image":{"@type":"ImageObject","inLanguage":"es","@id":"https:\/\/secure.gravatar.com\/avatar\/310b69d28112912c333408a462a9837208de951b1e7c11514781740412f648b1?s=96&d=mm&r=g","url":"https:\/\/secure.gravatar.com\/avatar\/310b69d28112912c333408a462a9837208de951b1e7c11514781740412f648b1?s=96&d=mm&r=g","contentUrl":"https:\/\/secure.gravatar.com\/avatar\/310b69d28112912c333408a462a9837208de951b1e7c11514781740412f648b1?s=96&d=mm&r=g","caption":"Pablo Pujado"},"url":"http:\/\/www.sanjuandeportes.com\/wp\/author\/pablo-pujado\/"}]}},"_links":{"self":[{"href":"http:\/\/www.sanjuandeportes.com\/wp\/wp-json\/wp\/v2\/posts\/8984","targetHints":{"allow":["GET"]}}],"collection":[{"href":"http:\/\/www.sanjuandeportes.com\/wp\/wp-json\/wp\/v2\/posts"}],"about":[{"href":"http:\/\/www.sanjuandeportes.com\/wp\/wp-json\/wp\/v2\/types\/post"}],"author":[{"embeddable":true,"href":"http:\/\/www.sanjuandeportes.com\/wp\/wp-json\/wp\/v2\/users\/5"}],"replies":[{"embeddable":true,"href":"http:\/\/www.sanjuandeportes.com\/wp\/wp-json\/wp\/v2\/comments?post=8984"}],"version-history":[{"count":1,"href":"http:\/\/www.sanjuandeportes.com\/wp\/wp-json\/wp\/v2\/posts\/8984\/revisions"}],"predecessor-version":[{"id":8986,"href":"http:\/\/www.sanjuandeportes.com\/wp\/wp-json\/wp\/v2\/posts\/8984\/revisions\/8986"}],"wp:featuredmedia":[{"embeddable":true,"href":"http:\/\/www.sanjuandeportes.com\/wp\/wp-json\/wp\/v2\/media\/8985"}],"wp:attachment":[{"href":"http:\/\/www.sanjuandeportes.com\/wp\/wp-json\/wp\/v2\/media?parent=8984"}],"wp:term":[{"taxonomy":"category","embeddable":true,"href":"http:\/\/www.sanjuandeportes.com\/wp\/wp-json\/wp\/v2\/categories?post=8984"},{"taxonomy":"post_tag","embeddable":true,"href":"http:\/\/www.sanjuandeportes.com\/wp\/wp-json\/wp\/v2\/tags?post=8984"}],"curies":[{"name":"wp","href":"https:\/\/api.w.org\/{rel}","templated":true}]}}