{"id":9311,"date":"2020-02-24T01:43:25","date_gmt":"2020-02-24T01:43:25","guid":{"rendered":"http:\/\/www.sanjuandeportes.com\/wp\/?p=9311"},"modified":"2020-02-24T01:43:25","modified_gmt":"2020-02-24T01:43:25","slug":"san-martin-empato-con-mitre-de-sde-y-se-quedo-sin-dt","status":"publish","type":"post","link":"http:\/\/www.sanjuandeportes.com\/wp\/2020\/02\/24\/san-martin-empato-con-mitre-de-sde-y-se-quedo-sin-dt\/","title":{"rendered":"San Mart\u00edn empat\u00f3 con Mitre de SdE y se qued\u00f3 sin DT"},"content":{"rendered":"<p>Este domingo, San Mart\u00edn empat\u00f3 con Club Mitre de Santiago del Estero por la 18va fecha de la Primera Nacional. El partido se jug\u00f3 en el Hilario S\u00e1nchez. Tras el partido, Alfredo Grelak dej\u00f3 de ser el director t\u00e9cnico del primer equipo. Ma\u00f1ana la pr\u00e1ctica vespertina ser\u00e1 dirigida por Hugo Garelli.<\/p>\n<p>Con pocas situaciones de peligro e inconexo dentro del campo de juego, el Santo no pudo vulnerar el arco defendido por Luis Ojeda. La situaci\u00f3n m\u00e1s clara de peligro fue un remate de Ezequiel Vidal que ingres\u00f3 al arco, pero el \u00e1rbitro, a instancias del lineman, marc\u00f3 mano del atacante en la recepci\u00f3n y es por eso que el resultado no se movi\u00f3.<\/p>\n<p>Los hinchas despidieron al plantel con silbidos y c\u00e1nticos alusivos al momento del club, y contra la dirigencia.<\/p>\n","protected":false},"excerpt":{"rendered":"<p>Este domingo, San Mart\u00edn empat\u00f3 con Club Mitre de Santiago del Estero por la 18va fecha de la Primera Nacional. El partido se jug\u00f3 en el Hilario S\u00e1nchez. Tras el partido, Alfredo Grelak dej\u00f3 de ser el director t\u00e9cnico del primer equipo. Ma\u00f1ana la pr\u00e1ctica vespertina ser\u00e1 dirigida por Hugo Garelli. Con pocas situaciones de [&hellip;]<\/p>\n","protected":false},"author":5,"featured_media":9312,"comment_status":"open","ping_status":"open","sticky":false,"template":"","format":"standard","meta":{"footnotes":""},"categories":[2,24,720,178],"tags":[758,691,84,734],"class_list":["post-9311","post","type-post","status-publish","format-standard","has-post-thumbnail","hentry","category-featured","category-futbol","category-primera-nacional","category-san-juan","tag-mitre-sde","tag-primera-nacional","tag-san-juan","tag-san-martin-sj"],"yoast_head":"<!-- This site is optimized with the Yoast SEO plugin v28.2 - https:\/\/yoast.com\/product\/yoast-seo-wordpress\/ -->\n<title>San Mart\u00edn empat\u00f3 con Mitre de SdE y se qued\u00f3 sin DT - San Juan Deportes<\/title>\n<meta name=\"robots\" content=\"index, follow, max-snippet:-1, max-image-preview:large, max-video-preview:-1\" \/>\n<link rel=\"canonical\" href=\"http:\/\/www.sanjuandeportes.com\/wp\/2020\/02\/24\/san-martin-empato-con-mitre-de-sde-y-se-quedo-sin-dt\/\" \/>\n<meta property=\"og:locale\" content=\"es_ES\" \/>\n<meta property=\"og:type\" content=\"article\" \/>\n<meta property=\"og:title\" content=\"San Mart\u00edn empat\u00f3 con Mitre de SdE y se qued\u00f3 sin DT - San Juan Deportes\" \/>\n<meta property=\"og:description\" content=\"Este domingo, San Mart\u00edn empat\u00f3 con Club Mitre de Santiago del Estero por la 18va fecha de la Primera Nacional. El partido se jug\u00f3 en el Hilario S\u00e1nchez. Tras el partido, Alfredo Grelak dej\u00f3 de ser el director t\u00e9cnico del primer equipo. Ma\u00f1ana la pr\u00e1ctica vespertina ser\u00e1 dirigida por Hugo Garelli. Con pocas situaciones de [&hellip;]\" \/>\n<meta property=\"og:url\" content=\"http:\/\/www.sanjuandeportes.com\/wp\/2020\/02\/24\/san-martin-empato-con-mitre-de-sde-y-se-quedo-sin-dt\/\" \/>\n<meta property=\"og:site_name\" content=\"San Juan Deportes\" \/>\n<meta property=\"article:publisher\" content=\"https:\/\/www.facebook.com\/sanjuandeportesok\" \/>\n<meta property=\"article:published_time\" content=\"2020-02-24T01:43:25+00:00\" \/>\n<meta property=\"og:image\" content=\"http:\/\/www.sanjuandeportes.com\/wp\/wp-content\/uploads\/2020\/02\/ERgFPr_XYAAnwcF.jpg\" \/>\n\t<meta property=\"og:image:width\" content=\"680\" \/>\n\t<meta property=\"og:image:height\" content=\"510\" \/>\n\t<meta property=\"og:image:type\" content=\"image\/jpeg\" \/>\n<meta name=\"author\" content=\"Pablo Pujado\" \/>\n<meta name=\"twitter:card\" content=\"summary_large_image\" \/>\n<meta name=\"twitter:creator\" content=\"@SanJuanDeportes\" \/>\n<meta name=\"twitter:site\" content=\"@SanJuanDeportes\" \/>\n<meta name=\"twitter:label1\" content=\"Escrito por\" \/>\n\t<meta name=\"twitter:data1\" content=\"Pablo Pujado\" \/>\n\t<meta name=\"twitter:label2\" content=\"Tiempo de lectura\" \/>\n\t<meta name=\"twitter:data2\" content=\"1 minuto\" \/>\n<script type=\"application\/ld+json\" class=\"yoast-schema-graph\">{\"@context\":\"https:\\\/\\\/schema.org\",\"@graph\":[{\"@type\":\"Article\",\"@id\":\"http:\\\/\\\/www.sanjuandeportes.com\\\/wp\\\/2020\\\/02\\\/24\\\/san-martin-empato-con-mitre-de-sde-y-se-quedo-sin-dt\\\/#article\",\"isPartOf\":{\"@id\":\"http:\\\/\\\/www.sanjuandeportes.com\\\/wp\\\/2020\\\/02\\\/24\\\/san-martin-empato-con-mitre-de-sde-y-se-quedo-sin-dt\\\/\"},\"author\":{\"name\":\"Pablo Pujado\",\"@id\":\"http:\\\/\\\/www.sanjuandeportes.com\\\/wp\\\/#\\\/schema\\\/person\\\/eda4d8e62a5d42b111781e3cdfcb9c3a\"},\"headline\":\"San Mart\u00edn empat\u00f3 con Mitre de SdE y se qued\u00f3 sin DT\",\"datePublished\":\"2020-02-24T01:43:25+00:00\",\"mainEntityOfPage\":{\"@id\":\"http:\\\/\\\/www.sanjuandeportes.com\\\/wp\\\/2020\\\/02\\\/24\\\/san-martin-empato-con-mitre-de-sde-y-se-quedo-sin-dt\\\/\"},\"wordCount\":154,\"commentCount\":0,\"publisher\":{\"@id\":\"http:\\\/\\\/www.sanjuandeportes.com\\\/wp\\\/#organization\"},\"image\":{\"@id\":\"http:\\\/\\\/www.sanjuandeportes.com\\\/wp\\\/2020\\\/02\\\/24\\\/san-martin-empato-con-mitre-de-sde-y-se-quedo-sin-dt\\\/#primaryimage\"},\"thumbnailUrl\":\"http:\\\/\\\/www.sanjuandeportes.com\\\/wp\\\/wp-content\\\/uploads\\\/2020\\\/02\\\/ERgFPr_XYAAnwcF.jpg\",\"keywords\":[\"Mitre SdE\",\"Primera Nacional\",\"San Juan\",\"San Mart\u00edn SJ\"],\"articleSection\":[\"Featured\",\"Futbol\",\"Primera Nacional\",\"San Juan\"],\"inLanguage\":\"es\",\"potentialAction\":[{\"@type\":\"CommentAction\",\"name\":\"Comment\",\"target\":[\"http:\\\/\\\/www.sanjuandeportes.com\\\/wp\\\/2020\\\/02\\\/24\\\/san-martin-empato-con-mitre-de-sde-y-se-quedo-sin-dt\\\/#respond\"]}]},{\"@type\":\"WebPage\",\"@id\":\"http:\\\/\\\/www.sanjuandeportes.com\\\/wp\\\/2020\\\/02\\\/24\\\/san-martin-empato-con-mitre-de-sde-y-se-quedo-sin-dt\\\/\",\"url\":\"http:\\\/\\\/www.sanjuandeportes.com\\\/wp\\\/2020\\\/02\\\/24\\\/san-martin-empato-con-mitre-de-sde-y-se-quedo-sin-dt\\\/\",\"name\":\"San Mart\u00edn empat\u00f3 con Mitre de SdE y se qued\u00f3 sin DT - San Juan Deportes\",\"isPartOf\":{\"@id\":\"http:\\\/\\\/www.sanjuandeportes.com\\\/wp\\\/#website\"},\"primaryImageOfPage\":{\"@id\":\"http:\\\/\\\/www.sanjuandeportes.com\\\/wp\\\/2020\\\/02\\\/24\\\/san-martin-empato-con-mitre-de-sde-y-se-quedo-sin-dt\\\/#primaryimage\"},\"image\":{\"@id\":\"http:\\\/\\\/www.sanjuandeportes.com\\\/wp\\\/2020\\\/02\\\/24\\\/san-martin-empato-con-mitre-de-sde-y-se-quedo-sin-dt\\\/#primaryimage\"},\"thumbnailUrl\":\"http:\\\/\\\/www.sanjuandeportes.com\\\/wp\\\/wp-content\\\/uploads\\\/2020\\\/02\\\/ERgFPr_XYAAnwcF.jpg\",\"datePublished\":\"2020-02-24T01:43:25+00:00\",\"breadcrumb\":{\"@id\":\"http:\\\/\\\/www.sanjuandeportes.com\\\/wp\\\/2020\\\/02\\\/24\\\/san-martin-empato-con-mitre-de-sde-y-se-quedo-sin-dt\\\/#breadcrumb\"},\"inLanguage\":\"es\",\"potentialAction\":[{\"@type\":\"ReadAction\",\"target\":[\"http:\\\/\\\/www.sanjuandeportes.com\\\/wp\\\/2020\\\/02\\\/24\\\/san-martin-empato-con-mitre-de-sde-y-se-quedo-sin-dt\\\/\"]}]},{\"@type\":\"ImageObject\",\"inLanguage\":\"es\",\"@id\":\"http:\\\/\\\/www.sanjuandeportes.com\\\/wp\\\/2020\\\/02\\\/24\\\/san-martin-empato-con-mitre-de-sde-y-se-quedo-sin-dt\\\/#primaryimage\",\"url\":\"http:\\\/\\\/www.sanjuandeportes.com\\\/wp\\\/wp-content\\\/uploads\\\/2020\\\/02\\\/ERgFPr_XYAAnwcF.jpg\",\"contentUrl\":\"http:\\\/\\\/www.sanjuandeportes.com\\\/wp\\\/wp-content\\\/uploads\\\/2020\\\/02\\\/ERgFPr_XYAAnwcF.jpg\",\"width\":680,\"height\":510},{\"@type\":\"BreadcrumbList\",\"@id\":\"http:\\\/\\\/www.sanjuandeportes.com\\\/wp\\\/2020\\\/02\\\/24\\\/san-martin-empato-con-mitre-de-sde-y-se-quedo-sin-dt\\\/#breadcrumb\",\"itemListElement\":[{\"@type\":\"ListItem\",\"position\":1,\"name\":\"Portada\",\"item\":\"http:\\\/\\\/www.sanjuandeportes.com\\\/wp\\\/\"},{\"@type\":\"ListItem\",\"position\":2,\"name\":\"San Mart\u00edn empat\u00f3 con Mitre de SdE y se qued\u00f3 sin DT\"}]},{\"@type\":\"WebSite\",\"@id\":\"http:\\\/\\\/www.sanjuandeportes.com\\\/wp\\\/#website\",\"url\":\"http:\\\/\\\/www.sanjuandeportes.com\\\/wp\\\/\",\"name\":\"San Juan Deportes\",\"description\":\"El sitio de deportes de la provincia de San Juan\",\"publisher\":{\"@id\":\"http:\\\/\\\/www.sanjuandeportes.com\\\/wp\\\/#organization\"},\"potentialAction\":[{\"@type\":\"SearchAction\",\"target\":{\"@type\":\"EntryPoint\",\"urlTemplate\":\"http:\\\/\\\/www.sanjuandeportes.com\\\/wp\\\/?s={search_term_string}\"},\"query-input\":{\"@type\":\"PropertyValueSpecification\",\"valueRequired\":true,\"valueName\":\"search_term_string\"}}],\"inLanguage\":\"es\"},{\"@type\":\"Organization\",\"@id\":\"http:\\\/\\\/www.sanjuandeportes.com\\\/wp\\\/#organization\",\"name\":\"San Juan Deportes\",\"url\":\"http:\\\/\\\/www.sanjuandeportes.com\\\/wp\\\/\",\"logo\":{\"@type\":\"ImageObject\",\"inLanguage\":\"es\",\"@id\":\"http:\\\/\\\/www.sanjuandeportes.com\\\/wp\\\/#\\\/schema\\\/logo\\\/image\\\/\",\"url\":\"https:\\\/\\\/www.sanjuandeportes.com\\\/wp\\\/wp-content\\\/uploads\\\/unnamed.jpg\",\"contentUrl\":\"https:\\\/\\\/www.sanjuandeportes.com\\\/wp\\\/wp-content\\\/uploads\\\/unnamed.jpg\",\"width\":900,\"height\":900,\"caption\":\"San Juan Deportes\"},\"image\":{\"@id\":\"http:\\\/\\\/www.sanjuandeportes.com\\\/wp\\\/#\\\/schema\\\/logo\\\/image\\\/\"},\"sameAs\":[\"https:\\\/\\\/www.facebook.com\\\/sanjuandeportesok\",\"https:\\\/\\\/x.com\\\/SanJuanDeportes\",\"https:\\\/\\\/www.instagram.com\\\/sanjuandeportes\"]},{\"@type\":\"Person\",\"@id\":\"http:\\\/\\\/www.sanjuandeportes.com\\\/wp\\\/#\\\/schema\\\/person\\\/eda4d8e62a5d42b111781e3cdfcb9c3a\",\"name\":\"Pablo Pujado\",\"image\":{\"@type\":\"ImageObject\",\"inLanguage\":\"es\",\"@id\":\"https:\\\/\\\/secure.gravatar.com\\\/avatar\\\/310b69d28112912c333408a462a9837208de951b1e7c11514781740412f648b1?s=96&d=mm&r=g\",\"url\":\"https:\\\/\\\/secure.gravatar.com\\\/avatar\\\/310b69d28112912c333408a462a9837208de951b1e7c11514781740412f648b1?s=96&d=mm&r=g\",\"contentUrl\":\"https:\\\/\\\/secure.gravatar.com\\\/avatar\\\/310b69d28112912c333408a462a9837208de951b1e7c11514781740412f648b1?s=96&d=mm&r=g\",\"caption\":\"Pablo Pujado\"},\"url\":\"http:\\\/\\\/www.sanjuandeportes.com\\\/wp\\\/author\\\/pablo-pujado\\\/\"}]}<\/script>\n<!-- \/ Yoast SEO plugin. -->","yoast_head_json":{"title":"San Mart\u00edn empat\u00f3 con Mitre de SdE y se qued\u00f3 sin DT - San Juan Deportes","robots":{"index":"index","follow":"follow","max-snippet":"max-snippet:-1","max-image-preview":"max-image-preview:large","max-video-preview":"max-video-preview:-1"},"canonical":"http:\/\/www.sanjuandeportes.com\/wp\/2020\/02\/24\/san-martin-empato-con-mitre-de-sde-y-se-quedo-sin-dt\/","og_locale":"es_ES","og_type":"article","og_title":"San Mart\u00edn empat\u00f3 con Mitre de SdE y se qued\u00f3 sin DT - San Juan Deportes","og_description":"Este domingo, San Mart\u00edn empat\u00f3 con Club Mitre de Santiago del Estero por la 18va fecha de la Primera Nacional. El partido se jug\u00f3 en el Hilario S\u00e1nchez. Tras el partido, Alfredo Grelak dej\u00f3 de ser el director t\u00e9cnico del primer equipo. Ma\u00f1ana la pr\u00e1ctica vespertina ser\u00e1 dirigida por Hugo Garelli. Con pocas situaciones de [&hellip;]","og_url":"http:\/\/www.sanjuandeportes.com\/wp\/2020\/02\/24\/san-martin-empato-con-mitre-de-sde-y-se-quedo-sin-dt\/","og_site_name":"San Juan Deportes","article_publisher":"https:\/\/www.facebook.com\/sanjuandeportesok","article_published_time":"2020-02-24T01:43:25+00:00","og_image":[{"width":680,"height":510,"url":"http:\/\/www.sanjuandeportes.com\/wp\/wp-content\/uploads\/2020\/02\/ERgFPr_XYAAnwcF.jpg","type":"image\/jpeg"}],"author":"Pablo Pujado","twitter_card":"summary_large_image","twitter_creator":"@SanJuanDeportes","twitter_site":"@SanJuanDeportes","twitter_misc":{"Escrito por":"Pablo Pujado","Tiempo de lectura":"1 minuto"},"schema":{"@context":"https:\/\/schema.org","@graph":[{"@type":"Article","@id":"http:\/\/www.sanjuandeportes.com\/wp\/2020\/02\/24\/san-martin-empato-con-mitre-de-sde-y-se-quedo-sin-dt\/#article","isPartOf":{"@id":"http:\/\/www.sanjuandeportes.com\/wp\/2020\/02\/24\/san-martin-empato-con-mitre-de-sde-y-se-quedo-sin-dt\/"},"author":{"name":"Pablo Pujado","@id":"http:\/\/www.sanjuandeportes.com\/wp\/#\/schema\/person\/eda4d8e62a5d42b111781e3cdfcb9c3a"},"headline":"San Mart\u00edn empat\u00f3 con Mitre de SdE y se qued\u00f3 sin DT","datePublished":"2020-02-24T01:43:25+00:00","mainEntityOfPage":{"@id":"http:\/\/www.sanjuandeportes.com\/wp\/2020\/02\/24\/san-martin-empato-con-mitre-de-sde-y-se-quedo-sin-dt\/"},"wordCount":154,"commentCount":0,"publisher":{"@id":"http:\/\/www.sanjuandeportes.com\/wp\/#organization"},"image":{"@id":"http:\/\/www.sanjuandeportes.com\/wp\/2020\/02\/24\/san-martin-empato-con-mitre-de-sde-y-se-quedo-sin-dt\/#primaryimage"},"thumbnailUrl":"http:\/\/www.sanjuandeportes.com\/wp\/wp-content\/uploads\/2020\/02\/ERgFPr_XYAAnwcF.jpg","keywords":["Mitre SdE","Primera Nacional","San Juan","San Mart\u00edn SJ"],"articleSection":["Featured","Futbol","Primera Nacional","San Juan"],"inLanguage":"es","potentialAction":[{"@type":"CommentAction","name":"Comment","target":["http:\/\/www.sanjuandeportes.com\/wp\/2020\/02\/24\/san-martin-empato-con-mitre-de-sde-y-se-quedo-sin-dt\/#respond"]}]},{"@type":"WebPage","@id":"http:\/\/www.sanjuandeportes.com\/wp\/2020\/02\/24\/san-martin-empato-con-mitre-de-sde-y-se-quedo-sin-dt\/","url":"http:\/\/www.sanjuandeportes.com\/wp\/2020\/02\/24\/san-martin-empato-con-mitre-de-sde-y-se-quedo-sin-dt\/","name":"San Mart\u00edn empat\u00f3 con Mitre de SdE y se qued\u00f3 sin DT - San Juan Deportes","isPartOf":{"@id":"http:\/\/www.sanjuandeportes.com\/wp\/#website"},"primaryImageOfPage":{"@id":"http:\/\/www.sanjuandeportes.com\/wp\/2020\/02\/24\/san-martin-empato-con-mitre-de-sde-y-se-quedo-sin-dt\/#primaryimage"},"image":{"@id":"http:\/\/www.sanjuandeportes.com\/wp\/2020\/02\/24\/san-martin-empato-con-mitre-de-sde-y-se-quedo-sin-dt\/#primaryimage"},"thumbnailUrl":"http:\/\/www.sanjuandeportes.com\/wp\/wp-content\/uploads\/2020\/02\/ERgFPr_XYAAnwcF.jpg","datePublished":"2020-02-24T01:43:25+00:00","breadcrumb":{"@id":"http:\/\/www.sanjuandeportes.com\/wp\/2020\/02\/24\/san-martin-empato-con-mitre-de-sde-y-se-quedo-sin-dt\/#breadcrumb"},"inLanguage":"es","potentialAction":[{"@type":"ReadAction","target":["http:\/\/www.sanjuandeportes.com\/wp\/2020\/02\/24\/san-martin-empato-con-mitre-de-sde-y-se-quedo-sin-dt\/"]}]},{"@type":"ImageObject","inLanguage":"es","@id":"http:\/\/www.sanjuandeportes.com\/wp\/2020\/02\/24\/san-martin-empato-con-mitre-de-sde-y-se-quedo-sin-dt\/#primaryimage","url":"http:\/\/www.sanjuandeportes.com\/wp\/wp-content\/uploads\/2020\/02\/ERgFPr_XYAAnwcF.jpg","contentUrl":"http:\/\/www.sanjuandeportes.com\/wp\/wp-content\/uploads\/2020\/02\/ERgFPr_XYAAnwcF.jpg","width":680,"height":510},{"@type":"BreadcrumbList","@id":"http:\/\/www.sanjuandeportes.com\/wp\/2020\/02\/24\/san-martin-empato-con-mitre-de-sde-y-se-quedo-sin-dt\/#breadcrumb","itemListElement":[{"@type":"ListItem","position":1,"name":"Portada","item":"http:\/\/www.sanjuandeportes.com\/wp\/"},{"@type":"ListItem","position":2,"name":"San Mart\u00edn empat\u00f3 con Mitre de SdE y se qued\u00f3 sin DT"}]},{"@type":"WebSite","@id":"http:\/\/www.sanjuandeportes.com\/wp\/#website","url":"http:\/\/www.sanjuandeportes.com\/wp\/","name":"San Juan Deportes","description":"El sitio de deportes de la provincia de San Juan","publisher":{"@id":"http:\/\/www.sanjuandeportes.com\/wp\/#organization"},"potentialAction":[{"@type":"SearchAction","target":{"@type":"EntryPoint","urlTemplate":"http:\/\/www.sanjuandeportes.com\/wp\/?s={search_term_string}"},"query-input":{"@type":"PropertyValueSpecification","valueRequired":true,"valueName":"search_term_string"}}],"inLanguage":"es"},{"@type":"Organization","@id":"http:\/\/www.sanjuandeportes.com\/wp\/#organization","name":"San Juan Deportes","url":"http:\/\/www.sanjuandeportes.com\/wp\/","logo":{"@type":"ImageObject","inLanguage":"es","@id":"http:\/\/www.sanjuandeportes.com\/wp\/#\/schema\/logo\/image\/","url":"https:\/\/www.sanjuandeportes.com\/wp\/wp-content\/uploads\/unnamed.jpg","contentUrl":"https:\/\/www.sanjuandeportes.com\/wp\/wp-content\/uploads\/unnamed.jpg","width":900,"height":900,"caption":"San Juan Deportes"},"image":{"@id":"http:\/\/www.sanjuandeportes.com\/wp\/#\/schema\/logo\/image\/"},"sameAs":["https:\/\/www.facebook.com\/sanjuandeportesok","https:\/\/x.com\/SanJuanDeportes","https:\/\/www.instagram.com\/sanjuandeportes"]},{"@type":"Person","@id":"http:\/\/www.sanjuandeportes.com\/wp\/#\/schema\/person\/eda4d8e62a5d42b111781e3cdfcb9c3a","name":"Pablo Pujado","image":{"@type":"ImageObject","inLanguage":"es","@id":"https:\/\/secure.gravatar.com\/avatar\/310b69d28112912c333408a462a9837208de951b1e7c11514781740412f648b1?s=96&d=mm&r=g","url":"https:\/\/secure.gravatar.com\/avatar\/310b69d28112912c333408a462a9837208de951b1e7c11514781740412f648b1?s=96&d=mm&r=g","contentUrl":"https:\/\/secure.gravatar.com\/avatar\/310b69d28112912c333408a462a9837208de951b1e7c11514781740412f648b1?s=96&d=mm&r=g","caption":"Pablo Pujado"},"url":"http:\/\/www.sanjuandeportes.com\/wp\/author\/pablo-pujado\/"}]}},"_links":{"self":[{"href":"http:\/\/www.sanjuandeportes.com\/wp\/wp-json\/wp\/v2\/posts\/9311","targetHints":{"allow":["GET"]}}],"collection":[{"href":"http:\/\/www.sanjuandeportes.com\/wp\/wp-json\/wp\/v2\/posts"}],"about":[{"href":"http:\/\/www.sanjuandeportes.com\/wp\/wp-json\/wp\/v2\/types\/post"}],"author":[{"embeddable":true,"href":"http:\/\/www.sanjuandeportes.com\/wp\/wp-json\/wp\/v2\/users\/5"}],"replies":[{"embeddable":true,"href":"http:\/\/www.sanjuandeportes.com\/wp\/wp-json\/wp\/v2\/comments?post=9311"}],"version-history":[{"count":1,"href":"http:\/\/www.sanjuandeportes.com\/wp\/wp-json\/wp\/v2\/posts\/9311\/revisions"}],"predecessor-version":[{"id":9313,"href":"http:\/\/www.sanjuandeportes.com\/wp\/wp-json\/wp\/v2\/posts\/9311\/revisions\/9313"}],"wp:featuredmedia":[{"embeddable":true,"href":"http:\/\/www.sanjuandeportes.com\/wp\/wp-json\/wp\/v2\/media\/9312"}],"wp:attachment":[{"href":"http:\/\/www.sanjuandeportes.com\/wp\/wp-json\/wp\/v2\/media?parent=9311"}],"wp:term":[{"taxonomy":"category","embeddable":true,"href":"http:\/\/www.sanjuandeportes.com\/wp\/wp-json\/wp\/v2\/categories?post=9311"},{"taxonomy":"post_tag","embeddable":true,"href":"http:\/\/www.sanjuandeportes.com\/wp\/wp-json\/wp\/v2\/tags?post=9311"}],"curies":[{"name":"wp","href":"https:\/\/api.w.org\/{rel}","templated":true}]}}