{"id":9349,"date":"2020-02-27T14:14:09","date_gmt":"2020-02-27T14:14:09","guid":{"rendered":"http:\/\/www.sanjuandeportes.com\/wp\/?p=9349"},"modified":"2020-02-27T14:16:22","modified_gmt":"2020-02-27T14:16:22","slug":"vuelta-del-porvenir-daniel-diaz-finalizo-segundo-la-primera-etapa","status":"publish","type":"post","link":"http:\/\/www.sanjuandeportes.com\/wp\/2020\/02\/27\/vuelta-del-porvenir-daniel-diaz-finalizo-segundo-la-primera-etapa\/","title":{"rendered":"Vuelta del Porvenir: Daniel D\u00edaz finaliz\u00f3 segundo en la primera etapa"},"content":{"rendered":"<p>El pedalista Sergio Fredes, del equipo KTM, se qued\u00f3 con la primera etapa de la Vuelta del Porvenir, al superar en el sprint final a Daniel D\u00edaz, en una definici\u00f3n electrizante y que tuvo como escenario al aut\u00f3dromo \u201cCarlos Bassi\u201d del parque provincial \u201cLa Pedrera\u201d y tras completar los 177 kil\u00f3metros que unieron las ciudades de San Luis y Villa Mercedes pasando por Fraga y Justo Daract, entre otras localidades. Daniel D\u00edaz (Puertas de Cuyo) y el puntano Mauricio Quiroga (YPF Tarag\u00fc\u00ed) completaron el podio.<\/p>\n<p>El mejor equipo de la primera etapa fue el Puertas Cuyo. Hoy, la competencia se trasladar\u00e1 a Concar\u00e1n con el final en Juana Koslay.<\/p>\n","protected":false},"excerpt":{"rendered":"<p>El pedalista Sergio Fredes, del equipo KTM, se qued\u00f3 con la primera etapa de la Vuelta del Porvenir, al superar en el sprint final a Daniel D\u00edaz, en una definici\u00f3n electrizante y que tuvo como escenario al aut\u00f3dromo \u201cCarlos Bassi\u201d del parque provincial \u201cLa Pedrera\u201d y tras completar los 177 kil\u00f3metros que unieron las ciudades [&hellip;]<\/p>\n","protected":false},"author":5,"featured_media":9350,"comment_status":"open","ping_status":"open","sticky":false,"template":"","format":"standard","meta":{"footnotes":""},"categories":[23,2],"tags":[1169,1101,410,1168],"class_list":["post-9349","post","type-post","status-publish","format-standard","has-post-thumbnail","hentry","category-ciclismo","category-featured","tag-daniel-diaz","tag-primera-etapa","tag-san-luis","tag-vuelta-el-porvenir"],"yoast_head":"<!-- This site is optimized with the Yoast SEO plugin v28.2 - https:\/\/yoast.com\/product\/yoast-seo-wordpress\/ -->\n<title>Vuelta del Porvenir: Daniel D\u00edaz finaliz\u00f3 segundo en la primera etapa - San Juan Deportes<\/title>\n<meta name=\"robots\" content=\"index, follow, max-snippet:-1, max-image-preview:large, max-video-preview:-1\" \/>\n<link rel=\"canonical\" href=\"http:\/\/www.sanjuandeportes.com\/wp\/2020\/02\/27\/vuelta-del-porvenir-daniel-diaz-finalizo-segundo-la-primera-etapa\/\" \/>\n<meta property=\"og:locale\" content=\"es_ES\" \/>\n<meta property=\"og:type\" content=\"article\" \/>\n<meta property=\"og:title\" content=\"Vuelta del Porvenir: Daniel D\u00edaz finaliz\u00f3 segundo en la primera etapa - San Juan Deportes\" \/>\n<meta property=\"og:description\" content=\"El pedalista Sergio Fredes, del equipo KTM, se qued\u00f3 con la primera etapa de la Vuelta del Porvenir, al superar en el sprint final a Daniel D\u00edaz, en una definici\u00f3n electrizante y que tuvo como escenario al aut\u00f3dromo \u201cCarlos Bassi\u201d del parque provincial \u201cLa Pedrera\u201d y tras completar los 177 kil\u00f3metros que unieron las ciudades [&hellip;]\" \/>\n<meta property=\"og:url\" content=\"http:\/\/www.sanjuandeportes.com\/wp\/2020\/02\/27\/vuelta-del-porvenir-daniel-diaz-finalizo-segundo-la-primera-etapa\/\" \/>\n<meta property=\"og:site_name\" content=\"San Juan Deportes\" \/>\n<meta property=\"article:publisher\" content=\"https:\/\/www.facebook.com\/sanjuandeportesok\" \/>\n<meta property=\"article:published_time\" content=\"2020-02-27T14:14:09+00:00\" \/>\n<meta property=\"article:modified_time\" content=\"2020-02-27T14:16:22+00:00\" \/>\n<meta property=\"og:image\" content=\"http:\/\/www.sanjuandeportes.com\/wp\/wp-content\/uploads\/2020\/02\/DANIEL-DIAZ.jpg\" \/>\n\t<meta property=\"og:image:width\" content=\"1200\" \/>\n\t<meta property=\"og:image:height\" content=\"800\" \/>\n\t<meta property=\"og:image:type\" content=\"image\/jpeg\" \/>\n<meta name=\"author\" content=\"Pablo Pujado\" \/>\n<meta name=\"twitter:card\" content=\"summary_large_image\" \/>\n<meta name=\"twitter:creator\" content=\"@SanJuanDeportes\" \/>\n<meta name=\"twitter:site\" content=\"@SanJuanDeportes\" \/>\n<meta name=\"twitter:label1\" content=\"Escrito por\" \/>\n\t<meta name=\"twitter:data1\" content=\"Pablo Pujado\" \/>\n\t<meta name=\"twitter:label2\" content=\"Tiempo de lectura\" \/>\n\t<meta name=\"twitter:data2\" content=\"1 minuto\" \/>\n<script type=\"application\/ld+json\" class=\"yoast-schema-graph\">{\"@context\":\"https:\\\/\\\/schema.org\",\"@graph\":[{\"@type\":\"Article\",\"@id\":\"http:\\\/\\\/www.sanjuandeportes.com\\\/wp\\\/2020\\\/02\\\/27\\\/vuelta-del-porvenir-daniel-diaz-finalizo-segundo-la-primera-etapa\\\/#article\",\"isPartOf\":{\"@id\":\"http:\\\/\\\/www.sanjuandeportes.com\\\/wp\\\/2020\\\/02\\\/27\\\/vuelta-del-porvenir-daniel-diaz-finalizo-segundo-la-primera-etapa\\\/\"},\"author\":{\"name\":\"Pablo Pujado\",\"@id\":\"http:\\\/\\\/www.sanjuandeportes.com\\\/wp\\\/#\\\/schema\\\/person\\\/eda4d8e62a5d42b111781e3cdfcb9c3a\"},\"headline\":\"Vuelta del Porvenir: Daniel D\u00edaz finaliz\u00f3 segundo en la primera etapa\",\"datePublished\":\"2020-02-27T14:14:09+00:00\",\"dateModified\":\"2020-02-27T14:16:22+00:00\",\"mainEntityOfPage\":{\"@id\":\"http:\\\/\\\/www.sanjuandeportes.com\\\/wp\\\/2020\\\/02\\\/27\\\/vuelta-del-porvenir-daniel-diaz-finalizo-segundo-la-primera-etapa\\\/\"},\"wordCount\":126,\"commentCount\":0,\"publisher\":{\"@id\":\"http:\\\/\\\/www.sanjuandeportes.com\\\/wp\\\/#organization\"},\"image\":{\"@id\":\"http:\\\/\\\/www.sanjuandeportes.com\\\/wp\\\/2020\\\/02\\\/27\\\/vuelta-del-porvenir-daniel-diaz-finalizo-segundo-la-primera-etapa\\\/#primaryimage\"},\"thumbnailUrl\":\"http:\\\/\\\/www.sanjuandeportes.com\\\/wp\\\/wp-content\\\/uploads\\\/2020\\\/02\\\/DANIEL-DIAZ.jpg\",\"keywords\":[\"DANIEL DIAZ\",\"PRIMERA ETAPA\",\"San Luis\",\"VUELTA EL PORVENIR\"],\"articleSection\":[\"Ciclismo\",\"Featured\"],\"inLanguage\":\"es\",\"potentialAction\":[{\"@type\":\"CommentAction\",\"name\":\"Comment\",\"target\":[\"http:\\\/\\\/www.sanjuandeportes.com\\\/wp\\\/2020\\\/02\\\/27\\\/vuelta-del-porvenir-daniel-diaz-finalizo-segundo-la-primera-etapa\\\/#respond\"]}]},{\"@type\":\"WebPage\",\"@id\":\"http:\\\/\\\/www.sanjuandeportes.com\\\/wp\\\/2020\\\/02\\\/27\\\/vuelta-del-porvenir-daniel-diaz-finalizo-segundo-la-primera-etapa\\\/\",\"url\":\"http:\\\/\\\/www.sanjuandeportes.com\\\/wp\\\/2020\\\/02\\\/27\\\/vuelta-del-porvenir-daniel-diaz-finalizo-segundo-la-primera-etapa\\\/\",\"name\":\"Vuelta del Porvenir: Daniel D\u00edaz finaliz\u00f3 segundo en la primera etapa - San Juan Deportes\",\"isPartOf\":{\"@id\":\"http:\\\/\\\/www.sanjuandeportes.com\\\/wp\\\/#website\"},\"primaryImageOfPage\":{\"@id\":\"http:\\\/\\\/www.sanjuandeportes.com\\\/wp\\\/2020\\\/02\\\/27\\\/vuelta-del-porvenir-daniel-diaz-finalizo-segundo-la-primera-etapa\\\/#primaryimage\"},\"image\":{\"@id\":\"http:\\\/\\\/www.sanjuandeportes.com\\\/wp\\\/2020\\\/02\\\/27\\\/vuelta-del-porvenir-daniel-diaz-finalizo-segundo-la-primera-etapa\\\/#primaryimage\"},\"thumbnailUrl\":\"http:\\\/\\\/www.sanjuandeportes.com\\\/wp\\\/wp-content\\\/uploads\\\/2020\\\/02\\\/DANIEL-DIAZ.jpg\",\"datePublished\":\"2020-02-27T14:14:09+00:00\",\"dateModified\":\"2020-02-27T14:16:22+00:00\",\"breadcrumb\":{\"@id\":\"http:\\\/\\\/www.sanjuandeportes.com\\\/wp\\\/2020\\\/02\\\/27\\\/vuelta-del-porvenir-daniel-diaz-finalizo-segundo-la-primera-etapa\\\/#breadcrumb\"},\"inLanguage\":\"es\",\"potentialAction\":[{\"@type\":\"ReadAction\",\"target\":[\"http:\\\/\\\/www.sanjuandeportes.com\\\/wp\\\/2020\\\/02\\\/27\\\/vuelta-del-porvenir-daniel-diaz-finalizo-segundo-la-primera-etapa\\\/\"]}]},{\"@type\":\"ImageObject\",\"inLanguage\":\"es\",\"@id\":\"http:\\\/\\\/www.sanjuandeportes.com\\\/wp\\\/2020\\\/02\\\/27\\\/vuelta-del-porvenir-daniel-diaz-finalizo-segundo-la-primera-etapa\\\/#primaryimage\",\"url\":\"http:\\\/\\\/www.sanjuandeportes.com\\\/wp\\\/wp-content\\\/uploads\\\/2020\\\/02\\\/DANIEL-DIAZ.jpg\",\"contentUrl\":\"http:\\\/\\\/www.sanjuandeportes.com\\\/wp\\\/wp-content\\\/uploads\\\/2020\\\/02\\\/DANIEL-DIAZ.jpg\",\"width\":1200,\"height\":800},{\"@type\":\"BreadcrumbList\",\"@id\":\"http:\\\/\\\/www.sanjuandeportes.com\\\/wp\\\/2020\\\/02\\\/27\\\/vuelta-del-porvenir-daniel-diaz-finalizo-segundo-la-primera-etapa\\\/#breadcrumb\",\"itemListElement\":[{\"@type\":\"ListItem\",\"position\":1,\"name\":\"Portada\",\"item\":\"http:\\\/\\\/www.sanjuandeportes.com\\\/wp\\\/\"},{\"@type\":\"ListItem\",\"position\":2,\"name\":\"Vuelta del Porvenir: Daniel D\u00edaz finaliz\u00f3 segundo en la primera etapa\"}]},{\"@type\":\"WebSite\",\"@id\":\"http:\\\/\\\/www.sanjuandeportes.com\\\/wp\\\/#website\",\"url\":\"http:\\\/\\\/www.sanjuandeportes.com\\\/wp\\\/\",\"name\":\"San Juan Deportes\",\"description\":\"El sitio de deportes de la provincia de San Juan\",\"publisher\":{\"@id\":\"http:\\\/\\\/www.sanjuandeportes.com\\\/wp\\\/#organization\"},\"potentialAction\":[{\"@type\":\"SearchAction\",\"target\":{\"@type\":\"EntryPoint\",\"urlTemplate\":\"http:\\\/\\\/www.sanjuandeportes.com\\\/wp\\\/?s={search_term_string}\"},\"query-input\":{\"@type\":\"PropertyValueSpecification\",\"valueRequired\":true,\"valueName\":\"search_term_string\"}}],\"inLanguage\":\"es\"},{\"@type\":\"Organization\",\"@id\":\"http:\\\/\\\/www.sanjuandeportes.com\\\/wp\\\/#organization\",\"name\":\"San Juan Deportes\",\"url\":\"http:\\\/\\\/www.sanjuandeportes.com\\\/wp\\\/\",\"logo\":{\"@type\":\"ImageObject\",\"inLanguage\":\"es\",\"@id\":\"http:\\\/\\\/www.sanjuandeportes.com\\\/wp\\\/#\\\/schema\\\/logo\\\/image\\\/\",\"url\":\"https:\\\/\\\/www.sanjuandeportes.com\\\/wp\\\/wp-content\\\/uploads\\\/unnamed.jpg\",\"contentUrl\":\"https:\\\/\\\/www.sanjuandeportes.com\\\/wp\\\/wp-content\\\/uploads\\\/unnamed.jpg\",\"width\":900,\"height\":900,\"caption\":\"San Juan Deportes\"},\"image\":{\"@id\":\"http:\\\/\\\/www.sanjuandeportes.com\\\/wp\\\/#\\\/schema\\\/logo\\\/image\\\/\"},\"sameAs\":[\"https:\\\/\\\/www.facebook.com\\\/sanjuandeportesok\",\"https:\\\/\\\/x.com\\\/SanJuanDeportes\",\"https:\\\/\\\/www.instagram.com\\\/sanjuandeportes\"]},{\"@type\":\"Person\",\"@id\":\"http:\\\/\\\/www.sanjuandeportes.com\\\/wp\\\/#\\\/schema\\\/person\\\/eda4d8e62a5d42b111781e3cdfcb9c3a\",\"name\":\"Pablo Pujado\",\"image\":{\"@type\":\"ImageObject\",\"inLanguage\":\"es\",\"@id\":\"https:\\\/\\\/secure.gravatar.com\\\/avatar\\\/310b69d28112912c333408a462a9837208de951b1e7c11514781740412f648b1?s=96&d=mm&r=g\",\"url\":\"https:\\\/\\\/secure.gravatar.com\\\/avatar\\\/310b69d28112912c333408a462a9837208de951b1e7c11514781740412f648b1?s=96&d=mm&r=g\",\"contentUrl\":\"https:\\\/\\\/secure.gravatar.com\\\/avatar\\\/310b69d28112912c333408a462a9837208de951b1e7c11514781740412f648b1?s=96&d=mm&r=g\",\"caption\":\"Pablo Pujado\"},\"url\":\"http:\\\/\\\/www.sanjuandeportes.com\\\/wp\\\/author\\\/pablo-pujado\\\/\"}]}<\/script>\n<!-- \/ Yoast SEO plugin. -->","yoast_head_json":{"title":"Vuelta del Porvenir: Daniel D\u00edaz finaliz\u00f3 segundo en la primera etapa - San Juan Deportes","robots":{"index":"index","follow":"follow","max-snippet":"max-snippet:-1","max-image-preview":"max-image-preview:large","max-video-preview":"max-video-preview:-1"},"canonical":"http:\/\/www.sanjuandeportes.com\/wp\/2020\/02\/27\/vuelta-del-porvenir-daniel-diaz-finalizo-segundo-la-primera-etapa\/","og_locale":"es_ES","og_type":"article","og_title":"Vuelta del Porvenir: Daniel D\u00edaz finaliz\u00f3 segundo en la primera etapa - San Juan Deportes","og_description":"El pedalista Sergio Fredes, del equipo KTM, se qued\u00f3 con la primera etapa de la Vuelta del Porvenir, al superar en el sprint final a Daniel D\u00edaz, en una definici\u00f3n electrizante y que tuvo como escenario al aut\u00f3dromo \u201cCarlos Bassi\u201d del parque provincial \u201cLa Pedrera\u201d y tras completar los 177 kil\u00f3metros que unieron las ciudades [&hellip;]","og_url":"http:\/\/www.sanjuandeportes.com\/wp\/2020\/02\/27\/vuelta-del-porvenir-daniel-diaz-finalizo-segundo-la-primera-etapa\/","og_site_name":"San Juan Deportes","article_publisher":"https:\/\/www.facebook.com\/sanjuandeportesok","article_published_time":"2020-02-27T14:14:09+00:00","article_modified_time":"2020-02-27T14:16:22+00:00","og_image":[{"width":1200,"height":800,"url":"http:\/\/www.sanjuandeportes.com\/wp\/wp-content\/uploads\/2020\/02\/DANIEL-DIAZ.jpg","type":"image\/jpeg"}],"author":"Pablo Pujado","twitter_card":"summary_large_image","twitter_creator":"@SanJuanDeportes","twitter_site":"@SanJuanDeportes","twitter_misc":{"Escrito por":"Pablo Pujado","Tiempo de lectura":"1 minuto"},"schema":{"@context":"https:\/\/schema.org","@graph":[{"@type":"Article","@id":"http:\/\/www.sanjuandeportes.com\/wp\/2020\/02\/27\/vuelta-del-porvenir-daniel-diaz-finalizo-segundo-la-primera-etapa\/#article","isPartOf":{"@id":"http:\/\/www.sanjuandeportes.com\/wp\/2020\/02\/27\/vuelta-del-porvenir-daniel-diaz-finalizo-segundo-la-primera-etapa\/"},"author":{"name":"Pablo Pujado","@id":"http:\/\/www.sanjuandeportes.com\/wp\/#\/schema\/person\/eda4d8e62a5d42b111781e3cdfcb9c3a"},"headline":"Vuelta del Porvenir: Daniel D\u00edaz finaliz\u00f3 segundo en la primera etapa","datePublished":"2020-02-27T14:14:09+00:00","dateModified":"2020-02-27T14:16:22+00:00","mainEntityOfPage":{"@id":"http:\/\/www.sanjuandeportes.com\/wp\/2020\/02\/27\/vuelta-del-porvenir-daniel-diaz-finalizo-segundo-la-primera-etapa\/"},"wordCount":126,"commentCount":0,"publisher":{"@id":"http:\/\/www.sanjuandeportes.com\/wp\/#organization"},"image":{"@id":"http:\/\/www.sanjuandeportes.com\/wp\/2020\/02\/27\/vuelta-del-porvenir-daniel-diaz-finalizo-segundo-la-primera-etapa\/#primaryimage"},"thumbnailUrl":"http:\/\/www.sanjuandeportes.com\/wp\/wp-content\/uploads\/2020\/02\/DANIEL-DIAZ.jpg","keywords":["DANIEL DIAZ","PRIMERA ETAPA","San Luis","VUELTA EL PORVENIR"],"articleSection":["Ciclismo","Featured"],"inLanguage":"es","potentialAction":[{"@type":"CommentAction","name":"Comment","target":["http:\/\/www.sanjuandeportes.com\/wp\/2020\/02\/27\/vuelta-del-porvenir-daniel-diaz-finalizo-segundo-la-primera-etapa\/#respond"]}]},{"@type":"WebPage","@id":"http:\/\/www.sanjuandeportes.com\/wp\/2020\/02\/27\/vuelta-del-porvenir-daniel-diaz-finalizo-segundo-la-primera-etapa\/","url":"http:\/\/www.sanjuandeportes.com\/wp\/2020\/02\/27\/vuelta-del-porvenir-daniel-diaz-finalizo-segundo-la-primera-etapa\/","name":"Vuelta del Porvenir: Daniel D\u00edaz finaliz\u00f3 segundo en la primera etapa - San Juan Deportes","isPartOf":{"@id":"http:\/\/www.sanjuandeportes.com\/wp\/#website"},"primaryImageOfPage":{"@id":"http:\/\/www.sanjuandeportes.com\/wp\/2020\/02\/27\/vuelta-del-porvenir-daniel-diaz-finalizo-segundo-la-primera-etapa\/#primaryimage"},"image":{"@id":"http:\/\/www.sanjuandeportes.com\/wp\/2020\/02\/27\/vuelta-del-porvenir-daniel-diaz-finalizo-segundo-la-primera-etapa\/#primaryimage"},"thumbnailUrl":"http:\/\/www.sanjuandeportes.com\/wp\/wp-content\/uploads\/2020\/02\/DANIEL-DIAZ.jpg","datePublished":"2020-02-27T14:14:09+00:00","dateModified":"2020-02-27T14:16:22+00:00","breadcrumb":{"@id":"http:\/\/www.sanjuandeportes.com\/wp\/2020\/02\/27\/vuelta-del-porvenir-daniel-diaz-finalizo-segundo-la-primera-etapa\/#breadcrumb"},"inLanguage":"es","potentialAction":[{"@type":"ReadAction","target":["http:\/\/www.sanjuandeportes.com\/wp\/2020\/02\/27\/vuelta-del-porvenir-daniel-diaz-finalizo-segundo-la-primera-etapa\/"]}]},{"@type":"ImageObject","inLanguage":"es","@id":"http:\/\/www.sanjuandeportes.com\/wp\/2020\/02\/27\/vuelta-del-porvenir-daniel-diaz-finalizo-segundo-la-primera-etapa\/#primaryimage","url":"http:\/\/www.sanjuandeportes.com\/wp\/wp-content\/uploads\/2020\/02\/DANIEL-DIAZ.jpg","contentUrl":"http:\/\/www.sanjuandeportes.com\/wp\/wp-content\/uploads\/2020\/02\/DANIEL-DIAZ.jpg","width":1200,"height":800},{"@type":"BreadcrumbList","@id":"http:\/\/www.sanjuandeportes.com\/wp\/2020\/02\/27\/vuelta-del-porvenir-daniel-diaz-finalizo-segundo-la-primera-etapa\/#breadcrumb","itemListElement":[{"@type":"ListItem","position":1,"name":"Portada","item":"http:\/\/www.sanjuandeportes.com\/wp\/"},{"@type":"ListItem","position":2,"name":"Vuelta del Porvenir: Daniel D\u00edaz finaliz\u00f3 segundo en la primera etapa"}]},{"@type":"WebSite","@id":"http:\/\/www.sanjuandeportes.com\/wp\/#website","url":"http:\/\/www.sanjuandeportes.com\/wp\/","name":"San Juan Deportes","description":"El sitio de deportes de la provincia de San Juan","publisher":{"@id":"http:\/\/www.sanjuandeportes.com\/wp\/#organization"},"potentialAction":[{"@type":"SearchAction","target":{"@type":"EntryPoint","urlTemplate":"http:\/\/www.sanjuandeportes.com\/wp\/?s={search_term_string}"},"query-input":{"@type":"PropertyValueSpecification","valueRequired":true,"valueName":"search_term_string"}}],"inLanguage":"es"},{"@type":"Organization","@id":"http:\/\/www.sanjuandeportes.com\/wp\/#organization","name":"San Juan Deportes","url":"http:\/\/www.sanjuandeportes.com\/wp\/","logo":{"@type":"ImageObject","inLanguage":"es","@id":"http:\/\/www.sanjuandeportes.com\/wp\/#\/schema\/logo\/image\/","url":"https:\/\/www.sanjuandeportes.com\/wp\/wp-content\/uploads\/unnamed.jpg","contentUrl":"https:\/\/www.sanjuandeportes.com\/wp\/wp-content\/uploads\/unnamed.jpg","width":900,"height":900,"caption":"San Juan Deportes"},"image":{"@id":"http:\/\/www.sanjuandeportes.com\/wp\/#\/schema\/logo\/image\/"},"sameAs":["https:\/\/www.facebook.com\/sanjuandeportesok","https:\/\/x.com\/SanJuanDeportes","https:\/\/www.instagram.com\/sanjuandeportes"]},{"@type":"Person","@id":"http:\/\/www.sanjuandeportes.com\/wp\/#\/schema\/person\/eda4d8e62a5d42b111781e3cdfcb9c3a","name":"Pablo Pujado","image":{"@type":"ImageObject","inLanguage":"es","@id":"https:\/\/secure.gravatar.com\/avatar\/310b69d28112912c333408a462a9837208de951b1e7c11514781740412f648b1?s=96&d=mm&r=g","url":"https:\/\/secure.gravatar.com\/avatar\/310b69d28112912c333408a462a9837208de951b1e7c11514781740412f648b1?s=96&d=mm&r=g","contentUrl":"https:\/\/secure.gravatar.com\/avatar\/310b69d28112912c333408a462a9837208de951b1e7c11514781740412f648b1?s=96&d=mm&r=g","caption":"Pablo Pujado"},"url":"http:\/\/www.sanjuandeportes.com\/wp\/author\/pablo-pujado\/"}]}},"_links":{"self":[{"href":"http:\/\/www.sanjuandeportes.com\/wp\/wp-json\/wp\/v2\/posts\/9349","targetHints":{"allow":["GET"]}}],"collection":[{"href":"http:\/\/www.sanjuandeportes.com\/wp\/wp-json\/wp\/v2\/posts"}],"about":[{"href":"http:\/\/www.sanjuandeportes.com\/wp\/wp-json\/wp\/v2\/types\/post"}],"author":[{"embeddable":true,"href":"http:\/\/www.sanjuandeportes.com\/wp\/wp-json\/wp\/v2\/users\/5"}],"replies":[{"embeddable":true,"href":"http:\/\/www.sanjuandeportes.com\/wp\/wp-json\/wp\/v2\/comments?post=9349"}],"version-history":[{"count":3,"href":"http:\/\/www.sanjuandeportes.com\/wp\/wp-json\/wp\/v2\/posts\/9349\/revisions"}],"predecessor-version":[{"id":9353,"href":"http:\/\/www.sanjuandeportes.com\/wp\/wp-json\/wp\/v2\/posts\/9349\/revisions\/9353"}],"wp:featuredmedia":[{"embeddable":true,"href":"http:\/\/www.sanjuandeportes.com\/wp\/wp-json\/wp\/v2\/media\/9350"}],"wp:attachment":[{"href":"http:\/\/www.sanjuandeportes.com\/wp\/wp-json\/wp\/v2\/media?parent=9349"}],"wp:term":[{"taxonomy":"category","embeddable":true,"href":"http:\/\/www.sanjuandeportes.com\/wp\/wp-json\/wp\/v2\/categories?post=9349"},{"taxonomy":"post_tag","embeddable":true,"href":"http:\/\/www.sanjuandeportes.com\/wp\/wp-json\/wp\/v2\/tags?post=9349"}],"curies":[{"name":"wp","href":"https:\/\/api.w.org\/{rel}","templated":true}]}}