{"id":9880,"date":"2020-06-03T21:08:17","date_gmt":"2020-06-03T21:08:17","guid":{"rendered":"http:\/\/www.sanjuandeportes.com\/wp\/?p=9880"},"modified":"2020-06-03T21:11:57","modified_gmt":"2020-06-03T21:11:57","slug":"el-deporte-sanjuanino-de-luto-murio-un-reconocido-motociclista","status":"publish","type":"post","link":"http:\/\/www.sanjuandeportes.com\/wp\/2020\/06\/03\/el-deporte-sanjuanino-de-luto-murio-un-reconocido-motociclista\/","title":{"rendered":"El deporte sanjuanino de luto: muri\u00f3 un reconocido motociclista"},"content":{"rendered":"<p>En las \u00faltimas horas, el joven y reconocido biker y piloto de BMX, Mart\u00edn Javier Mart\u00edn, falleci\u00f3 tras luchar un largo tiempo contra una dura enfermedad.<\/p>\n<p>El corredor de motocross, conocido en el ambiente del ciclismo BMX, padec\u00eda leucemia y para solventar gastos de su tratamiento parte del universo deportivo organiz\u00f3 carreras solidarias y lo acompa\u00f1\u00f3 hasta el final.<\/p>\n<p>Lamentablemente, el piloto de BMX pedi\u00f3 la vida y sus familiares y amigos expresaron este inmenso dolor en las redes sociales, donde lo recordaron y despidieron.<\/p>\n","protected":false},"excerpt":{"rendered":"<p>En las \u00faltimas horas, el joven y reconocido biker y piloto de BMX, Mart\u00edn Javier Mart\u00edn, falleci\u00f3 tras luchar un largo tiempo contra una dura enfermedad. El corredor de motocross, conocido en el ambiente del ciclismo BMX, padec\u00eda leucemia y para solventar gastos de su tratamiento parte del universo deportivo organiz\u00f3 carreras solidarias y lo [&hellip;]<\/p>\n","protected":false},"author":5,"featured_media":9882,"comment_status":"open","ping_status":"open","sticky":false,"template":"","format":"standard","meta":{"footnotes":""},"categories":[2,178],"tags":[1266,84,1265],"class_list":["post-9880","post","type-post","status-publish","format-standard","has-post-thumbnail","hentry","category-featured","category-san-juan","tag-martin-javier-martin","tag-san-juan","tag-tristeza"],"yoast_head":"<!-- This site is optimized with the Yoast SEO plugin v28.2 - https:\/\/yoast.com\/product\/yoast-seo-wordpress\/ -->\n<title>El deporte sanjuanino de luto: muri\u00f3 un reconocido motociclista - San Juan Deportes<\/title>\n<meta name=\"robots\" content=\"index, follow, max-snippet:-1, max-image-preview:large, max-video-preview:-1\" \/>\n<link rel=\"canonical\" href=\"http:\/\/www.sanjuandeportes.com\/wp\/2020\/06\/03\/el-deporte-sanjuanino-de-luto-murio-un-reconocido-motociclista\/\" \/>\n<meta property=\"og:locale\" content=\"es_ES\" \/>\n<meta property=\"og:type\" content=\"article\" \/>\n<meta property=\"og:title\" content=\"El deporte sanjuanino de luto: muri\u00f3 un reconocido motociclista - San Juan Deportes\" \/>\n<meta property=\"og:description\" content=\"En las \u00faltimas horas, el joven y reconocido biker y piloto de BMX, Mart\u00edn Javier Mart\u00edn, falleci\u00f3 tras luchar un largo tiempo contra una dura enfermedad. El corredor de motocross, conocido en el ambiente del ciclismo BMX, padec\u00eda leucemia y para solventar gastos de su tratamiento parte del universo deportivo organiz\u00f3 carreras solidarias y lo [&hellip;]\" \/>\n<meta property=\"og:url\" content=\"http:\/\/www.sanjuandeportes.com\/wp\/2020\/06\/03\/el-deporte-sanjuanino-de-luto-murio-un-reconocido-motociclista\/\" \/>\n<meta property=\"og:site_name\" content=\"San Juan Deportes\" \/>\n<meta property=\"article:publisher\" content=\"https:\/\/www.facebook.com\/sanjuandeportesok\" \/>\n<meta property=\"article:published_time\" content=\"2020-06-03T21:08:17+00:00\" \/>\n<meta property=\"article:modified_time\" content=\"2020-06-03T21:11:57+00:00\" \/>\n<meta property=\"og:image\" content=\"http:\/\/www.sanjuandeportes.com\/wp\/wp-content\/uploads\/2020\/06\/s.jpg\" \/>\n\t<meta property=\"og:image:width\" content=\"834\" \/>\n\t<meta property=\"og:image:height\" content=\"664\" \/>\n\t<meta property=\"og:image:type\" content=\"image\/jpeg\" \/>\n<meta name=\"author\" content=\"Pablo Pujado\" \/>\n<meta name=\"twitter:card\" content=\"summary_large_image\" \/>\n<meta name=\"twitter:creator\" content=\"@SanJuanDeportes\" \/>\n<meta name=\"twitter:site\" content=\"@SanJuanDeportes\" \/>\n<meta name=\"twitter:label1\" content=\"Escrito por\" \/>\n\t<meta name=\"twitter:data1\" content=\"Pablo Pujado\" \/>\n<script type=\"application\/ld+json\" class=\"yoast-schema-graph\">{\"@context\":\"https:\\\/\\\/schema.org\",\"@graph\":[{\"@type\":\"Article\",\"@id\":\"http:\\\/\\\/www.sanjuandeportes.com\\\/wp\\\/2020\\\/06\\\/03\\\/el-deporte-sanjuanino-de-luto-murio-un-reconocido-motociclista\\\/#article\",\"isPartOf\":{\"@id\":\"http:\\\/\\\/www.sanjuandeportes.com\\\/wp\\\/2020\\\/06\\\/03\\\/el-deporte-sanjuanino-de-luto-murio-un-reconocido-motociclista\\\/\"},\"author\":{\"name\":\"Pablo Pujado\",\"@id\":\"http:\\\/\\\/www.sanjuandeportes.com\\\/wp\\\/#\\\/schema\\\/person\\\/eda4d8e62a5d42b111781e3cdfcb9c3a\"},\"headline\":\"El deporte sanjuanino de luto: muri\u00f3 un reconocido motociclista\",\"datePublished\":\"2020-06-03T21:08:17+00:00\",\"dateModified\":\"2020-06-03T21:11:57+00:00\",\"mainEntityOfPage\":{\"@id\":\"http:\\\/\\\/www.sanjuandeportes.com\\\/wp\\\/2020\\\/06\\\/03\\\/el-deporte-sanjuanino-de-luto-murio-un-reconocido-motociclista\\\/\"},\"wordCount\":97,\"commentCount\":0,\"publisher\":{\"@id\":\"http:\\\/\\\/www.sanjuandeportes.com\\\/wp\\\/#organization\"},\"image\":{\"@id\":\"http:\\\/\\\/www.sanjuandeportes.com\\\/wp\\\/2020\\\/06\\\/03\\\/el-deporte-sanjuanino-de-luto-murio-un-reconocido-motociclista\\\/#primaryimage\"},\"thumbnailUrl\":\"http:\\\/\\\/www.sanjuandeportes.com\\\/wp\\\/wp-content\\\/uploads\\\/2020\\\/06\\\/s.jpg\",\"keywords\":[\"Mart\u00edn Javier Mart\u00edn\",\"San Juan\",\"Tristeza\"],\"articleSection\":[\"Featured\",\"San Juan\"],\"inLanguage\":\"es\",\"potentialAction\":[{\"@type\":\"CommentAction\",\"name\":\"Comment\",\"target\":[\"http:\\\/\\\/www.sanjuandeportes.com\\\/wp\\\/2020\\\/06\\\/03\\\/el-deporte-sanjuanino-de-luto-murio-un-reconocido-motociclista\\\/#respond\"]}]},{\"@type\":\"WebPage\",\"@id\":\"http:\\\/\\\/www.sanjuandeportes.com\\\/wp\\\/2020\\\/06\\\/03\\\/el-deporte-sanjuanino-de-luto-murio-un-reconocido-motociclista\\\/\",\"url\":\"http:\\\/\\\/www.sanjuandeportes.com\\\/wp\\\/2020\\\/06\\\/03\\\/el-deporte-sanjuanino-de-luto-murio-un-reconocido-motociclista\\\/\",\"name\":\"El deporte sanjuanino de luto: muri\u00f3 un reconocido motociclista - San Juan Deportes\",\"isPartOf\":{\"@id\":\"http:\\\/\\\/www.sanjuandeportes.com\\\/wp\\\/#website\"},\"primaryImageOfPage\":{\"@id\":\"http:\\\/\\\/www.sanjuandeportes.com\\\/wp\\\/2020\\\/06\\\/03\\\/el-deporte-sanjuanino-de-luto-murio-un-reconocido-motociclista\\\/#primaryimage\"},\"image\":{\"@id\":\"http:\\\/\\\/www.sanjuandeportes.com\\\/wp\\\/2020\\\/06\\\/03\\\/el-deporte-sanjuanino-de-luto-murio-un-reconocido-motociclista\\\/#primaryimage\"},\"thumbnailUrl\":\"http:\\\/\\\/www.sanjuandeportes.com\\\/wp\\\/wp-content\\\/uploads\\\/2020\\\/06\\\/s.jpg\",\"datePublished\":\"2020-06-03T21:08:17+00:00\",\"dateModified\":\"2020-06-03T21:11:57+00:00\",\"breadcrumb\":{\"@id\":\"http:\\\/\\\/www.sanjuandeportes.com\\\/wp\\\/2020\\\/06\\\/03\\\/el-deporte-sanjuanino-de-luto-murio-un-reconocido-motociclista\\\/#breadcrumb\"},\"inLanguage\":\"es\",\"potentialAction\":[{\"@type\":\"ReadAction\",\"target\":[\"http:\\\/\\\/www.sanjuandeportes.com\\\/wp\\\/2020\\\/06\\\/03\\\/el-deporte-sanjuanino-de-luto-murio-un-reconocido-motociclista\\\/\"]}]},{\"@type\":\"ImageObject\",\"inLanguage\":\"es\",\"@id\":\"http:\\\/\\\/www.sanjuandeportes.com\\\/wp\\\/2020\\\/06\\\/03\\\/el-deporte-sanjuanino-de-luto-murio-un-reconocido-motociclista\\\/#primaryimage\",\"url\":\"http:\\\/\\\/www.sanjuandeportes.com\\\/wp\\\/wp-content\\\/uploads\\\/2020\\\/06\\\/s.jpg\",\"contentUrl\":\"http:\\\/\\\/www.sanjuandeportes.com\\\/wp\\\/wp-content\\\/uploads\\\/2020\\\/06\\\/s.jpg\",\"width\":834,\"height\":664},{\"@type\":\"BreadcrumbList\",\"@id\":\"http:\\\/\\\/www.sanjuandeportes.com\\\/wp\\\/2020\\\/06\\\/03\\\/el-deporte-sanjuanino-de-luto-murio-un-reconocido-motociclista\\\/#breadcrumb\",\"itemListElement\":[{\"@type\":\"ListItem\",\"position\":1,\"name\":\"Portada\",\"item\":\"http:\\\/\\\/www.sanjuandeportes.com\\\/wp\\\/\"},{\"@type\":\"ListItem\",\"position\":2,\"name\":\"El deporte sanjuanino de luto: muri\u00f3 un reconocido motociclista\"}]},{\"@type\":\"WebSite\",\"@id\":\"http:\\\/\\\/www.sanjuandeportes.com\\\/wp\\\/#website\",\"url\":\"http:\\\/\\\/www.sanjuandeportes.com\\\/wp\\\/\",\"name\":\"San Juan Deportes\",\"description\":\"El sitio de deportes de la provincia de San Juan\",\"publisher\":{\"@id\":\"http:\\\/\\\/www.sanjuandeportes.com\\\/wp\\\/#organization\"},\"potentialAction\":[{\"@type\":\"SearchAction\",\"target\":{\"@type\":\"EntryPoint\",\"urlTemplate\":\"http:\\\/\\\/www.sanjuandeportes.com\\\/wp\\\/?s={search_term_string}\"},\"query-input\":{\"@type\":\"PropertyValueSpecification\",\"valueRequired\":true,\"valueName\":\"search_term_string\"}}],\"inLanguage\":\"es\"},{\"@type\":\"Organization\",\"@id\":\"http:\\\/\\\/www.sanjuandeportes.com\\\/wp\\\/#organization\",\"name\":\"San Juan Deportes\",\"url\":\"http:\\\/\\\/www.sanjuandeportes.com\\\/wp\\\/\",\"logo\":{\"@type\":\"ImageObject\",\"inLanguage\":\"es\",\"@id\":\"http:\\\/\\\/www.sanjuandeportes.com\\\/wp\\\/#\\\/schema\\\/logo\\\/image\\\/\",\"url\":\"https:\\\/\\\/www.sanjuandeportes.com\\\/wp\\\/wp-content\\\/uploads\\\/unnamed.jpg\",\"contentUrl\":\"https:\\\/\\\/www.sanjuandeportes.com\\\/wp\\\/wp-content\\\/uploads\\\/unnamed.jpg\",\"width\":900,\"height\":900,\"caption\":\"San Juan Deportes\"},\"image\":{\"@id\":\"http:\\\/\\\/www.sanjuandeportes.com\\\/wp\\\/#\\\/schema\\\/logo\\\/image\\\/\"},\"sameAs\":[\"https:\\\/\\\/www.facebook.com\\\/sanjuandeportesok\",\"https:\\\/\\\/x.com\\\/SanJuanDeportes\",\"https:\\\/\\\/www.instagram.com\\\/sanjuandeportes\"]},{\"@type\":\"Person\",\"@id\":\"http:\\\/\\\/www.sanjuandeportes.com\\\/wp\\\/#\\\/schema\\\/person\\\/eda4d8e62a5d42b111781e3cdfcb9c3a\",\"name\":\"Pablo Pujado\",\"image\":{\"@type\":\"ImageObject\",\"inLanguage\":\"es\",\"@id\":\"https:\\\/\\\/secure.gravatar.com\\\/avatar\\\/310b69d28112912c333408a462a9837208de951b1e7c11514781740412f648b1?s=96&d=mm&r=g\",\"url\":\"https:\\\/\\\/secure.gravatar.com\\\/avatar\\\/310b69d28112912c333408a462a9837208de951b1e7c11514781740412f648b1?s=96&d=mm&r=g\",\"contentUrl\":\"https:\\\/\\\/secure.gravatar.com\\\/avatar\\\/310b69d28112912c333408a462a9837208de951b1e7c11514781740412f648b1?s=96&d=mm&r=g\",\"caption\":\"Pablo Pujado\"},\"url\":\"http:\\\/\\\/www.sanjuandeportes.com\\\/wp\\\/author\\\/pablo-pujado\\\/\"}]}<\/script>\n<!-- \/ Yoast SEO plugin. -->","yoast_head_json":{"title":"El deporte sanjuanino de luto: muri\u00f3 un reconocido motociclista - San Juan Deportes","robots":{"index":"index","follow":"follow","max-snippet":"max-snippet:-1","max-image-preview":"max-image-preview:large","max-video-preview":"max-video-preview:-1"},"canonical":"http:\/\/www.sanjuandeportes.com\/wp\/2020\/06\/03\/el-deporte-sanjuanino-de-luto-murio-un-reconocido-motociclista\/","og_locale":"es_ES","og_type":"article","og_title":"El deporte sanjuanino de luto: muri\u00f3 un reconocido motociclista - San Juan Deportes","og_description":"En las \u00faltimas horas, el joven y reconocido biker y piloto de BMX, Mart\u00edn Javier Mart\u00edn, falleci\u00f3 tras luchar un largo tiempo contra una dura enfermedad. El corredor de motocross, conocido en el ambiente del ciclismo BMX, padec\u00eda leucemia y para solventar gastos de su tratamiento parte del universo deportivo organiz\u00f3 carreras solidarias y lo [&hellip;]","og_url":"http:\/\/www.sanjuandeportes.com\/wp\/2020\/06\/03\/el-deporte-sanjuanino-de-luto-murio-un-reconocido-motociclista\/","og_site_name":"San Juan Deportes","article_publisher":"https:\/\/www.facebook.com\/sanjuandeportesok","article_published_time":"2020-06-03T21:08:17+00:00","article_modified_time":"2020-06-03T21:11:57+00:00","og_image":[{"width":834,"height":664,"url":"http:\/\/www.sanjuandeportes.com\/wp\/wp-content\/uploads\/2020\/06\/s.jpg","type":"image\/jpeg"}],"author":"Pablo Pujado","twitter_card":"summary_large_image","twitter_creator":"@SanJuanDeportes","twitter_site":"@SanJuanDeportes","twitter_misc":{"Escrito por":"Pablo Pujado"},"schema":{"@context":"https:\/\/schema.org","@graph":[{"@type":"Article","@id":"http:\/\/www.sanjuandeportes.com\/wp\/2020\/06\/03\/el-deporte-sanjuanino-de-luto-murio-un-reconocido-motociclista\/#article","isPartOf":{"@id":"http:\/\/www.sanjuandeportes.com\/wp\/2020\/06\/03\/el-deporte-sanjuanino-de-luto-murio-un-reconocido-motociclista\/"},"author":{"name":"Pablo Pujado","@id":"http:\/\/www.sanjuandeportes.com\/wp\/#\/schema\/person\/eda4d8e62a5d42b111781e3cdfcb9c3a"},"headline":"El deporte sanjuanino de luto: muri\u00f3 un reconocido motociclista","datePublished":"2020-06-03T21:08:17+00:00","dateModified":"2020-06-03T21:11:57+00:00","mainEntityOfPage":{"@id":"http:\/\/www.sanjuandeportes.com\/wp\/2020\/06\/03\/el-deporte-sanjuanino-de-luto-murio-un-reconocido-motociclista\/"},"wordCount":97,"commentCount":0,"publisher":{"@id":"http:\/\/www.sanjuandeportes.com\/wp\/#organization"},"image":{"@id":"http:\/\/www.sanjuandeportes.com\/wp\/2020\/06\/03\/el-deporte-sanjuanino-de-luto-murio-un-reconocido-motociclista\/#primaryimage"},"thumbnailUrl":"http:\/\/www.sanjuandeportes.com\/wp\/wp-content\/uploads\/2020\/06\/s.jpg","keywords":["Mart\u00edn Javier Mart\u00edn","San Juan","Tristeza"],"articleSection":["Featured","San Juan"],"inLanguage":"es","potentialAction":[{"@type":"CommentAction","name":"Comment","target":["http:\/\/www.sanjuandeportes.com\/wp\/2020\/06\/03\/el-deporte-sanjuanino-de-luto-murio-un-reconocido-motociclista\/#respond"]}]},{"@type":"WebPage","@id":"http:\/\/www.sanjuandeportes.com\/wp\/2020\/06\/03\/el-deporte-sanjuanino-de-luto-murio-un-reconocido-motociclista\/","url":"http:\/\/www.sanjuandeportes.com\/wp\/2020\/06\/03\/el-deporte-sanjuanino-de-luto-murio-un-reconocido-motociclista\/","name":"El deporte sanjuanino de luto: muri\u00f3 un reconocido motociclista - San Juan Deportes","isPartOf":{"@id":"http:\/\/www.sanjuandeportes.com\/wp\/#website"},"primaryImageOfPage":{"@id":"http:\/\/www.sanjuandeportes.com\/wp\/2020\/06\/03\/el-deporte-sanjuanino-de-luto-murio-un-reconocido-motociclista\/#primaryimage"},"image":{"@id":"http:\/\/www.sanjuandeportes.com\/wp\/2020\/06\/03\/el-deporte-sanjuanino-de-luto-murio-un-reconocido-motociclista\/#primaryimage"},"thumbnailUrl":"http:\/\/www.sanjuandeportes.com\/wp\/wp-content\/uploads\/2020\/06\/s.jpg","datePublished":"2020-06-03T21:08:17+00:00","dateModified":"2020-06-03T21:11:57+00:00","breadcrumb":{"@id":"http:\/\/www.sanjuandeportes.com\/wp\/2020\/06\/03\/el-deporte-sanjuanino-de-luto-murio-un-reconocido-motociclista\/#breadcrumb"},"inLanguage":"es","potentialAction":[{"@type":"ReadAction","target":["http:\/\/www.sanjuandeportes.com\/wp\/2020\/06\/03\/el-deporte-sanjuanino-de-luto-murio-un-reconocido-motociclista\/"]}]},{"@type":"ImageObject","inLanguage":"es","@id":"http:\/\/www.sanjuandeportes.com\/wp\/2020\/06\/03\/el-deporte-sanjuanino-de-luto-murio-un-reconocido-motociclista\/#primaryimage","url":"http:\/\/www.sanjuandeportes.com\/wp\/wp-content\/uploads\/2020\/06\/s.jpg","contentUrl":"http:\/\/www.sanjuandeportes.com\/wp\/wp-content\/uploads\/2020\/06\/s.jpg","width":834,"height":664},{"@type":"BreadcrumbList","@id":"http:\/\/www.sanjuandeportes.com\/wp\/2020\/06\/03\/el-deporte-sanjuanino-de-luto-murio-un-reconocido-motociclista\/#breadcrumb","itemListElement":[{"@type":"ListItem","position":1,"name":"Portada","item":"http:\/\/www.sanjuandeportes.com\/wp\/"},{"@type":"ListItem","position":2,"name":"El deporte sanjuanino de luto: muri\u00f3 un reconocido motociclista"}]},{"@type":"WebSite","@id":"http:\/\/www.sanjuandeportes.com\/wp\/#website","url":"http:\/\/www.sanjuandeportes.com\/wp\/","name":"San Juan Deportes","description":"El sitio de deportes de la provincia de San Juan","publisher":{"@id":"http:\/\/www.sanjuandeportes.com\/wp\/#organization"},"potentialAction":[{"@type":"SearchAction","target":{"@type":"EntryPoint","urlTemplate":"http:\/\/www.sanjuandeportes.com\/wp\/?s={search_term_string}"},"query-input":{"@type":"PropertyValueSpecification","valueRequired":true,"valueName":"search_term_string"}}],"inLanguage":"es"},{"@type":"Organization","@id":"http:\/\/www.sanjuandeportes.com\/wp\/#organization","name":"San Juan Deportes","url":"http:\/\/www.sanjuandeportes.com\/wp\/","logo":{"@type":"ImageObject","inLanguage":"es","@id":"http:\/\/www.sanjuandeportes.com\/wp\/#\/schema\/logo\/image\/","url":"https:\/\/www.sanjuandeportes.com\/wp\/wp-content\/uploads\/unnamed.jpg","contentUrl":"https:\/\/www.sanjuandeportes.com\/wp\/wp-content\/uploads\/unnamed.jpg","width":900,"height":900,"caption":"San Juan Deportes"},"image":{"@id":"http:\/\/www.sanjuandeportes.com\/wp\/#\/schema\/logo\/image\/"},"sameAs":["https:\/\/www.facebook.com\/sanjuandeportesok","https:\/\/x.com\/SanJuanDeportes","https:\/\/www.instagram.com\/sanjuandeportes"]},{"@type":"Person","@id":"http:\/\/www.sanjuandeportes.com\/wp\/#\/schema\/person\/eda4d8e62a5d42b111781e3cdfcb9c3a","name":"Pablo Pujado","image":{"@type":"ImageObject","inLanguage":"es","@id":"https:\/\/secure.gravatar.com\/avatar\/310b69d28112912c333408a462a9837208de951b1e7c11514781740412f648b1?s=96&d=mm&r=g","url":"https:\/\/secure.gravatar.com\/avatar\/310b69d28112912c333408a462a9837208de951b1e7c11514781740412f648b1?s=96&d=mm&r=g","contentUrl":"https:\/\/secure.gravatar.com\/avatar\/310b69d28112912c333408a462a9837208de951b1e7c11514781740412f648b1?s=96&d=mm&r=g","caption":"Pablo Pujado"},"url":"http:\/\/www.sanjuandeportes.com\/wp\/author\/pablo-pujado\/"}]}},"_links":{"self":[{"href":"http:\/\/www.sanjuandeportes.com\/wp\/wp-json\/wp\/v2\/posts\/9880","targetHints":{"allow":["GET"]}}],"collection":[{"href":"http:\/\/www.sanjuandeportes.com\/wp\/wp-json\/wp\/v2\/posts"}],"about":[{"href":"http:\/\/www.sanjuandeportes.com\/wp\/wp-json\/wp\/v2\/types\/post"}],"author":[{"embeddable":true,"href":"http:\/\/www.sanjuandeportes.com\/wp\/wp-json\/wp\/v2\/users\/5"}],"replies":[{"embeddable":true,"href":"http:\/\/www.sanjuandeportes.com\/wp\/wp-json\/wp\/v2\/comments?post=9880"}],"version-history":[{"count":1,"href":"http:\/\/www.sanjuandeportes.com\/wp\/wp-json\/wp\/v2\/posts\/9880\/revisions"}],"predecessor-version":[{"id":9881,"href":"http:\/\/www.sanjuandeportes.com\/wp\/wp-json\/wp\/v2\/posts\/9880\/revisions\/9881"}],"wp:featuredmedia":[{"embeddable":true,"href":"http:\/\/www.sanjuandeportes.com\/wp\/wp-json\/wp\/v2\/media\/9882"}],"wp:attachment":[{"href":"http:\/\/www.sanjuandeportes.com\/wp\/wp-json\/wp\/v2\/media?parent=9880"}],"wp:term":[{"taxonomy":"category","embeddable":true,"href":"http:\/\/www.sanjuandeportes.com\/wp\/wp-json\/wp\/v2\/categories?post=9880"},{"taxonomy":"post_tag","embeddable":true,"href":"http:\/\/www.sanjuandeportes.com\/wp\/wp-json\/wp\/v2\/tags?post=9880"}],"curies":[{"name":"wp","href":"https:\/\/api.w.org\/{rel}","templated":true}]}}