{"id":9912,"date":"2020-06-09T13:58:39","date_gmt":"2020-06-09T13:58:39","guid":{"rendered":"http:\/\/www.sanjuandeportes.com\/wp\/?p=9912"},"modified":"2020-06-09T13:58:39","modified_gmt":"2020-06-09T13:58:39","slug":"oficial-el-regional-amateur-tiene-un-plan-para-volver-en-setiembre","status":"publish","type":"post","link":"http:\/\/www.sanjuandeportes.com\/wp\/2020\/06\/09\/oficial-el-regional-amateur-tiene-un-plan-para-volver-en-setiembre\/","title":{"rendered":"Oficial: el Regional Amateur tiene un plan para volver en setiembre"},"content":{"rendered":"<p>Mientras en muchos pa\u00edses del mundo la pelota ya volvi\u00f3 a rodar, en Argentina se trabaja en protocolos para retomar las pr\u00e1cticas y tambi\u00e9n en nuevos reglamentos para los torneos que ya estaban en marcha.<\/p>\n<p>En el caso del\u00a0Regional Federal Amateur 2019-2020\u00a0se decidi\u00f3 dar por concluido ese campeonato y comenzar uno nuevo del cual podr\u00e1n participar los 98 equipos que segu\u00edan en competencia.<\/p>\n<p>Seg\u00fan adelant\u00f3 \u201cAscenso del Interior\u201d\u00a0no ser\u00e1 obligatorio participar y una vez que se defina la cantidad de participantes habr\u00e1 detalles sobre la forma de disputa para poder conseguir los cuatro ascensos que habr\u00e1 en juego.<\/p>\n<p>Atendiendo a las cuestiones econ\u00f3micas que afectan a los equipos, mantener un plantel hasta septiembre o rearmar uno en este contexto, podr\u00eda hacer que varios decidan bajarse.<\/p>\n<p><span class=\"TextoDestacado\">La fecha tentativa de inicio de este \u00abnuevo torneo\u00bb ser\u00eda el domingo 13 de Septiembre y la de finalizaci\u00f3n el domingo 13 de Diciembre.<\/span><\/p>\n<div class=\"is-margin-lr node-related is-margin-b\">\n<div class=\"amp-carousel-button amp-carousel-button-next amp-disabled\" tabindex=\"0\" title=\"Next item in carousel\" role=\"presentation\" aria-disabled=\"true\">\u00abCuando se activen los entrenamientos se podr\u00e1 saber una fecha confirmada para volver a competir\u00bb, explic\u00f3 Daniel Alborn\u00f3s, manager de Pe\u00f1arol<\/div>\n<\/div>\n<p>\u00abVeremos qu\u00e9 pasa a mediados de julio que es cuando yo estimo que se va a avanzar en el armado del torneo\u00bb, agreg\u00f3 Oscar Gencarelli, directivo de Juniors.<\/p>\n<p>Por otra parte, se supo que si las condiciones de salud a nivel nacional no se encuentran \u00f3ptimas para la vuelta del f\u00fatbol, indefectiblemente el torneo ser\u00e1 declarado nulo y no habr\u00e1 ascensos.<\/p>\n","protected":false},"excerpt":{"rendered":"<p>Mientras en muchos pa\u00edses del mundo la pelota ya volvi\u00f3 a rodar, en Argentina se trabaja en protocolos para retomar las pr\u00e1cticas y tambi\u00e9n en nuevos reglamentos para los torneos que ya estaban en marcha. En el caso del\u00a0Regional Federal Amateur 2019-2020\u00a0se decidi\u00f3 dar por concluido ese campeonato y comenzar uno nuevo del cual podr\u00e1n [&hellip;]<\/p>\n","protected":false},"author":5,"featured_media":9396,"comment_status":"open","ping_status":"open","sticky":false,"template":"","format":"standard","meta":{"footnotes":""},"categories":[2,24,182,178],"tags":[213,141,189],"class_list":["post-9912","post","type-post","status-publish","format-standard","has-post-thumbnail","hentry","category-featured","category-futbol","category-regional-amateur","category-san-juan","tag-deportes","tag-futbol","tag-regional-amateur"],"yoast_head":"<!-- This site is optimized with the Yoast SEO plugin v28.2 - https:\/\/yoast.com\/product\/yoast-seo-wordpress\/ -->\n<title>Oficial: el Regional Amateur tiene un plan para volver en setiembre - San Juan Deportes<\/title>\n<meta name=\"robots\" content=\"index, follow, max-snippet:-1, max-image-preview:large, max-video-preview:-1\" \/>\n<link rel=\"canonical\" href=\"http:\/\/www.sanjuandeportes.com\/wp\/2020\/06\/09\/oficial-el-regional-amateur-tiene-un-plan-para-volver-en-setiembre\/\" \/>\n<meta property=\"og:locale\" content=\"es_ES\" \/>\n<meta property=\"og:type\" content=\"article\" \/>\n<meta property=\"og:title\" content=\"Oficial: el Regional Amateur tiene un plan para volver en setiembre - San Juan Deportes\" \/>\n<meta property=\"og:description\" content=\"Mientras en muchos pa\u00edses del mundo la pelota ya volvi\u00f3 a rodar, en Argentina se trabaja en protocolos para retomar las pr\u00e1cticas y tambi\u00e9n en nuevos reglamentos para los torneos que ya estaban en marcha. En el caso del\u00a0Regional Federal Amateur 2019-2020\u00a0se decidi\u00f3 dar por concluido ese campeonato y comenzar uno nuevo del cual podr\u00e1n [&hellip;]\" \/>\n<meta property=\"og:url\" content=\"http:\/\/www.sanjuandeportes.com\/wp\/2020\/06\/09\/oficial-el-regional-amateur-tiene-un-plan-para-volver-en-setiembre\/\" \/>\n<meta property=\"og:site_name\" content=\"San Juan Deportes\" \/>\n<meta property=\"article:publisher\" content=\"https:\/\/www.facebook.com\/sanjuandeportesok\" \/>\n<meta property=\"article:published_time\" content=\"2020-06-09T13:58:39+00:00\" \/>\n<meta property=\"og:image\" content=\"http:\/\/www.sanjuandeportes.com\/wp\/wp-content\/uploads\/2020\/03\/0492cbec-be8c-401f-8343-2e0a01c46069.jpg\" \/>\n\t<meta property=\"og:image:width\" content=\"1280\" \/>\n\t<meta property=\"og:image:height\" content=\"1014\" \/>\n\t<meta property=\"og:image:type\" content=\"image\/jpeg\" \/>\n<meta name=\"author\" content=\"Pablo Pujado\" \/>\n<meta name=\"twitter:card\" content=\"summary_large_image\" \/>\n<meta name=\"twitter:creator\" content=\"@SanJuanDeportes\" \/>\n<meta name=\"twitter:site\" content=\"@SanJuanDeportes\" \/>\n<meta name=\"twitter:label1\" content=\"Escrito por\" \/>\n\t<meta name=\"twitter:data1\" content=\"Pablo Pujado\" \/>\n\t<meta name=\"twitter:label2\" content=\"Tiempo de lectura\" \/>\n\t<meta name=\"twitter:data2\" content=\"1 minuto\" \/>\n<script type=\"application\/ld+json\" class=\"yoast-schema-graph\">{\"@context\":\"https:\\\/\\\/schema.org\",\"@graph\":[{\"@type\":\"Article\",\"@id\":\"http:\\\/\\\/www.sanjuandeportes.com\\\/wp\\\/2020\\\/06\\\/09\\\/oficial-el-regional-amateur-tiene-un-plan-para-volver-en-setiembre\\\/#article\",\"isPartOf\":{\"@id\":\"http:\\\/\\\/www.sanjuandeportes.com\\\/wp\\\/2020\\\/06\\\/09\\\/oficial-el-regional-amateur-tiene-un-plan-para-volver-en-setiembre\\\/\"},\"author\":{\"name\":\"Pablo Pujado\",\"@id\":\"http:\\\/\\\/www.sanjuandeportes.com\\\/wp\\\/#\\\/schema\\\/person\\\/eda4d8e62a5d42b111781e3cdfcb9c3a\"},\"headline\":\"Oficial: el Regional Amateur tiene un plan para volver en setiembre\",\"datePublished\":\"2020-06-09T13:58:39+00:00\",\"mainEntityOfPage\":{\"@id\":\"http:\\\/\\\/www.sanjuandeportes.com\\\/wp\\\/2020\\\/06\\\/09\\\/oficial-el-regional-amateur-tiene-un-plan-para-volver-en-setiembre\\\/\"},\"wordCount\":255,\"commentCount\":0,\"publisher\":{\"@id\":\"http:\\\/\\\/www.sanjuandeportes.com\\\/wp\\\/#organization\"},\"image\":{\"@id\":\"http:\\\/\\\/www.sanjuandeportes.com\\\/wp\\\/2020\\\/06\\\/09\\\/oficial-el-regional-amateur-tiene-un-plan-para-volver-en-setiembre\\\/#primaryimage\"},\"thumbnailUrl\":\"http:\\\/\\\/www.sanjuandeportes.com\\\/wp\\\/wp-content\\\/uploads\\\/2020\\\/03\\\/0492cbec-be8c-401f-8343-2e0a01c46069.jpg\",\"keywords\":[\"Deportes\",\"f\u00fatbol\",\"Regional Amateur\"],\"articleSection\":[\"Featured\",\"Futbol\",\"Regional Amateur\",\"San Juan\"],\"inLanguage\":\"es\",\"potentialAction\":[{\"@type\":\"CommentAction\",\"name\":\"Comment\",\"target\":[\"http:\\\/\\\/www.sanjuandeportes.com\\\/wp\\\/2020\\\/06\\\/09\\\/oficial-el-regional-amateur-tiene-un-plan-para-volver-en-setiembre\\\/#respond\"]}]},{\"@type\":\"WebPage\",\"@id\":\"http:\\\/\\\/www.sanjuandeportes.com\\\/wp\\\/2020\\\/06\\\/09\\\/oficial-el-regional-amateur-tiene-un-plan-para-volver-en-setiembre\\\/\",\"url\":\"http:\\\/\\\/www.sanjuandeportes.com\\\/wp\\\/2020\\\/06\\\/09\\\/oficial-el-regional-amateur-tiene-un-plan-para-volver-en-setiembre\\\/\",\"name\":\"Oficial: el Regional Amateur tiene un plan para volver en setiembre - San Juan Deportes\",\"isPartOf\":{\"@id\":\"http:\\\/\\\/www.sanjuandeportes.com\\\/wp\\\/#website\"},\"primaryImageOfPage\":{\"@id\":\"http:\\\/\\\/www.sanjuandeportes.com\\\/wp\\\/2020\\\/06\\\/09\\\/oficial-el-regional-amateur-tiene-un-plan-para-volver-en-setiembre\\\/#primaryimage\"},\"image\":{\"@id\":\"http:\\\/\\\/www.sanjuandeportes.com\\\/wp\\\/2020\\\/06\\\/09\\\/oficial-el-regional-amateur-tiene-un-plan-para-volver-en-setiembre\\\/#primaryimage\"},\"thumbnailUrl\":\"http:\\\/\\\/www.sanjuandeportes.com\\\/wp\\\/wp-content\\\/uploads\\\/2020\\\/03\\\/0492cbec-be8c-401f-8343-2e0a01c46069.jpg\",\"datePublished\":\"2020-06-09T13:58:39+00:00\",\"breadcrumb\":{\"@id\":\"http:\\\/\\\/www.sanjuandeportes.com\\\/wp\\\/2020\\\/06\\\/09\\\/oficial-el-regional-amateur-tiene-un-plan-para-volver-en-setiembre\\\/#breadcrumb\"},\"inLanguage\":\"es\",\"potentialAction\":[{\"@type\":\"ReadAction\",\"target\":[\"http:\\\/\\\/www.sanjuandeportes.com\\\/wp\\\/2020\\\/06\\\/09\\\/oficial-el-regional-amateur-tiene-un-plan-para-volver-en-setiembre\\\/\"]}]},{\"@type\":\"ImageObject\",\"inLanguage\":\"es\",\"@id\":\"http:\\\/\\\/www.sanjuandeportes.com\\\/wp\\\/2020\\\/06\\\/09\\\/oficial-el-regional-amateur-tiene-un-plan-para-volver-en-setiembre\\\/#primaryimage\",\"url\":\"http:\\\/\\\/www.sanjuandeportes.com\\\/wp\\\/wp-content\\\/uploads\\\/2020\\\/03\\\/0492cbec-be8c-401f-8343-2e0a01c46069.jpg\",\"contentUrl\":\"http:\\\/\\\/www.sanjuandeportes.com\\\/wp\\\/wp-content\\\/uploads\\\/2020\\\/03\\\/0492cbec-be8c-401f-8343-2e0a01c46069.jpg\",\"width\":1280,\"height\":1014},{\"@type\":\"BreadcrumbList\",\"@id\":\"http:\\\/\\\/www.sanjuandeportes.com\\\/wp\\\/2020\\\/06\\\/09\\\/oficial-el-regional-amateur-tiene-un-plan-para-volver-en-setiembre\\\/#breadcrumb\",\"itemListElement\":[{\"@type\":\"ListItem\",\"position\":1,\"name\":\"Portada\",\"item\":\"http:\\\/\\\/www.sanjuandeportes.com\\\/wp\\\/\"},{\"@type\":\"ListItem\",\"position\":2,\"name\":\"Oficial: el Regional Amateur tiene un plan para volver en setiembre\"}]},{\"@type\":\"WebSite\",\"@id\":\"http:\\\/\\\/www.sanjuandeportes.com\\\/wp\\\/#website\",\"url\":\"http:\\\/\\\/www.sanjuandeportes.com\\\/wp\\\/\",\"name\":\"San Juan Deportes\",\"description\":\"El sitio de deportes de la provincia de San Juan\",\"publisher\":{\"@id\":\"http:\\\/\\\/www.sanjuandeportes.com\\\/wp\\\/#organization\"},\"potentialAction\":[{\"@type\":\"SearchAction\",\"target\":{\"@type\":\"EntryPoint\",\"urlTemplate\":\"http:\\\/\\\/www.sanjuandeportes.com\\\/wp\\\/?s={search_term_string}\"},\"query-input\":{\"@type\":\"PropertyValueSpecification\",\"valueRequired\":true,\"valueName\":\"search_term_string\"}}],\"inLanguage\":\"es\"},{\"@type\":\"Organization\",\"@id\":\"http:\\\/\\\/www.sanjuandeportes.com\\\/wp\\\/#organization\",\"name\":\"San Juan Deportes\",\"url\":\"http:\\\/\\\/www.sanjuandeportes.com\\\/wp\\\/\",\"logo\":{\"@type\":\"ImageObject\",\"inLanguage\":\"es\",\"@id\":\"http:\\\/\\\/www.sanjuandeportes.com\\\/wp\\\/#\\\/schema\\\/logo\\\/image\\\/\",\"url\":\"https:\\\/\\\/www.sanjuandeportes.com\\\/wp\\\/wp-content\\\/uploads\\\/unnamed.jpg\",\"contentUrl\":\"https:\\\/\\\/www.sanjuandeportes.com\\\/wp\\\/wp-content\\\/uploads\\\/unnamed.jpg\",\"width\":900,\"height\":900,\"caption\":\"San Juan Deportes\"},\"image\":{\"@id\":\"http:\\\/\\\/www.sanjuandeportes.com\\\/wp\\\/#\\\/schema\\\/logo\\\/image\\\/\"},\"sameAs\":[\"https:\\\/\\\/www.facebook.com\\\/sanjuandeportesok\",\"https:\\\/\\\/x.com\\\/SanJuanDeportes\",\"https:\\\/\\\/www.instagram.com\\\/sanjuandeportes\"]},{\"@type\":\"Person\",\"@id\":\"http:\\\/\\\/www.sanjuandeportes.com\\\/wp\\\/#\\\/schema\\\/person\\\/eda4d8e62a5d42b111781e3cdfcb9c3a\",\"name\":\"Pablo Pujado\",\"image\":{\"@type\":\"ImageObject\",\"inLanguage\":\"es\",\"@id\":\"https:\\\/\\\/secure.gravatar.com\\\/avatar\\\/310b69d28112912c333408a462a9837208de951b1e7c11514781740412f648b1?s=96&d=mm&r=g\",\"url\":\"https:\\\/\\\/secure.gravatar.com\\\/avatar\\\/310b69d28112912c333408a462a9837208de951b1e7c11514781740412f648b1?s=96&d=mm&r=g\",\"contentUrl\":\"https:\\\/\\\/secure.gravatar.com\\\/avatar\\\/310b69d28112912c333408a462a9837208de951b1e7c11514781740412f648b1?s=96&d=mm&r=g\",\"caption\":\"Pablo Pujado\"},\"url\":\"http:\\\/\\\/www.sanjuandeportes.com\\\/wp\\\/author\\\/pablo-pujado\\\/\"}]}<\/script>\n<!-- \/ Yoast SEO plugin. -->","yoast_head_json":{"title":"Oficial: el Regional Amateur tiene un plan para volver en setiembre - San Juan Deportes","robots":{"index":"index","follow":"follow","max-snippet":"max-snippet:-1","max-image-preview":"max-image-preview:large","max-video-preview":"max-video-preview:-1"},"canonical":"http:\/\/www.sanjuandeportes.com\/wp\/2020\/06\/09\/oficial-el-regional-amateur-tiene-un-plan-para-volver-en-setiembre\/","og_locale":"es_ES","og_type":"article","og_title":"Oficial: el Regional Amateur tiene un plan para volver en setiembre - San Juan Deportes","og_description":"Mientras en muchos pa\u00edses del mundo la pelota ya volvi\u00f3 a rodar, en Argentina se trabaja en protocolos para retomar las pr\u00e1cticas y tambi\u00e9n en nuevos reglamentos para los torneos que ya estaban en marcha. En el caso del\u00a0Regional Federal Amateur 2019-2020\u00a0se decidi\u00f3 dar por concluido ese campeonato y comenzar uno nuevo del cual podr\u00e1n [&hellip;]","og_url":"http:\/\/www.sanjuandeportes.com\/wp\/2020\/06\/09\/oficial-el-regional-amateur-tiene-un-plan-para-volver-en-setiembre\/","og_site_name":"San Juan Deportes","article_publisher":"https:\/\/www.facebook.com\/sanjuandeportesok","article_published_time":"2020-06-09T13:58:39+00:00","og_image":[{"width":1280,"height":1014,"url":"http:\/\/www.sanjuandeportes.com\/wp\/wp-content\/uploads\/2020\/03\/0492cbec-be8c-401f-8343-2e0a01c46069.jpg","type":"image\/jpeg"}],"author":"Pablo Pujado","twitter_card":"summary_large_image","twitter_creator":"@SanJuanDeportes","twitter_site":"@SanJuanDeportes","twitter_misc":{"Escrito por":"Pablo Pujado","Tiempo de lectura":"1 minuto"},"schema":{"@context":"https:\/\/schema.org","@graph":[{"@type":"Article","@id":"http:\/\/www.sanjuandeportes.com\/wp\/2020\/06\/09\/oficial-el-regional-amateur-tiene-un-plan-para-volver-en-setiembre\/#article","isPartOf":{"@id":"http:\/\/www.sanjuandeportes.com\/wp\/2020\/06\/09\/oficial-el-regional-amateur-tiene-un-plan-para-volver-en-setiembre\/"},"author":{"name":"Pablo Pujado","@id":"http:\/\/www.sanjuandeportes.com\/wp\/#\/schema\/person\/eda4d8e62a5d42b111781e3cdfcb9c3a"},"headline":"Oficial: el Regional Amateur tiene un plan para volver en setiembre","datePublished":"2020-06-09T13:58:39+00:00","mainEntityOfPage":{"@id":"http:\/\/www.sanjuandeportes.com\/wp\/2020\/06\/09\/oficial-el-regional-amateur-tiene-un-plan-para-volver-en-setiembre\/"},"wordCount":255,"commentCount":0,"publisher":{"@id":"http:\/\/www.sanjuandeportes.com\/wp\/#organization"},"image":{"@id":"http:\/\/www.sanjuandeportes.com\/wp\/2020\/06\/09\/oficial-el-regional-amateur-tiene-un-plan-para-volver-en-setiembre\/#primaryimage"},"thumbnailUrl":"http:\/\/www.sanjuandeportes.com\/wp\/wp-content\/uploads\/2020\/03\/0492cbec-be8c-401f-8343-2e0a01c46069.jpg","keywords":["Deportes","f\u00fatbol","Regional Amateur"],"articleSection":["Featured","Futbol","Regional Amateur","San Juan"],"inLanguage":"es","potentialAction":[{"@type":"CommentAction","name":"Comment","target":["http:\/\/www.sanjuandeportes.com\/wp\/2020\/06\/09\/oficial-el-regional-amateur-tiene-un-plan-para-volver-en-setiembre\/#respond"]}]},{"@type":"WebPage","@id":"http:\/\/www.sanjuandeportes.com\/wp\/2020\/06\/09\/oficial-el-regional-amateur-tiene-un-plan-para-volver-en-setiembre\/","url":"http:\/\/www.sanjuandeportes.com\/wp\/2020\/06\/09\/oficial-el-regional-amateur-tiene-un-plan-para-volver-en-setiembre\/","name":"Oficial: el Regional Amateur tiene un plan para volver en setiembre - San Juan Deportes","isPartOf":{"@id":"http:\/\/www.sanjuandeportes.com\/wp\/#website"},"primaryImageOfPage":{"@id":"http:\/\/www.sanjuandeportes.com\/wp\/2020\/06\/09\/oficial-el-regional-amateur-tiene-un-plan-para-volver-en-setiembre\/#primaryimage"},"image":{"@id":"http:\/\/www.sanjuandeportes.com\/wp\/2020\/06\/09\/oficial-el-regional-amateur-tiene-un-plan-para-volver-en-setiembre\/#primaryimage"},"thumbnailUrl":"http:\/\/www.sanjuandeportes.com\/wp\/wp-content\/uploads\/2020\/03\/0492cbec-be8c-401f-8343-2e0a01c46069.jpg","datePublished":"2020-06-09T13:58:39+00:00","breadcrumb":{"@id":"http:\/\/www.sanjuandeportes.com\/wp\/2020\/06\/09\/oficial-el-regional-amateur-tiene-un-plan-para-volver-en-setiembre\/#breadcrumb"},"inLanguage":"es","potentialAction":[{"@type":"ReadAction","target":["http:\/\/www.sanjuandeportes.com\/wp\/2020\/06\/09\/oficial-el-regional-amateur-tiene-un-plan-para-volver-en-setiembre\/"]}]},{"@type":"ImageObject","inLanguage":"es","@id":"http:\/\/www.sanjuandeportes.com\/wp\/2020\/06\/09\/oficial-el-regional-amateur-tiene-un-plan-para-volver-en-setiembre\/#primaryimage","url":"http:\/\/www.sanjuandeportes.com\/wp\/wp-content\/uploads\/2020\/03\/0492cbec-be8c-401f-8343-2e0a01c46069.jpg","contentUrl":"http:\/\/www.sanjuandeportes.com\/wp\/wp-content\/uploads\/2020\/03\/0492cbec-be8c-401f-8343-2e0a01c46069.jpg","width":1280,"height":1014},{"@type":"BreadcrumbList","@id":"http:\/\/www.sanjuandeportes.com\/wp\/2020\/06\/09\/oficial-el-regional-amateur-tiene-un-plan-para-volver-en-setiembre\/#breadcrumb","itemListElement":[{"@type":"ListItem","position":1,"name":"Portada","item":"http:\/\/www.sanjuandeportes.com\/wp\/"},{"@type":"ListItem","position":2,"name":"Oficial: el Regional Amateur tiene un plan para volver en setiembre"}]},{"@type":"WebSite","@id":"http:\/\/www.sanjuandeportes.com\/wp\/#website","url":"http:\/\/www.sanjuandeportes.com\/wp\/","name":"San Juan Deportes","description":"El sitio de deportes de la provincia de San Juan","publisher":{"@id":"http:\/\/www.sanjuandeportes.com\/wp\/#organization"},"potentialAction":[{"@type":"SearchAction","target":{"@type":"EntryPoint","urlTemplate":"http:\/\/www.sanjuandeportes.com\/wp\/?s={search_term_string}"},"query-input":{"@type":"PropertyValueSpecification","valueRequired":true,"valueName":"search_term_string"}}],"inLanguage":"es"},{"@type":"Organization","@id":"http:\/\/www.sanjuandeportes.com\/wp\/#organization","name":"San Juan Deportes","url":"http:\/\/www.sanjuandeportes.com\/wp\/","logo":{"@type":"ImageObject","inLanguage":"es","@id":"http:\/\/www.sanjuandeportes.com\/wp\/#\/schema\/logo\/image\/","url":"https:\/\/www.sanjuandeportes.com\/wp\/wp-content\/uploads\/unnamed.jpg","contentUrl":"https:\/\/www.sanjuandeportes.com\/wp\/wp-content\/uploads\/unnamed.jpg","width":900,"height":900,"caption":"San Juan Deportes"},"image":{"@id":"http:\/\/www.sanjuandeportes.com\/wp\/#\/schema\/logo\/image\/"},"sameAs":["https:\/\/www.facebook.com\/sanjuandeportesok","https:\/\/x.com\/SanJuanDeportes","https:\/\/www.instagram.com\/sanjuandeportes"]},{"@type":"Person","@id":"http:\/\/www.sanjuandeportes.com\/wp\/#\/schema\/person\/eda4d8e62a5d42b111781e3cdfcb9c3a","name":"Pablo Pujado","image":{"@type":"ImageObject","inLanguage":"es","@id":"https:\/\/secure.gravatar.com\/avatar\/310b69d28112912c333408a462a9837208de951b1e7c11514781740412f648b1?s=96&d=mm&r=g","url":"https:\/\/secure.gravatar.com\/avatar\/310b69d28112912c333408a462a9837208de951b1e7c11514781740412f648b1?s=96&d=mm&r=g","contentUrl":"https:\/\/secure.gravatar.com\/avatar\/310b69d28112912c333408a462a9837208de951b1e7c11514781740412f648b1?s=96&d=mm&r=g","caption":"Pablo Pujado"},"url":"http:\/\/www.sanjuandeportes.com\/wp\/author\/pablo-pujado\/"}]}},"_links":{"self":[{"href":"http:\/\/www.sanjuandeportes.com\/wp\/wp-json\/wp\/v2\/posts\/9912","targetHints":{"allow":["GET"]}}],"collection":[{"href":"http:\/\/www.sanjuandeportes.com\/wp\/wp-json\/wp\/v2\/posts"}],"about":[{"href":"http:\/\/www.sanjuandeportes.com\/wp\/wp-json\/wp\/v2\/types\/post"}],"author":[{"embeddable":true,"href":"http:\/\/www.sanjuandeportes.com\/wp\/wp-json\/wp\/v2\/users\/5"}],"replies":[{"embeddable":true,"href":"http:\/\/www.sanjuandeportes.com\/wp\/wp-json\/wp\/v2\/comments?post=9912"}],"version-history":[{"count":1,"href":"http:\/\/www.sanjuandeportes.com\/wp\/wp-json\/wp\/v2\/posts\/9912\/revisions"}],"predecessor-version":[{"id":9913,"href":"http:\/\/www.sanjuandeportes.com\/wp\/wp-json\/wp\/v2\/posts\/9912\/revisions\/9913"}],"wp:featuredmedia":[{"embeddable":true,"href":"http:\/\/www.sanjuandeportes.com\/wp\/wp-json\/wp\/v2\/media\/9396"}],"wp:attachment":[{"href":"http:\/\/www.sanjuandeportes.com\/wp\/wp-json\/wp\/v2\/media?parent=9912"}],"wp:term":[{"taxonomy":"category","embeddable":true,"href":"http:\/\/www.sanjuandeportes.com\/wp\/wp-json\/wp\/v2\/categories?post=9912"},{"taxonomy":"post_tag","embeddable":true,"href":"http:\/\/www.sanjuandeportes.com\/wp\/wp-json\/wp\/v2\/tags?post=9912"}],"curies":[{"name":"wp","href":"https:\/\/api.w.org\/{rel}","templated":true}]}}