{"id":10035,"date":"2020-06-25T22:36:10","date_gmt":"2020-06-25T22:36:10","guid":{"rendered":"http:\/\/www.sanjuandeportes.com\/wp\/?p=10035"},"modified":"2020-06-25T22:36:10","modified_gmt":"2020-06-25T22:36:10","slug":"afa-se-reunio-por-el-protocolo-del-futbol-masculino-y-femenino","status":"publish","type":"post","link":"https:\/\/www.sanjuandeportes.com\/wp\/2020\/06\/25\/afa-se-reunio-por-el-protocolo-del-futbol-masculino-y-femenino\/","title":{"rendered":"AFA se reuni\u00f3 por el protocolo del f\u00fatbol masculino y femenino"},"content":{"rendered":"<div>\n<div class=\"td_block_wrap tdb_single_subtitle tdi_9_e15 td-pb-border-top td_block_template_1\" data-td-block-uid=\"tdi_9_e15\">\n<div class=\"tdb-block-inner td-fix-index\">\n<p><em><strong>La reuni\u00f3n cont\u00f3 con la presencia de la comisi\u00f3n m\u00e9dica en su totalidad y adem\u00e1s estuvieron el presidente de la AFA, Claudio \u00abChiqui\u00bb Tapia y el de la Liga Profesional y de San Lorenzo, Marcelo Tinelli.<\/strong><\/em><\/p>\n<\/div>\n<\/div>\n<div class=\"vc_row_inner tdi_11_a99  vc_row vc_inner wpb_row td-pb-row\">\u00a0La Asociaci\u00f3n del F\u00fatbol Argentino (AFA) celebr\u00f3 este jueves la primera reuni\u00f3n para la creaci\u00f3n del protocolo sanitario para el regreso de los torneos masculinos y femeninos, parados desde mediados de marzo por la pandemia de coronavirus.<\/div>\n<\/div>\n<div><\/div>\n<div class=\"content cable-content\">\n<p>La reuni\u00f3n virtual cont\u00f3 con la presencia de la comisi\u00f3n m\u00e9dica en su totalidad y adem\u00e1s\u00a0<strong>estuvieron el presidente de la AFA, Claudio \u201cChiqui\u201d Tapia; el de la Liga Profesional y de San Lorenzo, Marcelo Tinelli; el de Racing y secretario general de AFA,\u00a0V\u00edctor Blanco; la presidente de Banfield e integrante de la mesa del f\u00fatbol femenino, Luc\u00eda Barbuto<\/strong>, y otros directivos de la m\u00e1xima categor\u00eda y del Ascenso.<\/p>\n<p>A su vez, la comisi\u00f3n m\u00e9dica la encabez\u00f3 Donato Villani, m\u00e9dico de la AFA, y dijeron presente los doctores Pedro Di Spagna (Hurac\u00e1n), Daniel Stumbo (V\u00e9lez Sarsfield), Hern\u00e1n Giuria (Rosario Central), Esteban Romano (Lan\u00fas), Pedro Hansig\u00a0(River Plate), Pablo Krenek (Barracas Central), Mart\u00edn Ypas (Platense), Walter Quintero (Almirante Brown), Guillermo Puebla (Sportivo Italiano), Fernando Alday (Estudiantes de San Luis por el Federal A) y la doctora Cintia Rosenblit (Mesa Primera D).<\/p>\n<h5>Desde la AFA le remarcaron a T\u00e9lam que la centralidad pas\u00f3 por la \u201cadecuaci\u00f3n del protocolo para los clubes del ascenso pensando en la forma de traslado de sus jugadores, ya que en su mayor\u00eda utilizan el transporte p\u00fablico\u201d.<\/h5>\n<p>De hecho, el objetivo es conseguir una empresa espec\u00edfica que brinde un servicio exclusivo de puerta a puerta para cumplir con el \u201cprotocolo a la perfecci\u00f3n\u201d, teniendo en cuenta el distanciamiento adentro del veh\u00edculo y con la higiene, explic\u00f3 el comunicado oficial de la Asociaci\u00f3n del F\u00fatbol Argentino.<\/p>\n<p><img decoding=\"async\" class=\"wp-image-102097 size-full aligncenter lazyload\" data-src=\"https:\/\/sinmordaza.com\/wp-content\/uploads\/2020\/06\/Sin-t%C3%ADtulo-21.jpg\" data-sizes=\"(max-width: 1082px) 100vw, 1082px\" data-srcset=\"https:\/\/sinmordaza.com\/wp-content\/uploads\/2020\/06\/Sin-t\u00edtulo-21.jpg 1082w, https:\/\/sinmordaza.com\/wp-content\/uploads\/2020\/06\/Sin-t\u00edtulo-21-300x200.jpg 300w, https:\/\/sinmordaza.com\/wp-content\/uploads\/2020\/06\/Sin-t\u00edtulo-21-1024x681.jpg 1024w, https:\/\/sinmordaza.com\/wp-content\/uploads\/2020\/06\/Sin-t\u00edtulo-21-768x511.jpg 768w, https:\/\/sinmordaza.com\/wp-content\/uploads\/2020\/06\/Sin-t\u00edtulo-21-696x463.jpg 696w, https:\/\/sinmordaza.com\/wp-content\/uploads\/2020\/06\/Sin-t\u00edtulo-21-1068x711.jpg 1068w, https:\/\/sinmordaza.com\/wp-content\/uploads\/2020\/06\/Sin-t\u00edtulo-21-631x420.jpg 631w, https:\/\/sinmordaza.com\/wp-content\/uploads\/2020\/06\/Sin-t\u00edtulo-21-24x16.jpg 24w, https:\/\/sinmordaza.com\/wp-content\/uploads\/2020\/06\/Sin-t\u00edtulo-21-36x24.jpg 36w, https:\/\/sinmordaza.com\/wp-content\/uploads\/2020\/06\/Sin-t\u00edtulo-21-62x41.jpg 62w\" alt=\"\" width=\"1082\" height=\"720\" src=\"data:image\/svg+xml;base64,PHN2ZyB3aWR0aD0iMSIgaGVpZ2h0PSIxIiB4bWxucz0iaHR0cDovL3d3dy53My5vcmcvMjAwMC9zdmciPjwvc3ZnPg==\" style=\"--smush-placeholder-width: 1082px; --smush-placeholder-aspect-ratio: 1082\/720;\" \/><\/p>\n<p>En un principio, la AFA pedir\u00e1 \u201cregistro del responsable a cargo, la direcci\u00f3n de cada futbolista profesional; fecha, hora y lugar de entrenamiento; cantidad de pasajeros; los movimientos que realice cada unidad las 48 horas antes; y el listado completo de pasajeros con sus respectivos datos personales\u201d.<\/p>\n<p>Los clubes deber\u00e1n \u201cenviar la informaci\u00f3n solicitada v\u00eda mail y por \u00faltimo ante cualquier eventualidad o modificaci\u00f3n se pondr\u00e1 a disposici\u00f3n una l\u00ednea telef\u00f3nica disponibles las 24 horas para solucionar y resolver cualquier tipo de inconvenientes\u201d.<\/p>\n<p>De cara a futuro, en la reuni\u00f3n pr\u00f3xima, se comenzar\u00e1 a elaborar un protocolo vinculado a la actividad infanto-juvenil.<\/p>\n<\/div>\n","protected":false},"excerpt":{"rendered":"<p>La reuni\u00f3n cont\u00f3 con la presencia de la comisi\u00f3n m\u00e9dica en su totalidad y adem\u00e1s estuvieron el presidente de la AFA, Claudio \u00abChiqui\u00bb Tapia y el de la Liga Profesional y de San Lorenzo, Marcelo Tinelli. \u00a0La Asociaci\u00f3n del F\u00fatbol Argentino (AFA) celebr\u00f3 este jueves la primera reuni\u00f3n para la creaci\u00f3n del protocolo sanitario para [&hellip;]<\/p>\n","protected":false},"author":5,"featured_media":10036,"comment_status":"open","ping_status":"open","sticky":false,"template":"","format":"standard","meta":{"footnotes":""},"categories":[1255,2,24],"tags":[148,705,277,1240],"class_list":["post-10035","post","type-post","status-publish","format-standard","has-post-thumbnail","hentry","category-argentina","category-featured","category-futbol","tag-argentina","tag-futbol-argentino","tag-futbol-femenino","tag-protocolo"],"yoast_head":"<!-- This site is optimized with the Yoast SEO plugin v28.2 - https:\/\/yoast.com\/product\/yoast-seo-wordpress\/ -->\n<title>AFA se reuni\u00f3 por el protocolo del f\u00fatbol masculino y femenino - San Juan Deportes<\/title>\n<meta name=\"robots\" content=\"index, follow, max-snippet:-1, max-image-preview:large, max-video-preview:-1\" \/>\n<link rel=\"canonical\" href=\"https:\/\/www.sanjuandeportes.com\/wp\/2020\/06\/25\/afa-se-reunio-por-el-protocolo-del-futbol-masculino-y-femenino\/\" \/>\n<meta property=\"og:locale\" content=\"es_ES\" \/>\n<meta property=\"og:type\" content=\"article\" \/>\n<meta property=\"og:title\" content=\"AFA se reuni\u00f3 por el protocolo del f\u00fatbol masculino y femenino - San Juan Deportes\" \/>\n<meta property=\"og:description\" content=\"La reuni\u00f3n cont\u00f3 con la presencia de la comisi\u00f3n m\u00e9dica en su totalidad y adem\u00e1s estuvieron el presidente de la AFA, Claudio \u00abChiqui\u00bb Tapia y el de la Liga Profesional y de San Lorenzo, Marcelo Tinelli. \u00a0La Asociaci\u00f3n del F\u00fatbol Argentino (AFA) celebr\u00f3 este jueves la primera reuni\u00f3n para la creaci\u00f3n del protocolo sanitario para [&hellip;]\" \/>\n<meta property=\"og:url\" content=\"https:\/\/www.sanjuandeportes.com\/wp\/2020\/06\/25\/afa-se-reunio-por-el-protocolo-del-futbol-masculino-y-femenino\/\" \/>\n<meta property=\"og:site_name\" content=\"San Juan Deportes\" \/>\n<meta property=\"article:publisher\" content=\"https:\/\/www.facebook.com\/sanjuandeportesok\" \/>\n<meta property=\"article:published_time\" content=\"2020-06-25T22:36:10+00:00\" \/>\n<meta property=\"og:image\" content=\"https:\/\/www.sanjuandeportes.com\/wp\/wp-content\/uploads\/2020\/06\/EbXqBHdXgAEYJBT.jpg\" \/>\n\t<meta property=\"og:image:width\" content=\"680\" \/>\n\t<meta property=\"og:image:height\" content=\"340\" \/>\n\t<meta property=\"og:image:type\" content=\"image\/jpeg\" \/>\n<meta name=\"author\" content=\"Pablo Pujado\" \/>\n<meta name=\"twitter:card\" content=\"summary_large_image\" \/>\n<meta name=\"twitter:creator\" content=\"@SanJuanDeportes\" \/>\n<meta name=\"twitter:site\" content=\"@SanJuanDeportes\" \/>\n<meta name=\"twitter:label1\" content=\"Escrito por\" \/>\n\t<meta name=\"twitter:data1\" content=\"Pablo Pujado\" \/>\n\t<meta name=\"twitter:label2\" content=\"Tiempo de lectura\" \/>\n\t<meta name=\"twitter:data2\" content=\"2 minutos\" \/>\n<script type=\"application\/ld+json\" class=\"yoast-schema-graph\">{\"@context\":\"https:\\\/\\\/schema.org\",\"@graph\":[{\"@type\":\"Article\",\"@id\":\"https:\\\/\\\/www.sanjuandeportes.com\\\/wp\\\/2020\\\/06\\\/25\\\/afa-se-reunio-por-el-protocolo-del-futbol-masculino-y-femenino\\\/#article\",\"isPartOf\":{\"@id\":\"https:\\\/\\\/www.sanjuandeportes.com\\\/wp\\\/2020\\\/06\\\/25\\\/afa-se-reunio-por-el-protocolo-del-futbol-masculino-y-femenino\\\/\"},\"author\":{\"name\":\"Pablo Pujado\",\"@id\":\"https:\\\/\\\/www.sanjuandeportes.com\\\/wp\\\/#\\\/schema\\\/person\\\/eda4d8e62a5d42b111781e3cdfcb9c3a\"},\"headline\":\"AFA se reuni\u00f3 por el protocolo del f\u00fatbol masculino y femenino\",\"datePublished\":\"2020-06-25T22:36:10+00:00\",\"mainEntityOfPage\":{\"@id\":\"https:\\\/\\\/www.sanjuandeportes.com\\\/wp\\\/2020\\\/06\\\/25\\\/afa-se-reunio-por-el-protocolo-del-futbol-masculino-y-femenino\\\/\"},\"wordCount\":457,\"commentCount\":0,\"publisher\":{\"@id\":\"https:\\\/\\\/www.sanjuandeportes.com\\\/wp\\\/#organization\"},\"image\":{\"@id\":\"https:\\\/\\\/www.sanjuandeportes.com\\\/wp\\\/2020\\\/06\\\/25\\\/afa-se-reunio-por-el-protocolo-del-futbol-masculino-y-femenino\\\/#primaryimage\"},\"thumbnailUrl\":\"https:\\\/\\\/www.sanjuandeportes.com\\\/wp\\\/wp-content\\\/uploads\\\/2020\\\/06\\\/EbXqBHdXgAEYJBT.jpg\",\"keywords\":[\"Argentina\",\"Futbol Argentino\",\"F\u00fatbol Femenino\",\"protocolo\"],\"articleSection\":[\"Argentina\",\"Featured\",\"Futbol\"],\"inLanguage\":\"es\",\"potentialAction\":[{\"@type\":\"CommentAction\",\"name\":\"Comment\",\"target\":[\"https:\\\/\\\/www.sanjuandeportes.com\\\/wp\\\/2020\\\/06\\\/25\\\/afa-se-reunio-por-el-protocolo-del-futbol-masculino-y-femenino\\\/#respond\"]}]},{\"@type\":\"WebPage\",\"@id\":\"https:\\\/\\\/www.sanjuandeportes.com\\\/wp\\\/2020\\\/06\\\/25\\\/afa-se-reunio-por-el-protocolo-del-futbol-masculino-y-femenino\\\/\",\"url\":\"https:\\\/\\\/www.sanjuandeportes.com\\\/wp\\\/2020\\\/06\\\/25\\\/afa-se-reunio-por-el-protocolo-del-futbol-masculino-y-femenino\\\/\",\"name\":\"AFA se reuni\u00f3 por el protocolo del f\u00fatbol masculino y femenino - San Juan Deportes\",\"isPartOf\":{\"@id\":\"https:\\\/\\\/www.sanjuandeportes.com\\\/wp\\\/#website\"},\"primaryImageOfPage\":{\"@id\":\"https:\\\/\\\/www.sanjuandeportes.com\\\/wp\\\/2020\\\/06\\\/25\\\/afa-se-reunio-por-el-protocolo-del-futbol-masculino-y-femenino\\\/#primaryimage\"},\"image\":{\"@id\":\"https:\\\/\\\/www.sanjuandeportes.com\\\/wp\\\/2020\\\/06\\\/25\\\/afa-se-reunio-por-el-protocolo-del-futbol-masculino-y-femenino\\\/#primaryimage\"},\"thumbnailUrl\":\"https:\\\/\\\/www.sanjuandeportes.com\\\/wp\\\/wp-content\\\/uploads\\\/2020\\\/06\\\/EbXqBHdXgAEYJBT.jpg\",\"datePublished\":\"2020-06-25T22:36:10+00:00\",\"breadcrumb\":{\"@id\":\"https:\\\/\\\/www.sanjuandeportes.com\\\/wp\\\/2020\\\/06\\\/25\\\/afa-se-reunio-por-el-protocolo-del-futbol-masculino-y-femenino\\\/#breadcrumb\"},\"inLanguage\":\"es\",\"potentialAction\":[{\"@type\":\"ReadAction\",\"target\":[\"https:\\\/\\\/www.sanjuandeportes.com\\\/wp\\\/2020\\\/06\\\/25\\\/afa-se-reunio-por-el-protocolo-del-futbol-masculino-y-femenino\\\/\"]}]},{\"@type\":\"ImageObject\",\"inLanguage\":\"es\",\"@id\":\"https:\\\/\\\/www.sanjuandeportes.com\\\/wp\\\/2020\\\/06\\\/25\\\/afa-se-reunio-por-el-protocolo-del-futbol-masculino-y-femenino\\\/#primaryimage\",\"url\":\"https:\\\/\\\/www.sanjuandeportes.com\\\/wp\\\/wp-content\\\/uploads\\\/2020\\\/06\\\/EbXqBHdXgAEYJBT.jpg\",\"contentUrl\":\"https:\\\/\\\/www.sanjuandeportes.com\\\/wp\\\/wp-content\\\/uploads\\\/2020\\\/06\\\/EbXqBHdXgAEYJBT.jpg\",\"width\":680,\"height\":340},{\"@type\":\"BreadcrumbList\",\"@id\":\"https:\\\/\\\/www.sanjuandeportes.com\\\/wp\\\/2020\\\/06\\\/25\\\/afa-se-reunio-por-el-protocolo-del-futbol-masculino-y-femenino\\\/#breadcrumb\",\"itemListElement\":[{\"@type\":\"ListItem\",\"position\":1,\"name\":\"Portada\",\"item\":\"http:\\\/\\\/www.sanjuandeportes.com\\\/wp\\\/\"},{\"@type\":\"ListItem\",\"position\":2,\"name\":\"AFA se reuni\u00f3 por el protocolo del f\u00fatbol masculino y femenino\"}]},{\"@type\":\"WebSite\",\"@id\":\"https:\\\/\\\/www.sanjuandeportes.com\\\/wp\\\/#website\",\"url\":\"https:\\\/\\\/www.sanjuandeportes.com\\\/wp\\\/\",\"name\":\"San Juan Deportes\",\"description\":\"El sitio de deportes de la provincia de San Juan\",\"publisher\":{\"@id\":\"https:\\\/\\\/www.sanjuandeportes.com\\\/wp\\\/#organization\"},\"potentialAction\":[{\"@type\":\"SearchAction\",\"target\":{\"@type\":\"EntryPoint\",\"urlTemplate\":\"https:\\\/\\\/www.sanjuandeportes.com\\\/wp\\\/?s={search_term_string}\"},\"query-input\":{\"@type\":\"PropertyValueSpecification\",\"valueRequired\":true,\"valueName\":\"search_term_string\"}}],\"inLanguage\":\"es\"},{\"@type\":\"Organization\",\"@id\":\"https:\\\/\\\/www.sanjuandeportes.com\\\/wp\\\/#organization\",\"name\":\"San Juan Deportes\",\"url\":\"https:\\\/\\\/www.sanjuandeportes.com\\\/wp\\\/\",\"logo\":{\"@type\":\"ImageObject\",\"inLanguage\":\"es\",\"@id\":\"https:\\\/\\\/www.sanjuandeportes.com\\\/wp\\\/#\\\/schema\\\/logo\\\/image\\\/\",\"url\":\"https:\\\/\\\/www.sanjuandeportes.com\\\/wp\\\/wp-content\\\/uploads\\\/unnamed.jpg\",\"contentUrl\":\"https:\\\/\\\/www.sanjuandeportes.com\\\/wp\\\/wp-content\\\/uploads\\\/unnamed.jpg\",\"width\":900,\"height\":900,\"caption\":\"San Juan Deportes\"},\"image\":{\"@id\":\"https:\\\/\\\/www.sanjuandeportes.com\\\/wp\\\/#\\\/schema\\\/logo\\\/image\\\/\"},\"sameAs\":[\"https:\\\/\\\/www.facebook.com\\\/sanjuandeportesok\",\"https:\\\/\\\/x.com\\\/SanJuanDeportes\",\"https:\\\/\\\/www.instagram.com\\\/sanjuandeportes\"]},{\"@type\":\"Person\",\"@id\":\"https:\\\/\\\/www.sanjuandeportes.com\\\/wp\\\/#\\\/schema\\\/person\\\/eda4d8e62a5d42b111781e3cdfcb9c3a\",\"name\":\"Pablo Pujado\",\"image\":{\"@type\":\"ImageObject\",\"inLanguage\":\"es\",\"@id\":\"https:\\\/\\\/secure.gravatar.com\\\/avatar\\\/310b69d28112912c333408a462a9837208de951b1e7c11514781740412f648b1?s=96&d=mm&r=g\",\"url\":\"https:\\\/\\\/secure.gravatar.com\\\/avatar\\\/310b69d28112912c333408a462a9837208de951b1e7c11514781740412f648b1?s=96&d=mm&r=g\",\"contentUrl\":\"https:\\\/\\\/secure.gravatar.com\\\/avatar\\\/310b69d28112912c333408a462a9837208de951b1e7c11514781740412f648b1?s=96&d=mm&r=g\",\"caption\":\"Pablo Pujado\"},\"url\":\"https:\\\/\\\/www.sanjuandeportes.com\\\/wp\\\/author\\\/pablo-pujado\\\/\"}]}<\/script>\n<!-- \/ Yoast SEO plugin. -->","yoast_head_json":{"title":"AFA se reuni\u00f3 por el protocolo del f\u00fatbol masculino y femenino - San Juan Deportes","robots":{"index":"index","follow":"follow","max-snippet":"max-snippet:-1","max-image-preview":"max-image-preview:large","max-video-preview":"max-video-preview:-1"},"canonical":"https:\/\/www.sanjuandeportes.com\/wp\/2020\/06\/25\/afa-se-reunio-por-el-protocolo-del-futbol-masculino-y-femenino\/","og_locale":"es_ES","og_type":"article","og_title":"AFA se reuni\u00f3 por el protocolo del f\u00fatbol masculino y femenino - San Juan Deportes","og_description":"La reuni\u00f3n cont\u00f3 con la presencia de la comisi\u00f3n m\u00e9dica en su totalidad y adem\u00e1s estuvieron el presidente de la AFA, Claudio \u00abChiqui\u00bb Tapia y el de la Liga Profesional y de San Lorenzo, Marcelo Tinelli. \u00a0La Asociaci\u00f3n del F\u00fatbol Argentino (AFA) celebr\u00f3 este jueves la primera reuni\u00f3n para la creaci\u00f3n del protocolo sanitario para [&hellip;]","og_url":"https:\/\/www.sanjuandeportes.com\/wp\/2020\/06\/25\/afa-se-reunio-por-el-protocolo-del-futbol-masculino-y-femenino\/","og_site_name":"San Juan Deportes","article_publisher":"https:\/\/www.facebook.com\/sanjuandeportesok","article_published_time":"2020-06-25T22:36:10+00:00","og_image":[{"width":680,"height":340,"url":"https:\/\/www.sanjuandeportes.com\/wp\/wp-content\/uploads\/2020\/06\/EbXqBHdXgAEYJBT.jpg","type":"image\/jpeg"}],"author":"Pablo Pujado","twitter_card":"summary_large_image","twitter_creator":"@SanJuanDeportes","twitter_site":"@SanJuanDeportes","twitter_misc":{"Escrito por":"Pablo Pujado","Tiempo de lectura":"2 minutos"},"schema":{"@context":"https:\/\/schema.org","@graph":[{"@type":"Article","@id":"https:\/\/www.sanjuandeportes.com\/wp\/2020\/06\/25\/afa-se-reunio-por-el-protocolo-del-futbol-masculino-y-femenino\/#article","isPartOf":{"@id":"https:\/\/www.sanjuandeportes.com\/wp\/2020\/06\/25\/afa-se-reunio-por-el-protocolo-del-futbol-masculino-y-femenino\/"},"author":{"name":"Pablo Pujado","@id":"https:\/\/www.sanjuandeportes.com\/wp\/#\/schema\/person\/eda4d8e62a5d42b111781e3cdfcb9c3a"},"headline":"AFA se reuni\u00f3 por el protocolo del f\u00fatbol masculino y femenino","datePublished":"2020-06-25T22:36:10+00:00","mainEntityOfPage":{"@id":"https:\/\/www.sanjuandeportes.com\/wp\/2020\/06\/25\/afa-se-reunio-por-el-protocolo-del-futbol-masculino-y-femenino\/"},"wordCount":457,"commentCount":0,"publisher":{"@id":"https:\/\/www.sanjuandeportes.com\/wp\/#organization"},"image":{"@id":"https:\/\/www.sanjuandeportes.com\/wp\/2020\/06\/25\/afa-se-reunio-por-el-protocolo-del-futbol-masculino-y-femenino\/#primaryimage"},"thumbnailUrl":"https:\/\/www.sanjuandeportes.com\/wp\/wp-content\/uploads\/2020\/06\/EbXqBHdXgAEYJBT.jpg","keywords":["Argentina","Futbol Argentino","F\u00fatbol Femenino","protocolo"],"articleSection":["Argentina","Featured","Futbol"],"inLanguage":"es","potentialAction":[{"@type":"CommentAction","name":"Comment","target":["https:\/\/www.sanjuandeportes.com\/wp\/2020\/06\/25\/afa-se-reunio-por-el-protocolo-del-futbol-masculino-y-femenino\/#respond"]}]},{"@type":"WebPage","@id":"https:\/\/www.sanjuandeportes.com\/wp\/2020\/06\/25\/afa-se-reunio-por-el-protocolo-del-futbol-masculino-y-femenino\/","url":"https:\/\/www.sanjuandeportes.com\/wp\/2020\/06\/25\/afa-se-reunio-por-el-protocolo-del-futbol-masculino-y-femenino\/","name":"AFA se reuni\u00f3 por el protocolo del f\u00fatbol masculino y femenino - San Juan Deportes","isPartOf":{"@id":"https:\/\/www.sanjuandeportes.com\/wp\/#website"},"primaryImageOfPage":{"@id":"https:\/\/www.sanjuandeportes.com\/wp\/2020\/06\/25\/afa-se-reunio-por-el-protocolo-del-futbol-masculino-y-femenino\/#primaryimage"},"image":{"@id":"https:\/\/www.sanjuandeportes.com\/wp\/2020\/06\/25\/afa-se-reunio-por-el-protocolo-del-futbol-masculino-y-femenino\/#primaryimage"},"thumbnailUrl":"https:\/\/www.sanjuandeportes.com\/wp\/wp-content\/uploads\/2020\/06\/EbXqBHdXgAEYJBT.jpg","datePublished":"2020-06-25T22:36:10+00:00","breadcrumb":{"@id":"https:\/\/www.sanjuandeportes.com\/wp\/2020\/06\/25\/afa-se-reunio-por-el-protocolo-del-futbol-masculino-y-femenino\/#breadcrumb"},"inLanguage":"es","potentialAction":[{"@type":"ReadAction","target":["https:\/\/www.sanjuandeportes.com\/wp\/2020\/06\/25\/afa-se-reunio-por-el-protocolo-del-futbol-masculino-y-femenino\/"]}]},{"@type":"ImageObject","inLanguage":"es","@id":"https:\/\/www.sanjuandeportes.com\/wp\/2020\/06\/25\/afa-se-reunio-por-el-protocolo-del-futbol-masculino-y-femenino\/#primaryimage","url":"https:\/\/www.sanjuandeportes.com\/wp\/wp-content\/uploads\/2020\/06\/EbXqBHdXgAEYJBT.jpg","contentUrl":"https:\/\/www.sanjuandeportes.com\/wp\/wp-content\/uploads\/2020\/06\/EbXqBHdXgAEYJBT.jpg","width":680,"height":340},{"@type":"BreadcrumbList","@id":"https:\/\/www.sanjuandeportes.com\/wp\/2020\/06\/25\/afa-se-reunio-por-el-protocolo-del-futbol-masculino-y-femenino\/#breadcrumb","itemListElement":[{"@type":"ListItem","position":1,"name":"Portada","item":"http:\/\/www.sanjuandeportes.com\/wp\/"},{"@type":"ListItem","position":2,"name":"AFA se reuni\u00f3 por el protocolo del f\u00fatbol masculino y femenino"}]},{"@type":"WebSite","@id":"https:\/\/www.sanjuandeportes.com\/wp\/#website","url":"https:\/\/www.sanjuandeportes.com\/wp\/","name":"San Juan Deportes","description":"El sitio de deportes de la provincia de San Juan","publisher":{"@id":"https:\/\/www.sanjuandeportes.com\/wp\/#organization"},"potentialAction":[{"@type":"SearchAction","target":{"@type":"EntryPoint","urlTemplate":"https:\/\/www.sanjuandeportes.com\/wp\/?s={search_term_string}"},"query-input":{"@type":"PropertyValueSpecification","valueRequired":true,"valueName":"search_term_string"}}],"inLanguage":"es"},{"@type":"Organization","@id":"https:\/\/www.sanjuandeportes.com\/wp\/#organization","name":"San Juan Deportes","url":"https:\/\/www.sanjuandeportes.com\/wp\/","logo":{"@type":"ImageObject","inLanguage":"es","@id":"https:\/\/www.sanjuandeportes.com\/wp\/#\/schema\/logo\/image\/","url":"https:\/\/www.sanjuandeportes.com\/wp\/wp-content\/uploads\/unnamed.jpg","contentUrl":"https:\/\/www.sanjuandeportes.com\/wp\/wp-content\/uploads\/unnamed.jpg","width":900,"height":900,"caption":"San Juan Deportes"},"image":{"@id":"https:\/\/www.sanjuandeportes.com\/wp\/#\/schema\/logo\/image\/"},"sameAs":["https:\/\/www.facebook.com\/sanjuandeportesok","https:\/\/x.com\/SanJuanDeportes","https:\/\/www.instagram.com\/sanjuandeportes"]},{"@type":"Person","@id":"https:\/\/www.sanjuandeportes.com\/wp\/#\/schema\/person\/eda4d8e62a5d42b111781e3cdfcb9c3a","name":"Pablo Pujado","image":{"@type":"ImageObject","inLanguage":"es","@id":"https:\/\/secure.gravatar.com\/avatar\/310b69d28112912c333408a462a9837208de951b1e7c11514781740412f648b1?s=96&d=mm&r=g","url":"https:\/\/secure.gravatar.com\/avatar\/310b69d28112912c333408a462a9837208de951b1e7c11514781740412f648b1?s=96&d=mm&r=g","contentUrl":"https:\/\/secure.gravatar.com\/avatar\/310b69d28112912c333408a462a9837208de951b1e7c11514781740412f648b1?s=96&d=mm&r=g","caption":"Pablo Pujado"},"url":"https:\/\/www.sanjuandeportes.com\/wp\/author\/pablo-pujado\/"}]}},"_links":{"self":[{"href":"https:\/\/www.sanjuandeportes.com\/wp\/wp-json\/wp\/v2\/posts\/10035","targetHints":{"allow":["GET"]}}],"collection":[{"href":"https:\/\/www.sanjuandeportes.com\/wp\/wp-json\/wp\/v2\/posts"}],"about":[{"href":"https:\/\/www.sanjuandeportes.com\/wp\/wp-json\/wp\/v2\/types\/post"}],"author":[{"embeddable":true,"href":"https:\/\/www.sanjuandeportes.com\/wp\/wp-json\/wp\/v2\/users\/5"}],"replies":[{"embeddable":true,"href":"https:\/\/www.sanjuandeportes.com\/wp\/wp-json\/wp\/v2\/comments?post=10035"}],"version-history":[{"count":1,"href":"https:\/\/www.sanjuandeportes.com\/wp\/wp-json\/wp\/v2\/posts\/10035\/revisions"}],"predecessor-version":[{"id":10037,"href":"https:\/\/www.sanjuandeportes.com\/wp\/wp-json\/wp\/v2\/posts\/10035\/revisions\/10037"}],"wp:featuredmedia":[{"embeddable":true,"href":"https:\/\/www.sanjuandeportes.com\/wp\/wp-json\/wp\/v2\/media\/10036"}],"wp:attachment":[{"href":"https:\/\/www.sanjuandeportes.com\/wp\/wp-json\/wp\/v2\/media?parent=10035"}],"wp:term":[{"taxonomy":"category","embeddable":true,"href":"https:\/\/www.sanjuandeportes.com\/wp\/wp-json\/wp\/v2\/categories?post=10035"},{"taxonomy":"post_tag","embeddable":true,"href":"https:\/\/www.sanjuandeportes.com\/wp\/wp-json\/wp\/v2\/tags?post=10035"}],"curies":[{"name":"wp","href":"https:\/\/api.w.org\/{rel}","templated":true}]}}