{"id":10052,"date":"2020-06-26T23:57:48","date_gmt":"2020-06-26T23:57:48","guid":{"rendered":"http:\/\/www.sanjuandeportes.com\/wp\/?p=10052"},"modified":"2020-06-26T23:57:48","modified_gmt":"2020-06-26T23:57:48","slug":"en-un-dia-se-registraron-2-886-nuevos-contagios-de-covid-en-argentina","status":"publish","type":"post","link":"https:\/\/www.sanjuandeportes.com\/wp\/2020\/06\/26\/en-un-dia-se-registraron-2-886-nuevos-contagios-de-covid-en-argentina\/","title":{"rendered":"En un d\u00eda, se registraron 2.886 nuevos contagios de Covid en Argentina"},"content":{"rendered":"<p>Este viernes el Ministerio de Salud, inform\u00f3 que detectaron 2.886 nuevos casos de coronavirus y 34 muertes en las \u00faltimas 24 horas en la Argentina. En un nuevo reporte vespertino, detallaron que los infectados en todo el pa\u00eds son 55.343.<\/p>\n<p>Sobre las v\u00edctimas fatales indicaron que ascendieron a 1.184 y en la jornada de este viernes registraron 34 fallecidos. Se trata\u00a010 hombres, siete de 84, 65, 94, 59, 92, 31 y 93 a\u00f1os, de la provincia de Buenos Aires; uno de 68 a\u00f1os, de Chaco; dos de 79 y 74 a\u00f1os, de la ciudad de Buenos Aires; y 7 mujeres, cuatro de 95, 73, 79 y 83 a\u00f1os, residentes en la provincia de Buenos Aires; dos de 78 y 68 a\u00f1os, de Capital Federal; y una de 47 a\u00f1os, tambi\u00e9n de Chaco. En el parte vespertino detallaron que se trata de 12 hombres, ocho de 70, 73, 67, 80, 79, 37, 68 y 62, de la provincia de Buenos Aires; cuatro de 60, 69, 81, y 75 a\u00f1os, de la ciudad de Buenos Aires; y cinco mujeres de 85 y 77 a\u00f1os, de la provincia de Buenos Aires; tres de 39, 98 y 90 a\u00f1os, de Capital Federal.<\/p>\n","protected":false},"excerpt":{"rendered":"<p>Este viernes el Ministerio de Salud, inform\u00f3 que detectaron 2.886 nuevos casos de coronavirus y 34 muertes en las \u00faltimas 24 horas en la Argentina. En un nuevo reporte vespertino, detallaron que los infectados en todo el pa\u00eds son 55.343. Sobre las v\u00edctimas fatales indicaron que ascendieron a 1.184 y en la jornada de este [&hellip;]<\/p>\n","protected":false},"author":5,"featured_media":9856,"comment_status":"open","ping_status":"open","sticky":false,"template":"","format":"standard","meta":{"footnotes":""},"categories":[1255],"tags":[],"class_list":["post-10052","post","type-post","status-publish","format-standard","has-post-thumbnail","hentry","category-argentina"],"yoast_head":"<!-- This site is optimized with the Yoast SEO plugin v28.2 - https:\/\/yoast.com\/product\/yoast-seo-wordpress\/ -->\n<title>En un d\u00eda, se registraron 2.886 nuevos contagios de Covid en Argentina - San Juan Deportes<\/title>\n<meta name=\"robots\" content=\"index, follow, max-snippet:-1, max-image-preview:large, max-video-preview:-1\" \/>\n<link rel=\"canonical\" href=\"https:\/\/www.sanjuandeportes.com\/wp\/2020\/06\/26\/en-un-dia-se-registraron-2-886-nuevos-contagios-de-covid-en-argentina\/\" \/>\n<meta property=\"og:locale\" content=\"es_ES\" \/>\n<meta property=\"og:type\" content=\"article\" \/>\n<meta property=\"og:title\" content=\"En un d\u00eda, se registraron 2.886 nuevos contagios de Covid en Argentina - San Juan Deportes\" \/>\n<meta property=\"og:description\" content=\"Este viernes el Ministerio de Salud, inform\u00f3 que detectaron 2.886 nuevos casos de coronavirus y 34 muertes en las \u00faltimas 24 horas en la Argentina. En un nuevo reporte vespertino, detallaron que los infectados en todo el pa\u00eds son 55.343. Sobre las v\u00edctimas fatales indicaron que ascendieron a 1.184 y en la jornada de este [&hellip;]\" \/>\n<meta property=\"og:url\" content=\"https:\/\/www.sanjuandeportes.com\/wp\/2020\/06\/26\/en-un-dia-se-registraron-2-886-nuevos-contagios-de-covid-en-argentina\/\" \/>\n<meta property=\"og:site_name\" content=\"San Juan Deportes\" \/>\n<meta property=\"article:publisher\" content=\"https:\/\/www.facebook.com\/sanjuandeportesok\" \/>\n<meta property=\"article:published_time\" content=\"2020-06-26T23:57:48+00:00\" \/>\n<meta property=\"og:image\" content=\"https:\/\/www.sanjuandeportes.com\/wp\/wp-content\/uploads\/2020\/06\/el-numero-de-contagios-en___4OFMTaNrH_1256x620__1.jpg\" \/>\n\t<meta property=\"og:image:width\" content=\"1256\" \/>\n\t<meta property=\"og:image:height\" content=\"620\" \/>\n\t<meta property=\"og:image:type\" content=\"image\/jpeg\" \/>\n<meta name=\"author\" content=\"Pablo Pujado\" \/>\n<meta name=\"twitter:card\" content=\"summary_large_image\" \/>\n<meta name=\"twitter:creator\" content=\"@SanJuanDeportes\" \/>\n<meta name=\"twitter:site\" content=\"@SanJuanDeportes\" \/>\n<meta name=\"twitter:label1\" content=\"Escrito por\" \/>\n\t<meta name=\"twitter:data1\" content=\"Pablo Pujado\" \/>\n\t<meta name=\"twitter:label2\" content=\"Tiempo de lectura\" \/>\n\t<meta name=\"twitter:data2\" content=\"1 minuto\" \/>\n<script type=\"application\/ld+json\" class=\"yoast-schema-graph\">{\"@context\":\"https:\\\/\\\/schema.org\",\"@graph\":[{\"@type\":\"Article\",\"@id\":\"https:\\\/\\\/www.sanjuandeportes.com\\\/wp\\\/2020\\\/06\\\/26\\\/en-un-dia-se-registraron-2-886-nuevos-contagios-de-covid-en-argentina\\\/#article\",\"isPartOf\":{\"@id\":\"https:\\\/\\\/www.sanjuandeportes.com\\\/wp\\\/2020\\\/06\\\/26\\\/en-un-dia-se-registraron-2-886-nuevos-contagios-de-covid-en-argentina\\\/\"},\"author\":{\"name\":\"Pablo Pujado\",\"@id\":\"https:\\\/\\\/www.sanjuandeportes.com\\\/wp\\\/#\\\/schema\\\/person\\\/eda4d8e62a5d42b111781e3cdfcb9c3a\"},\"headline\":\"En un d\u00eda, se registraron 2.886 nuevos contagios de Covid en Argentina\",\"datePublished\":\"2020-06-26T23:57:48+00:00\",\"mainEntityOfPage\":{\"@id\":\"https:\\\/\\\/www.sanjuandeportes.com\\\/wp\\\/2020\\\/06\\\/26\\\/en-un-dia-se-registraron-2-886-nuevos-contagios-de-covid-en-argentina\\\/\"},\"wordCount\":180,\"commentCount\":0,\"publisher\":{\"@id\":\"https:\\\/\\\/www.sanjuandeportes.com\\\/wp\\\/#organization\"},\"image\":{\"@id\":\"https:\\\/\\\/www.sanjuandeportes.com\\\/wp\\\/2020\\\/06\\\/26\\\/en-un-dia-se-registraron-2-886-nuevos-contagios-de-covid-en-argentina\\\/#primaryimage\"},\"thumbnailUrl\":\"https:\\\/\\\/www.sanjuandeportes.com\\\/wp\\\/wp-content\\\/uploads\\\/2020\\\/06\\\/el-numero-de-contagios-en___4OFMTaNrH_1256x620__1.jpg\",\"articleSection\":[\"Argentina\"],\"inLanguage\":\"es\",\"potentialAction\":[{\"@type\":\"CommentAction\",\"name\":\"Comment\",\"target\":[\"https:\\\/\\\/www.sanjuandeportes.com\\\/wp\\\/2020\\\/06\\\/26\\\/en-un-dia-se-registraron-2-886-nuevos-contagios-de-covid-en-argentina\\\/#respond\"]}]},{\"@type\":\"WebPage\",\"@id\":\"https:\\\/\\\/www.sanjuandeportes.com\\\/wp\\\/2020\\\/06\\\/26\\\/en-un-dia-se-registraron-2-886-nuevos-contagios-de-covid-en-argentina\\\/\",\"url\":\"https:\\\/\\\/www.sanjuandeportes.com\\\/wp\\\/2020\\\/06\\\/26\\\/en-un-dia-se-registraron-2-886-nuevos-contagios-de-covid-en-argentina\\\/\",\"name\":\"En un d\u00eda, se registraron 2.886 nuevos contagios de Covid en Argentina - San Juan Deportes\",\"isPartOf\":{\"@id\":\"https:\\\/\\\/www.sanjuandeportes.com\\\/wp\\\/#website\"},\"primaryImageOfPage\":{\"@id\":\"https:\\\/\\\/www.sanjuandeportes.com\\\/wp\\\/2020\\\/06\\\/26\\\/en-un-dia-se-registraron-2-886-nuevos-contagios-de-covid-en-argentina\\\/#primaryimage\"},\"image\":{\"@id\":\"https:\\\/\\\/www.sanjuandeportes.com\\\/wp\\\/2020\\\/06\\\/26\\\/en-un-dia-se-registraron-2-886-nuevos-contagios-de-covid-en-argentina\\\/#primaryimage\"},\"thumbnailUrl\":\"https:\\\/\\\/www.sanjuandeportes.com\\\/wp\\\/wp-content\\\/uploads\\\/2020\\\/06\\\/el-numero-de-contagios-en___4OFMTaNrH_1256x620__1.jpg\",\"datePublished\":\"2020-06-26T23:57:48+00:00\",\"breadcrumb\":{\"@id\":\"https:\\\/\\\/www.sanjuandeportes.com\\\/wp\\\/2020\\\/06\\\/26\\\/en-un-dia-se-registraron-2-886-nuevos-contagios-de-covid-en-argentina\\\/#breadcrumb\"},\"inLanguage\":\"es\",\"potentialAction\":[{\"@type\":\"ReadAction\",\"target\":[\"https:\\\/\\\/www.sanjuandeportes.com\\\/wp\\\/2020\\\/06\\\/26\\\/en-un-dia-se-registraron-2-886-nuevos-contagios-de-covid-en-argentina\\\/\"]}]},{\"@type\":\"ImageObject\",\"inLanguage\":\"es\",\"@id\":\"https:\\\/\\\/www.sanjuandeportes.com\\\/wp\\\/2020\\\/06\\\/26\\\/en-un-dia-se-registraron-2-886-nuevos-contagios-de-covid-en-argentina\\\/#primaryimage\",\"url\":\"https:\\\/\\\/www.sanjuandeportes.com\\\/wp\\\/wp-content\\\/uploads\\\/2020\\\/06\\\/el-numero-de-contagios-en___4OFMTaNrH_1256x620__1.jpg\",\"contentUrl\":\"https:\\\/\\\/www.sanjuandeportes.com\\\/wp\\\/wp-content\\\/uploads\\\/2020\\\/06\\\/el-numero-de-contagios-en___4OFMTaNrH_1256x620__1.jpg\",\"width\":1256,\"height\":620,\"caption\":\"24-03 Traslado de una posible paciente con coronavirus al Hospital Maria Ferrer por personal del SAME. Foto: Andres D'Elia Enfermeros medidas prevencion alcohol gel barbijos ambulancia argentina.\"},{\"@type\":\"BreadcrumbList\",\"@id\":\"https:\\\/\\\/www.sanjuandeportes.com\\\/wp\\\/2020\\\/06\\\/26\\\/en-un-dia-se-registraron-2-886-nuevos-contagios-de-covid-en-argentina\\\/#breadcrumb\",\"itemListElement\":[{\"@type\":\"ListItem\",\"position\":1,\"name\":\"Portada\",\"item\":\"http:\\\/\\\/www.sanjuandeportes.com\\\/wp\\\/\"},{\"@type\":\"ListItem\",\"position\":2,\"name\":\"En un d\u00eda, se registraron 2.886 nuevos contagios de Covid en Argentina\"}]},{\"@type\":\"WebSite\",\"@id\":\"https:\\\/\\\/www.sanjuandeportes.com\\\/wp\\\/#website\",\"url\":\"https:\\\/\\\/www.sanjuandeportes.com\\\/wp\\\/\",\"name\":\"San Juan Deportes\",\"description\":\"El sitio de deportes de la provincia de San Juan\",\"publisher\":{\"@id\":\"https:\\\/\\\/www.sanjuandeportes.com\\\/wp\\\/#organization\"},\"potentialAction\":[{\"@type\":\"SearchAction\",\"target\":{\"@type\":\"EntryPoint\",\"urlTemplate\":\"https:\\\/\\\/www.sanjuandeportes.com\\\/wp\\\/?s={search_term_string}\"},\"query-input\":{\"@type\":\"PropertyValueSpecification\",\"valueRequired\":true,\"valueName\":\"search_term_string\"}}],\"inLanguage\":\"es\"},{\"@type\":\"Organization\",\"@id\":\"https:\\\/\\\/www.sanjuandeportes.com\\\/wp\\\/#organization\",\"name\":\"San Juan Deportes\",\"url\":\"https:\\\/\\\/www.sanjuandeportes.com\\\/wp\\\/\",\"logo\":{\"@type\":\"ImageObject\",\"inLanguage\":\"es\",\"@id\":\"https:\\\/\\\/www.sanjuandeportes.com\\\/wp\\\/#\\\/schema\\\/logo\\\/image\\\/\",\"url\":\"https:\\\/\\\/www.sanjuandeportes.com\\\/wp\\\/wp-content\\\/uploads\\\/unnamed.jpg\",\"contentUrl\":\"https:\\\/\\\/www.sanjuandeportes.com\\\/wp\\\/wp-content\\\/uploads\\\/unnamed.jpg\",\"width\":900,\"height\":900,\"caption\":\"San Juan Deportes\"},\"image\":{\"@id\":\"https:\\\/\\\/www.sanjuandeportes.com\\\/wp\\\/#\\\/schema\\\/logo\\\/image\\\/\"},\"sameAs\":[\"https:\\\/\\\/www.facebook.com\\\/sanjuandeportesok\",\"https:\\\/\\\/x.com\\\/SanJuanDeportes\",\"https:\\\/\\\/www.instagram.com\\\/sanjuandeportes\"]},{\"@type\":\"Person\",\"@id\":\"https:\\\/\\\/www.sanjuandeportes.com\\\/wp\\\/#\\\/schema\\\/person\\\/eda4d8e62a5d42b111781e3cdfcb9c3a\",\"name\":\"Pablo Pujado\",\"image\":{\"@type\":\"ImageObject\",\"inLanguage\":\"es\",\"@id\":\"https:\\\/\\\/secure.gravatar.com\\\/avatar\\\/310b69d28112912c333408a462a9837208de951b1e7c11514781740412f648b1?s=96&d=mm&r=g\",\"url\":\"https:\\\/\\\/secure.gravatar.com\\\/avatar\\\/310b69d28112912c333408a462a9837208de951b1e7c11514781740412f648b1?s=96&d=mm&r=g\",\"contentUrl\":\"https:\\\/\\\/secure.gravatar.com\\\/avatar\\\/310b69d28112912c333408a462a9837208de951b1e7c11514781740412f648b1?s=96&d=mm&r=g\",\"caption\":\"Pablo Pujado\"},\"url\":\"https:\\\/\\\/www.sanjuandeportes.com\\\/wp\\\/author\\\/pablo-pujado\\\/\"}]}<\/script>\n<!-- \/ Yoast SEO plugin. -->","yoast_head_json":{"title":"En un d\u00eda, se registraron 2.886 nuevos contagios de Covid en Argentina - San Juan Deportes","robots":{"index":"index","follow":"follow","max-snippet":"max-snippet:-1","max-image-preview":"max-image-preview:large","max-video-preview":"max-video-preview:-1"},"canonical":"https:\/\/www.sanjuandeportes.com\/wp\/2020\/06\/26\/en-un-dia-se-registraron-2-886-nuevos-contagios-de-covid-en-argentina\/","og_locale":"es_ES","og_type":"article","og_title":"En un d\u00eda, se registraron 2.886 nuevos contagios de Covid en Argentina - San Juan Deportes","og_description":"Este viernes el Ministerio de Salud, inform\u00f3 que detectaron 2.886 nuevos casos de coronavirus y 34 muertes en las \u00faltimas 24 horas en la Argentina. En un nuevo reporte vespertino, detallaron que los infectados en todo el pa\u00eds son 55.343. Sobre las v\u00edctimas fatales indicaron que ascendieron a 1.184 y en la jornada de este [&hellip;]","og_url":"https:\/\/www.sanjuandeportes.com\/wp\/2020\/06\/26\/en-un-dia-se-registraron-2-886-nuevos-contagios-de-covid-en-argentina\/","og_site_name":"San Juan Deportes","article_publisher":"https:\/\/www.facebook.com\/sanjuandeportesok","article_published_time":"2020-06-26T23:57:48+00:00","og_image":[{"width":1256,"height":620,"url":"https:\/\/www.sanjuandeportes.com\/wp\/wp-content\/uploads\/2020\/06\/el-numero-de-contagios-en___4OFMTaNrH_1256x620__1.jpg","type":"image\/jpeg"}],"author":"Pablo Pujado","twitter_card":"summary_large_image","twitter_creator":"@SanJuanDeportes","twitter_site":"@SanJuanDeportes","twitter_misc":{"Escrito por":"Pablo Pujado","Tiempo de lectura":"1 minuto"},"schema":{"@context":"https:\/\/schema.org","@graph":[{"@type":"Article","@id":"https:\/\/www.sanjuandeportes.com\/wp\/2020\/06\/26\/en-un-dia-se-registraron-2-886-nuevos-contagios-de-covid-en-argentina\/#article","isPartOf":{"@id":"https:\/\/www.sanjuandeportes.com\/wp\/2020\/06\/26\/en-un-dia-se-registraron-2-886-nuevos-contagios-de-covid-en-argentina\/"},"author":{"name":"Pablo Pujado","@id":"https:\/\/www.sanjuandeportes.com\/wp\/#\/schema\/person\/eda4d8e62a5d42b111781e3cdfcb9c3a"},"headline":"En un d\u00eda, se registraron 2.886 nuevos contagios de Covid en Argentina","datePublished":"2020-06-26T23:57:48+00:00","mainEntityOfPage":{"@id":"https:\/\/www.sanjuandeportes.com\/wp\/2020\/06\/26\/en-un-dia-se-registraron-2-886-nuevos-contagios-de-covid-en-argentina\/"},"wordCount":180,"commentCount":0,"publisher":{"@id":"https:\/\/www.sanjuandeportes.com\/wp\/#organization"},"image":{"@id":"https:\/\/www.sanjuandeportes.com\/wp\/2020\/06\/26\/en-un-dia-se-registraron-2-886-nuevos-contagios-de-covid-en-argentina\/#primaryimage"},"thumbnailUrl":"https:\/\/www.sanjuandeportes.com\/wp\/wp-content\/uploads\/2020\/06\/el-numero-de-contagios-en___4OFMTaNrH_1256x620__1.jpg","articleSection":["Argentina"],"inLanguage":"es","potentialAction":[{"@type":"CommentAction","name":"Comment","target":["https:\/\/www.sanjuandeportes.com\/wp\/2020\/06\/26\/en-un-dia-se-registraron-2-886-nuevos-contagios-de-covid-en-argentina\/#respond"]}]},{"@type":"WebPage","@id":"https:\/\/www.sanjuandeportes.com\/wp\/2020\/06\/26\/en-un-dia-se-registraron-2-886-nuevos-contagios-de-covid-en-argentina\/","url":"https:\/\/www.sanjuandeportes.com\/wp\/2020\/06\/26\/en-un-dia-se-registraron-2-886-nuevos-contagios-de-covid-en-argentina\/","name":"En un d\u00eda, se registraron 2.886 nuevos contagios de Covid en Argentina - San Juan Deportes","isPartOf":{"@id":"https:\/\/www.sanjuandeportes.com\/wp\/#website"},"primaryImageOfPage":{"@id":"https:\/\/www.sanjuandeportes.com\/wp\/2020\/06\/26\/en-un-dia-se-registraron-2-886-nuevos-contagios-de-covid-en-argentina\/#primaryimage"},"image":{"@id":"https:\/\/www.sanjuandeportes.com\/wp\/2020\/06\/26\/en-un-dia-se-registraron-2-886-nuevos-contagios-de-covid-en-argentina\/#primaryimage"},"thumbnailUrl":"https:\/\/www.sanjuandeportes.com\/wp\/wp-content\/uploads\/2020\/06\/el-numero-de-contagios-en___4OFMTaNrH_1256x620__1.jpg","datePublished":"2020-06-26T23:57:48+00:00","breadcrumb":{"@id":"https:\/\/www.sanjuandeportes.com\/wp\/2020\/06\/26\/en-un-dia-se-registraron-2-886-nuevos-contagios-de-covid-en-argentina\/#breadcrumb"},"inLanguage":"es","potentialAction":[{"@type":"ReadAction","target":["https:\/\/www.sanjuandeportes.com\/wp\/2020\/06\/26\/en-un-dia-se-registraron-2-886-nuevos-contagios-de-covid-en-argentina\/"]}]},{"@type":"ImageObject","inLanguage":"es","@id":"https:\/\/www.sanjuandeportes.com\/wp\/2020\/06\/26\/en-un-dia-se-registraron-2-886-nuevos-contagios-de-covid-en-argentina\/#primaryimage","url":"https:\/\/www.sanjuandeportes.com\/wp\/wp-content\/uploads\/2020\/06\/el-numero-de-contagios-en___4OFMTaNrH_1256x620__1.jpg","contentUrl":"https:\/\/www.sanjuandeportes.com\/wp\/wp-content\/uploads\/2020\/06\/el-numero-de-contagios-en___4OFMTaNrH_1256x620__1.jpg","width":1256,"height":620,"caption":"24-03 Traslado de una posible paciente con coronavirus al Hospital Maria Ferrer por personal del SAME. Foto: Andres D'Elia Enfermeros medidas prevencion alcohol gel barbijos ambulancia argentina."},{"@type":"BreadcrumbList","@id":"https:\/\/www.sanjuandeportes.com\/wp\/2020\/06\/26\/en-un-dia-se-registraron-2-886-nuevos-contagios-de-covid-en-argentina\/#breadcrumb","itemListElement":[{"@type":"ListItem","position":1,"name":"Portada","item":"http:\/\/www.sanjuandeportes.com\/wp\/"},{"@type":"ListItem","position":2,"name":"En un d\u00eda, se registraron 2.886 nuevos contagios de Covid en Argentina"}]},{"@type":"WebSite","@id":"https:\/\/www.sanjuandeportes.com\/wp\/#website","url":"https:\/\/www.sanjuandeportes.com\/wp\/","name":"San Juan Deportes","description":"El sitio de deportes de la provincia de San Juan","publisher":{"@id":"https:\/\/www.sanjuandeportes.com\/wp\/#organization"},"potentialAction":[{"@type":"SearchAction","target":{"@type":"EntryPoint","urlTemplate":"https:\/\/www.sanjuandeportes.com\/wp\/?s={search_term_string}"},"query-input":{"@type":"PropertyValueSpecification","valueRequired":true,"valueName":"search_term_string"}}],"inLanguage":"es"},{"@type":"Organization","@id":"https:\/\/www.sanjuandeportes.com\/wp\/#organization","name":"San Juan Deportes","url":"https:\/\/www.sanjuandeportes.com\/wp\/","logo":{"@type":"ImageObject","inLanguage":"es","@id":"https:\/\/www.sanjuandeportes.com\/wp\/#\/schema\/logo\/image\/","url":"https:\/\/www.sanjuandeportes.com\/wp\/wp-content\/uploads\/unnamed.jpg","contentUrl":"https:\/\/www.sanjuandeportes.com\/wp\/wp-content\/uploads\/unnamed.jpg","width":900,"height":900,"caption":"San Juan Deportes"},"image":{"@id":"https:\/\/www.sanjuandeportes.com\/wp\/#\/schema\/logo\/image\/"},"sameAs":["https:\/\/www.facebook.com\/sanjuandeportesok","https:\/\/x.com\/SanJuanDeportes","https:\/\/www.instagram.com\/sanjuandeportes"]},{"@type":"Person","@id":"https:\/\/www.sanjuandeportes.com\/wp\/#\/schema\/person\/eda4d8e62a5d42b111781e3cdfcb9c3a","name":"Pablo Pujado","image":{"@type":"ImageObject","inLanguage":"es","@id":"https:\/\/secure.gravatar.com\/avatar\/310b69d28112912c333408a462a9837208de951b1e7c11514781740412f648b1?s=96&d=mm&r=g","url":"https:\/\/secure.gravatar.com\/avatar\/310b69d28112912c333408a462a9837208de951b1e7c11514781740412f648b1?s=96&d=mm&r=g","contentUrl":"https:\/\/secure.gravatar.com\/avatar\/310b69d28112912c333408a462a9837208de951b1e7c11514781740412f648b1?s=96&d=mm&r=g","caption":"Pablo Pujado"},"url":"https:\/\/www.sanjuandeportes.com\/wp\/author\/pablo-pujado\/"}]}},"_links":{"self":[{"href":"https:\/\/www.sanjuandeportes.com\/wp\/wp-json\/wp\/v2\/posts\/10052","targetHints":{"allow":["GET"]}}],"collection":[{"href":"https:\/\/www.sanjuandeportes.com\/wp\/wp-json\/wp\/v2\/posts"}],"about":[{"href":"https:\/\/www.sanjuandeportes.com\/wp\/wp-json\/wp\/v2\/types\/post"}],"author":[{"embeddable":true,"href":"https:\/\/www.sanjuandeportes.com\/wp\/wp-json\/wp\/v2\/users\/5"}],"replies":[{"embeddable":true,"href":"https:\/\/www.sanjuandeportes.com\/wp\/wp-json\/wp\/v2\/comments?post=10052"}],"version-history":[{"count":1,"href":"https:\/\/www.sanjuandeportes.com\/wp\/wp-json\/wp\/v2\/posts\/10052\/revisions"}],"predecessor-version":[{"id":10053,"href":"https:\/\/www.sanjuandeportes.com\/wp\/wp-json\/wp\/v2\/posts\/10052\/revisions\/10053"}],"wp:featuredmedia":[{"embeddable":true,"href":"https:\/\/www.sanjuandeportes.com\/wp\/wp-json\/wp\/v2\/media\/9856"}],"wp:attachment":[{"href":"https:\/\/www.sanjuandeportes.com\/wp\/wp-json\/wp\/v2\/media?parent=10052"}],"wp:term":[{"taxonomy":"category","embeddable":true,"href":"https:\/\/www.sanjuandeportes.com\/wp\/wp-json\/wp\/v2\/categories?post=10052"},{"taxonomy":"post_tag","embeddable":true,"href":"https:\/\/www.sanjuandeportes.com\/wp\/wp-json\/wp\/v2\/tags?post=10052"}],"curies":[{"name":"wp","href":"https:\/\/api.w.org\/{rel}","templated":true}]}}