{"id":1116,"date":"2017-11-14T19:06:48","date_gmt":"2017-11-14T19:06:48","guid":{"rendered":"http:\/\/www.sanjuandeportes.com\/wp\/?p=1116"},"modified":"2017-11-14T19:06:48","modified_gmt":"2017-11-14T19:06:48","slug":"los-vargas-en-el-top-ten-de-francia","status":"publish","type":"post","link":"https:\/\/www.sanjuandeportes.com\/wp\/2017\/11\/14\/los-vargas-en-el-top-ten-de-francia\/","title":{"rendered":"Los Vargas en el top ten de Francia"},"content":{"rendered":"<h4>Nataci\u00f3n- Campeonato Nacional de Interclubes.<\/h4>\n<p>El fin de semana pasado los nadadores sanjuaninos compitieron en el pa\u00eds galo y sacaron muy buenos resultados en el Campeonato Nacional de Interclubes.<\/p>\n<p><img decoding=\"async\" class=\"aligncenter wp-image-1117 size-medium lazyload\" data-src=\"http:\/\/www.sanjuandeportes.com\/wp\/wp-content\/uploads\/2017\/11\/23622348_1390844041043120_3476460241972116300_n-300x225.jpg\" alt=\"Foto: Secretaria de Deportes San Juan\" width=\"300\" height=\"225\" data-srcset=\"https:\/\/www.sanjuandeportes.com\/wp\/wp-content\/uploads\/2017\/11\/23622348_1390844041043120_3476460241972116300_n-300x225.jpg 300w, https:\/\/www.sanjuandeportes.com\/wp\/wp-content\/uploads\/2017\/11\/23622348_1390844041043120_3476460241972116300_n-768x576.jpg 768w, https:\/\/www.sanjuandeportes.com\/wp\/wp-content\/uploads\/2017\/11\/23622348_1390844041043120_3476460241972116300_n-80x60.jpg 80w, https:\/\/www.sanjuandeportes.com\/wp\/wp-content\/uploads\/2017\/11\/23622348_1390844041043120_3476460241972116300_n-265x198.jpg 265w, https:\/\/www.sanjuandeportes.com\/wp\/wp-content\/uploads\/2017\/11\/23622348_1390844041043120_3476460241972116300_n-696x522.jpg 696w, https:\/\/www.sanjuandeportes.com\/wp\/wp-content\/uploads\/2017\/11\/23622348_1390844041043120_3476460241972116300_n-560x420.jpg 560w, https:\/\/www.sanjuandeportes.com\/wp\/wp-content\/uploads\/2017\/11\/23622348_1390844041043120_3476460241972116300_n.jpg 960w\" data-sizes=\"(max-width: 300px) 100vw, 300px\" src=\"data:image\/svg+xml;base64,PHN2ZyB3aWR0aD0iMSIgaGVpZ2h0PSIxIiB4bWxucz0iaHR0cDovL3d3dy53My5vcmcvMjAwMC9zdmciPjwvc3ZnPg==\" style=\"--smush-placeholder-width: 300px; --smush-placeholder-aspect-ratio: 300\/225;\" \/><\/p>\n<p>Valent\u00edn y Felipe comenzaron a competir en torneos importantes en Francia, teniendo destacadas actuaciones, que les permiten estar entre los diez mejores.<\/p>\n<div class=\"text_exposed_show\">\n<p>Montpellier fue el primer destino, en el marco del Campeonato Nacional de Interclubes. All\u00ed, los deportistas de la provincia participaron de un torneo integrado por m\u00e1s de 600 nadadores, de distintas partes del pa\u00eds y del mundo.\u00a0Valent\u00edn termin\u00f3 sexto en los 100 metros espalda y Felipe segundo en los 200 metros de la misma especialidad.<\/p>\n<p>Con respecto a los ritmos de entrenamientos, los competidores locales llevan dos meses prepar\u00e1ndose t\u00e9cnicamente, f\u00edsicamente y mentalmente. Tiene un entrenamiento de triple turno por d\u00eda, en uno de los natatorios considerado el mas importante de Francia. Su entrenamiento est\u00e1 a cargo de un franc\u00e9s\u00a0Cyrille Gualbert.<\/p>\n<p>Otra de sus metas es a fines noviembre y mediados de diciembre, los hermanos quieren afrontar campeonatos nacionales, para seguirse midiendo con las grandes potencias europeas en esta disciplina deportiva.<\/p>\n<\/div>\n","protected":false},"excerpt":{"rendered":"<p>Nataci\u00f3n- Campeonato Nacional de Interclubes. El fin de semana pasado los nadadores sanjuaninos compitieron en el pa\u00eds galo y sacaron muy buenos resultados en el Campeonato Nacional de Interclubes. Valent\u00edn y Felipe comenzaron a competir en torneos importantes en Francia, teniendo destacadas actuaciones, que les permiten estar entre los diez mejores. Montpellier fue el primer [&hellip;]<\/p>\n","protected":false},"author":1,"featured_media":1118,"comment_status":"open","ping_status":"open","sticky":false,"template":"","format":"standard","meta":{"footnotes":""},"categories":[2,41],"tags":[],"class_list":["post-1116","post","type-post","status-publish","format-standard","has-post-thumbnail","hentry","category-featured","category-polideportivo"],"yoast_head":"<!-- This site is optimized with the Yoast SEO plugin v28.2 - https:\/\/yoast.com\/product\/yoast-seo-wordpress\/ -->\n<title>Los Vargas en el top ten de Francia - San Juan Deportes<\/title>\n<meta name=\"robots\" content=\"index, follow, max-snippet:-1, max-image-preview:large, max-video-preview:-1\" \/>\n<link rel=\"canonical\" href=\"https:\/\/www.sanjuandeportes.com\/wp\/2017\/11\/14\/los-vargas-en-el-top-ten-de-francia\/\" \/>\n<meta property=\"og:locale\" content=\"es_ES\" \/>\n<meta property=\"og:type\" content=\"article\" \/>\n<meta property=\"og:title\" content=\"Los Vargas en el top ten de Francia - San Juan Deportes\" \/>\n<meta property=\"og:description\" content=\"Nataci\u00f3n- Campeonato Nacional de Interclubes. El fin de semana pasado los nadadores sanjuaninos compitieron en el pa\u00eds galo y sacaron muy buenos resultados en el Campeonato Nacional de Interclubes. Valent\u00edn y Felipe comenzaron a competir en torneos importantes en Francia, teniendo destacadas actuaciones, que les permiten estar entre los diez mejores. Montpellier fue el primer [&hellip;]\" \/>\n<meta property=\"og:url\" content=\"https:\/\/www.sanjuandeportes.com\/wp\/2017\/11\/14\/los-vargas-en-el-top-ten-de-francia\/\" \/>\n<meta property=\"og:site_name\" content=\"San Juan Deportes\" \/>\n<meta property=\"article:publisher\" content=\"https:\/\/www.facebook.com\/sanjuandeportesok\" \/>\n<meta property=\"article:published_time\" content=\"2017-11-14T19:06:48+00:00\" \/>\n<meta property=\"og:image\" content=\"https:\/\/www.sanjuandeportes.com\/wp\/wp-content\/uploads\/2017\/11\/23517583_1390843961043128_3152582231137474485_n.jpg\" \/>\n\t<meta property=\"og:image:width\" content=\"960\" \/>\n\t<meta property=\"og:image:height\" content=\"639\" \/>\n\t<meta property=\"og:image:type\" content=\"image\/jpeg\" \/>\n<meta name=\"author\" content=\"admin\" \/>\n<meta name=\"twitter:card\" content=\"summary_large_image\" \/>\n<meta name=\"twitter:creator\" content=\"@SanJuanDeportes\" \/>\n<meta name=\"twitter:site\" content=\"@SanJuanDeportes\" \/>\n<meta name=\"twitter:label1\" content=\"Escrito por\" \/>\n\t<meta name=\"twitter:data1\" content=\"admin\" \/>\n\t<meta name=\"twitter:label2\" content=\"Tiempo de lectura\" \/>\n\t<meta name=\"twitter:data2\" content=\"1 minuto\" \/>\n<script type=\"application\/ld+json\" class=\"yoast-schema-graph\">{\"@context\":\"https:\\\/\\\/schema.org\",\"@graph\":[{\"@type\":\"Article\",\"@id\":\"https:\\\/\\\/www.sanjuandeportes.com\\\/wp\\\/2017\\\/11\\\/14\\\/los-vargas-en-el-top-ten-de-francia\\\/#article\",\"isPartOf\":{\"@id\":\"https:\\\/\\\/www.sanjuandeportes.com\\\/wp\\\/2017\\\/11\\\/14\\\/los-vargas-en-el-top-ten-de-francia\\\/\"},\"author\":{\"name\":\"admin\",\"@id\":\"https:\\\/\\\/www.sanjuandeportes.com\\\/wp\\\/#\\\/schema\\\/person\\\/d8e3463931719391897f9c7a6d1bb7b3\"},\"headline\":\"Los Vargas en el top ten de Francia\",\"datePublished\":\"2017-11-14T19:06:48+00:00\",\"mainEntityOfPage\":{\"@id\":\"https:\\\/\\\/www.sanjuandeportes.com\\\/wp\\\/2017\\\/11\\\/14\\\/los-vargas-en-el-top-ten-de-francia\\\/\"},\"wordCount\":200,\"commentCount\":0,\"publisher\":{\"@id\":\"https:\\\/\\\/www.sanjuandeportes.com\\\/wp\\\/#organization\"},\"image\":{\"@id\":\"https:\\\/\\\/www.sanjuandeportes.com\\\/wp\\\/2017\\\/11\\\/14\\\/los-vargas-en-el-top-ten-de-francia\\\/#primaryimage\"},\"thumbnailUrl\":\"https:\\\/\\\/www.sanjuandeportes.com\\\/wp\\\/wp-content\\\/uploads\\\/2017\\\/11\\\/23517583_1390843961043128_3152582231137474485_n.jpg\",\"articleSection\":[\"Featured\",\"Polideportivo\"],\"inLanguage\":\"es\",\"potentialAction\":[{\"@type\":\"CommentAction\",\"name\":\"Comment\",\"target\":[\"https:\\\/\\\/www.sanjuandeportes.com\\\/wp\\\/2017\\\/11\\\/14\\\/los-vargas-en-el-top-ten-de-francia\\\/#respond\"]}]},{\"@type\":\"WebPage\",\"@id\":\"https:\\\/\\\/www.sanjuandeportes.com\\\/wp\\\/2017\\\/11\\\/14\\\/los-vargas-en-el-top-ten-de-francia\\\/\",\"url\":\"https:\\\/\\\/www.sanjuandeportes.com\\\/wp\\\/2017\\\/11\\\/14\\\/los-vargas-en-el-top-ten-de-francia\\\/\",\"name\":\"Los Vargas en el top ten de Francia - San Juan Deportes\",\"isPartOf\":{\"@id\":\"https:\\\/\\\/www.sanjuandeportes.com\\\/wp\\\/#website\"},\"primaryImageOfPage\":{\"@id\":\"https:\\\/\\\/www.sanjuandeportes.com\\\/wp\\\/2017\\\/11\\\/14\\\/los-vargas-en-el-top-ten-de-francia\\\/#primaryimage\"},\"image\":{\"@id\":\"https:\\\/\\\/www.sanjuandeportes.com\\\/wp\\\/2017\\\/11\\\/14\\\/los-vargas-en-el-top-ten-de-francia\\\/#primaryimage\"},\"thumbnailUrl\":\"https:\\\/\\\/www.sanjuandeportes.com\\\/wp\\\/wp-content\\\/uploads\\\/2017\\\/11\\\/23517583_1390843961043128_3152582231137474485_n.jpg\",\"datePublished\":\"2017-11-14T19:06:48+00:00\",\"breadcrumb\":{\"@id\":\"https:\\\/\\\/www.sanjuandeportes.com\\\/wp\\\/2017\\\/11\\\/14\\\/los-vargas-en-el-top-ten-de-francia\\\/#breadcrumb\"},\"inLanguage\":\"es\",\"potentialAction\":[{\"@type\":\"ReadAction\",\"target\":[\"https:\\\/\\\/www.sanjuandeportes.com\\\/wp\\\/2017\\\/11\\\/14\\\/los-vargas-en-el-top-ten-de-francia\\\/\"]}]},{\"@type\":\"ImageObject\",\"inLanguage\":\"es\",\"@id\":\"https:\\\/\\\/www.sanjuandeportes.com\\\/wp\\\/2017\\\/11\\\/14\\\/los-vargas-en-el-top-ten-de-francia\\\/#primaryimage\",\"url\":\"https:\\\/\\\/www.sanjuandeportes.com\\\/wp\\\/wp-content\\\/uploads\\\/2017\\\/11\\\/23517583_1390843961043128_3152582231137474485_n.jpg\",\"contentUrl\":\"https:\\\/\\\/www.sanjuandeportes.com\\\/wp\\\/wp-content\\\/uploads\\\/2017\\\/11\\\/23517583_1390843961043128_3152582231137474485_n.jpg\",\"width\":960,\"height\":639},{\"@type\":\"BreadcrumbList\",\"@id\":\"https:\\\/\\\/www.sanjuandeportes.com\\\/wp\\\/2017\\\/11\\\/14\\\/los-vargas-en-el-top-ten-de-francia\\\/#breadcrumb\",\"itemListElement\":[{\"@type\":\"ListItem\",\"position\":1,\"name\":\"Portada\",\"item\":\"http:\\\/\\\/www.sanjuandeportes.com\\\/wp\\\/\"},{\"@type\":\"ListItem\",\"position\":2,\"name\":\"Los Vargas en el top ten de Francia\"}]},{\"@type\":\"WebSite\",\"@id\":\"https:\\\/\\\/www.sanjuandeportes.com\\\/wp\\\/#website\",\"url\":\"https:\\\/\\\/www.sanjuandeportes.com\\\/wp\\\/\",\"name\":\"San Juan Deportes\",\"description\":\"El sitio de deportes de la provincia de San Juan\",\"publisher\":{\"@id\":\"https:\\\/\\\/www.sanjuandeportes.com\\\/wp\\\/#organization\"},\"potentialAction\":[{\"@type\":\"SearchAction\",\"target\":{\"@type\":\"EntryPoint\",\"urlTemplate\":\"https:\\\/\\\/www.sanjuandeportes.com\\\/wp\\\/?s={search_term_string}\"},\"query-input\":{\"@type\":\"PropertyValueSpecification\",\"valueRequired\":true,\"valueName\":\"search_term_string\"}}],\"inLanguage\":\"es\"},{\"@type\":\"Organization\",\"@id\":\"https:\\\/\\\/www.sanjuandeportes.com\\\/wp\\\/#organization\",\"name\":\"San Juan Deportes\",\"url\":\"https:\\\/\\\/www.sanjuandeportes.com\\\/wp\\\/\",\"logo\":{\"@type\":\"ImageObject\",\"inLanguage\":\"es\",\"@id\":\"https:\\\/\\\/www.sanjuandeportes.com\\\/wp\\\/#\\\/schema\\\/logo\\\/image\\\/\",\"url\":\"https:\\\/\\\/www.sanjuandeportes.com\\\/wp\\\/wp-content\\\/uploads\\\/unnamed.jpg\",\"contentUrl\":\"https:\\\/\\\/www.sanjuandeportes.com\\\/wp\\\/wp-content\\\/uploads\\\/unnamed.jpg\",\"width\":900,\"height\":900,\"caption\":\"San Juan Deportes\"},\"image\":{\"@id\":\"https:\\\/\\\/www.sanjuandeportes.com\\\/wp\\\/#\\\/schema\\\/logo\\\/image\\\/\"},\"sameAs\":[\"https:\\\/\\\/www.facebook.com\\\/sanjuandeportesok\",\"https:\\\/\\\/x.com\\\/SanJuanDeportes\",\"https:\\\/\\\/www.instagram.com\\\/sanjuandeportes\"]},{\"@type\":\"Person\",\"@id\":\"https:\\\/\\\/www.sanjuandeportes.com\\\/wp\\\/#\\\/schema\\\/person\\\/d8e3463931719391897f9c7a6d1bb7b3\",\"name\":\"admin\",\"image\":{\"@type\":\"ImageObject\",\"inLanguage\":\"es\",\"@id\":\"https:\\\/\\\/secure.gravatar.com\\\/avatar\\\/c4deacdacf798758c71e8e4f4ca4bcf755ae082e386babce41b35a278703bed5?s=96&d=mm&r=g\",\"url\":\"https:\\\/\\\/secure.gravatar.com\\\/avatar\\\/c4deacdacf798758c71e8e4f4ca4bcf755ae082e386babce41b35a278703bed5?s=96&d=mm&r=g\",\"contentUrl\":\"https:\\\/\\\/secure.gravatar.com\\\/avatar\\\/c4deacdacf798758c71e8e4f4ca4bcf755ae082e386babce41b35a278703bed5?s=96&d=mm&r=g\",\"caption\":\"admin\"},\"url\":\"https:\\\/\\\/www.sanjuandeportes.com\\\/wp\\\/author\\\/admin\\\/\"}]}<\/script>\n<!-- \/ Yoast SEO plugin. -->","yoast_head_json":{"title":"Los Vargas en el top ten de Francia - San Juan Deportes","robots":{"index":"index","follow":"follow","max-snippet":"max-snippet:-1","max-image-preview":"max-image-preview:large","max-video-preview":"max-video-preview:-1"},"canonical":"https:\/\/www.sanjuandeportes.com\/wp\/2017\/11\/14\/los-vargas-en-el-top-ten-de-francia\/","og_locale":"es_ES","og_type":"article","og_title":"Los Vargas en el top ten de Francia - San Juan Deportes","og_description":"Nataci\u00f3n- Campeonato Nacional de Interclubes. El fin de semana pasado los nadadores sanjuaninos compitieron en el pa\u00eds galo y sacaron muy buenos resultados en el Campeonato Nacional de Interclubes. Valent\u00edn y Felipe comenzaron a competir en torneos importantes en Francia, teniendo destacadas actuaciones, que les permiten estar entre los diez mejores. Montpellier fue el primer [&hellip;]","og_url":"https:\/\/www.sanjuandeportes.com\/wp\/2017\/11\/14\/los-vargas-en-el-top-ten-de-francia\/","og_site_name":"San Juan Deportes","article_publisher":"https:\/\/www.facebook.com\/sanjuandeportesok","article_published_time":"2017-11-14T19:06:48+00:00","og_image":[{"width":960,"height":639,"url":"https:\/\/www.sanjuandeportes.com\/wp\/wp-content\/uploads\/2017\/11\/23517583_1390843961043128_3152582231137474485_n.jpg","type":"image\/jpeg"}],"author":"admin","twitter_card":"summary_large_image","twitter_creator":"@SanJuanDeportes","twitter_site":"@SanJuanDeportes","twitter_misc":{"Escrito por":"admin","Tiempo de lectura":"1 minuto"},"schema":{"@context":"https:\/\/schema.org","@graph":[{"@type":"Article","@id":"https:\/\/www.sanjuandeportes.com\/wp\/2017\/11\/14\/los-vargas-en-el-top-ten-de-francia\/#article","isPartOf":{"@id":"https:\/\/www.sanjuandeportes.com\/wp\/2017\/11\/14\/los-vargas-en-el-top-ten-de-francia\/"},"author":{"name":"admin","@id":"https:\/\/www.sanjuandeportes.com\/wp\/#\/schema\/person\/d8e3463931719391897f9c7a6d1bb7b3"},"headline":"Los Vargas en el top ten de Francia","datePublished":"2017-11-14T19:06:48+00:00","mainEntityOfPage":{"@id":"https:\/\/www.sanjuandeportes.com\/wp\/2017\/11\/14\/los-vargas-en-el-top-ten-de-francia\/"},"wordCount":200,"commentCount":0,"publisher":{"@id":"https:\/\/www.sanjuandeportes.com\/wp\/#organization"},"image":{"@id":"https:\/\/www.sanjuandeportes.com\/wp\/2017\/11\/14\/los-vargas-en-el-top-ten-de-francia\/#primaryimage"},"thumbnailUrl":"https:\/\/www.sanjuandeportes.com\/wp\/wp-content\/uploads\/2017\/11\/23517583_1390843961043128_3152582231137474485_n.jpg","articleSection":["Featured","Polideportivo"],"inLanguage":"es","potentialAction":[{"@type":"CommentAction","name":"Comment","target":["https:\/\/www.sanjuandeportes.com\/wp\/2017\/11\/14\/los-vargas-en-el-top-ten-de-francia\/#respond"]}]},{"@type":"WebPage","@id":"https:\/\/www.sanjuandeportes.com\/wp\/2017\/11\/14\/los-vargas-en-el-top-ten-de-francia\/","url":"https:\/\/www.sanjuandeportes.com\/wp\/2017\/11\/14\/los-vargas-en-el-top-ten-de-francia\/","name":"Los Vargas en el top ten de Francia - San Juan Deportes","isPartOf":{"@id":"https:\/\/www.sanjuandeportes.com\/wp\/#website"},"primaryImageOfPage":{"@id":"https:\/\/www.sanjuandeportes.com\/wp\/2017\/11\/14\/los-vargas-en-el-top-ten-de-francia\/#primaryimage"},"image":{"@id":"https:\/\/www.sanjuandeportes.com\/wp\/2017\/11\/14\/los-vargas-en-el-top-ten-de-francia\/#primaryimage"},"thumbnailUrl":"https:\/\/www.sanjuandeportes.com\/wp\/wp-content\/uploads\/2017\/11\/23517583_1390843961043128_3152582231137474485_n.jpg","datePublished":"2017-11-14T19:06:48+00:00","breadcrumb":{"@id":"https:\/\/www.sanjuandeportes.com\/wp\/2017\/11\/14\/los-vargas-en-el-top-ten-de-francia\/#breadcrumb"},"inLanguage":"es","potentialAction":[{"@type":"ReadAction","target":["https:\/\/www.sanjuandeportes.com\/wp\/2017\/11\/14\/los-vargas-en-el-top-ten-de-francia\/"]}]},{"@type":"ImageObject","inLanguage":"es","@id":"https:\/\/www.sanjuandeportes.com\/wp\/2017\/11\/14\/los-vargas-en-el-top-ten-de-francia\/#primaryimage","url":"https:\/\/www.sanjuandeportes.com\/wp\/wp-content\/uploads\/2017\/11\/23517583_1390843961043128_3152582231137474485_n.jpg","contentUrl":"https:\/\/www.sanjuandeportes.com\/wp\/wp-content\/uploads\/2017\/11\/23517583_1390843961043128_3152582231137474485_n.jpg","width":960,"height":639},{"@type":"BreadcrumbList","@id":"https:\/\/www.sanjuandeportes.com\/wp\/2017\/11\/14\/los-vargas-en-el-top-ten-de-francia\/#breadcrumb","itemListElement":[{"@type":"ListItem","position":1,"name":"Portada","item":"http:\/\/www.sanjuandeportes.com\/wp\/"},{"@type":"ListItem","position":2,"name":"Los Vargas en el top ten de Francia"}]},{"@type":"WebSite","@id":"https:\/\/www.sanjuandeportes.com\/wp\/#website","url":"https:\/\/www.sanjuandeportes.com\/wp\/","name":"San Juan Deportes","description":"El sitio de deportes de la provincia de San Juan","publisher":{"@id":"https:\/\/www.sanjuandeportes.com\/wp\/#organization"},"potentialAction":[{"@type":"SearchAction","target":{"@type":"EntryPoint","urlTemplate":"https:\/\/www.sanjuandeportes.com\/wp\/?s={search_term_string}"},"query-input":{"@type":"PropertyValueSpecification","valueRequired":true,"valueName":"search_term_string"}}],"inLanguage":"es"},{"@type":"Organization","@id":"https:\/\/www.sanjuandeportes.com\/wp\/#organization","name":"San Juan Deportes","url":"https:\/\/www.sanjuandeportes.com\/wp\/","logo":{"@type":"ImageObject","inLanguage":"es","@id":"https:\/\/www.sanjuandeportes.com\/wp\/#\/schema\/logo\/image\/","url":"https:\/\/www.sanjuandeportes.com\/wp\/wp-content\/uploads\/unnamed.jpg","contentUrl":"https:\/\/www.sanjuandeportes.com\/wp\/wp-content\/uploads\/unnamed.jpg","width":900,"height":900,"caption":"San Juan Deportes"},"image":{"@id":"https:\/\/www.sanjuandeportes.com\/wp\/#\/schema\/logo\/image\/"},"sameAs":["https:\/\/www.facebook.com\/sanjuandeportesok","https:\/\/x.com\/SanJuanDeportes","https:\/\/www.instagram.com\/sanjuandeportes"]},{"@type":"Person","@id":"https:\/\/www.sanjuandeportes.com\/wp\/#\/schema\/person\/d8e3463931719391897f9c7a6d1bb7b3","name":"admin","image":{"@type":"ImageObject","inLanguage":"es","@id":"https:\/\/secure.gravatar.com\/avatar\/c4deacdacf798758c71e8e4f4ca4bcf755ae082e386babce41b35a278703bed5?s=96&d=mm&r=g","url":"https:\/\/secure.gravatar.com\/avatar\/c4deacdacf798758c71e8e4f4ca4bcf755ae082e386babce41b35a278703bed5?s=96&d=mm&r=g","contentUrl":"https:\/\/secure.gravatar.com\/avatar\/c4deacdacf798758c71e8e4f4ca4bcf755ae082e386babce41b35a278703bed5?s=96&d=mm&r=g","caption":"admin"},"url":"https:\/\/www.sanjuandeportes.com\/wp\/author\/admin\/"}]}},"_links":{"self":[{"href":"https:\/\/www.sanjuandeportes.com\/wp\/wp-json\/wp\/v2\/posts\/1116","targetHints":{"allow":["GET"]}}],"collection":[{"href":"https:\/\/www.sanjuandeportes.com\/wp\/wp-json\/wp\/v2\/posts"}],"about":[{"href":"https:\/\/www.sanjuandeportes.com\/wp\/wp-json\/wp\/v2\/types\/post"}],"author":[{"embeddable":true,"href":"https:\/\/www.sanjuandeportes.com\/wp\/wp-json\/wp\/v2\/users\/1"}],"replies":[{"embeddable":true,"href":"https:\/\/www.sanjuandeportes.com\/wp\/wp-json\/wp\/v2\/comments?post=1116"}],"version-history":[{"count":1,"href":"https:\/\/www.sanjuandeportes.com\/wp\/wp-json\/wp\/v2\/posts\/1116\/revisions"}],"predecessor-version":[{"id":1119,"href":"https:\/\/www.sanjuandeportes.com\/wp\/wp-json\/wp\/v2\/posts\/1116\/revisions\/1119"}],"wp:featuredmedia":[{"embeddable":true,"href":"https:\/\/www.sanjuandeportes.com\/wp\/wp-json\/wp\/v2\/media\/1118"}],"wp:attachment":[{"href":"https:\/\/www.sanjuandeportes.com\/wp\/wp-json\/wp\/v2\/media?parent=1116"}],"wp:term":[{"taxonomy":"category","embeddable":true,"href":"https:\/\/www.sanjuandeportes.com\/wp\/wp-json\/wp\/v2\/categories?post=1116"},{"taxonomy":"post_tag","embeddable":true,"href":"https:\/\/www.sanjuandeportes.com\/wp\/wp-json\/wp\/v2\/tags?post=1116"}],"curies":[{"name":"wp","href":"https:\/\/api.w.org\/{rel}","templated":true}]}}