{"id":12201,"date":"2021-02-18T14:54:16","date_gmt":"2021-02-18T14:54:16","guid":{"rendered":"http:\/\/www.sanjuandeportes.com\/wp\/?p=12201"},"modified":"2021-02-19T15:03:13","modified_gmt":"2021-02-19T15:03:13","slug":"el-6-de-marzo-vuelve-el-futbol-sanjuanino-asi-sera-el-formato-del-torneo","status":"publish","type":"post","link":"https:\/\/www.sanjuandeportes.com\/wp\/2021\/02\/18\/el-6-de-marzo-vuelve-el-futbol-sanjuanino-asi-sera-el-formato-del-torneo\/","title":{"rendered":"El 6 de marzo vuelve el f\u00fatbol sanjuanino: as\u00ed ser\u00e1 el formato del torneo"},"content":{"rendered":"<div class=\"o9v6fnle cxmmr5t8 oygrvhab hcukyx3x c1et5uql ii04i59q\">\n<div dir=\"auto\">Este mi\u00e9rcoles por la noche se decidi\u00f3 en asamblea de consejo directivo el formato del torneo de la divisi\u00f3n A:<\/div>\n<div dir=\"auto\"><\/div>\n<\/div>\n<div class=\"o9v6fnle cxmmr5t8 oygrvhab hcukyx3x c1et5uql ii04i59q\">\n<div dir=\"auto\">\u2022 Una zona de 18 equipos<\/div>\n<div dir=\"auto\"><\/div>\n<div dir=\"auto\">\u2022 Enfrentamiento todos contra todos, total de 17 fechas<\/div>\n<div dir=\"auto\"><\/div>\n<div dir=\"auto\">\u2022 Clasifican a semifinales los cuatro primeros<\/div>\n<div dir=\"auto\"><\/div>\n<div dir=\"auto\">\u2022 Los ganadores de las semifinales disputar\u00e1n la final<\/div>\n<div dir=\"auto\"><\/div>\n<div dir=\"auto\">\u2022 El primer campeonato ser\u00e1 denominado Torneo de Invierno y comenzar\u00e1 el 06\/03\/2021 y con fecha de finalizaci\u00f3n el 10\/07\/21<\/div>\n<div dir=\"auto\"><\/div>\n<div dir=\"auto\">\u2022 El formato de disputa se repetir\u00e1 en el campeonato de Verano, con fecha de comienzo el 17\/07\/201 y fecha de finalizaci\u00f3n el 20\/11\/21<\/div>\n<div dir=\"auto\"><\/div>\n<div dir=\"auto\">\u2022 El formato y fechas es el mismo tanto para primera como cuarta divisi\u00f3n<\/div>\n<div dir=\"auto\"><\/div>\n<\/div>\n<div class=\"o9v6fnle cxmmr5t8 oygrvhab hcukyx3x c1et5uql ii04i59q\">\n<div dir=\"auto\">* Dos ascensos de la Divisi\u00f3n B a Divisi\u00f3n A y ning\u00fan descenso en a\u00f1o 2021<\/div>\n<\/div>\n<div class=\"o9v6fnle cxmmr5t8 oygrvhab hcukyx3x c1et5uql ii04i59q\">\n<div dir=\"auto\">* Amnist\u00eda para jugadores y cuerpo t\u00e9cnico \u00fanicamente de Liga Sanjuanina de F\u00fatbol. Casos seg\u00fan detalla el estatuto de Liga Sanjuanina de F\u00fatbol.<\/div>\n<\/div>\n<div dir=\"auto\"><\/div>\n<div dir=\"auto\"><\/div>\n<div dir=\"auto\"><strong>PRIMERA REUNI\u00d3N DE PRESIDENTES<\/strong><\/div>\n<div dir=\"auto\"><\/div>\n<div dir=\"auto\">\n<div class=\"o9v6fnle cxmmr5t8 oygrvhab hcukyx3x c1et5uql ii04i59q\">\n<div dir=\"auto\">En la tarde del martes, se realiz\u00f3 en la sede de Liga Sanjuanina de F\u00fatbol la primera reuni\u00f3n de presidentes de los 18 clubes de primera divisi\u00f3n.<\/div>\n<\/div>\n<div class=\"o9v6fnle cxmmr5t8 oygrvhab hcukyx3x c1et5uql ii04i59q\">\n<div dir=\"auto\"><\/div>\n<div dir=\"auto\">En la congregaci\u00f3n se realiz\u00f3 la entrega a cada uno de los representantes de una plaqueta y camiseta en homenaje a los 100 a\u00f1os del ente.<\/div>\n<\/div>\n<div class=\"o9v6fnle cxmmr5t8 oygrvhab hcukyx3x c1et5uql ii04i59q\">\n<div dir=\"auto\"><\/div>\n<div dir=\"auto\">La reuni\u00f3n tuvo como ejes fundamentales: el formato del torneo 2021, el protocolo para la competencia, la implementaci\u00f3n obligatoria del sistema COMET desde el 1\/6\/21, torneo sin descenso y con 2 ascensos de la Divisi\u00f3n B y tambi\u00e9n la amnist\u00eda de jugadores expulsados.<\/div>\n<\/div>\n<div class=\"o9v6fnle cxmmr5t8 oygrvhab hcukyx3x c1et5uql ii04i59q\">\n<div dir=\"auto\">La asamblea estuvo encabezada por Oscar Cuevas, presidente de Liga Sanjuanina de F\u00fatbol, Gerardo Iturrieta, tesorero, y Mario G\u00f3mez, secretario. Fueron un total de 17 presidentes, solo falt\u00f3 uno.<\/div>\n<div dir=\"auto\"><\/div>\n<div dir=\"auto\">Fuente: Liga Sanjuanina de F\u00fatbol<\/div>\n<\/div>\n<\/div>\n","protected":false},"excerpt":{"rendered":"<p>Este mi\u00e9rcoles por la noche se decidi\u00f3 en asamblea de consejo directivo el formato del torneo de la divisi\u00f3n A: \u2022 Una zona de 18 equipos \u2022 Enfrentamiento todos contra todos, total de 17 fechas \u2022 Clasifican a semifinales los cuatro primeros \u2022 Los ganadores de las semifinales disputar\u00e1n la final \u2022 El primer campeonato [&hellip;]<\/p>\n","protected":false},"author":5,"featured_media":6383,"comment_status":"open","ping_status":"open","sticky":false,"template":"","format":"standard","meta":{"footnotes":""},"categories":[24,178],"tags":[],"class_list":["post-12201","post","type-post","status-publish","format-standard","has-post-thumbnail","hentry","category-futbol","category-san-juan"],"yoast_head":"<!-- This site is optimized with the Yoast SEO plugin v28.2 - https:\/\/yoast.com\/product\/yoast-seo-wordpress\/ -->\n<title>El 6 de marzo vuelve el f\u00fatbol sanjuanino: as\u00ed ser\u00e1 el formato del torneo - San Juan Deportes<\/title>\n<meta name=\"robots\" content=\"index, follow, max-snippet:-1, max-image-preview:large, max-video-preview:-1\" \/>\n<link rel=\"canonical\" href=\"https:\/\/www.sanjuandeportes.com\/wp\/2021\/02\/18\/el-6-de-marzo-vuelve-el-futbol-sanjuanino-asi-sera-el-formato-del-torneo\/\" \/>\n<meta property=\"og:locale\" content=\"es_ES\" \/>\n<meta property=\"og:type\" content=\"article\" \/>\n<meta property=\"og:title\" content=\"El 6 de marzo vuelve el f\u00fatbol sanjuanino: as\u00ed ser\u00e1 el formato del torneo - San Juan Deportes\" \/>\n<meta property=\"og:description\" content=\"Este mi\u00e9rcoles por la noche se decidi\u00f3 en asamblea de consejo directivo el formato del torneo de la divisi\u00f3n A: \u2022 Una zona de 18 equipos \u2022 Enfrentamiento todos contra todos, total de 17 fechas \u2022 Clasifican a semifinales los cuatro primeros \u2022 Los ganadores de las semifinales disputar\u00e1n la final \u2022 El primer campeonato [&hellip;]\" \/>\n<meta property=\"og:url\" content=\"https:\/\/www.sanjuandeportes.com\/wp\/2021\/02\/18\/el-6-de-marzo-vuelve-el-futbol-sanjuanino-asi-sera-el-formato-del-torneo\/\" \/>\n<meta property=\"og:site_name\" content=\"San Juan Deportes\" \/>\n<meta property=\"article:publisher\" content=\"https:\/\/www.facebook.com\/sanjuandeportesok\" \/>\n<meta property=\"article:published_time\" content=\"2021-02-18T14:54:16+00:00\" \/>\n<meta property=\"article:modified_time\" content=\"2021-02-19T15:03:13+00:00\" \/>\n<meta property=\"og:image\" content=\"https:\/\/www.sanjuandeportes.com\/wp\/wp-content\/uploads\/2019\/08\/67598360_2347006102208450_2712118766199635968_o.jpg\" \/>\n\t<meta property=\"og:image:width\" content=\"1128\" \/>\n\t<meta property=\"og:image:height\" content=\"750\" \/>\n\t<meta property=\"og:image:type\" content=\"image\/jpeg\" \/>\n<meta name=\"author\" content=\"Pablo Pujado\" \/>\n<meta name=\"twitter:card\" content=\"summary_large_image\" \/>\n<meta name=\"twitter:creator\" content=\"@SanJuanDeportes\" \/>\n<meta name=\"twitter:site\" content=\"@SanJuanDeportes\" \/>\n<meta name=\"twitter:label1\" content=\"Escrito por\" \/>\n\t<meta name=\"twitter:data1\" content=\"Pablo Pujado\" \/>\n\t<meta name=\"twitter:label2\" content=\"Tiempo de lectura\" \/>\n\t<meta name=\"twitter:data2\" content=\"1 minuto\" \/>\n<script type=\"application\/ld+json\" class=\"yoast-schema-graph\">{\"@context\":\"https:\\\/\\\/schema.org\",\"@graph\":[{\"@type\":\"Article\",\"@id\":\"https:\\\/\\\/www.sanjuandeportes.com\\\/wp\\\/2021\\\/02\\\/18\\\/el-6-de-marzo-vuelve-el-futbol-sanjuanino-asi-sera-el-formato-del-torneo\\\/#article\",\"isPartOf\":{\"@id\":\"https:\\\/\\\/www.sanjuandeportes.com\\\/wp\\\/2021\\\/02\\\/18\\\/el-6-de-marzo-vuelve-el-futbol-sanjuanino-asi-sera-el-formato-del-torneo\\\/\"},\"author\":{\"name\":\"Pablo Pujado\",\"@id\":\"https:\\\/\\\/www.sanjuandeportes.com\\\/wp\\\/#\\\/schema\\\/person\\\/eda4d8e62a5d42b111781e3cdfcb9c3a\"},\"headline\":\"El 6 de marzo vuelve el f\u00fatbol sanjuanino: as\u00ed ser\u00e1 el formato del torneo\",\"datePublished\":\"2021-02-18T14:54:16+00:00\",\"dateModified\":\"2021-02-19T15:03:13+00:00\",\"mainEntityOfPage\":{\"@id\":\"https:\\\/\\\/www.sanjuandeportes.com\\\/wp\\\/2021\\\/02\\\/18\\\/el-6-de-marzo-vuelve-el-futbol-sanjuanino-asi-sera-el-formato-del-torneo\\\/\"},\"wordCount\":303,\"commentCount\":0,\"publisher\":{\"@id\":\"https:\\\/\\\/www.sanjuandeportes.com\\\/wp\\\/#organization\"},\"image\":{\"@id\":\"https:\\\/\\\/www.sanjuandeportes.com\\\/wp\\\/2021\\\/02\\\/18\\\/el-6-de-marzo-vuelve-el-futbol-sanjuanino-asi-sera-el-formato-del-torneo\\\/#primaryimage\"},\"thumbnailUrl\":\"https:\\\/\\\/www.sanjuandeportes.com\\\/wp\\\/wp-content\\\/uploads\\\/2019\\\/08\\\/67598360_2347006102208450_2712118766199635968_o.jpg\",\"articleSection\":[\"Futbol\",\"San Juan\"],\"inLanguage\":\"es\",\"potentialAction\":[{\"@type\":\"CommentAction\",\"name\":\"Comment\",\"target\":[\"https:\\\/\\\/www.sanjuandeportes.com\\\/wp\\\/2021\\\/02\\\/18\\\/el-6-de-marzo-vuelve-el-futbol-sanjuanino-asi-sera-el-formato-del-torneo\\\/#respond\"]}]},{\"@type\":\"WebPage\",\"@id\":\"https:\\\/\\\/www.sanjuandeportes.com\\\/wp\\\/2021\\\/02\\\/18\\\/el-6-de-marzo-vuelve-el-futbol-sanjuanino-asi-sera-el-formato-del-torneo\\\/\",\"url\":\"https:\\\/\\\/www.sanjuandeportes.com\\\/wp\\\/2021\\\/02\\\/18\\\/el-6-de-marzo-vuelve-el-futbol-sanjuanino-asi-sera-el-formato-del-torneo\\\/\",\"name\":\"El 6 de marzo vuelve el f\u00fatbol sanjuanino: as\u00ed ser\u00e1 el formato del torneo - San Juan Deportes\",\"isPartOf\":{\"@id\":\"https:\\\/\\\/www.sanjuandeportes.com\\\/wp\\\/#website\"},\"primaryImageOfPage\":{\"@id\":\"https:\\\/\\\/www.sanjuandeportes.com\\\/wp\\\/2021\\\/02\\\/18\\\/el-6-de-marzo-vuelve-el-futbol-sanjuanino-asi-sera-el-formato-del-torneo\\\/#primaryimage\"},\"image\":{\"@id\":\"https:\\\/\\\/www.sanjuandeportes.com\\\/wp\\\/2021\\\/02\\\/18\\\/el-6-de-marzo-vuelve-el-futbol-sanjuanino-asi-sera-el-formato-del-torneo\\\/#primaryimage\"},\"thumbnailUrl\":\"https:\\\/\\\/www.sanjuandeportes.com\\\/wp\\\/wp-content\\\/uploads\\\/2019\\\/08\\\/67598360_2347006102208450_2712118766199635968_o.jpg\",\"datePublished\":\"2021-02-18T14:54:16+00:00\",\"dateModified\":\"2021-02-19T15:03:13+00:00\",\"breadcrumb\":{\"@id\":\"https:\\\/\\\/www.sanjuandeportes.com\\\/wp\\\/2021\\\/02\\\/18\\\/el-6-de-marzo-vuelve-el-futbol-sanjuanino-asi-sera-el-formato-del-torneo\\\/#breadcrumb\"},\"inLanguage\":\"es\",\"potentialAction\":[{\"@type\":\"ReadAction\",\"target\":[\"https:\\\/\\\/www.sanjuandeportes.com\\\/wp\\\/2021\\\/02\\\/18\\\/el-6-de-marzo-vuelve-el-futbol-sanjuanino-asi-sera-el-formato-del-torneo\\\/\"]}]},{\"@type\":\"ImageObject\",\"inLanguage\":\"es\",\"@id\":\"https:\\\/\\\/www.sanjuandeportes.com\\\/wp\\\/2021\\\/02\\\/18\\\/el-6-de-marzo-vuelve-el-futbol-sanjuanino-asi-sera-el-formato-del-torneo\\\/#primaryimage\",\"url\":\"https:\\\/\\\/www.sanjuandeportes.com\\\/wp\\\/wp-content\\\/uploads\\\/2019\\\/08\\\/67598360_2347006102208450_2712118766199635968_o.jpg\",\"contentUrl\":\"https:\\\/\\\/www.sanjuandeportes.com\\\/wp\\\/wp-content\\\/uploads\\\/2019\\\/08\\\/67598360_2347006102208450_2712118766199635968_o.jpg\",\"width\":1128,\"height\":750},{\"@type\":\"BreadcrumbList\",\"@id\":\"https:\\\/\\\/www.sanjuandeportes.com\\\/wp\\\/2021\\\/02\\\/18\\\/el-6-de-marzo-vuelve-el-futbol-sanjuanino-asi-sera-el-formato-del-torneo\\\/#breadcrumb\",\"itemListElement\":[{\"@type\":\"ListItem\",\"position\":1,\"name\":\"Portada\",\"item\":\"http:\\\/\\\/www.sanjuandeportes.com\\\/wp\\\/\"},{\"@type\":\"ListItem\",\"position\":2,\"name\":\"El 6 de marzo vuelve el f\u00fatbol sanjuanino: as\u00ed ser\u00e1 el formato del torneo\"}]},{\"@type\":\"WebSite\",\"@id\":\"https:\\\/\\\/www.sanjuandeportes.com\\\/wp\\\/#website\",\"url\":\"https:\\\/\\\/www.sanjuandeportes.com\\\/wp\\\/\",\"name\":\"San Juan Deportes\",\"description\":\"El sitio de deportes de la provincia de San Juan\",\"publisher\":{\"@id\":\"https:\\\/\\\/www.sanjuandeportes.com\\\/wp\\\/#organization\"},\"potentialAction\":[{\"@type\":\"SearchAction\",\"target\":{\"@type\":\"EntryPoint\",\"urlTemplate\":\"https:\\\/\\\/www.sanjuandeportes.com\\\/wp\\\/?s={search_term_string}\"},\"query-input\":{\"@type\":\"PropertyValueSpecification\",\"valueRequired\":true,\"valueName\":\"search_term_string\"}}],\"inLanguage\":\"es\"},{\"@type\":\"Organization\",\"@id\":\"https:\\\/\\\/www.sanjuandeportes.com\\\/wp\\\/#organization\",\"name\":\"San Juan Deportes\",\"url\":\"https:\\\/\\\/www.sanjuandeportes.com\\\/wp\\\/\",\"logo\":{\"@type\":\"ImageObject\",\"inLanguage\":\"es\",\"@id\":\"https:\\\/\\\/www.sanjuandeportes.com\\\/wp\\\/#\\\/schema\\\/logo\\\/image\\\/\",\"url\":\"https:\\\/\\\/www.sanjuandeportes.com\\\/wp\\\/wp-content\\\/uploads\\\/unnamed.jpg\",\"contentUrl\":\"https:\\\/\\\/www.sanjuandeportes.com\\\/wp\\\/wp-content\\\/uploads\\\/unnamed.jpg\",\"width\":900,\"height\":900,\"caption\":\"San Juan Deportes\"},\"image\":{\"@id\":\"https:\\\/\\\/www.sanjuandeportes.com\\\/wp\\\/#\\\/schema\\\/logo\\\/image\\\/\"},\"sameAs\":[\"https:\\\/\\\/www.facebook.com\\\/sanjuandeportesok\",\"https:\\\/\\\/x.com\\\/SanJuanDeportes\",\"https:\\\/\\\/www.instagram.com\\\/sanjuandeportes\"]},{\"@type\":\"Person\",\"@id\":\"https:\\\/\\\/www.sanjuandeportes.com\\\/wp\\\/#\\\/schema\\\/person\\\/eda4d8e62a5d42b111781e3cdfcb9c3a\",\"name\":\"Pablo Pujado\",\"image\":{\"@type\":\"ImageObject\",\"inLanguage\":\"es\",\"@id\":\"https:\\\/\\\/secure.gravatar.com\\\/avatar\\\/310b69d28112912c333408a462a9837208de951b1e7c11514781740412f648b1?s=96&d=mm&r=g\",\"url\":\"https:\\\/\\\/secure.gravatar.com\\\/avatar\\\/310b69d28112912c333408a462a9837208de951b1e7c11514781740412f648b1?s=96&d=mm&r=g\",\"contentUrl\":\"https:\\\/\\\/secure.gravatar.com\\\/avatar\\\/310b69d28112912c333408a462a9837208de951b1e7c11514781740412f648b1?s=96&d=mm&r=g\",\"caption\":\"Pablo Pujado\"},\"url\":\"https:\\\/\\\/www.sanjuandeportes.com\\\/wp\\\/author\\\/pablo-pujado\\\/\"}]}<\/script>\n<!-- \/ Yoast SEO plugin. -->","yoast_head_json":{"title":"El 6 de marzo vuelve el f\u00fatbol sanjuanino: as\u00ed ser\u00e1 el formato del torneo - San Juan Deportes","robots":{"index":"index","follow":"follow","max-snippet":"max-snippet:-1","max-image-preview":"max-image-preview:large","max-video-preview":"max-video-preview:-1"},"canonical":"https:\/\/www.sanjuandeportes.com\/wp\/2021\/02\/18\/el-6-de-marzo-vuelve-el-futbol-sanjuanino-asi-sera-el-formato-del-torneo\/","og_locale":"es_ES","og_type":"article","og_title":"El 6 de marzo vuelve el f\u00fatbol sanjuanino: as\u00ed ser\u00e1 el formato del torneo - San Juan Deportes","og_description":"Este mi\u00e9rcoles por la noche se decidi\u00f3 en asamblea de consejo directivo el formato del torneo de la divisi\u00f3n A: \u2022 Una zona de 18 equipos \u2022 Enfrentamiento todos contra todos, total de 17 fechas \u2022 Clasifican a semifinales los cuatro primeros \u2022 Los ganadores de las semifinales disputar\u00e1n la final \u2022 El primer campeonato [&hellip;]","og_url":"https:\/\/www.sanjuandeportes.com\/wp\/2021\/02\/18\/el-6-de-marzo-vuelve-el-futbol-sanjuanino-asi-sera-el-formato-del-torneo\/","og_site_name":"San Juan Deportes","article_publisher":"https:\/\/www.facebook.com\/sanjuandeportesok","article_published_time":"2021-02-18T14:54:16+00:00","article_modified_time":"2021-02-19T15:03:13+00:00","og_image":[{"width":1128,"height":750,"url":"https:\/\/www.sanjuandeportes.com\/wp\/wp-content\/uploads\/2019\/08\/67598360_2347006102208450_2712118766199635968_o.jpg","type":"image\/jpeg"}],"author":"Pablo Pujado","twitter_card":"summary_large_image","twitter_creator":"@SanJuanDeportes","twitter_site":"@SanJuanDeportes","twitter_misc":{"Escrito por":"Pablo Pujado","Tiempo de lectura":"1 minuto"},"schema":{"@context":"https:\/\/schema.org","@graph":[{"@type":"Article","@id":"https:\/\/www.sanjuandeportes.com\/wp\/2021\/02\/18\/el-6-de-marzo-vuelve-el-futbol-sanjuanino-asi-sera-el-formato-del-torneo\/#article","isPartOf":{"@id":"https:\/\/www.sanjuandeportes.com\/wp\/2021\/02\/18\/el-6-de-marzo-vuelve-el-futbol-sanjuanino-asi-sera-el-formato-del-torneo\/"},"author":{"name":"Pablo Pujado","@id":"https:\/\/www.sanjuandeportes.com\/wp\/#\/schema\/person\/eda4d8e62a5d42b111781e3cdfcb9c3a"},"headline":"El 6 de marzo vuelve el f\u00fatbol sanjuanino: as\u00ed ser\u00e1 el formato del torneo","datePublished":"2021-02-18T14:54:16+00:00","dateModified":"2021-02-19T15:03:13+00:00","mainEntityOfPage":{"@id":"https:\/\/www.sanjuandeportes.com\/wp\/2021\/02\/18\/el-6-de-marzo-vuelve-el-futbol-sanjuanino-asi-sera-el-formato-del-torneo\/"},"wordCount":303,"commentCount":0,"publisher":{"@id":"https:\/\/www.sanjuandeportes.com\/wp\/#organization"},"image":{"@id":"https:\/\/www.sanjuandeportes.com\/wp\/2021\/02\/18\/el-6-de-marzo-vuelve-el-futbol-sanjuanino-asi-sera-el-formato-del-torneo\/#primaryimage"},"thumbnailUrl":"https:\/\/www.sanjuandeportes.com\/wp\/wp-content\/uploads\/2019\/08\/67598360_2347006102208450_2712118766199635968_o.jpg","articleSection":["Futbol","San Juan"],"inLanguage":"es","potentialAction":[{"@type":"CommentAction","name":"Comment","target":["https:\/\/www.sanjuandeportes.com\/wp\/2021\/02\/18\/el-6-de-marzo-vuelve-el-futbol-sanjuanino-asi-sera-el-formato-del-torneo\/#respond"]}]},{"@type":"WebPage","@id":"https:\/\/www.sanjuandeportes.com\/wp\/2021\/02\/18\/el-6-de-marzo-vuelve-el-futbol-sanjuanino-asi-sera-el-formato-del-torneo\/","url":"https:\/\/www.sanjuandeportes.com\/wp\/2021\/02\/18\/el-6-de-marzo-vuelve-el-futbol-sanjuanino-asi-sera-el-formato-del-torneo\/","name":"El 6 de marzo vuelve el f\u00fatbol sanjuanino: as\u00ed ser\u00e1 el formato del torneo - San Juan Deportes","isPartOf":{"@id":"https:\/\/www.sanjuandeportes.com\/wp\/#website"},"primaryImageOfPage":{"@id":"https:\/\/www.sanjuandeportes.com\/wp\/2021\/02\/18\/el-6-de-marzo-vuelve-el-futbol-sanjuanino-asi-sera-el-formato-del-torneo\/#primaryimage"},"image":{"@id":"https:\/\/www.sanjuandeportes.com\/wp\/2021\/02\/18\/el-6-de-marzo-vuelve-el-futbol-sanjuanino-asi-sera-el-formato-del-torneo\/#primaryimage"},"thumbnailUrl":"https:\/\/www.sanjuandeportes.com\/wp\/wp-content\/uploads\/2019\/08\/67598360_2347006102208450_2712118766199635968_o.jpg","datePublished":"2021-02-18T14:54:16+00:00","dateModified":"2021-02-19T15:03:13+00:00","breadcrumb":{"@id":"https:\/\/www.sanjuandeportes.com\/wp\/2021\/02\/18\/el-6-de-marzo-vuelve-el-futbol-sanjuanino-asi-sera-el-formato-del-torneo\/#breadcrumb"},"inLanguage":"es","potentialAction":[{"@type":"ReadAction","target":["https:\/\/www.sanjuandeportes.com\/wp\/2021\/02\/18\/el-6-de-marzo-vuelve-el-futbol-sanjuanino-asi-sera-el-formato-del-torneo\/"]}]},{"@type":"ImageObject","inLanguage":"es","@id":"https:\/\/www.sanjuandeportes.com\/wp\/2021\/02\/18\/el-6-de-marzo-vuelve-el-futbol-sanjuanino-asi-sera-el-formato-del-torneo\/#primaryimage","url":"https:\/\/www.sanjuandeportes.com\/wp\/wp-content\/uploads\/2019\/08\/67598360_2347006102208450_2712118766199635968_o.jpg","contentUrl":"https:\/\/www.sanjuandeportes.com\/wp\/wp-content\/uploads\/2019\/08\/67598360_2347006102208450_2712118766199635968_o.jpg","width":1128,"height":750},{"@type":"BreadcrumbList","@id":"https:\/\/www.sanjuandeportes.com\/wp\/2021\/02\/18\/el-6-de-marzo-vuelve-el-futbol-sanjuanino-asi-sera-el-formato-del-torneo\/#breadcrumb","itemListElement":[{"@type":"ListItem","position":1,"name":"Portada","item":"http:\/\/www.sanjuandeportes.com\/wp\/"},{"@type":"ListItem","position":2,"name":"El 6 de marzo vuelve el f\u00fatbol sanjuanino: as\u00ed ser\u00e1 el formato del torneo"}]},{"@type":"WebSite","@id":"https:\/\/www.sanjuandeportes.com\/wp\/#website","url":"https:\/\/www.sanjuandeportes.com\/wp\/","name":"San Juan Deportes","description":"El sitio de deportes de la provincia de San Juan","publisher":{"@id":"https:\/\/www.sanjuandeportes.com\/wp\/#organization"},"potentialAction":[{"@type":"SearchAction","target":{"@type":"EntryPoint","urlTemplate":"https:\/\/www.sanjuandeportes.com\/wp\/?s={search_term_string}"},"query-input":{"@type":"PropertyValueSpecification","valueRequired":true,"valueName":"search_term_string"}}],"inLanguage":"es"},{"@type":"Organization","@id":"https:\/\/www.sanjuandeportes.com\/wp\/#organization","name":"San Juan Deportes","url":"https:\/\/www.sanjuandeportes.com\/wp\/","logo":{"@type":"ImageObject","inLanguage":"es","@id":"https:\/\/www.sanjuandeportes.com\/wp\/#\/schema\/logo\/image\/","url":"https:\/\/www.sanjuandeportes.com\/wp\/wp-content\/uploads\/unnamed.jpg","contentUrl":"https:\/\/www.sanjuandeportes.com\/wp\/wp-content\/uploads\/unnamed.jpg","width":900,"height":900,"caption":"San Juan Deportes"},"image":{"@id":"https:\/\/www.sanjuandeportes.com\/wp\/#\/schema\/logo\/image\/"},"sameAs":["https:\/\/www.facebook.com\/sanjuandeportesok","https:\/\/x.com\/SanJuanDeportes","https:\/\/www.instagram.com\/sanjuandeportes"]},{"@type":"Person","@id":"https:\/\/www.sanjuandeportes.com\/wp\/#\/schema\/person\/eda4d8e62a5d42b111781e3cdfcb9c3a","name":"Pablo Pujado","image":{"@type":"ImageObject","inLanguage":"es","@id":"https:\/\/secure.gravatar.com\/avatar\/310b69d28112912c333408a462a9837208de951b1e7c11514781740412f648b1?s=96&d=mm&r=g","url":"https:\/\/secure.gravatar.com\/avatar\/310b69d28112912c333408a462a9837208de951b1e7c11514781740412f648b1?s=96&d=mm&r=g","contentUrl":"https:\/\/secure.gravatar.com\/avatar\/310b69d28112912c333408a462a9837208de951b1e7c11514781740412f648b1?s=96&d=mm&r=g","caption":"Pablo Pujado"},"url":"https:\/\/www.sanjuandeportes.com\/wp\/author\/pablo-pujado\/"}]}},"_links":{"self":[{"href":"https:\/\/www.sanjuandeportes.com\/wp\/wp-json\/wp\/v2\/posts\/12201","targetHints":{"allow":["GET"]}}],"collection":[{"href":"https:\/\/www.sanjuandeportes.com\/wp\/wp-json\/wp\/v2\/posts"}],"about":[{"href":"https:\/\/www.sanjuandeportes.com\/wp\/wp-json\/wp\/v2\/types\/post"}],"author":[{"embeddable":true,"href":"https:\/\/www.sanjuandeportes.com\/wp\/wp-json\/wp\/v2\/users\/5"}],"replies":[{"embeddable":true,"href":"https:\/\/www.sanjuandeportes.com\/wp\/wp-json\/wp\/v2\/comments?post=12201"}],"version-history":[{"count":1,"href":"https:\/\/www.sanjuandeportes.com\/wp\/wp-json\/wp\/v2\/posts\/12201\/revisions"}],"predecessor-version":[{"id":12202,"href":"https:\/\/www.sanjuandeportes.com\/wp\/wp-json\/wp\/v2\/posts\/12201\/revisions\/12202"}],"wp:featuredmedia":[{"embeddable":true,"href":"https:\/\/www.sanjuandeportes.com\/wp\/wp-json\/wp\/v2\/media\/6383"}],"wp:attachment":[{"href":"https:\/\/www.sanjuandeportes.com\/wp\/wp-json\/wp\/v2\/media?parent=12201"}],"wp:term":[{"taxonomy":"category","embeddable":true,"href":"https:\/\/www.sanjuandeportes.com\/wp\/wp-json\/wp\/v2\/categories?post=12201"},{"taxonomy":"post_tag","embeddable":true,"href":"https:\/\/www.sanjuandeportes.com\/wp\/wp-json\/wp\/v2\/tags?post=12201"}],"curies":[{"name":"wp","href":"https:\/\/api.w.org\/{rel}","templated":true}]}}