{"id":12343,"date":"2021-03-03T15:12:13","date_gmt":"2021-03-03T15:12:13","guid":{"rendered":"http:\/\/www.sanjuandeportes.com\/wp\/?p=12343"},"modified":"2021-03-03T15:12:13","modified_gmt":"2021-03-03T15:12:13","slug":"basquet-local-las-inferiores-palpitan-el-inicio-del-torneo-iniciacion","status":"publish","type":"post","link":"https:\/\/www.sanjuandeportes.com\/wp\/2021\/03\/03\/basquet-local-las-inferiores-palpitan-el-inicio-del-torneo-iniciacion\/","title":{"rendered":"B\u00e1squet local: las inferiores palpitan el inicio del Torneo Iniciaci\u00f3n"},"content":{"rendered":"<p><strong><em>Lleg\u00f3 el d\u00eda m\u00e1s esperado para las inferiores del b\u00e1squetbol masculino de la provincia. Desde el ente madre de San Juan dieron a conocer el fixture y el formato de juego del Torneo Iniciaci\u00f3n 2021.<\/em><\/strong><\/p>\n<p>El Torneo Iniciaci\u00f3n tendr\u00e1 inicio el d\u00eda s\u00e1bado 6 de marzo en categor\u00edas inferiores de la Rama Masculina. El formato de disputa ser\u00e1 a una ronda, el cu\u00e1l tendr\u00e1 una duraci\u00f3n aproximada de 50 d\u00edas, con una programaci\u00f3n de 9 (nueve) fechas en la fase regular. Los clasificados a semifinales ser\u00e1n los 4 (cuatro) mejores ubicados en la tabla de posiciones y ser\u00e1 a una final.<\/p>\n<p>Los clubes que presentan U13 masculino son: Ausonia, Villa Lanteri, Urquiza, Banco Hispano, Inca Huasi, J\u00e1chal B.C, Sporting Estrella, UVT y UNSJ.<\/p>\n<p style=\"text-align: center;\"><em><strong>EL FIXTURE COMPLETO DE CADA CATEGOR\u00cdA:\u00a0<\/strong><\/em><\/p>\n<p><b>Fixture U13 &#8211; Masculino\u00a0<\/b><\/p>\n<p><b>1\u00b0 Fecha 6\/03<\/b><\/p>\n<p>J\u00e1chal B.C vs Banco Hispano 11 hs.<\/p>\n<p>Estrella vs Urquiza 15 hs.<\/p>\n<p>UVT vs Villa Lanteri 15 hs.<\/p>\n<p>UNSJ vs Ausonia 15 hs.<\/p>\n<p>Libre: Inca Huasi<\/p>\n<p><b>2\u00b0 Fecha 13\/03<\/b><\/p>\n<p>Inca Huasi vs J\u00e1chal B.C 10 hs.<\/p>\n<p>Villa Lanteri vs UNSJ 15 hs.<\/p>\n<p>Urquiza vs UVT 15hs.<\/p>\n<p>Banco Hispano vs Estrella 15 hs.<\/p>\n<p>Libre: Ausonia<\/p>\n<p><b>3\u00b0 Fecha 24\/03\u00a0<\/b><\/p>\n<p>Estrella vs Inca Huasi 15 hs.<\/p>\n<p>UVT vs Banco Hispano 15 hs.<\/p>\n<p>UNSJ vs Urquiza 15 hs.<\/p>\n<p>Ausonia vs Villa Lanteri 15 hs.<\/p>\n<p>Libre: J\u00e1chal B.C<\/p>\n<p><b>4\u00b0 Fecha 20\/03<\/b><\/p>\n<p>Urquiza vs Ausonia 16 hs.<\/p>\n<p>Banco Hispano vs UNSJ 15 hs.<\/p>\n<p>Inca Huasi vs UVT 16 hs.<\/p>\n<p>J\u00e1chal B.C vs Estrella 11 hs.<\/p>\n<p>Libre: Villa Lanteri<\/p>\n<p><b>5\u00b0 Fecha 27\/03<\/b><\/p>\n<p>UVT vs J\u00e1chal B.C 10 hs.<\/p>\n<p>UNSJ vs Inca Huasi 15 hs.<\/p>\n<p>Ausonia vs Banco Hispano 16 hs.<\/p>\n<p>Villa Lanteri vs Urquiza 16 hs.<\/p>\n<p>Libre: Sporting Estrella<\/p>\n<p><b>6\u00b0 Fecha 1\/04<\/b><\/p>\n<p>Banco Hispano vs Villa Lanteri 15 hs.<\/p>\n<p>Inca Huasi vs Ausonia 10 hs.<\/p>\n<p>J\u00e1chal B.C vs UNSJ 11 hs.<\/p>\n<p>Estrella vs UVT 10 hs.<\/p>\n<p>Libre: Urquiza<\/p>\n<p><b>7\u00b0 Fecha 10\/04<\/b><\/p>\n<p>UNSJ vs Estrella 15 hs.<\/p>\n<p>Ausonia vs J\u00e1chal B.C 14 hs.<\/p>\n<p>Villa Lantri vs Inca Huasi 16 hs.<\/p>\n<p>Urquiza vs Banco Hispano 15 hs.<\/p>\n<p>Libre: UVT<\/p>\n<p><b>8\u00b0 Fecha 17\/04\u00a0<\/b><\/p>\n<p>Inca Huasi vs Urquiza 16 hs.<\/p>\n<p>J\u00e1chal B.C vs Villa Lanteri 13 hs.<\/p>\n<p>Estrella vs Ausonia 15 hs.<\/p>\n<p>UVT vs UNSJ 15 hs.<\/p>\n<p>Libre: Banco Hispano<\/p>\n<p><b>9\u00b0 Fecha 24\/04\u00a0<\/b><\/p>\n<p>Ausonia vs UVT 15 hs.<\/p>\n<p>Villa Lanteri vs Estrella 15 hs.<\/p>\n<p>Urquiza vs J\u00e1chal B.C 15 hs.<\/p>\n<p>Banco Hispano vs Inca Huasi 15 hs.<\/p>\n<p>Libre: UNSJ<\/p>\n<p>En categor\u00eda U15 se presentar\u00e1n los siguientes clubes: Ausonia, Villa Lanteri, Urquiza, Banco Hispano, Inca Hausi, J\u00e1chal B.C, Estrella, UVT, UNSJ y Del Bono.<\/p>\n<p><b>Fixture U15 &#8211; Masculino<\/b><\/p>\n<p><b>1\u00b0 Fecha 6\/03<\/b><\/p>\n<p>Del Bono vs Inca Huasi 15 hs.<\/p>\n<p>J\u00e1chal B.C vs Banco Hispano 14 hs.<\/p>\n<p>Estrella vs Urquiza 17 hs.<\/p>\n<p>UVT vs Villa Lanteri 17 hs.<\/p>\n<p>UNSJ vs Ausonia 17 hs.<\/p>\n<p><b>2\u00b0 Fecha 13\/03<\/b><\/p>\n<p>Ausonia vs Del Bono 16 hs.<\/p>\n<p>Villa Lanteri vs UNSJ 17 hs.<\/p>\n<p>Urquiza vs UVT 17 hs.<\/p>\n<p>Banco Hispano vs Estrella 17 hs.<\/p>\n<p>Inca Huasi vs J\u00e1chal B.C 15 hs.<\/p>\n<p><b>3\u00b0 Fecha 24\/03\u00a0<\/b><\/p>\n<p>Del Bono vs J\u00e1chal B.C 15 hs.<\/p>\n<p>Estrella vs Inca Huasi 17 hs.<\/p>\n<p>UVT vs Banco Hispano 17 hs.<\/p>\n<p>UNSJ vs Urquiza 17 hs.<\/p>\n<p>Ausonia vs Villa Lanteri 17 hs.<\/p>\n<p><b>4\u00b0 Fecha 20\/03<\/b><\/p>\n<p>Villa Lanteri vs DEl Bono 15 hs.<\/p>\n<p>Urquiza vs Ausonia 18 hs.<\/p>\n<p>Banco Hispano vs UNSJ 17 hs.<\/p>\n<p>Inca Huasi vs UVT 18 hs.<\/p>\n<p>J\u00e1chal vs Estrella 14 hs.<\/p>\n<p><b>5\u00b0 Fecha 27\/03\u00a0<\/b><\/p>\n<p>Del Bono vs Estrella 15 hs.<\/p>\n<p>UVT vs J\u00e1chal B.C 14 hs.<\/p>\n<p>UNSJ vs Inca Huasi 17 hs.<\/p>\n<p>Ausonia vs Banco Hispano 18 hs.<\/p>\n<p>Villa Lanteri vs Urquiza 18 hs.<\/p>\n<p><b>6 \u00b0 Fecha 31\/03\u00a0<\/b><\/p>\n<p>Urquiza vs Del Bono 19.30hs.<\/p>\n<p>Inca Huasi vs Ausonia 19.30 hs.<\/p>\n<p>1\/04<\/p>\n<p>Banco Hispano vs Villa Lanteri 17 hs.<\/p>\n<p>J\u00e1chal B.C vs UNSJ 14 hs.<\/p>\n<p>Estrella vs UVT 14 hs.<\/p>\n<p><b>7\u00b0 Fecha 10\/04<\/b><\/p>\n<p>Del Bono vs UVT 15 hs.<\/p>\n<p>UNSJ vs Estrella 17 hs.<\/p>\n<p>Ausonia vs J\u00e1chal B.C 16 hs.<\/p>\n<p>Villa Lanteri vs Inca Huasi 18 hs.<\/p>\n<p>Urquiza vs Banco Hispano 17 hs.<\/p>\n<p><b>8\u00b0 Fecha 17\/04<\/b><\/p>\n<p>Del Bono vs Banco Hispano 15 hs.<\/p>\n<p>Inca Huasi vs Urquiza 18 hs.<\/p>\n<p>J\u00e1chal B.C vs Villa Lanteri 16 hs.<\/p>\n<p>Estrella vs Ausonia 17 hs.<\/p>\n<p>UVT vs UNSJ 17 hs.<\/p>\n<p><b>9\u00b0 Fecha 22\/04\u00a0<\/b><\/p>\n<p>Villa Lanteri vs Estrella 17 hs.<\/p>\n<p>24\/04<\/p>\n<p>UNSj vs Del Bono 15 hs.<\/p>\n<p>Ausonia vs UVT 17 hs.<\/p>\n<p>Urquiza vs J\u00e1chal B.C 17 hs.<\/p>\n<p>Banco Hispano vs Inca Huasi 17 hs.<\/p>\n<p>Categor\u00eda U17: Ausonia, Villa Lanteri, Urquiza, Banco Hispano, Inca Huasi, J\u00e1chal B.C, Estrella, UVT, USNJ, Isca Yac\u00fa<\/p>\n<p><b>Fixture U17 &#8211; Masculino<\/b><\/p>\n<p><b>1\u00b0 Fecha 6\/03<\/b><\/p>\n<p>Isca Yac\u00fa vs Inca Huasi (reprogramado)<\/p>\n<p>J\u00e1chal B.C vs Banco Hispano 16 hs.<\/p>\n<p>9\/03<\/p>\n<p>UVT vs Villa Lanteri 20 hs.<\/p>\n<p>11\/03<\/p>\n<p>Ausonia vs UNSJ 20 hs.<\/p>\n<p>19\/03<\/p>\n<p>Esrtella vs Urquiza<\/p>\n<p><b>2\u00b0 Fecha 13\/03<\/b><\/p>\n<p>Ausonia vs Isca Yac\u00fa 18 hs.<\/p>\n<p>Urquiza vs UVT 19 hs.<\/p>\n<p>Inca Huasi vs J\u00e1chal B.C 17 hs.<\/p>\n<p>25\/03<\/p>\n<p>Villa Lanteri vs UNSJ 20 hs.<\/p>\n<p>26\/03<\/p>\n<p>Banco Hispano vs Estrella 20 hs.<\/p>\n<p><b>3\u00b0 Fecha 21\/03<\/b><\/p>\n<p>UNSJ vs Urquiza 20 hs.<\/p>\n<p>Ausonia vs Villa Lanteri 20 hs.<\/p>\n<p>23\/03<\/p>\n<p>Estrella vs Inca Huasi 20 hs.<\/p>\n<p>24\/03<\/p>\n<p>Isca Yac\u00fa vs J\u00e1chal B.C 19 hs.<\/p>\n<p>UVT vs Banco Hispano 19 hs.<\/p>\n<p><b>4\u00b0 Fecha 18\/03<\/b><\/p>\n<p>Villa Lanteri vs Isca Yac\u00fa 19 hs.<\/p>\n<p>17\/03<\/p>\n<p>UNSJ vs Banco Hispano 20 hs.<\/p>\n<p>Inca Huasi vs UVT 20 hs.<\/p>\n<p>20\/03<\/p>\n<p>J\u00e1cahl B.C vs Estrella 16 hs.<\/p>\n<p>25\/03<\/p>\n<p>Urquiza vs Ausonia 20 hs.<\/p>\n<p><b>5\u00b0 Fecha 24\/03<\/b><\/p>\n<p>UNSJ vs Inca Huasi 20 hs.<\/p>\n<p>Ausonia vs Banco Hispano 20 hs.<\/p>\n<p>26\/03<\/p>\n<p>Isca Yac\u00fa vs Estrella 19 hs.<\/p>\n<p>27\/03<\/p>\n<p>UVT vs J\u00e1chal B.C 16 hs.<\/p>\n<p>5\/04<\/p>\n<p>Villa Lanteri vs Urquiza 20 hs.<\/p>\n<p><b>6\u00b0 Fecha 31\/03<\/b><\/p>\n<p>Inca Huasi vs Ausonia 20 hs.<\/p>\n<p>1\/04<\/p>\n<p>Banco Hispano vs Villa Lanteri 20 hs.<\/p>\n<p>Estrella vs UVT 16 hs.<\/p>\n<p>2\/04<\/p>\n<p>J\u00e1chal B.C vs UNSJ 16 hs.<\/p>\n<p>Urquiza vs Isca Yac\u00fa 16 hs.<\/p>\n<p><b>7\u00b0 Fecha 10\/04<\/b><\/p>\n<p>Ica Yac\u00fa vs UVT 19 hs.<\/p>\n<p>Ausonia vs J\u00e1chal B.C 19 hs.<\/p>\n<p>16\/04<\/p>\n<p>Estrella vs UNSJ 20 hs.<\/p>\n<p>Villa Lanteri vs Inca Huasi 20 hs.<\/p>\n<p>Urquiza vs Banco Hispano 20 hs.<\/p>\n<p><b>8\u00b0 Fecha 8\/03<\/b><\/p>\n<p>Inca Huasi vs Urquiza 20 hs.<\/p>\n<p>17\/04<\/p>\n<p>Isca Yac\u00fa vs Banco Hispano19 hs.<\/p>\n<p>J\u00e1chal B.C vs Villa Lanteri 18 hs.<\/p>\n<p>Estrella vs Ausonia 19 hs.<\/p>\n<p>UVT vs UNSJ 19 hs.<\/p>\n<p><b>9\u00b0 Fecha\u00a0<\/b><\/p>\n<p>12\/03<\/p>\n<p>Villa Lanteri vs Estrella 20 hs.<\/p>\n<p>Banco Hispano vs Inca Huasi 20 hs.<\/p>\n<p>24\/04<\/p>\n<p>UNSJ vs Isca Yac\u00fa 17 hs.<\/p>\n<p>Ausonia vs UVT 19 hs.<\/p>\n<p>Urquiza vs J\u00e1chal B.C 19 hs.<\/p>\n<p>Categor\u00eda U19: Ausonia, Villa Lanteri, Urquiza, Banco Hispano , Inca Huasi, J\u00e1cahl B.C, Estrella, UVT, UNSJ, Del Bono.<\/p>\n<p><b>Fixture U19 &#8211; Masculino\u00a0<\/b><\/p>\n<p><b>1\u00b0 Fecha 6\/03\u00a0<\/b><\/p>\n<p>Del Bono vs Inca Huasi 17 hs.<\/p>\n<p>J\u00e1chal B.C vs Banco Hispano 18 hs.<\/p>\n<p>Estrella vs Urquiza 10 hs.<\/p>\n<p>UVT vs Villa Lanteri 10 hs.<\/p>\n<p>UNSJ vs Ausonia 10 hs.<\/p>\n<p><b>2\u00b0 Fecha 13\/03<\/b><\/p>\n<p>Ausonia vs Del Bono 20 hs.<\/p>\n<p>Villa Lanteri vs UNSJ 19 hs.<\/p>\n<p>Urquiza vs UVT 21 hs.<\/p>\n<p>Banco Hispano vs Estrella 19 hs.<\/p>\n<p>Inca Huasi vs J\u00e1chal B.C 19 hs.<\/p>\n<p><b>3\u00b0 Fecha 24 \/03<\/b><\/p>\n<p>Del Bono vs J\u00e1chal B.C 17 hs.<\/p>\n<p>Estrella vs Inca Huasi 19 hs.<\/p>\n<p>UVT vs Banco Hispano 21 hs.<\/p>\n<p>UNSJ vs Urquiza 19 hs.<\/p>\n<p>Ausonia vs Villa Lanteri 17 hs.<\/p>\n<p><b>4\u00b0 Fecha 20\/03<\/b><\/p>\n<p>Villa Lanteri vs Del Bono 17 hs.<\/p>\n<p>Urquiza vs Ausonia 20 hs.<\/p>\n<p>Banco Hispano vs UNSJ 19 hs.<\/p>\n<p>Inca Huasi vs UVT 20 hs.<\/p>\n<p>J\u00e1chal B.C vs Estrella 18 hs.<\/p>\n<p><b>5\u00b0 Fecha 26\/03<\/b><\/p>\n<p>Del Bono vs Estrella 17 hs.<\/p>\n<p>27\/03<\/p>\n<p>UVT vs J\u00e1chal B.C 20 hs.<\/p>\n<p>UNSJ vs Inca Huasi 19 hs.<\/p>\n<p>Ausonia vs Banco Hispano 20 hs.<\/p>\n<p>Villa Lanteri vs Urquiza 20 hs.<\/p>\n<p><b>6\u00b0 Fecha 30\/03<\/b><\/p>\n<p>Inca Huasi vs Ausonia 20 hs.<\/p>\n<p>1\/04<\/p>\n<p>Estrella vs UVT 18 hs.<\/p>\n<p>2\/04<\/p>\n<p>Urquiza vs Del Bono 21.30hs.<\/p>\n<p>Banco Hispano vs Villa Lanteri 20 hs.<\/p>\n<p>J\u00e1chal B.C vs UNSJ 18 hs.<\/p>\n<p><b>7\u00b0 Fecha 10\/04<\/b><\/p>\n<p>Del Bono vs UVT 17 hs.<\/p>\n<p>UNSJ vs Estrella 19 hs.<\/p>\n<p>Ausonia vs J\u00e1chal B.C 20 hs.<\/p>\n<p>Villa Lanteri vs Inca Huasi 20 hs.<\/p>\n<p>Urquiza vs Banco Hispano 19 hs.<\/p>\n<p><b>8\u00b0 Fecha 17\/04<\/b><\/p>\n<p>Del Bono vs Banco Hispano 17 hs.<\/p>\n<p>Inca Huasi vs Urquiza 20 hs.<\/p>\n<p>J\u00e1chal B.C vs Villa Lanteri 20 hs.<\/p>\n<p>Astrella vs Ausonia 19 hs.<\/p>\n<p>UVT vs UNSJ 21 hs.<\/p>\n<p><b>9\u00b0 Fecha 23\/04<\/b><\/p>\n<p>Ausonia vs UVT 21 hs.<\/p>\n<p>24\/04<\/p>\n<p>UNSJ vs Del Bono 19 hs.<\/p>\n<p>Villa Lanteri vs Estrella 19 hs.<\/p>\n<p>Urquiza vs J\u00e1chal .B.C21 hs.<\/p>\n<p>Banco Hispano vs Inca Huasi 19 hs.<\/p>\n<p>Fuente: Federaci\u00f3n Sanjuanina de F\u00fatbol<\/p>\n","protected":false},"excerpt":{"rendered":"<p>Lleg\u00f3 el d\u00eda m\u00e1s esperado para las inferiores del b\u00e1squetbol masculino de la provincia. Desde el ente madre de San Juan dieron a conocer el fixture y el formato de juego del Torneo Iniciaci\u00f3n 2021. El Torneo Iniciaci\u00f3n tendr\u00e1 inicio el d\u00eda s\u00e1bado 6 de marzo en categor\u00edas inferiores de la Rama Masculina. El formato [&hellip;]<\/p>\n","protected":false},"author":5,"featured_media":12344,"comment_status":"open","ping_status":"open","sticky":false,"template":"","format":"standard","meta":{"footnotes":""},"categories":[45,2,178],"tags":[],"class_list":["post-12343","post","type-post","status-publish","format-standard","has-post-thumbnail","hentry","category-basquet","category-featured","category-san-juan"],"yoast_head":"<!-- This site is optimized with the Yoast SEO plugin v28.2 - https:\/\/yoast.com\/product\/yoast-seo-wordpress\/ -->\n<title>B\u00e1squet local: las inferiores palpitan el inicio del Torneo Iniciaci\u00f3n - San Juan Deportes<\/title>\n<meta name=\"robots\" content=\"index, follow, max-snippet:-1, max-image-preview:large, max-video-preview:-1\" \/>\n<link rel=\"canonical\" href=\"https:\/\/www.sanjuandeportes.com\/wp\/2021\/03\/03\/basquet-local-las-inferiores-palpitan-el-inicio-del-torneo-iniciacion\/\" \/>\n<meta property=\"og:locale\" content=\"es_ES\" \/>\n<meta property=\"og:type\" content=\"article\" \/>\n<meta property=\"og:title\" content=\"B\u00e1squet local: las inferiores palpitan el inicio del Torneo Iniciaci\u00f3n - San Juan Deportes\" \/>\n<meta property=\"og:description\" content=\"Lleg\u00f3 el d\u00eda m\u00e1s esperado para las inferiores del b\u00e1squetbol masculino de la provincia. Desde el ente madre de San Juan dieron a conocer el fixture y el formato de juego del Torneo Iniciaci\u00f3n 2021. El Torneo Iniciaci\u00f3n tendr\u00e1 inicio el d\u00eda s\u00e1bado 6 de marzo en categor\u00edas inferiores de la Rama Masculina. El formato [&hellip;]\" \/>\n<meta property=\"og:url\" content=\"https:\/\/www.sanjuandeportes.com\/wp\/2021\/03\/03\/basquet-local-las-inferiores-palpitan-el-inicio-del-torneo-iniciacion\/\" \/>\n<meta property=\"og:site_name\" content=\"San Juan Deportes\" \/>\n<meta property=\"article:publisher\" content=\"https:\/\/www.facebook.com\/sanjuandeportesok\" \/>\n<meta property=\"article:published_time\" content=\"2021-03-03T15:12:13+00:00\" \/>\n<meta property=\"og:image\" content=\"https:\/\/www.sanjuandeportes.com\/wp\/wp-content\/uploads\/2021\/03\/2.jpg\" \/>\n\t<meta property=\"og:image:width\" content=\"1600\" \/>\n\t<meta property=\"og:image:height\" content=\"1067\" \/>\n\t<meta property=\"og:image:type\" content=\"image\/jpeg\" \/>\n<meta name=\"author\" content=\"Pablo Pujado\" \/>\n<meta name=\"twitter:card\" content=\"summary_large_image\" \/>\n<meta name=\"twitter:creator\" content=\"@SanJuanDeportes\" \/>\n<meta name=\"twitter:site\" content=\"@SanJuanDeportes\" \/>\n<meta name=\"twitter:label1\" content=\"Escrito por\" \/>\n\t<meta name=\"twitter:data1\" content=\"Pablo Pujado\" \/>\n\t<meta name=\"twitter:label2\" content=\"Tiempo de lectura\" \/>\n\t<meta name=\"twitter:data2\" content=\"6 minutos\" \/>\n<script type=\"application\/ld+json\" class=\"yoast-schema-graph\">{\"@context\":\"https:\\\/\\\/schema.org\",\"@graph\":[{\"@type\":\"Article\",\"@id\":\"https:\\\/\\\/www.sanjuandeportes.com\\\/wp\\\/2021\\\/03\\\/03\\\/basquet-local-las-inferiores-palpitan-el-inicio-del-torneo-iniciacion\\\/#article\",\"isPartOf\":{\"@id\":\"https:\\\/\\\/www.sanjuandeportes.com\\\/wp\\\/2021\\\/03\\\/03\\\/basquet-local-las-inferiores-palpitan-el-inicio-del-torneo-iniciacion\\\/\"},\"author\":{\"name\":\"Pablo Pujado\",\"@id\":\"https:\\\/\\\/www.sanjuandeportes.com\\\/wp\\\/#\\\/schema\\\/person\\\/eda4d8e62a5d42b111781e3cdfcb9c3a\"},\"headline\":\"B\u00e1squet local: las inferiores palpitan el inicio del Torneo Iniciaci\u00f3n\",\"datePublished\":\"2021-03-03T15:12:13+00:00\",\"mainEntityOfPage\":{\"@id\":\"https:\\\/\\\/www.sanjuandeportes.com\\\/wp\\\/2021\\\/03\\\/03\\\/basquet-local-las-inferiores-palpitan-el-inicio-del-torneo-iniciacion\\\/\"},\"wordCount\":1222,\"commentCount\":0,\"publisher\":{\"@id\":\"https:\\\/\\\/www.sanjuandeportes.com\\\/wp\\\/#organization\"},\"image\":{\"@id\":\"https:\\\/\\\/www.sanjuandeportes.com\\\/wp\\\/2021\\\/03\\\/03\\\/basquet-local-las-inferiores-palpitan-el-inicio-del-torneo-iniciacion\\\/#primaryimage\"},\"thumbnailUrl\":\"https:\\\/\\\/www.sanjuandeportes.com\\\/wp\\\/wp-content\\\/uploads\\\/2021\\\/03\\\/2.jpg\",\"articleSection\":[\"Basquet\",\"Featured\",\"San Juan\"],\"inLanguage\":\"es\",\"potentialAction\":[{\"@type\":\"CommentAction\",\"name\":\"Comment\",\"target\":[\"https:\\\/\\\/www.sanjuandeportes.com\\\/wp\\\/2021\\\/03\\\/03\\\/basquet-local-las-inferiores-palpitan-el-inicio-del-torneo-iniciacion\\\/#respond\"]}]},{\"@type\":\"WebPage\",\"@id\":\"https:\\\/\\\/www.sanjuandeportes.com\\\/wp\\\/2021\\\/03\\\/03\\\/basquet-local-las-inferiores-palpitan-el-inicio-del-torneo-iniciacion\\\/\",\"url\":\"https:\\\/\\\/www.sanjuandeportes.com\\\/wp\\\/2021\\\/03\\\/03\\\/basquet-local-las-inferiores-palpitan-el-inicio-del-torneo-iniciacion\\\/\",\"name\":\"B\u00e1squet local: las inferiores palpitan el inicio del Torneo Iniciaci\u00f3n - San Juan Deportes\",\"isPartOf\":{\"@id\":\"https:\\\/\\\/www.sanjuandeportes.com\\\/wp\\\/#website\"},\"primaryImageOfPage\":{\"@id\":\"https:\\\/\\\/www.sanjuandeportes.com\\\/wp\\\/2021\\\/03\\\/03\\\/basquet-local-las-inferiores-palpitan-el-inicio-del-torneo-iniciacion\\\/#primaryimage\"},\"image\":{\"@id\":\"https:\\\/\\\/www.sanjuandeportes.com\\\/wp\\\/2021\\\/03\\\/03\\\/basquet-local-las-inferiores-palpitan-el-inicio-del-torneo-iniciacion\\\/#primaryimage\"},\"thumbnailUrl\":\"https:\\\/\\\/www.sanjuandeportes.com\\\/wp\\\/wp-content\\\/uploads\\\/2021\\\/03\\\/2.jpg\",\"datePublished\":\"2021-03-03T15:12:13+00:00\",\"breadcrumb\":{\"@id\":\"https:\\\/\\\/www.sanjuandeportes.com\\\/wp\\\/2021\\\/03\\\/03\\\/basquet-local-las-inferiores-palpitan-el-inicio-del-torneo-iniciacion\\\/#breadcrumb\"},\"inLanguage\":\"es\",\"potentialAction\":[{\"@type\":\"ReadAction\",\"target\":[\"https:\\\/\\\/www.sanjuandeportes.com\\\/wp\\\/2021\\\/03\\\/03\\\/basquet-local-las-inferiores-palpitan-el-inicio-del-torneo-iniciacion\\\/\"]}]},{\"@type\":\"ImageObject\",\"inLanguage\":\"es\",\"@id\":\"https:\\\/\\\/www.sanjuandeportes.com\\\/wp\\\/2021\\\/03\\\/03\\\/basquet-local-las-inferiores-palpitan-el-inicio-del-torneo-iniciacion\\\/#primaryimage\",\"url\":\"https:\\\/\\\/www.sanjuandeportes.com\\\/wp\\\/wp-content\\\/uploads\\\/2021\\\/03\\\/2.jpg\",\"contentUrl\":\"https:\\\/\\\/www.sanjuandeportes.com\\\/wp\\\/wp-content\\\/uploads\\\/2021\\\/03\\\/2.jpg\",\"width\":1600,\"height\":1067},{\"@type\":\"BreadcrumbList\",\"@id\":\"https:\\\/\\\/www.sanjuandeportes.com\\\/wp\\\/2021\\\/03\\\/03\\\/basquet-local-las-inferiores-palpitan-el-inicio-del-torneo-iniciacion\\\/#breadcrumb\",\"itemListElement\":[{\"@type\":\"ListItem\",\"position\":1,\"name\":\"Portada\",\"item\":\"http:\\\/\\\/www.sanjuandeportes.com\\\/wp\\\/\"},{\"@type\":\"ListItem\",\"position\":2,\"name\":\"B\u00e1squet local: las inferiores palpitan el inicio del Torneo Iniciaci\u00f3n\"}]},{\"@type\":\"WebSite\",\"@id\":\"https:\\\/\\\/www.sanjuandeportes.com\\\/wp\\\/#website\",\"url\":\"https:\\\/\\\/www.sanjuandeportes.com\\\/wp\\\/\",\"name\":\"San Juan Deportes\",\"description\":\"El sitio de deportes de la provincia de San Juan\",\"publisher\":{\"@id\":\"https:\\\/\\\/www.sanjuandeportes.com\\\/wp\\\/#organization\"},\"potentialAction\":[{\"@type\":\"SearchAction\",\"target\":{\"@type\":\"EntryPoint\",\"urlTemplate\":\"https:\\\/\\\/www.sanjuandeportes.com\\\/wp\\\/?s={search_term_string}\"},\"query-input\":{\"@type\":\"PropertyValueSpecification\",\"valueRequired\":true,\"valueName\":\"search_term_string\"}}],\"inLanguage\":\"es\"},{\"@type\":\"Organization\",\"@id\":\"https:\\\/\\\/www.sanjuandeportes.com\\\/wp\\\/#organization\",\"name\":\"San Juan Deportes\",\"url\":\"https:\\\/\\\/www.sanjuandeportes.com\\\/wp\\\/\",\"logo\":{\"@type\":\"ImageObject\",\"inLanguage\":\"es\",\"@id\":\"https:\\\/\\\/www.sanjuandeportes.com\\\/wp\\\/#\\\/schema\\\/logo\\\/image\\\/\",\"url\":\"https:\\\/\\\/www.sanjuandeportes.com\\\/wp\\\/wp-content\\\/uploads\\\/unnamed.jpg\",\"contentUrl\":\"https:\\\/\\\/www.sanjuandeportes.com\\\/wp\\\/wp-content\\\/uploads\\\/unnamed.jpg\",\"width\":900,\"height\":900,\"caption\":\"San Juan Deportes\"},\"image\":{\"@id\":\"https:\\\/\\\/www.sanjuandeportes.com\\\/wp\\\/#\\\/schema\\\/logo\\\/image\\\/\"},\"sameAs\":[\"https:\\\/\\\/www.facebook.com\\\/sanjuandeportesok\",\"https:\\\/\\\/x.com\\\/SanJuanDeportes\",\"https:\\\/\\\/www.instagram.com\\\/sanjuandeportes\"]},{\"@type\":\"Person\",\"@id\":\"https:\\\/\\\/www.sanjuandeportes.com\\\/wp\\\/#\\\/schema\\\/person\\\/eda4d8e62a5d42b111781e3cdfcb9c3a\",\"name\":\"Pablo Pujado\",\"image\":{\"@type\":\"ImageObject\",\"inLanguage\":\"es\",\"@id\":\"https:\\\/\\\/secure.gravatar.com\\\/avatar\\\/310b69d28112912c333408a462a9837208de951b1e7c11514781740412f648b1?s=96&d=mm&r=g\",\"url\":\"https:\\\/\\\/secure.gravatar.com\\\/avatar\\\/310b69d28112912c333408a462a9837208de951b1e7c11514781740412f648b1?s=96&d=mm&r=g\",\"contentUrl\":\"https:\\\/\\\/secure.gravatar.com\\\/avatar\\\/310b69d28112912c333408a462a9837208de951b1e7c11514781740412f648b1?s=96&d=mm&r=g\",\"caption\":\"Pablo Pujado\"},\"url\":\"https:\\\/\\\/www.sanjuandeportes.com\\\/wp\\\/author\\\/pablo-pujado\\\/\"}]}<\/script>\n<!-- \/ Yoast SEO plugin. -->","yoast_head_json":{"title":"B\u00e1squet local: las inferiores palpitan el inicio del Torneo Iniciaci\u00f3n - San Juan Deportes","robots":{"index":"index","follow":"follow","max-snippet":"max-snippet:-1","max-image-preview":"max-image-preview:large","max-video-preview":"max-video-preview:-1"},"canonical":"https:\/\/www.sanjuandeportes.com\/wp\/2021\/03\/03\/basquet-local-las-inferiores-palpitan-el-inicio-del-torneo-iniciacion\/","og_locale":"es_ES","og_type":"article","og_title":"B\u00e1squet local: las inferiores palpitan el inicio del Torneo Iniciaci\u00f3n - San Juan Deportes","og_description":"Lleg\u00f3 el d\u00eda m\u00e1s esperado para las inferiores del b\u00e1squetbol masculino de la provincia. Desde el ente madre de San Juan dieron a conocer el fixture y el formato de juego del Torneo Iniciaci\u00f3n 2021. El Torneo Iniciaci\u00f3n tendr\u00e1 inicio el d\u00eda s\u00e1bado 6 de marzo en categor\u00edas inferiores de la Rama Masculina. El formato [&hellip;]","og_url":"https:\/\/www.sanjuandeportes.com\/wp\/2021\/03\/03\/basquet-local-las-inferiores-palpitan-el-inicio-del-torneo-iniciacion\/","og_site_name":"San Juan Deportes","article_publisher":"https:\/\/www.facebook.com\/sanjuandeportesok","article_published_time":"2021-03-03T15:12:13+00:00","og_image":[{"width":1600,"height":1067,"url":"https:\/\/www.sanjuandeportes.com\/wp\/wp-content\/uploads\/2021\/03\/2.jpg","type":"image\/jpeg"}],"author":"Pablo Pujado","twitter_card":"summary_large_image","twitter_creator":"@SanJuanDeportes","twitter_site":"@SanJuanDeportes","twitter_misc":{"Escrito por":"Pablo Pujado","Tiempo de lectura":"6 minutos"},"schema":{"@context":"https:\/\/schema.org","@graph":[{"@type":"Article","@id":"https:\/\/www.sanjuandeportes.com\/wp\/2021\/03\/03\/basquet-local-las-inferiores-palpitan-el-inicio-del-torneo-iniciacion\/#article","isPartOf":{"@id":"https:\/\/www.sanjuandeportes.com\/wp\/2021\/03\/03\/basquet-local-las-inferiores-palpitan-el-inicio-del-torneo-iniciacion\/"},"author":{"name":"Pablo Pujado","@id":"https:\/\/www.sanjuandeportes.com\/wp\/#\/schema\/person\/eda4d8e62a5d42b111781e3cdfcb9c3a"},"headline":"B\u00e1squet local: las inferiores palpitan el inicio del Torneo Iniciaci\u00f3n","datePublished":"2021-03-03T15:12:13+00:00","mainEntityOfPage":{"@id":"https:\/\/www.sanjuandeportes.com\/wp\/2021\/03\/03\/basquet-local-las-inferiores-palpitan-el-inicio-del-torneo-iniciacion\/"},"wordCount":1222,"commentCount":0,"publisher":{"@id":"https:\/\/www.sanjuandeportes.com\/wp\/#organization"},"image":{"@id":"https:\/\/www.sanjuandeportes.com\/wp\/2021\/03\/03\/basquet-local-las-inferiores-palpitan-el-inicio-del-torneo-iniciacion\/#primaryimage"},"thumbnailUrl":"https:\/\/www.sanjuandeportes.com\/wp\/wp-content\/uploads\/2021\/03\/2.jpg","articleSection":["Basquet","Featured","San Juan"],"inLanguage":"es","potentialAction":[{"@type":"CommentAction","name":"Comment","target":["https:\/\/www.sanjuandeportes.com\/wp\/2021\/03\/03\/basquet-local-las-inferiores-palpitan-el-inicio-del-torneo-iniciacion\/#respond"]}]},{"@type":"WebPage","@id":"https:\/\/www.sanjuandeportes.com\/wp\/2021\/03\/03\/basquet-local-las-inferiores-palpitan-el-inicio-del-torneo-iniciacion\/","url":"https:\/\/www.sanjuandeportes.com\/wp\/2021\/03\/03\/basquet-local-las-inferiores-palpitan-el-inicio-del-torneo-iniciacion\/","name":"B\u00e1squet local: las inferiores palpitan el inicio del Torneo Iniciaci\u00f3n - San Juan Deportes","isPartOf":{"@id":"https:\/\/www.sanjuandeportes.com\/wp\/#website"},"primaryImageOfPage":{"@id":"https:\/\/www.sanjuandeportes.com\/wp\/2021\/03\/03\/basquet-local-las-inferiores-palpitan-el-inicio-del-torneo-iniciacion\/#primaryimage"},"image":{"@id":"https:\/\/www.sanjuandeportes.com\/wp\/2021\/03\/03\/basquet-local-las-inferiores-palpitan-el-inicio-del-torneo-iniciacion\/#primaryimage"},"thumbnailUrl":"https:\/\/www.sanjuandeportes.com\/wp\/wp-content\/uploads\/2021\/03\/2.jpg","datePublished":"2021-03-03T15:12:13+00:00","breadcrumb":{"@id":"https:\/\/www.sanjuandeportes.com\/wp\/2021\/03\/03\/basquet-local-las-inferiores-palpitan-el-inicio-del-torneo-iniciacion\/#breadcrumb"},"inLanguage":"es","potentialAction":[{"@type":"ReadAction","target":["https:\/\/www.sanjuandeportes.com\/wp\/2021\/03\/03\/basquet-local-las-inferiores-palpitan-el-inicio-del-torneo-iniciacion\/"]}]},{"@type":"ImageObject","inLanguage":"es","@id":"https:\/\/www.sanjuandeportes.com\/wp\/2021\/03\/03\/basquet-local-las-inferiores-palpitan-el-inicio-del-torneo-iniciacion\/#primaryimage","url":"https:\/\/www.sanjuandeportes.com\/wp\/wp-content\/uploads\/2021\/03\/2.jpg","contentUrl":"https:\/\/www.sanjuandeportes.com\/wp\/wp-content\/uploads\/2021\/03\/2.jpg","width":1600,"height":1067},{"@type":"BreadcrumbList","@id":"https:\/\/www.sanjuandeportes.com\/wp\/2021\/03\/03\/basquet-local-las-inferiores-palpitan-el-inicio-del-torneo-iniciacion\/#breadcrumb","itemListElement":[{"@type":"ListItem","position":1,"name":"Portada","item":"http:\/\/www.sanjuandeportes.com\/wp\/"},{"@type":"ListItem","position":2,"name":"B\u00e1squet local: las inferiores palpitan el inicio del Torneo Iniciaci\u00f3n"}]},{"@type":"WebSite","@id":"https:\/\/www.sanjuandeportes.com\/wp\/#website","url":"https:\/\/www.sanjuandeportes.com\/wp\/","name":"San Juan Deportes","description":"El sitio de deportes de la provincia de San Juan","publisher":{"@id":"https:\/\/www.sanjuandeportes.com\/wp\/#organization"},"potentialAction":[{"@type":"SearchAction","target":{"@type":"EntryPoint","urlTemplate":"https:\/\/www.sanjuandeportes.com\/wp\/?s={search_term_string}"},"query-input":{"@type":"PropertyValueSpecification","valueRequired":true,"valueName":"search_term_string"}}],"inLanguage":"es"},{"@type":"Organization","@id":"https:\/\/www.sanjuandeportes.com\/wp\/#organization","name":"San Juan Deportes","url":"https:\/\/www.sanjuandeportes.com\/wp\/","logo":{"@type":"ImageObject","inLanguage":"es","@id":"https:\/\/www.sanjuandeportes.com\/wp\/#\/schema\/logo\/image\/","url":"https:\/\/www.sanjuandeportes.com\/wp\/wp-content\/uploads\/unnamed.jpg","contentUrl":"https:\/\/www.sanjuandeportes.com\/wp\/wp-content\/uploads\/unnamed.jpg","width":900,"height":900,"caption":"San Juan Deportes"},"image":{"@id":"https:\/\/www.sanjuandeportes.com\/wp\/#\/schema\/logo\/image\/"},"sameAs":["https:\/\/www.facebook.com\/sanjuandeportesok","https:\/\/x.com\/SanJuanDeportes","https:\/\/www.instagram.com\/sanjuandeportes"]},{"@type":"Person","@id":"https:\/\/www.sanjuandeportes.com\/wp\/#\/schema\/person\/eda4d8e62a5d42b111781e3cdfcb9c3a","name":"Pablo Pujado","image":{"@type":"ImageObject","inLanguage":"es","@id":"https:\/\/secure.gravatar.com\/avatar\/310b69d28112912c333408a462a9837208de951b1e7c11514781740412f648b1?s=96&d=mm&r=g","url":"https:\/\/secure.gravatar.com\/avatar\/310b69d28112912c333408a462a9837208de951b1e7c11514781740412f648b1?s=96&d=mm&r=g","contentUrl":"https:\/\/secure.gravatar.com\/avatar\/310b69d28112912c333408a462a9837208de951b1e7c11514781740412f648b1?s=96&d=mm&r=g","caption":"Pablo Pujado"},"url":"https:\/\/www.sanjuandeportes.com\/wp\/author\/pablo-pujado\/"}]}},"_links":{"self":[{"href":"https:\/\/www.sanjuandeportes.com\/wp\/wp-json\/wp\/v2\/posts\/12343","targetHints":{"allow":["GET"]}}],"collection":[{"href":"https:\/\/www.sanjuandeportes.com\/wp\/wp-json\/wp\/v2\/posts"}],"about":[{"href":"https:\/\/www.sanjuandeportes.com\/wp\/wp-json\/wp\/v2\/types\/post"}],"author":[{"embeddable":true,"href":"https:\/\/www.sanjuandeportes.com\/wp\/wp-json\/wp\/v2\/users\/5"}],"replies":[{"embeddable":true,"href":"https:\/\/www.sanjuandeportes.com\/wp\/wp-json\/wp\/v2\/comments?post=12343"}],"version-history":[{"count":1,"href":"https:\/\/www.sanjuandeportes.com\/wp\/wp-json\/wp\/v2\/posts\/12343\/revisions"}],"predecessor-version":[{"id":12345,"href":"https:\/\/www.sanjuandeportes.com\/wp\/wp-json\/wp\/v2\/posts\/12343\/revisions\/12345"}],"wp:featuredmedia":[{"embeddable":true,"href":"https:\/\/www.sanjuandeportes.com\/wp\/wp-json\/wp\/v2\/media\/12344"}],"wp:attachment":[{"href":"https:\/\/www.sanjuandeportes.com\/wp\/wp-json\/wp\/v2\/media?parent=12343"}],"wp:term":[{"taxonomy":"category","embeddable":true,"href":"https:\/\/www.sanjuandeportes.com\/wp\/wp-json\/wp\/v2\/categories?post=12343"},{"taxonomy":"post_tag","embeddable":true,"href":"https:\/\/www.sanjuandeportes.com\/wp\/wp-json\/wp\/v2\/tags?post=12343"}],"curies":[{"name":"wp","href":"https:\/\/api.w.org\/{rel}","templated":true}]}}