{"id":12833,"date":"2021-04-28T15:28:30","date_gmt":"2021-04-28T15:28:30","guid":{"rendered":"http:\/\/www.sanjuandeportes.com\/wp\/?p=12833"},"modified":"2021-05-03T02:53:36","modified_gmt":"2021-05-03T02:53:36","slug":"el-futbol-local-jugara-el-domingo-y-lunes-el-cronograma","status":"publish","type":"post","link":"https:\/\/www.sanjuandeportes.com\/wp\/2021\/04\/28\/el-futbol-local-jugara-el-domingo-y-lunes-el-cronograma\/","title":{"rendered":"La fecha 9 del F\u00fatbol local se jugar\u00e1 el domingo y lunes: el cronograma"},"content":{"rendered":"<p>Este fin de semana se disputar\u00e1 la 9\u00b0 fecha del Torneo de Invierno de la Liga Sanjuanina de F\u00fatbol, la cual no se podr\u00e1 jugar el d\u00eda s\u00e1bado 1 de mayo por el D\u00eda del Trabajador.<\/p>\n<p><strong>DOMINGO 2 DE MAYO<\/strong><\/p>\n<p>Uni\u00f3n &#8211; Marquesado<br \/>\nSan Lorenzo &#8211; Atenas<br \/>\nCol\u00f3n Junior &#8211; San Mart\u00edn &#8211;\u00a011.30<br \/>\n\u00c1rbol Verde &#8211; Carpinter\u00eda<br \/>\nVilla Obrera &#8211; Del Bono<\/p>\n<p><strong>LUNES 3 DE MAYO\u00a0<\/strong><\/p>\n<p>Desamparados &#8211; Pe\u00f1arol<br \/>\nJuventud Unida &#8211; 9 de Julio<br \/>\nAlianza &#8211; Rivadavia<br \/>\nAberastain &#8211; Trinidad<\/p>\n<p>Con informaci\u00f3n del Diario Huarpe<\/p>\n","protected":false},"excerpt":{"rendered":"<p>Este fin de semana se disputar\u00e1 la 9\u00b0 fecha del Torneo de Invierno de la Liga Sanjuanina de F\u00fatbol, la cual no se podr\u00e1 jugar el d\u00eda s\u00e1bado 1 de mayo por el D\u00eda del Trabajador. DOMINGO 2 DE MAYO Uni\u00f3n &#8211; Marquesado San Lorenzo &#8211; Atenas Col\u00f3n Junior &#8211; San Mart\u00edn &#8211;\u00a011.30 \u00c1rbol Verde [&hellip;]<\/p>\n","protected":false},"author":5,"featured_media":12834,"comment_status":"open","ping_status":"open","sticky":false,"template":"","format":"standard","meta":{"footnotes":""},"categories":[24,178],"tags":[],"class_list":["post-12833","post","type-post","status-publish","format-standard","has-post-thumbnail","hentry","category-futbol","category-san-juan"],"yoast_head":"<!-- This site is optimized with the Yoast SEO plugin v28.2 - https:\/\/yoast.com\/product\/yoast-seo-wordpress\/ -->\n<title>La fecha 9 del F\u00fatbol local se jugar\u00e1 el domingo y lunes: el cronograma - San Juan Deportes<\/title>\n<meta name=\"robots\" content=\"index, follow, max-snippet:-1, max-image-preview:large, max-video-preview:-1\" \/>\n<link rel=\"canonical\" href=\"http:\/\/www.sanjuandeportes.com\/wp\/2021\/04\/28\/el-futbol-local-jugara-el-domingo-y-lunes-el-cronograma\/\" \/>\n<meta property=\"og:locale\" content=\"es_ES\" \/>\n<meta property=\"og:type\" content=\"article\" \/>\n<meta property=\"og:title\" content=\"La fecha 9 del F\u00fatbol local se jugar\u00e1 el domingo y lunes: el cronograma - San Juan Deportes\" \/>\n<meta property=\"og:description\" content=\"Este fin de semana se disputar\u00e1 la 9\u00b0 fecha del Torneo de Invierno de la Liga Sanjuanina de F\u00fatbol, la cual no se podr\u00e1 jugar el d\u00eda s\u00e1bado 1 de mayo por el D\u00eda del Trabajador. DOMINGO 2 DE MAYO Uni\u00f3n &#8211; Marquesado San Lorenzo &#8211; Atenas Col\u00f3n Junior &#8211; San Mart\u00edn &#8211;\u00a011.30 \u00c1rbol Verde [&hellip;]\" \/>\n<meta property=\"og:url\" content=\"http:\/\/www.sanjuandeportes.com\/wp\/2021\/04\/28\/el-futbol-local-jugara-el-domingo-y-lunes-el-cronograma\/\" \/>\n<meta property=\"og:site_name\" content=\"San Juan Deportes\" \/>\n<meta property=\"article:publisher\" content=\"https:\/\/www.facebook.com\/sanjuandeportesok\" \/>\n<meta property=\"article:published_time\" content=\"2021-04-28T15:28:30+00:00\" \/>\n<meta property=\"article:modified_time\" content=\"2021-05-03T02:53:36+00:00\" \/>\n<meta property=\"og:image\" content=\"http:\/\/www.sanjuandeportes.com\/wp\/wp-content\/uploads\/2021\/04\/178812416_2823539754579766_4427709058564327249_n.jpg\" \/>\n\t<meta property=\"og:image:width\" content=\"2048\" \/>\n\t<meta property=\"og:image:height\" content=\"1361\" \/>\n\t<meta property=\"og:image:type\" content=\"image\/jpeg\" \/>\n<meta name=\"author\" content=\"Pablo Pujado\" \/>\n<meta name=\"twitter:card\" content=\"summary_large_image\" \/>\n<meta name=\"twitter:creator\" content=\"@SanJuanDeportes\" \/>\n<meta name=\"twitter:site\" content=\"@SanJuanDeportes\" \/>\n<meta name=\"twitter:label1\" content=\"Escrito por\" \/>\n\t<meta name=\"twitter:data1\" content=\"Pablo Pujado\" \/>\n<script type=\"application\/ld+json\" class=\"yoast-schema-graph\">{\"@context\":\"https:\\\/\\\/schema.org\",\"@graph\":[{\"@type\":\"Article\",\"@id\":\"http:\\\/\\\/www.sanjuandeportes.com\\\/wp\\\/2021\\\/04\\\/28\\\/el-futbol-local-jugara-el-domingo-y-lunes-el-cronograma\\\/#article\",\"isPartOf\":{\"@id\":\"http:\\\/\\\/www.sanjuandeportes.com\\\/wp\\\/2021\\\/04\\\/28\\\/el-futbol-local-jugara-el-domingo-y-lunes-el-cronograma\\\/\"},\"author\":{\"name\":\"Pablo Pujado\",\"@id\":\"https:\\\/\\\/www.sanjuandeportes.com\\\/wp\\\/#\\\/schema\\\/person\\\/eda4d8e62a5d42b111781e3cdfcb9c3a\"},\"headline\":\"La fecha 9 del F\u00fatbol local se jugar\u00e1 el domingo y lunes: el cronograma\",\"datePublished\":\"2021-04-28T15:28:30+00:00\",\"dateModified\":\"2021-05-03T02:53:36+00:00\",\"mainEntityOfPage\":{\"@id\":\"http:\\\/\\\/www.sanjuandeportes.com\\\/wp\\\/2021\\\/04\\\/28\\\/el-futbol-local-jugara-el-domingo-y-lunes-el-cronograma\\\/\"},\"wordCount\":105,\"commentCount\":0,\"publisher\":{\"@id\":\"https:\\\/\\\/www.sanjuandeportes.com\\\/wp\\\/#organization\"},\"image\":{\"@id\":\"http:\\\/\\\/www.sanjuandeportes.com\\\/wp\\\/2021\\\/04\\\/28\\\/el-futbol-local-jugara-el-domingo-y-lunes-el-cronograma\\\/#primaryimage\"},\"thumbnailUrl\":\"https:\\\/\\\/www.sanjuandeportes.com\\\/wp\\\/wp-content\\\/uploads\\\/2021\\\/04\\\/178812416_2823539754579766_4427709058564327249_n.jpg\",\"articleSection\":[\"Futbol\",\"San Juan\"],\"inLanguage\":\"es\",\"potentialAction\":[{\"@type\":\"CommentAction\",\"name\":\"Comment\",\"target\":[\"http:\\\/\\\/www.sanjuandeportes.com\\\/wp\\\/2021\\\/04\\\/28\\\/el-futbol-local-jugara-el-domingo-y-lunes-el-cronograma\\\/#respond\"]}]},{\"@type\":\"WebPage\",\"@id\":\"http:\\\/\\\/www.sanjuandeportes.com\\\/wp\\\/2021\\\/04\\\/28\\\/el-futbol-local-jugara-el-domingo-y-lunes-el-cronograma\\\/\",\"url\":\"http:\\\/\\\/www.sanjuandeportes.com\\\/wp\\\/2021\\\/04\\\/28\\\/el-futbol-local-jugara-el-domingo-y-lunes-el-cronograma\\\/\",\"name\":\"La fecha 9 del F\u00fatbol local se jugar\u00e1 el domingo y lunes: el cronograma - San Juan Deportes\",\"isPartOf\":{\"@id\":\"https:\\\/\\\/www.sanjuandeportes.com\\\/wp\\\/#website\"},\"primaryImageOfPage\":{\"@id\":\"http:\\\/\\\/www.sanjuandeportes.com\\\/wp\\\/2021\\\/04\\\/28\\\/el-futbol-local-jugara-el-domingo-y-lunes-el-cronograma\\\/#primaryimage\"},\"image\":{\"@id\":\"http:\\\/\\\/www.sanjuandeportes.com\\\/wp\\\/2021\\\/04\\\/28\\\/el-futbol-local-jugara-el-domingo-y-lunes-el-cronograma\\\/#primaryimage\"},\"thumbnailUrl\":\"https:\\\/\\\/www.sanjuandeportes.com\\\/wp\\\/wp-content\\\/uploads\\\/2021\\\/04\\\/178812416_2823539754579766_4427709058564327249_n.jpg\",\"datePublished\":\"2021-04-28T15:28:30+00:00\",\"dateModified\":\"2021-05-03T02:53:36+00:00\",\"breadcrumb\":{\"@id\":\"http:\\\/\\\/www.sanjuandeportes.com\\\/wp\\\/2021\\\/04\\\/28\\\/el-futbol-local-jugara-el-domingo-y-lunes-el-cronograma\\\/#breadcrumb\"},\"inLanguage\":\"es\",\"potentialAction\":[{\"@type\":\"ReadAction\",\"target\":[\"http:\\\/\\\/www.sanjuandeportes.com\\\/wp\\\/2021\\\/04\\\/28\\\/el-futbol-local-jugara-el-domingo-y-lunes-el-cronograma\\\/\"]}]},{\"@type\":\"ImageObject\",\"inLanguage\":\"es\",\"@id\":\"http:\\\/\\\/www.sanjuandeportes.com\\\/wp\\\/2021\\\/04\\\/28\\\/el-futbol-local-jugara-el-domingo-y-lunes-el-cronograma\\\/#primaryimage\",\"url\":\"https:\\\/\\\/www.sanjuandeportes.com\\\/wp\\\/wp-content\\\/uploads\\\/2021\\\/04\\\/178812416_2823539754579766_4427709058564327249_n.jpg\",\"contentUrl\":\"https:\\\/\\\/www.sanjuandeportes.com\\\/wp\\\/wp-content\\\/uploads\\\/2021\\\/04\\\/178812416_2823539754579766_4427709058564327249_n.jpg\",\"width\":2048,\"height\":1361},{\"@type\":\"BreadcrumbList\",\"@id\":\"http:\\\/\\\/www.sanjuandeportes.com\\\/wp\\\/2021\\\/04\\\/28\\\/el-futbol-local-jugara-el-domingo-y-lunes-el-cronograma\\\/#breadcrumb\",\"itemListElement\":[{\"@type\":\"ListItem\",\"position\":1,\"name\":\"Portada\",\"item\":\"http:\\\/\\\/www.sanjuandeportes.com\\\/wp\\\/\"},{\"@type\":\"ListItem\",\"position\":2,\"name\":\"La fecha 9 del F\u00fatbol local se jugar\u00e1 el domingo y lunes: el cronograma\"}]},{\"@type\":\"WebSite\",\"@id\":\"https:\\\/\\\/www.sanjuandeportes.com\\\/wp\\\/#website\",\"url\":\"https:\\\/\\\/www.sanjuandeportes.com\\\/wp\\\/\",\"name\":\"San Juan Deportes\",\"description\":\"El sitio de deportes de la provincia de San Juan\",\"publisher\":{\"@id\":\"https:\\\/\\\/www.sanjuandeportes.com\\\/wp\\\/#organization\"},\"potentialAction\":[{\"@type\":\"SearchAction\",\"target\":{\"@type\":\"EntryPoint\",\"urlTemplate\":\"https:\\\/\\\/www.sanjuandeportes.com\\\/wp\\\/?s={search_term_string}\"},\"query-input\":{\"@type\":\"PropertyValueSpecification\",\"valueRequired\":true,\"valueName\":\"search_term_string\"}}],\"inLanguage\":\"es\"},{\"@type\":\"Organization\",\"@id\":\"https:\\\/\\\/www.sanjuandeportes.com\\\/wp\\\/#organization\",\"name\":\"San Juan Deportes\",\"url\":\"https:\\\/\\\/www.sanjuandeportes.com\\\/wp\\\/\",\"logo\":{\"@type\":\"ImageObject\",\"inLanguage\":\"es\",\"@id\":\"https:\\\/\\\/www.sanjuandeportes.com\\\/wp\\\/#\\\/schema\\\/logo\\\/image\\\/\",\"url\":\"https:\\\/\\\/www.sanjuandeportes.com\\\/wp\\\/wp-content\\\/uploads\\\/unnamed.jpg\",\"contentUrl\":\"https:\\\/\\\/www.sanjuandeportes.com\\\/wp\\\/wp-content\\\/uploads\\\/unnamed.jpg\",\"width\":900,\"height\":900,\"caption\":\"San Juan Deportes\"},\"image\":{\"@id\":\"https:\\\/\\\/www.sanjuandeportes.com\\\/wp\\\/#\\\/schema\\\/logo\\\/image\\\/\"},\"sameAs\":[\"https:\\\/\\\/www.facebook.com\\\/sanjuandeportesok\",\"https:\\\/\\\/x.com\\\/SanJuanDeportes\",\"https:\\\/\\\/www.instagram.com\\\/sanjuandeportes\"]},{\"@type\":\"Person\",\"@id\":\"https:\\\/\\\/www.sanjuandeportes.com\\\/wp\\\/#\\\/schema\\\/person\\\/eda4d8e62a5d42b111781e3cdfcb9c3a\",\"name\":\"Pablo Pujado\",\"image\":{\"@type\":\"ImageObject\",\"inLanguage\":\"es\",\"@id\":\"https:\\\/\\\/secure.gravatar.com\\\/avatar\\\/310b69d28112912c333408a462a9837208de951b1e7c11514781740412f648b1?s=96&d=mm&r=g\",\"url\":\"https:\\\/\\\/secure.gravatar.com\\\/avatar\\\/310b69d28112912c333408a462a9837208de951b1e7c11514781740412f648b1?s=96&d=mm&r=g\",\"contentUrl\":\"https:\\\/\\\/secure.gravatar.com\\\/avatar\\\/310b69d28112912c333408a462a9837208de951b1e7c11514781740412f648b1?s=96&d=mm&r=g\",\"caption\":\"Pablo Pujado\"},\"url\":\"https:\\\/\\\/www.sanjuandeportes.com\\\/wp\\\/author\\\/pablo-pujado\\\/\"}]}<\/script>\n<!-- \/ Yoast SEO plugin. -->","yoast_head_json":{"title":"La fecha 9 del F\u00fatbol local se jugar\u00e1 el domingo y lunes: el cronograma - San Juan Deportes","robots":{"index":"index","follow":"follow","max-snippet":"max-snippet:-1","max-image-preview":"max-image-preview:large","max-video-preview":"max-video-preview:-1"},"canonical":"http:\/\/www.sanjuandeportes.com\/wp\/2021\/04\/28\/el-futbol-local-jugara-el-domingo-y-lunes-el-cronograma\/","og_locale":"es_ES","og_type":"article","og_title":"La fecha 9 del F\u00fatbol local se jugar\u00e1 el domingo y lunes: el cronograma - San Juan Deportes","og_description":"Este fin de semana se disputar\u00e1 la 9\u00b0 fecha del Torneo de Invierno de la Liga Sanjuanina de F\u00fatbol, la cual no se podr\u00e1 jugar el d\u00eda s\u00e1bado 1 de mayo por el D\u00eda del Trabajador. DOMINGO 2 DE MAYO Uni\u00f3n &#8211; Marquesado San Lorenzo &#8211; Atenas Col\u00f3n Junior &#8211; San Mart\u00edn &#8211;\u00a011.30 \u00c1rbol Verde [&hellip;]","og_url":"http:\/\/www.sanjuandeportes.com\/wp\/2021\/04\/28\/el-futbol-local-jugara-el-domingo-y-lunes-el-cronograma\/","og_site_name":"San Juan Deportes","article_publisher":"https:\/\/www.facebook.com\/sanjuandeportesok","article_published_time":"2021-04-28T15:28:30+00:00","article_modified_time":"2021-05-03T02:53:36+00:00","og_image":[{"width":2048,"height":1361,"url":"http:\/\/www.sanjuandeportes.com\/wp\/wp-content\/uploads\/2021\/04\/178812416_2823539754579766_4427709058564327249_n.jpg","type":"image\/jpeg"}],"author":"Pablo Pujado","twitter_card":"summary_large_image","twitter_creator":"@SanJuanDeportes","twitter_site":"@SanJuanDeportes","twitter_misc":{"Escrito por":"Pablo Pujado"},"schema":{"@context":"https:\/\/schema.org","@graph":[{"@type":"Article","@id":"http:\/\/www.sanjuandeportes.com\/wp\/2021\/04\/28\/el-futbol-local-jugara-el-domingo-y-lunes-el-cronograma\/#article","isPartOf":{"@id":"http:\/\/www.sanjuandeportes.com\/wp\/2021\/04\/28\/el-futbol-local-jugara-el-domingo-y-lunes-el-cronograma\/"},"author":{"name":"Pablo Pujado","@id":"https:\/\/www.sanjuandeportes.com\/wp\/#\/schema\/person\/eda4d8e62a5d42b111781e3cdfcb9c3a"},"headline":"La fecha 9 del F\u00fatbol local se jugar\u00e1 el domingo y lunes: el cronograma","datePublished":"2021-04-28T15:28:30+00:00","dateModified":"2021-05-03T02:53:36+00:00","mainEntityOfPage":{"@id":"http:\/\/www.sanjuandeportes.com\/wp\/2021\/04\/28\/el-futbol-local-jugara-el-domingo-y-lunes-el-cronograma\/"},"wordCount":105,"commentCount":0,"publisher":{"@id":"https:\/\/www.sanjuandeportes.com\/wp\/#organization"},"image":{"@id":"http:\/\/www.sanjuandeportes.com\/wp\/2021\/04\/28\/el-futbol-local-jugara-el-domingo-y-lunes-el-cronograma\/#primaryimage"},"thumbnailUrl":"https:\/\/www.sanjuandeportes.com\/wp\/wp-content\/uploads\/2021\/04\/178812416_2823539754579766_4427709058564327249_n.jpg","articleSection":["Futbol","San Juan"],"inLanguage":"es","potentialAction":[{"@type":"CommentAction","name":"Comment","target":["http:\/\/www.sanjuandeportes.com\/wp\/2021\/04\/28\/el-futbol-local-jugara-el-domingo-y-lunes-el-cronograma\/#respond"]}]},{"@type":"WebPage","@id":"http:\/\/www.sanjuandeportes.com\/wp\/2021\/04\/28\/el-futbol-local-jugara-el-domingo-y-lunes-el-cronograma\/","url":"http:\/\/www.sanjuandeportes.com\/wp\/2021\/04\/28\/el-futbol-local-jugara-el-domingo-y-lunes-el-cronograma\/","name":"La fecha 9 del F\u00fatbol local se jugar\u00e1 el domingo y lunes: el cronograma - San Juan Deportes","isPartOf":{"@id":"https:\/\/www.sanjuandeportes.com\/wp\/#website"},"primaryImageOfPage":{"@id":"http:\/\/www.sanjuandeportes.com\/wp\/2021\/04\/28\/el-futbol-local-jugara-el-domingo-y-lunes-el-cronograma\/#primaryimage"},"image":{"@id":"http:\/\/www.sanjuandeportes.com\/wp\/2021\/04\/28\/el-futbol-local-jugara-el-domingo-y-lunes-el-cronograma\/#primaryimage"},"thumbnailUrl":"https:\/\/www.sanjuandeportes.com\/wp\/wp-content\/uploads\/2021\/04\/178812416_2823539754579766_4427709058564327249_n.jpg","datePublished":"2021-04-28T15:28:30+00:00","dateModified":"2021-05-03T02:53:36+00:00","breadcrumb":{"@id":"http:\/\/www.sanjuandeportes.com\/wp\/2021\/04\/28\/el-futbol-local-jugara-el-domingo-y-lunes-el-cronograma\/#breadcrumb"},"inLanguage":"es","potentialAction":[{"@type":"ReadAction","target":["http:\/\/www.sanjuandeportes.com\/wp\/2021\/04\/28\/el-futbol-local-jugara-el-domingo-y-lunes-el-cronograma\/"]}]},{"@type":"ImageObject","inLanguage":"es","@id":"http:\/\/www.sanjuandeportes.com\/wp\/2021\/04\/28\/el-futbol-local-jugara-el-domingo-y-lunes-el-cronograma\/#primaryimage","url":"https:\/\/www.sanjuandeportes.com\/wp\/wp-content\/uploads\/2021\/04\/178812416_2823539754579766_4427709058564327249_n.jpg","contentUrl":"https:\/\/www.sanjuandeportes.com\/wp\/wp-content\/uploads\/2021\/04\/178812416_2823539754579766_4427709058564327249_n.jpg","width":2048,"height":1361},{"@type":"BreadcrumbList","@id":"http:\/\/www.sanjuandeportes.com\/wp\/2021\/04\/28\/el-futbol-local-jugara-el-domingo-y-lunes-el-cronograma\/#breadcrumb","itemListElement":[{"@type":"ListItem","position":1,"name":"Portada","item":"http:\/\/www.sanjuandeportes.com\/wp\/"},{"@type":"ListItem","position":2,"name":"La fecha 9 del F\u00fatbol local se jugar\u00e1 el domingo y lunes: el cronograma"}]},{"@type":"WebSite","@id":"https:\/\/www.sanjuandeportes.com\/wp\/#website","url":"https:\/\/www.sanjuandeportes.com\/wp\/","name":"San Juan Deportes","description":"El sitio de deportes de la provincia de San Juan","publisher":{"@id":"https:\/\/www.sanjuandeportes.com\/wp\/#organization"},"potentialAction":[{"@type":"SearchAction","target":{"@type":"EntryPoint","urlTemplate":"https:\/\/www.sanjuandeportes.com\/wp\/?s={search_term_string}"},"query-input":{"@type":"PropertyValueSpecification","valueRequired":true,"valueName":"search_term_string"}}],"inLanguage":"es"},{"@type":"Organization","@id":"https:\/\/www.sanjuandeportes.com\/wp\/#organization","name":"San Juan Deportes","url":"https:\/\/www.sanjuandeportes.com\/wp\/","logo":{"@type":"ImageObject","inLanguage":"es","@id":"https:\/\/www.sanjuandeportes.com\/wp\/#\/schema\/logo\/image\/","url":"https:\/\/www.sanjuandeportes.com\/wp\/wp-content\/uploads\/unnamed.jpg","contentUrl":"https:\/\/www.sanjuandeportes.com\/wp\/wp-content\/uploads\/unnamed.jpg","width":900,"height":900,"caption":"San Juan Deportes"},"image":{"@id":"https:\/\/www.sanjuandeportes.com\/wp\/#\/schema\/logo\/image\/"},"sameAs":["https:\/\/www.facebook.com\/sanjuandeportesok","https:\/\/x.com\/SanJuanDeportes","https:\/\/www.instagram.com\/sanjuandeportes"]},{"@type":"Person","@id":"https:\/\/www.sanjuandeportes.com\/wp\/#\/schema\/person\/eda4d8e62a5d42b111781e3cdfcb9c3a","name":"Pablo Pujado","image":{"@type":"ImageObject","inLanguage":"es","@id":"https:\/\/secure.gravatar.com\/avatar\/310b69d28112912c333408a462a9837208de951b1e7c11514781740412f648b1?s=96&d=mm&r=g","url":"https:\/\/secure.gravatar.com\/avatar\/310b69d28112912c333408a462a9837208de951b1e7c11514781740412f648b1?s=96&d=mm&r=g","contentUrl":"https:\/\/secure.gravatar.com\/avatar\/310b69d28112912c333408a462a9837208de951b1e7c11514781740412f648b1?s=96&d=mm&r=g","caption":"Pablo Pujado"},"url":"https:\/\/www.sanjuandeportes.com\/wp\/author\/pablo-pujado\/"}]}},"_links":{"self":[{"href":"https:\/\/www.sanjuandeportes.com\/wp\/wp-json\/wp\/v2\/posts\/12833","targetHints":{"allow":["GET"]}}],"collection":[{"href":"https:\/\/www.sanjuandeportes.com\/wp\/wp-json\/wp\/v2\/posts"}],"about":[{"href":"https:\/\/www.sanjuandeportes.com\/wp\/wp-json\/wp\/v2\/types\/post"}],"author":[{"embeddable":true,"href":"https:\/\/www.sanjuandeportes.com\/wp\/wp-json\/wp\/v2\/users\/5"}],"replies":[{"embeddable":true,"href":"https:\/\/www.sanjuandeportes.com\/wp\/wp-json\/wp\/v2\/comments?post=12833"}],"version-history":[{"count":2,"href":"https:\/\/www.sanjuandeportes.com\/wp\/wp-json\/wp\/v2\/posts\/12833\/revisions"}],"predecessor-version":[{"id":12836,"href":"https:\/\/www.sanjuandeportes.com\/wp\/wp-json\/wp\/v2\/posts\/12833\/revisions\/12836"}],"wp:featuredmedia":[{"embeddable":true,"href":"https:\/\/www.sanjuandeportes.com\/wp\/wp-json\/wp\/v2\/media\/12834"}],"wp:attachment":[{"href":"https:\/\/www.sanjuandeportes.com\/wp\/wp-json\/wp\/v2\/media?parent=12833"}],"wp:term":[{"taxonomy":"category","embeddable":true,"href":"https:\/\/www.sanjuandeportes.com\/wp\/wp-json\/wp\/v2\/categories?post=12833"},{"taxonomy":"post_tag","embeddable":true,"href":"https:\/\/www.sanjuandeportes.com\/wp\/wp-json\/wp\/v2\/tags?post=12833"}],"curies":[{"name":"wp","href":"https:\/\/api.w.org\/{rel}","templated":true}]}}