{"id":12956,"date":"2021-05-11T22:04:33","date_gmt":"2021-05-11T22:04:33","guid":{"rendered":"http:\/\/www.sanjuandeportes.com\/wp\/?p=12956"},"modified":"2021-05-12T15:51:18","modified_gmt":"2021-05-12T15:51:18","slug":"giro-de-italia-los-argentinos-sepulveda-y-richeze-siguen-lejos-en-la-general","status":"publish","type":"post","link":"https:\/\/www.sanjuandeportes.com\/wp\/2021\/05\/11\/giro-de-italia-los-argentinos-sepulveda-y-richeze-siguen-lejos-en-la-general\/","title":{"rendered":"Giro de Italia: Sep\u00falveda y Richeze siguen lejos en la general"},"content":{"rendered":"<p>En otra jornada dantesca de fr\u00edo y lluvia la emoci\u00f3n lleg\u00f3 hasta el final con el triunfo en solitario del estadounidense Joe Dombrowski (UAE Emirates), el nuevo liderato del italiano Alessandro De Marchi (Israel Start-Up Nation) y una actuaci\u00f3n protagonista de Mikel Landa (Bahrain-Victorious), quien revent\u00f3 el grupo de favoritos junto al colombiano Egan Bernal (Ineos Grenadiers) para sacar tiempo a rivales directos.<\/p>\n<p>Dombrowski sac\u00f3 oro de la numerosa escapada del d\u00eda gracias a un ataque definitivo en la \u00faltima subida que le permiti\u00f3 ganar en solitario en la cuarta etapa disputada entre Piacenza y Sestola, de 187 kil\u00f3metros. Se coron\u00f3 en una grande con un tiempo de 4 horas, 58 minutos y 38 segundos. Super\u00f3 en 13 segundos al nuevo l\u00edder De Marchi y en 37 a su compatriota del Bardiani Filippo Fiorelli (Bardiani-CSF-Faizan\u00e8).<\/p>\n<p><img decoding=\"async\" data-src=\"https:\/\/www.diariodecuyo.com.ar\/export\/sites\/diariodecuyo\/img\/2021\/05\/11\/1614815229315.jpg_1147587534.jpg\" src=\"data:image\/svg+xml;base64,PHN2ZyB3aWR0aD0iMSIgaGVpZ2h0PSIxIiB4bWxucz0iaHR0cDovL3d3dy53My5vcmcvMjAwMC9zdmciPjwvc3ZnPg==\" class=\"lazyload\" \/><\/p>\n<p><strong>Maxi Richeze fue 175\u00ba y se ubica en la misma posici\u00f3n en la general y Eduardo Sep\u00falveda finaliz\u00f3 135\u00ba en la etapa y est\u00e1 117\u00ba en la general.<\/strong><\/p>\n<p><img decoding=\"async\" data-src=\"https:\/\/www.diariodecuyo.com.ar\/export\/sites\/diariodecuyo\/img\/2021\/05\/11\/ddc280720-031f02.jpg_1205769357.jpg\" src=\"data:image\/svg+xml;base64,PHN2ZyB3aWR0aD0iMSIgaGVpZ2h0PSIxIiB4bWxucz0iaHR0cDovL3d3dy53My5vcmcvMjAwMC9zdmciPjwvc3ZnPg==\" class=\"lazyload\" \/><\/p>\n<p>Gloria para un americano y un corredor local, y final explosivo entre los candidatos propiciado por Mikel Landa, en su mejor versi\u00f3n atacando, seleccionado y poniendo en apuros a varios jerarcas.<\/p>\n<div class=\"google-auto-placed ap_container\">\n<p>\u00a0Landa entr\u00f3 a 1 minuto y 37 segundos del ganador junto a Egan Bernal, el ruso Aleksandr Vlasov (Astana-Premier Tech), el brit\u00e1nico Hugh Carthy (EF Education-Nippo) y el italiano Giulio Ciccone (Trek-Segafredo). Un golpe no demoledor, pero sintom\u00e1tico, ya que este grupo sac\u00f3 11 segundos a Remco Evenepoel (Deceuninck-Quick Step), Simon Yates (BikeExchange) y Daniel Martin (Israel Start-Up Nation). Otra referencia espa\u00f1ola, Marc Soler (Movistar), lleg\u00f3 a 2 minutos y 11 segundos, lejos de sus rivales directos.En la general De Marchi aventaja en 22 segundos a Dombrowski y en 42 al Louis Vervaeke (Alpecin). Vlasov asoma en la s\u00e9ptima plaza, Evenepoel octavo, Bernal und\u00e9cimo y Landa decimoquinto a 1 minuto y 49 segundos del l\u00edder.<\/p>\n<p>Con informaci\u00f3n de Ciclismo XXl<\/p>\n<\/div>\n","protected":false},"excerpt":{"rendered":"<p>En otra jornada dantesca de fr\u00edo y lluvia la emoci\u00f3n lleg\u00f3 hasta el final con el triunfo en solitario del estadounidense Joe Dombrowski (UAE Emirates), el nuevo liderato del italiano Alessandro De Marchi (Israel Start-Up Nation) y una actuaci\u00f3n protagonista de Mikel Landa (Bahrain-Victorious), quien revent\u00f3 el grupo de favoritos junto al colombiano Egan Bernal [&hellip;]<\/p>\n","protected":false},"author":5,"featured_media":12957,"comment_status":"open","ping_status":"open","sticky":false,"template":"","format":"standard","meta":{"footnotes":""},"categories":[23],"tags":[],"class_list":["post-12956","post","type-post","status-publish","format-standard","has-post-thumbnail","hentry","category-ciclismo"],"yoast_head":"<!-- This site is optimized with the Yoast SEO plugin v28.2 - https:\/\/yoast.com\/product\/yoast-seo-wordpress\/ -->\n<title>Giro de Italia: Sep\u00falveda y Richeze siguen lejos en la general - San Juan Deportes<\/title>\n<meta name=\"robots\" content=\"index, follow, max-snippet:-1, max-image-preview:large, max-video-preview:-1\" \/>\n<link rel=\"canonical\" href=\"https:\/\/www.sanjuandeportes.com\/wp\/2021\/05\/11\/giro-de-italia-los-argentinos-sepulveda-y-richeze-siguen-lejos-en-la-general\/\" \/>\n<meta property=\"og:locale\" content=\"es_ES\" \/>\n<meta property=\"og:type\" content=\"article\" \/>\n<meta property=\"og:title\" content=\"Giro de Italia: Sep\u00falveda y Richeze siguen lejos en la general - San Juan Deportes\" \/>\n<meta property=\"og:description\" content=\"En otra jornada dantesca de fr\u00edo y lluvia la emoci\u00f3n lleg\u00f3 hasta el final con el triunfo en solitario del estadounidense Joe Dombrowski (UAE Emirates), el nuevo liderato del italiano Alessandro De Marchi (Israel Start-Up Nation) y una actuaci\u00f3n protagonista de Mikel Landa (Bahrain-Victorious), quien revent\u00f3 el grupo de favoritos junto al colombiano Egan Bernal [&hellip;]\" \/>\n<meta property=\"og:url\" content=\"https:\/\/www.sanjuandeportes.com\/wp\/2021\/05\/11\/giro-de-italia-los-argentinos-sepulveda-y-richeze-siguen-lejos-en-la-general\/\" \/>\n<meta property=\"og:site_name\" content=\"San Juan Deportes\" \/>\n<meta property=\"article:publisher\" content=\"https:\/\/www.facebook.com\/sanjuandeportesok\" \/>\n<meta property=\"article:published_time\" content=\"2021-05-11T22:04:33+00:00\" \/>\n<meta property=\"article:modified_time\" content=\"2021-05-12T15:51:18+00:00\" \/>\n<meta property=\"og:image\" content=\"https:\/\/www.sanjuandeportes.com\/wp\/wp-content\/uploads\/2021\/05\/E1Hh10RWUAUZSP_.jpg\" \/>\n\t<meta property=\"og:image:width\" content=\"1920\" \/>\n\t<meta property=\"og:image:height\" content=\"1280\" \/>\n\t<meta property=\"og:image:type\" content=\"image\/jpeg\" \/>\n<meta name=\"author\" content=\"Pablo Pujado\" \/>\n<meta name=\"twitter:card\" content=\"summary_large_image\" \/>\n<meta name=\"twitter:creator\" content=\"@SanJuanDeportes\" \/>\n<meta name=\"twitter:site\" content=\"@SanJuanDeportes\" \/>\n<meta name=\"twitter:label1\" content=\"Escrito por\" \/>\n\t<meta name=\"twitter:data1\" content=\"Pablo Pujado\" \/>\n\t<meta name=\"twitter:label2\" content=\"Tiempo de lectura\" \/>\n\t<meta name=\"twitter:data2\" content=\"2 minutos\" \/>\n<script type=\"application\/ld+json\" class=\"yoast-schema-graph\">{\"@context\":\"https:\\\/\\\/schema.org\",\"@graph\":[{\"@type\":\"Article\",\"@id\":\"https:\\\/\\\/www.sanjuandeportes.com\\\/wp\\\/2021\\\/05\\\/11\\\/giro-de-italia-los-argentinos-sepulveda-y-richeze-siguen-lejos-en-la-general\\\/#article\",\"isPartOf\":{\"@id\":\"https:\\\/\\\/www.sanjuandeportes.com\\\/wp\\\/2021\\\/05\\\/11\\\/giro-de-italia-los-argentinos-sepulveda-y-richeze-siguen-lejos-en-la-general\\\/\"},\"author\":{\"name\":\"Pablo Pujado\",\"@id\":\"https:\\\/\\\/www.sanjuandeportes.com\\\/wp\\\/#\\\/schema\\\/person\\\/eda4d8e62a5d42b111781e3cdfcb9c3a\"},\"headline\":\"Giro de Italia: Sep\u00falveda y Richeze siguen lejos en la general\",\"datePublished\":\"2021-05-11T22:04:33+00:00\",\"dateModified\":\"2021-05-12T15:51:18+00:00\",\"mainEntityOfPage\":{\"@id\":\"https:\\\/\\\/www.sanjuandeportes.com\\\/wp\\\/2021\\\/05\\\/11\\\/giro-de-italia-los-argentinos-sepulveda-y-richeze-siguen-lejos-en-la-general\\\/\"},\"wordCount\":325,\"commentCount\":0,\"publisher\":{\"@id\":\"https:\\\/\\\/www.sanjuandeportes.com\\\/wp\\\/#organization\"},\"image\":{\"@id\":\"https:\\\/\\\/www.sanjuandeportes.com\\\/wp\\\/2021\\\/05\\\/11\\\/giro-de-italia-los-argentinos-sepulveda-y-richeze-siguen-lejos-en-la-general\\\/#primaryimage\"},\"thumbnailUrl\":\"https:\\\/\\\/www.sanjuandeportes.com\\\/wp\\\/wp-content\\\/uploads\\\/2021\\\/05\\\/E1Hh10RWUAUZSP_.jpg\",\"articleSection\":[\"Ciclismo\"],\"inLanguage\":\"es\",\"potentialAction\":[{\"@type\":\"CommentAction\",\"name\":\"Comment\",\"target\":[\"https:\\\/\\\/www.sanjuandeportes.com\\\/wp\\\/2021\\\/05\\\/11\\\/giro-de-italia-los-argentinos-sepulveda-y-richeze-siguen-lejos-en-la-general\\\/#respond\"]}]},{\"@type\":\"WebPage\",\"@id\":\"https:\\\/\\\/www.sanjuandeportes.com\\\/wp\\\/2021\\\/05\\\/11\\\/giro-de-italia-los-argentinos-sepulveda-y-richeze-siguen-lejos-en-la-general\\\/\",\"url\":\"https:\\\/\\\/www.sanjuandeportes.com\\\/wp\\\/2021\\\/05\\\/11\\\/giro-de-italia-los-argentinos-sepulveda-y-richeze-siguen-lejos-en-la-general\\\/\",\"name\":\"Giro de Italia: Sep\u00falveda y Richeze siguen lejos en la general - San Juan Deportes\",\"isPartOf\":{\"@id\":\"https:\\\/\\\/www.sanjuandeportes.com\\\/wp\\\/#website\"},\"primaryImageOfPage\":{\"@id\":\"https:\\\/\\\/www.sanjuandeportes.com\\\/wp\\\/2021\\\/05\\\/11\\\/giro-de-italia-los-argentinos-sepulveda-y-richeze-siguen-lejos-en-la-general\\\/#primaryimage\"},\"image\":{\"@id\":\"https:\\\/\\\/www.sanjuandeportes.com\\\/wp\\\/2021\\\/05\\\/11\\\/giro-de-italia-los-argentinos-sepulveda-y-richeze-siguen-lejos-en-la-general\\\/#primaryimage\"},\"thumbnailUrl\":\"https:\\\/\\\/www.sanjuandeportes.com\\\/wp\\\/wp-content\\\/uploads\\\/2021\\\/05\\\/E1Hh10RWUAUZSP_.jpg\",\"datePublished\":\"2021-05-11T22:04:33+00:00\",\"dateModified\":\"2021-05-12T15:51:18+00:00\",\"breadcrumb\":{\"@id\":\"https:\\\/\\\/www.sanjuandeportes.com\\\/wp\\\/2021\\\/05\\\/11\\\/giro-de-italia-los-argentinos-sepulveda-y-richeze-siguen-lejos-en-la-general\\\/#breadcrumb\"},\"inLanguage\":\"es\",\"potentialAction\":[{\"@type\":\"ReadAction\",\"target\":[\"https:\\\/\\\/www.sanjuandeportes.com\\\/wp\\\/2021\\\/05\\\/11\\\/giro-de-italia-los-argentinos-sepulveda-y-richeze-siguen-lejos-en-la-general\\\/\"]}]},{\"@type\":\"ImageObject\",\"inLanguage\":\"es\",\"@id\":\"https:\\\/\\\/www.sanjuandeportes.com\\\/wp\\\/2021\\\/05\\\/11\\\/giro-de-italia-los-argentinos-sepulveda-y-richeze-siguen-lejos-en-la-general\\\/#primaryimage\",\"url\":\"https:\\\/\\\/www.sanjuandeportes.com\\\/wp\\\/wp-content\\\/uploads\\\/2021\\\/05\\\/E1Hh10RWUAUZSP_.jpg\",\"contentUrl\":\"https:\\\/\\\/www.sanjuandeportes.com\\\/wp\\\/wp-content\\\/uploads\\\/2021\\\/05\\\/E1Hh10RWUAUZSP_.jpg\",\"width\":1920,\"height\":1280},{\"@type\":\"BreadcrumbList\",\"@id\":\"https:\\\/\\\/www.sanjuandeportes.com\\\/wp\\\/2021\\\/05\\\/11\\\/giro-de-italia-los-argentinos-sepulveda-y-richeze-siguen-lejos-en-la-general\\\/#breadcrumb\",\"itemListElement\":[{\"@type\":\"ListItem\",\"position\":1,\"name\":\"Portada\",\"item\":\"http:\\\/\\\/www.sanjuandeportes.com\\\/wp\\\/\"},{\"@type\":\"ListItem\",\"position\":2,\"name\":\"Giro de Italia: Sep\u00falveda y Richeze siguen lejos en la general\"}]},{\"@type\":\"WebSite\",\"@id\":\"https:\\\/\\\/www.sanjuandeportes.com\\\/wp\\\/#website\",\"url\":\"https:\\\/\\\/www.sanjuandeportes.com\\\/wp\\\/\",\"name\":\"San Juan Deportes\",\"description\":\"El sitio de deportes de la provincia de San Juan\",\"publisher\":{\"@id\":\"https:\\\/\\\/www.sanjuandeportes.com\\\/wp\\\/#organization\"},\"potentialAction\":[{\"@type\":\"SearchAction\",\"target\":{\"@type\":\"EntryPoint\",\"urlTemplate\":\"https:\\\/\\\/www.sanjuandeportes.com\\\/wp\\\/?s={search_term_string}\"},\"query-input\":{\"@type\":\"PropertyValueSpecification\",\"valueRequired\":true,\"valueName\":\"search_term_string\"}}],\"inLanguage\":\"es\"},{\"@type\":\"Organization\",\"@id\":\"https:\\\/\\\/www.sanjuandeportes.com\\\/wp\\\/#organization\",\"name\":\"San Juan Deportes\",\"url\":\"https:\\\/\\\/www.sanjuandeportes.com\\\/wp\\\/\",\"logo\":{\"@type\":\"ImageObject\",\"inLanguage\":\"es\",\"@id\":\"https:\\\/\\\/www.sanjuandeportes.com\\\/wp\\\/#\\\/schema\\\/logo\\\/image\\\/\",\"url\":\"https:\\\/\\\/www.sanjuandeportes.com\\\/wp\\\/wp-content\\\/uploads\\\/unnamed.jpg\",\"contentUrl\":\"https:\\\/\\\/www.sanjuandeportes.com\\\/wp\\\/wp-content\\\/uploads\\\/unnamed.jpg\",\"width\":900,\"height\":900,\"caption\":\"San Juan Deportes\"},\"image\":{\"@id\":\"https:\\\/\\\/www.sanjuandeportes.com\\\/wp\\\/#\\\/schema\\\/logo\\\/image\\\/\"},\"sameAs\":[\"https:\\\/\\\/www.facebook.com\\\/sanjuandeportesok\",\"https:\\\/\\\/x.com\\\/SanJuanDeportes\",\"https:\\\/\\\/www.instagram.com\\\/sanjuandeportes\"]},{\"@type\":\"Person\",\"@id\":\"https:\\\/\\\/www.sanjuandeportes.com\\\/wp\\\/#\\\/schema\\\/person\\\/eda4d8e62a5d42b111781e3cdfcb9c3a\",\"name\":\"Pablo Pujado\",\"image\":{\"@type\":\"ImageObject\",\"inLanguage\":\"es\",\"@id\":\"https:\\\/\\\/secure.gravatar.com\\\/avatar\\\/310b69d28112912c333408a462a9837208de951b1e7c11514781740412f648b1?s=96&d=mm&r=g\",\"url\":\"https:\\\/\\\/secure.gravatar.com\\\/avatar\\\/310b69d28112912c333408a462a9837208de951b1e7c11514781740412f648b1?s=96&d=mm&r=g\",\"contentUrl\":\"https:\\\/\\\/secure.gravatar.com\\\/avatar\\\/310b69d28112912c333408a462a9837208de951b1e7c11514781740412f648b1?s=96&d=mm&r=g\",\"caption\":\"Pablo Pujado\"},\"url\":\"https:\\\/\\\/www.sanjuandeportes.com\\\/wp\\\/author\\\/pablo-pujado\\\/\"}]}<\/script>\n<!-- \/ Yoast SEO plugin. -->","yoast_head_json":{"title":"Giro de Italia: Sep\u00falveda y Richeze siguen lejos en la general - San Juan Deportes","robots":{"index":"index","follow":"follow","max-snippet":"max-snippet:-1","max-image-preview":"max-image-preview:large","max-video-preview":"max-video-preview:-1"},"canonical":"https:\/\/www.sanjuandeportes.com\/wp\/2021\/05\/11\/giro-de-italia-los-argentinos-sepulveda-y-richeze-siguen-lejos-en-la-general\/","og_locale":"es_ES","og_type":"article","og_title":"Giro de Italia: Sep\u00falveda y Richeze siguen lejos en la general - San Juan Deportes","og_description":"En otra jornada dantesca de fr\u00edo y lluvia la emoci\u00f3n lleg\u00f3 hasta el final con el triunfo en solitario del estadounidense Joe Dombrowski (UAE Emirates), el nuevo liderato del italiano Alessandro De Marchi (Israel Start-Up Nation) y una actuaci\u00f3n protagonista de Mikel Landa (Bahrain-Victorious), quien revent\u00f3 el grupo de favoritos junto al colombiano Egan Bernal [&hellip;]","og_url":"https:\/\/www.sanjuandeportes.com\/wp\/2021\/05\/11\/giro-de-italia-los-argentinos-sepulveda-y-richeze-siguen-lejos-en-la-general\/","og_site_name":"San Juan Deportes","article_publisher":"https:\/\/www.facebook.com\/sanjuandeportesok","article_published_time":"2021-05-11T22:04:33+00:00","article_modified_time":"2021-05-12T15:51:18+00:00","og_image":[{"width":1920,"height":1280,"url":"https:\/\/www.sanjuandeportes.com\/wp\/wp-content\/uploads\/2021\/05\/E1Hh10RWUAUZSP_.jpg","type":"image\/jpeg"}],"author":"Pablo Pujado","twitter_card":"summary_large_image","twitter_creator":"@SanJuanDeportes","twitter_site":"@SanJuanDeportes","twitter_misc":{"Escrito por":"Pablo Pujado","Tiempo de lectura":"2 minutos"},"schema":{"@context":"https:\/\/schema.org","@graph":[{"@type":"Article","@id":"https:\/\/www.sanjuandeportes.com\/wp\/2021\/05\/11\/giro-de-italia-los-argentinos-sepulveda-y-richeze-siguen-lejos-en-la-general\/#article","isPartOf":{"@id":"https:\/\/www.sanjuandeportes.com\/wp\/2021\/05\/11\/giro-de-italia-los-argentinos-sepulveda-y-richeze-siguen-lejos-en-la-general\/"},"author":{"name":"Pablo Pujado","@id":"https:\/\/www.sanjuandeportes.com\/wp\/#\/schema\/person\/eda4d8e62a5d42b111781e3cdfcb9c3a"},"headline":"Giro de Italia: Sep\u00falveda y Richeze siguen lejos en la general","datePublished":"2021-05-11T22:04:33+00:00","dateModified":"2021-05-12T15:51:18+00:00","mainEntityOfPage":{"@id":"https:\/\/www.sanjuandeportes.com\/wp\/2021\/05\/11\/giro-de-italia-los-argentinos-sepulveda-y-richeze-siguen-lejos-en-la-general\/"},"wordCount":325,"commentCount":0,"publisher":{"@id":"https:\/\/www.sanjuandeportes.com\/wp\/#organization"},"image":{"@id":"https:\/\/www.sanjuandeportes.com\/wp\/2021\/05\/11\/giro-de-italia-los-argentinos-sepulveda-y-richeze-siguen-lejos-en-la-general\/#primaryimage"},"thumbnailUrl":"https:\/\/www.sanjuandeportes.com\/wp\/wp-content\/uploads\/2021\/05\/E1Hh10RWUAUZSP_.jpg","articleSection":["Ciclismo"],"inLanguage":"es","potentialAction":[{"@type":"CommentAction","name":"Comment","target":["https:\/\/www.sanjuandeportes.com\/wp\/2021\/05\/11\/giro-de-italia-los-argentinos-sepulveda-y-richeze-siguen-lejos-en-la-general\/#respond"]}]},{"@type":"WebPage","@id":"https:\/\/www.sanjuandeportes.com\/wp\/2021\/05\/11\/giro-de-italia-los-argentinos-sepulveda-y-richeze-siguen-lejos-en-la-general\/","url":"https:\/\/www.sanjuandeportes.com\/wp\/2021\/05\/11\/giro-de-italia-los-argentinos-sepulveda-y-richeze-siguen-lejos-en-la-general\/","name":"Giro de Italia: Sep\u00falveda y Richeze siguen lejos en la general - San Juan Deportes","isPartOf":{"@id":"https:\/\/www.sanjuandeportes.com\/wp\/#website"},"primaryImageOfPage":{"@id":"https:\/\/www.sanjuandeportes.com\/wp\/2021\/05\/11\/giro-de-italia-los-argentinos-sepulveda-y-richeze-siguen-lejos-en-la-general\/#primaryimage"},"image":{"@id":"https:\/\/www.sanjuandeportes.com\/wp\/2021\/05\/11\/giro-de-italia-los-argentinos-sepulveda-y-richeze-siguen-lejos-en-la-general\/#primaryimage"},"thumbnailUrl":"https:\/\/www.sanjuandeportes.com\/wp\/wp-content\/uploads\/2021\/05\/E1Hh10RWUAUZSP_.jpg","datePublished":"2021-05-11T22:04:33+00:00","dateModified":"2021-05-12T15:51:18+00:00","breadcrumb":{"@id":"https:\/\/www.sanjuandeportes.com\/wp\/2021\/05\/11\/giro-de-italia-los-argentinos-sepulveda-y-richeze-siguen-lejos-en-la-general\/#breadcrumb"},"inLanguage":"es","potentialAction":[{"@type":"ReadAction","target":["https:\/\/www.sanjuandeportes.com\/wp\/2021\/05\/11\/giro-de-italia-los-argentinos-sepulveda-y-richeze-siguen-lejos-en-la-general\/"]}]},{"@type":"ImageObject","inLanguage":"es","@id":"https:\/\/www.sanjuandeportes.com\/wp\/2021\/05\/11\/giro-de-italia-los-argentinos-sepulveda-y-richeze-siguen-lejos-en-la-general\/#primaryimage","url":"https:\/\/www.sanjuandeportes.com\/wp\/wp-content\/uploads\/2021\/05\/E1Hh10RWUAUZSP_.jpg","contentUrl":"https:\/\/www.sanjuandeportes.com\/wp\/wp-content\/uploads\/2021\/05\/E1Hh10RWUAUZSP_.jpg","width":1920,"height":1280},{"@type":"BreadcrumbList","@id":"https:\/\/www.sanjuandeportes.com\/wp\/2021\/05\/11\/giro-de-italia-los-argentinos-sepulveda-y-richeze-siguen-lejos-en-la-general\/#breadcrumb","itemListElement":[{"@type":"ListItem","position":1,"name":"Portada","item":"http:\/\/www.sanjuandeportes.com\/wp\/"},{"@type":"ListItem","position":2,"name":"Giro de Italia: Sep\u00falveda y Richeze siguen lejos en la general"}]},{"@type":"WebSite","@id":"https:\/\/www.sanjuandeportes.com\/wp\/#website","url":"https:\/\/www.sanjuandeportes.com\/wp\/","name":"San Juan Deportes","description":"El sitio de deportes de la provincia de San Juan","publisher":{"@id":"https:\/\/www.sanjuandeportes.com\/wp\/#organization"},"potentialAction":[{"@type":"SearchAction","target":{"@type":"EntryPoint","urlTemplate":"https:\/\/www.sanjuandeportes.com\/wp\/?s={search_term_string}"},"query-input":{"@type":"PropertyValueSpecification","valueRequired":true,"valueName":"search_term_string"}}],"inLanguage":"es"},{"@type":"Organization","@id":"https:\/\/www.sanjuandeportes.com\/wp\/#organization","name":"San Juan Deportes","url":"https:\/\/www.sanjuandeportes.com\/wp\/","logo":{"@type":"ImageObject","inLanguage":"es","@id":"https:\/\/www.sanjuandeportes.com\/wp\/#\/schema\/logo\/image\/","url":"https:\/\/www.sanjuandeportes.com\/wp\/wp-content\/uploads\/unnamed.jpg","contentUrl":"https:\/\/www.sanjuandeportes.com\/wp\/wp-content\/uploads\/unnamed.jpg","width":900,"height":900,"caption":"San Juan Deportes"},"image":{"@id":"https:\/\/www.sanjuandeportes.com\/wp\/#\/schema\/logo\/image\/"},"sameAs":["https:\/\/www.facebook.com\/sanjuandeportesok","https:\/\/x.com\/SanJuanDeportes","https:\/\/www.instagram.com\/sanjuandeportes"]},{"@type":"Person","@id":"https:\/\/www.sanjuandeportes.com\/wp\/#\/schema\/person\/eda4d8e62a5d42b111781e3cdfcb9c3a","name":"Pablo Pujado","image":{"@type":"ImageObject","inLanguage":"es","@id":"https:\/\/secure.gravatar.com\/avatar\/310b69d28112912c333408a462a9837208de951b1e7c11514781740412f648b1?s=96&d=mm&r=g","url":"https:\/\/secure.gravatar.com\/avatar\/310b69d28112912c333408a462a9837208de951b1e7c11514781740412f648b1?s=96&d=mm&r=g","contentUrl":"https:\/\/secure.gravatar.com\/avatar\/310b69d28112912c333408a462a9837208de951b1e7c11514781740412f648b1?s=96&d=mm&r=g","caption":"Pablo Pujado"},"url":"https:\/\/www.sanjuandeportes.com\/wp\/author\/pablo-pujado\/"}]}},"_links":{"self":[{"href":"https:\/\/www.sanjuandeportes.com\/wp\/wp-json\/wp\/v2\/posts\/12956","targetHints":{"allow":["GET"]}}],"collection":[{"href":"https:\/\/www.sanjuandeportes.com\/wp\/wp-json\/wp\/v2\/posts"}],"about":[{"href":"https:\/\/www.sanjuandeportes.com\/wp\/wp-json\/wp\/v2\/types\/post"}],"author":[{"embeddable":true,"href":"https:\/\/www.sanjuandeportes.com\/wp\/wp-json\/wp\/v2\/users\/5"}],"replies":[{"embeddable":true,"href":"https:\/\/www.sanjuandeportes.com\/wp\/wp-json\/wp\/v2\/comments?post=12956"}],"version-history":[{"count":2,"href":"https:\/\/www.sanjuandeportes.com\/wp\/wp-json\/wp\/v2\/posts\/12956\/revisions"}],"predecessor-version":[{"id":12959,"href":"https:\/\/www.sanjuandeportes.com\/wp\/wp-json\/wp\/v2\/posts\/12956\/revisions\/12959"}],"wp:featuredmedia":[{"embeddable":true,"href":"https:\/\/www.sanjuandeportes.com\/wp\/wp-json\/wp\/v2\/media\/12957"}],"wp:attachment":[{"href":"https:\/\/www.sanjuandeportes.com\/wp\/wp-json\/wp\/v2\/media?parent=12956"}],"wp:term":[{"taxonomy":"category","embeddable":true,"href":"https:\/\/www.sanjuandeportes.com\/wp\/wp-json\/wp\/v2\/categories?post=12956"},{"taxonomy":"post_tag","embeddable":true,"href":"https:\/\/www.sanjuandeportes.com\/wp\/wp-json\/wp\/v2\/tags?post=12956"}],"curies":[{"name":"wp","href":"https:\/\/api.w.org\/{rel}","templated":true}]}}