{"id":13073,"date":"2021-05-21T15:25:34","date_gmt":"2021-05-21T15:25:34","guid":{"rendered":"http:\/\/www.sanjuandeportes.com\/wp\/?p=13073"},"modified":"2021-05-27T15:47:16","modified_gmt":"2021-05-27T15:47:16","slug":"se-para-el-futbol-en-argentina","status":"publish","type":"post","link":"https:\/\/www.sanjuandeportes.com\/wp\/2021\/05\/21\/se-para-el-futbol-en-argentina\/","title":{"rendered":"Se para el f\u00fatbol en Argentina"},"content":{"rendered":"<p><strong>La Asociaci\u00f3n del F\u00fatbol Argentino tom\u00f3 la decisi\u00f3n de suspender moment\u00e1neamente la actividad desde este viernes a las 20 hasta el domingo 30 de mayo.<\/strong><\/p>\n<p>Esta ma\u00f1ana, la Asociaci\u00f3n de F\u00fatbol Argentino AFA confirm\u00f3 la suspensi\u00f3n de todos los encuentros de f\u00fatbol profesional de nuestro pa\u00eds. En el marco de las nuevas restricciones por la segunda ola de Covid-19, las autoridades de la instituci\u00f3n junto al gobierno, lograron establecer un acuerdo para postergar la actividad futbol\u00edsitica, desde los torneos de ascenso hasta las Semifinales de la Copa de la Liga, que iban a tener como sede a nuestra provincia.<\/p>\n<p>\u00abA fin de acompa\u00f1ar las medidas sanitarias anunciadas por el presidente Alberto Fern\u00e1ndez en el d\u00eda de ayer, tendientes a combatir la segunda ola de la pandemia covid-19 que estamos viviendo, ha decidido suspender la programaci\u00f3n de partidos en todas las competencias locales que organiza desde las 20 horas del d\u00eda de hoy hasta el domingo 30 de mayo de 2021 inclusive\u00bb, informaron desde la Asociaci\u00f3n mediante un comunicado.<\/p>\n<p>\u00abHay mucha preocupaci\u00f3n por los jugadores profesionales y tambi\u00e9n porque vemos gente que no tendr\u00eda que estar en los estadios\u00bb, manifest\u00f3 anoche el jefe de Gabinete, Santiago Cafiero, tras anunciar que en la jornada de este viernes se reunir\u00eda con autoridades de la instituci\u00f3n deportiva para definir el futuro de las competencias.<\/p>\n<p>Concretada la suspensi\u00f3n, las Semifinales de la Copa de la Liga Profesional, que se disputar\u00edan en San Juan entre Col\u00f3n-Independiente y Boca-Racing, quedan postergadas. Lo mismo para todos los torneos de ascenso: Primera Nacional, Primera B, C, D, Federal A y los campeonatos de f\u00fatbol femenino. S\u00f3lo quedar\u00edan en marcha la Copa Libertadores y la Sudamericana, que no dependen de AFA sino de Conmebol.<\/p>\n<figure class=\"wp-block-image\"><img decoding=\"async\" class=\"wp-image-159384 td-animation-stack-type0-2 lazyload\" data-src=\"https:\/\/conpacto.com.ar\/wp-content\/uploads\/2021\/05\/IMG_20210521_094500_117.jpg\" alt=\"\" src=\"data:image\/svg+xml;base64,PHN2ZyB3aWR0aD0iMSIgaGVpZ2h0PSIxIiB4bWxucz0iaHR0cDovL3d3dy53My5vcmcvMjAwMC9zdmciPjwvc3ZnPg==\" \/><\/figure>\n","protected":false},"excerpt":{"rendered":"<p>La Asociaci\u00f3n del F\u00fatbol Argentino tom\u00f3 la decisi\u00f3n de suspender moment\u00e1neamente la actividad desde este viernes a las 20 hasta el domingo 30 de mayo. Esta ma\u00f1ana, la Asociaci\u00f3n de F\u00fatbol Argentino AFA confirm\u00f3 la suspensi\u00f3n de todos los encuentros de f\u00fatbol profesional de nuestro pa\u00eds. En el marco de las nuevas restricciones por la [&hellip;]<\/p>\n","protected":false},"author":5,"featured_media":11522,"comment_status":"open","ping_status":"open","sticky":false,"template":"","format":"standard","meta":{"footnotes":""},"categories":[1255,24,178],"tags":[],"class_list":["post-13073","post","type-post","status-publish","format-standard","has-post-thumbnail","hentry","category-argentina","category-futbol","category-san-juan"],"yoast_head":"<!-- This site is optimized with the Yoast SEO plugin v28.2 - https:\/\/yoast.com\/product\/yoast-seo-wordpress\/ -->\n<title>Se para el f\u00fatbol en Argentina - San Juan Deportes<\/title>\n<meta name=\"robots\" content=\"index, follow, max-snippet:-1, max-image-preview:large, max-video-preview:-1\" \/>\n<link rel=\"canonical\" href=\"https:\/\/www.sanjuandeportes.com\/wp\/2021\/05\/21\/se-para-el-futbol-en-argentina\/\" \/>\n<meta property=\"og:locale\" content=\"es_ES\" \/>\n<meta property=\"og:type\" content=\"article\" \/>\n<meta property=\"og:title\" content=\"Se para el f\u00fatbol en Argentina - San Juan Deportes\" \/>\n<meta property=\"og:description\" content=\"La Asociaci\u00f3n del F\u00fatbol Argentino tom\u00f3 la decisi\u00f3n de suspender moment\u00e1neamente la actividad desde este viernes a las 20 hasta el domingo 30 de mayo. Esta ma\u00f1ana, la Asociaci\u00f3n de F\u00fatbol Argentino AFA confirm\u00f3 la suspensi\u00f3n de todos los encuentros de f\u00fatbol profesional de nuestro pa\u00eds. En el marco de las nuevas restricciones por la [&hellip;]\" \/>\n<meta property=\"og:url\" content=\"https:\/\/www.sanjuandeportes.com\/wp\/2021\/05\/21\/se-para-el-futbol-en-argentina\/\" \/>\n<meta property=\"og:site_name\" content=\"San Juan Deportes\" \/>\n<meta property=\"article:publisher\" content=\"https:\/\/www.facebook.com\/sanjuandeportesok\" \/>\n<meta property=\"article:published_time\" content=\"2021-05-21T15:25:34+00:00\" \/>\n<meta property=\"article:modified_time\" content=\"2021-05-27T15:47:16+00:00\" \/>\n<meta property=\"og:image\" content=\"https:\/\/www.sanjuandeportes.com\/wp\/wp-content\/uploads\/2020\/12\/31.jpg\" \/>\n\t<meta property=\"og:image:width\" content=\"1275\" \/>\n\t<meta property=\"og:image:height\" content=\"699\" \/>\n\t<meta property=\"og:image:type\" content=\"image\/jpeg\" \/>\n<meta name=\"author\" content=\"Pablo Pujado\" \/>\n<meta name=\"twitter:card\" content=\"summary_large_image\" \/>\n<meta name=\"twitter:creator\" content=\"@SanJuanDeportes\" \/>\n<meta name=\"twitter:site\" content=\"@SanJuanDeportes\" \/>\n<meta name=\"twitter:label1\" content=\"Escrito por\" \/>\n\t<meta name=\"twitter:data1\" content=\"Pablo Pujado\" \/>\n\t<meta name=\"twitter:label2\" content=\"Tiempo de lectura\" \/>\n\t<meta name=\"twitter:data2\" content=\"2 minutos\" \/>\n<script type=\"application\/ld+json\" class=\"yoast-schema-graph\">{\"@context\":\"https:\\\/\\\/schema.org\",\"@graph\":[{\"@type\":\"Article\",\"@id\":\"https:\\\/\\\/www.sanjuandeportes.com\\\/wp\\\/2021\\\/05\\\/21\\\/se-para-el-futbol-en-argentina\\\/#article\",\"isPartOf\":{\"@id\":\"https:\\\/\\\/www.sanjuandeportes.com\\\/wp\\\/2021\\\/05\\\/21\\\/se-para-el-futbol-en-argentina\\\/\"},\"author\":{\"name\":\"Pablo Pujado\",\"@id\":\"https:\\\/\\\/www.sanjuandeportes.com\\\/wp\\\/#\\\/schema\\\/person\\\/eda4d8e62a5d42b111781e3cdfcb9c3a\"},\"headline\":\"Se para el f\u00fatbol en Argentina\",\"datePublished\":\"2021-05-21T15:25:34+00:00\",\"dateModified\":\"2021-05-27T15:47:16+00:00\",\"mainEntityOfPage\":{\"@id\":\"https:\\\/\\\/www.sanjuandeportes.com\\\/wp\\\/2021\\\/05\\\/21\\\/se-para-el-futbol-en-argentina\\\/\"},\"wordCount\":315,\"commentCount\":0,\"publisher\":{\"@id\":\"https:\\\/\\\/www.sanjuandeportes.com\\\/wp\\\/#organization\"},\"image\":{\"@id\":\"https:\\\/\\\/www.sanjuandeportes.com\\\/wp\\\/2021\\\/05\\\/21\\\/se-para-el-futbol-en-argentina\\\/#primaryimage\"},\"thumbnailUrl\":\"https:\\\/\\\/www.sanjuandeportes.com\\\/wp\\\/wp-content\\\/uploads\\\/2020\\\/12\\\/31.jpg\",\"articleSection\":[\"Argentina\",\"Futbol\",\"San Juan\"],\"inLanguage\":\"es\",\"potentialAction\":[{\"@type\":\"CommentAction\",\"name\":\"Comment\",\"target\":[\"https:\\\/\\\/www.sanjuandeportes.com\\\/wp\\\/2021\\\/05\\\/21\\\/se-para-el-futbol-en-argentina\\\/#respond\"]}]},{\"@type\":\"WebPage\",\"@id\":\"https:\\\/\\\/www.sanjuandeportes.com\\\/wp\\\/2021\\\/05\\\/21\\\/se-para-el-futbol-en-argentina\\\/\",\"url\":\"https:\\\/\\\/www.sanjuandeportes.com\\\/wp\\\/2021\\\/05\\\/21\\\/se-para-el-futbol-en-argentina\\\/\",\"name\":\"Se para el f\u00fatbol en Argentina - San Juan Deportes\",\"isPartOf\":{\"@id\":\"https:\\\/\\\/www.sanjuandeportes.com\\\/wp\\\/#website\"},\"primaryImageOfPage\":{\"@id\":\"https:\\\/\\\/www.sanjuandeportes.com\\\/wp\\\/2021\\\/05\\\/21\\\/se-para-el-futbol-en-argentina\\\/#primaryimage\"},\"image\":{\"@id\":\"https:\\\/\\\/www.sanjuandeportes.com\\\/wp\\\/2021\\\/05\\\/21\\\/se-para-el-futbol-en-argentina\\\/#primaryimage\"},\"thumbnailUrl\":\"https:\\\/\\\/www.sanjuandeportes.com\\\/wp\\\/wp-content\\\/uploads\\\/2020\\\/12\\\/31.jpg\",\"datePublished\":\"2021-05-21T15:25:34+00:00\",\"dateModified\":\"2021-05-27T15:47:16+00:00\",\"breadcrumb\":{\"@id\":\"https:\\\/\\\/www.sanjuandeportes.com\\\/wp\\\/2021\\\/05\\\/21\\\/se-para-el-futbol-en-argentina\\\/#breadcrumb\"},\"inLanguage\":\"es\",\"potentialAction\":[{\"@type\":\"ReadAction\",\"target\":[\"https:\\\/\\\/www.sanjuandeportes.com\\\/wp\\\/2021\\\/05\\\/21\\\/se-para-el-futbol-en-argentina\\\/\"]}]},{\"@type\":\"ImageObject\",\"inLanguage\":\"es\",\"@id\":\"https:\\\/\\\/www.sanjuandeportes.com\\\/wp\\\/2021\\\/05\\\/21\\\/se-para-el-futbol-en-argentina\\\/#primaryimage\",\"url\":\"https:\\\/\\\/www.sanjuandeportes.com\\\/wp\\\/wp-content\\\/uploads\\\/2020\\\/12\\\/31.jpg\",\"contentUrl\":\"https:\\\/\\\/www.sanjuandeportes.com\\\/wp\\\/wp-content\\\/uploads\\\/2020\\\/12\\\/31.jpg\",\"width\":1275,\"height\":699},{\"@type\":\"BreadcrumbList\",\"@id\":\"https:\\\/\\\/www.sanjuandeportes.com\\\/wp\\\/2021\\\/05\\\/21\\\/se-para-el-futbol-en-argentina\\\/#breadcrumb\",\"itemListElement\":[{\"@type\":\"ListItem\",\"position\":1,\"name\":\"Portada\",\"item\":\"http:\\\/\\\/www.sanjuandeportes.com\\\/wp\\\/\"},{\"@type\":\"ListItem\",\"position\":2,\"name\":\"Se para el f\u00fatbol en Argentina\"}]},{\"@type\":\"WebSite\",\"@id\":\"https:\\\/\\\/www.sanjuandeportes.com\\\/wp\\\/#website\",\"url\":\"https:\\\/\\\/www.sanjuandeportes.com\\\/wp\\\/\",\"name\":\"San Juan Deportes\",\"description\":\"El sitio de deportes de la provincia de San Juan\",\"publisher\":{\"@id\":\"https:\\\/\\\/www.sanjuandeportes.com\\\/wp\\\/#organization\"},\"potentialAction\":[{\"@type\":\"SearchAction\",\"target\":{\"@type\":\"EntryPoint\",\"urlTemplate\":\"https:\\\/\\\/www.sanjuandeportes.com\\\/wp\\\/?s={search_term_string}\"},\"query-input\":{\"@type\":\"PropertyValueSpecification\",\"valueRequired\":true,\"valueName\":\"search_term_string\"}}],\"inLanguage\":\"es\"},{\"@type\":\"Organization\",\"@id\":\"https:\\\/\\\/www.sanjuandeportes.com\\\/wp\\\/#organization\",\"name\":\"San Juan Deportes\",\"url\":\"https:\\\/\\\/www.sanjuandeportes.com\\\/wp\\\/\",\"logo\":{\"@type\":\"ImageObject\",\"inLanguage\":\"es\",\"@id\":\"https:\\\/\\\/www.sanjuandeportes.com\\\/wp\\\/#\\\/schema\\\/logo\\\/image\\\/\",\"url\":\"https:\\\/\\\/www.sanjuandeportes.com\\\/wp\\\/wp-content\\\/uploads\\\/unnamed.jpg\",\"contentUrl\":\"https:\\\/\\\/www.sanjuandeportes.com\\\/wp\\\/wp-content\\\/uploads\\\/unnamed.jpg\",\"width\":900,\"height\":900,\"caption\":\"San Juan Deportes\"},\"image\":{\"@id\":\"https:\\\/\\\/www.sanjuandeportes.com\\\/wp\\\/#\\\/schema\\\/logo\\\/image\\\/\"},\"sameAs\":[\"https:\\\/\\\/www.facebook.com\\\/sanjuandeportesok\",\"https:\\\/\\\/x.com\\\/SanJuanDeportes\",\"https:\\\/\\\/www.instagram.com\\\/sanjuandeportes\"]},{\"@type\":\"Person\",\"@id\":\"https:\\\/\\\/www.sanjuandeportes.com\\\/wp\\\/#\\\/schema\\\/person\\\/eda4d8e62a5d42b111781e3cdfcb9c3a\",\"name\":\"Pablo Pujado\",\"image\":{\"@type\":\"ImageObject\",\"inLanguage\":\"es\",\"@id\":\"https:\\\/\\\/secure.gravatar.com\\\/avatar\\\/310b69d28112912c333408a462a9837208de951b1e7c11514781740412f648b1?s=96&d=mm&r=g\",\"url\":\"https:\\\/\\\/secure.gravatar.com\\\/avatar\\\/310b69d28112912c333408a462a9837208de951b1e7c11514781740412f648b1?s=96&d=mm&r=g\",\"contentUrl\":\"https:\\\/\\\/secure.gravatar.com\\\/avatar\\\/310b69d28112912c333408a462a9837208de951b1e7c11514781740412f648b1?s=96&d=mm&r=g\",\"caption\":\"Pablo Pujado\"},\"url\":\"https:\\\/\\\/www.sanjuandeportes.com\\\/wp\\\/author\\\/pablo-pujado\\\/\"}]}<\/script>\n<!-- \/ Yoast SEO plugin. -->","yoast_head_json":{"title":"Se para el f\u00fatbol en Argentina - San Juan Deportes","robots":{"index":"index","follow":"follow","max-snippet":"max-snippet:-1","max-image-preview":"max-image-preview:large","max-video-preview":"max-video-preview:-1"},"canonical":"https:\/\/www.sanjuandeportes.com\/wp\/2021\/05\/21\/se-para-el-futbol-en-argentina\/","og_locale":"es_ES","og_type":"article","og_title":"Se para el f\u00fatbol en Argentina - San Juan Deportes","og_description":"La Asociaci\u00f3n del F\u00fatbol Argentino tom\u00f3 la decisi\u00f3n de suspender moment\u00e1neamente la actividad desde este viernes a las 20 hasta el domingo 30 de mayo. Esta ma\u00f1ana, la Asociaci\u00f3n de F\u00fatbol Argentino AFA confirm\u00f3 la suspensi\u00f3n de todos los encuentros de f\u00fatbol profesional de nuestro pa\u00eds. En el marco de las nuevas restricciones por la [&hellip;]","og_url":"https:\/\/www.sanjuandeportes.com\/wp\/2021\/05\/21\/se-para-el-futbol-en-argentina\/","og_site_name":"San Juan Deportes","article_publisher":"https:\/\/www.facebook.com\/sanjuandeportesok","article_published_time":"2021-05-21T15:25:34+00:00","article_modified_time":"2021-05-27T15:47:16+00:00","og_image":[{"width":1275,"height":699,"url":"https:\/\/www.sanjuandeportes.com\/wp\/wp-content\/uploads\/2020\/12\/31.jpg","type":"image\/jpeg"}],"author":"Pablo Pujado","twitter_card":"summary_large_image","twitter_creator":"@SanJuanDeportes","twitter_site":"@SanJuanDeportes","twitter_misc":{"Escrito por":"Pablo Pujado","Tiempo de lectura":"2 minutos"},"schema":{"@context":"https:\/\/schema.org","@graph":[{"@type":"Article","@id":"https:\/\/www.sanjuandeportes.com\/wp\/2021\/05\/21\/se-para-el-futbol-en-argentina\/#article","isPartOf":{"@id":"https:\/\/www.sanjuandeportes.com\/wp\/2021\/05\/21\/se-para-el-futbol-en-argentina\/"},"author":{"name":"Pablo Pujado","@id":"https:\/\/www.sanjuandeportes.com\/wp\/#\/schema\/person\/eda4d8e62a5d42b111781e3cdfcb9c3a"},"headline":"Se para el f\u00fatbol en Argentina","datePublished":"2021-05-21T15:25:34+00:00","dateModified":"2021-05-27T15:47:16+00:00","mainEntityOfPage":{"@id":"https:\/\/www.sanjuandeportes.com\/wp\/2021\/05\/21\/se-para-el-futbol-en-argentina\/"},"wordCount":315,"commentCount":0,"publisher":{"@id":"https:\/\/www.sanjuandeportes.com\/wp\/#organization"},"image":{"@id":"https:\/\/www.sanjuandeportes.com\/wp\/2021\/05\/21\/se-para-el-futbol-en-argentina\/#primaryimage"},"thumbnailUrl":"https:\/\/www.sanjuandeportes.com\/wp\/wp-content\/uploads\/2020\/12\/31.jpg","articleSection":["Argentina","Futbol","San Juan"],"inLanguage":"es","potentialAction":[{"@type":"CommentAction","name":"Comment","target":["https:\/\/www.sanjuandeportes.com\/wp\/2021\/05\/21\/se-para-el-futbol-en-argentina\/#respond"]}]},{"@type":"WebPage","@id":"https:\/\/www.sanjuandeportes.com\/wp\/2021\/05\/21\/se-para-el-futbol-en-argentina\/","url":"https:\/\/www.sanjuandeportes.com\/wp\/2021\/05\/21\/se-para-el-futbol-en-argentina\/","name":"Se para el f\u00fatbol en Argentina - San Juan Deportes","isPartOf":{"@id":"https:\/\/www.sanjuandeportes.com\/wp\/#website"},"primaryImageOfPage":{"@id":"https:\/\/www.sanjuandeportes.com\/wp\/2021\/05\/21\/se-para-el-futbol-en-argentina\/#primaryimage"},"image":{"@id":"https:\/\/www.sanjuandeportes.com\/wp\/2021\/05\/21\/se-para-el-futbol-en-argentina\/#primaryimage"},"thumbnailUrl":"https:\/\/www.sanjuandeportes.com\/wp\/wp-content\/uploads\/2020\/12\/31.jpg","datePublished":"2021-05-21T15:25:34+00:00","dateModified":"2021-05-27T15:47:16+00:00","breadcrumb":{"@id":"https:\/\/www.sanjuandeportes.com\/wp\/2021\/05\/21\/se-para-el-futbol-en-argentina\/#breadcrumb"},"inLanguage":"es","potentialAction":[{"@type":"ReadAction","target":["https:\/\/www.sanjuandeportes.com\/wp\/2021\/05\/21\/se-para-el-futbol-en-argentina\/"]}]},{"@type":"ImageObject","inLanguage":"es","@id":"https:\/\/www.sanjuandeportes.com\/wp\/2021\/05\/21\/se-para-el-futbol-en-argentina\/#primaryimage","url":"https:\/\/www.sanjuandeportes.com\/wp\/wp-content\/uploads\/2020\/12\/31.jpg","contentUrl":"https:\/\/www.sanjuandeportes.com\/wp\/wp-content\/uploads\/2020\/12\/31.jpg","width":1275,"height":699},{"@type":"BreadcrumbList","@id":"https:\/\/www.sanjuandeportes.com\/wp\/2021\/05\/21\/se-para-el-futbol-en-argentina\/#breadcrumb","itemListElement":[{"@type":"ListItem","position":1,"name":"Portada","item":"http:\/\/www.sanjuandeportes.com\/wp\/"},{"@type":"ListItem","position":2,"name":"Se para el f\u00fatbol en Argentina"}]},{"@type":"WebSite","@id":"https:\/\/www.sanjuandeportes.com\/wp\/#website","url":"https:\/\/www.sanjuandeportes.com\/wp\/","name":"San Juan Deportes","description":"El sitio de deportes de la provincia de San Juan","publisher":{"@id":"https:\/\/www.sanjuandeportes.com\/wp\/#organization"},"potentialAction":[{"@type":"SearchAction","target":{"@type":"EntryPoint","urlTemplate":"https:\/\/www.sanjuandeportes.com\/wp\/?s={search_term_string}"},"query-input":{"@type":"PropertyValueSpecification","valueRequired":true,"valueName":"search_term_string"}}],"inLanguage":"es"},{"@type":"Organization","@id":"https:\/\/www.sanjuandeportes.com\/wp\/#organization","name":"San Juan Deportes","url":"https:\/\/www.sanjuandeportes.com\/wp\/","logo":{"@type":"ImageObject","inLanguage":"es","@id":"https:\/\/www.sanjuandeportes.com\/wp\/#\/schema\/logo\/image\/","url":"https:\/\/www.sanjuandeportes.com\/wp\/wp-content\/uploads\/unnamed.jpg","contentUrl":"https:\/\/www.sanjuandeportes.com\/wp\/wp-content\/uploads\/unnamed.jpg","width":900,"height":900,"caption":"San Juan Deportes"},"image":{"@id":"https:\/\/www.sanjuandeportes.com\/wp\/#\/schema\/logo\/image\/"},"sameAs":["https:\/\/www.facebook.com\/sanjuandeportesok","https:\/\/x.com\/SanJuanDeportes","https:\/\/www.instagram.com\/sanjuandeportes"]},{"@type":"Person","@id":"https:\/\/www.sanjuandeportes.com\/wp\/#\/schema\/person\/eda4d8e62a5d42b111781e3cdfcb9c3a","name":"Pablo Pujado","image":{"@type":"ImageObject","inLanguage":"es","@id":"https:\/\/secure.gravatar.com\/avatar\/310b69d28112912c333408a462a9837208de951b1e7c11514781740412f648b1?s=96&d=mm&r=g","url":"https:\/\/secure.gravatar.com\/avatar\/310b69d28112912c333408a462a9837208de951b1e7c11514781740412f648b1?s=96&d=mm&r=g","contentUrl":"https:\/\/secure.gravatar.com\/avatar\/310b69d28112912c333408a462a9837208de951b1e7c11514781740412f648b1?s=96&d=mm&r=g","caption":"Pablo Pujado"},"url":"https:\/\/www.sanjuandeportes.com\/wp\/author\/pablo-pujado\/"}]}},"_links":{"self":[{"href":"https:\/\/www.sanjuandeportes.com\/wp\/wp-json\/wp\/v2\/posts\/13073","targetHints":{"allow":["GET"]}}],"collection":[{"href":"https:\/\/www.sanjuandeportes.com\/wp\/wp-json\/wp\/v2\/posts"}],"about":[{"href":"https:\/\/www.sanjuandeportes.com\/wp\/wp-json\/wp\/v2\/types\/post"}],"author":[{"embeddable":true,"href":"https:\/\/www.sanjuandeportes.com\/wp\/wp-json\/wp\/v2\/users\/5"}],"replies":[{"embeddable":true,"href":"https:\/\/www.sanjuandeportes.com\/wp\/wp-json\/wp\/v2\/comments?post=13073"}],"version-history":[{"count":1,"href":"https:\/\/www.sanjuandeportes.com\/wp\/wp-json\/wp\/v2\/posts\/13073\/revisions"}],"predecessor-version":[{"id":13074,"href":"https:\/\/www.sanjuandeportes.com\/wp\/wp-json\/wp\/v2\/posts\/13073\/revisions\/13074"}],"wp:featuredmedia":[{"embeddable":true,"href":"https:\/\/www.sanjuandeportes.com\/wp\/wp-json\/wp\/v2\/media\/11522"}],"wp:attachment":[{"href":"https:\/\/www.sanjuandeportes.com\/wp\/wp-json\/wp\/v2\/media?parent=13073"}],"wp:term":[{"taxonomy":"category","embeddable":true,"href":"https:\/\/www.sanjuandeportes.com\/wp\/wp-json\/wp\/v2\/categories?post=13073"},{"taxonomy":"post_tag","embeddable":true,"href":"https:\/\/www.sanjuandeportes.com\/wp\/wp-json\/wp\/v2\/tags?post=13073"}],"curies":[{"name":"wp","href":"https:\/\/api.w.org\/{rel}","templated":true}]}}