{"id":13755,"date":"2021-08-03T12:23:54","date_gmt":"2021-08-03T12:23:54","guid":{"rendered":"http:\/\/www.sanjuandeportes.com\/wp\/?p=13755"},"modified":"2021-08-03T23:59:19","modified_gmt":"2021-08-03T23:59:19","slug":"cristian-bove-dejo-de-ser-el-dt-de-desamparados","status":"publish","type":"post","link":"https:\/\/www.sanjuandeportes.com\/wp\/2021\/08\/03\/cristian-bove-dejo-de-ser-el-dt-de-desamparados\/","title":{"rendered":"Cristian Bove dej\u00f3 de ser el DT de Desamparados"},"content":{"rendered":"\n<p class=\"wp-block-paragraph\">Cristian Bove de 50 a\u00f1os dej\u00f3 de ser el entrenador de Sportivo Desamparados este lunes, seg\u00fan confirmaron desde el club puyutano.<\/p>\n\n\n\n<p class=\"wp-block-paragraph\">Tras la dolorosa derrota sufrida por el Puyutano el domingo ante la Juve de San Luis por 4-0 de local, aparecieron muchos reclamos en el mundo V\u00edbora se confirm\u00f3 la salida del entrenador.<\/p>\n\n\n\n<p class=\"wp-block-paragraph\">Con el entrenador Bove afuera, la danza de nombres empez\u00f3 en el club del barrio Patricias Sanjuaninas. Se habla de nuevo de Nazareno Godoy, tambi\u00e9n de Dario &#8216;Lechuga&#8217; Alaniz, Alfredo Grelak, Marcelo Fuentes, entre otros, seg\u00fan indicaron desde la entidad deportiva.<\/p>\n\n\n\n<figure class=\"wp-block-image\"><img decoding=\"async\" data-src=\"https:\/\/pxb.cdn.diariohuarpe.com\/huarpe\/082021\/1627960378026\/2369f5ec-7e13-4999-9828-23356b8dba11.jpg?&amp;cw=320&amp;ch=200\" alt=\"\" src=\"data:image\/svg+xml;base64,PHN2ZyB3aWR0aD0iMSIgaGVpZ2h0PSIxIiB4bWxucz0iaHR0cDovL3d3dy53My5vcmcvMjAwMC9zdmciPjwvc3ZnPg==\" class=\"lazyload\" \/><\/figure>\n","protected":false},"excerpt":{"rendered":"<p>Cristian Bove de 50 a\u00f1os dej\u00f3 de ser el entrenador de Sportivo Desamparados este lunes, seg\u00fan confirmaron desde el club puyutano. Tras la dolorosa derrota sufrida por el Puyutano el domingo ante la Juve de San Luis por 4-0 de local, aparecieron muchos reclamos en el mundo V\u00edbora se confirm\u00f3 la salida del entrenador. Con [&hellip;]<\/p>\n","protected":false},"author":5,"featured_media":13756,"comment_status":"open","ping_status":"open","sticky":false,"template":"","format":"standard","meta":{"footnotes":""},"categories":[36,24,178],"tags":[],"class_list":["post-13755","post","type-post","status-publish","format-standard","has-post-thumbnail","hentry","category-federal-a","category-futbol","category-san-juan"],"yoast_head":"<!-- This site is optimized with the Yoast SEO plugin v28.2 - https:\/\/yoast.com\/product\/yoast-seo-wordpress\/ -->\n<title>Cristian Bove dej\u00f3 de ser el DT de Desamparados - San Juan Deportes<\/title>\n<meta name=\"robots\" content=\"index, follow, max-snippet:-1, max-image-preview:large, max-video-preview:-1\" \/>\n<link rel=\"canonical\" href=\"https:\/\/www.sanjuandeportes.com\/wp\/2021\/08\/03\/cristian-bove-dejo-de-ser-el-dt-de-desamparados\/\" \/>\n<meta property=\"og:locale\" content=\"es_ES\" \/>\n<meta property=\"og:type\" content=\"article\" \/>\n<meta property=\"og:title\" content=\"Cristian Bove dej\u00f3 de ser el DT de Desamparados - San Juan Deportes\" \/>\n<meta property=\"og:description\" content=\"Cristian Bove de 50 a\u00f1os dej\u00f3 de ser el entrenador de Sportivo Desamparados este lunes, seg\u00fan confirmaron desde el club puyutano. Tras la dolorosa derrota sufrida por el Puyutano el domingo ante la Juve de San Luis por 4-0 de local, aparecieron muchos reclamos en el mundo V\u00edbora se confirm\u00f3 la salida del entrenador. Con [&hellip;]\" \/>\n<meta property=\"og:url\" content=\"https:\/\/www.sanjuandeportes.com\/wp\/2021\/08\/03\/cristian-bove-dejo-de-ser-el-dt-de-desamparados\/\" \/>\n<meta property=\"og:site_name\" content=\"San Juan Deportes\" \/>\n<meta property=\"article:publisher\" content=\"https:\/\/www.facebook.com\/sanjuandeportesok\" \/>\n<meta property=\"article:published_time\" content=\"2021-08-03T12:23:54+00:00\" \/>\n<meta property=\"article:modified_time\" content=\"2021-08-03T23:59:19+00:00\" \/>\n<meta property=\"og:image\" content=\"https:\/\/www.sanjuandeportes.com\/wp\/wp-content\/uploads\/2021\/08\/file_72877_main1_800.jpg\" \/>\n\t<meta property=\"og:image:width\" content=\"800\" \/>\n\t<meta property=\"og:image:height\" content=\"457\" \/>\n\t<meta property=\"og:image:type\" content=\"image\/jpeg\" \/>\n<meta name=\"author\" content=\"Pablo Pujado\" \/>\n<meta name=\"twitter:card\" content=\"summary_large_image\" \/>\n<meta name=\"twitter:creator\" content=\"@SanJuanDeportes\" \/>\n<meta name=\"twitter:site\" content=\"@SanJuanDeportes\" \/>\n<meta name=\"twitter:label1\" content=\"Escrito por\" \/>\n\t<meta name=\"twitter:data1\" content=\"Pablo Pujado\" \/>\n<script type=\"application\/ld+json\" class=\"yoast-schema-graph\">{\"@context\":\"https:\\\/\\\/schema.org\",\"@graph\":[{\"@type\":\"Article\",\"@id\":\"https:\\\/\\\/www.sanjuandeportes.com\\\/wp\\\/2021\\\/08\\\/03\\\/cristian-bove-dejo-de-ser-el-dt-de-desamparados\\\/#article\",\"isPartOf\":{\"@id\":\"https:\\\/\\\/www.sanjuandeportes.com\\\/wp\\\/2021\\\/08\\\/03\\\/cristian-bove-dejo-de-ser-el-dt-de-desamparados\\\/\"},\"author\":{\"name\":\"Pablo Pujado\",\"@id\":\"https:\\\/\\\/www.sanjuandeportes.com\\\/wp\\\/#\\\/schema\\\/person\\\/eda4d8e62a5d42b111781e3cdfcb9c3a\"},\"headline\":\"Cristian Bove dej\u00f3 de ser el DT de Desamparados\",\"datePublished\":\"2021-08-03T12:23:54+00:00\",\"dateModified\":\"2021-08-03T23:59:19+00:00\",\"mainEntityOfPage\":{\"@id\":\"https:\\\/\\\/www.sanjuandeportes.com\\\/wp\\\/2021\\\/08\\\/03\\\/cristian-bove-dejo-de-ser-el-dt-de-desamparados\\\/\"},\"wordCount\":108,\"commentCount\":0,\"publisher\":{\"@id\":\"https:\\\/\\\/www.sanjuandeportes.com\\\/wp\\\/#organization\"},\"image\":{\"@id\":\"https:\\\/\\\/www.sanjuandeportes.com\\\/wp\\\/2021\\\/08\\\/03\\\/cristian-bove-dejo-de-ser-el-dt-de-desamparados\\\/#primaryimage\"},\"thumbnailUrl\":\"https:\\\/\\\/www.sanjuandeportes.com\\\/wp\\\/wp-content\\\/uploads\\\/2021\\\/08\\\/file_72877_main1_800.jpg\",\"articleSection\":[\"Federal A\",\"Futbol\",\"San Juan\"],\"inLanguage\":\"es\",\"potentialAction\":[{\"@type\":\"CommentAction\",\"name\":\"Comment\",\"target\":[\"https:\\\/\\\/www.sanjuandeportes.com\\\/wp\\\/2021\\\/08\\\/03\\\/cristian-bove-dejo-de-ser-el-dt-de-desamparados\\\/#respond\"]}]},{\"@type\":\"WebPage\",\"@id\":\"https:\\\/\\\/www.sanjuandeportes.com\\\/wp\\\/2021\\\/08\\\/03\\\/cristian-bove-dejo-de-ser-el-dt-de-desamparados\\\/\",\"url\":\"https:\\\/\\\/www.sanjuandeportes.com\\\/wp\\\/2021\\\/08\\\/03\\\/cristian-bove-dejo-de-ser-el-dt-de-desamparados\\\/\",\"name\":\"Cristian Bove dej\u00f3 de ser el DT de Desamparados - San Juan Deportes\",\"isPartOf\":{\"@id\":\"https:\\\/\\\/www.sanjuandeportes.com\\\/wp\\\/#website\"},\"primaryImageOfPage\":{\"@id\":\"https:\\\/\\\/www.sanjuandeportes.com\\\/wp\\\/2021\\\/08\\\/03\\\/cristian-bove-dejo-de-ser-el-dt-de-desamparados\\\/#primaryimage\"},\"image\":{\"@id\":\"https:\\\/\\\/www.sanjuandeportes.com\\\/wp\\\/2021\\\/08\\\/03\\\/cristian-bove-dejo-de-ser-el-dt-de-desamparados\\\/#primaryimage\"},\"thumbnailUrl\":\"https:\\\/\\\/www.sanjuandeportes.com\\\/wp\\\/wp-content\\\/uploads\\\/2021\\\/08\\\/file_72877_main1_800.jpg\",\"datePublished\":\"2021-08-03T12:23:54+00:00\",\"dateModified\":\"2021-08-03T23:59:19+00:00\",\"breadcrumb\":{\"@id\":\"https:\\\/\\\/www.sanjuandeportes.com\\\/wp\\\/2021\\\/08\\\/03\\\/cristian-bove-dejo-de-ser-el-dt-de-desamparados\\\/#breadcrumb\"},\"inLanguage\":\"es\",\"potentialAction\":[{\"@type\":\"ReadAction\",\"target\":[\"https:\\\/\\\/www.sanjuandeportes.com\\\/wp\\\/2021\\\/08\\\/03\\\/cristian-bove-dejo-de-ser-el-dt-de-desamparados\\\/\"]}]},{\"@type\":\"ImageObject\",\"inLanguage\":\"es\",\"@id\":\"https:\\\/\\\/www.sanjuandeportes.com\\\/wp\\\/2021\\\/08\\\/03\\\/cristian-bove-dejo-de-ser-el-dt-de-desamparados\\\/#primaryimage\",\"url\":\"https:\\\/\\\/www.sanjuandeportes.com\\\/wp\\\/wp-content\\\/uploads\\\/2021\\\/08\\\/file_72877_main1_800.jpg\",\"contentUrl\":\"https:\\\/\\\/www.sanjuandeportes.com\\\/wp\\\/wp-content\\\/uploads\\\/2021\\\/08\\\/file_72877_main1_800.jpg\",\"width\":800,\"height\":457},{\"@type\":\"BreadcrumbList\",\"@id\":\"https:\\\/\\\/www.sanjuandeportes.com\\\/wp\\\/2021\\\/08\\\/03\\\/cristian-bove-dejo-de-ser-el-dt-de-desamparados\\\/#breadcrumb\",\"itemListElement\":[{\"@type\":\"ListItem\",\"position\":1,\"name\":\"Portada\",\"item\":\"http:\\\/\\\/www.sanjuandeportes.com\\\/wp\\\/\"},{\"@type\":\"ListItem\",\"position\":2,\"name\":\"Cristian Bove dej\u00f3 de ser el DT de Desamparados\"}]},{\"@type\":\"WebSite\",\"@id\":\"https:\\\/\\\/www.sanjuandeportes.com\\\/wp\\\/#website\",\"url\":\"https:\\\/\\\/www.sanjuandeportes.com\\\/wp\\\/\",\"name\":\"San Juan Deportes\",\"description\":\"El sitio de deportes de la provincia de San Juan\",\"publisher\":{\"@id\":\"https:\\\/\\\/www.sanjuandeportes.com\\\/wp\\\/#organization\"},\"potentialAction\":[{\"@type\":\"SearchAction\",\"target\":{\"@type\":\"EntryPoint\",\"urlTemplate\":\"https:\\\/\\\/www.sanjuandeportes.com\\\/wp\\\/?s={search_term_string}\"},\"query-input\":{\"@type\":\"PropertyValueSpecification\",\"valueRequired\":true,\"valueName\":\"search_term_string\"}}],\"inLanguage\":\"es\"},{\"@type\":\"Organization\",\"@id\":\"https:\\\/\\\/www.sanjuandeportes.com\\\/wp\\\/#organization\",\"name\":\"San Juan Deportes\",\"url\":\"https:\\\/\\\/www.sanjuandeportes.com\\\/wp\\\/\",\"logo\":{\"@type\":\"ImageObject\",\"inLanguage\":\"es\",\"@id\":\"https:\\\/\\\/www.sanjuandeportes.com\\\/wp\\\/#\\\/schema\\\/logo\\\/image\\\/\",\"url\":\"https:\\\/\\\/www.sanjuandeportes.com\\\/wp\\\/wp-content\\\/uploads\\\/unnamed.jpg\",\"contentUrl\":\"https:\\\/\\\/www.sanjuandeportes.com\\\/wp\\\/wp-content\\\/uploads\\\/unnamed.jpg\",\"width\":900,\"height\":900,\"caption\":\"San Juan Deportes\"},\"image\":{\"@id\":\"https:\\\/\\\/www.sanjuandeportes.com\\\/wp\\\/#\\\/schema\\\/logo\\\/image\\\/\"},\"sameAs\":[\"https:\\\/\\\/www.facebook.com\\\/sanjuandeportesok\",\"https:\\\/\\\/x.com\\\/SanJuanDeportes\",\"https:\\\/\\\/www.instagram.com\\\/sanjuandeportes\"]},{\"@type\":\"Person\",\"@id\":\"https:\\\/\\\/www.sanjuandeportes.com\\\/wp\\\/#\\\/schema\\\/person\\\/eda4d8e62a5d42b111781e3cdfcb9c3a\",\"name\":\"Pablo Pujado\",\"image\":{\"@type\":\"ImageObject\",\"inLanguage\":\"es\",\"@id\":\"https:\\\/\\\/secure.gravatar.com\\\/avatar\\\/310b69d28112912c333408a462a9837208de951b1e7c11514781740412f648b1?s=96&d=mm&r=g\",\"url\":\"https:\\\/\\\/secure.gravatar.com\\\/avatar\\\/310b69d28112912c333408a462a9837208de951b1e7c11514781740412f648b1?s=96&d=mm&r=g\",\"contentUrl\":\"https:\\\/\\\/secure.gravatar.com\\\/avatar\\\/310b69d28112912c333408a462a9837208de951b1e7c11514781740412f648b1?s=96&d=mm&r=g\",\"caption\":\"Pablo Pujado\"},\"url\":\"https:\\\/\\\/www.sanjuandeportes.com\\\/wp\\\/author\\\/pablo-pujado\\\/\"}]}<\/script>\n<!-- \/ Yoast SEO plugin. -->","yoast_head_json":{"title":"Cristian Bove dej\u00f3 de ser el DT de Desamparados - San Juan Deportes","robots":{"index":"index","follow":"follow","max-snippet":"max-snippet:-1","max-image-preview":"max-image-preview:large","max-video-preview":"max-video-preview:-1"},"canonical":"https:\/\/www.sanjuandeportes.com\/wp\/2021\/08\/03\/cristian-bove-dejo-de-ser-el-dt-de-desamparados\/","og_locale":"es_ES","og_type":"article","og_title":"Cristian Bove dej\u00f3 de ser el DT de Desamparados - San Juan Deportes","og_description":"Cristian Bove de 50 a\u00f1os dej\u00f3 de ser el entrenador de Sportivo Desamparados este lunes, seg\u00fan confirmaron desde el club puyutano. Tras la dolorosa derrota sufrida por el Puyutano el domingo ante la Juve de San Luis por 4-0 de local, aparecieron muchos reclamos en el mundo V\u00edbora se confirm\u00f3 la salida del entrenador. Con [&hellip;]","og_url":"https:\/\/www.sanjuandeportes.com\/wp\/2021\/08\/03\/cristian-bove-dejo-de-ser-el-dt-de-desamparados\/","og_site_name":"San Juan Deportes","article_publisher":"https:\/\/www.facebook.com\/sanjuandeportesok","article_published_time":"2021-08-03T12:23:54+00:00","article_modified_time":"2021-08-03T23:59:19+00:00","og_image":[{"width":800,"height":457,"url":"https:\/\/www.sanjuandeportes.com\/wp\/wp-content\/uploads\/2021\/08\/file_72877_main1_800.jpg","type":"image\/jpeg"}],"author":"Pablo Pujado","twitter_card":"summary_large_image","twitter_creator":"@SanJuanDeportes","twitter_site":"@SanJuanDeportes","twitter_misc":{"Escrito por":"Pablo Pujado"},"schema":{"@context":"https:\/\/schema.org","@graph":[{"@type":"Article","@id":"https:\/\/www.sanjuandeportes.com\/wp\/2021\/08\/03\/cristian-bove-dejo-de-ser-el-dt-de-desamparados\/#article","isPartOf":{"@id":"https:\/\/www.sanjuandeportes.com\/wp\/2021\/08\/03\/cristian-bove-dejo-de-ser-el-dt-de-desamparados\/"},"author":{"name":"Pablo Pujado","@id":"https:\/\/www.sanjuandeportes.com\/wp\/#\/schema\/person\/eda4d8e62a5d42b111781e3cdfcb9c3a"},"headline":"Cristian Bove dej\u00f3 de ser el DT de Desamparados","datePublished":"2021-08-03T12:23:54+00:00","dateModified":"2021-08-03T23:59:19+00:00","mainEntityOfPage":{"@id":"https:\/\/www.sanjuandeportes.com\/wp\/2021\/08\/03\/cristian-bove-dejo-de-ser-el-dt-de-desamparados\/"},"wordCount":108,"commentCount":0,"publisher":{"@id":"https:\/\/www.sanjuandeportes.com\/wp\/#organization"},"image":{"@id":"https:\/\/www.sanjuandeportes.com\/wp\/2021\/08\/03\/cristian-bove-dejo-de-ser-el-dt-de-desamparados\/#primaryimage"},"thumbnailUrl":"https:\/\/www.sanjuandeportes.com\/wp\/wp-content\/uploads\/2021\/08\/file_72877_main1_800.jpg","articleSection":["Federal A","Futbol","San Juan"],"inLanguage":"es","potentialAction":[{"@type":"CommentAction","name":"Comment","target":["https:\/\/www.sanjuandeportes.com\/wp\/2021\/08\/03\/cristian-bove-dejo-de-ser-el-dt-de-desamparados\/#respond"]}]},{"@type":"WebPage","@id":"https:\/\/www.sanjuandeportes.com\/wp\/2021\/08\/03\/cristian-bove-dejo-de-ser-el-dt-de-desamparados\/","url":"https:\/\/www.sanjuandeportes.com\/wp\/2021\/08\/03\/cristian-bove-dejo-de-ser-el-dt-de-desamparados\/","name":"Cristian Bove dej\u00f3 de ser el DT de Desamparados - San Juan Deportes","isPartOf":{"@id":"https:\/\/www.sanjuandeportes.com\/wp\/#website"},"primaryImageOfPage":{"@id":"https:\/\/www.sanjuandeportes.com\/wp\/2021\/08\/03\/cristian-bove-dejo-de-ser-el-dt-de-desamparados\/#primaryimage"},"image":{"@id":"https:\/\/www.sanjuandeportes.com\/wp\/2021\/08\/03\/cristian-bove-dejo-de-ser-el-dt-de-desamparados\/#primaryimage"},"thumbnailUrl":"https:\/\/www.sanjuandeportes.com\/wp\/wp-content\/uploads\/2021\/08\/file_72877_main1_800.jpg","datePublished":"2021-08-03T12:23:54+00:00","dateModified":"2021-08-03T23:59:19+00:00","breadcrumb":{"@id":"https:\/\/www.sanjuandeportes.com\/wp\/2021\/08\/03\/cristian-bove-dejo-de-ser-el-dt-de-desamparados\/#breadcrumb"},"inLanguage":"es","potentialAction":[{"@type":"ReadAction","target":["https:\/\/www.sanjuandeportes.com\/wp\/2021\/08\/03\/cristian-bove-dejo-de-ser-el-dt-de-desamparados\/"]}]},{"@type":"ImageObject","inLanguage":"es","@id":"https:\/\/www.sanjuandeportes.com\/wp\/2021\/08\/03\/cristian-bove-dejo-de-ser-el-dt-de-desamparados\/#primaryimage","url":"https:\/\/www.sanjuandeportes.com\/wp\/wp-content\/uploads\/2021\/08\/file_72877_main1_800.jpg","contentUrl":"https:\/\/www.sanjuandeportes.com\/wp\/wp-content\/uploads\/2021\/08\/file_72877_main1_800.jpg","width":800,"height":457},{"@type":"BreadcrumbList","@id":"https:\/\/www.sanjuandeportes.com\/wp\/2021\/08\/03\/cristian-bove-dejo-de-ser-el-dt-de-desamparados\/#breadcrumb","itemListElement":[{"@type":"ListItem","position":1,"name":"Portada","item":"http:\/\/www.sanjuandeportes.com\/wp\/"},{"@type":"ListItem","position":2,"name":"Cristian Bove dej\u00f3 de ser el DT de Desamparados"}]},{"@type":"WebSite","@id":"https:\/\/www.sanjuandeportes.com\/wp\/#website","url":"https:\/\/www.sanjuandeportes.com\/wp\/","name":"San Juan Deportes","description":"El sitio de deportes de la provincia de San Juan","publisher":{"@id":"https:\/\/www.sanjuandeportes.com\/wp\/#organization"},"potentialAction":[{"@type":"SearchAction","target":{"@type":"EntryPoint","urlTemplate":"https:\/\/www.sanjuandeportes.com\/wp\/?s={search_term_string}"},"query-input":{"@type":"PropertyValueSpecification","valueRequired":true,"valueName":"search_term_string"}}],"inLanguage":"es"},{"@type":"Organization","@id":"https:\/\/www.sanjuandeportes.com\/wp\/#organization","name":"San Juan Deportes","url":"https:\/\/www.sanjuandeportes.com\/wp\/","logo":{"@type":"ImageObject","inLanguage":"es","@id":"https:\/\/www.sanjuandeportes.com\/wp\/#\/schema\/logo\/image\/","url":"https:\/\/www.sanjuandeportes.com\/wp\/wp-content\/uploads\/unnamed.jpg","contentUrl":"https:\/\/www.sanjuandeportes.com\/wp\/wp-content\/uploads\/unnamed.jpg","width":900,"height":900,"caption":"San Juan Deportes"},"image":{"@id":"https:\/\/www.sanjuandeportes.com\/wp\/#\/schema\/logo\/image\/"},"sameAs":["https:\/\/www.facebook.com\/sanjuandeportesok","https:\/\/x.com\/SanJuanDeportes","https:\/\/www.instagram.com\/sanjuandeportes"]},{"@type":"Person","@id":"https:\/\/www.sanjuandeportes.com\/wp\/#\/schema\/person\/eda4d8e62a5d42b111781e3cdfcb9c3a","name":"Pablo Pujado","image":{"@type":"ImageObject","inLanguage":"es","@id":"https:\/\/secure.gravatar.com\/avatar\/310b69d28112912c333408a462a9837208de951b1e7c11514781740412f648b1?s=96&d=mm&r=g","url":"https:\/\/secure.gravatar.com\/avatar\/310b69d28112912c333408a462a9837208de951b1e7c11514781740412f648b1?s=96&d=mm&r=g","contentUrl":"https:\/\/secure.gravatar.com\/avatar\/310b69d28112912c333408a462a9837208de951b1e7c11514781740412f648b1?s=96&d=mm&r=g","caption":"Pablo Pujado"},"url":"https:\/\/www.sanjuandeportes.com\/wp\/author\/pablo-pujado\/"}]}},"_links":{"self":[{"href":"https:\/\/www.sanjuandeportes.com\/wp\/wp-json\/wp\/v2\/posts\/13755","targetHints":{"allow":["GET"]}}],"collection":[{"href":"https:\/\/www.sanjuandeportes.com\/wp\/wp-json\/wp\/v2\/posts"}],"about":[{"href":"https:\/\/www.sanjuandeportes.com\/wp\/wp-json\/wp\/v2\/types\/post"}],"author":[{"embeddable":true,"href":"https:\/\/www.sanjuandeportes.com\/wp\/wp-json\/wp\/v2\/users\/5"}],"replies":[{"embeddable":true,"href":"https:\/\/www.sanjuandeportes.com\/wp\/wp-json\/wp\/v2\/comments?post=13755"}],"version-history":[{"count":1,"href":"https:\/\/www.sanjuandeportes.com\/wp\/wp-json\/wp\/v2\/posts\/13755\/revisions"}],"predecessor-version":[{"id":13757,"href":"https:\/\/www.sanjuandeportes.com\/wp\/wp-json\/wp\/v2\/posts\/13755\/revisions\/13757"}],"wp:featuredmedia":[{"embeddable":true,"href":"https:\/\/www.sanjuandeportes.com\/wp\/wp-json\/wp\/v2\/media\/13756"}],"wp:attachment":[{"href":"https:\/\/www.sanjuandeportes.com\/wp\/wp-json\/wp\/v2\/media?parent=13755"}],"wp:term":[{"taxonomy":"category","embeddable":true,"href":"https:\/\/www.sanjuandeportes.com\/wp\/wp-json\/wp\/v2\/categories?post=13755"},{"taxonomy":"post_tag","embeddable":true,"href":"https:\/\/www.sanjuandeportes.com\/wp\/wp-json\/wp\/v2\/tags?post=13755"}],"curies":[{"name":"wp","href":"https:\/\/api.w.org\/{rel}","templated":true}]}}