{"id":14432,"date":"2021-11-04T16:38:59","date_gmt":"2021-11-04T16:38:59","guid":{"rendered":"http:\/\/www.sanjuandeportes.com\/wp\/?p=14432"},"modified":"2021-11-05T15:37:52","modified_gmt":"2021-11-05T15:37:52","slug":"confirmaron-el-horario-para-penarol-vs-def-de-pronunciamiento","status":"publish","type":"post","link":"https:\/\/www.sanjuandeportes.com\/wp\/2021\/11\/04\/confirmaron-el-horario-para-penarol-vs-def-de-pronunciamiento\/","title":{"rendered":"Confirmaron el horario para Pe\u00f1arol vs Def. de Pronunciamiento"},"content":{"rendered":"\n<p class=\"wp-block-paragraph\">El cruce de Pe\u00f1arol contra Defensores de Pronunciamiento qued\u00f3 confirmado para las 16,30 del pr\u00f3ximo domingo en cancha del Bohemio, en Chimbas. Ambos equipos se jugar\u00e1n su clasificaci\u00f3n a Etapa Eliminatoria &#8211; Segunda Ronda de Argentina &#8211; Torneo Federal A 2021.<\/p>\n\n\n\n<p class=\"wp-block-paragraph\">Defensores de Pronunciamiento integr\u00f3 la Zona B, donde termin\u00f3 en la quinta posici\u00f3n con 38 unidades. En ese grupo fueron menos equipos que en la zona de los dos sanjuaninos y el Depro jug\u00f3 28 partidos, de los que gan\u00f3 10, empat\u00f3 8 y perdi\u00f3 los otros 10, registrando la misma cantidad de goles a favor que los goles que le convirtieron: 32.<\/p>\n\n\n\n<figure class=\"wp-block-image is-resized\"><img decoding=\"async\" src=\"https:\/\/pbs.twimg.com\/media\/FDSMt4QX0AIZmZg?format=jpg&amp;name=large\" alt=\"Imagen\" width=\"726\" height=\"532\"\/><\/figure>\n","protected":false},"excerpt":{"rendered":"<p>El cruce de Pe\u00f1arol contra Defensores de Pronunciamiento qued\u00f3 confirmado para las 16,30 del pr\u00f3ximo domingo en cancha del Bohemio, en Chimbas. Ambos equipos se jugar\u00e1n su clasificaci\u00f3n a Etapa Eliminatoria &#8211; Segunda Ronda de Argentina &#8211; Torneo Federal A 2021. Defensores de Pronunciamiento integr\u00f3 la Zona B, donde termin\u00f3 en la quinta posici\u00f3n con [&hellip;]<\/p>\n","protected":false},"author":5,"featured_media":14393,"comment_status":"open","ping_status":"open","sticky":false,"template":"","format":"standard","meta":{"footnotes":""},"categories":[36,24,178],"tags":[],"class_list":["post-14432","post","type-post","status-publish","format-standard","has-post-thumbnail","hentry","category-federal-a","category-futbol","category-san-juan"],"yoast_head":"<!-- This site is optimized with the Yoast SEO plugin v28.2 - https:\/\/yoast.com\/product\/yoast-seo-wordpress\/ -->\n<title>Confirmaron el horario para Pe\u00f1arol vs Def. de Pronunciamiento - San Juan Deportes<\/title>\n<meta name=\"robots\" content=\"index, follow, max-snippet:-1, max-image-preview:large, max-video-preview:-1\" \/>\n<link rel=\"canonical\" href=\"https:\/\/www.sanjuandeportes.com\/wp\/2021\/11\/04\/confirmaron-el-horario-para-penarol-vs-def-de-pronunciamiento\/\" \/>\n<meta property=\"og:locale\" content=\"es_ES\" \/>\n<meta property=\"og:type\" content=\"article\" \/>\n<meta property=\"og:title\" content=\"Confirmaron el horario para Pe\u00f1arol vs Def. de Pronunciamiento - San Juan Deportes\" \/>\n<meta property=\"og:description\" content=\"El cruce de Pe\u00f1arol contra Defensores de Pronunciamiento qued\u00f3 confirmado para las 16,30 del pr\u00f3ximo domingo en cancha del Bohemio, en Chimbas. Ambos equipos se jugar\u00e1n su clasificaci\u00f3n a Etapa Eliminatoria &#8211; Segunda Ronda de Argentina &#8211; Torneo Federal A 2021. Defensores de Pronunciamiento integr\u00f3 la Zona B, donde termin\u00f3 en la quinta posici\u00f3n con [&hellip;]\" \/>\n<meta property=\"og:url\" content=\"https:\/\/www.sanjuandeportes.com\/wp\/2021\/11\/04\/confirmaron-el-horario-para-penarol-vs-def-de-pronunciamiento\/\" \/>\n<meta property=\"og:site_name\" content=\"San Juan Deportes\" \/>\n<meta property=\"article:publisher\" content=\"https:\/\/www.facebook.com\/sanjuandeportesok\" \/>\n<meta property=\"article:published_time\" content=\"2021-11-04T16:38:59+00:00\" \/>\n<meta property=\"article:modified_time\" content=\"2021-11-05T15:37:52+00:00\" \/>\n<meta property=\"og:image\" content=\"https:\/\/www.sanjuandeportes.com\/wp\/wp-content\/uploads\/2021\/11\/FDEEi7UXMAY3khv.jpg\" \/>\n\t<meta property=\"og:image:width\" content=\"1280\" \/>\n\t<meta property=\"og:image:height\" content=\"854\" \/>\n\t<meta property=\"og:image:type\" content=\"image\/jpeg\" \/>\n<meta name=\"author\" content=\"Pablo Pujado\" \/>\n<meta name=\"twitter:card\" content=\"summary_large_image\" \/>\n<meta name=\"twitter:creator\" content=\"@SanJuanDeportes\" \/>\n<meta name=\"twitter:site\" content=\"@SanJuanDeportes\" \/>\n<meta name=\"twitter:label1\" content=\"Escrito por\" \/>\n\t<meta name=\"twitter:data1\" content=\"Pablo Pujado\" \/>\n\t<meta name=\"twitter:label2\" content=\"Tiempo de lectura\" \/>\n\t<meta name=\"twitter:data2\" content=\"1 minuto\" \/>\n<script type=\"application\/ld+json\" class=\"yoast-schema-graph\">{\"@context\":\"https:\\\/\\\/schema.org\",\"@graph\":[{\"@type\":\"Article\",\"@id\":\"https:\\\/\\\/www.sanjuandeportes.com\\\/wp\\\/2021\\\/11\\\/04\\\/confirmaron-el-horario-para-penarol-vs-def-de-pronunciamiento\\\/#article\",\"isPartOf\":{\"@id\":\"https:\\\/\\\/www.sanjuandeportes.com\\\/wp\\\/2021\\\/11\\\/04\\\/confirmaron-el-horario-para-penarol-vs-def-de-pronunciamiento\\\/\"},\"author\":{\"name\":\"Pablo Pujado\",\"@id\":\"https:\\\/\\\/www.sanjuandeportes.com\\\/wp\\\/#\\\/schema\\\/person\\\/eda4d8e62a5d42b111781e3cdfcb9c3a\"},\"headline\":\"Confirmaron el horario para Pe\u00f1arol vs Def. de Pronunciamiento\",\"datePublished\":\"2021-11-04T16:38:59+00:00\",\"dateModified\":\"2021-11-05T15:37:52+00:00\",\"mainEntityOfPage\":{\"@id\":\"https:\\\/\\\/www.sanjuandeportes.com\\\/wp\\\/2021\\\/11\\\/04\\\/confirmaron-el-horario-para-penarol-vs-def-de-pronunciamiento\\\/\"},\"wordCount\":111,\"commentCount\":0,\"publisher\":{\"@id\":\"https:\\\/\\\/www.sanjuandeportes.com\\\/wp\\\/#organization\"},\"image\":{\"@id\":\"https:\\\/\\\/www.sanjuandeportes.com\\\/wp\\\/2021\\\/11\\\/04\\\/confirmaron-el-horario-para-penarol-vs-def-de-pronunciamiento\\\/#primaryimage\"},\"thumbnailUrl\":\"https:\\\/\\\/www.sanjuandeportes.com\\\/wp\\\/wp-content\\\/uploads\\\/2021\\\/11\\\/FDEEi7UXMAY3khv.jpg\",\"articleSection\":[\"Federal A\",\"Futbol\",\"San Juan\"],\"inLanguage\":\"es\",\"potentialAction\":[{\"@type\":\"CommentAction\",\"name\":\"Comment\",\"target\":[\"https:\\\/\\\/www.sanjuandeportes.com\\\/wp\\\/2021\\\/11\\\/04\\\/confirmaron-el-horario-para-penarol-vs-def-de-pronunciamiento\\\/#respond\"]}]},{\"@type\":\"WebPage\",\"@id\":\"https:\\\/\\\/www.sanjuandeportes.com\\\/wp\\\/2021\\\/11\\\/04\\\/confirmaron-el-horario-para-penarol-vs-def-de-pronunciamiento\\\/\",\"url\":\"https:\\\/\\\/www.sanjuandeportes.com\\\/wp\\\/2021\\\/11\\\/04\\\/confirmaron-el-horario-para-penarol-vs-def-de-pronunciamiento\\\/\",\"name\":\"Confirmaron el horario para Pe\u00f1arol vs Def. de Pronunciamiento - San Juan Deportes\",\"isPartOf\":{\"@id\":\"https:\\\/\\\/www.sanjuandeportes.com\\\/wp\\\/#website\"},\"primaryImageOfPage\":{\"@id\":\"https:\\\/\\\/www.sanjuandeportes.com\\\/wp\\\/2021\\\/11\\\/04\\\/confirmaron-el-horario-para-penarol-vs-def-de-pronunciamiento\\\/#primaryimage\"},\"image\":{\"@id\":\"https:\\\/\\\/www.sanjuandeportes.com\\\/wp\\\/2021\\\/11\\\/04\\\/confirmaron-el-horario-para-penarol-vs-def-de-pronunciamiento\\\/#primaryimage\"},\"thumbnailUrl\":\"https:\\\/\\\/www.sanjuandeportes.com\\\/wp\\\/wp-content\\\/uploads\\\/2021\\\/11\\\/FDEEi7UXMAY3khv.jpg\",\"datePublished\":\"2021-11-04T16:38:59+00:00\",\"dateModified\":\"2021-11-05T15:37:52+00:00\",\"breadcrumb\":{\"@id\":\"https:\\\/\\\/www.sanjuandeportes.com\\\/wp\\\/2021\\\/11\\\/04\\\/confirmaron-el-horario-para-penarol-vs-def-de-pronunciamiento\\\/#breadcrumb\"},\"inLanguage\":\"es\",\"potentialAction\":[{\"@type\":\"ReadAction\",\"target\":[\"https:\\\/\\\/www.sanjuandeportes.com\\\/wp\\\/2021\\\/11\\\/04\\\/confirmaron-el-horario-para-penarol-vs-def-de-pronunciamiento\\\/\"]}]},{\"@type\":\"ImageObject\",\"inLanguage\":\"es\",\"@id\":\"https:\\\/\\\/www.sanjuandeportes.com\\\/wp\\\/2021\\\/11\\\/04\\\/confirmaron-el-horario-para-penarol-vs-def-de-pronunciamiento\\\/#primaryimage\",\"url\":\"https:\\\/\\\/www.sanjuandeportes.com\\\/wp\\\/wp-content\\\/uploads\\\/2021\\\/11\\\/FDEEi7UXMAY3khv.jpg\",\"contentUrl\":\"https:\\\/\\\/www.sanjuandeportes.com\\\/wp\\\/wp-content\\\/uploads\\\/2021\\\/11\\\/FDEEi7UXMAY3khv.jpg\",\"width\":1280,\"height\":854},{\"@type\":\"BreadcrumbList\",\"@id\":\"https:\\\/\\\/www.sanjuandeportes.com\\\/wp\\\/2021\\\/11\\\/04\\\/confirmaron-el-horario-para-penarol-vs-def-de-pronunciamiento\\\/#breadcrumb\",\"itemListElement\":[{\"@type\":\"ListItem\",\"position\":1,\"name\":\"Portada\",\"item\":\"http:\\\/\\\/www.sanjuandeportes.com\\\/wp\\\/\"},{\"@type\":\"ListItem\",\"position\":2,\"name\":\"Confirmaron el horario para Pe\u00f1arol vs Def. de Pronunciamiento\"}]},{\"@type\":\"WebSite\",\"@id\":\"https:\\\/\\\/www.sanjuandeportes.com\\\/wp\\\/#website\",\"url\":\"https:\\\/\\\/www.sanjuandeportes.com\\\/wp\\\/\",\"name\":\"San Juan Deportes\",\"description\":\"El sitio de deportes de la provincia de San Juan\",\"publisher\":{\"@id\":\"https:\\\/\\\/www.sanjuandeportes.com\\\/wp\\\/#organization\"},\"potentialAction\":[{\"@type\":\"SearchAction\",\"target\":{\"@type\":\"EntryPoint\",\"urlTemplate\":\"https:\\\/\\\/www.sanjuandeportes.com\\\/wp\\\/?s={search_term_string}\"},\"query-input\":{\"@type\":\"PropertyValueSpecification\",\"valueRequired\":true,\"valueName\":\"search_term_string\"}}],\"inLanguage\":\"es\"},{\"@type\":\"Organization\",\"@id\":\"https:\\\/\\\/www.sanjuandeportes.com\\\/wp\\\/#organization\",\"name\":\"San Juan Deportes\",\"url\":\"https:\\\/\\\/www.sanjuandeportes.com\\\/wp\\\/\",\"logo\":{\"@type\":\"ImageObject\",\"inLanguage\":\"es\",\"@id\":\"https:\\\/\\\/www.sanjuandeportes.com\\\/wp\\\/#\\\/schema\\\/logo\\\/image\\\/\",\"url\":\"https:\\\/\\\/www.sanjuandeportes.com\\\/wp\\\/wp-content\\\/uploads\\\/unnamed.jpg\",\"contentUrl\":\"https:\\\/\\\/www.sanjuandeportes.com\\\/wp\\\/wp-content\\\/uploads\\\/unnamed.jpg\",\"width\":900,\"height\":900,\"caption\":\"San Juan Deportes\"},\"image\":{\"@id\":\"https:\\\/\\\/www.sanjuandeportes.com\\\/wp\\\/#\\\/schema\\\/logo\\\/image\\\/\"},\"sameAs\":[\"https:\\\/\\\/www.facebook.com\\\/sanjuandeportesok\",\"https:\\\/\\\/x.com\\\/SanJuanDeportes\",\"https:\\\/\\\/www.instagram.com\\\/sanjuandeportes\"]},{\"@type\":\"Person\",\"@id\":\"https:\\\/\\\/www.sanjuandeportes.com\\\/wp\\\/#\\\/schema\\\/person\\\/eda4d8e62a5d42b111781e3cdfcb9c3a\",\"name\":\"Pablo Pujado\",\"image\":{\"@type\":\"ImageObject\",\"inLanguage\":\"es\",\"@id\":\"https:\\\/\\\/secure.gravatar.com\\\/avatar\\\/310b69d28112912c333408a462a9837208de951b1e7c11514781740412f648b1?s=96&d=mm&r=g\",\"url\":\"https:\\\/\\\/secure.gravatar.com\\\/avatar\\\/310b69d28112912c333408a462a9837208de951b1e7c11514781740412f648b1?s=96&d=mm&r=g\",\"contentUrl\":\"https:\\\/\\\/secure.gravatar.com\\\/avatar\\\/310b69d28112912c333408a462a9837208de951b1e7c11514781740412f648b1?s=96&d=mm&r=g\",\"caption\":\"Pablo Pujado\"},\"url\":\"https:\\\/\\\/www.sanjuandeportes.com\\\/wp\\\/author\\\/pablo-pujado\\\/\"}]}<\/script>\n<!-- \/ Yoast SEO plugin. -->","yoast_head_json":{"title":"Confirmaron el horario para Pe\u00f1arol vs Def. de Pronunciamiento - San Juan Deportes","robots":{"index":"index","follow":"follow","max-snippet":"max-snippet:-1","max-image-preview":"max-image-preview:large","max-video-preview":"max-video-preview:-1"},"canonical":"https:\/\/www.sanjuandeportes.com\/wp\/2021\/11\/04\/confirmaron-el-horario-para-penarol-vs-def-de-pronunciamiento\/","og_locale":"es_ES","og_type":"article","og_title":"Confirmaron el horario para Pe\u00f1arol vs Def. de Pronunciamiento - San Juan Deportes","og_description":"El cruce de Pe\u00f1arol contra Defensores de Pronunciamiento qued\u00f3 confirmado para las 16,30 del pr\u00f3ximo domingo en cancha del Bohemio, en Chimbas. Ambos equipos se jugar\u00e1n su clasificaci\u00f3n a Etapa Eliminatoria &#8211; Segunda Ronda de Argentina &#8211; Torneo Federal A 2021. Defensores de Pronunciamiento integr\u00f3 la Zona B, donde termin\u00f3 en la quinta posici\u00f3n con [&hellip;]","og_url":"https:\/\/www.sanjuandeportes.com\/wp\/2021\/11\/04\/confirmaron-el-horario-para-penarol-vs-def-de-pronunciamiento\/","og_site_name":"San Juan Deportes","article_publisher":"https:\/\/www.facebook.com\/sanjuandeportesok","article_published_time":"2021-11-04T16:38:59+00:00","article_modified_time":"2021-11-05T15:37:52+00:00","og_image":[{"width":1280,"height":854,"url":"https:\/\/www.sanjuandeportes.com\/wp\/wp-content\/uploads\/2021\/11\/FDEEi7UXMAY3khv.jpg","type":"image\/jpeg"}],"author":"Pablo Pujado","twitter_card":"summary_large_image","twitter_creator":"@SanJuanDeportes","twitter_site":"@SanJuanDeportes","twitter_misc":{"Escrito por":"Pablo Pujado","Tiempo de lectura":"1 minuto"},"schema":{"@context":"https:\/\/schema.org","@graph":[{"@type":"Article","@id":"https:\/\/www.sanjuandeportes.com\/wp\/2021\/11\/04\/confirmaron-el-horario-para-penarol-vs-def-de-pronunciamiento\/#article","isPartOf":{"@id":"https:\/\/www.sanjuandeportes.com\/wp\/2021\/11\/04\/confirmaron-el-horario-para-penarol-vs-def-de-pronunciamiento\/"},"author":{"name":"Pablo Pujado","@id":"https:\/\/www.sanjuandeportes.com\/wp\/#\/schema\/person\/eda4d8e62a5d42b111781e3cdfcb9c3a"},"headline":"Confirmaron el horario para Pe\u00f1arol vs Def. de Pronunciamiento","datePublished":"2021-11-04T16:38:59+00:00","dateModified":"2021-11-05T15:37:52+00:00","mainEntityOfPage":{"@id":"https:\/\/www.sanjuandeportes.com\/wp\/2021\/11\/04\/confirmaron-el-horario-para-penarol-vs-def-de-pronunciamiento\/"},"wordCount":111,"commentCount":0,"publisher":{"@id":"https:\/\/www.sanjuandeportes.com\/wp\/#organization"},"image":{"@id":"https:\/\/www.sanjuandeportes.com\/wp\/2021\/11\/04\/confirmaron-el-horario-para-penarol-vs-def-de-pronunciamiento\/#primaryimage"},"thumbnailUrl":"https:\/\/www.sanjuandeportes.com\/wp\/wp-content\/uploads\/2021\/11\/FDEEi7UXMAY3khv.jpg","articleSection":["Federal A","Futbol","San Juan"],"inLanguage":"es","potentialAction":[{"@type":"CommentAction","name":"Comment","target":["https:\/\/www.sanjuandeportes.com\/wp\/2021\/11\/04\/confirmaron-el-horario-para-penarol-vs-def-de-pronunciamiento\/#respond"]}]},{"@type":"WebPage","@id":"https:\/\/www.sanjuandeportes.com\/wp\/2021\/11\/04\/confirmaron-el-horario-para-penarol-vs-def-de-pronunciamiento\/","url":"https:\/\/www.sanjuandeportes.com\/wp\/2021\/11\/04\/confirmaron-el-horario-para-penarol-vs-def-de-pronunciamiento\/","name":"Confirmaron el horario para Pe\u00f1arol vs Def. de Pronunciamiento - San Juan Deportes","isPartOf":{"@id":"https:\/\/www.sanjuandeportes.com\/wp\/#website"},"primaryImageOfPage":{"@id":"https:\/\/www.sanjuandeportes.com\/wp\/2021\/11\/04\/confirmaron-el-horario-para-penarol-vs-def-de-pronunciamiento\/#primaryimage"},"image":{"@id":"https:\/\/www.sanjuandeportes.com\/wp\/2021\/11\/04\/confirmaron-el-horario-para-penarol-vs-def-de-pronunciamiento\/#primaryimage"},"thumbnailUrl":"https:\/\/www.sanjuandeportes.com\/wp\/wp-content\/uploads\/2021\/11\/FDEEi7UXMAY3khv.jpg","datePublished":"2021-11-04T16:38:59+00:00","dateModified":"2021-11-05T15:37:52+00:00","breadcrumb":{"@id":"https:\/\/www.sanjuandeportes.com\/wp\/2021\/11\/04\/confirmaron-el-horario-para-penarol-vs-def-de-pronunciamiento\/#breadcrumb"},"inLanguage":"es","potentialAction":[{"@type":"ReadAction","target":["https:\/\/www.sanjuandeportes.com\/wp\/2021\/11\/04\/confirmaron-el-horario-para-penarol-vs-def-de-pronunciamiento\/"]}]},{"@type":"ImageObject","inLanguage":"es","@id":"https:\/\/www.sanjuandeportes.com\/wp\/2021\/11\/04\/confirmaron-el-horario-para-penarol-vs-def-de-pronunciamiento\/#primaryimage","url":"https:\/\/www.sanjuandeportes.com\/wp\/wp-content\/uploads\/2021\/11\/FDEEi7UXMAY3khv.jpg","contentUrl":"https:\/\/www.sanjuandeportes.com\/wp\/wp-content\/uploads\/2021\/11\/FDEEi7UXMAY3khv.jpg","width":1280,"height":854},{"@type":"BreadcrumbList","@id":"https:\/\/www.sanjuandeportes.com\/wp\/2021\/11\/04\/confirmaron-el-horario-para-penarol-vs-def-de-pronunciamiento\/#breadcrumb","itemListElement":[{"@type":"ListItem","position":1,"name":"Portada","item":"http:\/\/www.sanjuandeportes.com\/wp\/"},{"@type":"ListItem","position":2,"name":"Confirmaron el horario para Pe\u00f1arol vs Def. de Pronunciamiento"}]},{"@type":"WebSite","@id":"https:\/\/www.sanjuandeportes.com\/wp\/#website","url":"https:\/\/www.sanjuandeportes.com\/wp\/","name":"San Juan Deportes","description":"El sitio de deportes de la provincia de San Juan","publisher":{"@id":"https:\/\/www.sanjuandeportes.com\/wp\/#organization"},"potentialAction":[{"@type":"SearchAction","target":{"@type":"EntryPoint","urlTemplate":"https:\/\/www.sanjuandeportes.com\/wp\/?s={search_term_string}"},"query-input":{"@type":"PropertyValueSpecification","valueRequired":true,"valueName":"search_term_string"}}],"inLanguage":"es"},{"@type":"Organization","@id":"https:\/\/www.sanjuandeportes.com\/wp\/#organization","name":"San Juan Deportes","url":"https:\/\/www.sanjuandeportes.com\/wp\/","logo":{"@type":"ImageObject","inLanguage":"es","@id":"https:\/\/www.sanjuandeportes.com\/wp\/#\/schema\/logo\/image\/","url":"https:\/\/www.sanjuandeportes.com\/wp\/wp-content\/uploads\/unnamed.jpg","contentUrl":"https:\/\/www.sanjuandeportes.com\/wp\/wp-content\/uploads\/unnamed.jpg","width":900,"height":900,"caption":"San Juan Deportes"},"image":{"@id":"https:\/\/www.sanjuandeportes.com\/wp\/#\/schema\/logo\/image\/"},"sameAs":["https:\/\/www.facebook.com\/sanjuandeportesok","https:\/\/x.com\/SanJuanDeportes","https:\/\/www.instagram.com\/sanjuandeportes"]},{"@type":"Person","@id":"https:\/\/www.sanjuandeportes.com\/wp\/#\/schema\/person\/eda4d8e62a5d42b111781e3cdfcb9c3a","name":"Pablo Pujado","image":{"@type":"ImageObject","inLanguage":"es","@id":"https:\/\/secure.gravatar.com\/avatar\/310b69d28112912c333408a462a9837208de951b1e7c11514781740412f648b1?s=96&d=mm&r=g","url":"https:\/\/secure.gravatar.com\/avatar\/310b69d28112912c333408a462a9837208de951b1e7c11514781740412f648b1?s=96&d=mm&r=g","contentUrl":"https:\/\/secure.gravatar.com\/avatar\/310b69d28112912c333408a462a9837208de951b1e7c11514781740412f648b1?s=96&d=mm&r=g","caption":"Pablo Pujado"},"url":"https:\/\/www.sanjuandeportes.com\/wp\/author\/pablo-pujado\/"}]}},"_links":{"self":[{"href":"https:\/\/www.sanjuandeportes.com\/wp\/wp-json\/wp\/v2\/posts\/14432","targetHints":{"allow":["GET"]}}],"collection":[{"href":"https:\/\/www.sanjuandeportes.com\/wp\/wp-json\/wp\/v2\/posts"}],"about":[{"href":"https:\/\/www.sanjuandeportes.com\/wp\/wp-json\/wp\/v2\/types\/post"}],"author":[{"embeddable":true,"href":"https:\/\/www.sanjuandeportes.com\/wp\/wp-json\/wp\/v2\/users\/5"}],"replies":[{"embeddable":true,"href":"https:\/\/www.sanjuandeportes.com\/wp\/wp-json\/wp\/v2\/comments?post=14432"}],"version-history":[{"count":1,"href":"https:\/\/www.sanjuandeportes.com\/wp\/wp-json\/wp\/v2\/posts\/14432\/revisions"}],"predecessor-version":[{"id":14433,"href":"https:\/\/www.sanjuandeportes.com\/wp\/wp-json\/wp\/v2\/posts\/14432\/revisions\/14433"}],"wp:featuredmedia":[{"embeddable":true,"href":"https:\/\/www.sanjuandeportes.com\/wp\/wp-json\/wp\/v2\/media\/14393"}],"wp:attachment":[{"href":"https:\/\/www.sanjuandeportes.com\/wp\/wp-json\/wp\/v2\/media?parent=14432"}],"wp:term":[{"taxonomy":"category","embeddable":true,"href":"https:\/\/www.sanjuandeportes.com\/wp\/wp-json\/wp\/v2\/categories?post=14432"},{"taxonomy":"post_tag","embeddable":true,"href":"https:\/\/www.sanjuandeportes.com\/wp\/wp-json\/wp\/v2\/tags?post=14432"}],"curies":[{"name":"wp","href":"https:\/\/api.w.org\/{rel}","templated":true}]}}