{"id":14997,"date":"2022-01-12T16:52:08","date_gmt":"2022-01-12T16:52:08","guid":{"rendered":"http:\/\/www.sanjuandeportes.com\/wp\/?p=14997"},"modified":"2022-01-13T17:38:24","modified_gmt":"2022-01-13T17:38:24","slug":"dos-refuerzos-mas-llegan-a-san-martin","status":"publish","type":"post","link":"https:\/\/www.sanjuandeportes.com\/wp\/2022\/01\/12\/dos-refuerzos-mas-llegan-a-san-martin\/","title":{"rendered":"Dos refuerzos m\u00e1s llegan a San Mart\u00edn"},"content":{"rendered":"\n<p class=\"wp-block-paragraph\">En las \u00faltimas horas se sumaron el volante central&nbsp;<strong>Ignacio Antonio y el mediocampista ofensivo, Sebasti\u00e1n Gonz\u00e1lez.<\/strong><\/p>\n\n\n\n<p class=\"wp-block-paragraph\">Las dos caras nuevas\u00a0<strong>ya se encuentran entrenando<\/strong>\u00a0con el resto del equipo y bajo las \u00f3rdenes de Luigi Villalba.<\/p>\n\n\n\n<figure class=\"wp-block-embed is-type-rich is-provider-twitter wp-block-embed-twitter\"><div class=\"wp-block-embed__wrapper\">\n<blockquote class=\"twitter-tweet\" data-width=\"550\" data-dnt=\"true\"><p lang=\"es\" dir=\"ltr\">F\u00fatbol Profesional | Ignacio Antonio, volante central proveniente de Instituto se sum\u00f3 al plantel profesional y ya entrena a la par de sus compa\u00f1eros. <br><br>\u00a1Bienvenido Nacho! <a href=\"https:\/\/twitter.com\/hashtag\/VamosVerdinegro?src=hash&amp;ref_src=twsrc%5Etfw\">#VamosVerdinegro<\/a> <a href=\"https:\/\/t.co\/jh0PUz21oF\">pic.twitter.com\/jh0PUz21oF<\/a><\/p>&mdash; Club Atl\u00e9tico San Mart\u00edn (@CASanMartinSJ) <a href=\"https:\/\/twitter.com\/CASanMartinSJ\/status\/1481284742427389952?ref_src=twsrc%5Etfw\">January 12, 2022<\/a><\/blockquote><script async src=\"https:\/\/platform.twitter.com\/widgets.js\" charset=\"utf-8\"><\/script>\n<\/div><\/figure>\n\n\n\n<p class=\"wp-block-paragraph\">Con estas nuevas incorporaciones,\u00a0<strong>ya son 11 las caras nuevas<\/strong>\u00a0del equipo sanjuanino. Anteriormente firmaron sus contratos, Juan Roman Pucheta, Augusto Aguirre, Mat\u00edas Escudero, Nicol\u00e1s Avellaneda, Dami\u00e1n Lemos, Jerem\u00edas Rodr\u00edguez Puch, Sebasti\u00e1n Penco, Dante \u00c1lvarez y Felipe Di Lena.<\/p>\n\n\n\n<figure class=\"wp-block-embed is-type-rich is-provider-twitter wp-block-embed-twitter\"><div class=\"wp-block-embed__wrapper\">\n<blockquote class=\"twitter-tweet\" data-width=\"550\" data-dnt=\"true\"><p lang=\"es\" dir=\"ltr\">F\u00fatbol Profesional | Sebasti\u00e1n &quot;Pulpito&quot; Gonz\u00e1lez, firm\u00f3 su v\u00ednculo con el Club y ya se encuentra a las \u00f3rdenes de Luigi Villalba.<br><br>\u00a1Bienvenido Seba!<a href=\"https:\/\/twitter.com\/hashtag\/VamosVerdinegro?src=hash&amp;ref_src=twsrc%5Etfw\">#VamosVerdinegro<\/a> <a href=\"https:\/\/t.co\/qYYPfjTJSf\">pic.twitter.com\/qYYPfjTJSf<\/a><\/p>&mdash; Club Atl\u00e9tico San Mart\u00edn (@CASanMartinSJ) <a href=\"https:\/\/twitter.com\/CASanMartinSJ\/status\/1481283807781208065?ref_src=twsrc%5Etfw\">January 12, 2022<\/a><\/blockquote><script async src=\"https:\/\/platform.twitter.com\/widgets.js\" charset=\"utf-8\"><\/script>\n<\/div><\/figure>\n","protected":false},"excerpt":{"rendered":"<p>En las \u00faltimas horas se sumaron el volante central&nbsp;Ignacio Antonio y el mediocampista ofensivo, Sebasti\u00e1n Gonz\u00e1lez. Las dos caras nuevas\u00a0ya se encuentran entrenando\u00a0con el resto del equipo y bajo las \u00f3rdenes de Luigi Villalba. Con estas nuevas incorporaciones,\u00a0ya son 11 las caras nuevas\u00a0del equipo sanjuanino. Anteriormente firmaron sus contratos, Juan Roman Pucheta, Augusto Aguirre, Mat\u00edas [&hellip;]<\/p>\n","protected":false},"author":5,"featured_media":14998,"comment_status":"open","ping_status":"open","sticky":false,"template":"","format":"standard","meta":{"footnotes":""},"categories":[24,178],"tags":[],"class_list":["post-14997","post","type-post","status-publish","format-standard","has-post-thumbnail","hentry","category-futbol","category-san-juan"],"yoast_head":"<!-- This site is optimized with the Yoast SEO plugin v28.2 - https:\/\/yoast.com\/product\/yoast-seo-wordpress\/ -->\n<title>Dos refuerzos m\u00e1s llegan a San Mart\u00edn - San Juan Deportes<\/title>\n<meta name=\"robots\" content=\"index, follow, max-snippet:-1, max-image-preview:large, max-video-preview:-1\" \/>\n<link rel=\"canonical\" href=\"http:\/\/www.sanjuandeportes.com\/wp\/2022\/01\/12\/dos-refuerzos-mas-llegan-a-san-martin\/\" \/>\n<meta property=\"og:locale\" content=\"es_ES\" \/>\n<meta property=\"og:type\" content=\"article\" \/>\n<meta property=\"og:title\" content=\"Dos refuerzos m\u00e1s llegan a San Mart\u00edn - San Juan Deportes\" \/>\n<meta property=\"og:description\" content=\"En las \u00faltimas horas se sumaron el volante central&nbsp;Ignacio Antonio y el mediocampista ofensivo, Sebasti\u00e1n Gonz\u00e1lez. Las dos caras nuevas\u00a0ya se encuentran entrenando\u00a0con el resto del equipo y bajo las \u00f3rdenes de Luigi Villalba. Con estas nuevas incorporaciones,\u00a0ya son 11 las caras nuevas\u00a0del equipo sanjuanino. Anteriormente firmaron sus contratos, Juan Roman Pucheta, Augusto Aguirre, Mat\u00edas [&hellip;]\" \/>\n<meta property=\"og:url\" content=\"http:\/\/www.sanjuandeportes.com\/wp\/2022\/01\/12\/dos-refuerzos-mas-llegan-a-san-martin\/\" \/>\n<meta property=\"og:site_name\" content=\"San Juan Deportes\" \/>\n<meta property=\"article:publisher\" content=\"https:\/\/www.facebook.com\/sanjuandeportesok\" \/>\n<meta property=\"article:published_time\" content=\"2022-01-12T16:52:08+00:00\" \/>\n<meta property=\"article:modified_time\" content=\"2022-01-13T17:38:24+00:00\" \/>\n<meta property=\"og:image\" content=\"http:\/\/www.sanjuandeportes.com\/wp\/wp-content\/uploads\/2022\/01\/Antonio-696x365-1.jpg\" \/>\n\t<meta property=\"og:image:width\" content=\"696\" \/>\n\t<meta property=\"og:image:height\" content=\"365\" \/>\n\t<meta property=\"og:image:type\" content=\"image\/jpeg\" \/>\n<meta name=\"author\" content=\"Pablo Pujado\" \/>\n<meta name=\"twitter:card\" content=\"summary_large_image\" \/>\n<meta name=\"twitter:creator\" content=\"@SanJuanDeportes\" \/>\n<meta name=\"twitter:site\" content=\"@SanJuanDeportes\" \/>\n<meta name=\"twitter:label1\" content=\"Escrito por\" \/>\n\t<meta name=\"twitter:data1\" content=\"Pablo Pujado\" \/>\n<script type=\"application\/ld+json\" class=\"yoast-schema-graph\">{\"@context\":\"https:\\\/\\\/schema.org\",\"@graph\":[{\"@type\":\"Article\",\"@id\":\"http:\\\/\\\/www.sanjuandeportes.com\\\/wp\\\/2022\\\/01\\\/12\\\/dos-refuerzos-mas-llegan-a-san-martin\\\/#article\",\"isPartOf\":{\"@id\":\"http:\\\/\\\/www.sanjuandeportes.com\\\/wp\\\/2022\\\/01\\\/12\\\/dos-refuerzos-mas-llegan-a-san-martin\\\/\"},\"author\":{\"name\":\"Pablo Pujado\",\"@id\":\"https:\\\/\\\/www.sanjuandeportes.com\\\/wp\\\/#\\\/schema\\\/person\\\/eda4d8e62a5d42b111781e3cdfcb9c3a\"},\"headline\":\"Dos refuerzos m\u00e1s llegan a San Mart\u00edn\",\"datePublished\":\"2022-01-12T16:52:08+00:00\",\"dateModified\":\"2022-01-13T17:38:24+00:00\",\"mainEntityOfPage\":{\"@id\":\"http:\\\/\\\/www.sanjuandeportes.com\\\/wp\\\/2022\\\/01\\\/12\\\/dos-refuerzos-mas-llegan-a-san-martin\\\/\"},\"wordCount\":103,\"commentCount\":0,\"publisher\":{\"@id\":\"https:\\\/\\\/www.sanjuandeportes.com\\\/wp\\\/#organization\"},\"image\":{\"@id\":\"http:\\\/\\\/www.sanjuandeportes.com\\\/wp\\\/2022\\\/01\\\/12\\\/dos-refuerzos-mas-llegan-a-san-martin\\\/#primaryimage\"},\"thumbnailUrl\":\"https:\\\/\\\/www.sanjuandeportes.com\\\/wp\\\/wp-content\\\/uploads\\\/2022\\\/01\\\/Antonio-696x365-1.jpg\",\"articleSection\":[\"Futbol\",\"San Juan\"],\"inLanguage\":\"es\",\"potentialAction\":[{\"@type\":\"CommentAction\",\"name\":\"Comment\",\"target\":[\"http:\\\/\\\/www.sanjuandeportes.com\\\/wp\\\/2022\\\/01\\\/12\\\/dos-refuerzos-mas-llegan-a-san-martin\\\/#respond\"]}]},{\"@type\":\"WebPage\",\"@id\":\"http:\\\/\\\/www.sanjuandeportes.com\\\/wp\\\/2022\\\/01\\\/12\\\/dos-refuerzos-mas-llegan-a-san-martin\\\/\",\"url\":\"http:\\\/\\\/www.sanjuandeportes.com\\\/wp\\\/2022\\\/01\\\/12\\\/dos-refuerzos-mas-llegan-a-san-martin\\\/\",\"name\":\"Dos refuerzos m\u00e1s llegan a San Mart\u00edn - San Juan Deportes\",\"isPartOf\":{\"@id\":\"https:\\\/\\\/www.sanjuandeportes.com\\\/wp\\\/#website\"},\"primaryImageOfPage\":{\"@id\":\"http:\\\/\\\/www.sanjuandeportes.com\\\/wp\\\/2022\\\/01\\\/12\\\/dos-refuerzos-mas-llegan-a-san-martin\\\/#primaryimage\"},\"image\":{\"@id\":\"http:\\\/\\\/www.sanjuandeportes.com\\\/wp\\\/2022\\\/01\\\/12\\\/dos-refuerzos-mas-llegan-a-san-martin\\\/#primaryimage\"},\"thumbnailUrl\":\"https:\\\/\\\/www.sanjuandeportes.com\\\/wp\\\/wp-content\\\/uploads\\\/2022\\\/01\\\/Antonio-696x365-1.jpg\",\"datePublished\":\"2022-01-12T16:52:08+00:00\",\"dateModified\":\"2022-01-13T17:38:24+00:00\",\"breadcrumb\":{\"@id\":\"http:\\\/\\\/www.sanjuandeportes.com\\\/wp\\\/2022\\\/01\\\/12\\\/dos-refuerzos-mas-llegan-a-san-martin\\\/#breadcrumb\"},\"inLanguage\":\"es\",\"potentialAction\":[{\"@type\":\"ReadAction\",\"target\":[\"http:\\\/\\\/www.sanjuandeportes.com\\\/wp\\\/2022\\\/01\\\/12\\\/dos-refuerzos-mas-llegan-a-san-martin\\\/\"]}]},{\"@type\":\"ImageObject\",\"inLanguage\":\"es\",\"@id\":\"http:\\\/\\\/www.sanjuandeportes.com\\\/wp\\\/2022\\\/01\\\/12\\\/dos-refuerzos-mas-llegan-a-san-martin\\\/#primaryimage\",\"url\":\"https:\\\/\\\/www.sanjuandeportes.com\\\/wp\\\/wp-content\\\/uploads\\\/2022\\\/01\\\/Antonio-696x365-1.jpg\",\"contentUrl\":\"https:\\\/\\\/www.sanjuandeportes.com\\\/wp\\\/wp-content\\\/uploads\\\/2022\\\/01\\\/Antonio-696x365-1.jpg\",\"width\":696,\"height\":365},{\"@type\":\"BreadcrumbList\",\"@id\":\"http:\\\/\\\/www.sanjuandeportes.com\\\/wp\\\/2022\\\/01\\\/12\\\/dos-refuerzos-mas-llegan-a-san-martin\\\/#breadcrumb\",\"itemListElement\":[{\"@type\":\"ListItem\",\"position\":1,\"name\":\"Portada\",\"item\":\"http:\\\/\\\/www.sanjuandeportes.com\\\/wp\\\/\"},{\"@type\":\"ListItem\",\"position\":2,\"name\":\"Dos refuerzos m\u00e1s llegan a San Mart\u00edn\"}]},{\"@type\":\"WebSite\",\"@id\":\"https:\\\/\\\/www.sanjuandeportes.com\\\/wp\\\/#website\",\"url\":\"https:\\\/\\\/www.sanjuandeportes.com\\\/wp\\\/\",\"name\":\"San Juan Deportes\",\"description\":\"El sitio de deportes de la provincia de San Juan\",\"publisher\":{\"@id\":\"https:\\\/\\\/www.sanjuandeportes.com\\\/wp\\\/#organization\"},\"potentialAction\":[{\"@type\":\"SearchAction\",\"target\":{\"@type\":\"EntryPoint\",\"urlTemplate\":\"https:\\\/\\\/www.sanjuandeportes.com\\\/wp\\\/?s={search_term_string}\"},\"query-input\":{\"@type\":\"PropertyValueSpecification\",\"valueRequired\":true,\"valueName\":\"search_term_string\"}}],\"inLanguage\":\"es\"},{\"@type\":\"Organization\",\"@id\":\"https:\\\/\\\/www.sanjuandeportes.com\\\/wp\\\/#organization\",\"name\":\"San Juan Deportes\",\"url\":\"https:\\\/\\\/www.sanjuandeportes.com\\\/wp\\\/\",\"logo\":{\"@type\":\"ImageObject\",\"inLanguage\":\"es\",\"@id\":\"https:\\\/\\\/www.sanjuandeportes.com\\\/wp\\\/#\\\/schema\\\/logo\\\/image\\\/\",\"url\":\"https:\\\/\\\/www.sanjuandeportes.com\\\/wp\\\/wp-content\\\/uploads\\\/unnamed.jpg\",\"contentUrl\":\"https:\\\/\\\/www.sanjuandeportes.com\\\/wp\\\/wp-content\\\/uploads\\\/unnamed.jpg\",\"width\":900,\"height\":900,\"caption\":\"San Juan Deportes\"},\"image\":{\"@id\":\"https:\\\/\\\/www.sanjuandeportes.com\\\/wp\\\/#\\\/schema\\\/logo\\\/image\\\/\"},\"sameAs\":[\"https:\\\/\\\/www.facebook.com\\\/sanjuandeportesok\",\"https:\\\/\\\/x.com\\\/SanJuanDeportes\",\"https:\\\/\\\/www.instagram.com\\\/sanjuandeportes\"]},{\"@type\":\"Person\",\"@id\":\"https:\\\/\\\/www.sanjuandeportes.com\\\/wp\\\/#\\\/schema\\\/person\\\/eda4d8e62a5d42b111781e3cdfcb9c3a\",\"name\":\"Pablo Pujado\",\"image\":{\"@type\":\"ImageObject\",\"inLanguage\":\"es\",\"@id\":\"https:\\\/\\\/secure.gravatar.com\\\/avatar\\\/310b69d28112912c333408a462a9837208de951b1e7c11514781740412f648b1?s=96&d=mm&r=g\",\"url\":\"https:\\\/\\\/secure.gravatar.com\\\/avatar\\\/310b69d28112912c333408a462a9837208de951b1e7c11514781740412f648b1?s=96&d=mm&r=g\",\"contentUrl\":\"https:\\\/\\\/secure.gravatar.com\\\/avatar\\\/310b69d28112912c333408a462a9837208de951b1e7c11514781740412f648b1?s=96&d=mm&r=g\",\"caption\":\"Pablo Pujado\"},\"url\":\"https:\\\/\\\/www.sanjuandeportes.com\\\/wp\\\/author\\\/pablo-pujado\\\/\"}]}<\/script>\n<!-- \/ Yoast SEO plugin. -->","yoast_head_json":{"title":"Dos refuerzos m\u00e1s llegan a San Mart\u00edn - San Juan Deportes","robots":{"index":"index","follow":"follow","max-snippet":"max-snippet:-1","max-image-preview":"max-image-preview:large","max-video-preview":"max-video-preview:-1"},"canonical":"http:\/\/www.sanjuandeportes.com\/wp\/2022\/01\/12\/dos-refuerzos-mas-llegan-a-san-martin\/","og_locale":"es_ES","og_type":"article","og_title":"Dos refuerzos m\u00e1s llegan a San Mart\u00edn - San Juan Deportes","og_description":"En las \u00faltimas horas se sumaron el volante central&nbsp;Ignacio Antonio y el mediocampista ofensivo, Sebasti\u00e1n Gonz\u00e1lez. Las dos caras nuevas\u00a0ya se encuentran entrenando\u00a0con el resto del equipo y bajo las \u00f3rdenes de Luigi Villalba. Con estas nuevas incorporaciones,\u00a0ya son 11 las caras nuevas\u00a0del equipo sanjuanino. Anteriormente firmaron sus contratos, Juan Roman Pucheta, Augusto Aguirre, Mat\u00edas [&hellip;]","og_url":"http:\/\/www.sanjuandeportes.com\/wp\/2022\/01\/12\/dos-refuerzos-mas-llegan-a-san-martin\/","og_site_name":"San Juan Deportes","article_publisher":"https:\/\/www.facebook.com\/sanjuandeportesok","article_published_time":"2022-01-12T16:52:08+00:00","article_modified_time":"2022-01-13T17:38:24+00:00","og_image":[{"width":696,"height":365,"url":"http:\/\/www.sanjuandeportes.com\/wp\/wp-content\/uploads\/2022\/01\/Antonio-696x365-1.jpg","type":"image\/jpeg"}],"author":"Pablo Pujado","twitter_card":"summary_large_image","twitter_creator":"@SanJuanDeportes","twitter_site":"@SanJuanDeportes","twitter_misc":{"Escrito por":"Pablo Pujado"},"schema":{"@context":"https:\/\/schema.org","@graph":[{"@type":"Article","@id":"http:\/\/www.sanjuandeportes.com\/wp\/2022\/01\/12\/dos-refuerzos-mas-llegan-a-san-martin\/#article","isPartOf":{"@id":"http:\/\/www.sanjuandeportes.com\/wp\/2022\/01\/12\/dos-refuerzos-mas-llegan-a-san-martin\/"},"author":{"name":"Pablo Pujado","@id":"https:\/\/www.sanjuandeportes.com\/wp\/#\/schema\/person\/eda4d8e62a5d42b111781e3cdfcb9c3a"},"headline":"Dos refuerzos m\u00e1s llegan a San Mart\u00edn","datePublished":"2022-01-12T16:52:08+00:00","dateModified":"2022-01-13T17:38:24+00:00","mainEntityOfPage":{"@id":"http:\/\/www.sanjuandeportes.com\/wp\/2022\/01\/12\/dos-refuerzos-mas-llegan-a-san-martin\/"},"wordCount":103,"commentCount":0,"publisher":{"@id":"https:\/\/www.sanjuandeportes.com\/wp\/#organization"},"image":{"@id":"http:\/\/www.sanjuandeportes.com\/wp\/2022\/01\/12\/dos-refuerzos-mas-llegan-a-san-martin\/#primaryimage"},"thumbnailUrl":"https:\/\/www.sanjuandeportes.com\/wp\/wp-content\/uploads\/2022\/01\/Antonio-696x365-1.jpg","articleSection":["Futbol","San Juan"],"inLanguage":"es","potentialAction":[{"@type":"CommentAction","name":"Comment","target":["http:\/\/www.sanjuandeportes.com\/wp\/2022\/01\/12\/dos-refuerzos-mas-llegan-a-san-martin\/#respond"]}]},{"@type":"WebPage","@id":"http:\/\/www.sanjuandeportes.com\/wp\/2022\/01\/12\/dos-refuerzos-mas-llegan-a-san-martin\/","url":"http:\/\/www.sanjuandeportes.com\/wp\/2022\/01\/12\/dos-refuerzos-mas-llegan-a-san-martin\/","name":"Dos refuerzos m\u00e1s llegan a San Mart\u00edn - San Juan Deportes","isPartOf":{"@id":"https:\/\/www.sanjuandeportes.com\/wp\/#website"},"primaryImageOfPage":{"@id":"http:\/\/www.sanjuandeportes.com\/wp\/2022\/01\/12\/dos-refuerzos-mas-llegan-a-san-martin\/#primaryimage"},"image":{"@id":"http:\/\/www.sanjuandeportes.com\/wp\/2022\/01\/12\/dos-refuerzos-mas-llegan-a-san-martin\/#primaryimage"},"thumbnailUrl":"https:\/\/www.sanjuandeportes.com\/wp\/wp-content\/uploads\/2022\/01\/Antonio-696x365-1.jpg","datePublished":"2022-01-12T16:52:08+00:00","dateModified":"2022-01-13T17:38:24+00:00","breadcrumb":{"@id":"http:\/\/www.sanjuandeportes.com\/wp\/2022\/01\/12\/dos-refuerzos-mas-llegan-a-san-martin\/#breadcrumb"},"inLanguage":"es","potentialAction":[{"@type":"ReadAction","target":["http:\/\/www.sanjuandeportes.com\/wp\/2022\/01\/12\/dos-refuerzos-mas-llegan-a-san-martin\/"]}]},{"@type":"ImageObject","inLanguage":"es","@id":"http:\/\/www.sanjuandeportes.com\/wp\/2022\/01\/12\/dos-refuerzos-mas-llegan-a-san-martin\/#primaryimage","url":"https:\/\/www.sanjuandeportes.com\/wp\/wp-content\/uploads\/2022\/01\/Antonio-696x365-1.jpg","contentUrl":"https:\/\/www.sanjuandeportes.com\/wp\/wp-content\/uploads\/2022\/01\/Antonio-696x365-1.jpg","width":696,"height":365},{"@type":"BreadcrumbList","@id":"http:\/\/www.sanjuandeportes.com\/wp\/2022\/01\/12\/dos-refuerzos-mas-llegan-a-san-martin\/#breadcrumb","itemListElement":[{"@type":"ListItem","position":1,"name":"Portada","item":"http:\/\/www.sanjuandeportes.com\/wp\/"},{"@type":"ListItem","position":2,"name":"Dos refuerzos m\u00e1s llegan a San Mart\u00edn"}]},{"@type":"WebSite","@id":"https:\/\/www.sanjuandeportes.com\/wp\/#website","url":"https:\/\/www.sanjuandeportes.com\/wp\/","name":"San Juan Deportes","description":"El sitio de deportes de la provincia de San Juan","publisher":{"@id":"https:\/\/www.sanjuandeportes.com\/wp\/#organization"},"potentialAction":[{"@type":"SearchAction","target":{"@type":"EntryPoint","urlTemplate":"https:\/\/www.sanjuandeportes.com\/wp\/?s={search_term_string}"},"query-input":{"@type":"PropertyValueSpecification","valueRequired":true,"valueName":"search_term_string"}}],"inLanguage":"es"},{"@type":"Organization","@id":"https:\/\/www.sanjuandeportes.com\/wp\/#organization","name":"San Juan Deportes","url":"https:\/\/www.sanjuandeportes.com\/wp\/","logo":{"@type":"ImageObject","inLanguage":"es","@id":"https:\/\/www.sanjuandeportes.com\/wp\/#\/schema\/logo\/image\/","url":"https:\/\/www.sanjuandeportes.com\/wp\/wp-content\/uploads\/unnamed.jpg","contentUrl":"https:\/\/www.sanjuandeportes.com\/wp\/wp-content\/uploads\/unnamed.jpg","width":900,"height":900,"caption":"San Juan Deportes"},"image":{"@id":"https:\/\/www.sanjuandeportes.com\/wp\/#\/schema\/logo\/image\/"},"sameAs":["https:\/\/www.facebook.com\/sanjuandeportesok","https:\/\/x.com\/SanJuanDeportes","https:\/\/www.instagram.com\/sanjuandeportes"]},{"@type":"Person","@id":"https:\/\/www.sanjuandeportes.com\/wp\/#\/schema\/person\/eda4d8e62a5d42b111781e3cdfcb9c3a","name":"Pablo Pujado","image":{"@type":"ImageObject","inLanguage":"es","@id":"https:\/\/secure.gravatar.com\/avatar\/310b69d28112912c333408a462a9837208de951b1e7c11514781740412f648b1?s=96&d=mm&r=g","url":"https:\/\/secure.gravatar.com\/avatar\/310b69d28112912c333408a462a9837208de951b1e7c11514781740412f648b1?s=96&d=mm&r=g","contentUrl":"https:\/\/secure.gravatar.com\/avatar\/310b69d28112912c333408a462a9837208de951b1e7c11514781740412f648b1?s=96&d=mm&r=g","caption":"Pablo Pujado"},"url":"https:\/\/www.sanjuandeportes.com\/wp\/author\/pablo-pujado\/"}]}},"_links":{"self":[{"href":"https:\/\/www.sanjuandeportes.com\/wp\/wp-json\/wp\/v2\/posts\/14997","targetHints":{"allow":["GET"]}}],"collection":[{"href":"https:\/\/www.sanjuandeportes.com\/wp\/wp-json\/wp\/v2\/posts"}],"about":[{"href":"https:\/\/www.sanjuandeportes.com\/wp\/wp-json\/wp\/v2\/types\/post"}],"author":[{"embeddable":true,"href":"https:\/\/www.sanjuandeportes.com\/wp\/wp-json\/wp\/v2\/users\/5"}],"replies":[{"embeddable":true,"href":"https:\/\/www.sanjuandeportes.com\/wp\/wp-json\/wp\/v2\/comments?post=14997"}],"version-history":[{"count":1,"href":"https:\/\/www.sanjuandeportes.com\/wp\/wp-json\/wp\/v2\/posts\/14997\/revisions"}],"predecessor-version":[{"id":14999,"href":"https:\/\/www.sanjuandeportes.com\/wp\/wp-json\/wp\/v2\/posts\/14997\/revisions\/14999"}],"wp:featuredmedia":[{"embeddable":true,"href":"https:\/\/www.sanjuandeportes.com\/wp\/wp-json\/wp\/v2\/media\/14998"}],"wp:attachment":[{"href":"https:\/\/www.sanjuandeportes.com\/wp\/wp-json\/wp\/v2\/media?parent=14997"}],"wp:term":[{"taxonomy":"category","embeddable":true,"href":"https:\/\/www.sanjuandeportes.com\/wp\/wp-json\/wp\/v2\/categories?post=14997"},{"taxonomy":"post_tag","embeddable":true,"href":"https:\/\/www.sanjuandeportes.com\/wp\/wp-json\/wp\/v2\/tags?post=14997"}],"curies":[{"name":"wp","href":"https:\/\/api.w.org\/{rel}","templated":true}]}}