{"id":15068,"date":"2022-02-03T18:13:54","date_gmt":"2022-02-03T18:13:54","guid":{"rendered":"http:\/\/www.sanjuandeportes.com\/wp\/?p=15068"},"modified":"2022-02-07T17:24:51","modified_gmt":"2022-02-07T17:24:51","slug":"alan-cantero-deja-godoy-cruz-para-jugar-en-primera-nacional","status":"publish","type":"post","link":"https:\/\/www.sanjuandeportes.com\/wp\/2022\/02\/03\/alan-cantero-deja-godoy-cruz-para-jugar-en-primera-nacional\/","title":{"rendered":"Alan Cantero deja Godoy Cruz para jugar  en Primera Nacional"},"content":{"rendered":"\n<p class=\"wp-block-paragraph\">El sanjuanino de 23 a\u00f1os se ir\u00e1 a pr\u00e9stamo hasta diciembre al Club Atl\u00e9tico Estudiantes despu\u00e9s de haber disputado 17 partidos con la camiseta de Godoy Cruz.<\/p>\n\n\n\n<p class=\"wp-block-paragraph\">Cantero ven\u00eda acumulando pocos minutos en el Expreso, pero cuando ingresaba ten\u00eda buen rendimiento. El Tomba lo cedi\u00f3 para que pueda sumar minutos en Primera Nacional.<\/p>\n\n\n\n<p class=\"wp-block-paragraph\">Era el recambio de Tom\u00e1s Badaloni, y con su partida Diego Flores tendr\u00e1 que afrontar el torneo con equipo corto, aunque llegar\u00eda como refuerzo Salom\u00f3n Rodr\u00edguez de Rentistas.<\/p>\n\n\n\n<p class=\"wp-block-paragraph\">No hay nada oficializado, pero el jugador dio a conocer la salida por una foto en sus historias de Instagram, d\u00edas despu\u00e9s de ser fichado por el Matador.<\/p>\n\n\n\n<p class=\"wp-block-paragraph\">En la primera fecha de la Liga Profesional, Godoy Cruz se enfrentar\u00e1 a Tigre el 11 de febrero en el Estadio Malvinas Argentinas. Un encuentro clave por la permanencia.<\/p>\n\n\n\n<p class=\"wp-block-paragraph\">Fuente: La P\u00e1gina Bodeguera <\/p>\n","protected":false},"excerpt":{"rendered":"<p>El sanjuanino de 23 a\u00f1os se ir\u00e1 a pr\u00e9stamo hasta diciembre al Club Atl\u00e9tico Estudiantes despu\u00e9s de haber disputado 17 partidos con la camiseta de Godoy Cruz. Cantero ven\u00eda acumulando pocos minutos en el Expreso, pero cuando ingresaba ten\u00eda buen rendimiento. El Tomba lo cedi\u00f3 para que pueda sumar minutos en Primera Nacional. Era el [&hellip;]<\/p>\n","protected":false},"author":5,"featured_media":15069,"comment_status":"open","ping_status":"open","sticky":false,"template":"","format":"standard","meta":{"footnotes":""},"categories":[24,178],"tags":[],"class_list":["post-15068","post","type-post","status-publish","format-standard","has-post-thumbnail","hentry","category-futbol","category-san-juan"],"yoast_head":"<!-- This site is optimized with the Yoast SEO plugin v28.2 - https:\/\/yoast.com\/product\/yoast-seo-wordpress\/ -->\n<title>Alan Cantero deja Godoy Cruz para jugar en Primera Nacional - San Juan Deportes<\/title>\n<meta name=\"robots\" content=\"index, follow, max-snippet:-1, max-image-preview:large, max-video-preview:-1\" \/>\n<link rel=\"canonical\" href=\"https:\/\/www.sanjuandeportes.com\/wp\/2022\/02\/03\/alan-cantero-deja-godoy-cruz-para-jugar-en-primera-nacional\/\" \/>\n<meta property=\"og:locale\" content=\"es_ES\" \/>\n<meta property=\"og:type\" content=\"article\" \/>\n<meta property=\"og:title\" content=\"Alan Cantero deja Godoy Cruz para jugar en Primera Nacional - San Juan Deportes\" \/>\n<meta property=\"og:description\" content=\"El sanjuanino de 23 a\u00f1os se ir\u00e1 a pr\u00e9stamo hasta diciembre al Club Atl\u00e9tico Estudiantes despu\u00e9s de haber disputado 17 partidos con la camiseta de Godoy Cruz. Cantero ven\u00eda acumulando pocos minutos en el Expreso, pero cuando ingresaba ten\u00eda buen rendimiento. El Tomba lo cedi\u00f3 para que pueda sumar minutos en Primera Nacional. Era el [&hellip;]\" \/>\n<meta property=\"og:url\" content=\"https:\/\/www.sanjuandeportes.com\/wp\/2022\/02\/03\/alan-cantero-deja-godoy-cruz-para-jugar-en-primera-nacional\/\" \/>\n<meta property=\"og:site_name\" content=\"San Juan Deportes\" \/>\n<meta property=\"article:publisher\" content=\"https:\/\/www.facebook.com\/sanjuandeportesok\" \/>\n<meta property=\"article:published_time\" content=\"2022-02-03T18:13:54+00:00\" \/>\n<meta property=\"article:modified_time\" content=\"2022-02-07T17:24:51+00:00\" \/>\n<meta property=\"og:image\" content=\"https:\/\/www.sanjuandeportes.com\/wp\/wp-content\/uploads\/2022\/02\/22.jpg\" \/>\n\t<meta property=\"og:image:width\" content=\"728\" \/>\n\t<meta property=\"og:image:height\" content=\"480\" \/>\n\t<meta property=\"og:image:type\" content=\"image\/jpeg\" \/>\n<meta name=\"author\" content=\"Pablo Pujado\" \/>\n<meta name=\"twitter:card\" content=\"summary_large_image\" \/>\n<meta name=\"twitter:creator\" content=\"@SanJuanDeportes\" \/>\n<meta name=\"twitter:site\" content=\"@SanJuanDeportes\" \/>\n<meta name=\"twitter:label1\" content=\"Escrito por\" \/>\n\t<meta name=\"twitter:data1\" content=\"Pablo Pujado\" \/>\n\t<meta name=\"twitter:label2\" content=\"Tiempo de lectura\" \/>\n\t<meta name=\"twitter:data2\" content=\"1 minuto\" \/>\n<script type=\"application\/ld+json\" class=\"yoast-schema-graph\">{\"@context\":\"https:\\\/\\\/schema.org\",\"@graph\":[{\"@type\":\"Article\",\"@id\":\"https:\\\/\\\/www.sanjuandeportes.com\\\/wp\\\/2022\\\/02\\\/03\\\/alan-cantero-deja-godoy-cruz-para-jugar-en-primera-nacional\\\/#article\",\"isPartOf\":{\"@id\":\"https:\\\/\\\/www.sanjuandeportes.com\\\/wp\\\/2022\\\/02\\\/03\\\/alan-cantero-deja-godoy-cruz-para-jugar-en-primera-nacional\\\/\"},\"author\":{\"name\":\"Pablo Pujado\",\"@id\":\"https:\\\/\\\/www.sanjuandeportes.com\\\/wp\\\/#\\\/schema\\\/person\\\/eda4d8e62a5d42b111781e3cdfcb9c3a\"},\"headline\":\"Alan Cantero deja Godoy Cruz para jugar en Primera Nacional\",\"datePublished\":\"2022-02-03T18:13:54+00:00\",\"dateModified\":\"2022-02-07T17:24:51+00:00\",\"mainEntityOfPage\":{\"@id\":\"https:\\\/\\\/www.sanjuandeportes.com\\\/wp\\\/2022\\\/02\\\/03\\\/alan-cantero-deja-godoy-cruz-para-jugar-en-primera-nacional\\\/\"},\"wordCount\":162,\"commentCount\":0,\"publisher\":{\"@id\":\"https:\\\/\\\/www.sanjuandeportes.com\\\/wp\\\/#organization\"},\"image\":{\"@id\":\"https:\\\/\\\/www.sanjuandeportes.com\\\/wp\\\/2022\\\/02\\\/03\\\/alan-cantero-deja-godoy-cruz-para-jugar-en-primera-nacional\\\/#primaryimage\"},\"thumbnailUrl\":\"https:\\\/\\\/www.sanjuandeportes.com\\\/wp\\\/wp-content\\\/uploads\\\/2022\\\/02\\\/22.jpg\",\"articleSection\":[\"Futbol\",\"San Juan\"],\"inLanguage\":\"es\",\"potentialAction\":[{\"@type\":\"CommentAction\",\"name\":\"Comment\",\"target\":[\"https:\\\/\\\/www.sanjuandeportes.com\\\/wp\\\/2022\\\/02\\\/03\\\/alan-cantero-deja-godoy-cruz-para-jugar-en-primera-nacional\\\/#respond\"]}]},{\"@type\":\"WebPage\",\"@id\":\"https:\\\/\\\/www.sanjuandeportes.com\\\/wp\\\/2022\\\/02\\\/03\\\/alan-cantero-deja-godoy-cruz-para-jugar-en-primera-nacional\\\/\",\"url\":\"https:\\\/\\\/www.sanjuandeportes.com\\\/wp\\\/2022\\\/02\\\/03\\\/alan-cantero-deja-godoy-cruz-para-jugar-en-primera-nacional\\\/\",\"name\":\"Alan Cantero deja Godoy Cruz para jugar en Primera Nacional - San Juan Deportes\",\"isPartOf\":{\"@id\":\"https:\\\/\\\/www.sanjuandeportes.com\\\/wp\\\/#website\"},\"primaryImageOfPage\":{\"@id\":\"https:\\\/\\\/www.sanjuandeportes.com\\\/wp\\\/2022\\\/02\\\/03\\\/alan-cantero-deja-godoy-cruz-para-jugar-en-primera-nacional\\\/#primaryimage\"},\"image\":{\"@id\":\"https:\\\/\\\/www.sanjuandeportes.com\\\/wp\\\/2022\\\/02\\\/03\\\/alan-cantero-deja-godoy-cruz-para-jugar-en-primera-nacional\\\/#primaryimage\"},\"thumbnailUrl\":\"https:\\\/\\\/www.sanjuandeportes.com\\\/wp\\\/wp-content\\\/uploads\\\/2022\\\/02\\\/22.jpg\",\"datePublished\":\"2022-02-03T18:13:54+00:00\",\"dateModified\":\"2022-02-07T17:24:51+00:00\",\"breadcrumb\":{\"@id\":\"https:\\\/\\\/www.sanjuandeportes.com\\\/wp\\\/2022\\\/02\\\/03\\\/alan-cantero-deja-godoy-cruz-para-jugar-en-primera-nacional\\\/#breadcrumb\"},\"inLanguage\":\"es\",\"potentialAction\":[{\"@type\":\"ReadAction\",\"target\":[\"https:\\\/\\\/www.sanjuandeportes.com\\\/wp\\\/2022\\\/02\\\/03\\\/alan-cantero-deja-godoy-cruz-para-jugar-en-primera-nacional\\\/\"]}]},{\"@type\":\"ImageObject\",\"inLanguage\":\"es\",\"@id\":\"https:\\\/\\\/www.sanjuandeportes.com\\\/wp\\\/2022\\\/02\\\/03\\\/alan-cantero-deja-godoy-cruz-para-jugar-en-primera-nacional\\\/#primaryimage\",\"url\":\"https:\\\/\\\/www.sanjuandeportes.com\\\/wp\\\/wp-content\\\/uploads\\\/2022\\\/02\\\/22.jpg\",\"contentUrl\":\"https:\\\/\\\/www.sanjuandeportes.com\\\/wp\\\/wp-content\\\/uploads\\\/2022\\\/02\\\/22.jpg\",\"width\":728,\"height\":480},{\"@type\":\"BreadcrumbList\",\"@id\":\"https:\\\/\\\/www.sanjuandeportes.com\\\/wp\\\/2022\\\/02\\\/03\\\/alan-cantero-deja-godoy-cruz-para-jugar-en-primera-nacional\\\/#breadcrumb\",\"itemListElement\":[{\"@type\":\"ListItem\",\"position\":1,\"name\":\"Portada\",\"item\":\"http:\\\/\\\/www.sanjuandeportes.com\\\/wp\\\/\"},{\"@type\":\"ListItem\",\"position\":2,\"name\":\"Alan Cantero deja Godoy Cruz para jugar en Primera Nacional\"}]},{\"@type\":\"WebSite\",\"@id\":\"https:\\\/\\\/www.sanjuandeportes.com\\\/wp\\\/#website\",\"url\":\"https:\\\/\\\/www.sanjuandeportes.com\\\/wp\\\/\",\"name\":\"San Juan Deportes\",\"description\":\"El sitio de deportes de la provincia de San Juan\",\"publisher\":{\"@id\":\"https:\\\/\\\/www.sanjuandeportes.com\\\/wp\\\/#organization\"},\"potentialAction\":[{\"@type\":\"SearchAction\",\"target\":{\"@type\":\"EntryPoint\",\"urlTemplate\":\"https:\\\/\\\/www.sanjuandeportes.com\\\/wp\\\/?s={search_term_string}\"},\"query-input\":{\"@type\":\"PropertyValueSpecification\",\"valueRequired\":true,\"valueName\":\"search_term_string\"}}],\"inLanguage\":\"es\"},{\"@type\":\"Organization\",\"@id\":\"https:\\\/\\\/www.sanjuandeportes.com\\\/wp\\\/#organization\",\"name\":\"San Juan Deportes\",\"url\":\"https:\\\/\\\/www.sanjuandeportes.com\\\/wp\\\/\",\"logo\":{\"@type\":\"ImageObject\",\"inLanguage\":\"es\",\"@id\":\"https:\\\/\\\/www.sanjuandeportes.com\\\/wp\\\/#\\\/schema\\\/logo\\\/image\\\/\",\"url\":\"https:\\\/\\\/www.sanjuandeportes.com\\\/wp\\\/wp-content\\\/uploads\\\/unnamed.jpg\",\"contentUrl\":\"https:\\\/\\\/www.sanjuandeportes.com\\\/wp\\\/wp-content\\\/uploads\\\/unnamed.jpg\",\"width\":900,\"height\":900,\"caption\":\"San Juan Deportes\"},\"image\":{\"@id\":\"https:\\\/\\\/www.sanjuandeportes.com\\\/wp\\\/#\\\/schema\\\/logo\\\/image\\\/\"},\"sameAs\":[\"https:\\\/\\\/www.facebook.com\\\/sanjuandeportesok\",\"https:\\\/\\\/x.com\\\/SanJuanDeportes\",\"https:\\\/\\\/www.instagram.com\\\/sanjuandeportes\"]},{\"@type\":\"Person\",\"@id\":\"https:\\\/\\\/www.sanjuandeportes.com\\\/wp\\\/#\\\/schema\\\/person\\\/eda4d8e62a5d42b111781e3cdfcb9c3a\",\"name\":\"Pablo Pujado\",\"image\":{\"@type\":\"ImageObject\",\"inLanguage\":\"es\",\"@id\":\"https:\\\/\\\/secure.gravatar.com\\\/avatar\\\/310b69d28112912c333408a462a9837208de951b1e7c11514781740412f648b1?s=96&d=mm&r=g\",\"url\":\"https:\\\/\\\/secure.gravatar.com\\\/avatar\\\/310b69d28112912c333408a462a9837208de951b1e7c11514781740412f648b1?s=96&d=mm&r=g\",\"contentUrl\":\"https:\\\/\\\/secure.gravatar.com\\\/avatar\\\/310b69d28112912c333408a462a9837208de951b1e7c11514781740412f648b1?s=96&d=mm&r=g\",\"caption\":\"Pablo Pujado\"},\"url\":\"https:\\\/\\\/www.sanjuandeportes.com\\\/wp\\\/author\\\/pablo-pujado\\\/\"}]}<\/script>\n<!-- \/ Yoast SEO plugin. -->","yoast_head_json":{"title":"Alan Cantero deja Godoy Cruz para jugar en Primera Nacional - San Juan Deportes","robots":{"index":"index","follow":"follow","max-snippet":"max-snippet:-1","max-image-preview":"max-image-preview:large","max-video-preview":"max-video-preview:-1"},"canonical":"https:\/\/www.sanjuandeportes.com\/wp\/2022\/02\/03\/alan-cantero-deja-godoy-cruz-para-jugar-en-primera-nacional\/","og_locale":"es_ES","og_type":"article","og_title":"Alan Cantero deja Godoy Cruz para jugar en Primera Nacional - San Juan Deportes","og_description":"El sanjuanino de 23 a\u00f1os se ir\u00e1 a pr\u00e9stamo hasta diciembre al Club Atl\u00e9tico Estudiantes despu\u00e9s de haber disputado 17 partidos con la camiseta de Godoy Cruz. Cantero ven\u00eda acumulando pocos minutos en el Expreso, pero cuando ingresaba ten\u00eda buen rendimiento. El Tomba lo cedi\u00f3 para que pueda sumar minutos en Primera Nacional. Era el [&hellip;]","og_url":"https:\/\/www.sanjuandeportes.com\/wp\/2022\/02\/03\/alan-cantero-deja-godoy-cruz-para-jugar-en-primera-nacional\/","og_site_name":"San Juan Deportes","article_publisher":"https:\/\/www.facebook.com\/sanjuandeportesok","article_published_time":"2022-02-03T18:13:54+00:00","article_modified_time":"2022-02-07T17:24:51+00:00","og_image":[{"width":728,"height":480,"url":"https:\/\/www.sanjuandeportes.com\/wp\/wp-content\/uploads\/2022\/02\/22.jpg","type":"image\/jpeg"}],"author":"Pablo Pujado","twitter_card":"summary_large_image","twitter_creator":"@SanJuanDeportes","twitter_site":"@SanJuanDeportes","twitter_misc":{"Escrito por":"Pablo Pujado","Tiempo de lectura":"1 minuto"},"schema":{"@context":"https:\/\/schema.org","@graph":[{"@type":"Article","@id":"https:\/\/www.sanjuandeportes.com\/wp\/2022\/02\/03\/alan-cantero-deja-godoy-cruz-para-jugar-en-primera-nacional\/#article","isPartOf":{"@id":"https:\/\/www.sanjuandeportes.com\/wp\/2022\/02\/03\/alan-cantero-deja-godoy-cruz-para-jugar-en-primera-nacional\/"},"author":{"name":"Pablo Pujado","@id":"https:\/\/www.sanjuandeportes.com\/wp\/#\/schema\/person\/eda4d8e62a5d42b111781e3cdfcb9c3a"},"headline":"Alan Cantero deja Godoy Cruz para jugar en Primera Nacional","datePublished":"2022-02-03T18:13:54+00:00","dateModified":"2022-02-07T17:24:51+00:00","mainEntityOfPage":{"@id":"https:\/\/www.sanjuandeportes.com\/wp\/2022\/02\/03\/alan-cantero-deja-godoy-cruz-para-jugar-en-primera-nacional\/"},"wordCount":162,"commentCount":0,"publisher":{"@id":"https:\/\/www.sanjuandeportes.com\/wp\/#organization"},"image":{"@id":"https:\/\/www.sanjuandeportes.com\/wp\/2022\/02\/03\/alan-cantero-deja-godoy-cruz-para-jugar-en-primera-nacional\/#primaryimage"},"thumbnailUrl":"https:\/\/www.sanjuandeportes.com\/wp\/wp-content\/uploads\/2022\/02\/22.jpg","articleSection":["Futbol","San Juan"],"inLanguage":"es","potentialAction":[{"@type":"CommentAction","name":"Comment","target":["https:\/\/www.sanjuandeportes.com\/wp\/2022\/02\/03\/alan-cantero-deja-godoy-cruz-para-jugar-en-primera-nacional\/#respond"]}]},{"@type":"WebPage","@id":"https:\/\/www.sanjuandeportes.com\/wp\/2022\/02\/03\/alan-cantero-deja-godoy-cruz-para-jugar-en-primera-nacional\/","url":"https:\/\/www.sanjuandeportes.com\/wp\/2022\/02\/03\/alan-cantero-deja-godoy-cruz-para-jugar-en-primera-nacional\/","name":"Alan Cantero deja Godoy Cruz para jugar en Primera Nacional - San Juan Deportes","isPartOf":{"@id":"https:\/\/www.sanjuandeportes.com\/wp\/#website"},"primaryImageOfPage":{"@id":"https:\/\/www.sanjuandeportes.com\/wp\/2022\/02\/03\/alan-cantero-deja-godoy-cruz-para-jugar-en-primera-nacional\/#primaryimage"},"image":{"@id":"https:\/\/www.sanjuandeportes.com\/wp\/2022\/02\/03\/alan-cantero-deja-godoy-cruz-para-jugar-en-primera-nacional\/#primaryimage"},"thumbnailUrl":"https:\/\/www.sanjuandeportes.com\/wp\/wp-content\/uploads\/2022\/02\/22.jpg","datePublished":"2022-02-03T18:13:54+00:00","dateModified":"2022-02-07T17:24:51+00:00","breadcrumb":{"@id":"https:\/\/www.sanjuandeportes.com\/wp\/2022\/02\/03\/alan-cantero-deja-godoy-cruz-para-jugar-en-primera-nacional\/#breadcrumb"},"inLanguage":"es","potentialAction":[{"@type":"ReadAction","target":["https:\/\/www.sanjuandeportes.com\/wp\/2022\/02\/03\/alan-cantero-deja-godoy-cruz-para-jugar-en-primera-nacional\/"]}]},{"@type":"ImageObject","inLanguage":"es","@id":"https:\/\/www.sanjuandeportes.com\/wp\/2022\/02\/03\/alan-cantero-deja-godoy-cruz-para-jugar-en-primera-nacional\/#primaryimage","url":"https:\/\/www.sanjuandeportes.com\/wp\/wp-content\/uploads\/2022\/02\/22.jpg","contentUrl":"https:\/\/www.sanjuandeportes.com\/wp\/wp-content\/uploads\/2022\/02\/22.jpg","width":728,"height":480},{"@type":"BreadcrumbList","@id":"https:\/\/www.sanjuandeportes.com\/wp\/2022\/02\/03\/alan-cantero-deja-godoy-cruz-para-jugar-en-primera-nacional\/#breadcrumb","itemListElement":[{"@type":"ListItem","position":1,"name":"Portada","item":"http:\/\/www.sanjuandeportes.com\/wp\/"},{"@type":"ListItem","position":2,"name":"Alan Cantero deja Godoy Cruz para jugar en Primera Nacional"}]},{"@type":"WebSite","@id":"https:\/\/www.sanjuandeportes.com\/wp\/#website","url":"https:\/\/www.sanjuandeportes.com\/wp\/","name":"San Juan Deportes","description":"El sitio de deportes de la provincia de San Juan","publisher":{"@id":"https:\/\/www.sanjuandeportes.com\/wp\/#organization"},"potentialAction":[{"@type":"SearchAction","target":{"@type":"EntryPoint","urlTemplate":"https:\/\/www.sanjuandeportes.com\/wp\/?s={search_term_string}"},"query-input":{"@type":"PropertyValueSpecification","valueRequired":true,"valueName":"search_term_string"}}],"inLanguage":"es"},{"@type":"Organization","@id":"https:\/\/www.sanjuandeportes.com\/wp\/#organization","name":"San Juan Deportes","url":"https:\/\/www.sanjuandeportes.com\/wp\/","logo":{"@type":"ImageObject","inLanguage":"es","@id":"https:\/\/www.sanjuandeportes.com\/wp\/#\/schema\/logo\/image\/","url":"https:\/\/www.sanjuandeportes.com\/wp\/wp-content\/uploads\/unnamed.jpg","contentUrl":"https:\/\/www.sanjuandeportes.com\/wp\/wp-content\/uploads\/unnamed.jpg","width":900,"height":900,"caption":"San Juan Deportes"},"image":{"@id":"https:\/\/www.sanjuandeportes.com\/wp\/#\/schema\/logo\/image\/"},"sameAs":["https:\/\/www.facebook.com\/sanjuandeportesok","https:\/\/x.com\/SanJuanDeportes","https:\/\/www.instagram.com\/sanjuandeportes"]},{"@type":"Person","@id":"https:\/\/www.sanjuandeportes.com\/wp\/#\/schema\/person\/eda4d8e62a5d42b111781e3cdfcb9c3a","name":"Pablo Pujado","image":{"@type":"ImageObject","inLanguage":"es","@id":"https:\/\/secure.gravatar.com\/avatar\/310b69d28112912c333408a462a9837208de951b1e7c11514781740412f648b1?s=96&d=mm&r=g","url":"https:\/\/secure.gravatar.com\/avatar\/310b69d28112912c333408a462a9837208de951b1e7c11514781740412f648b1?s=96&d=mm&r=g","contentUrl":"https:\/\/secure.gravatar.com\/avatar\/310b69d28112912c333408a462a9837208de951b1e7c11514781740412f648b1?s=96&d=mm&r=g","caption":"Pablo Pujado"},"url":"https:\/\/www.sanjuandeportes.com\/wp\/author\/pablo-pujado\/"}]}},"_links":{"self":[{"href":"https:\/\/www.sanjuandeportes.com\/wp\/wp-json\/wp\/v2\/posts\/15068","targetHints":{"allow":["GET"]}}],"collection":[{"href":"https:\/\/www.sanjuandeportes.com\/wp\/wp-json\/wp\/v2\/posts"}],"about":[{"href":"https:\/\/www.sanjuandeportes.com\/wp\/wp-json\/wp\/v2\/types\/post"}],"author":[{"embeddable":true,"href":"https:\/\/www.sanjuandeportes.com\/wp\/wp-json\/wp\/v2\/users\/5"}],"replies":[{"embeddable":true,"href":"https:\/\/www.sanjuandeportes.com\/wp\/wp-json\/wp\/v2\/comments?post=15068"}],"version-history":[{"count":2,"href":"https:\/\/www.sanjuandeportes.com\/wp\/wp-json\/wp\/v2\/posts\/15068\/revisions"}],"predecessor-version":[{"id":15071,"href":"https:\/\/www.sanjuandeportes.com\/wp\/wp-json\/wp\/v2\/posts\/15068\/revisions\/15071"}],"wp:featuredmedia":[{"embeddable":true,"href":"https:\/\/www.sanjuandeportes.com\/wp\/wp-json\/wp\/v2\/media\/15069"}],"wp:attachment":[{"href":"https:\/\/www.sanjuandeportes.com\/wp\/wp-json\/wp\/v2\/media?parent=15068"}],"wp:term":[{"taxonomy":"category","embeddable":true,"href":"https:\/\/www.sanjuandeportes.com\/wp\/wp-json\/wp\/v2\/categories?post=15068"},{"taxonomy":"post_tag","embeddable":true,"href":"https:\/\/www.sanjuandeportes.com\/wp\/wp-json\/wp\/v2\/tags?post=15068"}],"curies":[{"name":"wp","href":"https:\/\/api.w.org\/{rel}","templated":true}]}}