{"id":15124,"date":"2022-02-10T17:00:45","date_gmt":"2022-02-10T17:00:45","guid":{"rendered":"http:\/\/www.sanjuandeportes.com\/wp\/?p=15124"},"modified":"2022-02-11T17:47:59","modified_gmt":"2022-02-11T17:47:59","slug":"presentaron-la-vuelta-master-san-juan-2022","status":"publish","type":"post","link":"https:\/\/www.sanjuandeportes.com\/wp\/2022\/02\/10\/presentaron-la-vuelta-master-san-juan-2022\/","title":{"rendered":"Presentaron la Vuelta Master San Juan 2022"},"content":{"rendered":"\n<p class=\"wp-block-paragraph\">El gobernador de San Juan, Sergio U\u00f1ac, presidi\u00f3 en la tarde de este mi\u00e9rcoles el acto de presentaci\u00f3n de la Vuelta Master San Juan 2022, en un acto que se desarroll\u00f3 en las instalaciones del Complejo La Superiora en Rawson.<\/p>\n\n\n\n<p class=\"wp-block-paragraph\">Estuvieron presentes adem\u00e1s el secretario de Deportes, Jorge Chica; el intendente de Rawson, Rub\u00e9n Garc\u00eda; el defensor del Pueblo, Pablo Garc\u00eda Nieto; el presidente del ente organizador, la Agrupaci\u00f3n Provincial de Ciclismo, Antonio Carri\u00f3n; dem\u00e1s funcionarios municipales y ciclistas.<\/p>\n\n\n\n<p class=\"wp-block-paragraph\">U\u00f1ac se refiri\u00f3 a la importante convocatoria de la prueba cicl\u00edstica, detall\u00f3 que habr\u00e1 m\u00e1s de 20 provincias representadas a trav\u00e9s de sus ciclistas y destac\u00f3 la organizaci\u00f3n de la competencia.<\/p>\n\n\n\n<p class=\"wp-block-paragraph\">El gobernador expres\u00f3 seguidamente su deseo de que el a\u00f1o pr\u00f3ximo las competencias como la Vuelta Internacional a San Juan o la Vuelta Master, entre otras, puedan desarrollarse en absoluta normalidad en cuanto a lo sanitario, lo que permitir\u00e1 una mayor presencia de espectadores: \u00abQue volvamos a ese nombre tradicional de la Vuelta Internacional a San Juan pensando que la capital del ciclismo en el pa\u00eds. La capital del deporte en el pa\u00eds es la provincia de San Juan\u00bb.<\/p>\n\n\n\n<p class=\"wp-block-paragraph\">En ese sentido, el mandatario asegur\u00f3 que en ese contexto los ojos del pa\u00eds se posan en la provincia de San Juan con el desarrollo de eventos que cuentan con dos ejes importantes, como el deporte y la cultura.<\/p>\n\n\n\n<p class=\"wp-block-paragraph\">Por su parte, el secretario Chica remarc\u00f3 la importante cantidad de delegaciones participantes, llegadas desde todos los puntos del pa\u00eds: \u00abSan Juan sigue sembrando esa semilla de la potencialidad del ciclismo del pa\u00eds\u00bb, afirm\u00f3.<\/p>\n\n\n\n<p class=\"wp-block-paragraph\">El funcionario provincial detall\u00f3 que todas la carreras van a concluir en el Circuito San Juan Villicum, lo que facilitar\u00e1 la organizaci\u00f3n y la aplicaci\u00f3n de estrictos protocolos sanitarios.<\/p>\n\n\n\n<p class=\"wp-block-paragraph\">A su turno, el intendente Garc\u00eda consider\u00f3 que \u201cpara los rawsinos es un orgullo estar presentando esta competencia en el estadio La Superiora, que hoy se convirti\u00f3 en un centro deportivo y cultural\u201d.<\/p>\n\n\n\n<p class=\"wp-block-paragraph\">\u00abRawson tiene la pasi\u00f3n del ciclismo en la sangre. Gracias por estar ac\u00e1 y les deseamos el mayor de los \u00e9xitos y la mejor estad\u00eda en la provincia de San Juan\u201d, agreg\u00f3 dirigi\u00e9ndose a los competidores.<\/p>\n\n\n\n<p class=\"wp-block-paragraph\">Carri\u00f3n, en su alocuci\u00f3n puso de relieve la excelente convocatoria de la prueba, se\u00f1alando que que las inscripciones comenzaron el 15 de diciembre y a los 20 d\u00edas se hab\u00eda completado el cupo.<\/p>\n","protected":false},"excerpt":{"rendered":"<p>El gobernador de San Juan, Sergio U\u00f1ac, presidi\u00f3 en la tarde de este mi\u00e9rcoles el acto de presentaci\u00f3n de la Vuelta Master San Juan 2022, en un acto que se desarroll\u00f3 en las instalaciones del Complejo La Superiora en Rawson. Estuvieron presentes adem\u00e1s el secretario de Deportes, Jorge Chica; el intendente de Rawson, Rub\u00e9n Garc\u00eda; [&hellip;]<\/p>\n","protected":false},"author":5,"featured_media":15125,"comment_status":"open","ping_status":"open","sticky":false,"template":"","format":"standard","meta":{"footnotes":""},"categories":[23,178],"tags":[],"class_list":["post-15124","post","type-post","status-publish","format-standard","has-post-thumbnail","hentry","category-ciclismo","category-san-juan"],"yoast_head":"<!-- This site is optimized with the Yoast SEO plugin v28.2 - https:\/\/yoast.com\/product\/yoast-seo-wordpress\/ -->\n<title>Presentaron la Vuelta Master San Juan 2022 - San Juan Deportes<\/title>\n<meta name=\"robots\" content=\"index, follow, max-snippet:-1, max-image-preview:large, max-video-preview:-1\" \/>\n<link rel=\"canonical\" href=\"https:\/\/www.sanjuandeportes.com\/wp\/2022\/02\/10\/presentaron-la-vuelta-master-san-juan-2022\/\" \/>\n<meta property=\"og:locale\" content=\"es_ES\" \/>\n<meta property=\"og:type\" content=\"article\" \/>\n<meta property=\"og:title\" content=\"Presentaron la Vuelta Master San Juan 2022 - San Juan Deportes\" \/>\n<meta property=\"og:description\" content=\"El gobernador de San Juan, Sergio U\u00f1ac, presidi\u00f3 en la tarde de este mi\u00e9rcoles el acto de presentaci\u00f3n de la Vuelta Master San Juan 2022, en un acto que se desarroll\u00f3 en las instalaciones del Complejo La Superiora en Rawson. Estuvieron presentes adem\u00e1s el secretario de Deportes, Jorge Chica; el intendente de Rawson, Rub\u00e9n Garc\u00eda; [&hellip;]\" \/>\n<meta property=\"og:url\" content=\"https:\/\/www.sanjuandeportes.com\/wp\/2022\/02\/10\/presentaron-la-vuelta-master-san-juan-2022\/\" \/>\n<meta property=\"og:site_name\" content=\"San Juan Deportes\" \/>\n<meta property=\"article:publisher\" content=\"https:\/\/www.facebook.com\/sanjuandeportesok\" \/>\n<meta property=\"article:published_time\" content=\"2022-02-10T17:00:45+00:00\" \/>\n<meta property=\"article:modified_time\" content=\"2022-02-11T17:47:59+00:00\" \/>\n<meta property=\"og:image\" content=\"https:\/\/www.sanjuandeportes.com\/wp\/wp-content\/uploads\/2022\/02\/51871628247_77fa04e654_b.jpg\" \/>\n\t<meta property=\"og:image:width\" content=\"1024\" \/>\n\t<meta property=\"og:image:height\" content=\"683\" \/>\n\t<meta property=\"og:image:type\" content=\"image\/jpeg\" \/>\n<meta name=\"author\" content=\"Pablo Pujado\" \/>\n<meta name=\"twitter:card\" content=\"summary_large_image\" \/>\n<meta name=\"twitter:creator\" content=\"@SanJuanDeportes\" \/>\n<meta name=\"twitter:site\" content=\"@SanJuanDeportes\" \/>\n<meta name=\"twitter:label1\" content=\"Escrito por\" \/>\n\t<meta name=\"twitter:data1\" content=\"Pablo Pujado\" \/>\n\t<meta name=\"twitter:label2\" content=\"Tiempo de lectura\" \/>\n\t<meta name=\"twitter:data2\" content=\"2 minutos\" \/>\n<script type=\"application\/ld+json\" class=\"yoast-schema-graph\">{\"@context\":\"https:\\\/\\\/schema.org\",\"@graph\":[{\"@type\":\"Article\",\"@id\":\"https:\\\/\\\/www.sanjuandeportes.com\\\/wp\\\/2022\\\/02\\\/10\\\/presentaron-la-vuelta-master-san-juan-2022\\\/#article\",\"isPartOf\":{\"@id\":\"https:\\\/\\\/www.sanjuandeportes.com\\\/wp\\\/2022\\\/02\\\/10\\\/presentaron-la-vuelta-master-san-juan-2022\\\/\"},\"author\":{\"name\":\"Pablo Pujado\",\"@id\":\"https:\\\/\\\/www.sanjuandeportes.com\\\/wp\\\/#\\\/schema\\\/person\\\/eda4d8e62a5d42b111781e3cdfcb9c3a\"},\"headline\":\"Presentaron la Vuelta Master San Juan 2022\",\"datePublished\":\"2022-02-10T17:00:45+00:00\",\"dateModified\":\"2022-02-11T17:47:59+00:00\",\"mainEntityOfPage\":{\"@id\":\"https:\\\/\\\/www.sanjuandeportes.com\\\/wp\\\/2022\\\/02\\\/10\\\/presentaron-la-vuelta-master-san-juan-2022\\\/\"},\"wordCount\":428,\"commentCount\":0,\"publisher\":{\"@id\":\"https:\\\/\\\/www.sanjuandeportes.com\\\/wp\\\/#organization\"},\"image\":{\"@id\":\"https:\\\/\\\/www.sanjuandeportes.com\\\/wp\\\/2022\\\/02\\\/10\\\/presentaron-la-vuelta-master-san-juan-2022\\\/#primaryimage\"},\"thumbnailUrl\":\"https:\\\/\\\/www.sanjuandeportes.com\\\/wp\\\/wp-content\\\/uploads\\\/2022\\\/02\\\/51871628247_77fa04e654_b.jpg\",\"articleSection\":[\"Ciclismo\",\"San Juan\"],\"inLanguage\":\"es\",\"potentialAction\":[{\"@type\":\"CommentAction\",\"name\":\"Comment\",\"target\":[\"https:\\\/\\\/www.sanjuandeportes.com\\\/wp\\\/2022\\\/02\\\/10\\\/presentaron-la-vuelta-master-san-juan-2022\\\/#respond\"]}]},{\"@type\":\"WebPage\",\"@id\":\"https:\\\/\\\/www.sanjuandeportes.com\\\/wp\\\/2022\\\/02\\\/10\\\/presentaron-la-vuelta-master-san-juan-2022\\\/\",\"url\":\"https:\\\/\\\/www.sanjuandeportes.com\\\/wp\\\/2022\\\/02\\\/10\\\/presentaron-la-vuelta-master-san-juan-2022\\\/\",\"name\":\"Presentaron la Vuelta Master San Juan 2022 - San Juan Deportes\",\"isPartOf\":{\"@id\":\"https:\\\/\\\/www.sanjuandeportes.com\\\/wp\\\/#website\"},\"primaryImageOfPage\":{\"@id\":\"https:\\\/\\\/www.sanjuandeportes.com\\\/wp\\\/2022\\\/02\\\/10\\\/presentaron-la-vuelta-master-san-juan-2022\\\/#primaryimage\"},\"image\":{\"@id\":\"https:\\\/\\\/www.sanjuandeportes.com\\\/wp\\\/2022\\\/02\\\/10\\\/presentaron-la-vuelta-master-san-juan-2022\\\/#primaryimage\"},\"thumbnailUrl\":\"https:\\\/\\\/www.sanjuandeportes.com\\\/wp\\\/wp-content\\\/uploads\\\/2022\\\/02\\\/51871628247_77fa04e654_b.jpg\",\"datePublished\":\"2022-02-10T17:00:45+00:00\",\"dateModified\":\"2022-02-11T17:47:59+00:00\",\"breadcrumb\":{\"@id\":\"https:\\\/\\\/www.sanjuandeportes.com\\\/wp\\\/2022\\\/02\\\/10\\\/presentaron-la-vuelta-master-san-juan-2022\\\/#breadcrumb\"},\"inLanguage\":\"es\",\"potentialAction\":[{\"@type\":\"ReadAction\",\"target\":[\"https:\\\/\\\/www.sanjuandeportes.com\\\/wp\\\/2022\\\/02\\\/10\\\/presentaron-la-vuelta-master-san-juan-2022\\\/\"]}]},{\"@type\":\"ImageObject\",\"inLanguage\":\"es\",\"@id\":\"https:\\\/\\\/www.sanjuandeportes.com\\\/wp\\\/2022\\\/02\\\/10\\\/presentaron-la-vuelta-master-san-juan-2022\\\/#primaryimage\",\"url\":\"https:\\\/\\\/www.sanjuandeportes.com\\\/wp\\\/wp-content\\\/uploads\\\/2022\\\/02\\\/51871628247_77fa04e654_b.jpg\",\"contentUrl\":\"https:\\\/\\\/www.sanjuandeportes.com\\\/wp\\\/wp-content\\\/uploads\\\/2022\\\/02\\\/51871628247_77fa04e654_b.jpg\",\"width\":1024,\"height\":683},{\"@type\":\"BreadcrumbList\",\"@id\":\"https:\\\/\\\/www.sanjuandeportes.com\\\/wp\\\/2022\\\/02\\\/10\\\/presentaron-la-vuelta-master-san-juan-2022\\\/#breadcrumb\",\"itemListElement\":[{\"@type\":\"ListItem\",\"position\":1,\"name\":\"Portada\",\"item\":\"http:\\\/\\\/www.sanjuandeportes.com\\\/wp\\\/\"},{\"@type\":\"ListItem\",\"position\":2,\"name\":\"Presentaron la Vuelta Master San Juan 2022\"}]},{\"@type\":\"WebSite\",\"@id\":\"https:\\\/\\\/www.sanjuandeportes.com\\\/wp\\\/#website\",\"url\":\"https:\\\/\\\/www.sanjuandeportes.com\\\/wp\\\/\",\"name\":\"San Juan Deportes\",\"description\":\"El sitio de deportes de la provincia de San Juan\",\"publisher\":{\"@id\":\"https:\\\/\\\/www.sanjuandeportes.com\\\/wp\\\/#organization\"},\"potentialAction\":[{\"@type\":\"SearchAction\",\"target\":{\"@type\":\"EntryPoint\",\"urlTemplate\":\"https:\\\/\\\/www.sanjuandeportes.com\\\/wp\\\/?s={search_term_string}\"},\"query-input\":{\"@type\":\"PropertyValueSpecification\",\"valueRequired\":true,\"valueName\":\"search_term_string\"}}],\"inLanguage\":\"es\"},{\"@type\":\"Organization\",\"@id\":\"https:\\\/\\\/www.sanjuandeportes.com\\\/wp\\\/#organization\",\"name\":\"San Juan Deportes\",\"url\":\"https:\\\/\\\/www.sanjuandeportes.com\\\/wp\\\/\",\"logo\":{\"@type\":\"ImageObject\",\"inLanguage\":\"es\",\"@id\":\"https:\\\/\\\/www.sanjuandeportes.com\\\/wp\\\/#\\\/schema\\\/logo\\\/image\\\/\",\"url\":\"https:\\\/\\\/www.sanjuandeportes.com\\\/wp\\\/wp-content\\\/uploads\\\/unnamed.jpg\",\"contentUrl\":\"https:\\\/\\\/www.sanjuandeportes.com\\\/wp\\\/wp-content\\\/uploads\\\/unnamed.jpg\",\"width\":900,\"height\":900,\"caption\":\"San Juan Deportes\"},\"image\":{\"@id\":\"https:\\\/\\\/www.sanjuandeportes.com\\\/wp\\\/#\\\/schema\\\/logo\\\/image\\\/\"},\"sameAs\":[\"https:\\\/\\\/www.facebook.com\\\/sanjuandeportesok\",\"https:\\\/\\\/x.com\\\/SanJuanDeportes\",\"https:\\\/\\\/www.instagram.com\\\/sanjuandeportes\"]},{\"@type\":\"Person\",\"@id\":\"https:\\\/\\\/www.sanjuandeportes.com\\\/wp\\\/#\\\/schema\\\/person\\\/eda4d8e62a5d42b111781e3cdfcb9c3a\",\"name\":\"Pablo Pujado\",\"image\":{\"@type\":\"ImageObject\",\"inLanguage\":\"es\",\"@id\":\"https:\\\/\\\/secure.gravatar.com\\\/avatar\\\/310b69d28112912c333408a462a9837208de951b1e7c11514781740412f648b1?s=96&d=mm&r=g\",\"url\":\"https:\\\/\\\/secure.gravatar.com\\\/avatar\\\/310b69d28112912c333408a462a9837208de951b1e7c11514781740412f648b1?s=96&d=mm&r=g\",\"contentUrl\":\"https:\\\/\\\/secure.gravatar.com\\\/avatar\\\/310b69d28112912c333408a462a9837208de951b1e7c11514781740412f648b1?s=96&d=mm&r=g\",\"caption\":\"Pablo Pujado\"},\"url\":\"https:\\\/\\\/www.sanjuandeportes.com\\\/wp\\\/author\\\/pablo-pujado\\\/\"}]}<\/script>\n<!-- \/ Yoast SEO plugin. -->","yoast_head_json":{"title":"Presentaron la Vuelta Master San Juan 2022 - San Juan Deportes","robots":{"index":"index","follow":"follow","max-snippet":"max-snippet:-1","max-image-preview":"max-image-preview:large","max-video-preview":"max-video-preview:-1"},"canonical":"https:\/\/www.sanjuandeportes.com\/wp\/2022\/02\/10\/presentaron-la-vuelta-master-san-juan-2022\/","og_locale":"es_ES","og_type":"article","og_title":"Presentaron la Vuelta Master San Juan 2022 - San Juan Deportes","og_description":"El gobernador de San Juan, Sergio U\u00f1ac, presidi\u00f3 en la tarde de este mi\u00e9rcoles el acto de presentaci\u00f3n de la Vuelta Master San Juan 2022, en un acto que se desarroll\u00f3 en las instalaciones del Complejo La Superiora en Rawson. Estuvieron presentes adem\u00e1s el secretario de Deportes, Jorge Chica; el intendente de Rawson, Rub\u00e9n Garc\u00eda; [&hellip;]","og_url":"https:\/\/www.sanjuandeportes.com\/wp\/2022\/02\/10\/presentaron-la-vuelta-master-san-juan-2022\/","og_site_name":"San Juan Deportes","article_publisher":"https:\/\/www.facebook.com\/sanjuandeportesok","article_published_time":"2022-02-10T17:00:45+00:00","article_modified_time":"2022-02-11T17:47:59+00:00","og_image":[{"width":1024,"height":683,"url":"https:\/\/www.sanjuandeportes.com\/wp\/wp-content\/uploads\/2022\/02\/51871628247_77fa04e654_b.jpg","type":"image\/jpeg"}],"author":"Pablo Pujado","twitter_card":"summary_large_image","twitter_creator":"@SanJuanDeportes","twitter_site":"@SanJuanDeportes","twitter_misc":{"Escrito por":"Pablo Pujado","Tiempo de lectura":"2 minutos"},"schema":{"@context":"https:\/\/schema.org","@graph":[{"@type":"Article","@id":"https:\/\/www.sanjuandeportes.com\/wp\/2022\/02\/10\/presentaron-la-vuelta-master-san-juan-2022\/#article","isPartOf":{"@id":"https:\/\/www.sanjuandeportes.com\/wp\/2022\/02\/10\/presentaron-la-vuelta-master-san-juan-2022\/"},"author":{"name":"Pablo Pujado","@id":"https:\/\/www.sanjuandeportes.com\/wp\/#\/schema\/person\/eda4d8e62a5d42b111781e3cdfcb9c3a"},"headline":"Presentaron la Vuelta Master San Juan 2022","datePublished":"2022-02-10T17:00:45+00:00","dateModified":"2022-02-11T17:47:59+00:00","mainEntityOfPage":{"@id":"https:\/\/www.sanjuandeportes.com\/wp\/2022\/02\/10\/presentaron-la-vuelta-master-san-juan-2022\/"},"wordCount":428,"commentCount":0,"publisher":{"@id":"https:\/\/www.sanjuandeportes.com\/wp\/#organization"},"image":{"@id":"https:\/\/www.sanjuandeportes.com\/wp\/2022\/02\/10\/presentaron-la-vuelta-master-san-juan-2022\/#primaryimage"},"thumbnailUrl":"https:\/\/www.sanjuandeportes.com\/wp\/wp-content\/uploads\/2022\/02\/51871628247_77fa04e654_b.jpg","articleSection":["Ciclismo","San Juan"],"inLanguage":"es","potentialAction":[{"@type":"CommentAction","name":"Comment","target":["https:\/\/www.sanjuandeportes.com\/wp\/2022\/02\/10\/presentaron-la-vuelta-master-san-juan-2022\/#respond"]}]},{"@type":"WebPage","@id":"https:\/\/www.sanjuandeportes.com\/wp\/2022\/02\/10\/presentaron-la-vuelta-master-san-juan-2022\/","url":"https:\/\/www.sanjuandeportes.com\/wp\/2022\/02\/10\/presentaron-la-vuelta-master-san-juan-2022\/","name":"Presentaron la Vuelta Master San Juan 2022 - San Juan Deportes","isPartOf":{"@id":"https:\/\/www.sanjuandeportes.com\/wp\/#website"},"primaryImageOfPage":{"@id":"https:\/\/www.sanjuandeportes.com\/wp\/2022\/02\/10\/presentaron-la-vuelta-master-san-juan-2022\/#primaryimage"},"image":{"@id":"https:\/\/www.sanjuandeportes.com\/wp\/2022\/02\/10\/presentaron-la-vuelta-master-san-juan-2022\/#primaryimage"},"thumbnailUrl":"https:\/\/www.sanjuandeportes.com\/wp\/wp-content\/uploads\/2022\/02\/51871628247_77fa04e654_b.jpg","datePublished":"2022-02-10T17:00:45+00:00","dateModified":"2022-02-11T17:47:59+00:00","breadcrumb":{"@id":"https:\/\/www.sanjuandeportes.com\/wp\/2022\/02\/10\/presentaron-la-vuelta-master-san-juan-2022\/#breadcrumb"},"inLanguage":"es","potentialAction":[{"@type":"ReadAction","target":["https:\/\/www.sanjuandeportes.com\/wp\/2022\/02\/10\/presentaron-la-vuelta-master-san-juan-2022\/"]}]},{"@type":"ImageObject","inLanguage":"es","@id":"https:\/\/www.sanjuandeportes.com\/wp\/2022\/02\/10\/presentaron-la-vuelta-master-san-juan-2022\/#primaryimage","url":"https:\/\/www.sanjuandeportes.com\/wp\/wp-content\/uploads\/2022\/02\/51871628247_77fa04e654_b.jpg","contentUrl":"https:\/\/www.sanjuandeportes.com\/wp\/wp-content\/uploads\/2022\/02\/51871628247_77fa04e654_b.jpg","width":1024,"height":683},{"@type":"BreadcrumbList","@id":"https:\/\/www.sanjuandeportes.com\/wp\/2022\/02\/10\/presentaron-la-vuelta-master-san-juan-2022\/#breadcrumb","itemListElement":[{"@type":"ListItem","position":1,"name":"Portada","item":"http:\/\/www.sanjuandeportes.com\/wp\/"},{"@type":"ListItem","position":2,"name":"Presentaron la Vuelta Master San Juan 2022"}]},{"@type":"WebSite","@id":"https:\/\/www.sanjuandeportes.com\/wp\/#website","url":"https:\/\/www.sanjuandeportes.com\/wp\/","name":"San Juan Deportes","description":"El sitio de deportes de la provincia de San Juan","publisher":{"@id":"https:\/\/www.sanjuandeportes.com\/wp\/#organization"},"potentialAction":[{"@type":"SearchAction","target":{"@type":"EntryPoint","urlTemplate":"https:\/\/www.sanjuandeportes.com\/wp\/?s={search_term_string}"},"query-input":{"@type":"PropertyValueSpecification","valueRequired":true,"valueName":"search_term_string"}}],"inLanguage":"es"},{"@type":"Organization","@id":"https:\/\/www.sanjuandeportes.com\/wp\/#organization","name":"San Juan Deportes","url":"https:\/\/www.sanjuandeportes.com\/wp\/","logo":{"@type":"ImageObject","inLanguage":"es","@id":"https:\/\/www.sanjuandeportes.com\/wp\/#\/schema\/logo\/image\/","url":"https:\/\/www.sanjuandeportes.com\/wp\/wp-content\/uploads\/unnamed.jpg","contentUrl":"https:\/\/www.sanjuandeportes.com\/wp\/wp-content\/uploads\/unnamed.jpg","width":900,"height":900,"caption":"San Juan Deportes"},"image":{"@id":"https:\/\/www.sanjuandeportes.com\/wp\/#\/schema\/logo\/image\/"},"sameAs":["https:\/\/www.facebook.com\/sanjuandeportesok","https:\/\/x.com\/SanJuanDeportes","https:\/\/www.instagram.com\/sanjuandeportes"]},{"@type":"Person","@id":"https:\/\/www.sanjuandeportes.com\/wp\/#\/schema\/person\/eda4d8e62a5d42b111781e3cdfcb9c3a","name":"Pablo Pujado","image":{"@type":"ImageObject","inLanguage":"es","@id":"https:\/\/secure.gravatar.com\/avatar\/310b69d28112912c333408a462a9837208de951b1e7c11514781740412f648b1?s=96&d=mm&r=g","url":"https:\/\/secure.gravatar.com\/avatar\/310b69d28112912c333408a462a9837208de951b1e7c11514781740412f648b1?s=96&d=mm&r=g","contentUrl":"https:\/\/secure.gravatar.com\/avatar\/310b69d28112912c333408a462a9837208de951b1e7c11514781740412f648b1?s=96&d=mm&r=g","caption":"Pablo Pujado"},"url":"https:\/\/www.sanjuandeportes.com\/wp\/author\/pablo-pujado\/"}]}},"_links":{"self":[{"href":"https:\/\/www.sanjuandeportes.com\/wp\/wp-json\/wp\/v2\/posts\/15124","targetHints":{"allow":["GET"]}}],"collection":[{"href":"https:\/\/www.sanjuandeportes.com\/wp\/wp-json\/wp\/v2\/posts"}],"about":[{"href":"https:\/\/www.sanjuandeportes.com\/wp\/wp-json\/wp\/v2\/types\/post"}],"author":[{"embeddable":true,"href":"https:\/\/www.sanjuandeportes.com\/wp\/wp-json\/wp\/v2\/users\/5"}],"replies":[{"embeddable":true,"href":"https:\/\/www.sanjuandeportes.com\/wp\/wp-json\/wp\/v2\/comments?post=15124"}],"version-history":[{"count":1,"href":"https:\/\/www.sanjuandeportes.com\/wp\/wp-json\/wp\/v2\/posts\/15124\/revisions"}],"predecessor-version":[{"id":15126,"href":"https:\/\/www.sanjuandeportes.com\/wp\/wp-json\/wp\/v2\/posts\/15124\/revisions\/15126"}],"wp:featuredmedia":[{"embeddable":true,"href":"https:\/\/www.sanjuandeportes.com\/wp\/wp-json\/wp\/v2\/media\/15125"}],"wp:attachment":[{"href":"https:\/\/www.sanjuandeportes.com\/wp\/wp-json\/wp\/v2\/media?parent=15124"}],"wp:term":[{"taxonomy":"category","embeddable":true,"href":"https:\/\/www.sanjuandeportes.com\/wp\/wp-json\/wp\/v2\/categories?post=15124"},{"taxonomy":"post_tag","embeddable":true,"href":"https:\/\/www.sanjuandeportes.com\/wp\/wp-json\/wp\/v2\/tags?post=15124"}],"curies":[{"name":"wp","href":"https:\/\/api.w.org\/{rel}","templated":true}]}}