{"id":15127,"date":"2022-02-10T17:06:45","date_gmt":"2022-02-10T17:06:45","guid":{"rendered":"http:\/\/www.sanjuandeportes.com\/wp\/?p=15127"},"modified":"2022-02-14T16:17:35","modified_gmt":"2022-02-14T16:17:35","slug":"alianza-gutierrez-definieron-el-arbitro-para-la-final","status":"publish","type":"post","link":"https:\/\/www.sanjuandeportes.com\/wp\/2022\/02\/10\/alianza-gutierrez-definieron-el-arbitro-para-la-final\/","title":{"rendered":"Alianza &#8211; Guti\u00e9rrez: definieron el \u00e1rbitro para la final"},"content":{"rendered":"\n<p class=\"wp-block-paragraph\">Tras haber perdido 2-1 en el partido de ida, Alianza ahora intentar\u00e1 revertir la serie de la final cuyana del Torneo Regional Amateur frente a Guti\u00e9rrez.<\/p>\n\n\n\n<p class=\"wp-block-paragraph\">El encuentro ser\u00e1 el domingo desde las 18 en el Estadio Centenario de Santa Luc\u00eda. La terna arbitral ser\u00e1 de Villa Mar\u00eda, C\u00f3rdoba. \u00c1lvaro Carranza como juez principal y\u00a0Yonathan Rodr\u00edguez y\u00a0Federico Nieto como acompa\u00f1antes.\u00a0<\/p>\n\n\n\n<p class=\"wp-block-paragraph\">El otro encuentro que definir\u00e1 la final es Paran\u00e1-San Jorge.<\/p>\n","protected":false},"excerpt":{"rendered":"<p>Tras haber perdido 2-1 en el partido de ida, Alianza ahora intentar\u00e1 revertir la serie de la final cuyana del Torneo Regional Amateur frente a Guti\u00e9rrez. El encuentro ser\u00e1 el domingo desde las 18 en el Estadio Centenario de Santa Luc\u00eda. La terna arbitral ser\u00e1 de Villa Mar\u00eda, C\u00f3rdoba. \u00c1lvaro Carranza como juez principal y\u00a0Yonathan [&hellip;]<\/p>\n","protected":false},"author":5,"featured_media":15082,"comment_status":"open","ping_status":"open","sticky":false,"template":"","format":"standard","meta":{"footnotes":""},"categories":[182,178],"tags":[],"class_list":["post-15127","post","type-post","status-publish","format-standard","has-post-thumbnail","hentry","category-regional-amateur","category-san-juan"],"yoast_head":"<!-- This site is optimized with the Yoast SEO plugin v28.2 - https:\/\/yoast.com\/product\/yoast-seo-wordpress\/ -->\n<title>Alianza - Guti\u00e9rrez: definieron el \u00e1rbitro para la final - San Juan Deportes<\/title>\n<meta name=\"robots\" content=\"index, follow, max-snippet:-1, max-image-preview:large, max-video-preview:-1\" \/>\n<link rel=\"canonical\" href=\"https:\/\/www.sanjuandeportes.com\/wp\/2022\/02\/10\/alianza-gutierrez-definieron-el-arbitro-para-la-final\/\" \/>\n<meta property=\"og:locale\" content=\"es_ES\" \/>\n<meta property=\"og:type\" content=\"article\" \/>\n<meta property=\"og:title\" content=\"Alianza - Guti\u00e9rrez: definieron el \u00e1rbitro para la final - San Juan Deportes\" \/>\n<meta property=\"og:description\" content=\"Tras haber perdido 2-1 en el partido de ida, Alianza ahora intentar\u00e1 revertir la serie de la final cuyana del Torneo Regional Amateur frente a Guti\u00e9rrez. El encuentro ser\u00e1 el domingo desde las 18 en el Estadio Centenario de Santa Luc\u00eda. La terna arbitral ser\u00e1 de Villa Mar\u00eda, C\u00f3rdoba. \u00c1lvaro Carranza como juez principal y\u00a0Yonathan [&hellip;]\" \/>\n<meta property=\"og:url\" content=\"https:\/\/www.sanjuandeportes.com\/wp\/2022\/02\/10\/alianza-gutierrez-definieron-el-arbitro-para-la-final\/\" \/>\n<meta property=\"og:site_name\" content=\"San Juan Deportes\" \/>\n<meta property=\"article:publisher\" content=\"https:\/\/www.facebook.com\/sanjuandeportesok\" \/>\n<meta property=\"article:published_time\" content=\"2022-02-10T17:06:45+00:00\" \/>\n<meta property=\"article:modified_time\" content=\"2022-02-14T16:17:35+00:00\" \/>\n<meta property=\"og:image\" content=\"https:\/\/www.sanjuandeportes.com\/wp\/wp-content\/uploads\/2022\/02\/273505998_427354275853813_3299593466417208413_n.jpg\" \/>\n\t<meta property=\"og:image:width\" content=\"1027\" \/>\n\t<meta property=\"og:image:height\" content=\"824\" \/>\n\t<meta property=\"og:image:type\" content=\"image\/jpeg\" \/>\n<meta name=\"author\" content=\"Pablo Pujado\" \/>\n<meta name=\"twitter:card\" content=\"summary_large_image\" \/>\n<meta name=\"twitter:creator\" content=\"@SanJuanDeportes\" \/>\n<meta name=\"twitter:site\" content=\"@SanJuanDeportes\" \/>\n<meta name=\"twitter:label1\" content=\"Escrito por\" \/>\n\t<meta name=\"twitter:data1\" content=\"Pablo Pujado\" \/>\n<script type=\"application\/ld+json\" class=\"yoast-schema-graph\">{\"@context\":\"https:\\\/\\\/schema.org\",\"@graph\":[{\"@type\":\"Article\",\"@id\":\"https:\\\/\\\/www.sanjuandeportes.com\\\/wp\\\/2022\\\/02\\\/10\\\/alianza-gutierrez-definieron-el-arbitro-para-la-final\\\/#article\",\"isPartOf\":{\"@id\":\"https:\\\/\\\/www.sanjuandeportes.com\\\/wp\\\/2022\\\/02\\\/10\\\/alianza-gutierrez-definieron-el-arbitro-para-la-final\\\/\"},\"author\":{\"name\":\"Pablo Pujado\",\"@id\":\"https:\\\/\\\/www.sanjuandeportes.com\\\/wp\\\/#\\\/schema\\\/person\\\/eda4d8e62a5d42b111781e3cdfcb9c3a\"},\"headline\":\"Alianza &#8211; Guti\u00e9rrez: definieron el \u00e1rbitro para la final\",\"datePublished\":\"2022-02-10T17:06:45+00:00\",\"dateModified\":\"2022-02-14T16:17:35+00:00\",\"mainEntityOfPage\":{\"@id\":\"https:\\\/\\\/www.sanjuandeportes.com\\\/wp\\\/2022\\\/02\\\/10\\\/alianza-gutierrez-definieron-el-arbitro-para-la-final\\\/\"},\"wordCount\":88,\"commentCount\":0,\"publisher\":{\"@id\":\"https:\\\/\\\/www.sanjuandeportes.com\\\/wp\\\/#organization\"},\"image\":{\"@id\":\"https:\\\/\\\/www.sanjuandeportes.com\\\/wp\\\/2022\\\/02\\\/10\\\/alianza-gutierrez-definieron-el-arbitro-para-la-final\\\/#primaryimage\"},\"thumbnailUrl\":\"https:\\\/\\\/www.sanjuandeportes.com\\\/wp\\\/wp-content\\\/uploads\\\/2022\\\/02\\\/273505998_427354275853813_3299593466417208413_n.jpg\",\"articleSection\":[\"Regional Amateur\",\"San Juan\"],\"inLanguage\":\"es\",\"potentialAction\":[{\"@type\":\"CommentAction\",\"name\":\"Comment\",\"target\":[\"https:\\\/\\\/www.sanjuandeportes.com\\\/wp\\\/2022\\\/02\\\/10\\\/alianza-gutierrez-definieron-el-arbitro-para-la-final\\\/#respond\"]}]},{\"@type\":\"WebPage\",\"@id\":\"https:\\\/\\\/www.sanjuandeportes.com\\\/wp\\\/2022\\\/02\\\/10\\\/alianza-gutierrez-definieron-el-arbitro-para-la-final\\\/\",\"url\":\"https:\\\/\\\/www.sanjuandeportes.com\\\/wp\\\/2022\\\/02\\\/10\\\/alianza-gutierrez-definieron-el-arbitro-para-la-final\\\/\",\"name\":\"Alianza - Guti\u00e9rrez: definieron el \u00e1rbitro para la final - San Juan Deportes\",\"isPartOf\":{\"@id\":\"https:\\\/\\\/www.sanjuandeportes.com\\\/wp\\\/#website\"},\"primaryImageOfPage\":{\"@id\":\"https:\\\/\\\/www.sanjuandeportes.com\\\/wp\\\/2022\\\/02\\\/10\\\/alianza-gutierrez-definieron-el-arbitro-para-la-final\\\/#primaryimage\"},\"image\":{\"@id\":\"https:\\\/\\\/www.sanjuandeportes.com\\\/wp\\\/2022\\\/02\\\/10\\\/alianza-gutierrez-definieron-el-arbitro-para-la-final\\\/#primaryimage\"},\"thumbnailUrl\":\"https:\\\/\\\/www.sanjuandeportes.com\\\/wp\\\/wp-content\\\/uploads\\\/2022\\\/02\\\/273505998_427354275853813_3299593466417208413_n.jpg\",\"datePublished\":\"2022-02-10T17:06:45+00:00\",\"dateModified\":\"2022-02-14T16:17:35+00:00\",\"breadcrumb\":{\"@id\":\"https:\\\/\\\/www.sanjuandeportes.com\\\/wp\\\/2022\\\/02\\\/10\\\/alianza-gutierrez-definieron-el-arbitro-para-la-final\\\/#breadcrumb\"},\"inLanguage\":\"es\",\"potentialAction\":[{\"@type\":\"ReadAction\",\"target\":[\"https:\\\/\\\/www.sanjuandeportes.com\\\/wp\\\/2022\\\/02\\\/10\\\/alianza-gutierrez-definieron-el-arbitro-para-la-final\\\/\"]}]},{\"@type\":\"ImageObject\",\"inLanguage\":\"es\",\"@id\":\"https:\\\/\\\/www.sanjuandeportes.com\\\/wp\\\/2022\\\/02\\\/10\\\/alianza-gutierrez-definieron-el-arbitro-para-la-final\\\/#primaryimage\",\"url\":\"https:\\\/\\\/www.sanjuandeportes.com\\\/wp\\\/wp-content\\\/uploads\\\/2022\\\/02\\\/273505998_427354275853813_3299593466417208413_n.jpg\",\"contentUrl\":\"https:\\\/\\\/www.sanjuandeportes.com\\\/wp\\\/wp-content\\\/uploads\\\/2022\\\/02\\\/273505998_427354275853813_3299593466417208413_n.jpg\",\"width\":1027,\"height\":824},{\"@type\":\"BreadcrumbList\",\"@id\":\"https:\\\/\\\/www.sanjuandeportes.com\\\/wp\\\/2022\\\/02\\\/10\\\/alianza-gutierrez-definieron-el-arbitro-para-la-final\\\/#breadcrumb\",\"itemListElement\":[{\"@type\":\"ListItem\",\"position\":1,\"name\":\"Portada\",\"item\":\"http:\\\/\\\/www.sanjuandeportes.com\\\/wp\\\/\"},{\"@type\":\"ListItem\",\"position\":2,\"name\":\"Alianza &#8211; Guti\u00e9rrez: definieron el \u00e1rbitro para la final\"}]},{\"@type\":\"WebSite\",\"@id\":\"https:\\\/\\\/www.sanjuandeportes.com\\\/wp\\\/#website\",\"url\":\"https:\\\/\\\/www.sanjuandeportes.com\\\/wp\\\/\",\"name\":\"San Juan Deportes\",\"description\":\"El sitio de deportes de la provincia de San Juan\",\"publisher\":{\"@id\":\"https:\\\/\\\/www.sanjuandeportes.com\\\/wp\\\/#organization\"},\"potentialAction\":[{\"@type\":\"SearchAction\",\"target\":{\"@type\":\"EntryPoint\",\"urlTemplate\":\"https:\\\/\\\/www.sanjuandeportes.com\\\/wp\\\/?s={search_term_string}\"},\"query-input\":{\"@type\":\"PropertyValueSpecification\",\"valueRequired\":true,\"valueName\":\"search_term_string\"}}],\"inLanguage\":\"es\"},{\"@type\":\"Organization\",\"@id\":\"https:\\\/\\\/www.sanjuandeportes.com\\\/wp\\\/#organization\",\"name\":\"San Juan Deportes\",\"url\":\"https:\\\/\\\/www.sanjuandeportes.com\\\/wp\\\/\",\"logo\":{\"@type\":\"ImageObject\",\"inLanguage\":\"es\",\"@id\":\"https:\\\/\\\/www.sanjuandeportes.com\\\/wp\\\/#\\\/schema\\\/logo\\\/image\\\/\",\"url\":\"https:\\\/\\\/www.sanjuandeportes.com\\\/wp\\\/wp-content\\\/uploads\\\/unnamed.jpg\",\"contentUrl\":\"https:\\\/\\\/www.sanjuandeportes.com\\\/wp\\\/wp-content\\\/uploads\\\/unnamed.jpg\",\"width\":900,\"height\":900,\"caption\":\"San Juan Deportes\"},\"image\":{\"@id\":\"https:\\\/\\\/www.sanjuandeportes.com\\\/wp\\\/#\\\/schema\\\/logo\\\/image\\\/\"},\"sameAs\":[\"https:\\\/\\\/www.facebook.com\\\/sanjuandeportesok\",\"https:\\\/\\\/x.com\\\/SanJuanDeportes\",\"https:\\\/\\\/www.instagram.com\\\/sanjuandeportes\"]},{\"@type\":\"Person\",\"@id\":\"https:\\\/\\\/www.sanjuandeportes.com\\\/wp\\\/#\\\/schema\\\/person\\\/eda4d8e62a5d42b111781e3cdfcb9c3a\",\"name\":\"Pablo Pujado\",\"image\":{\"@type\":\"ImageObject\",\"inLanguage\":\"es\",\"@id\":\"https:\\\/\\\/secure.gravatar.com\\\/avatar\\\/310b69d28112912c333408a462a9837208de951b1e7c11514781740412f648b1?s=96&d=mm&r=g\",\"url\":\"https:\\\/\\\/secure.gravatar.com\\\/avatar\\\/310b69d28112912c333408a462a9837208de951b1e7c11514781740412f648b1?s=96&d=mm&r=g\",\"contentUrl\":\"https:\\\/\\\/secure.gravatar.com\\\/avatar\\\/310b69d28112912c333408a462a9837208de951b1e7c11514781740412f648b1?s=96&d=mm&r=g\",\"caption\":\"Pablo Pujado\"},\"url\":\"https:\\\/\\\/www.sanjuandeportes.com\\\/wp\\\/author\\\/pablo-pujado\\\/\"}]}<\/script>\n<!-- \/ Yoast SEO plugin. -->","yoast_head_json":{"title":"Alianza - Guti\u00e9rrez: definieron el \u00e1rbitro para la final - San Juan Deportes","robots":{"index":"index","follow":"follow","max-snippet":"max-snippet:-1","max-image-preview":"max-image-preview:large","max-video-preview":"max-video-preview:-1"},"canonical":"https:\/\/www.sanjuandeportes.com\/wp\/2022\/02\/10\/alianza-gutierrez-definieron-el-arbitro-para-la-final\/","og_locale":"es_ES","og_type":"article","og_title":"Alianza - Guti\u00e9rrez: definieron el \u00e1rbitro para la final - San Juan Deportes","og_description":"Tras haber perdido 2-1 en el partido de ida, Alianza ahora intentar\u00e1 revertir la serie de la final cuyana del Torneo Regional Amateur frente a Guti\u00e9rrez. El encuentro ser\u00e1 el domingo desde las 18 en el Estadio Centenario de Santa Luc\u00eda. La terna arbitral ser\u00e1 de Villa Mar\u00eda, C\u00f3rdoba. \u00c1lvaro Carranza como juez principal y\u00a0Yonathan [&hellip;]","og_url":"https:\/\/www.sanjuandeportes.com\/wp\/2022\/02\/10\/alianza-gutierrez-definieron-el-arbitro-para-la-final\/","og_site_name":"San Juan Deportes","article_publisher":"https:\/\/www.facebook.com\/sanjuandeportesok","article_published_time":"2022-02-10T17:06:45+00:00","article_modified_time":"2022-02-14T16:17:35+00:00","og_image":[{"width":1027,"height":824,"url":"https:\/\/www.sanjuandeportes.com\/wp\/wp-content\/uploads\/2022\/02\/273505998_427354275853813_3299593466417208413_n.jpg","type":"image\/jpeg"}],"author":"Pablo Pujado","twitter_card":"summary_large_image","twitter_creator":"@SanJuanDeportes","twitter_site":"@SanJuanDeportes","twitter_misc":{"Escrito por":"Pablo Pujado"},"schema":{"@context":"https:\/\/schema.org","@graph":[{"@type":"Article","@id":"https:\/\/www.sanjuandeportes.com\/wp\/2022\/02\/10\/alianza-gutierrez-definieron-el-arbitro-para-la-final\/#article","isPartOf":{"@id":"https:\/\/www.sanjuandeportes.com\/wp\/2022\/02\/10\/alianza-gutierrez-definieron-el-arbitro-para-la-final\/"},"author":{"name":"Pablo Pujado","@id":"https:\/\/www.sanjuandeportes.com\/wp\/#\/schema\/person\/eda4d8e62a5d42b111781e3cdfcb9c3a"},"headline":"Alianza &#8211; Guti\u00e9rrez: definieron el \u00e1rbitro para la final","datePublished":"2022-02-10T17:06:45+00:00","dateModified":"2022-02-14T16:17:35+00:00","mainEntityOfPage":{"@id":"https:\/\/www.sanjuandeportes.com\/wp\/2022\/02\/10\/alianza-gutierrez-definieron-el-arbitro-para-la-final\/"},"wordCount":88,"commentCount":0,"publisher":{"@id":"https:\/\/www.sanjuandeportes.com\/wp\/#organization"},"image":{"@id":"https:\/\/www.sanjuandeportes.com\/wp\/2022\/02\/10\/alianza-gutierrez-definieron-el-arbitro-para-la-final\/#primaryimage"},"thumbnailUrl":"https:\/\/www.sanjuandeportes.com\/wp\/wp-content\/uploads\/2022\/02\/273505998_427354275853813_3299593466417208413_n.jpg","articleSection":["Regional Amateur","San Juan"],"inLanguage":"es","potentialAction":[{"@type":"CommentAction","name":"Comment","target":["https:\/\/www.sanjuandeportes.com\/wp\/2022\/02\/10\/alianza-gutierrez-definieron-el-arbitro-para-la-final\/#respond"]}]},{"@type":"WebPage","@id":"https:\/\/www.sanjuandeportes.com\/wp\/2022\/02\/10\/alianza-gutierrez-definieron-el-arbitro-para-la-final\/","url":"https:\/\/www.sanjuandeportes.com\/wp\/2022\/02\/10\/alianza-gutierrez-definieron-el-arbitro-para-la-final\/","name":"Alianza - Guti\u00e9rrez: definieron el \u00e1rbitro para la final - San Juan Deportes","isPartOf":{"@id":"https:\/\/www.sanjuandeportes.com\/wp\/#website"},"primaryImageOfPage":{"@id":"https:\/\/www.sanjuandeportes.com\/wp\/2022\/02\/10\/alianza-gutierrez-definieron-el-arbitro-para-la-final\/#primaryimage"},"image":{"@id":"https:\/\/www.sanjuandeportes.com\/wp\/2022\/02\/10\/alianza-gutierrez-definieron-el-arbitro-para-la-final\/#primaryimage"},"thumbnailUrl":"https:\/\/www.sanjuandeportes.com\/wp\/wp-content\/uploads\/2022\/02\/273505998_427354275853813_3299593466417208413_n.jpg","datePublished":"2022-02-10T17:06:45+00:00","dateModified":"2022-02-14T16:17:35+00:00","breadcrumb":{"@id":"https:\/\/www.sanjuandeportes.com\/wp\/2022\/02\/10\/alianza-gutierrez-definieron-el-arbitro-para-la-final\/#breadcrumb"},"inLanguage":"es","potentialAction":[{"@type":"ReadAction","target":["https:\/\/www.sanjuandeportes.com\/wp\/2022\/02\/10\/alianza-gutierrez-definieron-el-arbitro-para-la-final\/"]}]},{"@type":"ImageObject","inLanguage":"es","@id":"https:\/\/www.sanjuandeportes.com\/wp\/2022\/02\/10\/alianza-gutierrez-definieron-el-arbitro-para-la-final\/#primaryimage","url":"https:\/\/www.sanjuandeportes.com\/wp\/wp-content\/uploads\/2022\/02\/273505998_427354275853813_3299593466417208413_n.jpg","contentUrl":"https:\/\/www.sanjuandeportes.com\/wp\/wp-content\/uploads\/2022\/02\/273505998_427354275853813_3299593466417208413_n.jpg","width":1027,"height":824},{"@type":"BreadcrumbList","@id":"https:\/\/www.sanjuandeportes.com\/wp\/2022\/02\/10\/alianza-gutierrez-definieron-el-arbitro-para-la-final\/#breadcrumb","itemListElement":[{"@type":"ListItem","position":1,"name":"Portada","item":"http:\/\/www.sanjuandeportes.com\/wp\/"},{"@type":"ListItem","position":2,"name":"Alianza &#8211; Guti\u00e9rrez: definieron el \u00e1rbitro para la final"}]},{"@type":"WebSite","@id":"https:\/\/www.sanjuandeportes.com\/wp\/#website","url":"https:\/\/www.sanjuandeportes.com\/wp\/","name":"San Juan Deportes","description":"El sitio de deportes de la provincia de San Juan","publisher":{"@id":"https:\/\/www.sanjuandeportes.com\/wp\/#organization"},"potentialAction":[{"@type":"SearchAction","target":{"@type":"EntryPoint","urlTemplate":"https:\/\/www.sanjuandeportes.com\/wp\/?s={search_term_string}"},"query-input":{"@type":"PropertyValueSpecification","valueRequired":true,"valueName":"search_term_string"}}],"inLanguage":"es"},{"@type":"Organization","@id":"https:\/\/www.sanjuandeportes.com\/wp\/#organization","name":"San Juan Deportes","url":"https:\/\/www.sanjuandeportes.com\/wp\/","logo":{"@type":"ImageObject","inLanguage":"es","@id":"https:\/\/www.sanjuandeportes.com\/wp\/#\/schema\/logo\/image\/","url":"https:\/\/www.sanjuandeportes.com\/wp\/wp-content\/uploads\/unnamed.jpg","contentUrl":"https:\/\/www.sanjuandeportes.com\/wp\/wp-content\/uploads\/unnamed.jpg","width":900,"height":900,"caption":"San Juan Deportes"},"image":{"@id":"https:\/\/www.sanjuandeportes.com\/wp\/#\/schema\/logo\/image\/"},"sameAs":["https:\/\/www.facebook.com\/sanjuandeportesok","https:\/\/x.com\/SanJuanDeportes","https:\/\/www.instagram.com\/sanjuandeportes"]},{"@type":"Person","@id":"https:\/\/www.sanjuandeportes.com\/wp\/#\/schema\/person\/eda4d8e62a5d42b111781e3cdfcb9c3a","name":"Pablo Pujado","image":{"@type":"ImageObject","inLanguage":"es","@id":"https:\/\/secure.gravatar.com\/avatar\/310b69d28112912c333408a462a9837208de951b1e7c11514781740412f648b1?s=96&d=mm&r=g","url":"https:\/\/secure.gravatar.com\/avatar\/310b69d28112912c333408a462a9837208de951b1e7c11514781740412f648b1?s=96&d=mm&r=g","contentUrl":"https:\/\/secure.gravatar.com\/avatar\/310b69d28112912c333408a462a9837208de951b1e7c11514781740412f648b1?s=96&d=mm&r=g","caption":"Pablo Pujado"},"url":"https:\/\/www.sanjuandeportes.com\/wp\/author\/pablo-pujado\/"}]}},"_links":{"self":[{"href":"https:\/\/www.sanjuandeportes.com\/wp\/wp-json\/wp\/v2\/posts\/15127","targetHints":{"allow":["GET"]}}],"collection":[{"href":"https:\/\/www.sanjuandeportes.com\/wp\/wp-json\/wp\/v2\/posts"}],"about":[{"href":"https:\/\/www.sanjuandeportes.com\/wp\/wp-json\/wp\/v2\/types\/post"}],"author":[{"embeddable":true,"href":"https:\/\/www.sanjuandeportes.com\/wp\/wp-json\/wp\/v2\/users\/5"}],"replies":[{"embeddable":true,"href":"https:\/\/www.sanjuandeportes.com\/wp\/wp-json\/wp\/v2\/comments?post=15127"}],"version-history":[{"count":1,"href":"https:\/\/www.sanjuandeportes.com\/wp\/wp-json\/wp\/v2\/posts\/15127\/revisions"}],"predecessor-version":[{"id":15128,"href":"https:\/\/www.sanjuandeportes.com\/wp\/wp-json\/wp\/v2\/posts\/15127\/revisions\/15128"}],"wp:featuredmedia":[{"embeddable":true,"href":"https:\/\/www.sanjuandeportes.com\/wp\/wp-json\/wp\/v2\/media\/15082"}],"wp:attachment":[{"href":"https:\/\/www.sanjuandeportes.com\/wp\/wp-json\/wp\/v2\/media?parent=15127"}],"wp:term":[{"taxonomy":"category","embeddable":true,"href":"https:\/\/www.sanjuandeportes.com\/wp\/wp-json\/wp\/v2\/categories?post=15127"},{"taxonomy":"post_tag","embeddable":true,"href":"https:\/\/www.sanjuandeportes.com\/wp\/wp-json\/wp\/v2\/tags?post=15127"}],"curies":[{"name":"wp","href":"https:\/\/api.w.org\/{rel}","templated":true}]}}