{"id":15212,"date":"2022-02-18T16:17:41","date_gmt":"2022-02-18T16:17:41","guid":{"rendered":"http:\/\/www.sanjuandeportes.com\/wp\/?p=15212"},"modified":"2022-02-18T16:17:42","modified_gmt":"2022-02-18T16:17:42","slug":"el-rival-de-alianza-se-quedaria-sin-una-de-sus-figuras-para-la-final","status":"publish","type":"post","link":"https:\/\/www.sanjuandeportes.com\/wp\/2022\/02\/18\/el-rival-de-alianza-se-quedaria-sin-una-de-sus-figuras-para-la-final\/","title":{"rendered":"El rival de Alianza se quedar\u00eda sin una de sus figuras para la final"},"content":{"rendered":"\n<p class=\"wp-block-paragraph\"><strong>Kevin Retamar tendr\u00eda todo acordado para sumarse a G\u00fcemes de Santiago del Estero y ser\u00eda baja en el equipo de Hugo Fontana para el partido por el ascenso al Federal A ante Alianza de San Juan.<\/strong><\/p>\n\n\n\n<p class=\"wp-block-paragraph\">El mundo Atl\u00e9tico Paran\u00e1 se vio sacudido en los d\u00edas previos a la gran final del Regional Amateur, por un ascenso al Federal A. Es que en las \u00faltimas horas trascendi\u00f3 que Kevin Retamar, uno de los puntales ofensivos del Gato, ya habr\u00eda acordado su incorporaci\u00f3n a G\u00fcemes de Santiago del Estero para jugar la Primera Nacional.<\/p>\n\n\n\n<p class=\"wp-block-paragraph\">Ante esta situaci\u00f3n, es una inc\u00f3gnita si Retamar podr\u00e1 o no ser tenido en cuenta por el cuerpo t\u00e9cnico para enfrentar a Alianza de San Juan este domingo a las 18 en R\u00edo Cuarto, en uno de los partidos que definir\u00e1 uno de los cuatro ascensos al Torneo Federal A.<\/p>\n\n\n\n<p class=\"wp-block-paragraph\">Fuente: interior Futbolero<\/p>\n","protected":false},"excerpt":{"rendered":"<p>Kevin Retamar tendr\u00eda todo acordado para sumarse a G\u00fcemes de Santiago del Estero y ser\u00eda baja en el equipo de Hugo Fontana para el partido por el ascenso al Federal A ante Alianza de San Juan. El mundo Atl\u00e9tico Paran\u00e1 se vio sacudido en los d\u00edas previos a la gran final del Regional Amateur, por [&hellip;]<\/p>\n","protected":false},"author":5,"featured_media":15213,"comment_status":"open","ping_status":"open","sticky":false,"template":"","format":"standard","meta":{"footnotes":""},"categories":[2,24,182],"tags":[],"class_list":["post-15212","post","type-post","status-publish","format-standard","has-post-thumbnail","hentry","category-featured","category-futbol","category-regional-amateur"],"yoast_head":"<!-- This site is optimized with the Yoast SEO plugin v28.2 - https:\/\/yoast.com\/product\/yoast-seo-wordpress\/ -->\n<title>El rival de Alianza se quedar\u00eda sin una de sus figuras para la final - San Juan Deportes<\/title>\n<meta name=\"robots\" content=\"index, follow, max-snippet:-1, max-image-preview:large, max-video-preview:-1\" \/>\n<link rel=\"canonical\" href=\"http:\/\/www.sanjuandeportes.com\/wp\/2022\/02\/18\/el-rival-de-alianza-se-quedaria-sin-una-de-sus-figuras-para-la-final\/\" \/>\n<meta property=\"og:locale\" content=\"es_ES\" \/>\n<meta property=\"og:type\" content=\"article\" \/>\n<meta property=\"og:title\" content=\"El rival de Alianza se quedar\u00eda sin una de sus figuras para la final - San Juan Deportes\" \/>\n<meta property=\"og:description\" content=\"Kevin Retamar tendr\u00eda todo acordado para sumarse a G\u00fcemes de Santiago del Estero y ser\u00eda baja en el equipo de Hugo Fontana para el partido por el ascenso al Federal A ante Alianza de San Juan. El mundo Atl\u00e9tico Paran\u00e1 se vio sacudido en los d\u00edas previos a la gran final del Regional Amateur, por [&hellip;]\" \/>\n<meta property=\"og:url\" content=\"http:\/\/www.sanjuandeportes.com\/wp\/2022\/02\/18\/el-rival-de-alianza-se-quedaria-sin-una-de-sus-figuras-para-la-final\/\" \/>\n<meta property=\"og:site_name\" content=\"San Juan Deportes\" \/>\n<meta property=\"article:publisher\" content=\"https:\/\/www.facebook.com\/sanjuandeportesok\" \/>\n<meta property=\"article:published_time\" content=\"2022-02-18T16:17:41+00:00\" \/>\n<meta property=\"article:modified_time\" content=\"2022-02-18T16:17:42+00:00\" \/>\n<meta property=\"og:image\" content=\"http:\/\/www.sanjuandeportes.com\/wp\/wp-content\/uploads\/2022\/02\/KEVIN-RETAMAR-ATLETICO-PARANA.jpg\" \/>\n\t<meta property=\"og:image:width\" content=\"1200\" \/>\n\t<meta property=\"og:image:height\" content=\"675\" \/>\n\t<meta property=\"og:image:type\" content=\"image\/jpeg\" \/>\n<meta name=\"author\" content=\"Pablo Pujado\" \/>\n<meta name=\"twitter:card\" content=\"summary_large_image\" \/>\n<meta name=\"twitter:creator\" content=\"@SanJuanDeportes\" \/>\n<meta name=\"twitter:site\" content=\"@SanJuanDeportes\" \/>\n<meta name=\"twitter:label1\" content=\"Escrito por\" \/>\n\t<meta name=\"twitter:data1\" content=\"Pablo Pujado\" \/>\n\t<meta name=\"twitter:label2\" content=\"Tiempo de lectura\" \/>\n\t<meta name=\"twitter:data2\" content=\"1 minuto\" \/>\n<script type=\"application\/ld+json\" class=\"yoast-schema-graph\">{\"@context\":\"https:\\\/\\\/schema.org\",\"@graph\":[{\"@type\":\"Article\",\"@id\":\"http:\\\/\\\/www.sanjuandeportes.com\\\/wp\\\/2022\\\/02\\\/18\\\/el-rival-de-alianza-se-quedaria-sin-una-de-sus-figuras-para-la-final\\\/#article\",\"isPartOf\":{\"@id\":\"http:\\\/\\\/www.sanjuandeportes.com\\\/wp\\\/2022\\\/02\\\/18\\\/el-rival-de-alianza-se-quedaria-sin-una-de-sus-figuras-para-la-final\\\/\"},\"author\":{\"name\":\"Pablo Pujado\",\"@id\":\"https:\\\/\\\/www.sanjuandeportes.com\\\/wp\\\/#\\\/schema\\\/person\\\/eda4d8e62a5d42b111781e3cdfcb9c3a\"},\"headline\":\"El rival de Alianza se quedar\u00eda sin una de sus figuras para la final\",\"datePublished\":\"2022-02-18T16:17:41+00:00\",\"dateModified\":\"2022-02-18T16:17:42+00:00\",\"mainEntityOfPage\":{\"@id\":\"http:\\\/\\\/www.sanjuandeportes.com\\\/wp\\\/2022\\\/02\\\/18\\\/el-rival-de-alianza-se-quedaria-sin-una-de-sus-figuras-para-la-final\\\/\"},\"wordCount\":172,\"commentCount\":0,\"publisher\":{\"@id\":\"https:\\\/\\\/www.sanjuandeportes.com\\\/wp\\\/#organization\"},\"image\":{\"@id\":\"http:\\\/\\\/www.sanjuandeportes.com\\\/wp\\\/2022\\\/02\\\/18\\\/el-rival-de-alianza-se-quedaria-sin-una-de-sus-figuras-para-la-final\\\/#primaryimage\"},\"thumbnailUrl\":\"https:\\\/\\\/www.sanjuandeportes.com\\\/wp\\\/wp-content\\\/uploads\\\/2022\\\/02\\\/KEVIN-RETAMAR-ATLETICO-PARANA.jpg\",\"articleSection\":[\"Featured\",\"Futbol\",\"Regional Amateur\"],\"inLanguage\":\"es\",\"potentialAction\":[{\"@type\":\"CommentAction\",\"name\":\"Comment\",\"target\":[\"http:\\\/\\\/www.sanjuandeportes.com\\\/wp\\\/2022\\\/02\\\/18\\\/el-rival-de-alianza-se-quedaria-sin-una-de-sus-figuras-para-la-final\\\/#respond\"]}]},{\"@type\":\"WebPage\",\"@id\":\"http:\\\/\\\/www.sanjuandeportes.com\\\/wp\\\/2022\\\/02\\\/18\\\/el-rival-de-alianza-se-quedaria-sin-una-de-sus-figuras-para-la-final\\\/\",\"url\":\"http:\\\/\\\/www.sanjuandeportes.com\\\/wp\\\/2022\\\/02\\\/18\\\/el-rival-de-alianza-se-quedaria-sin-una-de-sus-figuras-para-la-final\\\/\",\"name\":\"El rival de Alianza se quedar\u00eda sin una de sus figuras para la final - San Juan Deportes\",\"isPartOf\":{\"@id\":\"https:\\\/\\\/www.sanjuandeportes.com\\\/wp\\\/#website\"},\"primaryImageOfPage\":{\"@id\":\"http:\\\/\\\/www.sanjuandeportes.com\\\/wp\\\/2022\\\/02\\\/18\\\/el-rival-de-alianza-se-quedaria-sin-una-de-sus-figuras-para-la-final\\\/#primaryimage\"},\"image\":{\"@id\":\"http:\\\/\\\/www.sanjuandeportes.com\\\/wp\\\/2022\\\/02\\\/18\\\/el-rival-de-alianza-se-quedaria-sin-una-de-sus-figuras-para-la-final\\\/#primaryimage\"},\"thumbnailUrl\":\"https:\\\/\\\/www.sanjuandeportes.com\\\/wp\\\/wp-content\\\/uploads\\\/2022\\\/02\\\/KEVIN-RETAMAR-ATLETICO-PARANA.jpg\",\"datePublished\":\"2022-02-18T16:17:41+00:00\",\"dateModified\":\"2022-02-18T16:17:42+00:00\",\"breadcrumb\":{\"@id\":\"http:\\\/\\\/www.sanjuandeportes.com\\\/wp\\\/2022\\\/02\\\/18\\\/el-rival-de-alianza-se-quedaria-sin-una-de-sus-figuras-para-la-final\\\/#breadcrumb\"},\"inLanguage\":\"es\",\"potentialAction\":[{\"@type\":\"ReadAction\",\"target\":[\"http:\\\/\\\/www.sanjuandeportes.com\\\/wp\\\/2022\\\/02\\\/18\\\/el-rival-de-alianza-se-quedaria-sin-una-de-sus-figuras-para-la-final\\\/\"]}]},{\"@type\":\"ImageObject\",\"inLanguage\":\"es\",\"@id\":\"http:\\\/\\\/www.sanjuandeportes.com\\\/wp\\\/2022\\\/02\\\/18\\\/el-rival-de-alianza-se-quedaria-sin-una-de-sus-figuras-para-la-final\\\/#primaryimage\",\"url\":\"https:\\\/\\\/www.sanjuandeportes.com\\\/wp\\\/wp-content\\\/uploads\\\/2022\\\/02\\\/KEVIN-RETAMAR-ATLETICO-PARANA.jpg\",\"contentUrl\":\"https:\\\/\\\/www.sanjuandeportes.com\\\/wp\\\/wp-content\\\/uploads\\\/2022\\\/02\\\/KEVIN-RETAMAR-ATLETICO-PARANA.jpg\",\"width\":1200,\"height\":675},{\"@type\":\"BreadcrumbList\",\"@id\":\"http:\\\/\\\/www.sanjuandeportes.com\\\/wp\\\/2022\\\/02\\\/18\\\/el-rival-de-alianza-se-quedaria-sin-una-de-sus-figuras-para-la-final\\\/#breadcrumb\",\"itemListElement\":[{\"@type\":\"ListItem\",\"position\":1,\"name\":\"Portada\",\"item\":\"http:\\\/\\\/www.sanjuandeportes.com\\\/wp\\\/\"},{\"@type\":\"ListItem\",\"position\":2,\"name\":\"El rival de Alianza se quedar\u00eda sin una de sus figuras para la final\"}]},{\"@type\":\"WebSite\",\"@id\":\"https:\\\/\\\/www.sanjuandeportes.com\\\/wp\\\/#website\",\"url\":\"https:\\\/\\\/www.sanjuandeportes.com\\\/wp\\\/\",\"name\":\"San Juan Deportes\",\"description\":\"El sitio de deportes de la provincia de San Juan\",\"publisher\":{\"@id\":\"https:\\\/\\\/www.sanjuandeportes.com\\\/wp\\\/#organization\"},\"potentialAction\":[{\"@type\":\"SearchAction\",\"target\":{\"@type\":\"EntryPoint\",\"urlTemplate\":\"https:\\\/\\\/www.sanjuandeportes.com\\\/wp\\\/?s={search_term_string}\"},\"query-input\":{\"@type\":\"PropertyValueSpecification\",\"valueRequired\":true,\"valueName\":\"search_term_string\"}}],\"inLanguage\":\"es\"},{\"@type\":\"Organization\",\"@id\":\"https:\\\/\\\/www.sanjuandeportes.com\\\/wp\\\/#organization\",\"name\":\"San Juan Deportes\",\"url\":\"https:\\\/\\\/www.sanjuandeportes.com\\\/wp\\\/\",\"logo\":{\"@type\":\"ImageObject\",\"inLanguage\":\"es\",\"@id\":\"https:\\\/\\\/www.sanjuandeportes.com\\\/wp\\\/#\\\/schema\\\/logo\\\/image\\\/\",\"url\":\"https:\\\/\\\/www.sanjuandeportes.com\\\/wp\\\/wp-content\\\/uploads\\\/unnamed.jpg\",\"contentUrl\":\"https:\\\/\\\/www.sanjuandeportes.com\\\/wp\\\/wp-content\\\/uploads\\\/unnamed.jpg\",\"width\":900,\"height\":900,\"caption\":\"San Juan Deportes\"},\"image\":{\"@id\":\"https:\\\/\\\/www.sanjuandeportes.com\\\/wp\\\/#\\\/schema\\\/logo\\\/image\\\/\"},\"sameAs\":[\"https:\\\/\\\/www.facebook.com\\\/sanjuandeportesok\",\"https:\\\/\\\/x.com\\\/SanJuanDeportes\",\"https:\\\/\\\/www.instagram.com\\\/sanjuandeportes\"]},{\"@type\":\"Person\",\"@id\":\"https:\\\/\\\/www.sanjuandeportes.com\\\/wp\\\/#\\\/schema\\\/person\\\/eda4d8e62a5d42b111781e3cdfcb9c3a\",\"name\":\"Pablo Pujado\",\"image\":{\"@type\":\"ImageObject\",\"inLanguage\":\"es\",\"@id\":\"https:\\\/\\\/secure.gravatar.com\\\/avatar\\\/310b69d28112912c333408a462a9837208de951b1e7c11514781740412f648b1?s=96&d=mm&r=g\",\"url\":\"https:\\\/\\\/secure.gravatar.com\\\/avatar\\\/310b69d28112912c333408a462a9837208de951b1e7c11514781740412f648b1?s=96&d=mm&r=g\",\"contentUrl\":\"https:\\\/\\\/secure.gravatar.com\\\/avatar\\\/310b69d28112912c333408a462a9837208de951b1e7c11514781740412f648b1?s=96&d=mm&r=g\",\"caption\":\"Pablo Pujado\"},\"url\":\"https:\\\/\\\/www.sanjuandeportes.com\\\/wp\\\/author\\\/pablo-pujado\\\/\"}]}<\/script>\n<!-- \/ Yoast SEO plugin. -->","yoast_head_json":{"title":"El rival de Alianza se quedar\u00eda sin una de sus figuras para la final - San Juan Deportes","robots":{"index":"index","follow":"follow","max-snippet":"max-snippet:-1","max-image-preview":"max-image-preview:large","max-video-preview":"max-video-preview:-1"},"canonical":"http:\/\/www.sanjuandeportes.com\/wp\/2022\/02\/18\/el-rival-de-alianza-se-quedaria-sin-una-de-sus-figuras-para-la-final\/","og_locale":"es_ES","og_type":"article","og_title":"El rival de Alianza se quedar\u00eda sin una de sus figuras para la final - San Juan Deportes","og_description":"Kevin Retamar tendr\u00eda todo acordado para sumarse a G\u00fcemes de Santiago del Estero y ser\u00eda baja en el equipo de Hugo Fontana para el partido por el ascenso al Federal A ante Alianza de San Juan. El mundo Atl\u00e9tico Paran\u00e1 se vio sacudido en los d\u00edas previos a la gran final del Regional Amateur, por [&hellip;]","og_url":"http:\/\/www.sanjuandeportes.com\/wp\/2022\/02\/18\/el-rival-de-alianza-se-quedaria-sin-una-de-sus-figuras-para-la-final\/","og_site_name":"San Juan Deportes","article_publisher":"https:\/\/www.facebook.com\/sanjuandeportesok","article_published_time":"2022-02-18T16:17:41+00:00","article_modified_time":"2022-02-18T16:17:42+00:00","og_image":[{"width":1200,"height":675,"url":"http:\/\/www.sanjuandeportes.com\/wp\/wp-content\/uploads\/2022\/02\/KEVIN-RETAMAR-ATLETICO-PARANA.jpg","type":"image\/jpeg"}],"author":"Pablo Pujado","twitter_card":"summary_large_image","twitter_creator":"@SanJuanDeportes","twitter_site":"@SanJuanDeportes","twitter_misc":{"Escrito por":"Pablo Pujado","Tiempo de lectura":"1 minuto"},"schema":{"@context":"https:\/\/schema.org","@graph":[{"@type":"Article","@id":"http:\/\/www.sanjuandeportes.com\/wp\/2022\/02\/18\/el-rival-de-alianza-se-quedaria-sin-una-de-sus-figuras-para-la-final\/#article","isPartOf":{"@id":"http:\/\/www.sanjuandeportes.com\/wp\/2022\/02\/18\/el-rival-de-alianza-se-quedaria-sin-una-de-sus-figuras-para-la-final\/"},"author":{"name":"Pablo Pujado","@id":"https:\/\/www.sanjuandeportes.com\/wp\/#\/schema\/person\/eda4d8e62a5d42b111781e3cdfcb9c3a"},"headline":"El rival de Alianza se quedar\u00eda sin una de sus figuras para la final","datePublished":"2022-02-18T16:17:41+00:00","dateModified":"2022-02-18T16:17:42+00:00","mainEntityOfPage":{"@id":"http:\/\/www.sanjuandeportes.com\/wp\/2022\/02\/18\/el-rival-de-alianza-se-quedaria-sin-una-de-sus-figuras-para-la-final\/"},"wordCount":172,"commentCount":0,"publisher":{"@id":"https:\/\/www.sanjuandeportes.com\/wp\/#organization"},"image":{"@id":"http:\/\/www.sanjuandeportes.com\/wp\/2022\/02\/18\/el-rival-de-alianza-se-quedaria-sin-una-de-sus-figuras-para-la-final\/#primaryimage"},"thumbnailUrl":"https:\/\/www.sanjuandeportes.com\/wp\/wp-content\/uploads\/2022\/02\/KEVIN-RETAMAR-ATLETICO-PARANA.jpg","articleSection":["Featured","Futbol","Regional Amateur"],"inLanguage":"es","potentialAction":[{"@type":"CommentAction","name":"Comment","target":["http:\/\/www.sanjuandeportes.com\/wp\/2022\/02\/18\/el-rival-de-alianza-se-quedaria-sin-una-de-sus-figuras-para-la-final\/#respond"]}]},{"@type":"WebPage","@id":"http:\/\/www.sanjuandeportes.com\/wp\/2022\/02\/18\/el-rival-de-alianza-se-quedaria-sin-una-de-sus-figuras-para-la-final\/","url":"http:\/\/www.sanjuandeportes.com\/wp\/2022\/02\/18\/el-rival-de-alianza-se-quedaria-sin-una-de-sus-figuras-para-la-final\/","name":"El rival de Alianza se quedar\u00eda sin una de sus figuras para la final - San Juan Deportes","isPartOf":{"@id":"https:\/\/www.sanjuandeportes.com\/wp\/#website"},"primaryImageOfPage":{"@id":"http:\/\/www.sanjuandeportes.com\/wp\/2022\/02\/18\/el-rival-de-alianza-se-quedaria-sin-una-de-sus-figuras-para-la-final\/#primaryimage"},"image":{"@id":"http:\/\/www.sanjuandeportes.com\/wp\/2022\/02\/18\/el-rival-de-alianza-se-quedaria-sin-una-de-sus-figuras-para-la-final\/#primaryimage"},"thumbnailUrl":"https:\/\/www.sanjuandeportes.com\/wp\/wp-content\/uploads\/2022\/02\/KEVIN-RETAMAR-ATLETICO-PARANA.jpg","datePublished":"2022-02-18T16:17:41+00:00","dateModified":"2022-02-18T16:17:42+00:00","breadcrumb":{"@id":"http:\/\/www.sanjuandeportes.com\/wp\/2022\/02\/18\/el-rival-de-alianza-se-quedaria-sin-una-de-sus-figuras-para-la-final\/#breadcrumb"},"inLanguage":"es","potentialAction":[{"@type":"ReadAction","target":["http:\/\/www.sanjuandeportes.com\/wp\/2022\/02\/18\/el-rival-de-alianza-se-quedaria-sin-una-de-sus-figuras-para-la-final\/"]}]},{"@type":"ImageObject","inLanguage":"es","@id":"http:\/\/www.sanjuandeportes.com\/wp\/2022\/02\/18\/el-rival-de-alianza-se-quedaria-sin-una-de-sus-figuras-para-la-final\/#primaryimage","url":"https:\/\/www.sanjuandeportes.com\/wp\/wp-content\/uploads\/2022\/02\/KEVIN-RETAMAR-ATLETICO-PARANA.jpg","contentUrl":"https:\/\/www.sanjuandeportes.com\/wp\/wp-content\/uploads\/2022\/02\/KEVIN-RETAMAR-ATLETICO-PARANA.jpg","width":1200,"height":675},{"@type":"BreadcrumbList","@id":"http:\/\/www.sanjuandeportes.com\/wp\/2022\/02\/18\/el-rival-de-alianza-se-quedaria-sin-una-de-sus-figuras-para-la-final\/#breadcrumb","itemListElement":[{"@type":"ListItem","position":1,"name":"Portada","item":"http:\/\/www.sanjuandeportes.com\/wp\/"},{"@type":"ListItem","position":2,"name":"El rival de Alianza se quedar\u00eda sin una de sus figuras para la final"}]},{"@type":"WebSite","@id":"https:\/\/www.sanjuandeportes.com\/wp\/#website","url":"https:\/\/www.sanjuandeportes.com\/wp\/","name":"San Juan Deportes","description":"El sitio de deportes de la provincia de San Juan","publisher":{"@id":"https:\/\/www.sanjuandeportes.com\/wp\/#organization"},"potentialAction":[{"@type":"SearchAction","target":{"@type":"EntryPoint","urlTemplate":"https:\/\/www.sanjuandeportes.com\/wp\/?s={search_term_string}"},"query-input":{"@type":"PropertyValueSpecification","valueRequired":true,"valueName":"search_term_string"}}],"inLanguage":"es"},{"@type":"Organization","@id":"https:\/\/www.sanjuandeportes.com\/wp\/#organization","name":"San Juan Deportes","url":"https:\/\/www.sanjuandeportes.com\/wp\/","logo":{"@type":"ImageObject","inLanguage":"es","@id":"https:\/\/www.sanjuandeportes.com\/wp\/#\/schema\/logo\/image\/","url":"https:\/\/www.sanjuandeportes.com\/wp\/wp-content\/uploads\/unnamed.jpg","contentUrl":"https:\/\/www.sanjuandeportes.com\/wp\/wp-content\/uploads\/unnamed.jpg","width":900,"height":900,"caption":"San Juan Deportes"},"image":{"@id":"https:\/\/www.sanjuandeportes.com\/wp\/#\/schema\/logo\/image\/"},"sameAs":["https:\/\/www.facebook.com\/sanjuandeportesok","https:\/\/x.com\/SanJuanDeportes","https:\/\/www.instagram.com\/sanjuandeportes"]},{"@type":"Person","@id":"https:\/\/www.sanjuandeportes.com\/wp\/#\/schema\/person\/eda4d8e62a5d42b111781e3cdfcb9c3a","name":"Pablo Pujado","image":{"@type":"ImageObject","inLanguage":"es","@id":"https:\/\/secure.gravatar.com\/avatar\/310b69d28112912c333408a462a9837208de951b1e7c11514781740412f648b1?s=96&d=mm&r=g","url":"https:\/\/secure.gravatar.com\/avatar\/310b69d28112912c333408a462a9837208de951b1e7c11514781740412f648b1?s=96&d=mm&r=g","contentUrl":"https:\/\/secure.gravatar.com\/avatar\/310b69d28112912c333408a462a9837208de951b1e7c11514781740412f648b1?s=96&d=mm&r=g","caption":"Pablo Pujado"},"url":"https:\/\/www.sanjuandeportes.com\/wp\/author\/pablo-pujado\/"}]}},"_links":{"self":[{"href":"https:\/\/www.sanjuandeportes.com\/wp\/wp-json\/wp\/v2\/posts\/15212","targetHints":{"allow":["GET"]}}],"collection":[{"href":"https:\/\/www.sanjuandeportes.com\/wp\/wp-json\/wp\/v2\/posts"}],"about":[{"href":"https:\/\/www.sanjuandeportes.com\/wp\/wp-json\/wp\/v2\/types\/post"}],"author":[{"embeddable":true,"href":"https:\/\/www.sanjuandeportes.com\/wp\/wp-json\/wp\/v2\/users\/5"}],"replies":[{"embeddable":true,"href":"https:\/\/www.sanjuandeportes.com\/wp\/wp-json\/wp\/v2\/comments?post=15212"}],"version-history":[{"count":1,"href":"https:\/\/www.sanjuandeportes.com\/wp\/wp-json\/wp\/v2\/posts\/15212\/revisions"}],"predecessor-version":[{"id":15214,"href":"https:\/\/www.sanjuandeportes.com\/wp\/wp-json\/wp\/v2\/posts\/15212\/revisions\/15214"}],"wp:featuredmedia":[{"embeddable":true,"href":"https:\/\/www.sanjuandeportes.com\/wp\/wp-json\/wp\/v2\/media\/15213"}],"wp:attachment":[{"href":"https:\/\/www.sanjuandeportes.com\/wp\/wp-json\/wp\/v2\/media?parent=15212"}],"wp:term":[{"taxonomy":"category","embeddable":true,"href":"https:\/\/www.sanjuandeportes.com\/wp\/wp-json\/wp\/v2\/categories?post=15212"},{"taxonomy":"post_tag","embeddable":true,"href":"https:\/\/www.sanjuandeportes.com\/wp\/wp-json\/wp\/v2\/tags?post=15212"}],"curies":[{"name":"wp","href":"https:\/\/api.w.org\/{rel}","templated":true}]}}