{"id":15241,"date":"2022-03-02T16:26:24","date_gmt":"2022-03-02T16:26:24","guid":{"rendered":"http:\/\/www.sanjuandeportes.com\/wp\/?p=15241"},"modified":"2022-03-03T17:05:25","modified_gmt":"2022-03-03T17:05:25","slug":"unsj-y-banco-hispano-arrancaron-la-liga-federal-en-la-rioja","status":"publish","type":"post","link":"https:\/\/www.sanjuandeportes.com\/wp\/2022\/03\/02\/unsj-y-banco-hispano-arrancaron-la-liga-federal-en-la-rioja\/","title":{"rendered":"UNSJ y Banco Hispano arrancaron la Liga Federal en La Rioja"},"content":{"rendered":"\n<p class=\"wp-block-paragraph\"><strong><em>Inici\u00f3 el martes en ramas femenina y masculina, con continuidad de partidos para este mi\u00e9rcoles y hasta el 9 de marzo<\/em><\/strong><\/p>\n\n\n\n<p class=\"wp-block-paragraph\">Con sede en la provincia de La Rioja, la Liga Federal 2022 de v\u00f3leibol comenz\u00f3 a disputar su fase inicial, con la participaci\u00f3n de los equipos sanjuaninos Banco Hispano y UNSJ en rama femenina y Banco Hispano en la masculina.<\/p>\n\n\n\n<p class=\"wp-block-paragraph\">Las chicas tuvieron un arranque complicado ya que amos equipos cayeron en sus partidos de primera jornada. Hispano cay\u00f3 con Universitario de C\u00f3rdoba por 3 a 0, con parciales 25\/11 25\/11 25\/18, integrando la zona A, mientras que Las Patitas perdieron con El Bigu\u00e1 de Neuqu\u00e9n por 3 a 1 con parciales 14\/25 25\/16 18\/25 19\/25, dentro de la Zona C.<\/p>\n\n\n\n<p class=\"wp-block-paragraph\">Entre los partidos de hoy mi\u00e9rcoles se vienen cruces importantes para seguir buscando las chances de clasificar entre los mejores. Las primeras en salir a la cancha son Las Patitas, dirigidas por Silvio \u201cToti\u201d Fern\u00e1ndez, que desde las 9, buscar\u00e1n rehabilitarse enfrentando a Salta V\u00f3ley, que cay\u00f3 en su primer partido con Universidad de La Matanza por 3 a 0, mientras que en horas de la tarde, se medir\u00e1n con Mendoza de Regatas (19 hs), que viene de derrotar a Liniers de Bah\u00eda Blanca por 3 a 0. Las chicas Hispanas, entrenadas por Duilio Ventimiglia, enfrentar\u00e1n a las 11, a Fundarte de Tucum\u00e1n, que viene de perder con Municipalidad de Lomas de Zamora por 3 a 1.<\/p>\n\n\n\n<p class=\"wp-block-paragraph\">Los varones de Banco Hispano, dirigidos por Roberto Al\u00f3s, sacaron un triunfo importante en la zona 3 por 3 a 0 frente a Municipalidad de Lomas de Zamora con parciales 25\/22 25\/20 25\/15. Hay mi\u00e9rcoles desde las 11 hs jugar\u00e1n sus segundo partido enfrentando a Liniers de Bah\u00eda Blanca, que viene de caer con Boca por 3 a 0.<\/p>\n\n\n\n<p class=\"wp-block-paragraph\"><strong>El fixture de partidos para los equipos sanjuaninos en la fase inicial, es el siguiente:<\/strong><\/p>\n\n\n\n<h3 class=\"wp-block-heading\"><strong>Rama Femenina<\/strong><\/h3>\n\n\n\n<p class=\"wp-block-paragraph\"><strong>Martes 1 de marzo<br><\/strong>Zona A &#8211; Banco Hispano 0 \u2013 Universitario Cba 3 &#8211; 11\/25 11\/25 18\/25<br>Zona C \u2013 UNSJ 1 \u2013 El Bigu\u00e1 (Nqn) 3 &#8211; 14\/25 25\/16 18\/25 19\/25<\/p>\n\n\n\n<p class=\"wp-block-paragraph\"><strong>Mi\u00e9rcoles 2 de marzo<br><\/strong>09:00 hs \u2013 Zona C \u2013 UNSJ vs Salta V\u00f3ley<br>11:00 hs \u2013 Zona A \u2013 Banco Hispano vs Fundarte (Tuc)<br>19:00 hs \u2013 Zona C \u2013 UNSJ vs Mendoza de Regatas<\/p>\n\n\n\n<p class=\"wp-block-paragraph\"><strong>Jueves 3 de marzo<br><\/strong>09:00 hs \u2013 Zona A \u2013 Banco Hispano vs Brujas (Mis)<br>17:00 hs \u2013 Zona C \u2013 UNSJ vs Liniers (B.Blanca)<br>19:00 hs \u2013 Zona A \u2013 Banco Hispano vs Olimpo (B. Blanca)<\/p>\n\n\n\n<p class=\"wp-block-paragraph\"><strong>Viernes 4 de marzo<br><\/strong>09:00 hs \u2013 Zona A \u2013 Banco Hispano vs Selecci\u00f3n Nacional<br>17:00 hs \u2013 Zona C \u2013 UNSJ vs Universidad de La Matanza<br>09:00 hs \u2013 Zona A \u2013 Banco Hispano vs Municipalidad de Lomas de Zamora<\/p>\n\n\n\n<h3 class=\"wp-block-heading\"><strong>Rama Masculina<\/strong><\/h3>\n\n\n\n<p class=\"wp-block-paragraph\"><strong>Martes 1 de marzo<br><\/strong>Zona 3 \u2013 Banco Hispano 3 \u2013 Municipalidad de Lomas de Zamora 0 &#8211; 25\/22 25\/20 25\/15<br><br><strong>Mi\u00e9rcoles 2 de marzo<br><\/strong>11:00 hs \u2013 Zona 3 \u2013 Banco Hispano vs Liniers (B. Blanca)<br><br><strong>Jueves 3 de marzo<br><\/strong>09:00 hs \u2013 Zona 3 \u2013 Banco Hispano vs Boca Juniors<br><br><strong>Viernes 4 de marzo<br><\/strong>17:00 hs \u2013 Zona A \u2013 Banco Hispano vs CEF N\u00ba 5 (LR)<br><br>Desde el s\u00e1bado 5, comenzar\u00e1n a disputarse las zonas triangulares del 1\u00ba al 12\u00ba, para los mejores clasificados, y del 13\u00ba al 18\u00ba o 19\u00ba para las restantes posiciones.<\/p>\n\n\n\n<p class=\"wp-block-paragraph\">Fuente: Si San Juan<\/p>\n","protected":false},"excerpt":{"rendered":"<p>Inici\u00f3 el martes en ramas femenina y masculina, con continuidad de partidos para este mi\u00e9rcoles y hasta el 9 de marzo Con sede en la provincia de La Rioja, la Liga Federal 2022 de v\u00f3leibol comenz\u00f3 a disputar su fase inicial, con la participaci\u00f3n de los equipos sanjuaninos Banco Hispano y UNSJ en rama femenina [&hellip;]<\/p>\n","protected":false},"author":5,"featured_media":15242,"comment_status":"open","ping_status":"open","sticky":false,"template":"","format":"standard","meta":{"footnotes":""},"categories":[1255,178,34],"tags":[],"class_list":["post-15241","post","type-post","status-publish","format-standard","has-post-thumbnail","hentry","category-argentina","category-san-juan","category-voley"],"yoast_head":"<!-- This site is optimized with the Yoast SEO plugin v28.2 - https:\/\/yoast.com\/product\/yoast-seo-wordpress\/ -->\n<title>UNSJ y Banco Hispano arrancaron la Liga Federal en La Rioja - San Juan Deportes<\/title>\n<meta name=\"robots\" content=\"index, follow, max-snippet:-1, max-image-preview:large, max-video-preview:-1\" \/>\n<link rel=\"canonical\" href=\"https:\/\/www.sanjuandeportes.com\/wp\/2022\/03\/02\/unsj-y-banco-hispano-arrancaron-la-liga-federal-en-la-rioja\/\" \/>\n<meta property=\"og:locale\" content=\"es_ES\" \/>\n<meta property=\"og:type\" content=\"article\" \/>\n<meta property=\"og:title\" content=\"UNSJ y Banco Hispano arrancaron la Liga Federal en La Rioja - San Juan Deportes\" \/>\n<meta property=\"og:description\" content=\"Inici\u00f3 el martes en ramas femenina y masculina, con continuidad de partidos para este mi\u00e9rcoles y hasta el 9 de marzo Con sede en la provincia de La Rioja, la Liga Federal 2022 de v\u00f3leibol comenz\u00f3 a disputar su fase inicial, con la participaci\u00f3n de los equipos sanjuaninos Banco Hispano y UNSJ en rama femenina [&hellip;]\" \/>\n<meta property=\"og:url\" content=\"https:\/\/www.sanjuandeportes.com\/wp\/2022\/03\/02\/unsj-y-banco-hispano-arrancaron-la-liga-federal-en-la-rioja\/\" \/>\n<meta property=\"og:site_name\" content=\"San Juan Deportes\" \/>\n<meta property=\"article:publisher\" content=\"https:\/\/www.facebook.com\/sanjuandeportesok\" \/>\n<meta property=\"article:published_time\" content=\"2022-03-02T16:26:24+00:00\" \/>\n<meta property=\"article:modified_time\" content=\"2022-03-03T17:05:25+00:00\" \/>\n<meta property=\"og:image\" content=\"https:\/\/www.sanjuandeportes.com\/wp\/wp-content\/uploads\/2022\/03\/fc089310fe5079c785b91faedbe7aff7_L.jpg\" \/>\n\t<meta property=\"og:image:width\" content=\"782\" \/>\n\t<meta property=\"og:image:height\" content=\"440\" \/>\n\t<meta property=\"og:image:type\" content=\"image\/jpeg\" \/>\n<meta name=\"author\" content=\"Pablo Pujado\" \/>\n<meta name=\"twitter:card\" content=\"summary_large_image\" \/>\n<meta name=\"twitter:creator\" content=\"@SanJuanDeportes\" \/>\n<meta name=\"twitter:site\" content=\"@SanJuanDeportes\" \/>\n<meta name=\"twitter:label1\" content=\"Escrito por\" \/>\n\t<meta name=\"twitter:data1\" content=\"Pablo Pujado\" \/>\n\t<meta name=\"twitter:label2\" content=\"Tiempo de lectura\" \/>\n\t<meta name=\"twitter:data2\" content=\"2 minutos\" \/>\n<script type=\"application\/ld+json\" class=\"yoast-schema-graph\">{\"@context\":\"https:\\\/\\\/schema.org\",\"@graph\":[{\"@type\":\"Article\",\"@id\":\"https:\\\/\\\/www.sanjuandeportes.com\\\/wp\\\/2022\\\/03\\\/02\\\/unsj-y-banco-hispano-arrancaron-la-liga-federal-en-la-rioja\\\/#article\",\"isPartOf\":{\"@id\":\"https:\\\/\\\/www.sanjuandeportes.com\\\/wp\\\/2022\\\/03\\\/02\\\/unsj-y-banco-hispano-arrancaron-la-liga-federal-en-la-rioja\\\/\"},\"author\":{\"name\":\"Pablo Pujado\",\"@id\":\"https:\\\/\\\/www.sanjuandeportes.com\\\/wp\\\/#\\\/schema\\\/person\\\/eda4d8e62a5d42b111781e3cdfcb9c3a\"},\"headline\":\"UNSJ y Banco Hispano arrancaron la Liga Federal en La Rioja\",\"datePublished\":\"2022-03-02T16:26:24+00:00\",\"dateModified\":\"2022-03-03T17:05:25+00:00\",\"mainEntityOfPage\":{\"@id\":\"https:\\\/\\\/www.sanjuandeportes.com\\\/wp\\\/2022\\\/03\\\/02\\\/unsj-y-banco-hispano-arrancaron-la-liga-federal-en-la-rioja\\\/\"},\"wordCount\":495,\"commentCount\":0,\"publisher\":{\"@id\":\"https:\\\/\\\/www.sanjuandeportes.com\\\/wp\\\/#organization\"},\"image\":{\"@id\":\"https:\\\/\\\/www.sanjuandeportes.com\\\/wp\\\/2022\\\/03\\\/02\\\/unsj-y-banco-hispano-arrancaron-la-liga-federal-en-la-rioja\\\/#primaryimage\"},\"thumbnailUrl\":\"https:\\\/\\\/www.sanjuandeportes.com\\\/wp\\\/wp-content\\\/uploads\\\/2022\\\/03\\\/fc089310fe5079c785b91faedbe7aff7_L.jpg\",\"articleSection\":[\"Argentina\",\"San Juan\",\"Voley\"],\"inLanguage\":\"es\",\"potentialAction\":[{\"@type\":\"CommentAction\",\"name\":\"Comment\",\"target\":[\"https:\\\/\\\/www.sanjuandeportes.com\\\/wp\\\/2022\\\/03\\\/02\\\/unsj-y-banco-hispano-arrancaron-la-liga-federal-en-la-rioja\\\/#respond\"]}]},{\"@type\":\"WebPage\",\"@id\":\"https:\\\/\\\/www.sanjuandeportes.com\\\/wp\\\/2022\\\/03\\\/02\\\/unsj-y-banco-hispano-arrancaron-la-liga-federal-en-la-rioja\\\/\",\"url\":\"https:\\\/\\\/www.sanjuandeportes.com\\\/wp\\\/2022\\\/03\\\/02\\\/unsj-y-banco-hispano-arrancaron-la-liga-federal-en-la-rioja\\\/\",\"name\":\"UNSJ y Banco Hispano arrancaron la Liga Federal en La Rioja - San Juan Deportes\",\"isPartOf\":{\"@id\":\"https:\\\/\\\/www.sanjuandeportes.com\\\/wp\\\/#website\"},\"primaryImageOfPage\":{\"@id\":\"https:\\\/\\\/www.sanjuandeportes.com\\\/wp\\\/2022\\\/03\\\/02\\\/unsj-y-banco-hispano-arrancaron-la-liga-federal-en-la-rioja\\\/#primaryimage\"},\"image\":{\"@id\":\"https:\\\/\\\/www.sanjuandeportes.com\\\/wp\\\/2022\\\/03\\\/02\\\/unsj-y-banco-hispano-arrancaron-la-liga-federal-en-la-rioja\\\/#primaryimage\"},\"thumbnailUrl\":\"https:\\\/\\\/www.sanjuandeportes.com\\\/wp\\\/wp-content\\\/uploads\\\/2022\\\/03\\\/fc089310fe5079c785b91faedbe7aff7_L.jpg\",\"datePublished\":\"2022-03-02T16:26:24+00:00\",\"dateModified\":\"2022-03-03T17:05:25+00:00\",\"breadcrumb\":{\"@id\":\"https:\\\/\\\/www.sanjuandeportes.com\\\/wp\\\/2022\\\/03\\\/02\\\/unsj-y-banco-hispano-arrancaron-la-liga-federal-en-la-rioja\\\/#breadcrumb\"},\"inLanguage\":\"es\",\"potentialAction\":[{\"@type\":\"ReadAction\",\"target\":[\"https:\\\/\\\/www.sanjuandeportes.com\\\/wp\\\/2022\\\/03\\\/02\\\/unsj-y-banco-hispano-arrancaron-la-liga-federal-en-la-rioja\\\/\"]}]},{\"@type\":\"ImageObject\",\"inLanguage\":\"es\",\"@id\":\"https:\\\/\\\/www.sanjuandeportes.com\\\/wp\\\/2022\\\/03\\\/02\\\/unsj-y-banco-hispano-arrancaron-la-liga-federal-en-la-rioja\\\/#primaryimage\",\"url\":\"https:\\\/\\\/www.sanjuandeportes.com\\\/wp\\\/wp-content\\\/uploads\\\/2022\\\/03\\\/fc089310fe5079c785b91faedbe7aff7_L.jpg\",\"contentUrl\":\"https:\\\/\\\/www.sanjuandeportes.com\\\/wp\\\/wp-content\\\/uploads\\\/2022\\\/03\\\/fc089310fe5079c785b91faedbe7aff7_L.jpg\",\"width\":782,\"height\":440},{\"@type\":\"BreadcrumbList\",\"@id\":\"https:\\\/\\\/www.sanjuandeportes.com\\\/wp\\\/2022\\\/03\\\/02\\\/unsj-y-banco-hispano-arrancaron-la-liga-federal-en-la-rioja\\\/#breadcrumb\",\"itemListElement\":[{\"@type\":\"ListItem\",\"position\":1,\"name\":\"Portada\",\"item\":\"http:\\\/\\\/www.sanjuandeportes.com\\\/wp\\\/\"},{\"@type\":\"ListItem\",\"position\":2,\"name\":\"UNSJ y Banco Hispano arrancaron la Liga Federal en La Rioja\"}]},{\"@type\":\"WebSite\",\"@id\":\"https:\\\/\\\/www.sanjuandeportes.com\\\/wp\\\/#website\",\"url\":\"https:\\\/\\\/www.sanjuandeportes.com\\\/wp\\\/\",\"name\":\"San Juan Deportes\",\"description\":\"El sitio de deportes de la provincia de San Juan\",\"publisher\":{\"@id\":\"https:\\\/\\\/www.sanjuandeportes.com\\\/wp\\\/#organization\"},\"potentialAction\":[{\"@type\":\"SearchAction\",\"target\":{\"@type\":\"EntryPoint\",\"urlTemplate\":\"https:\\\/\\\/www.sanjuandeportes.com\\\/wp\\\/?s={search_term_string}\"},\"query-input\":{\"@type\":\"PropertyValueSpecification\",\"valueRequired\":true,\"valueName\":\"search_term_string\"}}],\"inLanguage\":\"es\"},{\"@type\":\"Organization\",\"@id\":\"https:\\\/\\\/www.sanjuandeportes.com\\\/wp\\\/#organization\",\"name\":\"San Juan Deportes\",\"url\":\"https:\\\/\\\/www.sanjuandeportes.com\\\/wp\\\/\",\"logo\":{\"@type\":\"ImageObject\",\"inLanguage\":\"es\",\"@id\":\"https:\\\/\\\/www.sanjuandeportes.com\\\/wp\\\/#\\\/schema\\\/logo\\\/image\\\/\",\"url\":\"https:\\\/\\\/www.sanjuandeportes.com\\\/wp\\\/wp-content\\\/uploads\\\/unnamed.jpg\",\"contentUrl\":\"https:\\\/\\\/www.sanjuandeportes.com\\\/wp\\\/wp-content\\\/uploads\\\/unnamed.jpg\",\"width\":900,\"height\":900,\"caption\":\"San Juan Deportes\"},\"image\":{\"@id\":\"https:\\\/\\\/www.sanjuandeportes.com\\\/wp\\\/#\\\/schema\\\/logo\\\/image\\\/\"},\"sameAs\":[\"https:\\\/\\\/www.facebook.com\\\/sanjuandeportesok\",\"https:\\\/\\\/x.com\\\/SanJuanDeportes\",\"https:\\\/\\\/www.instagram.com\\\/sanjuandeportes\"]},{\"@type\":\"Person\",\"@id\":\"https:\\\/\\\/www.sanjuandeportes.com\\\/wp\\\/#\\\/schema\\\/person\\\/eda4d8e62a5d42b111781e3cdfcb9c3a\",\"name\":\"Pablo Pujado\",\"image\":{\"@type\":\"ImageObject\",\"inLanguage\":\"es\",\"@id\":\"https:\\\/\\\/secure.gravatar.com\\\/avatar\\\/310b69d28112912c333408a462a9837208de951b1e7c11514781740412f648b1?s=96&d=mm&r=g\",\"url\":\"https:\\\/\\\/secure.gravatar.com\\\/avatar\\\/310b69d28112912c333408a462a9837208de951b1e7c11514781740412f648b1?s=96&d=mm&r=g\",\"contentUrl\":\"https:\\\/\\\/secure.gravatar.com\\\/avatar\\\/310b69d28112912c333408a462a9837208de951b1e7c11514781740412f648b1?s=96&d=mm&r=g\",\"caption\":\"Pablo Pujado\"},\"url\":\"https:\\\/\\\/www.sanjuandeportes.com\\\/wp\\\/author\\\/pablo-pujado\\\/\"}]}<\/script>\n<!-- \/ Yoast SEO plugin. -->","yoast_head_json":{"title":"UNSJ y Banco Hispano arrancaron la Liga Federal en La Rioja - San Juan Deportes","robots":{"index":"index","follow":"follow","max-snippet":"max-snippet:-1","max-image-preview":"max-image-preview:large","max-video-preview":"max-video-preview:-1"},"canonical":"https:\/\/www.sanjuandeportes.com\/wp\/2022\/03\/02\/unsj-y-banco-hispano-arrancaron-la-liga-federal-en-la-rioja\/","og_locale":"es_ES","og_type":"article","og_title":"UNSJ y Banco Hispano arrancaron la Liga Federal en La Rioja - San Juan Deportes","og_description":"Inici\u00f3 el martes en ramas femenina y masculina, con continuidad de partidos para este mi\u00e9rcoles y hasta el 9 de marzo Con sede en la provincia de La Rioja, la Liga Federal 2022 de v\u00f3leibol comenz\u00f3 a disputar su fase inicial, con la participaci\u00f3n de los equipos sanjuaninos Banco Hispano y UNSJ en rama femenina [&hellip;]","og_url":"https:\/\/www.sanjuandeportes.com\/wp\/2022\/03\/02\/unsj-y-banco-hispano-arrancaron-la-liga-federal-en-la-rioja\/","og_site_name":"San Juan Deportes","article_publisher":"https:\/\/www.facebook.com\/sanjuandeportesok","article_published_time":"2022-03-02T16:26:24+00:00","article_modified_time":"2022-03-03T17:05:25+00:00","og_image":[{"width":782,"height":440,"url":"https:\/\/www.sanjuandeportes.com\/wp\/wp-content\/uploads\/2022\/03\/fc089310fe5079c785b91faedbe7aff7_L.jpg","type":"image\/jpeg"}],"author":"Pablo Pujado","twitter_card":"summary_large_image","twitter_creator":"@SanJuanDeportes","twitter_site":"@SanJuanDeportes","twitter_misc":{"Escrito por":"Pablo Pujado","Tiempo de lectura":"2 minutos"},"schema":{"@context":"https:\/\/schema.org","@graph":[{"@type":"Article","@id":"https:\/\/www.sanjuandeportes.com\/wp\/2022\/03\/02\/unsj-y-banco-hispano-arrancaron-la-liga-federal-en-la-rioja\/#article","isPartOf":{"@id":"https:\/\/www.sanjuandeportes.com\/wp\/2022\/03\/02\/unsj-y-banco-hispano-arrancaron-la-liga-federal-en-la-rioja\/"},"author":{"name":"Pablo Pujado","@id":"https:\/\/www.sanjuandeportes.com\/wp\/#\/schema\/person\/eda4d8e62a5d42b111781e3cdfcb9c3a"},"headline":"UNSJ y Banco Hispano arrancaron la Liga Federal en La Rioja","datePublished":"2022-03-02T16:26:24+00:00","dateModified":"2022-03-03T17:05:25+00:00","mainEntityOfPage":{"@id":"https:\/\/www.sanjuandeportes.com\/wp\/2022\/03\/02\/unsj-y-banco-hispano-arrancaron-la-liga-federal-en-la-rioja\/"},"wordCount":495,"commentCount":0,"publisher":{"@id":"https:\/\/www.sanjuandeportes.com\/wp\/#organization"},"image":{"@id":"https:\/\/www.sanjuandeportes.com\/wp\/2022\/03\/02\/unsj-y-banco-hispano-arrancaron-la-liga-federal-en-la-rioja\/#primaryimage"},"thumbnailUrl":"https:\/\/www.sanjuandeportes.com\/wp\/wp-content\/uploads\/2022\/03\/fc089310fe5079c785b91faedbe7aff7_L.jpg","articleSection":["Argentina","San Juan","Voley"],"inLanguage":"es","potentialAction":[{"@type":"CommentAction","name":"Comment","target":["https:\/\/www.sanjuandeportes.com\/wp\/2022\/03\/02\/unsj-y-banco-hispano-arrancaron-la-liga-federal-en-la-rioja\/#respond"]}]},{"@type":"WebPage","@id":"https:\/\/www.sanjuandeportes.com\/wp\/2022\/03\/02\/unsj-y-banco-hispano-arrancaron-la-liga-federal-en-la-rioja\/","url":"https:\/\/www.sanjuandeportes.com\/wp\/2022\/03\/02\/unsj-y-banco-hispano-arrancaron-la-liga-federal-en-la-rioja\/","name":"UNSJ y Banco Hispano arrancaron la Liga Federal en La Rioja - San Juan Deportes","isPartOf":{"@id":"https:\/\/www.sanjuandeportes.com\/wp\/#website"},"primaryImageOfPage":{"@id":"https:\/\/www.sanjuandeportes.com\/wp\/2022\/03\/02\/unsj-y-banco-hispano-arrancaron-la-liga-federal-en-la-rioja\/#primaryimage"},"image":{"@id":"https:\/\/www.sanjuandeportes.com\/wp\/2022\/03\/02\/unsj-y-banco-hispano-arrancaron-la-liga-federal-en-la-rioja\/#primaryimage"},"thumbnailUrl":"https:\/\/www.sanjuandeportes.com\/wp\/wp-content\/uploads\/2022\/03\/fc089310fe5079c785b91faedbe7aff7_L.jpg","datePublished":"2022-03-02T16:26:24+00:00","dateModified":"2022-03-03T17:05:25+00:00","breadcrumb":{"@id":"https:\/\/www.sanjuandeportes.com\/wp\/2022\/03\/02\/unsj-y-banco-hispano-arrancaron-la-liga-federal-en-la-rioja\/#breadcrumb"},"inLanguage":"es","potentialAction":[{"@type":"ReadAction","target":["https:\/\/www.sanjuandeportes.com\/wp\/2022\/03\/02\/unsj-y-banco-hispano-arrancaron-la-liga-federal-en-la-rioja\/"]}]},{"@type":"ImageObject","inLanguage":"es","@id":"https:\/\/www.sanjuandeportes.com\/wp\/2022\/03\/02\/unsj-y-banco-hispano-arrancaron-la-liga-federal-en-la-rioja\/#primaryimage","url":"https:\/\/www.sanjuandeportes.com\/wp\/wp-content\/uploads\/2022\/03\/fc089310fe5079c785b91faedbe7aff7_L.jpg","contentUrl":"https:\/\/www.sanjuandeportes.com\/wp\/wp-content\/uploads\/2022\/03\/fc089310fe5079c785b91faedbe7aff7_L.jpg","width":782,"height":440},{"@type":"BreadcrumbList","@id":"https:\/\/www.sanjuandeportes.com\/wp\/2022\/03\/02\/unsj-y-banco-hispano-arrancaron-la-liga-federal-en-la-rioja\/#breadcrumb","itemListElement":[{"@type":"ListItem","position":1,"name":"Portada","item":"http:\/\/www.sanjuandeportes.com\/wp\/"},{"@type":"ListItem","position":2,"name":"UNSJ y Banco Hispano arrancaron la Liga Federal en La Rioja"}]},{"@type":"WebSite","@id":"https:\/\/www.sanjuandeportes.com\/wp\/#website","url":"https:\/\/www.sanjuandeportes.com\/wp\/","name":"San Juan Deportes","description":"El sitio de deportes de la provincia de San Juan","publisher":{"@id":"https:\/\/www.sanjuandeportes.com\/wp\/#organization"},"potentialAction":[{"@type":"SearchAction","target":{"@type":"EntryPoint","urlTemplate":"https:\/\/www.sanjuandeportes.com\/wp\/?s={search_term_string}"},"query-input":{"@type":"PropertyValueSpecification","valueRequired":true,"valueName":"search_term_string"}}],"inLanguage":"es"},{"@type":"Organization","@id":"https:\/\/www.sanjuandeportes.com\/wp\/#organization","name":"San Juan Deportes","url":"https:\/\/www.sanjuandeportes.com\/wp\/","logo":{"@type":"ImageObject","inLanguage":"es","@id":"https:\/\/www.sanjuandeportes.com\/wp\/#\/schema\/logo\/image\/","url":"https:\/\/www.sanjuandeportes.com\/wp\/wp-content\/uploads\/unnamed.jpg","contentUrl":"https:\/\/www.sanjuandeportes.com\/wp\/wp-content\/uploads\/unnamed.jpg","width":900,"height":900,"caption":"San Juan Deportes"},"image":{"@id":"https:\/\/www.sanjuandeportes.com\/wp\/#\/schema\/logo\/image\/"},"sameAs":["https:\/\/www.facebook.com\/sanjuandeportesok","https:\/\/x.com\/SanJuanDeportes","https:\/\/www.instagram.com\/sanjuandeportes"]},{"@type":"Person","@id":"https:\/\/www.sanjuandeportes.com\/wp\/#\/schema\/person\/eda4d8e62a5d42b111781e3cdfcb9c3a","name":"Pablo Pujado","image":{"@type":"ImageObject","inLanguage":"es","@id":"https:\/\/secure.gravatar.com\/avatar\/310b69d28112912c333408a462a9837208de951b1e7c11514781740412f648b1?s=96&d=mm&r=g","url":"https:\/\/secure.gravatar.com\/avatar\/310b69d28112912c333408a462a9837208de951b1e7c11514781740412f648b1?s=96&d=mm&r=g","contentUrl":"https:\/\/secure.gravatar.com\/avatar\/310b69d28112912c333408a462a9837208de951b1e7c11514781740412f648b1?s=96&d=mm&r=g","caption":"Pablo Pujado"},"url":"https:\/\/www.sanjuandeportes.com\/wp\/author\/pablo-pujado\/"}]}},"_links":{"self":[{"href":"https:\/\/www.sanjuandeportes.com\/wp\/wp-json\/wp\/v2\/posts\/15241","targetHints":{"allow":["GET"]}}],"collection":[{"href":"https:\/\/www.sanjuandeportes.com\/wp\/wp-json\/wp\/v2\/posts"}],"about":[{"href":"https:\/\/www.sanjuandeportes.com\/wp\/wp-json\/wp\/v2\/types\/post"}],"author":[{"embeddable":true,"href":"https:\/\/www.sanjuandeportes.com\/wp\/wp-json\/wp\/v2\/users\/5"}],"replies":[{"embeddable":true,"href":"https:\/\/www.sanjuandeportes.com\/wp\/wp-json\/wp\/v2\/comments?post=15241"}],"version-history":[{"count":1,"href":"https:\/\/www.sanjuandeportes.com\/wp\/wp-json\/wp\/v2\/posts\/15241\/revisions"}],"predecessor-version":[{"id":15243,"href":"https:\/\/www.sanjuandeportes.com\/wp\/wp-json\/wp\/v2\/posts\/15241\/revisions\/15243"}],"wp:featuredmedia":[{"embeddable":true,"href":"https:\/\/www.sanjuandeportes.com\/wp\/wp-json\/wp\/v2\/media\/15242"}],"wp:attachment":[{"href":"https:\/\/www.sanjuandeportes.com\/wp\/wp-json\/wp\/v2\/media?parent=15241"}],"wp:term":[{"taxonomy":"category","embeddable":true,"href":"https:\/\/www.sanjuandeportes.com\/wp\/wp-json\/wp\/v2\/categories?post=15241"},{"taxonomy":"post_tag","embeddable":true,"href":"https:\/\/www.sanjuandeportes.com\/wp\/wp-json\/wp\/v2\/tags?post=15241"}],"curies":[{"name":"wp","href":"https:\/\/api.w.org\/{rel}","templated":true}]}}