{"id":15519,"date":"2022-03-30T17:56:21","date_gmt":"2022-03-30T17:56:21","guid":{"rendered":"http:\/\/www.sanjuandeportes.com\/wp\/?p=15519"},"modified":"2022-03-31T17:16:33","modified_gmt":"2022-03-31T17:16:33","slug":"powerlifting-se-viene-el-cierre-de-inscripcion-para-el-torneo-zonal","status":"publish","type":"post","link":"https:\/\/www.sanjuandeportes.com\/wp\/2022\/03\/30\/powerlifting-se-viene-el-cierre-de-inscripcion-para-el-torneo-zonal\/","title":{"rendered":"Powerlifting: se viene el cierre de inscripci\u00f3n para el Torneo Zonal"},"content":{"rendered":"\n<p class=\"wp-block-paragraph\">El pr\u00f3ximo 7 de mayo se realizar\u00e1 en San Juan el \u201cTorneo Zonal\u201d de Powerlifting clasificatorio al nacional. Es por eso que desde el equipo de Ramiro Mosquera insisten que el pr\u00f3ximo domingo cierran las inscripciones e invitan a todos los atletas que se quieran sumar.<\/p>\n\n\n\n<p class=\"wp-block-paragraph\">El evento se desarrollar\u00e1 en el Gimnasio \u201cFit Life\u201d, ubicado en Rivadavia calle Mat\u00edas Zavalla 1027 Norte y es organizado por Argentina Powerlifting League. Entre los requisitos para participar se requiere ser mayor de 15 a\u00f1os y el costo de la inscripci\u00f3n es de $3000<\/p>\n\n\n\n<p class=\"wp-block-paragraph\">Se espera la participaci\u00f3n de m\u00e1s de 25 deportistas, entre ellos de la provincia de Mendoza y San Luis. Para m\u00e1s informaci\u00f3n podes contactarte al tel\u00e9fono: 2645 27-3124.<\/p>\n\n\n\n<figure class=\"wp-block-image size-large is-resized\"><img decoding=\"async\" data-src=\"http:\/\/www.sanjuandeportes.com\/wp\/wp-content\/uploads\/2022\/03\/cd-1024x766.jpg\" alt=\"\" class=\"wp-image-15521 lazyload\" width=\"827\" height=\"618\" data-srcset=\"https:\/\/www.sanjuandeportes.com\/wp\/wp-content\/uploads\/2022\/03\/cd-1024x766.jpg 1024w, https:\/\/www.sanjuandeportes.com\/wp\/wp-content\/uploads\/2022\/03\/cd-300x225.jpg 300w, https:\/\/www.sanjuandeportes.com\/wp\/wp-content\/uploads\/2022\/03\/cd-768x575.jpg 768w, https:\/\/www.sanjuandeportes.com\/wp\/wp-content\/uploads\/2022\/03\/cd-80x60.jpg 80w, https:\/\/www.sanjuandeportes.com\/wp\/wp-content\/uploads\/2022\/03\/cd-265x198.jpg 265w, https:\/\/www.sanjuandeportes.com\/wp\/wp-content\/uploads\/2022\/03\/cd-696x521.jpg 696w, https:\/\/www.sanjuandeportes.com\/wp\/wp-content\/uploads\/2022\/03\/cd-1068x799.jpg 1068w, https:\/\/www.sanjuandeportes.com\/wp\/wp-content\/uploads\/2022\/03\/cd-561x420.jpg 561w, https:\/\/www.sanjuandeportes.com\/wp\/wp-content\/uploads\/2022\/03\/cd.jpg 1280w\" data-sizes=\"(max-width: 827px) 100vw, 827px\" src=\"data:image\/svg+xml;base64,PHN2ZyB3aWR0aD0iMSIgaGVpZ2h0PSIxIiB4bWxucz0iaHR0cDovL3d3dy53My5vcmcvMjAwMC9zdmciPjwvc3ZnPg==\" style=\"--smush-placeholder-width: 827px; --smush-placeholder-aspect-ratio: 827\/618;\" \/><figcaption>El <strong>equipo organizador <\/strong>listo<\/figcaption><\/figure>\n\n\n\n<p class=\"wp-block-paragraph\"><strong>\u00bfQU\u00c9 ES EL POWERLIFTING?<\/strong><\/p>\n\n\n\n<p class=\"wp-block-paragraph\">El\u00a0powerlifting\u00a0o\u00a0levantamiento de potencia\u00a0es un deporte de fuerza que consiste en la realizaci\u00f3n de tres ejercicios de levantamiento de peso: la\u00a0sentadilla, el\u00a0press\u00a0de banca\u00a0y el\u00a0peso muerto.<\/p>\n\n\n\n<figure class=\"wp-block-image\"><img decoding=\"async\" data-src=\"https:\/\/www.delfuegonoticias.com.ar\/public\/images\/noticias\/17068.jpg\" alt=\"Provinciales: El Powerlifting se hizo presente en el Centro Deportivo  Municipal\" src=\"data:image\/svg+xml;base64,PHN2ZyB3aWR0aD0iMSIgaGVpZ2h0PSIxIiB4bWxucz0iaHR0cDovL3d3dy53My5vcmcvMjAwMC9zdmciPjwvc3ZnPg==\" class=\"lazyload\" \/><\/figure>\n","protected":false},"excerpt":{"rendered":"<p>El pr\u00f3ximo 7 de mayo se realizar\u00e1 en San Juan el \u201cTorneo Zonal\u201d de Powerlifting clasificatorio al nacional. Es por eso que desde el equipo de Ramiro Mosquera insisten que el pr\u00f3ximo domingo cierran las inscripciones e invitan a todos los atletas que se quieran sumar. El evento se desarrollar\u00e1 en el Gimnasio \u201cFit Life\u201d, [&hellip;]<\/p>\n","protected":false},"author":5,"featured_media":15520,"comment_status":"open","ping_status":"open","sticky":false,"template":"","format":"standard","meta":{"footnotes":""},"categories":[41,178],"tags":[],"class_list":["post-15519","post","type-post","status-publish","format-standard","has-post-thumbnail","hentry","category-polideportivo","category-san-juan"],"yoast_head":"<!-- This site is optimized with the Yoast SEO plugin v28.2 - https:\/\/yoast.com\/product\/yoast-seo-wordpress\/ -->\n<title>Powerlifting: se viene el cierre de inscripci\u00f3n para el Torneo Zonal - San Juan Deportes<\/title>\n<meta name=\"robots\" content=\"index, follow, max-snippet:-1, max-image-preview:large, max-video-preview:-1\" \/>\n<link rel=\"canonical\" href=\"https:\/\/www.sanjuandeportes.com\/wp\/2022\/03\/30\/powerlifting-se-viene-el-cierre-de-inscripcion-para-el-torneo-zonal\/\" \/>\n<meta property=\"og:locale\" content=\"es_ES\" \/>\n<meta property=\"og:type\" content=\"article\" \/>\n<meta property=\"og:title\" content=\"Powerlifting: se viene el cierre de inscripci\u00f3n para el Torneo Zonal - San Juan Deportes\" \/>\n<meta property=\"og:description\" content=\"El pr\u00f3ximo 7 de mayo se realizar\u00e1 en San Juan el \u201cTorneo Zonal\u201d de Powerlifting clasificatorio al nacional. Es por eso que desde el equipo de Ramiro Mosquera insisten que el pr\u00f3ximo domingo cierran las inscripciones e invitan a todos los atletas que se quieran sumar. El evento se desarrollar\u00e1 en el Gimnasio \u201cFit Life\u201d, [&hellip;]\" \/>\n<meta property=\"og:url\" content=\"https:\/\/www.sanjuandeportes.com\/wp\/2022\/03\/30\/powerlifting-se-viene-el-cierre-de-inscripcion-para-el-torneo-zonal\/\" \/>\n<meta property=\"og:site_name\" content=\"San Juan Deportes\" \/>\n<meta property=\"article:publisher\" content=\"https:\/\/www.facebook.com\/sanjuandeportesok\" \/>\n<meta property=\"article:published_time\" content=\"2022-03-30T17:56:21+00:00\" \/>\n<meta property=\"article:modified_time\" content=\"2022-03-31T17:16:33+00:00\" \/>\n<meta property=\"og:image\" content=\"https:\/\/www.sanjuandeportes.com\/wp\/wp-content\/uploads\/2022\/03\/3b5264f9-0cb7-46f7-b3d3-67912580404c.jpg\" \/>\n\t<meta property=\"og:image:width\" content=\"1280\" \/>\n\t<meta property=\"og:image:height\" content=\"958\" \/>\n\t<meta property=\"og:image:type\" content=\"image\/jpeg\" \/>\n<meta name=\"author\" content=\"Pablo Pujado\" \/>\n<meta name=\"twitter:card\" content=\"summary_large_image\" \/>\n<meta name=\"twitter:creator\" content=\"@SanJuanDeportes\" \/>\n<meta name=\"twitter:site\" content=\"@SanJuanDeportes\" \/>\n<meta name=\"twitter:label1\" content=\"Escrito por\" \/>\n\t<meta name=\"twitter:data1\" content=\"Pablo Pujado\" \/>\n\t<meta name=\"twitter:label2\" content=\"Tiempo de lectura\" \/>\n\t<meta name=\"twitter:data2\" content=\"1 minuto\" \/>\n<script type=\"application\/ld+json\" class=\"yoast-schema-graph\">{\"@context\":\"https:\\\/\\\/schema.org\",\"@graph\":[{\"@type\":\"Article\",\"@id\":\"https:\\\/\\\/www.sanjuandeportes.com\\\/wp\\\/2022\\\/03\\\/30\\\/powerlifting-se-viene-el-cierre-de-inscripcion-para-el-torneo-zonal\\\/#article\",\"isPartOf\":{\"@id\":\"https:\\\/\\\/www.sanjuandeportes.com\\\/wp\\\/2022\\\/03\\\/30\\\/powerlifting-se-viene-el-cierre-de-inscripcion-para-el-torneo-zonal\\\/\"},\"author\":{\"name\":\"Pablo Pujado\",\"@id\":\"https:\\\/\\\/www.sanjuandeportes.com\\\/wp\\\/#\\\/schema\\\/person\\\/eda4d8e62a5d42b111781e3cdfcb9c3a\"},\"headline\":\"Powerlifting: se viene el cierre de inscripci\u00f3n para el Torneo Zonal\",\"datePublished\":\"2022-03-30T17:56:21+00:00\",\"dateModified\":\"2022-03-31T17:16:33+00:00\",\"mainEntityOfPage\":{\"@id\":\"https:\\\/\\\/www.sanjuandeportes.com\\\/wp\\\/2022\\\/03\\\/30\\\/powerlifting-se-viene-el-cierre-de-inscripcion-para-el-torneo-zonal\\\/\"},\"wordCount\":177,\"commentCount\":0,\"publisher\":{\"@id\":\"https:\\\/\\\/www.sanjuandeportes.com\\\/wp\\\/#organization\"},\"image\":{\"@id\":\"https:\\\/\\\/www.sanjuandeportes.com\\\/wp\\\/2022\\\/03\\\/30\\\/powerlifting-se-viene-el-cierre-de-inscripcion-para-el-torneo-zonal\\\/#primaryimage\"},\"thumbnailUrl\":\"https:\\\/\\\/www.sanjuandeportes.com\\\/wp\\\/wp-content\\\/uploads\\\/2022\\\/03\\\/3b5264f9-0cb7-46f7-b3d3-67912580404c.jpg\",\"articleSection\":[\"Polideportivo\",\"San Juan\"],\"inLanguage\":\"es\",\"potentialAction\":[{\"@type\":\"CommentAction\",\"name\":\"Comment\",\"target\":[\"https:\\\/\\\/www.sanjuandeportes.com\\\/wp\\\/2022\\\/03\\\/30\\\/powerlifting-se-viene-el-cierre-de-inscripcion-para-el-torneo-zonal\\\/#respond\"]}]},{\"@type\":\"WebPage\",\"@id\":\"https:\\\/\\\/www.sanjuandeportes.com\\\/wp\\\/2022\\\/03\\\/30\\\/powerlifting-se-viene-el-cierre-de-inscripcion-para-el-torneo-zonal\\\/\",\"url\":\"https:\\\/\\\/www.sanjuandeportes.com\\\/wp\\\/2022\\\/03\\\/30\\\/powerlifting-se-viene-el-cierre-de-inscripcion-para-el-torneo-zonal\\\/\",\"name\":\"Powerlifting: se viene el cierre de inscripci\u00f3n para el Torneo Zonal - San Juan Deportes\",\"isPartOf\":{\"@id\":\"https:\\\/\\\/www.sanjuandeportes.com\\\/wp\\\/#website\"},\"primaryImageOfPage\":{\"@id\":\"https:\\\/\\\/www.sanjuandeportes.com\\\/wp\\\/2022\\\/03\\\/30\\\/powerlifting-se-viene-el-cierre-de-inscripcion-para-el-torneo-zonal\\\/#primaryimage\"},\"image\":{\"@id\":\"https:\\\/\\\/www.sanjuandeportes.com\\\/wp\\\/2022\\\/03\\\/30\\\/powerlifting-se-viene-el-cierre-de-inscripcion-para-el-torneo-zonal\\\/#primaryimage\"},\"thumbnailUrl\":\"https:\\\/\\\/www.sanjuandeportes.com\\\/wp\\\/wp-content\\\/uploads\\\/2022\\\/03\\\/3b5264f9-0cb7-46f7-b3d3-67912580404c.jpg\",\"datePublished\":\"2022-03-30T17:56:21+00:00\",\"dateModified\":\"2022-03-31T17:16:33+00:00\",\"breadcrumb\":{\"@id\":\"https:\\\/\\\/www.sanjuandeportes.com\\\/wp\\\/2022\\\/03\\\/30\\\/powerlifting-se-viene-el-cierre-de-inscripcion-para-el-torneo-zonal\\\/#breadcrumb\"},\"inLanguage\":\"es\",\"potentialAction\":[{\"@type\":\"ReadAction\",\"target\":[\"https:\\\/\\\/www.sanjuandeportes.com\\\/wp\\\/2022\\\/03\\\/30\\\/powerlifting-se-viene-el-cierre-de-inscripcion-para-el-torneo-zonal\\\/\"]}]},{\"@type\":\"ImageObject\",\"inLanguage\":\"es\",\"@id\":\"https:\\\/\\\/www.sanjuandeportes.com\\\/wp\\\/2022\\\/03\\\/30\\\/powerlifting-se-viene-el-cierre-de-inscripcion-para-el-torneo-zonal\\\/#primaryimage\",\"url\":\"https:\\\/\\\/www.sanjuandeportes.com\\\/wp\\\/wp-content\\\/uploads\\\/2022\\\/03\\\/3b5264f9-0cb7-46f7-b3d3-67912580404c.jpg\",\"contentUrl\":\"https:\\\/\\\/www.sanjuandeportes.com\\\/wp\\\/wp-content\\\/uploads\\\/2022\\\/03\\\/3b5264f9-0cb7-46f7-b3d3-67912580404c.jpg\",\"width\":1280,\"height\":958},{\"@type\":\"BreadcrumbList\",\"@id\":\"https:\\\/\\\/www.sanjuandeportes.com\\\/wp\\\/2022\\\/03\\\/30\\\/powerlifting-se-viene-el-cierre-de-inscripcion-para-el-torneo-zonal\\\/#breadcrumb\",\"itemListElement\":[{\"@type\":\"ListItem\",\"position\":1,\"name\":\"Portada\",\"item\":\"http:\\\/\\\/www.sanjuandeportes.com\\\/wp\\\/\"},{\"@type\":\"ListItem\",\"position\":2,\"name\":\"Powerlifting: se viene el cierre de inscripci\u00f3n para el Torneo Zonal\"}]},{\"@type\":\"WebSite\",\"@id\":\"https:\\\/\\\/www.sanjuandeportes.com\\\/wp\\\/#website\",\"url\":\"https:\\\/\\\/www.sanjuandeportes.com\\\/wp\\\/\",\"name\":\"San Juan Deportes\",\"description\":\"El sitio de deportes de la provincia de San Juan\",\"publisher\":{\"@id\":\"https:\\\/\\\/www.sanjuandeportes.com\\\/wp\\\/#organization\"},\"potentialAction\":[{\"@type\":\"SearchAction\",\"target\":{\"@type\":\"EntryPoint\",\"urlTemplate\":\"https:\\\/\\\/www.sanjuandeportes.com\\\/wp\\\/?s={search_term_string}\"},\"query-input\":{\"@type\":\"PropertyValueSpecification\",\"valueRequired\":true,\"valueName\":\"search_term_string\"}}],\"inLanguage\":\"es\"},{\"@type\":\"Organization\",\"@id\":\"https:\\\/\\\/www.sanjuandeportes.com\\\/wp\\\/#organization\",\"name\":\"San Juan Deportes\",\"url\":\"https:\\\/\\\/www.sanjuandeportes.com\\\/wp\\\/\",\"logo\":{\"@type\":\"ImageObject\",\"inLanguage\":\"es\",\"@id\":\"https:\\\/\\\/www.sanjuandeportes.com\\\/wp\\\/#\\\/schema\\\/logo\\\/image\\\/\",\"url\":\"https:\\\/\\\/www.sanjuandeportes.com\\\/wp\\\/wp-content\\\/uploads\\\/unnamed.jpg\",\"contentUrl\":\"https:\\\/\\\/www.sanjuandeportes.com\\\/wp\\\/wp-content\\\/uploads\\\/unnamed.jpg\",\"width\":900,\"height\":900,\"caption\":\"San Juan Deportes\"},\"image\":{\"@id\":\"https:\\\/\\\/www.sanjuandeportes.com\\\/wp\\\/#\\\/schema\\\/logo\\\/image\\\/\"},\"sameAs\":[\"https:\\\/\\\/www.facebook.com\\\/sanjuandeportesok\",\"https:\\\/\\\/x.com\\\/SanJuanDeportes\",\"https:\\\/\\\/www.instagram.com\\\/sanjuandeportes\"]},{\"@type\":\"Person\",\"@id\":\"https:\\\/\\\/www.sanjuandeportes.com\\\/wp\\\/#\\\/schema\\\/person\\\/eda4d8e62a5d42b111781e3cdfcb9c3a\",\"name\":\"Pablo Pujado\",\"image\":{\"@type\":\"ImageObject\",\"inLanguage\":\"es\",\"@id\":\"https:\\\/\\\/secure.gravatar.com\\\/avatar\\\/310b69d28112912c333408a462a9837208de951b1e7c11514781740412f648b1?s=96&d=mm&r=g\",\"url\":\"https:\\\/\\\/secure.gravatar.com\\\/avatar\\\/310b69d28112912c333408a462a9837208de951b1e7c11514781740412f648b1?s=96&d=mm&r=g\",\"contentUrl\":\"https:\\\/\\\/secure.gravatar.com\\\/avatar\\\/310b69d28112912c333408a462a9837208de951b1e7c11514781740412f648b1?s=96&d=mm&r=g\",\"caption\":\"Pablo Pujado\"},\"url\":\"https:\\\/\\\/www.sanjuandeportes.com\\\/wp\\\/author\\\/pablo-pujado\\\/\"}]}<\/script>\n<!-- \/ Yoast SEO plugin. -->","yoast_head_json":{"title":"Powerlifting: se viene el cierre de inscripci\u00f3n para el Torneo Zonal - San Juan Deportes","robots":{"index":"index","follow":"follow","max-snippet":"max-snippet:-1","max-image-preview":"max-image-preview:large","max-video-preview":"max-video-preview:-1"},"canonical":"https:\/\/www.sanjuandeportes.com\/wp\/2022\/03\/30\/powerlifting-se-viene-el-cierre-de-inscripcion-para-el-torneo-zonal\/","og_locale":"es_ES","og_type":"article","og_title":"Powerlifting: se viene el cierre de inscripci\u00f3n para el Torneo Zonal - San Juan Deportes","og_description":"El pr\u00f3ximo 7 de mayo se realizar\u00e1 en San Juan el \u201cTorneo Zonal\u201d de Powerlifting clasificatorio al nacional. Es por eso que desde el equipo de Ramiro Mosquera insisten que el pr\u00f3ximo domingo cierran las inscripciones e invitan a todos los atletas que se quieran sumar. El evento se desarrollar\u00e1 en el Gimnasio \u201cFit Life\u201d, [&hellip;]","og_url":"https:\/\/www.sanjuandeportes.com\/wp\/2022\/03\/30\/powerlifting-se-viene-el-cierre-de-inscripcion-para-el-torneo-zonal\/","og_site_name":"San Juan Deportes","article_publisher":"https:\/\/www.facebook.com\/sanjuandeportesok","article_published_time":"2022-03-30T17:56:21+00:00","article_modified_time":"2022-03-31T17:16:33+00:00","og_image":[{"width":1280,"height":958,"url":"https:\/\/www.sanjuandeportes.com\/wp\/wp-content\/uploads\/2022\/03\/3b5264f9-0cb7-46f7-b3d3-67912580404c.jpg","type":"image\/jpeg"}],"author":"Pablo Pujado","twitter_card":"summary_large_image","twitter_creator":"@SanJuanDeportes","twitter_site":"@SanJuanDeportes","twitter_misc":{"Escrito por":"Pablo Pujado","Tiempo de lectura":"1 minuto"},"schema":{"@context":"https:\/\/schema.org","@graph":[{"@type":"Article","@id":"https:\/\/www.sanjuandeportes.com\/wp\/2022\/03\/30\/powerlifting-se-viene-el-cierre-de-inscripcion-para-el-torneo-zonal\/#article","isPartOf":{"@id":"https:\/\/www.sanjuandeportes.com\/wp\/2022\/03\/30\/powerlifting-se-viene-el-cierre-de-inscripcion-para-el-torneo-zonal\/"},"author":{"name":"Pablo Pujado","@id":"https:\/\/www.sanjuandeportes.com\/wp\/#\/schema\/person\/eda4d8e62a5d42b111781e3cdfcb9c3a"},"headline":"Powerlifting: se viene el cierre de inscripci\u00f3n para el Torneo Zonal","datePublished":"2022-03-30T17:56:21+00:00","dateModified":"2022-03-31T17:16:33+00:00","mainEntityOfPage":{"@id":"https:\/\/www.sanjuandeportes.com\/wp\/2022\/03\/30\/powerlifting-se-viene-el-cierre-de-inscripcion-para-el-torneo-zonal\/"},"wordCount":177,"commentCount":0,"publisher":{"@id":"https:\/\/www.sanjuandeportes.com\/wp\/#organization"},"image":{"@id":"https:\/\/www.sanjuandeportes.com\/wp\/2022\/03\/30\/powerlifting-se-viene-el-cierre-de-inscripcion-para-el-torneo-zonal\/#primaryimage"},"thumbnailUrl":"https:\/\/www.sanjuandeportes.com\/wp\/wp-content\/uploads\/2022\/03\/3b5264f9-0cb7-46f7-b3d3-67912580404c.jpg","articleSection":["Polideportivo","San Juan"],"inLanguage":"es","potentialAction":[{"@type":"CommentAction","name":"Comment","target":["https:\/\/www.sanjuandeportes.com\/wp\/2022\/03\/30\/powerlifting-se-viene-el-cierre-de-inscripcion-para-el-torneo-zonal\/#respond"]}]},{"@type":"WebPage","@id":"https:\/\/www.sanjuandeportes.com\/wp\/2022\/03\/30\/powerlifting-se-viene-el-cierre-de-inscripcion-para-el-torneo-zonal\/","url":"https:\/\/www.sanjuandeportes.com\/wp\/2022\/03\/30\/powerlifting-se-viene-el-cierre-de-inscripcion-para-el-torneo-zonal\/","name":"Powerlifting: se viene el cierre de inscripci\u00f3n para el Torneo Zonal - San Juan Deportes","isPartOf":{"@id":"https:\/\/www.sanjuandeportes.com\/wp\/#website"},"primaryImageOfPage":{"@id":"https:\/\/www.sanjuandeportes.com\/wp\/2022\/03\/30\/powerlifting-se-viene-el-cierre-de-inscripcion-para-el-torneo-zonal\/#primaryimage"},"image":{"@id":"https:\/\/www.sanjuandeportes.com\/wp\/2022\/03\/30\/powerlifting-se-viene-el-cierre-de-inscripcion-para-el-torneo-zonal\/#primaryimage"},"thumbnailUrl":"https:\/\/www.sanjuandeportes.com\/wp\/wp-content\/uploads\/2022\/03\/3b5264f9-0cb7-46f7-b3d3-67912580404c.jpg","datePublished":"2022-03-30T17:56:21+00:00","dateModified":"2022-03-31T17:16:33+00:00","breadcrumb":{"@id":"https:\/\/www.sanjuandeportes.com\/wp\/2022\/03\/30\/powerlifting-se-viene-el-cierre-de-inscripcion-para-el-torneo-zonal\/#breadcrumb"},"inLanguage":"es","potentialAction":[{"@type":"ReadAction","target":["https:\/\/www.sanjuandeportes.com\/wp\/2022\/03\/30\/powerlifting-se-viene-el-cierre-de-inscripcion-para-el-torneo-zonal\/"]}]},{"@type":"ImageObject","inLanguage":"es","@id":"https:\/\/www.sanjuandeportes.com\/wp\/2022\/03\/30\/powerlifting-se-viene-el-cierre-de-inscripcion-para-el-torneo-zonal\/#primaryimage","url":"https:\/\/www.sanjuandeportes.com\/wp\/wp-content\/uploads\/2022\/03\/3b5264f9-0cb7-46f7-b3d3-67912580404c.jpg","contentUrl":"https:\/\/www.sanjuandeportes.com\/wp\/wp-content\/uploads\/2022\/03\/3b5264f9-0cb7-46f7-b3d3-67912580404c.jpg","width":1280,"height":958},{"@type":"BreadcrumbList","@id":"https:\/\/www.sanjuandeportes.com\/wp\/2022\/03\/30\/powerlifting-se-viene-el-cierre-de-inscripcion-para-el-torneo-zonal\/#breadcrumb","itemListElement":[{"@type":"ListItem","position":1,"name":"Portada","item":"http:\/\/www.sanjuandeportes.com\/wp\/"},{"@type":"ListItem","position":2,"name":"Powerlifting: se viene el cierre de inscripci\u00f3n para el Torneo Zonal"}]},{"@type":"WebSite","@id":"https:\/\/www.sanjuandeportes.com\/wp\/#website","url":"https:\/\/www.sanjuandeportes.com\/wp\/","name":"San Juan Deportes","description":"El sitio de deportes de la provincia de San Juan","publisher":{"@id":"https:\/\/www.sanjuandeportes.com\/wp\/#organization"},"potentialAction":[{"@type":"SearchAction","target":{"@type":"EntryPoint","urlTemplate":"https:\/\/www.sanjuandeportes.com\/wp\/?s={search_term_string}"},"query-input":{"@type":"PropertyValueSpecification","valueRequired":true,"valueName":"search_term_string"}}],"inLanguage":"es"},{"@type":"Organization","@id":"https:\/\/www.sanjuandeportes.com\/wp\/#organization","name":"San Juan Deportes","url":"https:\/\/www.sanjuandeportes.com\/wp\/","logo":{"@type":"ImageObject","inLanguage":"es","@id":"https:\/\/www.sanjuandeportes.com\/wp\/#\/schema\/logo\/image\/","url":"https:\/\/www.sanjuandeportes.com\/wp\/wp-content\/uploads\/unnamed.jpg","contentUrl":"https:\/\/www.sanjuandeportes.com\/wp\/wp-content\/uploads\/unnamed.jpg","width":900,"height":900,"caption":"San Juan Deportes"},"image":{"@id":"https:\/\/www.sanjuandeportes.com\/wp\/#\/schema\/logo\/image\/"},"sameAs":["https:\/\/www.facebook.com\/sanjuandeportesok","https:\/\/x.com\/SanJuanDeportes","https:\/\/www.instagram.com\/sanjuandeportes"]},{"@type":"Person","@id":"https:\/\/www.sanjuandeportes.com\/wp\/#\/schema\/person\/eda4d8e62a5d42b111781e3cdfcb9c3a","name":"Pablo Pujado","image":{"@type":"ImageObject","inLanguage":"es","@id":"https:\/\/secure.gravatar.com\/avatar\/310b69d28112912c333408a462a9837208de951b1e7c11514781740412f648b1?s=96&d=mm&r=g","url":"https:\/\/secure.gravatar.com\/avatar\/310b69d28112912c333408a462a9837208de951b1e7c11514781740412f648b1?s=96&d=mm&r=g","contentUrl":"https:\/\/secure.gravatar.com\/avatar\/310b69d28112912c333408a462a9837208de951b1e7c11514781740412f648b1?s=96&d=mm&r=g","caption":"Pablo Pujado"},"url":"https:\/\/www.sanjuandeportes.com\/wp\/author\/pablo-pujado\/"}]}},"_links":{"self":[{"href":"https:\/\/www.sanjuandeportes.com\/wp\/wp-json\/wp\/v2\/posts\/15519","targetHints":{"allow":["GET"]}}],"collection":[{"href":"https:\/\/www.sanjuandeportes.com\/wp\/wp-json\/wp\/v2\/posts"}],"about":[{"href":"https:\/\/www.sanjuandeportes.com\/wp\/wp-json\/wp\/v2\/types\/post"}],"author":[{"embeddable":true,"href":"https:\/\/www.sanjuandeportes.com\/wp\/wp-json\/wp\/v2\/users\/5"}],"replies":[{"embeddable":true,"href":"https:\/\/www.sanjuandeportes.com\/wp\/wp-json\/wp\/v2\/comments?post=15519"}],"version-history":[{"count":5,"href":"https:\/\/www.sanjuandeportes.com\/wp\/wp-json\/wp\/v2\/posts\/15519\/revisions"}],"predecessor-version":[{"id":15526,"href":"https:\/\/www.sanjuandeportes.com\/wp\/wp-json\/wp\/v2\/posts\/15519\/revisions\/15526"}],"wp:featuredmedia":[{"embeddable":true,"href":"https:\/\/www.sanjuandeportes.com\/wp\/wp-json\/wp\/v2\/media\/15520"}],"wp:attachment":[{"href":"https:\/\/www.sanjuandeportes.com\/wp\/wp-json\/wp\/v2\/media?parent=15519"}],"wp:term":[{"taxonomy":"category","embeddable":true,"href":"https:\/\/www.sanjuandeportes.com\/wp\/wp-json\/wp\/v2\/categories?post=15519"},{"taxonomy":"post_tag","embeddable":true,"href":"https:\/\/www.sanjuandeportes.com\/wp\/wp-json\/wp\/v2\/tags?post=15519"}],"curies":[{"name":"wp","href":"https:\/\/api.w.org\/{rel}","templated":true}]}}