{"id":15821,"date":"2022-04-27T16:20:20","date_gmt":"2022-04-27T16:20:20","guid":{"rendered":"http:\/\/www.sanjuandeportes.com\/wp\/?p=15821"},"modified":"2022-04-28T18:15:37","modified_gmt":"2022-04-28T18:15:37","slug":"capital-organiza-una-maraton-para-todas-las-edades-con-carreras-de-2-5-y-10-km","status":"publish","type":"post","link":"https:\/\/www.sanjuandeportes.com\/wp\/2022\/04\/27\/capital-organiza-una-maraton-para-todas-las-edades-con-carreras-de-2-5-y-10-km\/","title":{"rendered":"Capital organiza una marat\u00f3n para todas las edades: con carreras de 2, 5 y 10 km"},"content":{"rendered":"\n<p class=\"wp-block-paragraph\"><strong><em>Esta actividad se realizar\u00e1 en el Parque de Mayo el s\u00e1bado 7 de mayo en horario de 10 a 12. El objetivo es fomentar la actividad f\u00edsica en instancias participativas y competitivas.<\/em><\/strong><\/p>\n\n\n\n<p class=\"wp-block-paragraph\">La Municipalidad de Capital a trav\u00e9s del plan estrat\u00e9gico Escuela de Vida organiz\u00f3 un evento deportivo: \u201cCorr\u00e9 en Capital\u201d. En instancias de 2, 5 y 10 k. El objetivo de estos eventos es alentar a los capitalinos a incorporar el h\u00e1bito de la actividad f\u00edsica de manera regular y sistem\u00e1tica para mejorar su calidad de vida. En esta oportunidad el escenario central es el Parque de Mayo y zonas aleda\u00f1as.<\/p>\n\n\n\n<p class=\"wp-block-paragraph\">En tal sentido se invita a toda la poblaci\u00f3n: padres y madres de familia, ni\u00f1os, ni\u00f1as, adolescentes, j\u00f3venes, adultos mayores y personas con discapacidad a poner en pr\u00e1ctica la actividad f\u00edsica y reconocer los beneficios a favor de la salud f\u00edsica y mental, garantizando as\u00ed, una mejor calidad de vida y la generaci\u00f3n de h\u00e1bitos de vida saludable.&nbsp;<br>La concentraci\u00f3n, largada y llegada ser\u00e1 en Plaza del Sol, ubicada detr\u00e1s del Monumento a San Mart\u00edn.<\/p>\n\n\n\n<p class=\"wp-block-paragraph\"><strong>Las modalidades de participaci\u00f3n son:<br>&#8211;&nbsp;&nbsp; &nbsp;2 k: Caminata, trote o carrera de forma participativa.<br>&#8211;&nbsp;&nbsp; &nbsp;5 k: Caminata, tote o carrera de forma participativa (tiempo l\u00edmite 60 minutos).<br>&#8211;&nbsp;&nbsp; &nbsp;10km: Carrera competitiva con premios a los primeros 3 lugares de cada rama (masculino y femenina).&nbsp;<\/strong><\/p>\n\n\n\n<p class=\"wp-block-paragraph\">Tras la finalizaci\u00f3n de las carreras, en conjunto con la Subdirecci\u00f3n de G\u00e9nero perteneciente a la Direcci\u00f3n de Desarrollo Humano, se brindar\u00e1 una Masterclass de Defensa Personal, a cargo de Melisa Mulet.&nbsp;<\/p>\n\n\n\n<p class=\"wp-block-paragraph\">Los interesados en participar deber\u00e1n registrar su inscripci\u00f3n v\u00eda online: https:\/\/municipiosanjuan.gob.ar\/carreras-capitalinas &nbsp; o de forma presencial el d\u00eda del evento.&nbsp;<\/p>\n\n\n\n<p class=\"wp-block-paragraph\"><strong>En la categor\u00eda competitiva por Rama (Femenino, Masculino) los premios son:<br>1\u00b0 lugar: $10000 (diez mil pesos)<br>2\u00b0 lugar $5000 (cinco mil pesos)&nbsp;<br>3\u00b0 lugar $3000 (tres mil pesos)&nbsp;<\/strong><\/p>\n\n\n\n<p class=\"wp-block-paragraph\">Adem\u00e1s, habr\u00e1 sorteos de premios para todos los participantes.<\/p>\n","protected":false},"excerpt":{"rendered":"<p>Esta actividad se realizar\u00e1 en el Parque de Mayo el s\u00e1bado 7 de mayo en horario de 10 a 12. El objetivo es fomentar la actividad f\u00edsica en instancias participativas y competitivas. La Municipalidad de Capital a trav\u00e9s del plan estrat\u00e9gico Escuela de Vida organiz\u00f3 un evento deportivo: \u201cCorr\u00e9 en Capital\u201d. En instancias de 2, [&hellip;]<\/p>\n","protected":false},"author":5,"featured_media":15822,"comment_status":"open","ping_status":"open","sticky":false,"template":"","format":"standard","meta":{"footnotes":""},"categories":[40,178],"tags":[],"class_list":["post-15821","post","type-post","status-publish","format-standard","has-post-thumbnail","hentry","category-atletismo","category-san-juan"],"yoast_head":"<!-- This site is optimized with the Yoast SEO plugin v28.2 - https:\/\/yoast.com\/product\/yoast-seo-wordpress\/ -->\n<title>Capital organiza una marat\u00f3n para todas las edades: con carreras de 2, 5 y 10 km - San Juan Deportes<\/title>\n<meta name=\"robots\" content=\"index, follow, max-snippet:-1, max-image-preview:large, max-video-preview:-1\" \/>\n<link rel=\"canonical\" href=\"https:\/\/www.sanjuandeportes.com\/wp\/2022\/04\/27\/capital-organiza-una-maraton-para-todas-las-edades-con-carreras-de-2-5-y-10-km\/\" \/>\n<meta property=\"og:locale\" content=\"es_ES\" \/>\n<meta property=\"og:type\" content=\"article\" \/>\n<meta property=\"og:title\" content=\"Capital organiza una marat\u00f3n para todas las edades: con carreras de 2, 5 y 10 km - San Juan Deportes\" \/>\n<meta property=\"og:description\" content=\"Esta actividad se realizar\u00e1 en el Parque de Mayo el s\u00e1bado 7 de mayo en horario de 10 a 12. El objetivo es fomentar la actividad f\u00edsica en instancias participativas y competitivas. La Municipalidad de Capital a trav\u00e9s del plan estrat\u00e9gico Escuela de Vida organiz\u00f3 un evento deportivo: \u201cCorr\u00e9 en Capital\u201d. En instancias de 2, [&hellip;]\" \/>\n<meta property=\"og:url\" content=\"https:\/\/www.sanjuandeportes.com\/wp\/2022\/04\/27\/capital-organiza-una-maraton-para-todas-las-edades-con-carreras-de-2-5-y-10-km\/\" \/>\n<meta property=\"og:site_name\" content=\"San Juan Deportes\" \/>\n<meta property=\"article:publisher\" content=\"https:\/\/www.facebook.com\/sanjuandeportesok\" \/>\n<meta property=\"article:published_time\" content=\"2022-04-27T16:20:20+00:00\" \/>\n<meta property=\"article:modified_time\" content=\"2022-04-28T18:15:37+00:00\" \/>\n<meta property=\"og:image\" content=\"https:\/\/www.sanjuandeportes.com\/wp\/wp-content\/uploads\/2022\/04\/corre.jpg\" \/>\n\t<meta property=\"og:image:width\" content=\"750\" \/>\n\t<meta property=\"og:image:height\" content=\"507\" \/>\n\t<meta property=\"og:image:type\" content=\"image\/jpeg\" \/>\n<meta name=\"author\" content=\"Pablo Pujado\" \/>\n<meta name=\"twitter:card\" content=\"summary_large_image\" \/>\n<meta name=\"twitter:creator\" content=\"@SanJuanDeportes\" \/>\n<meta name=\"twitter:site\" content=\"@SanJuanDeportes\" \/>\n<meta name=\"twitter:label1\" content=\"Escrito por\" \/>\n\t<meta name=\"twitter:data1\" content=\"Pablo Pujado\" \/>\n\t<meta name=\"twitter:label2\" content=\"Tiempo de lectura\" \/>\n\t<meta name=\"twitter:data2\" content=\"2 minutos\" \/>\n<script type=\"application\/ld+json\" class=\"yoast-schema-graph\">{\"@context\":\"https:\\\/\\\/schema.org\",\"@graph\":[{\"@type\":\"Article\",\"@id\":\"https:\\\/\\\/www.sanjuandeportes.com\\\/wp\\\/2022\\\/04\\\/27\\\/capital-organiza-una-maraton-para-todas-las-edades-con-carreras-de-2-5-y-10-km\\\/#article\",\"isPartOf\":{\"@id\":\"https:\\\/\\\/www.sanjuandeportes.com\\\/wp\\\/2022\\\/04\\\/27\\\/capital-organiza-una-maraton-para-todas-las-edades-con-carreras-de-2-5-y-10-km\\\/\"},\"author\":{\"name\":\"Pablo Pujado\",\"@id\":\"https:\\\/\\\/www.sanjuandeportes.com\\\/wp\\\/#\\\/schema\\\/person\\\/eda4d8e62a5d42b111781e3cdfcb9c3a\"},\"headline\":\"Capital organiza una marat\u00f3n para todas las edades: con carreras de 2, 5 y 10 km\",\"datePublished\":\"2022-04-27T16:20:20+00:00\",\"dateModified\":\"2022-04-28T18:15:37+00:00\",\"mainEntityOfPage\":{\"@id\":\"https:\\\/\\\/www.sanjuandeportes.com\\\/wp\\\/2022\\\/04\\\/27\\\/capital-organiza-una-maraton-para-todas-las-edades-con-carreras-de-2-5-y-10-km\\\/\"},\"wordCount\":362,\"commentCount\":0,\"publisher\":{\"@id\":\"https:\\\/\\\/www.sanjuandeportes.com\\\/wp\\\/#organization\"},\"image\":{\"@id\":\"https:\\\/\\\/www.sanjuandeportes.com\\\/wp\\\/2022\\\/04\\\/27\\\/capital-organiza-una-maraton-para-todas-las-edades-con-carreras-de-2-5-y-10-km\\\/#primaryimage\"},\"thumbnailUrl\":\"https:\\\/\\\/www.sanjuandeportes.com\\\/wp\\\/wp-content\\\/uploads\\\/2022\\\/04\\\/corre.jpg\",\"articleSection\":[\"Atletismo\",\"San Juan\"],\"inLanguage\":\"es\",\"potentialAction\":[{\"@type\":\"CommentAction\",\"name\":\"Comment\",\"target\":[\"https:\\\/\\\/www.sanjuandeportes.com\\\/wp\\\/2022\\\/04\\\/27\\\/capital-organiza-una-maraton-para-todas-las-edades-con-carreras-de-2-5-y-10-km\\\/#respond\"]}]},{\"@type\":\"WebPage\",\"@id\":\"https:\\\/\\\/www.sanjuandeportes.com\\\/wp\\\/2022\\\/04\\\/27\\\/capital-organiza-una-maraton-para-todas-las-edades-con-carreras-de-2-5-y-10-km\\\/\",\"url\":\"https:\\\/\\\/www.sanjuandeportes.com\\\/wp\\\/2022\\\/04\\\/27\\\/capital-organiza-una-maraton-para-todas-las-edades-con-carreras-de-2-5-y-10-km\\\/\",\"name\":\"Capital organiza una marat\u00f3n para todas las edades: con carreras de 2, 5 y 10 km - San Juan Deportes\",\"isPartOf\":{\"@id\":\"https:\\\/\\\/www.sanjuandeportes.com\\\/wp\\\/#website\"},\"primaryImageOfPage\":{\"@id\":\"https:\\\/\\\/www.sanjuandeportes.com\\\/wp\\\/2022\\\/04\\\/27\\\/capital-organiza-una-maraton-para-todas-las-edades-con-carreras-de-2-5-y-10-km\\\/#primaryimage\"},\"image\":{\"@id\":\"https:\\\/\\\/www.sanjuandeportes.com\\\/wp\\\/2022\\\/04\\\/27\\\/capital-organiza-una-maraton-para-todas-las-edades-con-carreras-de-2-5-y-10-km\\\/#primaryimage\"},\"thumbnailUrl\":\"https:\\\/\\\/www.sanjuandeportes.com\\\/wp\\\/wp-content\\\/uploads\\\/2022\\\/04\\\/corre.jpg\",\"datePublished\":\"2022-04-27T16:20:20+00:00\",\"dateModified\":\"2022-04-28T18:15:37+00:00\",\"breadcrumb\":{\"@id\":\"https:\\\/\\\/www.sanjuandeportes.com\\\/wp\\\/2022\\\/04\\\/27\\\/capital-organiza-una-maraton-para-todas-las-edades-con-carreras-de-2-5-y-10-km\\\/#breadcrumb\"},\"inLanguage\":\"es\",\"potentialAction\":[{\"@type\":\"ReadAction\",\"target\":[\"https:\\\/\\\/www.sanjuandeportes.com\\\/wp\\\/2022\\\/04\\\/27\\\/capital-organiza-una-maraton-para-todas-las-edades-con-carreras-de-2-5-y-10-km\\\/\"]}]},{\"@type\":\"ImageObject\",\"inLanguage\":\"es\",\"@id\":\"https:\\\/\\\/www.sanjuandeportes.com\\\/wp\\\/2022\\\/04\\\/27\\\/capital-organiza-una-maraton-para-todas-las-edades-con-carreras-de-2-5-y-10-km\\\/#primaryimage\",\"url\":\"https:\\\/\\\/www.sanjuandeportes.com\\\/wp\\\/wp-content\\\/uploads\\\/2022\\\/04\\\/corre.jpg\",\"contentUrl\":\"https:\\\/\\\/www.sanjuandeportes.com\\\/wp\\\/wp-content\\\/uploads\\\/2022\\\/04\\\/corre.jpg\",\"width\":750,\"height\":507},{\"@type\":\"BreadcrumbList\",\"@id\":\"https:\\\/\\\/www.sanjuandeportes.com\\\/wp\\\/2022\\\/04\\\/27\\\/capital-organiza-una-maraton-para-todas-las-edades-con-carreras-de-2-5-y-10-km\\\/#breadcrumb\",\"itemListElement\":[{\"@type\":\"ListItem\",\"position\":1,\"name\":\"Portada\",\"item\":\"http:\\\/\\\/www.sanjuandeportes.com\\\/wp\\\/\"},{\"@type\":\"ListItem\",\"position\":2,\"name\":\"Capital organiza una marat\u00f3n para todas las edades: con carreras de 2, 5 y 10 km\"}]},{\"@type\":\"WebSite\",\"@id\":\"https:\\\/\\\/www.sanjuandeportes.com\\\/wp\\\/#website\",\"url\":\"https:\\\/\\\/www.sanjuandeportes.com\\\/wp\\\/\",\"name\":\"San Juan Deportes\",\"description\":\"El sitio de deportes de la provincia de San Juan\",\"publisher\":{\"@id\":\"https:\\\/\\\/www.sanjuandeportes.com\\\/wp\\\/#organization\"},\"potentialAction\":[{\"@type\":\"SearchAction\",\"target\":{\"@type\":\"EntryPoint\",\"urlTemplate\":\"https:\\\/\\\/www.sanjuandeportes.com\\\/wp\\\/?s={search_term_string}\"},\"query-input\":{\"@type\":\"PropertyValueSpecification\",\"valueRequired\":true,\"valueName\":\"search_term_string\"}}],\"inLanguage\":\"es\"},{\"@type\":\"Organization\",\"@id\":\"https:\\\/\\\/www.sanjuandeportes.com\\\/wp\\\/#organization\",\"name\":\"San Juan Deportes\",\"url\":\"https:\\\/\\\/www.sanjuandeportes.com\\\/wp\\\/\",\"logo\":{\"@type\":\"ImageObject\",\"inLanguage\":\"es\",\"@id\":\"https:\\\/\\\/www.sanjuandeportes.com\\\/wp\\\/#\\\/schema\\\/logo\\\/image\\\/\",\"url\":\"https:\\\/\\\/www.sanjuandeportes.com\\\/wp\\\/wp-content\\\/uploads\\\/unnamed.jpg\",\"contentUrl\":\"https:\\\/\\\/www.sanjuandeportes.com\\\/wp\\\/wp-content\\\/uploads\\\/unnamed.jpg\",\"width\":900,\"height\":900,\"caption\":\"San Juan Deportes\"},\"image\":{\"@id\":\"https:\\\/\\\/www.sanjuandeportes.com\\\/wp\\\/#\\\/schema\\\/logo\\\/image\\\/\"},\"sameAs\":[\"https:\\\/\\\/www.facebook.com\\\/sanjuandeportesok\",\"https:\\\/\\\/x.com\\\/SanJuanDeportes\",\"https:\\\/\\\/www.instagram.com\\\/sanjuandeportes\"]},{\"@type\":\"Person\",\"@id\":\"https:\\\/\\\/www.sanjuandeportes.com\\\/wp\\\/#\\\/schema\\\/person\\\/eda4d8e62a5d42b111781e3cdfcb9c3a\",\"name\":\"Pablo Pujado\",\"image\":{\"@type\":\"ImageObject\",\"inLanguage\":\"es\",\"@id\":\"https:\\\/\\\/secure.gravatar.com\\\/avatar\\\/310b69d28112912c333408a462a9837208de951b1e7c11514781740412f648b1?s=96&d=mm&r=g\",\"url\":\"https:\\\/\\\/secure.gravatar.com\\\/avatar\\\/310b69d28112912c333408a462a9837208de951b1e7c11514781740412f648b1?s=96&d=mm&r=g\",\"contentUrl\":\"https:\\\/\\\/secure.gravatar.com\\\/avatar\\\/310b69d28112912c333408a462a9837208de951b1e7c11514781740412f648b1?s=96&d=mm&r=g\",\"caption\":\"Pablo Pujado\"},\"url\":\"https:\\\/\\\/www.sanjuandeportes.com\\\/wp\\\/author\\\/pablo-pujado\\\/\"}]}<\/script>\n<!-- \/ Yoast SEO plugin. -->","yoast_head_json":{"title":"Capital organiza una marat\u00f3n para todas las edades: con carreras de 2, 5 y 10 km - San Juan Deportes","robots":{"index":"index","follow":"follow","max-snippet":"max-snippet:-1","max-image-preview":"max-image-preview:large","max-video-preview":"max-video-preview:-1"},"canonical":"https:\/\/www.sanjuandeportes.com\/wp\/2022\/04\/27\/capital-organiza-una-maraton-para-todas-las-edades-con-carreras-de-2-5-y-10-km\/","og_locale":"es_ES","og_type":"article","og_title":"Capital organiza una marat\u00f3n para todas las edades: con carreras de 2, 5 y 10 km - San Juan Deportes","og_description":"Esta actividad se realizar\u00e1 en el Parque de Mayo el s\u00e1bado 7 de mayo en horario de 10 a 12. El objetivo es fomentar la actividad f\u00edsica en instancias participativas y competitivas. La Municipalidad de Capital a trav\u00e9s del plan estrat\u00e9gico Escuela de Vida organiz\u00f3 un evento deportivo: \u201cCorr\u00e9 en Capital\u201d. En instancias de 2, [&hellip;]","og_url":"https:\/\/www.sanjuandeportes.com\/wp\/2022\/04\/27\/capital-organiza-una-maraton-para-todas-las-edades-con-carreras-de-2-5-y-10-km\/","og_site_name":"San Juan Deportes","article_publisher":"https:\/\/www.facebook.com\/sanjuandeportesok","article_published_time":"2022-04-27T16:20:20+00:00","article_modified_time":"2022-04-28T18:15:37+00:00","og_image":[{"width":750,"height":507,"url":"https:\/\/www.sanjuandeportes.com\/wp\/wp-content\/uploads\/2022\/04\/corre.jpg","type":"image\/jpeg"}],"author":"Pablo Pujado","twitter_card":"summary_large_image","twitter_creator":"@SanJuanDeportes","twitter_site":"@SanJuanDeportes","twitter_misc":{"Escrito por":"Pablo Pujado","Tiempo de lectura":"2 minutos"},"schema":{"@context":"https:\/\/schema.org","@graph":[{"@type":"Article","@id":"https:\/\/www.sanjuandeportes.com\/wp\/2022\/04\/27\/capital-organiza-una-maraton-para-todas-las-edades-con-carreras-de-2-5-y-10-km\/#article","isPartOf":{"@id":"https:\/\/www.sanjuandeportes.com\/wp\/2022\/04\/27\/capital-organiza-una-maraton-para-todas-las-edades-con-carreras-de-2-5-y-10-km\/"},"author":{"name":"Pablo Pujado","@id":"https:\/\/www.sanjuandeportes.com\/wp\/#\/schema\/person\/eda4d8e62a5d42b111781e3cdfcb9c3a"},"headline":"Capital organiza una marat\u00f3n para todas las edades: con carreras de 2, 5 y 10 km","datePublished":"2022-04-27T16:20:20+00:00","dateModified":"2022-04-28T18:15:37+00:00","mainEntityOfPage":{"@id":"https:\/\/www.sanjuandeportes.com\/wp\/2022\/04\/27\/capital-organiza-una-maraton-para-todas-las-edades-con-carreras-de-2-5-y-10-km\/"},"wordCount":362,"commentCount":0,"publisher":{"@id":"https:\/\/www.sanjuandeportes.com\/wp\/#organization"},"image":{"@id":"https:\/\/www.sanjuandeportes.com\/wp\/2022\/04\/27\/capital-organiza-una-maraton-para-todas-las-edades-con-carreras-de-2-5-y-10-km\/#primaryimage"},"thumbnailUrl":"https:\/\/www.sanjuandeportes.com\/wp\/wp-content\/uploads\/2022\/04\/corre.jpg","articleSection":["Atletismo","San Juan"],"inLanguage":"es","potentialAction":[{"@type":"CommentAction","name":"Comment","target":["https:\/\/www.sanjuandeportes.com\/wp\/2022\/04\/27\/capital-organiza-una-maraton-para-todas-las-edades-con-carreras-de-2-5-y-10-km\/#respond"]}]},{"@type":"WebPage","@id":"https:\/\/www.sanjuandeportes.com\/wp\/2022\/04\/27\/capital-organiza-una-maraton-para-todas-las-edades-con-carreras-de-2-5-y-10-km\/","url":"https:\/\/www.sanjuandeportes.com\/wp\/2022\/04\/27\/capital-organiza-una-maraton-para-todas-las-edades-con-carreras-de-2-5-y-10-km\/","name":"Capital organiza una marat\u00f3n para todas las edades: con carreras de 2, 5 y 10 km - San Juan Deportes","isPartOf":{"@id":"https:\/\/www.sanjuandeportes.com\/wp\/#website"},"primaryImageOfPage":{"@id":"https:\/\/www.sanjuandeportes.com\/wp\/2022\/04\/27\/capital-organiza-una-maraton-para-todas-las-edades-con-carreras-de-2-5-y-10-km\/#primaryimage"},"image":{"@id":"https:\/\/www.sanjuandeportes.com\/wp\/2022\/04\/27\/capital-organiza-una-maraton-para-todas-las-edades-con-carreras-de-2-5-y-10-km\/#primaryimage"},"thumbnailUrl":"https:\/\/www.sanjuandeportes.com\/wp\/wp-content\/uploads\/2022\/04\/corre.jpg","datePublished":"2022-04-27T16:20:20+00:00","dateModified":"2022-04-28T18:15:37+00:00","breadcrumb":{"@id":"https:\/\/www.sanjuandeportes.com\/wp\/2022\/04\/27\/capital-organiza-una-maraton-para-todas-las-edades-con-carreras-de-2-5-y-10-km\/#breadcrumb"},"inLanguage":"es","potentialAction":[{"@type":"ReadAction","target":["https:\/\/www.sanjuandeportes.com\/wp\/2022\/04\/27\/capital-organiza-una-maraton-para-todas-las-edades-con-carreras-de-2-5-y-10-km\/"]}]},{"@type":"ImageObject","inLanguage":"es","@id":"https:\/\/www.sanjuandeportes.com\/wp\/2022\/04\/27\/capital-organiza-una-maraton-para-todas-las-edades-con-carreras-de-2-5-y-10-km\/#primaryimage","url":"https:\/\/www.sanjuandeportes.com\/wp\/wp-content\/uploads\/2022\/04\/corre.jpg","contentUrl":"https:\/\/www.sanjuandeportes.com\/wp\/wp-content\/uploads\/2022\/04\/corre.jpg","width":750,"height":507},{"@type":"BreadcrumbList","@id":"https:\/\/www.sanjuandeportes.com\/wp\/2022\/04\/27\/capital-organiza-una-maraton-para-todas-las-edades-con-carreras-de-2-5-y-10-km\/#breadcrumb","itemListElement":[{"@type":"ListItem","position":1,"name":"Portada","item":"http:\/\/www.sanjuandeportes.com\/wp\/"},{"@type":"ListItem","position":2,"name":"Capital organiza una marat\u00f3n para todas las edades: con carreras de 2, 5 y 10 km"}]},{"@type":"WebSite","@id":"https:\/\/www.sanjuandeportes.com\/wp\/#website","url":"https:\/\/www.sanjuandeportes.com\/wp\/","name":"San Juan Deportes","description":"El sitio de deportes de la provincia de San Juan","publisher":{"@id":"https:\/\/www.sanjuandeportes.com\/wp\/#organization"},"potentialAction":[{"@type":"SearchAction","target":{"@type":"EntryPoint","urlTemplate":"https:\/\/www.sanjuandeportes.com\/wp\/?s={search_term_string}"},"query-input":{"@type":"PropertyValueSpecification","valueRequired":true,"valueName":"search_term_string"}}],"inLanguage":"es"},{"@type":"Organization","@id":"https:\/\/www.sanjuandeportes.com\/wp\/#organization","name":"San Juan Deportes","url":"https:\/\/www.sanjuandeportes.com\/wp\/","logo":{"@type":"ImageObject","inLanguage":"es","@id":"https:\/\/www.sanjuandeportes.com\/wp\/#\/schema\/logo\/image\/","url":"https:\/\/www.sanjuandeportes.com\/wp\/wp-content\/uploads\/unnamed.jpg","contentUrl":"https:\/\/www.sanjuandeportes.com\/wp\/wp-content\/uploads\/unnamed.jpg","width":900,"height":900,"caption":"San Juan Deportes"},"image":{"@id":"https:\/\/www.sanjuandeportes.com\/wp\/#\/schema\/logo\/image\/"},"sameAs":["https:\/\/www.facebook.com\/sanjuandeportesok","https:\/\/x.com\/SanJuanDeportes","https:\/\/www.instagram.com\/sanjuandeportes"]},{"@type":"Person","@id":"https:\/\/www.sanjuandeportes.com\/wp\/#\/schema\/person\/eda4d8e62a5d42b111781e3cdfcb9c3a","name":"Pablo Pujado","image":{"@type":"ImageObject","inLanguage":"es","@id":"https:\/\/secure.gravatar.com\/avatar\/310b69d28112912c333408a462a9837208de951b1e7c11514781740412f648b1?s=96&d=mm&r=g","url":"https:\/\/secure.gravatar.com\/avatar\/310b69d28112912c333408a462a9837208de951b1e7c11514781740412f648b1?s=96&d=mm&r=g","contentUrl":"https:\/\/secure.gravatar.com\/avatar\/310b69d28112912c333408a462a9837208de951b1e7c11514781740412f648b1?s=96&d=mm&r=g","caption":"Pablo Pujado"},"url":"https:\/\/www.sanjuandeportes.com\/wp\/author\/pablo-pujado\/"}]}},"_links":{"self":[{"href":"https:\/\/www.sanjuandeportes.com\/wp\/wp-json\/wp\/v2\/posts\/15821","targetHints":{"allow":["GET"]}}],"collection":[{"href":"https:\/\/www.sanjuandeportes.com\/wp\/wp-json\/wp\/v2\/posts"}],"about":[{"href":"https:\/\/www.sanjuandeportes.com\/wp\/wp-json\/wp\/v2\/types\/post"}],"author":[{"embeddable":true,"href":"https:\/\/www.sanjuandeportes.com\/wp\/wp-json\/wp\/v2\/users\/5"}],"replies":[{"embeddable":true,"href":"https:\/\/www.sanjuandeportes.com\/wp\/wp-json\/wp\/v2\/comments?post=15821"}],"version-history":[{"count":1,"href":"https:\/\/www.sanjuandeportes.com\/wp\/wp-json\/wp\/v2\/posts\/15821\/revisions"}],"predecessor-version":[{"id":15823,"href":"https:\/\/www.sanjuandeportes.com\/wp\/wp-json\/wp\/v2\/posts\/15821\/revisions\/15823"}],"wp:featuredmedia":[{"embeddable":true,"href":"https:\/\/www.sanjuandeportes.com\/wp\/wp-json\/wp\/v2\/media\/15822"}],"wp:attachment":[{"href":"https:\/\/www.sanjuandeportes.com\/wp\/wp-json\/wp\/v2\/media?parent=15821"}],"wp:term":[{"taxonomy":"category","embeddable":true,"href":"https:\/\/www.sanjuandeportes.com\/wp\/wp-json\/wp\/v2\/categories?post=15821"},{"taxonomy":"post_tag","embeddable":true,"href":"https:\/\/www.sanjuandeportes.com\/wp\/wp-json\/wp\/v2\/tags?post=15821"}],"curies":[{"name":"wp","href":"https:\/\/api.w.org\/{rel}","templated":true}]}}