{"id":15827,"date":"2022-04-27T16:43:36","date_gmt":"2022-04-27T16:43:36","guid":{"rendered":"http:\/\/www.sanjuandeportes.com\/wp\/?p=15827"},"modified":"2022-05-02T17:28:34","modified_gmt":"2022-05-02T17:28:34","slug":"la-feva-anuncio-que-los-seleccionados-argentinos-tendran-nueva-indumentaria","status":"publish","type":"post","link":"https:\/\/www.sanjuandeportes.com\/wp\/2022\/04\/27\/la-feva-anuncio-que-los-seleccionados-argentinos-tendran-nueva-indumentaria\/","title":{"rendered":"La FeVA anunci\u00f3 que los seleccionados argentinos tendr\u00e1n nueva indumentaria"},"content":{"rendered":"\n<p class=\"wp-block-paragraph\"><strong><em>La Federaci\u00f3n del V\u00f3leibol Argentino (FeVA) y Le Coq Sportif anunciaron hoy su alianza para vestir a los seleccionados femenino y masculino de v\u00f3ley indoor y beach volley en el nuevo ciclo ol\u00edmpico rumbo a los Juegos de Par\u00eds 2024.<\/em><\/strong><\/p>\n\n\n\n<p class=\"wp-block-paragraph\"><strong>En ese contexto, la FeVA y la marca de ropa francesa revelaron que se trabaj\u00f3 intensamente con los jugadores de los seleccionados \u00abalbicelestes\u00bb masculinos y femeninos durante el proceso de desarrollo y dise\u00f1o de la nueva colecci\u00f3n.<\/strong><\/p>\n\n\n\n<p class=\"wp-block-paragraph\">De manera que Le Coq Sportif ser\u00e1 el proveedor oficial de indumentaria de las selecciones femeninas y masculinas tanto de indoor como de beach volley, seg\u00fan el convenio firmado con la FeVA.<\/p>\n\n\n\n<figure class=\"wp-block-image\"><img decoding=\"async\" data-src=\"https:\/\/www.sitioandino.com.ar\/files\/image\/514\/514669\/626955e9bad74_836_551!.jpg?s=345b0f3706144ee39ea0e9479792bb0c&amp;d=1651070443\" alt=\"\" src=\"data:image\/svg+xml;base64,PHN2ZyB3aWR0aD0iMSIgaGVpZ2h0PSIxIiB4bWxucz0iaHR0cDovL3d3dy53My5vcmcvMjAwMC9zdmciPjwvc3ZnPg==\" class=\"lazyload\" \/><\/figure>\n\n\n\n<p class=\"wp-block-paragraph\">\u00abLa asociaci\u00f3n con Le Coq Sportif resulta clave para nuestra Federaci\u00f3n ya que se corresponde con el compromiso de ofrecer a nuestros atletas una marca de amplia trayectoria internacional con altos est\u00e1ndares de calidad. Un nuevo ciclo ol\u00edmpico ha comenzado siendo Paris 2024 nuestro objetivo m\u00e1s deseado y contamos con la experiencia de Le Coq Sportif para darle lo mejor al v\u00f3leibol argentino\u00bb, comunicaron desde la FeVA.<\/p>\n\n\n\n<p class=\"wp-block-paragraph\">El seleccionado argentino de v\u00f3leibol masculino, medalla de bronce en los Juegos Ol\u00edmpicos Tokio 2020, y Las Panteras iniciar\u00e1n su preparaci\u00f3n el 2 de mayo en las instalaciones del Centro Nacional de Alto Rendimiento Deportivo (Cenard).<\/p>\n\n\n\n<p class=\"wp-block-paragraph\"><strong>El equipo masculino, dirigido por Marcelo M\u00e9ndez, asumir\u00e1 una serie amistosa ante Pa\u00edses Bajos en Buenos Aires a principios de junio, luego partir\u00e1 a Canad\u00e1 para disputar la VNL y desde fines de agosto afrontar\u00e1 el objetivo mayor, Campeonato del Mundo, en el que ser\u00e1 cabeza de serie del Grupo F, tambi\u00e9n integrado por la selecci\u00f3n neerlandesa, Ir\u00e1n y Egipto.<\/strong><\/p>\n\n\n\n<figure class=\"wp-block-image\"><img decoding=\"async\" data-src=\"https:\/\/www.sitioandino.com.ar\/files\/image\/514\/514670\/626955fa2bb8f_836_462!.jpg?s=8b8045b99b3eedd64acc775156934c0f&amp;d=1651070459\" alt=\"\" src=\"data:image\/svg+xml;base64,PHN2ZyB3aWR0aD0iMSIgaGVpZ2h0PSIxIiB4bWxucz0iaHR0cDovL3d3dy53My5vcmcvMjAwMC9zdmciPjwvc3ZnPg==\" class=\"lazyload\" \/><\/figure>\n\n\n\n<p class=\"wp-block-paragraph\"><strong>Las Panteras, en tanto, bajo la direcci\u00f3n t\u00e9cnica de Hern\u00e1n Ferraro, tambi\u00e9n iniciar\u00e1n sus trabajos el lunes en el Cenard rumbo a un 2022 con giras amistosas en nuestro pa\u00eds y el Campeonato del Mundo Pa\u00edses Bajos-Polonia en el horizonte.<\/strong><\/p>\n\n\n\n<p class=\"wp-block-paragraph\">Los primeros compromisos del equipo ser\u00e1n ante M\u00e9xico, en una gira amistosa por nuestro pa\u00eds hacia fines de mayo. Luego habr\u00e1 test matches con Per\u00fa en julio, en la Argentina. Adem\u00e1s del Campeonato del Mundo, que comenzar\u00e1 a fines de septiembre, Las Panteras afrontar\u00e1n el Clasificatorio a los Juegos Panamericanos en agosto.<\/p>\n","protected":false},"excerpt":{"rendered":"<p>La Federaci\u00f3n del V\u00f3leibol Argentino (FeVA) y Le Coq Sportif anunciaron hoy su alianza para vestir a los seleccionados femenino y masculino de v\u00f3ley indoor y beach volley en el nuevo ciclo ol\u00edmpico rumbo a los Juegos de Par\u00eds 2024. En ese contexto, la FeVA y la marca de ropa francesa revelaron que se trabaj\u00f3 [&hellip;]<\/p>\n","protected":false},"author":5,"featured_media":13721,"comment_status":"open","ping_status":"open","sticky":false,"template":"","format":"standard","meta":{"footnotes":""},"categories":[1255,34],"tags":[],"class_list":["post-15827","post","type-post","status-publish","format-standard","has-post-thumbnail","hentry","category-argentina","category-voley"],"yoast_head":"<!-- This site is optimized with the Yoast SEO plugin v28.2 - https:\/\/yoast.com\/product\/yoast-seo-wordpress\/ -->\n<title>La FeVA anunci\u00f3 que los seleccionados argentinos tendr\u00e1n nueva indumentaria - San Juan Deportes<\/title>\n<meta name=\"robots\" content=\"index, follow, max-snippet:-1, max-image-preview:large, max-video-preview:-1\" \/>\n<link rel=\"canonical\" href=\"https:\/\/www.sanjuandeportes.com\/wp\/2022\/04\/27\/la-feva-anuncio-que-los-seleccionados-argentinos-tendran-nueva-indumentaria\/\" \/>\n<meta property=\"og:locale\" content=\"es_ES\" \/>\n<meta property=\"og:type\" content=\"article\" \/>\n<meta property=\"og:title\" content=\"La FeVA anunci\u00f3 que los seleccionados argentinos tendr\u00e1n nueva indumentaria - San Juan Deportes\" \/>\n<meta property=\"og:description\" content=\"La Federaci\u00f3n del V\u00f3leibol Argentino (FeVA) y Le Coq Sportif anunciaron hoy su alianza para vestir a los seleccionados femenino y masculino de v\u00f3ley indoor y beach volley en el nuevo ciclo ol\u00edmpico rumbo a los Juegos de Par\u00eds 2024. En ese contexto, la FeVA y la marca de ropa francesa revelaron que se trabaj\u00f3 [&hellip;]\" \/>\n<meta property=\"og:url\" content=\"https:\/\/www.sanjuandeportes.com\/wp\/2022\/04\/27\/la-feva-anuncio-que-los-seleccionados-argentinos-tendran-nueva-indumentaria\/\" \/>\n<meta property=\"og:site_name\" content=\"San Juan Deportes\" \/>\n<meta property=\"article:publisher\" content=\"https:\/\/www.facebook.com\/sanjuandeportesok\" \/>\n<meta property=\"article:published_time\" content=\"2022-04-27T16:43:36+00:00\" \/>\n<meta property=\"article:modified_time\" content=\"2022-05-02T17:28:34+00:00\" \/>\n<meta property=\"og:image\" content=\"https:\/\/www.sanjuandeportes.com\/wp\/wp-content\/uploads\/2021\/08\/e12f857aee4f17fc131dfd3c44f5d0e4_L.jpg\" \/>\n\t<meta property=\"og:image:width\" content=\"782\" \/>\n\t<meta property=\"og:image:height\" content=\"440\" \/>\n\t<meta property=\"og:image:type\" content=\"image\/jpeg\" \/>\n<meta name=\"author\" content=\"Pablo Pujado\" \/>\n<meta name=\"twitter:card\" content=\"summary_large_image\" \/>\n<meta name=\"twitter:creator\" content=\"@SanJuanDeportes\" \/>\n<meta name=\"twitter:site\" content=\"@SanJuanDeportes\" \/>\n<meta name=\"twitter:label1\" content=\"Escrito por\" \/>\n\t<meta name=\"twitter:data1\" content=\"Pablo Pujado\" \/>\n\t<meta name=\"twitter:label2\" content=\"Tiempo de lectura\" \/>\n\t<meta name=\"twitter:data2\" content=\"2 minutos\" \/>\n<script type=\"application\/ld+json\" class=\"yoast-schema-graph\">{\"@context\":\"https:\\\/\\\/schema.org\",\"@graph\":[{\"@type\":\"Article\",\"@id\":\"https:\\\/\\\/www.sanjuandeportes.com\\\/wp\\\/2022\\\/04\\\/27\\\/la-feva-anuncio-que-los-seleccionados-argentinos-tendran-nueva-indumentaria\\\/#article\",\"isPartOf\":{\"@id\":\"https:\\\/\\\/www.sanjuandeportes.com\\\/wp\\\/2022\\\/04\\\/27\\\/la-feva-anuncio-que-los-seleccionados-argentinos-tendran-nueva-indumentaria\\\/\"},\"author\":{\"name\":\"Pablo Pujado\",\"@id\":\"https:\\\/\\\/www.sanjuandeportes.com\\\/wp\\\/#\\\/schema\\\/person\\\/eda4d8e62a5d42b111781e3cdfcb9c3a\"},\"headline\":\"La FeVA anunci\u00f3 que los seleccionados argentinos tendr\u00e1n nueva indumentaria\",\"datePublished\":\"2022-04-27T16:43:36+00:00\",\"dateModified\":\"2022-05-02T17:28:34+00:00\",\"mainEntityOfPage\":{\"@id\":\"https:\\\/\\\/www.sanjuandeportes.com\\\/wp\\\/2022\\\/04\\\/27\\\/la-feva-anuncio-que-los-seleccionados-argentinos-tendran-nueva-indumentaria\\\/\"},\"wordCount\":405,\"commentCount\":0,\"publisher\":{\"@id\":\"https:\\\/\\\/www.sanjuandeportes.com\\\/wp\\\/#organization\"},\"image\":{\"@id\":\"https:\\\/\\\/www.sanjuandeportes.com\\\/wp\\\/2022\\\/04\\\/27\\\/la-feva-anuncio-que-los-seleccionados-argentinos-tendran-nueva-indumentaria\\\/#primaryimage\"},\"thumbnailUrl\":\"https:\\\/\\\/www.sanjuandeportes.com\\\/wp\\\/wp-content\\\/uploads\\\/2021\\\/08\\\/e12f857aee4f17fc131dfd3c44f5d0e4_L.jpg\",\"articleSection\":[\"Argentina\",\"Voley\"],\"inLanguage\":\"es\",\"potentialAction\":[{\"@type\":\"CommentAction\",\"name\":\"Comment\",\"target\":[\"https:\\\/\\\/www.sanjuandeportes.com\\\/wp\\\/2022\\\/04\\\/27\\\/la-feva-anuncio-que-los-seleccionados-argentinos-tendran-nueva-indumentaria\\\/#respond\"]}]},{\"@type\":\"WebPage\",\"@id\":\"https:\\\/\\\/www.sanjuandeportes.com\\\/wp\\\/2022\\\/04\\\/27\\\/la-feva-anuncio-que-los-seleccionados-argentinos-tendran-nueva-indumentaria\\\/\",\"url\":\"https:\\\/\\\/www.sanjuandeportes.com\\\/wp\\\/2022\\\/04\\\/27\\\/la-feva-anuncio-que-los-seleccionados-argentinos-tendran-nueva-indumentaria\\\/\",\"name\":\"La FeVA anunci\u00f3 que los seleccionados argentinos tendr\u00e1n nueva indumentaria - San Juan Deportes\",\"isPartOf\":{\"@id\":\"https:\\\/\\\/www.sanjuandeportes.com\\\/wp\\\/#website\"},\"primaryImageOfPage\":{\"@id\":\"https:\\\/\\\/www.sanjuandeportes.com\\\/wp\\\/2022\\\/04\\\/27\\\/la-feva-anuncio-que-los-seleccionados-argentinos-tendran-nueva-indumentaria\\\/#primaryimage\"},\"image\":{\"@id\":\"https:\\\/\\\/www.sanjuandeportes.com\\\/wp\\\/2022\\\/04\\\/27\\\/la-feva-anuncio-que-los-seleccionados-argentinos-tendran-nueva-indumentaria\\\/#primaryimage\"},\"thumbnailUrl\":\"https:\\\/\\\/www.sanjuandeportes.com\\\/wp\\\/wp-content\\\/uploads\\\/2021\\\/08\\\/e12f857aee4f17fc131dfd3c44f5d0e4_L.jpg\",\"datePublished\":\"2022-04-27T16:43:36+00:00\",\"dateModified\":\"2022-05-02T17:28:34+00:00\",\"breadcrumb\":{\"@id\":\"https:\\\/\\\/www.sanjuandeportes.com\\\/wp\\\/2022\\\/04\\\/27\\\/la-feva-anuncio-que-los-seleccionados-argentinos-tendran-nueva-indumentaria\\\/#breadcrumb\"},\"inLanguage\":\"es\",\"potentialAction\":[{\"@type\":\"ReadAction\",\"target\":[\"https:\\\/\\\/www.sanjuandeportes.com\\\/wp\\\/2022\\\/04\\\/27\\\/la-feva-anuncio-que-los-seleccionados-argentinos-tendran-nueva-indumentaria\\\/\"]}]},{\"@type\":\"ImageObject\",\"inLanguage\":\"es\",\"@id\":\"https:\\\/\\\/www.sanjuandeportes.com\\\/wp\\\/2022\\\/04\\\/27\\\/la-feva-anuncio-que-los-seleccionados-argentinos-tendran-nueva-indumentaria\\\/#primaryimage\",\"url\":\"https:\\\/\\\/www.sanjuandeportes.com\\\/wp\\\/wp-content\\\/uploads\\\/2021\\\/08\\\/e12f857aee4f17fc131dfd3c44f5d0e4_L.jpg\",\"contentUrl\":\"https:\\\/\\\/www.sanjuandeportes.com\\\/wp\\\/wp-content\\\/uploads\\\/2021\\\/08\\\/e12f857aee4f17fc131dfd3c44f5d0e4_L.jpg\",\"width\":782,\"height\":440},{\"@type\":\"BreadcrumbList\",\"@id\":\"https:\\\/\\\/www.sanjuandeportes.com\\\/wp\\\/2022\\\/04\\\/27\\\/la-feva-anuncio-que-los-seleccionados-argentinos-tendran-nueva-indumentaria\\\/#breadcrumb\",\"itemListElement\":[{\"@type\":\"ListItem\",\"position\":1,\"name\":\"Portada\",\"item\":\"http:\\\/\\\/www.sanjuandeportes.com\\\/wp\\\/\"},{\"@type\":\"ListItem\",\"position\":2,\"name\":\"La FeVA anunci\u00f3 que los seleccionados argentinos tendr\u00e1n nueva indumentaria\"}]},{\"@type\":\"WebSite\",\"@id\":\"https:\\\/\\\/www.sanjuandeportes.com\\\/wp\\\/#website\",\"url\":\"https:\\\/\\\/www.sanjuandeportes.com\\\/wp\\\/\",\"name\":\"San Juan Deportes\",\"description\":\"El sitio de deportes de la provincia de San Juan\",\"publisher\":{\"@id\":\"https:\\\/\\\/www.sanjuandeportes.com\\\/wp\\\/#organization\"},\"potentialAction\":[{\"@type\":\"SearchAction\",\"target\":{\"@type\":\"EntryPoint\",\"urlTemplate\":\"https:\\\/\\\/www.sanjuandeportes.com\\\/wp\\\/?s={search_term_string}\"},\"query-input\":{\"@type\":\"PropertyValueSpecification\",\"valueRequired\":true,\"valueName\":\"search_term_string\"}}],\"inLanguage\":\"es\"},{\"@type\":\"Organization\",\"@id\":\"https:\\\/\\\/www.sanjuandeportes.com\\\/wp\\\/#organization\",\"name\":\"San Juan Deportes\",\"url\":\"https:\\\/\\\/www.sanjuandeportes.com\\\/wp\\\/\",\"logo\":{\"@type\":\"ImageObject\",\"inLanguage\":\"es\",\"@id\":\"https:\\\/\\\/www.sanjuandeportes.com\\\/wp\\\/#\\\/schema\\\/logo\\\/image\\\/\",\"url\":\"https:\\\/\\\/www.sanjuandeportes.com\\\/wp\\\/wp-content\\\/uploads\\\/unnamed.jpg\",\"contentUrl\":\"https:\\\/\\\/www.sanjuandeportes.com\\\/wp\\\/wp-content\\\/uploads\\\/unnamed.jpg\",\"width\":900,\"height\":900,\"caption\":\"San Juan Deportes\"},\"image\":{\"@id\":\"https:\\\/\\\/www.sanjuandeportes.com\\\/wp\\\/#\\\/schema\\\/logo\\\/image\\\/\"},\"sameAs\":[\"https:\\\/\\\/www.facebook.com\\\/sanjuandeportesok\",\"https:\\\/\\\/x.com\\\/SanJuanDeportes\",\"https:\\\/\\\/www.instagram.com\\\/sanjuandeportes\"]},{\"@type\":\"Person\",\"@id\":\"https:\\\/\\\/www.sanjuandeportes.com\\\/wp\\\/#\\\/schema\\\/person\\\/eda4d8e62a5d42b111781e3cdfcb9c3a\",\"name\":\"Pablo Pujado\",\"image\":{\"@type\":\"ImageObject\",\"inLanguage\":\"es\",\"@id\":\"https:\\\/\\\/secure.gravatar.com\\\/avatar\\\/310b69d28112912c333408a462a9837208de951b1e7c11514781740412f648b1?s=96&d=mm&r=g\",\"url\":\"https:\\\/\\\/secure.gravatar.com\\\/avatar\\\/310b69d28112912c333408a462a9837208de951b1e7c11514781740412f648b1?s=96&d=mm&r=g\",\"contentUrl\":\"https:\\\/\\\/secure.gravatar.com\\\/avatar\\\/310b69d28112912c333408a462a9837208de951b1e7c11514781740412f648b1?s=96&d=mm&r=g\",\"caption\":\"Pablo Pujado\"},\"url\":\"https:\\\/\\\/www.sanjuandeportes.com\\\/wp\\\/author\\\/pablo-pujado\\\/\"}]}<\/script>\n<!-- \/ Yoast SEO plugin. -->","yoast_head_json":{"title":"La FeVA anunci\u00f3 que los seleccionados argentinos tendr\u00e1n nueva indumentaria - San Juan Deportes","robots":{"index":"index","follow":"follow","max-snippet":"max-snippet:-1","max-image-preview":"max-image-preview:large","max-video-preview":"max-video-preview:-1"},"canonical":"https:\/\/www.sanjuandeportes.com\/wp\/2022\/04\/27\/la-feva-anuncio-que-los-seleccionados-argentinos-tendran-nueva-indumentaria\/","og_locale":"es_ES","og_type":"article","og_title":"La FeVA anunci\u00f3 que los seleccionados argentinos tendr\u00e1n nueva indumentaria - San Juan Deportes","og_description":"La Federaci\u00f3n del V\u00f3leibol Argentino (FeVA) y Le Coq Sportif anunciaron hoy su alianza para vestir a los seleccionados femenino y masculino de v\u00f3ley indoor y beach volley en el nuevo ciclo ol\u00edmpico rumbo a los Juegos de Par\u00eds 2024. En ese contexto, la FeVA y la marca de ropa francesa revelaron que se trabaj\u00f3 [&hellip;]","og_url":"https:\/\/www.sanjuandeportes.com\/wp\/2022\/04\/27\/la-feva-anuncio-que-los-seleccionados-argentinos-tendran-nueva-indumentaria\/","og_site_name":"San Juan Deportes","article_publisher":"https:\/\/www.facebook.com\/sanjuandeportesok","article_published_time":"2022-04-27T16:43:36+00:00","article_modified_time":"2022-05-02T17:28:34+00:00","og_image":[{"width":782,"height":440,"url":"https:\/\/www.sanjuandeportes.com\/wp\/wp-content\/uploads\/2021\/08\/e12f857aee4f17fc131dfd3c44f5d0e4_L.jpg","type":"image\/jpeg"}],"author":"Pablo Pujado","twitter_card":"summary_large_image","twitter_creator":"@SanJuanDeportes","twitter_site":"@SanJuanDeportes","twitter_misc":{"Escrito por":"Pablo Pujado","Tiempo de lectura":"2 minutos"},"schema":{"@context":"https:\/\/schema.org","@graph":[{"@type":"Article","@id":"https:\/\/www.sanjuandeportes.com\/wp\/2022\/04\/27\/la-feva-anuncio-que-los-seleccionados-argentinos-tendran-nueva-indumentaria\/#article","isPartOf":{"@id":"https:\/\/www.sanjuandeportes.com\/wp\/2022\/04\/27\/la-feva-anuncio-que-los-seleccionados-argentinos-tendran-nueva-indumentaria\/"},"author":{"name":"Pablo Pujado","@id":"https:\/\/www.sanjuandeportes.com\/wp\/#\/schema\/person\/eda4d8e62a5d42b111781e3cdfcb9c3a"},"headline":"La FeVA anunci\u00f3 que los seleccionados argentinos tendr\u00e1n nueva indumentaria","datePublished":"2022-04-27T16:43:36+00:00","dateModified":"2022-05-02T17:28:34+00:00","mainEntityOfPage":{"@id":"https:\/\/www.sanjuandeportes.com\/wp\/2022\/04\/27\/la-feva-anuncio-que-los-seleccionados-argentinos-tendran-nueva-indumentaria\/"},"wordCount":405,"commentCount":0,"publisher":{"@id":"https:\/\/www.sanjuandeportes.com\/wp\/#organization"},"image":{"@id":"https:\/\/www.sanjuandeportes.com\/wp\/2022\/04\/27\/la-feva-anuncio-que-los-seleccionados-argentinos-tendran-nueva-indumentaria\/#primaryimage"},"thumbnailUrl":"https:\/\/www.sanjuandeportes.com\/wp\/wp-content\/uploads\/2021\/08\/e12f857aee4f17fc131dfd3c44f5d0e4_L.jpg","articleSection":["Argentina","Voley"],"inLanguage":"es","potentialAction":[{"@type":"CommentAction","name":"Comment","target":["https:\/\/www.sanjuandeportes.com\/wp\/2022\/04\/27\/la-feva-anuncio-que-los-seleccionados-argentinos-tendran-nueva-indumentaria\/#respond"]}]},{"@type":"WebPage","@id":"https:\/\/www.sanjuandeportes.com\/wp\/2022\/04\/27\/la-feva-anuncio-que-los-seleccionados-argentinos-tendran-nueva-indumentaria\/","url":"https:\/\/www.sanjuandeportes.com\/wp\/2022\/04\/27\/la-feva-anuncio-que-los-seleccionados-argentinos-tendran-nueva-indumentaria\/","name":"La FeVA anunci\u00f3 que los seleccionados argentinos tendr\u00e1n nueva indumentaria - San Juan Deportes","isPartOf":{"@id":"https:\/\/www.sanjuandeportes.com\/wp\/#website"},"primaryImageOfPage":{"@id":"https:\/\/www.sanjuandeportes.com\/wp\/2022\/04\/27\/la-feva-anuncio-que-los-seleccionados-argentinos-tendran-nueva-indumentaria\/#primaryimage"},"image":{"@id":"https:\/\/www.sanjuandeportes.com\/wp\/2022\/04\/27\/la-feva-anuncio-que-los-seleccionados-argentinos-tendran-nueva-indumentaria\/#primaryimage"},"thumbnailUrl":"https:\/\/www.sanjuandeportes.com\/wp\/wp-content\/uploads\/2021\/08\/e12f857aee4f17fc131dfd3c44f5d0e4_L.jpg","datePublished":"2022-04-27T16:43:36+00:00","dateModified":"2022-05-02T17:28:34+00:00","breadcrumb":{"@id":"https:\/\/www.sanjuandeportes.com\/wp\/2022\/04\/27\/la-feva-anuncio-que-los-seleccionados-argentinos-tendran-nueva-indumentaria\/#breadcrumb"},"inLanguage":"es","potentialAction":[{"@type":"ReadAction","target":["https:\/\/www.sanjuandeportes.com\/wp\/2022\/04\/27\/la-feva-anuncio-que-los-seleccionados-argentinos-tendran-nueva-indumentaria\/"]}]},{"@type":"ImageObject","inLanguage":"es","@id":"https:\/\/www.sanjuandeportes.com\/wp\/2022\/04\/27\/la-feva-anuncio-que-los-seleccionados-argentinos-tendran-nueva-indumentaria\/#primaryimage","url":"https:\/\/www.sanjuandeportes.com\/wp\/wp-content\/uploads\/2021\/08\/e12f857aee4f17fc131dfd3c44f5d0e4_L.jpg","contentUrl":"https:\/\/www.sanjuandeportes.com\/wp\/wp-content\/uploads\/2021\/08\/e12f857aee4f17fc131dfd3c44f5d0e4_L.jpg","width":782,"height":440},{"@type":"BreadcrumbList","@id":"https:\/\/www.sanjuandeportes.com\/wp\/2022\/04\/27\/la-feva-anuncio-que-los-seleccionados-argentinos-tendran-nueva-indumentaria\/#breadcrumb","itemListElement":[{"@type":"ListItem","position":1,"name":"Portada","item":"http:\/\/www.sanjuandeportes.com\/wp\/"},{"@type":"ListItem","position":2,"name":"La FeVA anunci\u00f3 que los seleccionados argentinos tendr\u00e1n nueva indumentaria"}]},{"@type":"WebSite","@id":"https:\/\/www.sanjuandeportes.com\/wp\/#website","url":"https:\/\/www.sanjuandeportes.com\/wp\/","name":"San Juan Deportes","description":"El sitio de deportes de la provincia de San Juan","publisher":{"@id":"https:\/\/www.sanjuandeportes.com\/wp\/#organization"},"potentialAction":[{"@type":"SearchAction","target":{"@type":"EntryPoint","urlTemplate":"https:\/\/www.sanjuandeportes.com\/wp\/?s={search_term_string}"},"query-input":{"@type":"PropertyValueSpecification","valueRequired":true,"valueName":"search_term_string"}}],"inLanguage":"es"},{"@type":"Organization","@id":"https:\/\/www.sanjuandeportes.com\/wp\/#organization","name":"San Juan Deportes","url":"https:\/\/www.sanjuandeportes.com\/wp\/","logo":{"@type":"ImageObject","inLanguage":"es","@id":"https:\/\/www.sanjuandeportes.com\/wp\/#\/schema\/logo\/image\/","url":"https:\/\/www.sanjuandeportes.com\/wp\/wp-content\/uploads\/unnamed.jpg","contentUrl":"https:\/\/www.sanjuandeportes.com\/wp\/wp-content\/uploads\/unnamed.jpg","width":900,"height":900,"caption":"San Juan Deportes"},"image":{"@id":"https:\/\/www.sanjuandeportes.com\/wp\/#\/schema\/logo\/image\/"},"sameAs":["https:\/\/www.facebook.com\/sanjuandeportesok","https:\/\/x.com\/SanJuanDeportes","https:\/\/www.instagram.com\/sanjuandeportes"]},{"@type":"Person","@id":"https:\/\/www.sanjuandeportes.com\/wp\/#\/schema\/person\/eda4d8e62a5d42b111781e3cdfcb9c3a","name":"Pablo Pujado","image":{"@type":"ImageObject","inLanguage":"es","@id":"https:\/\/secure.gravatar.com\/avatar\/310b69d28112912c333408a462a9837208de951b1e7c11514781740412f648b1?s=96&d=mm&r=g","url":"https:\/\/secure.gravatar.com\/avatar\/310b69d28112912c333408a462a9837208de951b1e7c11514781740412f648b1?s=96&d=mm&r=g","contentUrl":"https:\/\/secure.gravatar.com\/avatar\/310b69d28112912c333408a462a9837208de951b1e7c11514781740412f648b1?s=96&d=mm&r=g","caption":"Pablo Pujado"},"url":"https:\/\/www.sanjuandeportes.com\/wp\/author\/pablo-pujado\/"}]}},"_links":{"self":[{"href":"https:\/\/www.sanjuandeportes.com\/wp\/wp-json\/wp\/v2\/posts\/15827","targetHints":{"allow":["GET"]}}],"collection":[{"href":"https:\/\/www.sanjuandeportes.com\/wp\/wp-json\/wp\/v2\/posts"}],"about":[{"href":"https:\/\/www.sanjuandeportes.com\/wp\/wp-json\/wp\/v2\/types\/post"}],"author":[{"embeddable":true,"href":"https:\/\/www.sanjuandeportes.com\/wp\/wp-json\/wp\/v2\/users\/5"}],"replies":[{"embeddable":true,"href":"https:\/\/www.sanjuandeportes.com\/wp\/wp-json\/wp\/v2\/comments?post=15827"}],"version-history":[{"count":1,"href":"https:\/\/www.sanjuandeportes.com\/wp\/wp-json\/wp\/v2\/posts\/15827\/revisions"}],"predecessor-version":[{"id":15828,"href":"https:\/\/www.sanjuandeportes.com\/wp\/wp-json\/wp\/v2\/posts\/15827\/revisions\/15828"}],"wp:featuredmedia":[{"embeddable":true,"href":"https:\/\/www.sanjuandeportes.com\/wp\/wp-json\/wp\/v2\/media\/13721"}],"wp:attachment":[{"href":"https:\/\/www.sanjuandeportes.com\/wp\/wp-json\/wp\/v2\/media?parent=15827"}],"wp:term":[{"taxonomy":"category","embeddable":true,"href":"https:\/\/www.sanjuandeportes.com\/wp\/wp-json\/wp\/v2\/categories?post=15827"},{"taxonomy":"post_tag","embeddable":true,"href":"https:\/\/www.sanjuandeportes.com\/wp\/wp-json\/wp\/v2\/tags?post=15827"}],"curies":[{"name":"wp","href":"https:\/\/api.w.org\/{rel}","templated":true}]}}