{"id":16224,"date":"2022-06-24T13:47:18","date_gmt":"2022-06-24T16:47:18","guid":{"rendered":"http:\/\/www.sanjuandeportes.com\/wp\/?p=16224"},"modified":"2022-06-24T13:47:19","modified_gmt":"2022-06-24T16:47:19","slug":"facundo-della-motta-y-tobias-martinez-correran-este-fin-de-semana-en-concordia","status":"publish","type":"post","link":"https:\/\/www.sanjuandeportes.com\/wp\/2022\/06\/24\/facundo-della-motta-y-tobias-martinez-correran-este-fin-de-semana-en-concordia\/","title":{"rendered":"Facundo Della Motta y Tob\u00edas Mart\u00ednez correr\u00e1n este fin de semana en Concordia"},"content":{"rendered":"\n<p class=\"wp-block-paragraph\">Fin de semana de Turismo Carretera en Concordia con presencia sanjuanina, ya que los pilotos del programa Alto Rendimiento de la Secretar\u00eda de Deportes, Facundo Della Motta en TC y Tob\u00edas Mart\u00ednez en TC Pista, buscar\u00e1n traer otro buen resultado a la provincia.<\/p>\n\n\n\n<p class=\"wp-block-paragraph\">Ambos vienen de una gran fecha pasada en Rafaela, donde Della Motta finaliz\u00f3 en el puesto 13\u00b0 con su Dodge #44, mientras que Mart\u00ednez fue 7\u00b0 con la Chevy #107. Ambos tuvieron en esta carrera su mejor resultado del a\u00f1o, con su mejor clasificaci\u00f3n y siendo los mejores usuarios de su marca, en un aut\u00f3dromo que exigi\u00f3 mucho de pilotos y autos.<\/p>\n\n\n\n<p class=\"wp-block-paragraph\">Los autos comenzar\u00e1n con la actividad en pista el s\u00e1bado 25, con las tandas de entrenamientos a partir de las 9:00 hs, mientras que la clasificaci\u00f3n comienza a las 15 hs, televisada en vivo a trav\u00e9s de DeporTV. Las series del TC Pista se corren tambi\u00e9n este s\u00e1bado, mientras que el domingo tendr\u00e1 las series del Tc y las finales de ambas categor\u00edas desde las 12 hs, con televisaci\u00f3n en vivo a trav\u00e9s de la Tv P\u00fablica.<\/p>\n\n\n\n<h2 class=\"wp-block-heading\">Cronograma de competencias<\/h2>\n\n\n\n<h3 class=\"wp-block-heading\"><strong>S\u00e1bado 25 de junio<\/strong><\/h3>\n\n\n\n<p class=\"wp-block-paragraph\"><strong>Entrenamientos<br><\/strong><br>09:00 a 09:30 Hs. 1er Entrenamiento TC Pista (GRUPO B) 30 Minutos<br>09:35 a 10:05 Hs. 1er Entrenamiento TC Pista (GRUPO A) 30 Minutos<\/p>\n\n\n\n<p class=\"wp-block-paragraph\">10:10 a 10:25 Hs. 1er Entrenamiento TC (GRUPO B) 15 Minutos<br>10:30 a 10:45 Hs. 1er Entrenamiento TC (GRUPO A) 15 Minutos<\/p>\n\n\n\n<p class=\"wp-block-paragraph\">11:05 a 11:35 Hs. 2do Entrenamiento TC Pista (GRUPO B) 30 Minutos<br>11:38 a 12:08 Hs. 2do Entrenamiento TC Pista (GRUPO A) 30 Minutos<\/p>\n\n\n\n<p class=\"wp-block-paragraph\">12:13 a 12:43 Hs. 2do. Entrenamiento TC (GRUPO B) 30 Minutos<br>12:48 a 13:18 Hs. 2do. Entrenamiento TC (GRUPO A) 30 Minutos<\/p>\n\n\n\n<p class=\"wp-block-paragraph\"><strong>Clasificaciones<\/strong><\/p>\n\n\n\n<p class=\"wp-block-paragraph\">15:05 a 15:13 Hs. Clasificaci\u00f3n TCP 3\u00b0 Tercio Tanda 8 Min<br>15:16 a 15:24 Hs. Clasificaci\u00f3n TCP 1\u00b0 Tercio Tanda 8 Min<br>15:27 a 15:35 Hs. Clasificaci\u00f3n TCP 2\u00b0 Tercio Tanda 8 Min<\/p>\n\n\n\n<p class=\"wp-block-paragraph\">16:05 a 16:13 Hs. Clasificaci\u00f3n TC 3\u00b0 Cuarto Tanda 8 Min<br>16:16 a 16:24 Hs. Clasificaci\u00f3n TC 4\u00b0 Cuarto Tanda 8 Min<br>16:27 a 16:35 Hs. Clasificaci\u00f3n TC 1\u00b0 Cuarto Tanda 8 Min<br>16:38 a 16:46 Hs. Clasificaci\u00f3n TC 2\u00b0 Cuarto Tanda 8 Min<\/p>\n\n\n\n<p class=\"wp-block-paragraph\"><br><strong>Series TC Pista<br><\/strong>17:15 Hs. 1er. Serie TC Pista 5 Vueltas<\/p>\n\n\n\n<p class=\"wp-block-paragraph\">17:40 Hs. 2da. Serie TC Pista 5 Vueltas<\/p>\n\n\n\n<p class=\"wp-block-paragraph\"><strong>Domingo 26 de junio<\/strong><\/p>\n\n\n\n<p class=\"wp-block-paragraph\"><strong>Series TC<\/strong><\/p>\n\n\n\n<p class=\"wp-block-paragraph\">09:30 a 09:35 Hs. Apertura de Boxes<br>09:40 Hs. 1ra. Serie TC &#8211; 5 Vueltas<\/p>\n\n\n\n<p class=\"wp-block-paragraph\">09:55 a 10:00 Hs. Apertura de Boxes<br>10:05 Hs. 2da. Serie TC \u2013 5 Vueltas<\/p>\n\n\n\n<p class=\"wp-block-paragraph\">10:20 a 10:25 Hs. Apertura de Boxes<br>10:30 Hs. 3ra. Serie TC \u2013 5 Vueltas<\/p>\n\n\n\n<p class=\"wp-block-paragraph\"><strong>Finales<\/strong><\/p>\n\n\n\n<p class=\"wp-block-paragraph\">11:50 a 11:55 Hs. Apertura de Boxes<br>12:00 Hs.&nbsp;<strong>FINAL TC PISTA<\/strong>&nbsp;20 Vueltas &#8211; o 40 (Cuarenta) Minutos M\u00e1ximo<\/p>\n\n\n\n<p class=\"wp-block-paragraph\">13:05 a 13:10 Hs. Apertura de Boxes<br>13:30 Hs.&nbsp;<strong>FINAL<\/strong>&nbsp;TC 25 Vueltas o 50 (Cincuenta) Minutos M\u00e1ximo<\/p>\n","protected":false},"excerpt":{"rendered":"<p>Fin de semana de Turismo Carretera en Concordia con presencia sanjuanina, ya que los pilotos del programa Alto Rendimiento de la Secretar\u00eda de Deportes, Facundo Della Motta en TC y Tob\u00edas Mart\u00ednez en TC Pista, buscar\u00e1n traer otro buen resultado a la provincia. Ambos vienen de una gran fecha pasada en Rafaela, donde Della Motta [&hellip;]<\/p>\n","protected":false},"author":5,"featured_media":15468,"comment_status":"open","ping_status":"open","sticky":false,"template":"","format":"standard","meta":{"footnotes":""},"categories":[39,2,178],"tags":[],"class_list":["post-16224","post","type-post","status-publish","format-standard","has-post-thumbnail","hentry","category-automovilismo","category-featured","category-san-juan"],"yoast_head":"<!-- This site is optimized with the Yoast SEO plugin v28.2 - https:\/\/yoast.com\/product\/yoast-seo-wordpress\/ -->\n<title>Facundo Della Motta y Tob\u00edas Mart\u00ednez correr\u00e1n este fin de semana en Concordia - San Juan Deportes<\/title>\n<meta name=\"robots\" content=\"index, follow, max-snippet:-1, max-image-preview:large, max-video-preview:-1\" \/>\n<link rel=\"canonical\" href=\"https:\/\/www.sanjuandeportes.com\/wp\/2022\/06\/24\/facundo-della-motta-y-tobias-martinez-correran-este-fin-de-semana-en-concordia\/\" \/>\n<meta property=\"og:locale\" content=\"es_ES\" \/>\n<meta property=\"og:type\" content=\"article\" \/>\n<meta property=\"og:title\" content=\"Facundo Della Motta y Tob\u00edas Mart\u00ednez correr\u00e1n este fin de semana en Concordia - San Juan Deportes\" \/>\n<meta property=\"og:description\" content=\"Fin de semana de Turismo Carretera en Concordia con presencia sanjuanina, ya que los pilotos del programa Alto Rendimiento de la Secretar\u00eda de Deportes, Facundo Della Motta en TC y Tob\u00edas Mart\u00ednez en TC Pista, buscar\u00e1n traer otro buen resultado a la provincia. Ambos vienen de una gran fecha pasada en Rafaela, donde Della Motta [&hellip;]\" \/>\n<meta property=\"og:url\" content=\"https:\/\/www.sanjuandeportes.com\/wp\/2022\/06\/24\/facundo-della-motta-y-tobias-martinez-correran-este-fin-de-semana-en-concordia\/\" \/>\n<meta property=\"og:site_name\" content=\"San Juan Deportes\" \/>\n<meta property=\"article:publisher\" content=\"https:\/\/www.facebook.com\/sanjuandeportesok\" \/>\n<meta property=\"article:published_time\" content=\"2022-06-24T16:47:18+00:00\" \/>\n<meta property=\"article:modified_time\" content=\"2022-06-24T16:47:19+00:00\" \/>\n<meta property=\"og:image\" content=\"https:\/\/www.sanjuandeportes.com\/wp\/wp-content\/uploads\/2022\/03\/339b88a0-f9f2-4dce-86ad-e5ea95a18028.jpg\" \/>\n\t<meta property=\"og:image:width\" content=\"1280\" \/>\n\t<meta property=\"og:image:height\" content=\"849\" \/>\n\t<meta property=\"og:image:type\" content=\"image\/jpeg\" \/>\n<meta name=\"author\" content=\"Pablo Pujado\" \/>\n<meta name=\"twitter:card\" content=\"summary_large_image\" \/>\n<meta name=\"twitter:creator\" content=\"@SanJuanDeportes\" \/>\n<meta name=\"twitter:site\" content=\"@SanJuanDeportes\" \/>\n<meta name=\"twitter:label1\" content=\"Escrito por\" \/>\n\t<meta name=\"twitter:data1\" content=\"Pablo Pujado\" \/>\n\t<meta name=\"twitter:label2\" content=\"Tiempo de lectura\" \/>\n\t<meta name=\"twitter:data2\" content=\"2 minutos\" \/>\n<script type=\"application\/ld+json\" class=\"yoast-schema-graph\">{\"@context\":\"https:\\\/\\\/schema.org\",\"@graph\":[{\"@type\":\"Article\",\"@id\":\"https:\\\/\\\/www.sanjuandeportes.com\\\/wp\\\/2022\\\/06\\\/24\\\/facundo-della-motta-y-tobias-martinez-correran-este-fin-de-semana-en-concordia\\\/#article\",\"isPartOf\":{\"@id\":\"https:\\\/\\\/www.sanjuandeportes.com\\\/wp\\\/2022\\\/06\\\/24\\\/facundo-della-motta-y-tobias-martinez-correran-este-fin-de-semana-en-concordia\\\/\"},\"author\":{\"name\":\"Pablo Pujado\",\"@id\":\"https:\\\/\\\/www.sanjuandeportes.com\\\/wp\\\/#\\\/schema\\\/person\\\/eda4d8e62a5d42b111781e3cdfcb9c3a\"},\"headline\":\"Facundo Della Motta y Tob\u00edas Mart\u00ednez correr\u00e1n este fin de semana en Concordia\",\"datePublished\":\"2022-06-24T16:47:18+00:00\",\"dateModified\":\"2022-06-24T16:47:19+00:00\",\"mainEntityOfPage\":{\"@id\":\"https:\\\/\\\/www.sanjuandeportes.com\\\/wp\\\/2022\\\/06\\\/24\\\/facundo-della-motta-y-tobias-martinez-correran-este-fin-de-semana-en-concordia\\\/\"},\"wordCount\":427,\"commentCount\":0,\"publisher\":{\"@id\":\"https:\\\/\\\/www.sanjuandeportes.com\\\/wp\\\/#organization\"},\"image\":{\"@id\":\"https:\\\/\\\/www.sanjuandeportes.com\\\/wp\\\/2022\\\/06\\\/24\\\/facundo-della-motta-y-tobias-martinez-correran-este-fin-de-semana-en-concordia\\\/#primaryimage\"},\"thumbnailUrl\":\"https:\\\/\\\/www.sanjuandeportes.com\\\/wp\\\/wp-content\\\/uploads\\\/2022\\\/03\\\/339b88a0-f9f2-4dce-86ad-e5ea95a18028.jpg\",\"articleSection\":[\"Automovilismo\",\"Featured\",\"San Juan\"],\"inLanguage\":\"es\",\"potentialAction\":[{\"@type\":\"CommentAction\",\"name\":\"Comment\",\"target\":[\"https:\\\/\\\/www.sanjuandeportes.com\\\/wp\\\/2022\\\/06\\\/24\\\/facundo-della-motta-y-tobias-martinez-correran-este-fin-de-semana-en-concordia\\\/#respond\"]}]},{\"@type\":\"WebPage\",\"@id\":\"https:\\\/\\\/www.sanjuandeportes.com\\\/wp\\\/2022\\\/06\\\/24\\\/facundo-della-motta-y-tobias-martinez-correran-este-fin-de-semana-en-concordia\\\/\",\"url\":\"https:\\\/\\\/www.sanjuandeportes.com\\\/wp\\\/2022\\\/06\\\/24\\\/facundo-della-motta-y-tobias-martinez-correran-este-fin-de-semana-en-concordia\\\/\",\"name\":\"Facundo Della Motta y Tob\u00edas Mart\u00ednez correr\u00e1n este fin de semana en Concordia - San Juan Deportes\",\"isPartOf\":{\"@id\":\"https:\\\/\\\/www.sanjuandeportes.com\\\/wp\\\/#website\"},\"primaryImageOfPage\":{\"@id\":\"https:\\\/\\\/www.sanjuandeportes.com\\\/wp\\\/2022\\\/06\\\/24\\\/facundo-della-motta-y-tobias-martinez-correran-este-fin-de-semana-en-concordia\\\/#primaryimage\"},\"image\":{\"@id\":\"https:\\\/\\\/www.sanjuandeportes.com\\\/wp\\\/2022\\\/06\\\/24\\\/facundo-della-motta-y-tobias-martinez-correran-este-fin-de-semana-en-concordia\\\/#primaryimage\"},\"thumbnailUrl\":\"https:\\\/\\\/www.sanjuandeportes.com\\\/wp\\\/wp-content\\\/uploads\\\/2022\\\/03\\\/339b88a0-f9f2-4dce-86ad-e5ea95a18028.jpg\",\"datePublished\":\"2022-06-24T16:47:18+00:00\",\"dateModified\":\"2022-06-24T16:47:19+00:00\",\"breadcrumb\":{\"@id\":\"https:\\\/\\\/www.sanjuandeportes.com\\\/wp\\\/2022\\\/06\\\/24\\\/facundo-della-motta-y-tobias-martinez-correran-este-fin-de-semana-en-concordia\\\/#breadcrumb\"},\"inLanguage\":\"es\",\"potentialAction\":[{\"@type\":\"ReadAction\",\"target\":[\"https:\\\/\\\/www.sanjuandeportes.com\\\/wp\\\/2022\\\/06\\\/24\\\/facundo-della-motta-y-tobias-martinez-correran-este-fin-de-semana-en-concordia\\\/\"]}]},{\"@type\":\"ImageObject\",\"inLanguage\":\"es\",\"@id\":\"https:\\\/\\\/www.sanjuandeportes.com\\\/wp\\\/2022\\\/06\\\/24\\\/facundo-della-motta-y-tobias-martinez-correran-este-fin-de-semana-en-concordia\\\/#primaryimage\",\"url\":\"https:\\\/\\\/www.sanjuandeportes.com\\\/wp\\\/wp-content\\\/uploads\\\/2022\\\/03\\\/339b88a0-f9f2-4dce-86ad-e5ea95a18028.jpg\",\"contentUrl\":\"https:\\\/\\\/www.sanjuandeportes.com\\\/wp\\\/wp-content\\\/uploads\\\/2022\\\/03\\\/339b88a0-f9f2-4dce-86ad-e5ea95a18028.jpg\",\"width\":1280,\"height\":849},{\"@type\":\"BreadcrumbList\",\"@id\":\"https:\\\/\\\/www.sanjuandeportes.com\\\/wp\\\/2022\\\/06\\\/24\\\/facundo-della-motta-y-tobias-martinez-correran-este-fin-de-semana-en-concordia\\\/#breadcrumb\",\"itemListElement\":[{\"@type\":\"ListItem\",\"position\":1,\"name\":\"Portada\",\"item\":\"http:\\\/\\\/www.sanjuandeportes.com\\\/wp\\\/\"},{\"@type\":\"ListItem\",\"position\":2,\"name\":\"Facundo Della Motta y Tob\u00edas Mart\u00ednez correr\u00e1n este fin de semana en Concordia\"}]},{\"@type\":\"WebSite\",\"@id\":\"https:\\\/\\\/www.sanjuandeportes.com\\\/wp\\\/#website\",\"url\":\"https:\\\/\\\/www.sanjuandeportes.com\\\/wp\\\/\",\"name\":\"San Juan Deportes\",\"description\":\"El sitio de deportes de la provincia de San Juan\",\"publisher\":{\"@id\":\"https:\\\/\\\/www.sanjuandeportes.com\\\/wp\\\/#organization\"},\"potentialAction\":[{\"@type\":\"SearchAction\",\"target\":{\"@type\":\"EntryPoint\",\"urlTemplate\":\"https:\\\/\\\/www.sanjuandeportes.com\\\/wp\\\/?s={search_term_string}\"},\"query-input\":{\"@type\":\"PropertyValueSpecification\",\"valueRequired\":true,\"valueName\":\"search_term_string\"}}],\"inLanguage\":\"es\"},{\"@type\":\"Organization\",\"@id\":\"https:\\\/\\\/www.sanjuandeportes.com\\\/wp\\\/#organization\",\"name\":\"San Juan Deportes\",\"url\":\"https:\\\/\\\/www.sanjuandeportes.com\\\/wp\\\/\",\"logo\":{\"@type\":\"ImageObject\",\"inLanguage\":\"es\",\"@id\":\"https:\\\/\\\/www.sanjuandeportes.com\\\/wp\\\/#\\\/schema\\\/logo\\\/image\\\/\",\"url\":\"https:\\\/\\\/www.sanjuandeportes.com\\\/wp\\\/wp-content\\\/uploads\\\/unnamed.jpg\",\"contentUrl\":\"https:\\\/\\\/www.sanjuandeportes.com\\\/wp\\\/wp-content\\\/uploads\\\/unnamed.jpg\",\"width\":900,\"height\":900,\"caption\":\"San Juan Deportes\"},\"image\":{\"@id\":\"https:\\\/\\\/www.sanjuandeportes.com\\\/wp\\\/#\\\/schema\\\/logo\\\/image\\\/\"},\"sameAs\":[\"https:\\\/\\\/www.facebook.com\\\/sanjuandeportesok\",\"https:\\\/\\\/x.com\\\/SanJuanDeportes\",\"https:\\\/\\\/www.instagram.com\\\/sanjuandeportes\"]},{\"@type\":\"Person\",\"@id\":\"https:\\\/\\\/www.sanjuandeportes.com\\\/wp\\\/#\\\/schema\\\/person\\\/eda4d8e62a5d42b111781e3cdfcb9c3a\",\"name\":\"Pablo Pujado\",\"image\":{\"@type\":\"ImageObject\",\"inLanguage\":\"es\",\"@id\":\"https:\\\/\\\/secure.gravatar.com\\\/avatar\\\/310b69d28112912c333408a462a9837208de951b1e7c11514781740412f648b1?s=96&d=mm&r=g\",\"url\":\"https:\\\/\\\/secure.gravatar.com\\\/avatar\\\/310b69d28112912c333408a462a9837208de951b1e7c11514781740412f648b1?s=96&d=mm&r=g\",\"contentUrl\":\"https:\\\/\\\/secure.gravatar.com\\\/avatar\\\/310b69d28112912c333408a462a9837208de951b1e7c11514781740412f648b1?s=96&d=mm&r=g\",\"caption\":\"Pablo Pujado\"},\"url\":\"https:\\\/\\\/www.sanjuandeportes.com\\\/wp\\\/author\\\/pablo-pujado\\\/\"}]}<\/script>\n<!-- \/ Yoast SEO plugin. -->","yoast_head_json":{"title":"Facundo Della Motta y Tob\u00edas Mart\u00ednez correr\u00e1n este fin de semana en Concordia - San Juan Deportes","robots":{"index":"index","follow":"follow","max-snippet":"max-snippet:-1","max-image-preview":"max-image-preview:large","max-video-preview":"max-video-preview:-1"},"canonical":"https:\/\/www.sanjuandeportes.com\/wp\/2022\/06\/24\/facundo-della-motta-y-tobias-martinez-correran-este-fin-de-semana-en-concordia\/","og_locale":"es_ES","og_type":"article","og_title":"Facundo Della Motta y Tob\u00edas Mart\u00ednez correr\u00e1n este fin de semana en Concordia - San Juan Deportes","og_description":"Fin de semana de Turismo Carretera en Concordia con presencia sanjuanina, ya que los pilotos del programa Alto Rendimiento de la Secretar\u00eda de Deportes, Facundo Della Motta en TC y Tob\u00edas Mart\u00ednez en TC Pista, buscar\u00e1n traer otro buen resultado a la provincia. Ambos vienen de una gran fecha pasada en Rafaela, donde Della Motta [&hellip;]","og_url":"https:\/\/www.sanjuandeportes.com\/wp\/2022\/06\/24\/facundo-della-motta-y-tobias-martinez-correran-este-fin-de-semana-en-concordia\/","og_site_name":"San Juan Deportes","article_publisher":"https:\/\/www.facebook.com\/sanjuandeportesok","article_published_time":"2022-06-24T16:47:18+00:00","article_modified_time":"2022-06-24T16:47:19+00:00","og_image":[{"width":1280,"height":849,"url":"https:\/\/www.sanjuandeportes.com\/wp\/wp-content\/uploads\/2022\/03\/339b88a0-f9f2-4dce-86ad-e5ea95a18028.jpg","type":"image\/jpeg"}],"author":"Pablo Pujado","twitter_card":"summary_large_image","twitter_creator":"@SanJuanDeportes","twitter_site":"@SanJuanDeportes","twitter_misc":{"Escrito por":"Pablo Pujado","Tiempo de lectura":"2 minutos"},"schema":{"@context":"https:\/\/schema.org","@graph":[{"@type":"Article","@id":"https:\/\/www.sanjuandeportes.com\/wp\/2022\/06\/24\/facundo-della-motta-y-tobias-martinez-correran-este-fin-de-semana-en-concordia\/#article","isPartOf":{"@id":"https:\/\/www.sanjuandeportes.com\/wp\/2022\/06\/24\/facundo-della-motta-y-tobias-martinez-correran-este-fin-de-semana-en-concordia\/"},"author":{"name":"Pablo Pujado","@id":"https:\/\/www.sanjuandeportes.com\/wp\/#\/schema\/person\/eda4d8e62a5d42b111781e3cdfcb9c3a"},"headline":"Facundo Della Motta y Tob\u00edas Mart\u00ednez correr\u00e1n este fin de semana en Concordia","datePublished":"2022-06-24T16:47:18+00:00","dateModified":"2022-06-24T16:47:19+00:00","mainEntityOfPage":{"@id":"https:\/\/www.sanjuandeportes.com\/wp\/2022\/06\/24\/facundo-della-motta-y-tobias-martinez-correran-este-fin-de-semana-en-concordia\/"},"wordCount":427,"commentCount":0,"publisher":{"@id":"https:\/\/www.sanjuandeportes.com\/wp\/#organization"},"image":{"@id":"https:\/\/www.sanjuandeportes.com\/wp\/2022\/06\/24\/facundo-della-motta-y-tobias-martinez-correran-este-fin-de-semana-en-concordia\/#primaryimage"},"thumbnailUrl":"https:\/\/www.sanjuandeportes.com\/wp\/wp-content\/uploads\/2022\/03\/339b88a0-f9f2-4dce-86ad-e5ea95a18028.jpg","articleSection":["Automovilismo","Featured","San Juan"],"inLanguage":"es","potentialAction":[{"@type":"CommentAction","name":"Comment","target":["https:\/\/www.sanjuandeportes.com\/wp\/2022\/06\/24\/facundo-della-motta-y-tobias-martinez-correran-este-fin-de-semana-en-concordia\/#respond"]}]},{"@type":"WebPage","@id":"https:\/\/www.sanjuandeportes.com\/wp\/2022\/06\/24\/facundo-della-motta-y-tobias-martinez-correran-este-fin-de-semana-en-concordia\/","url":"https:\/\/www.sanjuandeportes.com\/wp\/2022\/06\/24\/facundo-della-motta-y-tobias-martinez-correran-este-fin-de-semana-en-concordia\/","name":"Facundo Della Motta y Tob\u00edas Mart\u00ednez correr\u00e1n este fin de semana en Concordia - San Juan Deportes","isPartOf":{"@id":"https:\/\/www.sanjuandeportes.com\/wp\/#website"},"primaryImageOfPage":{"@id":"https:\/\/www.sanjuandeportes.com\/wp\/2022\/06\/24\/facundo-della-motta-y-tobias-martinez-correran-este-fin-de-semana-en-concordia\/#primaryimage"},"image":{"@id":"https:\/\/www.sanjuandeportes.com\/wp\/2022\/06\/24\/facundo-della-motta-y-tobias-martinez-correran-este-fin-de-semana-en-concordia\/#primaryimage"},"thumbnailUrl":"https:\/\/www.sanjuandeportes.com\/wp\/wp-content\/uploads\/2022\/03\/339b88a0-f9f2-4dce-86ad-e5ea95a18028.jpg","datePublished":"2022-06-24T16:47:18+00:00","dateModified":"2022-06-24T16:47:19+00:00","breadcrumb":{"@id":"https:\/\/www.sanjuandeportes.com\/wp\/2022\/06\/24\/facundo-della-motta-y-tobias-martinez-correran-este-fin-de-semana-en-concordia\/#breadcrumb"},"inLanguage":"es","potentialAction":[{"@type":"ReadAction","target":["https:\/\/www.sanjuandeportes.com\/wp\/2022\/06\/24\/facundo-della-motta-y-tobias-martinez-correran-este-fin-de-semana-en-concordia\/"]}]},{"@type":"ImageObject","inLanguage":"es","@id":"https:\/\/www.sanjuandeportes.com\/wp\/2022\/06\/24\/facundo-della-motta-y-tobias-martinez-correran-este-fin-de-semana-en-concordia\/#primaryimage","url":"https:\/\/www.sanjuandeportes.com\/wp\/wp-content\/uploads\/2022\/03\/339b88a0-f9f2-4dce-86ad-e5ea95a18028.jpg","contentUrl":"https:\/\/www.sanjuandeportes.com\/wp\/wp-content\/uploads\/2022\/03\/339b88a0-f9f2-4dce-86ad-e5ea95a18028.jpg","width":1280,"height":849},{"@type":"BreadcrumbList","@id":"https:\/\/www.sanjuandeportes.com\/wp\/2022\/06\/24\/facundo-della-motta-y-tobias-martinez-correran-este-fin-de-semana-en-concordia\/#breadcrumb","itemListElement":[{"@type":"ListItem","position":1,"name":"Portada","item":"http:\/\/www.sanjuandeportes.com\/wp\/"},{"@type":"ListItem","position":2,"name":"Facundo Della Motta y Tob\u00edas Mart\u00ednez correr\u00e1n este fin de semana en Concordia"}]},{"@type":"WebSite","@id":"https:\/\/www.sanjuandeportes.com\/wp\/#website","url":"https:\/\/www.sanjuandeportes.com\/wp\/","name":"San Juan Deportes","description":"El sitio de deportes de la provincia de San Juan","publisher":{"@id":"https:\/\/www.sanjuandeportes.com\/wp\/#organization"},"potentialAction":[{"@type":"SearchAction","target":{"@type":"EntryPoint","urlTemplate":"https:\/\/www.sanjuandeportes.com\/wp\/?s={search_term_string}"},"query-input":{"@type":"PropertyValueSpecification","valueRequired":true,"valueName":"search_term_string"}}],"inLanguage":"es"},{"@type":"Organization","@id":"https:\/\/www.sanjuandeportes.com\/wp\/#organization","name":"San Juan Deportes","url":"https:\/\/www.sanjuandeportes.com\/wp\/","logo":{"@type":"ImageObject","inLanguage":"es","@id":"https:\/\/www.sanjuandeportes.com\/wp\/#\/schema\/logo\/image\/","url":"https:\/\/www.sanjuandeportes.com\/wp\/wp-content\/uploads\/unnamed.jpg","contentUrl":"https:\/\/www.sanjuandeportes.com\/wp\/wp-content\/uploads\/unnamed.jpg","width":900,"height":900,"caption":"San Juan Deportes"},"image":{"@id":"https:\/\/www.sanjuandeportes.com\/wp\/#\/schema\/logo\/image\/"},"sameAs":["https:\/\/www.facebook.com\/sanjuandeportesok","https:\/\/x.com\/SanJuanDeportes","https:\/\/www.instagram.com\/sanjuandeportes"]},{"@type":"Person","@id":"https:\/\/www.sanjuandeportes.com\/wp\/#\/schema\/person\/eda4d8e62a5d42b111781e3cdfcb9c3a","name":"Pablo Pujado","image":{"@type":"ImageObject","inLanguage":"es","@id":"https:\/\/secure.gravatar.com\/avatar\/310b69d28112912c333408a462a9837208de951b1e7c11514781740412f648b1?s=96&d=mm&r=g","url":"https:\/\/secure.gravatar.com\/avatar\/310b69d28112912c333408a462a9837208de951b1e7c11514781740412f648b1?s=96&d=mm&r=g","contentUrl":"https:\/\/secure.gravatar.com\/avatar\/310b69d28112912c333408a462a9837208de951b1e7c11514781740412f648b1?s=96&d=mm&r=g","caption":"Pablo Pujado"},"url":"https:\/\/www.sanjuandeportes.com\/wp\/author\/pablo-pujado\/"}]}},"_links":{"self":[{"href":"https:\/\/www.sanjuandeportes.com\/wp\/wp-json\/wp\/v2\/posts\/16224","targetHints":{"allow":["GET"]}}],"collection":[{"href":"https:\/\/www.sanjuandeportes.com\/wp\/wp-json\/wp\/v2\/posts"}],"about":[{"href":"https:\/\/www.sanjuandeportes.com\/wp\/wp-json\/wp\/v2\/types\/post"}],"author":[{"embeddable":true,"href":"https:\/\/www.sanjuandeportes.com\/wp\/wp-json\/wp\/v2\/users\/5"}],"replies":[{"embeddable":true,"href":"https:\/\/www.sanjuandeportes.com\/wp\/wp-json\/wp\/v2\/comments?post=16224"}],"version-history":[{"count":1,"href":"https:\/\/www.sanjuandeportes.com\/wp\/wp-json\/wp\/v2\/posts\/16224\/revisions"}],"predecessor-version":[{"id":16225,"href":"https:\/\/www.sanjuandeportes.com\/wp\/wp-json\/wp\/v2\/posts\/16224\/revisions\/16225"}],"wp:featuredmedia":[{"embeddable":true,"href":"https:\/\/www.sanjuandeportes.com\/wp\/wp-json\/wp\/v2\/media\/15468"}],"wp:attachment":[{"href":"https:\/\/www.sanjuandeportes.com\/wp\/wp-json\/wp\/v2\/media?parent=16224"}],"wp:term":[{"taxonomy":"category","embeddable":true,"href":"https:\/\/www.sanjuandeportes.com\/wp\/wp-json\/wp\/v2\/categories?post=16224"},{"taxonomy":"post_tag","embeddable":true,"href":"https:\/\/www.sanjuandeportes.com\/wp\/wp-json\/wp\/v2\/tags?post=16224"}],"curies":[{"name":"wp","href":"https:\/\/api.w.org\/{rel}","templated":true}]}}