{"id":16310,"date":"2022-07-05T13:47:46","date_gmt":"2022-07-05T16:47:46","guid":{"rendered":"http:\/\/www.sanjuandeportes.com\/wp\/?p=16310"},"modified":"2022-07-06T14:51:53","modified_gmt":"2022-07-06T17:51:53","slug":"con-san-martin-clasificado-asi-se-jugaran-las-semifinales-del-futbol-sanjuanino","status":"publish","type":"post","link":"https:\/\/www.sanjuandeportes.com\/wp\/2022\/07\/05\/con-san-martin-clasificado-asi-se-jugaran-las-semifinales-del-futbol-sanjuanino\/","title":{"rendered":"Con san Mart\u00edn clasificado: As\u00ed se jugar\u00e1n las semifinales del F\u00fatbol sanjuanino"},"content":{"rendered":"\n<p class=\"wp-block-paragraph\">Este lunes se defini\u00f3 el pase de San Mart\u00edn a semifinales del Torneo de Invierno de Liga Sanjuanina de F\u00fatbol. El Verdinegro cay\u00f3 1 a 0 con Alianza en el partido de vuelta con gol de Pedro Terrero. Pero avanzaron los de Concepci\u00f3n por la ventaja en el encuentro de ida por 4 a 0. El Global fue 4 a 1 a favor de los dirigidos por Gino Laciar.<\/p>\n\n\n\n<p class=\"wp-block-paragraph\">Adem\u00e1s, por la noche, el Consejo Directivo de Liga Sanjuanina de F\u00fatbol diagram\u00f3 la programaci\u00f3n de los partidos de ida y vuelta de semifinales del Torneo de Invierno 2022 de primera divisi\u00f3n.<\/p>\n\n\n\n<p class=\"wp-block-paragraph\">PARTIDOS DE IDA:<\/p>\n\n\n\n<p class=\"wp-block-paragraph\"><strong>Jueves 7 de Julio<\/strong><\/p>\n\n\n\n<p class=\"wp-block-paragraph\">Aberastain vs. San Lorenzo | Cancha: Aberastain | Hora: 16<\/p>\n\n\n\n<p class=\"wp-block-paragraph\">San Mart\u00edn vs. Uni\u00f3n | Cancha: Hilario S\u00e1nchez | Hora: 16<\/p>\n\n\n\n<p class=\"wp-block-paragraph\"><strong>Domingo 10 de Julio<\/strong><\/p>\n\n\n\n<p class=\"wp-block-paragraph\">San Lorenzo vs. Aberastain | Cancha: San Lorenzo | Hora: 16<\/p>\n\n\n\n<p class=\"wp-block-paragraph\"><strong>Lunes 11 de Julio<\/strong><\/p>\n\n\n\n<p class=\"wp-block-paragraph\">Uni\u00f3n vs. San Mart\u00edn | Cancha: Uni\u00f3n | Hora: 16<\/p>\n\n\n\n<p class=\"wp-block-paragraph\">Foto: Prensa Atl\u00e9tico Alianza<\/p>\n\n\n\n<p class=\"wp-block-paragraph\">Info: Liga Sanjuanina de F\u00fatbol<\/p>\n","protected":false},"excerpt":{"rendered":"<p>Este lunes se defini\u00f3 el pase de San Mart\u00edn a semifinales del Torneo de Invierno de Liga Sanjuanina de F\u00fatbol. El Verdinegro cay\u00f3 1 a 0 con Alianza en el partido de vuelta con gol de Pedro Terrero. Pero avanzaron los de Concepci\u00f3n por la ventaja en el encuentro de ida por 4 a 0. [&hellip;]<\/p>\n","protected":false},"author":5,"featured_media":16312,"comment_status":"open","ping_status":"open","sticky":false,"template":"","format":"standard","meta":{"footnotes":""},"categories":[24,178],"tags":[],"class_list":["post-16310","post","type-post","status-publish","format-standard","has-post-thumbnail","hentry","category-futbol","category-san-juan"],"yoast_head":"<!-- This site is optimized with the Yoast SEO plugin v28.2 - https:\/\/yoast.com\/product\/yoast-seo-wordpress\/ -->\n<title>Con san Mart\u00edn clasificado: As\u00ed se jugar\u00e1n las semifinales del F\u00fatbol sanjuanino - San Juan Deportes<\/title>\n<meta name=\"robots\" content=\"index, follow, max-snippet:-1, max-image-preview:large, max-video-preview:-1\" \/>\n<link rel=\"canonical\" href=\"https:\/\/www.sanjuandeportes.com\/wp\/2022\/07\/05\/con-san-martin-clasificado-asi-se-jugaran-las-semifinales-del-futbol-sanjuanino\/\" \/>\n<meta property=\"og:locale\" content=\"es_ES\" \/>\n<meta property=\"og:type\" content=\"article\" \/>\n<meta property=\"og:title\" content=\"Con san Mart\u00edn clasificado: As\u00ed se jugar\u00e1n las semifinales del F\u00fatbol sanjuanino - San Juan Deportes\" \/>\n<meta property=\"og:description\" content=\"Este lunes se defini\u00f3 el pase de San Mart\u00edn a semifinales del Torneo de Invierno de Liga Sanjuanina de F\u00fatbol. El Verdinegro cay\u00f3 1 a 0 con Alianza en el partido de vuelta con gol de Pedro Terrero. Pero avanzaron los de Concepci\u00f3n por la ventaja en el encuentro de ida por 4 a 0. [&hellip;]\" \/>\n<meta property=\"og:url\" content=\"https:\/\/www.sanjuandeportes.com\/wp\/2022\/07\/05\/con-san-martin-clasificado-asi-se-jugaran-las-semifinales-del-futbol-sanjuanino\/\" \/>\n<meta property=\"og:site_name\" content=\"San Juan Deportes\" \/>\n<meta property=\"article:publisher\" content=\"https:\/\/www.facebook.com\/sanjuandeportesok\" \/>\n<meta property=\"article:published_time\" content=\"2022-07-05T16:47:46+00:00\" \/>\n<meta property=\"article:modified_time\" content=\"2022-07-06T17:51:53+00:00\" \/>\n<meta property=\"og:image\" content=\"https:\/\/www.sanjuandeportes.com\/wp\/wp-content\/uploads\/2022\/07\/san.jpg\" \/>\n\t<meta property=\"og:image:width\" content=\"2048\" \/>\n\t<meta property=\"og:image:height\" content=\"1365\" \/>\n\t<meta property=\"og:image:type\" content=\"image\/jpeg\" \/>\n<meta name=\"author\" content=\"Pablo Pujado\" \/>\n<meta name=\"twitter:card\" content=\"summary_large_image\" \/>\n<meta name=\"twitter:creator\" content=\"@SanJuanDeportes\" \/>\n<meta name=\"twitter:site\" content=\"@SanJuanDeportes\" \/>\n<meta name=\"twitter:label1\" content=\"Escrito por\" \/>\n\t<meta name=\"twitter:data1\" content=\"Pablo Pujado\" \/>\n\t<meta name=\"twitter:label2\" content=\"Tiempo de lectura\" \/>\n\t<meta name=\"twitter:data2\" content=\"1 minuto\" \/>\n<script type=\"application\/ld+json\" class=\"yoast-schema-graph\">{\"@context\":\"https:\\\/\\\/schema.org\",\"@graph\":[{\"@type\":\"Article\",\"@id\":\"https:\\\/\\\/www.sanjuandeportes.com\\\/wp\\\/2022\\\/07\\\/05\\\/con-san-martin-clasificado-asi-se-jugaran-las-semifinales-del-futbol-sanjuanino\\\/#article\",\"isPartOf\":{\"@id\":\"https:\\\/\\\/www.sanjuandeportes.com\\\/wp\\\/2022\\\/07\\\/05\\\/con-san-martin-clasificado-asi-se-jugaran-las-semifinales-del-futbol-sanjuanino\\\/\"},\"author\":{\"name\":\"Pablo Pujado\",\"@id\":\"https:\\\/\\\/www.sanjuandeportes.com\\\/wp\\\/#\\\/schema\\\/person\\\/eda4d8e62a5d42b111781e3cdfcb9c3a\"},\"headline\":\"Con san Mart\u00edn clasificado: As\u00ed se jugar\u00e1n las semifinales del F\u00fatbol sanjuanino\",\"datePublished\":\"2022-07-05T16:47:46+00:00\",\"dateModified\":\"2022-07-06T17:51:53+00:00\",\"mainEntityOfPage\":{\"@id\":\"https:\\\/\\\/www.sanjuandeportes.com\\\/wp\\\/2022\\\/07\\\/05\\\/con-san-martin-clasificado-asi-se-jugaran-las-semifinales-del-futbol-sanjuanino\\\/\"},\"wordCount\":175,\"commentCount\":0,\"publisher\":{\"@id\":\"https:\\\/\\\/www.sanjuandeportes.com\\\/wp\\\/#organization\"},\"image\":{\"@id\":\"https:\\\/\\\/www.sanjuandeportes.com\\\/wp\\\/2022\\\/07\\\/05\\\/con-san-martin-clasificado-asi-se-jugaran-las-semifinales-del-futbol-sanjuanino\\\/#primaryimage\"},\"thumbnailUrl\":\"https:\\\/\\\/www.sanjuandeportes.com\\\/wp\\\/wp-content\\\/uploads\\\/2022\\\/07\\\/san.jpg\",\"articleSection\":[\"Futbol\",\"San Juan\"],\"inLanguage\":\"es\",\"potentialAction\":[{\"@type\":\"CommentAction\",\"name\":\"Comment\",\"target\":[\"https:\\\/\\\/www.sanjuandeportes.com\\\/wp\\\/2022\\\/07\\\/05\\\/con-san-martin-clasificado-asi-se-jugaran-las-semifinales-del-futbol-sanjuanino\\\/#respond\"]}]},{\"@type\":\"WebPage\",\"@id\":\"https:\\\/\\\/www.sanjuandeportes.com\\\/wp\\\/2022\\\/07\\\/05\\\/con-san-martin-clasificado-asi-se-jugaran-las-semifinales-del-futbol-sanjuanino\\\/\",\"url\":\"https:\\\/\\\/www.sanjuandeportes.com\\\/wp\\\/2022\\\/07\\\/05\\\/con-san-martin-clasificado-asi-se-jugaran-las-semifinales-del-futbol-sanjuanino\\\/\",\"name\":\"Con san Mart\u00edn clasificado: As\u00ed se jugar\u00e1n las semifinales del F\u00fatbol sanjuanino - San Juan Deportes\",\"isPartOf\":{\"@id\":\"https:\\\/\\\/www.sanjuandeportes.com\\\/wp\\\/#website\"},\"primaryImageOfPage\":{\"@id\":\"https:\\\/\\\/www.sanjuandeportes.com\\\/wp\\\/2022\\\/07\\\/05\\\/con-san-martin-clasificado-asi-se-jugaran-las-semifinales-del-futbol-sanjuanino\\\/#primaryimage\"},\"image\":{\"@id\":\"https:\\\/\\\/www.sanjuandeportes.com\\\/wp\\\/2022\\\/07\\\/05\\\/con-san-martin-clasificado-asi-se-jugaran-las-semifinales-del-futbol-sanjuanino\\\/#primaryimage\"},\"thumbnailUrl\":\"https:\\\/\\\/www.sanjuandeportes.com\\\/wp\\\/wp-content\\\/uploads\\\/2022\\\/07\\\/san.jpg\",\"datePublished\":\"2022-07-05T16:47:46+00:00\",\"dateModified\":\"2022-07-06T17:51:53+00:00\",\"breadcrumb\":{\"@id\":\"https:\\\/\\\/www.sanjuandeportes.com\\\/wp\\\/2022\\\/07\\\/05\\\/con-san-martin-clasificado-asi-se-jugaran-las-semifinales-del-futbol-sanjuanino\\\/#breadcrumb\"},\"inLanguage\":\"es\",\"potentialAction\":[{\"@type\":\"ReadAction\",\"target\":[\"https:\\\/\\\/www.sanjuandeportes.com\\\/wp\\\/2022\\\/07\\\/05\\\/con-san-martin-clasificado-asi-se-jugaran-las-semifinales-del-futbol-sanjuanino\\\/\"]}]},{\"@type\":\"ImageObject\",\"inLanguage\":\"es\",\"@id\":\"https:\\\/\\\/www.sanjuandeportes.com\\\/wp\\\/2022\\\/07\\\/05\\\/con-san-martin-clasificado-asi-se-jugaran-las-semifinales-del-futbol-sanjuanino\\\/#primaryimage\",\"url\":\"https:\\\/\\\/www.sanjuandeportes.com\\\/wp\\\/wp-content\\\/uploads\\\/2022\\\/07\\\/san.jpg\",\"contentUrl\":\"https:\\\/\\\/www.sanjuandeportes.com\\\/wp\\\/wp-content\\\/uploads\\\/2022\\\/07\\\/san.jpg\",\"width\":2048,\"height\":1365},{\"@type\":\"BreadcrumbList\",\"@id\":\"https:\\\/\\\/www.sanjuandeportes.com\\\/wp\\\/2022\\\/07\\\/05\\\/con-san-martin-clasificado-asi-se-jugaran-las-semifinales-del-futbol-sanjuanino\\\/#breadcrumb\",\"itemListElement\":[{\"@type\":\"ListItem\",\"position\":1,\"name\":\"Portada\",\"item\":\"http:\\\/\\\/www.sanjuandeportes.com\\\/wp\\\/\"},{\"@type\":\"ListItem\",\"position\":2,\"name\":\"Con san Mart\u00edn clasificado: As\u00ed se jugar\u00e1n las semifinales del F\u00fatbol sanjuanino\"}]},{\"@type\":\"WebSite\",\"@id\":\"https:\\\/\\\/www.sanjuandeportes.com\\\/wp\\\/#website\",\"url\":\"https:\\\/\\\/www.sanjuandeportes.com\\\/wp\\\/\",\"name\":\"San Juan Deportes\",\"description\":\"El sitio de deportes de la provincia de San Juan\",\"publisher\":{\"@id\":\"https:\\\/\\\/www.sanjuandeportes.com\\\/wp\\\/#organization\"},\"potentialAction\":[{\"@type\":\"SearchAction\",\"target\":{\"@type\":\"EntryPoint\",\"urlTemplate\":\"https:\\\/\\\/www.sanjuandeportes.com\\\/wp\\\/?s={search_term_string}\"},\"query-input\":{\"@type\":\"PropertyValueSpecification\",\"valueRequired\":true,\"valueName\":\"search_term_string\"}}],\"inLanguage\":\"es\"},{\"@type\":\"Organization\",\"@id\":\"https:\\\/\\\/www.sanjuandeportes.com\\\/wp\\\/#organization\",\"name\":\"San Juan Deportes\",\"url\":\"https:\\\/\\\/www.sanjuandeportes.com\\\/wp\\\/\",\"logo\":{\"@type\":\"ImageObject\",\"inLanguage\":\"es\",\"@id\":\"https:\\\/\\\/www.sanjuandeportes.com\\\/wp\\\/#\\\/schema\\\/logo\\\/image\\\/\",\"url\":\"https:\\\/\\\/www.sanjuandeportes.com\\\/wp\\\/wp-content\\\/uploads\\\/unnamed.jpg\",\"contentUrl\":\"https:\\\/\\\/www.sanjuandeportes.com\\\/wp\\\/wp-content\\\/uploads\\\/unnamed.jpg\",\"width\":900,\"height\":900,\"caption\":\"San Juan Deportes\"},\"image\":{\"@id\":\"https:\\\/\\\/www.sanjuandeportes.com\\\/wp\\\/#\\\/schema\\\/logo\\\/image\\\/\"},\"sameAs\":[\"https:\\\/\\\/www.facebook.com\\\/sanjuandeportesok\",\"https:\\\/\\\/x.com\\\/SanJuanDeportes\",\"https:\\\/\\\/www.instagram.com\\\/sanjuandeportes\"]},{\"@type\":\"Person\",\"@id\":\"https:\\\/\\\/www.sanjuandeportes.com\\\/wp\\\/#\\\/schema\\\/person\\\/eda4d8e62a5d42b111781e3cdfcb9c3a\",\"name\":\"Pablo Pujado\",\"image\":{\"@type\":\"ImageObject\",\"inLanguage\":\"es\",\"@id\":\"https:\\\/\\\/secure.gravatar.com\\\/avatar\\\/310b69d28112912c333408a462a9837208de951b1e7c11514781740412f648b1?s=96&d=mm&r=g\",\"url\":\"https:\\\/\\\/secure.gravatar.com\\\/avatar\\\/310b69d28112912c333408a462a9837208de951b1e7c11514781740412f648b1?s=96&d=mm&r=g\",\"contentUrl\":\"https:\\\/\\\/secure.gravatar.com\\\/avatar\\\/310b69d28112912c333408a462a9837208de951b1e7c11514781740412f648b1?s=96&d=mm&r=g\",\"caption\":\"Pablo Pujado\"},\"url\":\"https:\\\/\\\/www.sanjuandeportes.com\\\/wp\\\/author\\\/pablo-pujado\\\/\"}]}<\/script>\n<!-- \/ Yoast SEO plugin. -->","yoast_head_json":{"title":"Con san Mart\u00edn clasificado: As\u00ed se jugar\u00e1n las semifinales del F\u00fatbol sanjuanino - San Juan Deportes","robots":{"index":"index","follow":"follow","max-snippet":"max-snippet:-1","max-image-preview":"max-image-preview:large","max-video-preview":"max-video-preview:-1"},"canonical":"https:\/\/www.sanjuandeportes.com\/wp\/2022\/07\/05\/con-san-martin-clasificado-asi-se-jugaran-las-semifinales-del-futbol-sanjuanino\/","og_locale":"es_ES","og_type":"article","og_title":"Con san Mart\u00edn clasificado: As\u00ed se jugar\u00e1n las semifinales del F\u00fatbol sanjuanino - San Juan Deportes","og_description":"Este lunes se defini\u00f3 el pase de San Mart\u00edn a semifinales del Torneo de Invierno de Liga Sanjuanina de F\u00fatbol. El Verdinegro cay\u00f3 1 a 0 con Alianza en el partido de vuelta con gol de Pedro Terrero. Pero avanzaron los de Concepci\u00f3n por la ventaja en el encuentro de ida por 4 a 0. [&hellip;]","og_url":"https:\/\/www.sanjuandeportes.com\/wp\/2022\/07\/05\/con-san-martin-clasificado-asi-se-jugaran-las-semifinales-del-futbol-sanjuanino\/","og_site_name":"San Juan Deportes","article_publisher":"https:\/\/www.facebook.com\/sanjuandeportesok","article_published_time":"2022-07-05T16:47:46+00:00","article_modified_time":"2022-07-06T17:51:53+00:00","og_image":[{"width":2048,"height":1365,"url":"https:\/\/www.sanjuandeportes.com\/wp\/wp-content\/uploads\/2022\/07\/san.jpg","type":"image\/jpeg"}],"author":"Pablo Pujado","twitter_card":"summary_large_image","twitter_creator":"@SanJuanDeportes","twitter_site":"@SanJuanDeportes","twitter_misc":{"Escrito por":"Pablo Pujado","Tiempo de lectura":"1 minuto"},"schema":{"@context":"https:\/\/schema.org","@graph":[{"@type":"Article","@id":"https:\/\/www.sanjuandeportes.com\/wp\/2022\/07\/05\/con-san-martin-clasificado-asi-se-jugaran-las-semifinales-del-futbol-sanjuanino\/#article","isPartOf":{"@id":"https:\/\/www.sanjuandeportes.com\/wp\/2022\/07\/05\/con-san-martin-clasificado-asi-se-jugaran-las-semifinales-del-futbol-sanjuanino\/"},"author":{"name":"Pablo Pujado","@id":"https:\/\/www.sanjuandeportes.com\/wp\/#\/schema\/person\/eda4d8e62a5d42b111781e3cdfcb9c3a"},"headline":"Con san Mart\u00edn clasificado: As\u00ed se jugar\u00e1n las semifinales del F\u00fatbol sanjuanino","datePublished":"2022-07-05T16:47:46+00:00","dateModified":"2022-07-06T17:51:53+00:00","mainEntityOfPage":{"@id":"https:\/\/www.sanjuandeportes.com\/wp\/2022\/07\/05\/con-san-martin-clasificado-asi-se-jugaran-las-semifinales-del-futbol-sanjuanino\/"},"wordCount":175,"commentCount":0,"publisher":{"@id":"https:\/\/www.sanjuandeportes.com\/wp\/#organization"},"image":{"@id":"https:\/\/www.sanjuandeportes.com\/wp\/2022\/07\/05\/con-san-martin-clasificado-asi-se-jugaran-las-semifinales-del-futbol-sanjuanino\/#primaryimage"},"thumbnailUrl":"https:\/\/www.sanjuandeportes.com\/wp\/wp-content\/uploads\/2022\/07\/san.jpg","articleSection":["Futbol","San Juan"],"inLanguage":"es","potentialAction":[{"@type":"CommentAction","name":"Comment","target":["https:\/\/www.sanjuandeportes.com\/wp\/2022\/07\/05\/con-san-martin-clasificado-asi-se-jugaran-las-semifinales-del-futbol-sanjuanino\/#respond"]}]},{"@type":"WebPage","@id":"https:\/\/www.sanjuandeportes.com\/wp\/2022\/07\/05\/con-san-martin-clasificado-asi-se-jugaran-las-semifinales-del-futbol-sanjuanino\/","url":"https:\/\/www.sanjuandeportes.com\/wp\/2022\/07\/05\/con-san-martin-clasificado-asi-se-jugaran-las-semifinales-del-futbol-sanjuanino\/","name":"Con san Mart\u00edn clasificado: As\u00ed se jugar\u00e1n las semifinales del F\u00fatbol sanjuanino - San Juan Deportes","isPartOf":{"@id":"https:\/\/www.sanjuandeportes.com\/wp\/#website"},"primaryImageOfPage":{"@id":"https:\/\/www.sanjuandeportes.com\/wp\/2022\/07\/05\/con-san-martin-clasificado-asi-se-jugaran-las-semifinales-del-futbol-sanjuanino\/#primaryimage"},"image":{"@id":"https:\/\/www.sanjuandeportes.com\/wp\/2022\/07\/05\/con-san-martin-clasificado-asi-se-jugaran-las-semifinales-del-futbol-sanjuanino\/#primaryimage"},"thumbnailUrl":"https:\/\/www.sanjuandeportes.com\/wp\/wp-content\/uploads\/2022\/07\/san.jpg","datePublished":"2022-07-05T16:47:46+00:00","dateModified":"2022-07-06T17:51:53+00:00","breadcrumb":{"@id":"https:\/\/www.sanjuandeportes.com\/wp\/2022\/07\/05\/con-san-martin-clasificado-asi-se-jugaran-las-semifinales-del-futbol-sanjuanino\/#breadcrumb"},"inLanguage":"es","potentialAction":[{"@type":"ReadAction","target":["https:\/\/www.sanjuandeportes.com\/wp\/2022\/07\/05\/con-san-martin-clasificado-asi-se-jugaran-las-semifinales-del-futbol-sanjuanino\/"]}]},{"@type":"ImageObject","inLanguage":"es","@id":"https:\/\/www.sanjuandeportes.com\/wp\/2022\/07\/05\/con-san-martin-clasificado-asi-se-jugaran-las-semifinales-del-futbol-sanjuanino\/#primaryimage","url":"https:\/\/www.sanjuandeportes.com\/wp\/wp-content\/uploads\/2022\/07\/san.jpg","contentUrl":"https:\/\/www.sanjuandeportes.com\/wp\/wp-content\/uploads\/2022\/07\/san.jpg","width":2048,"height":1365},{"@type":"BreadcrumbList","@id":"https:\/\/www.sanjuandeportes.com\/wp\/2022\/07\/05\/con-san-martin-clasificado-asi-se-jugaran-las-semifinales-del-futbol-sanjuanino\/#breadcrumb","itemListElement":[{"@type":"ListItem","position":1,"name":"Portada","item":"http:\/\/www.sanjuandeportes.com\/wp\/"},{"@type":"ListItem","position":2,"name":"Con san Mart\u00edn clasificado: As\u00ed se jugar\u00e1n las semifinales del F\u00fatbol sanjuanino"}]},{"@type":"WebSite","@id":"https:\/\/www.sanjuandeportes.com\/wp\/#website","url":"https:\/\/www.sanjuandeportes.com\/wp\/","name":"San Juan Deportes","description":"El sitio de deportes de la provincia de San Juan","publisher":{"@id":"https:\/\/www.sanjuandeportes.com\/wp\/#organization"},"potentialAction":[{"@type":"SearchAction","target":{"@type":"EntryPoint","urlTemplate":"https:\/\/www.sanjuandeportes.com\/wp\/?s={search_term_string}"},"query-input":{"@type":"PropertyValueSpecification","valueRequired":true,"valueName":"search_term_string"}}],"inLanguage":"es"},{"@type":"Organization","@id":"https:\/\/www.sanjuandeportes.com\/wp\/#organization","name":"San Juan Deportes","url":"https:\/\/www.sanjuandeportes.com\/wp\/","logo":{"@type":"ImageObject","inLanguage":"es","@id":"https:\/\/www.sanjuandeportes.com\/wp\/#\/schema\/logo\/image\/","url":"https:\/\/www.sanjuandeportes.com\/wp\/wp-content\/uploads\/unnamed.jpg","contentUrl":"https:\/\/www.sanjuandeportes.com\/wp\/wp-content\/uploads\/unnamed.jpg","width":900,"height":900,"caption":"San Juan Deportes"},"image":{"@id":"https:\/\/www.sanjuandeportes.com\/wp\/#\/schema\/logo\/image\/"},"sameAs":["https:\/\/www.facebook.com\/sanjuandeportesok","https:\/\/x.com\/SanJuanDeportes","https:\/\/www.instagram.com\/sanjuandeportes"]},{"@type":"Person","@id":"https:\/\/www.sanjuandeportes.com\/wp\/#\/schema\/person\/eda4d8e62a5d42b111781e3cdfcb9c3a","name":"Pablo Pujado","image":{"@type":"ImageObject","inLanguage":"es","@id":"https:\/\/secure.gravatar.com\/avatar\/310b69d28112912c333408a462a9837208de951b1e7c11514781740412f648b1?s=96&d=mm&r=g","url":"https:\/\/secure.gravatar.com\/avatar\/310b69d28112912c333408a462a9837208de951b1e7c11514781740412f648b1?s=96&d=mm&r=g","contentUrl":"https:\/\/secure.gravatar.com\/avatar\/310b69d28112912c333408a462a9837208de951b1e7c11514781740412f648b1?s=96&d=mm&r=g","caption":"Pablo Pujado"},"url":"https:\/\/www.sanjuandeportes.com\/wp\/author\/pablo-pujado\/"}]}},"_links":{"self":[{"href":"https:\/\/www.sanjuandeportes.com\/wp\/wp-json\/wp\/v2\/posts\/16310","targetHints":{"allow":["GET"]}}],"collection":[{"href":"https:\/\/www.sanjuandeportes.com\/wp\/wp-json\/wp\/v2\/posts"}],"about":[{"href":"https:\/\/www.sanjuandeportes.com\/wp\/wp-json\/wp\/v2\/types\/post"}],"author":[{"embeddable":true,"href":"https:\/\/www.sanjuandeportes.com\/wp\/wp-json\/wp\/v2\/users\/5"}],"replies":[{"embeddable":true,"href":"https:\/\/www.sanjuandeportes.com\/wp\/wp-json\/wp\/v2\/comments?post=16310"}],"version-history":[{"count":1,"href":"https:\/\/www.sanjuandeportes.com\/wp\/wp-json\/wp\/v2\/posts\/16310\/revisions"}],"predecessor-version":[{"id":16313,"href":"https:\/\/www.sanjuandeportes.com\/wp\/wp-json\/wp\/v2\/posts\/16310\/revisions\/16313"}],"wp:featuredmedia":[{"embeddable":true,"href":"https:\/\/www.sanjuandeportes.com\/wp\/wp-json\/wp\/v2\/media\/16312"}],"wp:attachment":[{"href":"https:\/\/www.sanjuandeportes.com\/wp\/wp-json\/wp\/v2\/media?parent=16310"}],"wp:term":[{"taxonomy":"category","embeddable":true,"href":"https:\/\/www.sanjuandeportes.com\/wp\/wp-json\/wp\/v2\/categories?post=16310"},{"taxonomy":"post_tag","embeddable":true,"href":"https:\/\/www.sanjuandeportes.com\/wp\/wp-json\/wp\/v2\/tags?post=16310"}],"curies":[{"name":"wp","href":"https:\/\/api.w.org\/{rel}","templated":true}]}}