{"id":16854,"date":"2022-09-18T20:42:53","date_gmt":"2022-09-18T23:42:53","guid":{"rendered":"http:\/\/www.sanjuandeportes.com\/wp\/?p=16854"},"modified":"2022-09-22T13:10:00","modified_gmt":"2022-09-22T16:10:00","slug":"tc-pista-tobias-martinez-quedo-en-el-8-puesto","status":"publish","type":"post","link":"https:\/\/www.sanjuandeportes.com\/wp\/2022\/09\/18\/tc-pista-tobias-martinez-quedo-en-el-8-puesto\/","title":{"rendered":"TC Pista: Tob\u00edas Mart\u00ednez qued\u00f3 en el 8\u00b0 puesto"},"content":{"rendered":"\n<p class=\"wp-block-paragraph\">Finaliz\u00f3 la 11\u00aa fecha del TC pista en el Aut\u00f3dromo Rosendo Hern\u00e1ndez en San Luis, carrera que dio inicio a la disputa de la Copa de Plata y Tob\u00edas Mart\u00ednez complet\u00f3 una gran final, largando 12\u00ba y pudiendo ver la bandera a cuadros en el 8\u00ba puesto.<\/p>\n\n\n\n<p class=\"wp-block-paragraph\">Con la Chevy #107 de Las Toscas Racing, gan\u00f3 un par de puestos desde la largada, uno por sobrepaso a Marcos Quijada (Dodge) y otro por problemas mec\u00e1nicos, ya que Franco De Benedictis (Dodge) que acompa\u00f1aba a Tob\u00edas en la 6\u00aa fila de largada, no pudo ser de la partida por problemas de motor.<\/p>\n\n\n\n<p class=\"wp-block-paragraph\">Ya metido en el 10\u00ba puesto se ubica detr\u00e1s del cordob\u00e9s Facundo Chapur (Torino), pero es sobrepasado en la vuelta 6 por Mart\u00edn V\u00e1squez (Dodge) que ven\u00eda con gran ritmo ganando posiciones. Tob\u00edas no dur\u00f3 mucho en el puesto 11\u00ba, ya que sobrepas\u00f3 a Lucas Carbajal (Ford) a la vuelta siguiente y en la vuelta 9 pudo dar cuenta del mismo Mart\u00edn V\u00e1squez y de Gabriel Gandulia (Ford) para quedar en el 8\u00ba puesto.<\/p>\n\n\n\n<p class=\"wp-block-paragraph\">Promediando la vuelta 10, y desde el 8\u00ba puesto, el sanjuanino comienza a recortar la diferencia con los pilotos de adelante, cuando la humedad y una incipiente llovizna comienza a cambiar el panorama en pista. Tob\u00edas no pierde ritmo, muy por el contrario, comienza a descontarle a Facundo Chapur y a Nicol\u00e1s Impiombato, la mejor Chevy en pista, y si bien lleg\u00f3 a colocarse a solo 150 mil\u00e9simas del cordob\u00e9s, no pudo arrebatarle al Torino ese puesto, y cruz\u00f3 la meta con un muy buen y conveniente 8\u00ba lugar, que le permite sumar buenos puntos.<\/p>\n\n\n\n<p class=\"wp-block-paragraph\">\u201dContentos con el rendimiento del auto, sabemos que siempre es confiable a la hora de la carrera, pero sabemos que nos est\u00e1 costando a la hora de clasificar, y bueno, hay que trabajar para eso y tratar de mejorar ese punto que nos est\u00e1 faltando y es importante\u201d coment\u00f3 Tob\u00edas al finalizar la competencia, que fue ganada por Otto Fritzler (Ford), acompa\u00f1ado en el podio por Santiago \u00c1lvarez (Dodge) y Jerem\u00edas Olmedo (Ford).<\/p>\n\n\n\n<p class=\"wp-block-paragraph\">\u201cTen\u00edamos idea de funcionar un poco mejor, pero vamos a trabajar para mejorar. Muchas gracias a todos los sponsor y a todos los que nos acompa\u00f1an desde San Juan\u201d coment\u00f3 finalmente el sanjuanino, que buscar\u00e1 volver a sumar en la pr\u00f3xima fecha que a disputarse el 8 y 9 de Octubre en Comodoro Rivadavia.<\/p>\n","protected":false},"excerpt":{"rendered":"<p>Finaliz\u00f3 la 11\u00aa fecha del TC pista en el Aut\u00f3dromo Rosendo Hern\u00e1ndez en San Luis, carrera que dio inicio a la disputa de la Copa de Plata y Tob\u00edas Mart\u00ednez complet\u00f3 una gran final, largando 12\u00ba y pudiendo ver la bandera a cuadros en el 8\u00ba puesto. Con la Chevy #107 de Las Toscas Racing, [&hellip;]<\/p>\n","protected":false},"author":5,"featured_media":16427,"comment_status":"open","ping_status":"open","sticky":false,"template":"","format":"standard","meta":{"footnotes":""},"categories":[39,178],"tags":[],"class_list":["post-16854","post","type-post","status-publish","format-standard","has-post-thumbnail","hentry","category-automovilismo","category-san-juan"],"yoast_head":"<!-- This site is optimized with the Yoast SEO plugin v28.2 - https:\/\/yoast.com\/product\/yoast-seo-wordpress\/ -->\n<title>TC Pista: Tob\u00edas Mart\u00ednez qued\u00f3 en el 8\u00b0 puesto - San Juan Deportes<\/title>\n<meta name=\"robots\" content=\"index, follow, max-snippet:-1, max-image-preview:large, max-video-preview:-1\" \/>\n<link rel=\"canonical\" href=\"https:\/\/www.sanjuandeportes.com\/wp\/2022\/09\/18\/tc-pista-tobias-martinez-quedo-en-el-8-puesto\/\" \/>\n<meta property=\"og:locale\" content=\"es_ES\" \/>\n<meta property=\"og:type\" content=\"article\" \/>\n<meta property=\"og:title\" content=\"TC Pista: Tob\u00edas Mart\u00ednez qued\u00f3 en el 8\u00b0 puesto - San Juan Deportes\" \/>\n<meta property=\"og:description\" content=\"Finaliz\u00f3 la 11\u00aa fecha del TC pista en el Aut\u00f3dromo Rosendo Hern\u00e1ndez en San Luis, carrera que dio inicio a la disputa de la Copa de Plata y Tob\u00edas Mart\u00ednez complet\u00f3 una gran final, largando 12\u00ba y pudiendo ver la bandera a cuadros en el 8\u00ba puesto. Con la Chevy #107 de Las Toscas Racing, [&hellip;]\" \/>\n<meta property=\"og:url\" content=\"https:\/\/www.sanjuandeportes.com\/wp\/2022\/09\/18\/tc-pista-tobias-martinez-quedo-en-el-8-puesto\/\" \/>\n<meta property=\"og:site_name\" content=\"San Juan Deportes\" \/>\n<meta property=\"article:publisher\" content=\"https:\/\/www.facebook.com\/sanjuandeportesok\" \/>\n<meta property=\"article:published_time\" content=\"2022-09-18T23:42:53+00:00\" \/>\n<meta property=\"article:modified_time\" content=\"2022-09-22T16:10:00+00:00\" \/>\n<meta property=\"og:image\" content=\"https:\/\/www.sanjuandeportes.com\/wp\/wp-content\/uploads\/2022\/07\/tobias-martinez.jpg\" \/>\n\t<meta property=\"og:image:width\" content=\"1280\" \/>\n\t<meta property=\"og:image:height\" content=\"853\" \/>\n\t<meta property=\"og:image:type\" content=\"image\/jpeg\" \/>\n<meta name=\"author\" content=\"Pablo Pujado\" \/>\n<meta name=\"twitter:card\" content=\"summary_large_image\" \/>\n<meta name=\"twitter:creator\" content=\"@SanJuanDeportes\" \/>\n<meta name=\"twitter:site\" content=\"@SanJuanDeportes\" \/>\n<meta name=\"twitter:label1\" content=\"Escrito por\" \/>\n\t<meta name=\"twitter:data1\" content=\"Pablo Pujado\" \/>\n\t<meta name=\"twitter:label2\" content=\"Tiempo de lectura\" \/>\n\t<meta name=\"twitter:data2\" content=\"2 minutos\" \/>\n<script type=\"application\/ld+json\" class=\"yoast-schema-graph\">{\"@context\":\"https:\\\/\\\/schema.org\",\"@graph\":[{\"@type\":\"Article\",\"@id\":\"https:\\\/\\\/www.sanjuandeportes.com\\\/wp\\\/2022\\\/09\\\/18\\\/tc-pista-tobias-martinez-quedo-en-el-8-puesto\\\/#article\",\"isPartOf\":{\"@id\":\"https:\\\/\\\/www.sanjuandeportes.com\\\/wp\\\/2022\\\/09\\\/18\\\/tc-pista-tobias-martinez-quedo-en-el-8-puesto\\\/\"},\"author\":{\"name\":\"Pablo Pujado\",\"@id\":\"https:\\\/\\\/www.sanjuandeportes.com\\\/wp\\\/#\\\/schema\\\/person\\\/eda4d8e62a5d42b111781e3cdfcb9c3a\"},\"headline\":\"TC Pista: Tob\u00edas Mart\u00ednez qued\u00f3 en el 8\u00b0 puesto\",\"datePublished\":\"2022-09-18T23:42:53+00:00\",\"dateModified\":\"2022-09-22T16:10:00+00:00\",\"mainEntityOfPage\":{\"@id\":\"https:\\\/\\\/www.sanjuandeportes.com\\\/wp\\\/2022\\\/09\\\/18\\\/tc-pista-tobias-martinez-quedo-en-el-8-puesto\\\/\"},\"wordCount\":416,\"commentCount\":0,\"publisher\":{\"@id\":\"https:\\\/\\\/www.sanjuandeportes.com\\\/wp\\\/#organization\"},\"image\":{\"@id\":\"https:\\\/\\\/www.sanjuandeportes.com\\\/wp\\\/2022\\\/09\\\/18\\\/tc-pista-tobias-martinez-quedo-en-el-8-puesto\\\/#primaryimage\"},\"thumbnailUrl\":\"https:\\\/\\\/www.sanjuandeportes.com\\\/wp\\\/wp-content\\\/uploads\\\/2022\\\/07\\\/tobias-martinez.jpg\",\"articleSection\":[\"Automovilismo\",\"San Juan\"],\"inLanguage\":\"es\",\"potentialAction\":[{\"@type\":\"CommentAction\",\"name\":\"Comment\",\"target\":[\"https:\\\/\\\/www.sanjuandeportes.com\\\/wp\\\/2022\\\/09\\\/18\\\/tc-pista-tobias-martinez-quedo-en-el-8-puesto\\\/#respond\"]}]},{\"@type\":\"WebPage\",\"@id\":\"https:\\\/\\\/www.sanjuandeportes.com\\\/wp\\\/2022\\\/09\\\/18\\\/tc-pista-tobias-martinez-quedo-en-el-8-puesto\\\/\",\"url\":\"https:\\\/\\\/www.sanjuandeportes.com\\\/wp\\\/2022\\\/09\\\/18\\\/tc-pista-tobias-martinez-quedo-en-el-8-puesto\\\/\",\"name\":\"TC Pista: Tob\u00edas Mart\u00ednez qued\u00f3 en el 8\u00b0 puesto - San Juan Deportes\",\"isPartOf\":{\"@id\":\"https:\\\/\\\/www.sanjuandeportes.com\\\/wp\\\/#website\"},\"primaryImageOfPage\":{\"@id\":\"https:\\\/\\\/www.sanjuandeportes.com\\\/wp\\\/2022\\\/09\\\/18\\\/tc-pista-tobias-martinez-quedo-en-el-8-puesto\\\/#primaryimage\"},\"image\":{\"@id\":\"https:\\\/\\\/www.sanjuandeportes.com\\\/wp\\\/2022\\\/09\\\/18\\\/tc-pista-tobias-martinez-quedo-en-el-8-puesto\\\/#primaryimage\"},\"thumbnailUrl\":\"https:\\\/\\\/www.sanjuandeportes.com\\\/wp\\\/wp-content\\\/uploads\\\/2022\\\/07\\\/tobias-martinez.jpg\",\"datePublished\":\"2022-09-18T23:42:53+00:00\",\"dateModified\":\"2022-09-22T16:10:00+00:00\",\"breadcrumb\":{\"@id\":\"https:\\\/\\\/www.sanjuandeportes.com\\\/wp\\\/2022\\\/09\\\/18\\\/tc-pista-tobias-martinez-quedo-en-el-8-puesto\\\/#breadcrumb\"},\"inLanguage\":\"es\",\"potentialAction\":[{\"@type\":\"ReadAction\",\"target\":[\"https:\\\/\\\/www.sanjuandeportes.com\\\/wp\\\/2022\\\/09\\\/18\\\/tc-pista-tobias-martinez-quedo-en-el-8-puesto\\\/\"]}]},{\"@type\":\"ImageObject\",\"inLanguage\":\"es\",\"@id\":\"https:\\\/\\\/www.sanjuandeportes.com\\\/wp\\\/2022\\\/09\\\/18\\\/tc-pista-tobias-martinez-quedo-en-el-8-puesto\\\/#primaryimage\",\"url\":\"https:\\\/\\\/www.sanjuandeportes.com\\\/wp\\\/wp-content\\\/uploads\\\/2022\\\/07\\\/tobias-martinez.jpg\",\"contentUrl\":\"https:\\\/\\\/www.sanjuandeportes.com\\\/wp\\\/wp-content\\\/uploads\\\/2022\\\/07\\\/tobias-martinez.jpg\",\"width\":1280,\"height\":853},{\"@type\":\"BreadcrumbList\",\"@id\":\"https:\\\/\\\/www.sanjuandeportes.com\\\/wp\\\/2022\\\/09\\\/18\\\/tc-pista-tobias-martinez-quedo-en-el-8-puesto\\\/#breadcrumb\",\"itemListElement\":[{\"@type\":\"ListItem\",\"position\":1,\"name\":\"Portada\",\"item\":\"http:\\\/\\\/www.sanjuandeportes.com\\\/wp\\\/\"},{\"@type\":\"ListItem\",\"position\":2,\"name\":\"TC Pista: Tob\u00edas Mart\u00ednez qued\u00f3 en el 8\u00b0 puesto\"}]},{\"@type\":\"WebSite\",\"@id\":\"https:\\\/\\\/www.sanjuandeportes.com\\\/wp\\\/#website\",\"url\":\"https:\\\/\\\/www.sanjuandeportes.com\\\/wp\\\/\",\"name\":\"San Juan Deportes\",\"description\":\"El sitio de deportes de la provincia de San Juan\",\"publisher\":{\"@id\":\"https:\\\/\\\/www.sanjuandeportes.com\\\/wp\\\/#organization\"},\"potentialAction\":[{\"@type\":\"SearchAction\",\"target\":{\"@type\":\"EntryPoint\",\"urlTemplate\":\"https:\\\/\\\/www.sanjuandeportes.com\\\/wp\\\/?s={search_term_string}\"},\"query-input\":{\"@type\":\"PropertyValueSpecification\",\"valueRequired\":true,\"valueName\":\"search_term_string\"}}],\"inLanguage\":\"es\"},{\"@type\":\"Organization\",\"@id\":\"https:\\\/\\\/www.sanjuandeportes.com\\\/wp\\\/#organization\",\"name\":\"San Juan Deportes\",\"url\":\"https:\\\/\\\/www.sanjuandeportes.com\\\/wp\\\/\",\"logo\":{\"@type\":\"ImageObject\",\"inLanguage\":\"es\",\"@id\":\"https:\\\/\\\/www.sanjuandeportes.com\\\/wp\\\/#\\\/schema\\\/logo\\\/image\\\/\",\"url\":\"https:\\\/\\\/www.sanjuandeportes.com\\\/wp\\\/wp-content\\\/uploads\\\/unnamed.jpg\",\"contentUrl\":\"https:\\\/\\\/www.sanjuandeportes.com\\\/wp\\\/wp-content\\\/uploads\\\/unnamed.jpg\",\"width\":900,\"height\":900,\"caption\":\"San Juan Deportes\"},\"image\":{\"@id\":\"https:\\\/\\\/www.sanjuandeportes.com\\\/wp\\\/#\\\/schema\\\/logo\\\/image\\\/\"},\"sameAs\":[\"https:\\\/\\\/www.facebook.com\\\/sanjuandeportesok\",\"https:\\\/\\\/x.com\\\/SanJuanDeportes\",\"https:\\\/\\\/www.instagram.com\\\/sanjuandeportes\"]},{\"@type\":\"Person\",\"@id\":\"https:\\\/\\\/www.sanjuandeportes.com\\\/wp\\\/#\\\/schema\\\/person\\\/eda4d8e62a5d42b111781e3cdfcb9c3a\",\"name\":\"Pablo Pujado\",\"image\":{\"@type\":\"ImageObject\",\"inLanguage\":\"es\",\"@id\":\"https:\\\/\\\/secure.gravatar.com\\\/avatar\\\/310b69d28112912c333408a462a9837208de951b1e7c11514781740412f648b1?s=96&d=mm&r=g\",\"url\":\"https:\\\/\\\/secure.gravatar.com\\\/avatar\\\/310b69d28112912c333408a462a9837208de951b1e7c11514781740412f648b1?s=96&d=mm&r=g\",\"contentUrl\":\"https:\\\/\\\/secure.gravatar.com\\\/avatar\\\/310b69d28112912c333408a462a9837208de951b1e7c11514781740412f648b1?s=96&d=mm&r=g\",\"caption\":\"Pablo Pujado\"},\"url\":\"https:\\\/\\\/www.sanjuandeportes.com\\\/wp\\\/author\\\/pablo-pujado\\\/\"}]}<\/script>\n<!-- \/ Yoast SEO plugin. -->","yoast_head_json":{"title":"TC Pista: Tob\u00edas Mart\u00ednez qued\u00f3 en el 8\u00b0 puesto - San Juan Deportes","robots":{"index":"index","follow":"follow","max-snippet":"max-snippet:-1","max-image-preview":"max-image-preview:large","max-video-preview":"max-video-preview:-1"},"canonical":"https:\/\/www.sanjuandeportes.com\/wp\/2022\/09\/18\/tc-pista-tobias-martinez-quedo-en-el-8-puesto\/","og_locale":"es_ES","og_type":"article","og_title":"TC Pista: Tob\u00edas Mart\u00ednez qued\u00f3 en el 8\u00b0 puesto - San Juan Deportes","og_description":"Finaliz\u00f3 la 11\u00aa fecha del TC pista en el Aut\u00f3dromo Rosendo Hern\u00e1ndez en San Luis, carrera que dio inicio a la disputa de la Copa de Plata y Tob\u00edas Mart\u00ednez complet\u00f3 una gran final, largando 12\u00ba y pudiendo ver la bandera a cuadros en el 8\u00ba puesto. Con la Chevy #107 de Las Toscas Racing, [&hellip;]","og_url":"https:\/\/www.sanjuandeportes.com\/wp\/2022\/09\/18\/tc-pista-tobias-martinez-quedo-en-el-8-puesto\/","og_site_name":"San Juan Deportes","article_publisher":"https:\/\/www.facebook.com\/sanjuandeportesok","article_published_time":"2022-09-18T23:42:53+00:00","article_modified_time":"2022-09-22T16:10:00+00:00","og_image":[{"width":1280,"height":853,"url":"https:\/\/www.sanjuandeportes.com\/wp\/wp-content\/uploads\/2022\/07\/tobias-martinez.jpg","type":"image\/jpeg"}],"author":"Pablo Pujado","twitter_card":"summary_large_image","twitter_creator":"@SanJuanDeportes","twitter_site":"@SanJuanDeportes","twitter_misc":{"Escrito por":"Pablo Pujado","Tiempo de lectura":"2 minutos"},"schema":{"@context":"https:\/\/schema.org","@graph":[{"@type":"Article","@id":"https:\/\/www.sanjuandeportes.com\/wp\/2022\/09\/18\/tc-pista-tobias-martinez-quedo-en-el-8-puesto\/#article","isPartOf":{"@id":"https:\/\/www.sanjuandeportes.com\/wp\/2022\/09\/18\/tc-pista-tobias-martinez-quedo-en-el-8-puesto\/"},"author":{"name":"Pablo Pujado","@id":"https:\/\/www.sanjuandeportes.com\/wp\/#\/schema\/person\/eda4d8e62a5d42b111781e3cdfcb9c3a"},"headline":"TC Pista: Tob\u00edas Mart\u00ednez qued\u00f3 en el 8\u00b0 puesto","datePublished":"2022-09-18T23:42:53+00:00","dateModified":"2022-09-22T16:10:00+00:00","mainEntityOfPage":{"@id":"https:\/\/www.sanjuandeportes.com\/wp\/2022\/09\/18\/tc-pista-tobias-martinez-quedo-en-el-8-puesto\/"},"wordCount":416,"commentCount":0,"publisher":{"@id":"https:\/\/www.sanjuandeportes.com\/wp\/#organization"},"image":{"@id":"https:\/\/www.sanjuandeportes.com\/wp\/2022\/09\/18\/tc-pista-tobias-martinez-quedo-en-el-8-puesto\/#primaryimage"},"thumbnailUrl":"https:\/\/www.sanjuandeportes.com\/wp\/wp-content\/uploads\/2022\/07\/tobias-martinez.jpg","articleSection":["Automovilismo","San Juan"],"inLanguage":"es","potentialAction":[{"@type":"CommentAction","name":"Comment","target":["https:\/\/www.sanjuandeportes.com\/wp\/2022\/09\/18\/tc-pista-tobias-martinez-quedo-en-el-8-puesto\/#respond"]}]},{"@type":"WebPage","@id":"https:\/\/www.sanjuandeportes.com\/wp\/2022\/09\/18\/tc-pista-tobias-martinez-quedo-en-el-8-puesto\/","url":"https:\/\/www.sanjuandeportes.com\/wp\/2022\/09\/18\/tc-pista-tobias-martinez-quedo-en-el-8-puesto\/","name":"TC Pista: Tob\u00edas Mart\u00ednez qued\u00f3 en el 8\u00b0 puesto - San Juan Deportes","isPartOf":{"@id":"https:\/\/www.sanjuandeportes.com\/wp\/#website"},"primaryImageOfPage":{"@id":"https:\/\/www.sanjuandeportes.com\/wp\/2022\/09\/18\/tc-pista-tobias-martinez-quedo-en-el-8-puesto\/#primaryimage"},"image":{"@id":"https:\/\/www.sanjuandeportes.com\/wp\/2022\/09\/18\/tc-pista-tobias-martinez-quedo-en-el-8-puesto\/#primaryimage"},"thumbnailUrl":"https:\/\/www.sanjuandeportes.com\/wp\/wp-content\/uploads\/2022\/07\/tobias-martinez.jpg","datePublished":"2022-09-18T23:42:53+00:00","dateModified":"2022-09-22T16:10:00+00:00","breadcrumb":{"@id":"https:\/\/www.sanjuandeportes.com\/wp\/2022\/09\/18\/tc-pista-tobias-martinez-quedo-en-el-8-puesto\/#breadcrumb"},"inLanguage":"es","potentialAction":[{"@type":"ReadAction","target":["https:\/\/www.sanjuandeportes.com\/wp\/2022\/09\/18\/tc-pista-tobias-martinez-quedo-en-el-8-puesto\/"]}]},{"@type":"ImageObject","inLanguage":"es","@id":"https:\/\/www.sanjuandeportes.com\/wp\/2022\/09\/18\/tc-pista-tobias-martinez-quedo-en-el-8-puesto\/#primaryimage","url":"https:\/\/www.sanjuandeportes.com\/wp\/wp-content\/uploads\/2022\/07\/tobias-martinez.jpg","contentUrl":"https:\/\/www.sanjuandeportes.com\/wp\/wp-content\/uploads\/2022\/07\/tobias-martinez.jpg","width":1280,"height":853},{"@type":"BreadcrumbList","@id":"https:\/\/www.sanjuandeportes.com\/wp\/2022\/09\/18\/tc-pista-tobias-martinez-quedo-en-el-8-puesto\/#breadcrumb","itemListElement":[{"@type":"ListItem","position":1,"name":"Portada","item":"http:\/\/www.sanjuandeportes.com\/wp\/"},{"@type":"ListItem","position":2,"name":"TC Pista: Tob\u00edas Mart\u00ednez qued\u00f3 en el 8\u00b0 puesto"}]},{"@type":"WebSite","@id":"https:\/\/www.sanjuandeportes.com\/wp\/#website","url":"https:\/\/www.sanjuandeportes.com\/wp\/","name":"San Juan Deportes","description":"El sitio de deportes de la provincia de San Juan","publisher":{"@id":"https:\/\/www.sanjuandeportes.com\/wp\/#organization"},"potentialAction":[{"@type":"SearchAction","target":{"@type":"EntryPoint","urlTemplate":"https:\/\/www.sanjuandeportes.com\/wp\/?s={search_term_string}"},"query-input":{"@type":"PropertyValueSpecification","valueRequired":true,"valueName":"search_term_string"}}],"inLanguage":"es"},{"@type":"Organization","@id":"https:\/\/www.sanjuandeportes.com\/wp\/#organization","name":"San Juan Deportes","url":"https:\/\/www.sanjuandeportes.com\/wp\/","logo":{"@type":"ImageObject","inLanguage":"es","@id":"https:\/\/www.sanjuandeportes.com\/wp\/#\/schema\/logo\/image\/","url":"https:\/\/www.sanjuandeportes.com\/wp\/wp-content\/uploads\/unnamed.jpg","contentUrl":"https:\/\/www.sanjuandeportes.com\/wp\/wp-content\/uploads\/unnamed.jpg","width":900,"height":900,"caption":"San Juan Deportes"},"image":{"@id":"https:\/\/www.sanjuandeportes.com\/wp\/#\/schema\/logo\/image\/"},"sameAs":["https:\/\/www.facebook.com\/sanjuandeportesok","https:\/\/x.com\/SanJuanDeportes","https:\/\/www.instagram.com\/sanjuandeportes"]},{"@type":"Person","@id":"https:\/\/www.sanjuandeportes.com\/wp\/#\/schema\/person\/eda4d8e62a5d42b111781e3cdfcb9c3a","name":"Pablo Pujado","image":{"@type":"ImageObject","inLanguage":"es","@id":"https:\/\/secure.gravatar.com\/avatar\/310b69d28112912c333408a462a9837208de951b1e7c11514781740412f648b1?s=96&d=mm&r=g","url":"https:\/\/secure.gravatar.com\/avatar\/310b69d28112912c333408a462a9837208de951b1e7c11514781740412f648b1?s=96&d=mm&r=g","contentUrl":"https:\/\/secure.gravatar.com\/avatar\/310b69d28112912c333408a462a9837208de951b1e7c11514781740412f648b1?s=96&d=mm&r=g","caption":"Pablo Pujado"},"url":"https:\/\/www.sanjuandeportes.com\/wp\/author\/pablo-pujado\/"}]}},"_links":{"self":[{"href":"https:\/\/www.sanjuandeportes.com\/wp\/wp-json\/wp\/v2\/posts\/16854","targetHints":{"allow":["GET"]}}],"collection":[{"href":"https:\/\/www.sanjuandeportes.com\/wp\/wp-json\/wp\/v2\/posts"}],"about":[{"href":"https:\/\/www.sanjuandeportes.com\/wp\/wp-json\/wp\/v2\/types\/post"}],"author":[{"embeddable":true,"href":"https:\/\/www.sanjuandeportes.com\/wp\/wp-json\/wp\/v2\/users\/5"}],"replies":[{"embeddable":true,"href":"https:\/\/www.sanjuandeportes.com\/wp\/wp-json\/wp\/v2\/comments?post=16854"}],"version-history":[{"count":1,"href":"https:\/\/www.sanjuandeportes.com\/wp\/wp-json\/wp\/v2\/posts\/16854\/revisions"}],"predecessor-version":[{"id":16855,"href":"https:\/\/www.sanjuandeportes.com\/wp\/wp-json\/wp\/v2\/posts\/16854\/revisions\/16855"}],"wp:featuredmedia":[{"embeddable":true,"href":"https:\/\/www.sanjuandeportes.com\/wp\/wp-json\/wp\/v2\/media\/16427"}],"wp:attachment":[{"href":"https:\/\/www.sanjuandeportes.com\/wp\/wp-json\/wp\/v2\/media?parent=16854"}],"wp:term":[{"taxonomy":"category","embeddable":true,"href":"https:\/\/www.sanjuandeportes.com\/wp\/wp-json\/wp\/v2\/categories?post=16854"},{"taxonomy":"post_tag","embeddable":true,"href":"https:\/\/www.sanjuandeportes.com\/wp\/wp-json\/wp\/v2\/tags?post=16854"}],"curies":[{"name":"wp","href":"https:\/\/api.w.org\/{rel}","templated":true}]}}