{"id":16937,"date":"2022-09-30T13:49:59","date_gmt":"2022-09-30T16:49:59","guid":{"rendered":"http:\/\/www.sanjuandeportes.com\/wp\/?p=16937"},"modified":"2022-10-03T13:40:17","modified_gmt":"2022-10-03T16:40:17","slug":"se-corre-la-segunda-edicion-de-la-maraton-new-balance-de-san-juan","status":"publish","type":"post","link":"https:\/\/www.sanjuandeportes.com\/wp\/2022\/09\/30\/se-corre-la-segunda-edicion-de-la-maraton-new-balance-de-san-juan\/","title":{"rendered":"Se corre la segunda edici\u00f3n de la marat\u00f3n New Balance de San Juan"},"content":{"rendered":"\n<p class=\"wp-block-paragraph\">El circuito albardonero vivir\u00e1 la segunda edici\u00f3n\u00a0 de la\u00a0NB 15K en San Juan, una nueva experiencia de la NB Race Series.<\/p>\n\n\n\n<p class=\"wp-block-paragraph\">El proximo domingo 2 de octubre, se realizar\u00e1 la segunda edici\u00f3n del&nbsp;<a href=\"https:\/\/raceseries.newbalance.com.ar\/2022\/nb-15k-san-juan\/\">New Balance 15k de San Juan<\/a>. El horario de largada ser\u00e1 a las 8 y tanto la salida como la llegada ser\u00e1 en el Circuito San Juan Villicum, en el Departamento Albardon. Adem\u00e1s, contar\u00e1 con una distancia participativa de&nbsp;5k.<\/p>\n\n\n\n<p class=\"wp-block-paragraph\">Esta carrera pertenece al&nbsp;<strong>New Balance Race Series<\/strong>, un programa de excelencia en running que cuenta con el calendario de carreras m\u00e1s grande, m\u00e1s completo y m\u00e1s convocante de la Argentina. Este cuenta con diferentes distancias, ciudades y tipos de circuitos.<\/p>\n\n\n\n<p class=\"wp-block-paragraph\">Con diferentes distancias, ciudades y tipos de circuitos, NB Race Series busca inspirar y brindar las herramientas para que cada corredor realice una adecuada planificaci\u00f3n de sus objetivos accediendo a la vez a importantes beneficios.<\/p>\n\n\n\n<figure class=\"wp-block-image\"><img decoding=\"async\" data-src=\"https:\/\/deportessanjuan.ar\/images\/5f.jpg\" alt=\"5f\" src=\"data:image\/svg+xml;base64,PHN2ZyB3aWR0aD0iMSIgaGVpZ2h0PSIxIiB4bWxucz0iaHR0cDovL3d3dy53My5vcmcvMjAwMC9zdmciPjwvc3ZnPg==\" class=\"lazyload\" \/><\/figure>\n\n\n\n<p class=\"wp-block-paragraph\">La carrera principal de 15km tiene horario de inicio a las 8:00 del d\u00eda domingo, la misma contara con las siguientes categor\u00edas:<\/p>\n\n\n\n<ul class=\"wp-block-list\"><li>General<\/li><li>Silla de ruedas<\/li><li>No Videntes<\/li><li>Otras discapacidades<\/li><li>Atletismo Asistido<\/li><\/ul>\n\n\n\n<p class=\"wp-block-paragraph\">El retiro de los kits de competencia se podr\u00e1 realizar ma\u00f1ana s\u00e1bado 1 de octubre, en Sportotal, ubicado en la calle General Acha y calle Laprida. Los horarios dispuestos por la organizaci\u00f3n para el retiro ser\u00e1n desde las 10:00 hasta las 18:00, sin excepciones.<\/p>\n\n\n\n<p class=\"wp-block-paragraph\">Las<strong>&nbsp;inscripciones est\u00e1n abiertas<\/strong>&nbsp;y su valor es de&nbsp;<strong>$2.899<\/strong>&nbsp;para el&nbsp;<strong>15k<\/strong>&nbsp;y&nbsp;<strong>$2.499<\/strong>&nbsp;para el&nbsp;<strong>5k.<\/strong>&nbsp;El cierre de estas ser\u00e1 hoy viernes 30 de septiembre.<\/p>\n\n\n\n<p class=\"wp-block-paragraph\"><a href=\"https:\/\/sportick.com.ar\/sis\/users\/start\/evento\/sjg\">LINK DE INSCRIPCION 15KM<\/a><\/p>\n\n\n\n<p class=\"wp-block-paragraph\"><a href=\"https:\/\/sportick.com.ar\/sis\/users\/start\/evento\/sjh\">LINK DE INSCRIPCION 5KM (PARTICIPATIVA)<\/a><\/p>\n","protected":false},"excerpt":{"rendered":"<p>El circuito albardonero vivir\u00e1 la segunda edici\u00f3n\u00a0 de la\u00a0NB 15K en San Juan, una nueva experiencia de la NB Race Series. El proximo domingo 2 de octubre, se realizar\u00e1 la segunda edici\u00f3n del&nbsp;New Balance 15k de San Juan. El horario de largada ser\u00e1 a las 8 y tanto la salida como la llegada ser\u00e1 en [&hellip;]<\/p>\n","protected":false},"author":5,"featured_media":7641,"comment_status":"open","ping_status":"open","sticky":false,"template":"","format":"standard","meta":{"footnotes":""},"categories":[40,178],"tags":[],"class_list":["post-16937","post","type-post","status-publish","format-standard","has-post-thumbnail","hentry","category-atletismo","category-san-juan"],"yoast_head":"<!-- This site is optimized with the Yoast SEO plugin v28.2 - https:\/\/yoast.com\/product\/yoast-seo-wordpress\/ -->\n<title>Se corre la segunda edici\u00f3n de la marat\u00f3n New Balance de San Juan - San Juan Deportes<\/title>\n<meta name=\"robots\" content=\"index, follow, max-snippet:-1, max-image-preview:large, max-video-preview:-1\" \/>\n<link rel=\"canonical\" href=\"https:\/\/www.sanjuandeportes.com\/wp\/2022\/09\/30\/se-corre-la-segunda-edicion-de-la-maraton-new-balance-de-san-juan\/\" \/>\n<meta property=\"og:locale\" content=\"es_ES\" \/>\n<meta property=\"og:type\" content=\"article\" \/>\n<meta property=\"og:title\" content=\"Se corre la segunda edici\u00f3n de la marat\u00f3n New Balance de San Juan - San Juan Deportes\" \/>\n<meta property=\"og:description\" content=\"El circuito albardonero vivir\u00e1 la segunda edici\u00f3n\u00a0 de la\u00a0NB 15K en San Juan, una nueva experiencia de la NB Race Series. El proximo domingo 2 de octubre, se realizar\u00e1 la segunda edici\u00f3n del&nbsp;New Balance 15k de San Juan. El horario de largada ser\u00e1 a las 8 y tanto la salida como la llegada ser\u00e1 en [&hellip;]\" \/>\n<meta property=\"og:url\" content=\"https:\/\/www.sanjuandeportes.com\/wp\/2022\/09\/30\/se-corre-la-segunda-edicion-de-la-maraton-new-balance-de-san-juan\/\" \/>\n<meta property=\"og:site_name\" content=\"San Juan Deportes\" \/>\n<meta property=\"article:publisher\" content=\"https:\/\/www.facebook.com\/sanjuandeportesok\" \/>\n<meta property=\"article:published_time\" content=\"2022-09-30T16:49:59+00:00\" \/>\n<meta property=\"article:modified_time\" content=\"2022-10-03T16:40:17+00:00\" \/>\n<meta property=\"og:image\" content=\"https:\/\/www.sanjuandeportes.com\/wp\/wp-content\/uploads\/2019\/10\/3a6eaef937e8ee6f2e8f4e8a9b01b88e_L.jpg\" \/>\n\t<meta property=\"og:image:width\" content=\"782\" \/>\n\t<meta property=\"og:image:height\" content=\"498\" \/>\n\t<meta property=\"og:image:type\" content=\"image\/jpeg\" \/>\n<meta name=\"author\" content=\"Pablo Pujado\" \/>\n<meta name=\"twitter:card\" content=\"summary_large_image\" \/>\n<meta name=\"twitter:creator\" content=\"@SanJuanDeportes\" \/>\n<meta name=\"twitter:site\" content=\"@SanJuanDeportes\" \/>\n<meta name=\"twitter:label1\" content=\"Escrito por\" \/>\n\t<meta name=\"twitter:data1\" content=\"Pablo Pujado\" \/>\n\t<meta name=\"twitter:label2\" content=\"Tiempo de lectura\" \/>\n\t<meta name=\"twitter:data2\" content=\"1 minuto\" \/>\n<script type=\"application\/ld+json\" class=\"yoast-schema-graph\">{\"@context\":\"https:\\\/\\\/schema.org\",\"@graph\":[{\"@type\":\"Article\",\"@id\":\"https:\\\/\\\/www.sanjuandeportes.com\\\/wp\\\/2022\\\/09\\\/30\\\/se-corre-la-segunda-edicion-de-la-maraton-new-balance-de-san-juan\\\/#article\",\"isPartOf\":{\"@id\":\"https:\\\/\\\/www.sanjuandeportes.com\\\/wp\\\/2022\\\/09\\\/30\\\/se-corre-la-segunda-edicion-de-la-maraton-new-balance-de-san-juan\\\/\"},\"author\":{\"name\":\"Pablo Pujado\",\"@id\":\"https:\\\/\\\/www.sanjuandeportes.com\\\/wp\\\/#\\\/schema\\\/person\\\/eda4d8e62a5d42b111781e3cdfcb9c3a\"},\"headline\":\"Se corre la segunda edici\u00f3n de la marat\u00f3n New Balance de San Juan\",\"datePublished\":\"2022-09-30T16:49:59+00:00\",\"dateModified\":\"2022-10-03T16:40:17+00:00\",\"mainEntityOfPage\":{\"@id\":\"https:\\\/\\\/www.sanjuandeportes.com\\\/wp\\\/2022\\\/09\\\/30\\\/se-corre-la-segunda-edicion-de-la-maraton-new-balance-de-san-juan\\\/\"},\"wordCount\":296,\"commentCount\":0,\"publisher\":{\"@id\":\"https:\\\/\\\/www.sanjuandeportes.com\\\/wp\\\/#organization\"},\"image\":{\"@id\":\"https:\\\/\\\/www.sanjuandeportes.com\\\/wp\\\/2022\\\/09\\\/30\\\/se-corre-la-segunda-edicion-de-la-maraton-new-balance-de-san-juan\\\/#primaryimage\"},\"thumbnailUrl\":\"https:\\\/\\\/www.sanjuandeportes.com\\\/wp\\\/wp-content\\\/uploads\\\/2019\\\/10\\\/3a6eaef937e8ee6f2e8f4e8a9b01b88e_L.jpg\",\"articleSection\":[\"Atletismo\",\"San Juan\"],\"inLanguage\":\"es\",\"potentialAction\":[{\"@type\":\"CommentAction\",\"name\":\"Comment\",\"target\":[\"https:\\\/\\\/www.sanjuandeportes.com\\\/wp\\\/2022\\\/09\\\/30\\\/se-corre-la-segunda-edicion-de-la-maraton-new-balance-de-san-juan\\\/#respond\"]}]},{\"@type\":\"WebPage\",\"@id\":\"https:\\\/\\\/www.sanjuandeportes.com\\\/wp\\\/2022\\\/09\\\/30\\\/se-corre-la-segunda-edicion-de-la-maraton-new-balance-de-san-juan\\\/\",\"url\":\"https:\\\/\\\/www.sanjuandeportes.com\\\/wp\\\/2022\\\/09\\\/30\\\/se-corre-la-segunda-edicion-de-la-maraton-new-balance-de-san-juan\\\/\",\"name\":\"Se corre la segunda edici\u00f3n de la marat\u00f3n New Balance de San Juan - San Juan Deportes\",\"isPartOf\":{\"@id\":\"https:\\\/\\\/www.sanjuandeportes.com\\\/wp\\\/#website\"},\"primaryImageOfPage\":{\"@id\":\"https:\\\/\\\/www.sanjuandeportes.com\\\/wp\\\/2022\\\/09\\\/30\\\/se-corre-la-segunda-edicion-de-la-maraton-new-balance-de-san-juan\\\/#primaryimage\"},\"image\":{\"@id\":\"https:\\\/\\\/www.sanjuandeportes.com\\\/wp\\\/2022\\\/09\\\/30\\\/se-corre-la-segunda-edicion-de-la-maraton-new-balance-de-san-juan\\\/#primaryimage\"},\"thumbnailUrl\":\"https:\\\/\\\/www.sanjuandeportes.com\\\/wp\\\/wp-content\\\/uploads\\\/2019\\\/10\\\/3a6eaef937e8ee6f2e8f4e8a9b01b88e_L.jpg\",\"datePublished\":\"2022-09-30T16:49:59+00:00\",\"dateModified\":\"2022-10-03T16:40:17+00:00\",\"breadcrumb\":{\"@id\":\"https:\\\/\\\/www.sanjuandeportes.com\\\/wp\\\/2022\\\/09\\\/30\\\/se-corre-la-segunda-edicion-de-la-maraton-new-balance-de-san-juan\\\/#breadcrumb\"},\"inLanguage\":\"es\",\"potentialAction\":[{\"@type\":\"ReadAction\",\"target\":[\"https:\\\/\\\/www.sanjuandeportes.com\\\/wp\\\/2022\\\/09\\\/30\\\/se-corre-la-segunda-edicion-de-la-maraton-new-balance-de-san-juan\\\/\"]}]},{\"@type\":\"ImageObject\",\"inLanguage\":\"es\",\"@id\":\"https:\\\/\\\/www.sanjuandeportes.com\\\/wp\\\/2022\\\/09\\\/30\\\/se-corre-la-segunda-edicion-de-la-maraton-new-balance-de-san-juan\\\/#primaryimage\",\"url\":\"https:\\\/\\\/www.sanjuandeportes.com\\\/wp\\\/wp-content\\\/uploads\\\/2019\\\/10\\\/3a6eaef937e8ee6f2e8f4e8a9b01b88e_L.jpg\",\"contentUrl\":\"https:\\\/\\\/www.sanjuandeportes.com\\\/wp\\\/wp-content\\\/uploads\\\/2019\\\/10\\\/3a6eaef937e8ee6f2e8f4e8a9b01b88e_L.jpg\",\"width\":782,\"height\":498},{\"@type\":\"BreadcrumbList\",\"@id\":\"https:\\\/\\\/www.sanjuandeportes.com\\\/wp\\\/2022\\\/09\\\/30\\\/se-corre-la-segunda-edicion-de-la-maraton-new-balance-de-san-juan\\\/#breadcrumb\",\"itemListElement\":[{\"@type\":\"ListItem\",\"position\":1,\"name\":\"Portada\",\"item\":\"http:\\\/\\\/www.sanjuandeportes.com\\\/wp\\\/\"},{\"@type\":\"ListItem\",\"position\":2,\"name\":\"Se corre la segunda edici\u00f3n de la marat\u00f3n New Balance de San Juan\"}]},{\"@type\":\"WebSite\",\"@id\":\"https:\\\/\\\/www.sanjuandeportes.com\\\/wp\\\/#website\",\"url\":\"https:\\\/\\\/www.sanjuandeportes.com\\\/wp\\\/\",\"name\":\"San Juan Deportes\",\"description\":\"El sitio de deportes de la provincia de San Juan\",\"publisher\":{\"@id\":\"https:\\\/\\\/www.sanjuandeportes.com\\\/wp\\\/#organization\"},\"potentialAction\":[{\"@type\":\"SearchAction\",\"target\":{\"@type\":\"EntryPoint\",\"urlTemplate\":\"https:\\\/\\\/www.sanjuandeportes.com\\\/wp\\\/?s={search_term_string}\"},\"query-input\":{\"@type\":\"PropertyValueSpecification\",\"valueRequired\":true,\"valueName\":\"search_term_string\"}}],\"inLanguage\":\"es\"},{\"@type\":\"Organization\",\"@id\":\"https:\\\/\\\/www.sanjuandeportes.com\\\/wp\\\/#organization\",\"name\":\"San Juan Deportes\",\"url\":\"https:\\\/\\\/www.sanjuandeportes.com\\\/wp\\\/\",\"logo\":{\"@type\":\"ImageObject\",\"inLanguage\":\"es\",\"@id\":\"https:\\\/\\\/www.sanjuandeportes.com\\\/wp\\\/#\\\/schema\\\/logo\\\/image\\\/\",\"url\":\"https:\\\/\\\/www.sanjuandeportes.com\\\/wp\\\/wp-content\\\/uploads\\\/unnamed.jpg\",\"contentUrl\":\"https:\\\/\\\/www.sanjuandeportes.com\\\/wp\\\/wp-content\\\/uploads\\\/unnamed.jpg\",\"width\":900,\"height\":900,\"caption\":\"San Juan Deportes\"},\"image\":{\"@id\":\"https:\\\/\\\/www.sanjuandeportes.com\\\/wp\\\/#\\\/schema\\\/logo\\\/image\\\/\"},\"sameAs\":[\"https:\\\/\\\/www.facebook.com\\\/sanjuandeportesok\",\"https:\\\/\\\/x.com\\\/SanJuanDeportes\",\"https:\\\/\\\/www.instagram.com\\\/sanjuandeportes\"]},{\"@type\":\"Person\",\"@id\":\"https:\\\/\\\/www.sanjuandeportes.com\\\/wp\\\/#\\\/schema\\\/person\\\/eda4d8e62a5d42b111781e3cdfcb9c3a\",\"name\":\"Pablo Pujado\",\"image\":{\"@type\":\"ImageObject\",\"inLanguage\":\"es\",\"@id\":\"https:\\\/\\\/secure.gravatar.com\\\/avatar\\\/310b69d28112912c333408a462a9837208de951b1e7c11514781740412f648b1?s=96&d=mm&r=g\",\"url\":\"https:\\\/\\\/secure.gravatar.com\\\/avatar\\\/310b69d28112912c333408a462a9837208de951b1e7c11514781740412f648b1?s=96&d=mm&r=g\",\"contentUrl\":\"https:\\\/\\\/secure.gravatar.com\\\/avatar\\\/310b69d28112912c333408a462a9837208de951b1e7c11514781740412f648b1?s=96&d=mm&r=g\",\"caption\":\"Pablo Pujado\"},\"url\":\"https:\\\/\\\/www.sanjuandeportes.com\\\/wp\\\/author\\\/pablo-pujado\\\/\"}]}<\/script>\n<!-- \/ Yoast SEO plugin. -->","yoast_head_json":{"title":"Se corre la segunda edici\u00f3n de la marat\u00f3n New Balance de San Juan - San Juan Deportes","robots":{"index":"index","follow":"follow","max-snippet":"max-snippet:-1","max-image-preview":"max-image-preview:large","max-video-preview":"max-video-preview:-1"},"canonical":"https:\/\/www.sanjuandeportes.com\/wp\/2022\/09\/30\/se-corre-la-segunda-edicion-de-la-maraton-new-balance-de-san-juan\/","og_locale":"es_ES","og_type":"article","og_title":"Se corre la segunda edici\u00f3n de la marat\u00f3n New Balance de San Juan - San Juan Deportes","og_description":"El circuito albardonero vivir\u00e1 la segunda edici\u00f3n\u00a0 de la\u00a0NB 15K en San Juan, una nueva experiencia de la NB Race Series. El proximo domingo 2 de octubre, se realizar\u00e1 la segunda edici\u00f3n del&nbsp;New Balance 15k de San Juan. El horario de largada ser\u00e1 a las 8 y tanto la salida como la llegada ser\u00e1 en [&hellip;]","og_url":"https:\/\/www.sanjuandeportes.com\/wp\/2022\/09\/30\/se-corre-la-segunda-edicion-de-la-maraton-new-balance-de-san-juan\/","og_site_name":"San Juan Deportes","article_publisher":"https:\/\/www.facebook.com\/sanjuandeportesok","article_published_time":"2022-09-30T16:49:59+00:00","article_modified_time":"2022-10-03T16:40:17+00:00","og_image":[{"width":782,"height":498,"url":"https:\/\/www.sanjuandeportes.com\/wp\/wp-content\/uploads\/2019\/10\/3a6eaef937e8ee6f2e8f4e8a9b01b88e_L.jpg","type":"image\/jpeg"}],"author":"Pablo Pujado","twitter_card":"summary_large_image","twitter_creator":"@SanJuanDeportes","twitter_site":"@SanJuanDeportes","twitter_misc":{"Escrito por":"Pablo Pujado","Tiempo de lectura":"1 minuto"},"schema":{"@context":"https:\/\/schema.org","@graph":[{"@type":"Article","@id":"https:\/\/www.sanjuandeportes.com\/wp\/2022\/09\/30\/se-corre-la-segunda-edicion-de-la-maraton-new-balance-de-san-juan\/#article","isPartOf":{"@id":"https:\/\/www.sanjuandeportes.com\/wp\/2022\/09\/30\/se-corre-la-segunda-edicion-de-la-maraton-new-balance-de-san-juan\/"},"author":{"name":"Pablo Pujado","@id":"https:\/\/www.sanjuandeportes.com\/wp\/#\/schema\/person\/eda4d8e62a5d42b111781e3cdfcb9c3a"},"headline":"Se corre la segunda edici\u00f3n de la marat\u00f3n New Balance de San Juan","datePublished":"2022-09-30T16:49:59+00:00","dateModified":"2022-10-03T16:40:17+00:00","mainEntityOfPage":{"@id":"https:\/\/www.sanjuandeportes.com\/wp\/2022\/09\/30\/se-corre-la-segunda-edicion-de-la-maraton-new-balance-de-san-juan\/"},"wordCount":296,"commentCount":0,"publisher":{"@id":"https:\/\/www.sanjuandeportes.com\/wp\/#organization"},"image":{"@id":"https:\/\/www.sanjuandeportes.com\/wp\/2022\/09\/30\/se-corre-la-segunda-edicion-de-la-maraton-new-balance-de-san-juan\/#primaryimage"},"thumbnailUrl":"https:\/\/www.sanjuandeportes.com\/wp\/wp-content\/uploads\/2019\/10\/3a6eaef937e8ee6f2e8f4e8a9b01b88e_L.jpg","articleSection":["Atletismo","San Juan"],"inLanguage":"es","potentialAction":[{"@type":"CommentAction","name":"Comment","target":["https:\/\/www.sanjuandeportes.com\/wp\/2022\/09\/30\/se-corre-la-segunda-edicion-de-la-maraton-new-balance-de-san-juan\/#respond"]}]},{"@type":"WebPage","@id":"https:\/\/www.sanjuandeportes.com\/wp\/2022\/09\/30\/se-corre-la-segunda-edicion-de-la-maraton-new-balance-de-san-juan\/","url":"https:\/\/www.sanjuandeportes.com\/wp\/2022\/09\/30\/se-corre-la-segunda-edicion-de-la-maraton-new-balance-de-san-juan\/","name":"Se corre la segunda edici\u00f3n de la marat\u00f3n New Balance de San Juan - San Juan Deportes","isPartOf":{"@id":"https:\/\/www.sanjuandeportes.com\/wp\/#website"},"primaryImageOfPage":{"@id":"https:\/\/www.sanjuandeportes.com\/wp\/2022\/09\/30\/se-corre-la-segunda-edicion-de-la-maraton-new-balance-de-san-juan\/#primaryimage"},"image":{"@id":"https:\/\/www.sanjuandeportes.com\/wp\/2022\/09\/30\/se-corre-la-segunda-edicion-de-la-maraton-new-balance-de-san-juan\/#primaryimage"},"thumbnailUrl":"https:\/\/www.sanjuandeportes.com\/wp\/wp-content\/uploads\/2019\/10\/3a6eaef937e8ee6f2e8f4e8a9b01b88e_L.jpg","datePublished":"2022-09-30T16:49:59+00:00","dateModified":"2022-10-03T16:40:17+00:00","breadcrumb":{"@id":"https:\/\/www.sanjuandeportes.com\/wp\/2022\/09\/30\/se-corre-la-segunda-edicion-de-la-maraton-new-balance-de-san-juan\/#breadcrumb"},"inLanguage":"es","potentialAction":[{"@type":"ReadAction","target":["https:\/\/www.sanjuandeportes.com\/wp\/2022\/09\/30\/se-corre-la-segunda-edicion-de-la-maraton-new-balance-de-san-juan\/"]}]},{"@type":"ImageObject","inLanguage":"es","@id":"https:\/\/www.sanjuandeportes.com\/wp\/2022\/09\/30\/se-corre-la-segunda-edicion-de-la-maraton-new-balance-de-san-juan\/#primaryimage","url":"https:\/\/www.sanjuandeportes.com\/wp\/wp-content\/uploads\/2019\/10\/3a6eaef937e8ee6f2e8f4e8a9b01b88e_L.jpg","contentUrl":"https:\/\/www.sanjuandeportes.com\/wp\/wp-content\/uploads\/2019\/10\/3a6eaef937e8ee6f2e8f4e8a9b01b88e_L.jpg","width":782,"height":498},{"@type":"BreadcrumbList","@id":"https:\/\/www.sanjuandeportes.com\/wp\/2022\/09\/30\/se-corre-la-segunda-edicion-de-la-maraton-new-balance-de-san-juan\/#breadcrumb","itemListElement":[{"@type":"ListItem","position":1,"name":"Portada","item":"http:\/\/www.sanjuandeportes.com\/wp\/"},{"@type":"ListItem","position":2,"name":"Se corre la segunda edici\u00f3n de la marat\u00f3n New Balance de San Juan"}]},{"@type":"WebSite","@id":"https:\/\/www.sanjuandeportes.com\/wp\/#website","url":"https:\/\/www.sanjuandeportes.com\/wp\/","name":"San Juan Deportes","description":"El sitio de deportes de la provincia de San Juan","publisher":{"@id":"https:\/\/www.sanjuandeportes.com\/wp\/#organization"},"potentialAction":[{"@type":"SearchAction","target":{"@type":"EntryPoint","urlTemplate":"https:\/\/www.sanjuandeportes.com\/wp\/?s={search_term_string}"},"query-input":{"@type":"PropertyValueSpecification","valueRequired":true,"valueName":"search_term_string"}}],"inLanguage":"es"},{"@type":"Organization","@id":"https:\/\/www.sanjuandeportes.com\/wp\/#organization","name":"San Juan Deportes","url":"https:\/\/www.sanjuandeportes.com\/wp\/","logo":{"@type":"ImageObject","inLanguage":"es","@id":"https:\/\/www.sanjuandeportes.com\/wp\/#\/schema\/logo\/image\/","url":"https:\/\/www.sanjuandeportes.com\/wp\/wp-content\/uploads\/unnamed.jpg","contentUrl":"https:\/\/www.sanjuandeportes.com\/wp\/wp-content\/uploads\/unnamed.jpg","width":900,"height":900,"caption":"San Juan Deportes"},"image":{"@id":"https:\/\/www.sanjuandeportes.com\/wp\/#\/schema\/logo\/image\/"},"sameAs":["https:\/\/www.facebook.com\/sanjuandeportesok","https:\/\/x.com\/SanJuanDeportes","https:\/\/www.instagram.com\/sanjuandeportes"]},{"@type":"Person","@id":"https:\/\/www.sanjuandeportes.com\/wp\/#\/schema\/person\/eda4d8e62a5d42b111781e3cdfcb9c3a","name":"Pablo Pujado","image":{"@type":"ImageObject","inLanguage":"es","@id":"https:\/\/secure.gravatar.com\/avatar\/310b69d28112912c333408a462a9837208de951b1e7c11514781740412f648b1?s=96&d=mm&r=g","url":"https:\/\/secure.gravatar.com\/avatar\/310b69d28112912c333408a462a9837208de951b1e7c11514781740412f648b1?s=96&d=mm&r=g","contentUrl":"https:\/\/secure.gravatar.com\/avatar\/310b69d28112912c333408a462a9837208de951b1e7c11514781740412f648b1?s=96&d=mm&r=g","caption":"Pablo Pujado"},"url":"https:\/\/www.sanjuandeportes.com\/wp\/author\/pablo-pujado\/"}]}},"_links":{"self":[{"href":"https:\/\/www.sanjuandeportes.com\/wp\/wp-json\/wp\/v2\/posts\/16937","targetHints":{"allow":["GET"]}}],"collection":[{"href":"https:\/\/www.sanjuandeportes.com\/wp\/wp-json\/wp\/v2\/posts"}],"about":[{"href":"https:\/\/www.sanjuandeportes.com\/wp\/wp-json\/wp\/v2\/types\/post"}],"author":[{"embeddable":true,"href":"https:\/\/www.sanjuandeportes.com\/wp\/wp-json\/wp\/v2\/users\/5"}],"replies":[{"embeddable":true,"href":"https:\/\/www.sanjuandeportes.com\/wp\/wp-json\/wp\/v2\/comments?post=16937"}],"version-history":[{"count":1,"href":"https:\/\/www.sanjuandeportes.com\/wp\/wp-json\/wp\/v2\/posts\/16937\/revisions"}],"predecessor-version":[{"id":16938,"href":"https:\/\/www.sanjuandeportes.com\/wp\/wp-json\/wp\/v2\/posts\/16937\/revisions\/16938"}],"wp:featuredmedia":[{"embeddable":true,"href":"https:\/\/www.sanjuandeportes.com\/wp\/wp-json\/wp\/v2\/media\/7641"}],"wp:attachment":[{"href":"https:\/\/www.sanjuandeportes.com\/wp\/wp-json\/wp\/v2\/media?parent=16937"}],"wp:term":[{"taxonomy":"category","embeddable":true,"href":"https:\/\/www.sanjuandeportes.com\/wp\/wp-json\/wp\/v2\/categories?post=16937"},{"taxonomy":"post_tag","embeddable":true,"href":"https:\/\/www.sanjuandeportes.com\/wp\/wp-json\/wp\/v2\/tags?post=16937"}],"curies":[{"name":"wp","href":"https:\/\/api.w.org\/{rel}","templated":true}]}}