{"id":17190,"date":"2022-11-14T13:31:17","date_gmt":"2022-11-14T16:31:17","guid":{"rendered":"http:\/\/www.sanjuandeportes.com\/wp\/?p=17190"},"modified":"2022-11-16T14:05:24","modified_gmt":"2022-11-16T17:05:24","slug":"a-pura-emocion-y-siendo-campeona-mundial-se-retiro-de-las-aguilas-adriana-gutierrez","status":"publish","type":"post","link":"https:\/\/www.sanjuandeportes.com\/wp\/2022\/11\/14\/a-pura-emocion-y-siendo-campeona-mundial-se-retiro-de-las-aguilas-adriana-gutierrez\/","title":{"rendered":"A pura emoci\u00f3n y siendo campeona mundial se retir\u00f3 de Las \u00c1guilas Adriana Gutierrez"},"content":{"rendered":"\n<p class=\"wp-block-paragraph\">Luego de vencer 3 a 0 al seleccionado espa\u00f1ol y&nbsp;<strong>coronarse campeona del mundo de hockey sobre patines junto a \u201cLas \u00c1guilas\u201d,&nbsp;<\/strong>el pasado s\u00e1bado en el Estadio Aldo Cantoni,&nbsp;<strong>Dame Noticias<\/strong>&nbsp;dialog\u00f3 con una de las figuras del hockey femenino, quien se retir\u00f3 de una manera so\u00f1ada y convertida&nbsp;en una leyenda de dicho deporte.<\/p>\n\n\n\n<p class=\"wp-block-paragraph\">Adriana Gutierrez disput\u00f3 10 mundiales y logr\u00f3 consagrarse campeona en 5 de ellos. Qu\u00e9 dijo en la entrevista luego de darle fin a su largo camino&nbsp;como jugadora.<\/p>\n\n\n\n<p class=\"wp-block-paragraph\"><strong>&#8211;\u00a0Fue tu \u00faltimo partido al frente de la selecci\u00f3n de hockey \u00bfCu\u00e1les fueron tus sensaciones?<\/strong><\/p>\n\n\n\n<p class=\"wp-block-paragraph\">&#8211;<em>\u201cMucha alegr\u00eda porque s\u00e9 que termin\u00f3 algo que me hizo muy feliz y culmin\u00f3 de la mejor manera posible. En el Cantoni con la gente que quiero y con la copa. Es un sue\u00f1o\u201d.<\/em><\/p>\n\n\n\n<p class=\"wp-block-paragraph\"><strong>&#8211; Para vos \u00bfQu\u00e9 fue lo m\u00e1s lindo de este mundial?<\/strong><\/p>\n\n\n\n<p class=\"wp-block-paragraph\">&#8211;\u00a0<em>\u201cPara m\u00ed lo m\u00e1s lindo fue que mi familia y amigos lo pudieran ver en vivo. Ver el apoyo de toda la gente que nos conoce desde chicas y sabe los sacrificios que hacemos para poder estar cada 2 a\u00f1os compitiendo al m\u00e1ximo nivel\u201d.<\/em><\/p>\n\n\n\n<p class=\"wp-block-paragraph\"><strong>-Respecto a tu continuidad\u00a0desde otro lugar en \u201cLas \u00c1guilas\u201d \u00bfVas a seguir en contacto con el seleccionado de hockey? \u00bfTe gustar\u00eda formar parte del cuerpo t\u00e9cnico?<\/strong><\/p>\n\n\n\n<p class=\"wp-block-paragraph\">&#8211;\u00a0<em>\u201cSeguramente seguir\u00e9 en contacto con la selecci\u00f3n, no s\u00e9 de qu\u00e9 forma todav\u00eda pero las \u00c1guilas siempre me van a tener para lo que necesiten. Ser parte del cuerpo t\u00e9cnico es algo que no me he planteado, no creo que sea una opci\u00f3n por el momento\u201d.<\/em><\/p>\n\n\n\n<p class=\"wp-block-paragraph\">Fuente: Dame Noticias<\/p>\n\n\n\n<p class=\"wp-block-paragraph\"><em><strong>\u00a1Las im\u00e1genes del emocionante momento!<\/strong><\/em><\/p>\n\n\n\n<figure class=\"wp-block-image\"><img decoding=\"async\" data-src=\"https:\/\/www.diarios-digitales.com.ar\/data\/uploads\/_generic\/ckfinder\/userfiles\/images\/adri%201.jpeg\" alt=\"\" src=\"data:image\/svg+xml;base64,PHN2ZyB3aWR0aD0iMSIgaGVpZ2h0PSIxIiB4bWxucz0iaHR0cDovL3d3dy53My5vcmcvMjAwMC9zdmciPjwvc3ZnPg==\" class=\"lazyload\" \/><\/figure>\n\n\n\n<figure class=\"wp-block-image\"><img decoding=\"async\" data-src=\"https:\/\/www.diarios-digitales.com.ar\/data\/uploads\/_generic\/ckfinder\/userfiles\/images\/adri%202.jpeg\" alt=\"\" src=\"data:image\/svg+xml;base64,PHN2ZyB3aWR0aD0iMSIgaGVpZ2h0PSIxIiB4bWxucz0iaHR0cDovL3d3dy53My5vcmcvMjAwMC9zdmciPjwvc3ZnPg==\" class=\"lazyload\" \/><\/figure>\n\n\n\n<figure class=\"wp-block-image\"><img decoding=\"async\" data-src=\"https:\/\/www.diarios-digitales.com.ar\/data\/uploads\/_generic\/ckfinder\/userfiles\/images\/adri.jpeg\" alt=\"\" src=\"data:image\/svg+xml;base64,PHN2ZyB3aWR0aD0iMSIgaGVpZ2h0PSIxIiB4bWxucz0iaHR0cDovL3d3dy53My5vcmcvMjAwMC9zdmciPjwvc3ZnPg==\" class=\"lazyload\" \/><\/figure>\n","protected":false},"excerpt":{"rendered":"<p>Luego de vencer 3 a 0 al seleccionado espa\u00f1ol y&nbsp;coronarse campeona del mundo de hockey sobre patines junto a \u201cLas \u00c1guilas\u201d,&nbsp;el pasado s\u00e1bado en el Estadio Aldo Cantoni,&nbsp;Dame Noticias&nbsp;dialog\u00f3 con una de las figuras del hockey femenino, quien se retir\u00f3 de una manera so\u00f1ada y convertida&nbsp;en una leyenda de dicho deporte. Adriana Gutierrez disput\u00f3 10 [&hellip;]<\/p>\n","protected":false},"author":5,"featured_media":17191,"comment_status":"open","ping_status":"open","sticky":false,"template":"","format":"standard","meta":{"footnotes":""},"categories":[25,178],"tags":[],"class_list":["post-17190","post","type-post","status-publish","format-standard","has-post-thumbnail","hentry","category-hockeysobrepatines","category-san-juan"],"yoast_head":"<!-- This site is optimized with the Yoast SEO plugin v28.2 - https:\/\/yoast.com\/product\/yoast-seo-wordpress\/ -->\n<title>A pura emoci\u00f3n y siendo campeona mundial se retir\u00f3 de Las \u00c1guilas Adriana Gutierrez - San Juan Deportes<\/title>\n<meta name=\"robots\" content=\"index, follow, max-snippet:-1, max-image-preview:large, max-video-preview:-1\" \/>\n<link rel=\"canonical\" href=\"https:\/\/www.sanjuandeportes.com\/wp\/2022\/11\/14\/a-pura-emocion-y-siendo-campeona-mundial-se-retiro-de-las-aguilas-adriana-gutierrez\/\" \/>\n<meta property=\"og:locale\" content=\"es_ES\" \/>\n<meta property=\"og:type\" content=\"article\" \/>\n<meta property=\"og:title\" content=\"A pura emoci\u00f3n y siendo campeona mundial se retir\u00f3 de Las \u00c1guilas Adriana Gutierrez - San Juan Deportes\" \/>\n<meta property=\"og:description\" content=\"Luego de vencer 3 a 0 al seleccionado espa\u00f1ol y&nbsp;coronarse campeona del mundo de hockey sobre patines junto a \u201cLas \u00c1guilas\u201d,&nbsp;el pasado s\u00e1bado en el Estadio Aldo Cantoni,&nbsp;Dame Noticias&nbsp;dialog\u00f3 con una de las figuras del hockey femenino, quien se retir\u00f3 de una manera so\u00f1ada y convertida&nbsp;en una leyenda de dicho deporte. Adriana Gutierrez disput\u00f3 10 [&hellip;]\" \/>\n<meta property=\"og:url\" content=\"https:\/\/www.sanjuandeportes.com\/wp\/2022\/11\/14\/a-pura-emocion-y-siendo-campeona-mundial-se-retiro-de-las-aguilas-adriana-gutierrez\/\" \/>\n<meta property=\"og:site_name\" content=\"San Juan Deportes\" \/>\n<meta property=\"article:publisher\" content=\"https:\/\/www.facebook.com\/sanjuandeportesok\" \/>\n<meta property=\"article:published_time\" content=\"2022-11-14T16:31:17+00:00\" \/>\n<meta property=\"article:modified_time\" content=\"2022-11-16T17:05:24+00:00\" \/>\n<meta property=\"og:image\" content=\"https:\/\/www.sanjuandeportes.com\/wp\/wp-content\/uploads\/2022\/11\/adriana.jpg\" \/>\n\t<meta property=\"og:image:width\" content=\"797\" \/>\n\t<meta property=\"og:image:height\" content=\"536\" \/>\n\t<meta property=\"og:image:type\" content=\"image\/jpeg\" \/>\n<meta name=\"author\" content=\"Pablo Pujado\" \/>\n<meta name=\"twitter:card\" content=\"summary_large_image\" \/>\n<meta name=\"twitter:creator\" content=\"@SanJuanDeportes\" \/>\n<meta name=\"twitter:site\" content=\"@SanJuanDeportes\" \/>\n<meta name=\"twitter:label1\" content=\"Escrito por\" \/>\n\t<meta name=\"twitter:data1\" content=\"Pablo Pujado\" \/>\n\t<meta name=\"twitter:label2\" content=\"Tiempo de lectura\" \/>\n\t<meta name=\"twitter:data2\" content=\"1 minuto\" \/>\n<script type=\"application\/ld+json\" class=\"yoast-schema-graph\">{\"@context\":\"https:\\\/\\\/schema.org\",\"@graph\":[{\"@type\":\"Article\",\"@id\":\"https:\\\/\\\/www.sanjuandeportes.com\\\/wp\\\/2022\\\/11\\\/14\\\/a-pura-emocion-y-siendo-campeona-mundial-se-retiro-de-las-aguilas-adriana-gutierrez\\\/#article\",\"isPartOf\":{\"@id\":\"https:\\\/\\\/www.sanjuandeportes.com\\\/wp\\\/2022\\\/11\\\/14\\\/a-pura-emocion-y-siendo-campeona-mundial-se-retiro-de-las-aguilas-adriana-gutierrez\\\/\"},\"author\":{\"name\":\"Pablo Pujado\",\"@id\":\"https:\\\/\\\/www.sanjuandeportes.com\\\/wp\\\/#\\\/schema\\\/person\\\/eda4d8e62a5d42b111781e3cdfcb9c3a\"},\"headline\":\"A pura emoci\u00f3n y siendo campeona mundial se retir\u00f3 de Las \u00c1guilas Adriana Gutierrez\",\"datePublished\":\"2022-11-14T16:31:17+00:00\",\"dateModified\":\"2022-11-16T17:05:24+00:00\",\"mainEntityOfPage\":{\"@id\":\"https:\\\/\\\/www.sanjuandeportes.com\\\/wp\\\/2022\\\/11\\\/14\\\/a-pura-emocion-y-siendo-campeona-mundial-se-retiro-de-las-aguilas-adriana-gutierrez\\\/\"},\"wordCount\":307,\"commentCount\":0,\"publisher\":{\"@id\":\"https:\\\/\\\/www.sanjuandeportes.com\\\/wp\\\/#organization\"},\"image\":{\"@id\":\"https:\\\/\\\/www.sanjuandeportes.com\\\/wp\\\/2022\\\/11\\\/14\\\/a-pura-emocion-y-siendo-campeona-mundial-se-retiro-de-las-aguilas-adriana-gutierrez\\\/#primaryimage\"},\"thumbnailUrl\":\"https:\\\/\\\/www.sanjuandeportes.com\\\/wp\\\/wp-content\\\/uploads\\\/2022\\\/11\\\/adriana.jpg\",\"articleSection\":[\"Hockey Sobre Patines\",\"San Juan\"],\"inLanguage\":\"es\",\"potentialAction\":[{\"@type\":\"CommentAction\",\"name\":\"Comment\",\"target\":[\"https:\\\/\\\/www.sanjuandeportes.com\\\/wp\\\/2022\\\/11\\\/14\\\/a-pura-emocion-y-siendo-campeona-mundial-se-retiro-de-las-aguilas-adriana-gutierrez\\\/#respond\"]}]},{\"@type\":\"WebPage\",\"@id\":\"https:\\\/\\\/www.sanjuandeportes.com\\\/wp\\\/2022\\\/11\\\/14\\\/a-pura-emocion-y-siendo-campeona-mundial-se-retiro-de-las-aguilas-adriana-gutierrez\\\/\",\"url\":\"https:\\\/\\\/www.sanjuandeportes.com\\\/wp\\\/2022\\\/11\\\/14\\\/a-pura-emocion-y-siendo-campeona-mundial-se-retiro-de-las-aguilas-adriana-gutierrez\\\/\",\"name\":\"A pura emoci\u00f3n y siendo campeona mundial se retir\u00f3 de Las \u00c1guilas Adriana Gutierrez - San Juan Deportes\",\"isPartOf\":{\"@id\":\"https:\\\/\\\/www.sanjuandeportes.com\\\/wp\\\/#website\"},\"primaryImageOfPage\":{\"@id\":\"https:\\\/\\\/www.sanjuandeportes.com\\\/wp\\\/2022\\\/11\\\/14\\\/a-pura-emocion-y-siendo-campeona-mundial-se-retiro-de-las-aguilas-adriana-gutierrez\\\/#primaryimage\"},\"image\":{\"@id\":\"https:\\\/\\\/www.sanjuandeportes.com\\\/wp\\\/2022\\\/11\\\/14\\\/a-pura-emocion-y-siendo-campeona-mundial-se-retiro-de-las-aguilas-adriana-gutierrez\\\/#primaryimage\"},\"thumbnailUrl\":\"https:\\\/\\\/www.sanjuandeportes.com\\\/wp\\\/wp-content\\\/uploads\\\/2022\\\/11\\\/adriana.jpg\",\"datePublished\":\"2022-11-14T16:31:17+00:00\",\"dateModified\":\"2022-11-16T17:05:24+00:00\",\"breadcrumb\":{\"@id\":\"https:\\\/\\\/www.sanjuandeportes.com\\\/wp\\\/2022\\\/11\\\/14\\\/a-pura-emocion-y-siendo-campeona-mundial-se-retiro-de-las-aguilas-adriana-gutierrez\\\/#breadcrumb\"},\"inLanguage\":\"es\",\"potentialAction\":[{\"@type\":\"ReadAction\",\"target\":[\"https:\\\/\\\/www.sanjuandeportes.com\\\/wp\\\/2022\\\/11\\\/14\\\/a-pura-emocion-y-siendo-campeona-mundial-se-retiro-de-las-aguilas-adriana-gutierrez\\\/\"]}]},{\"@type\":\"ImageObject\",\"inLanguage\":\"es\",\"@id\":\"https:\\\/\\\/www.sanjuandeportes.com\\\/wp\\\/2022\\\/11\\\/14\\\/a-pura-emocion-y-siendo-campeona-mundial-se-retiro-de-las-aguilas-adriana-gutierrez\\\/#primaryimage\",\"url\":\"https:\\\/\\\/www.sanjuandeportes.com\\\/wp\\\/wp-content\\\/uploads\\\/2022\\\/11\\\/adriana.jpg\",\"contentUrl\":\"https:\\\/\\\/www.sanjuandeportes.com\\\/wp\\\/wp-content\\\/uploads\\\/2022\\\/11\\\/adriana.jpg\",\"width\":797,\"height\":536},{\"@type\":\"BreadcrumbList\",\"@id\":\"https:\\\/\\\/www.sanjuandeportes.com\\\/wp\\\/2022\\\/11\\\/14\\\/a-pura-emocion-y-siendo-campeona-mundial-se-retiro-de-las-aguilas-adriana-gutierrez\\\/#breadcrumb\",\"itemListElement\":[{\"@type\":\"ListItem\",\"position\":1,\"name\":\"Portada\",\"item\":\"http:\\\/\\\/www.sanjuandeportes.com\\\/wp\\\/\"},{\"@type\":\"ListItem\",\"position\":2,\"name\":\"A pura emoci\u00f3n y siendo campeona mundial se retir\u00f3 de Las \u00c1guilas Adriana Gutierrez\"}]},{\"@type\":\"WebSite\",\"@id\":\"https:\\\/\\\/www.sanjuandeportes.com\\\/wp\\\/#website\",\"url\":\"https:\\\/\\\/www.sanjuandeportes.com\\\/wp\\\/\",\"name\":\"San Juan Deportes\",\"description\":\"El sitio de deportes de la provincia de San Juan\",\"publisher\":{\"@id\":\"https:\\\/\\\/www.sanjuandeportes.com\\\/wp\\\/#organization\"},\"potentialAction\":[{\"@type\":\"SearchAction\",\"target\":{\"@type\":\"EntryPoint\",\"urlTemplate\":\"https:\\\/\\\/www.sanjuandeportes.com\\\/wp\\\/?s={search_term_string}\"},\"query-input\":{\"@type\":\"PropertyValueSpecification\",\"valueRequired\":true,\"valueName\":\"search_term_string\"}}],\"inLanguage\":\"es\"},{\"@type\":\"Organization\",\"@id\":\"https:\\\/\\\/www.sanjuandeportes.com\\\/wp\\\/#organization\",\"name\":\"San Juan Deportes\",\"url\":\"https:\\\/\\\/www.sanjuandeportes.com\\\/wp\\\/\",\"logo\":{\"@type\":\"ImageObject\",\"inLanguage\":\"es\",\"@id\":\"https:\\\/\\\/www.sanjuandeportes.com\\\/wp\\\/#\\\/schema\\\/logo\\\/image\\\/\",\"url\":\"https:\\\/\\\/www.sanjuandeportes.com\\\/wp\\\/wp-content\\\/uploads\\\/unnamed.jpg\",\"contentUrl\":\"https:\\\/\\\/www.sanjuandeportes.com\\\/wp\\\/wp-content\\\/uploads\\\/unnamed.jpg\",\"width\":900,\"height\":900,\"caption\":\"San Juan Deportes\"},\"image\":{\"@id\":\"https:\\\/\\\/www.sanjuandeportes.com\\\/wp\\\/#\\\/schema\\\/logo\\\/image\\\/\"},\"sameAs\":[\"https:\\\/\\\/www.facebook.com\\\/sanjuandeportesok\",\"https:\\\/\\\/x.com\\\/SanJuanDeportes\",\"https:\\\/\\\/www.instagram.com\\\/sanjuandeportes\"]},{\"@type\":\"Person\",\"@id\":\"https:\\\/\\\/www.sanjuandeportes.com\\\/wp\\\/#\\\/schema\\\/person\\\/eda4d8e62a5d42b111781e3cdfcb9c3a\",\"name\":\"Pablo Pujado\",\"image\":{\"@type\":\"ImageObject\",\"inLanguage\":\"es\",\"@id\":\"https:\\\/\\\/secure.gravatar.com\\\/avatar\\\/310b69d28112912c333408a462a9837208de951b1e7c11514781740412f648b1?s=96&d=mm&r=g\",\"url\":\"https:\\\/\\\/secure.gravatar.com\\\/avatar\\\/310b69d28112912c333408a462a9837208de951b1e7c11514781740412f648b1?s=96&d=mm&r=g\",\"contentUrl\":\"https:\\\/\\\/secure.gravatar.com\\\/avatar\\\/310b69d28112912c333408a462a9837208de951b1e7c11514781740412f648b1?s=96&d=mm&r=g\",\"caption\":\"Pablo Pujado\"},\"url\":\"https:\\\/\\\/www.sanjuandeportes.com\\\/wp\\\/author\\\/pablo-pujado\\\/\"}]}<\/script>\n<!-- \/ Yoast SEO plugin. -->","yoast_head_json":{"title":"A pura emoci\u00f3n y siendo campeona mundial se retir\u00f3 de Las \u00c1guilas Adriana Gutierrez - San Juan Deportes","robots":{"index":"index","follow":"follow","max-snippet":"max-snippet:-1","max-image-preview":"max-image-preview:large","max-video-preview":"max-video-preview:-1"},"canonical":"https:\/\/www.sanjuandeportes.com\/wp\/2022\/11\/14\/a-pura-emocion-y-siendo-campeona-mundial-se-retiro-de-las-aguilas-adriana-gutierrez\/","og_locale":"es_ES","og_type":"article","og_title":"A pura emoci\u00f3n y siendo campeona mundial se retir\u00f3 de Las \u00c1guilas Adriana Gutierrez - San Juan Deportes","og_description":"Luego de vencer 3 a 0 al seleccionado espa\u00f1ol y&nbsp;coronarse campeona del mundo de hockey sobre patines junto a \u201cLas \u00c1guilas\u201d,&nbsp;el pasado s\u00e1bado en el Estadio Aldo Cantoni,&nbsp;Dame Noticias&nbsp;dialog\u00f3 con una de las figuras del hockey femenino, quien se retir\u00f3 de una manera so\u00f1ada y convertida&nbsp;en una leyenda de dicho deporte. Adriana Gutierrez disput\u00f3 10 [&hellip;]","og_url":"https:\/\/www.sanjuandeportes.com\/wp\/2022\/11\/14\/a-pura-emocion-y-siendo-campeona-mundial-se-retiro-de-las-aguilas-adriana-gutierrez\/","og_site_name":"San Juan Deportes","article_publisher":"https:\/\/www.facebook.com\/sanjuandeportesok","article_published_time":"2022-11-14T16:31:17+00:00","article_modified_time":"2022-11-16T17:05:24+00:00","og_image":[{"width":797,"height":536,"url":"https:\/\/www.sanjuandeportes.com\/wp\/wp-content\/uploads\/2022\/11\/adriana.jpg","type":"image\/jpeg"}],"author":"Pablo Pujado","twitter_card":"summary_large_image","twitter_creator":"@SanJuanDeportes","twitter_site":"@SanJuanDeportes","twitter_misc":{"Escrito por":"Pablo Pujado","Tiempo de lectura":"1 minuto"},"schema":{"@context":"https:\/\/schema.org","@graph":[{"@type":"Article","@id":"https:\/\/www.sanjuandeportes.com\/wp\/2022\/11\/14\/a-pura-emocion-y-siendo-campeona-mundial-se-retiro-de-las-aguilas-adriana-gutierrez\/#article","isPartOf":{"@id":"https:\/\/www.sanjuandeportes.com\/wp\/2022\/11\/14\/a-pura-emocion-y-siendo-campeona-mundial-se-retiro-de-las-aguilas-adriana-gutierrez\/"},"author":{"name":"Pablo Pujado","@id":"https:\/\/www.sanjuandeportes.com\/wp\/#\/schema\/person\/eda4d8e62a5d42b111781e3cdfcb9c3a"},"headline":"A pura emoci\u00f3n y siendo campeona mundial se retir\u00f3 de Las \u00c1guilas Adriana Gutierrez","datePublished":"2022-11-14T16:31:17+00:00","dateModified":"2022-11-16T17:05:24+00:00","mainEntityOfPage":{"@id":"https:\/\/www.sanjuandeportes.com\/wp\/2022\/11\/14\/a-pura-emocion-y-siendo-campeona-mundial-se-retiro-de-las-aguilas-adriana-gutierrez\/"},"wordCount":307,"commentCount":0,"publisher":{"@id":"https:\/\/www.sanjuandeportes.com\/wp\/#organization"},"image":{"@id":"https:\/\/www.sanjuandeportes.com\/wp\/2022\/11\/14\/a-pura-emocion-y-siendo-campeona-mundial-se-retiro-de-las-aguilas-adriana-gutierrez\/#primaryimage"},"thumbnailUrl":"https:\/\/www.sanjuandeportes.com\/wp\/wp-content\/uploads\/2022\/11\/adriana.jpg","articleSection":["Hockey Sobre Patines","San Juan"],"inLanguage":"es","potentialAction":[{"@type":"CommentAction","name":"Comment","target":["https:\/\/www.sanjuandeportes.com\/wp\/2022\/11\/14\/a-pura-emocion-y-siendo-campeona-mundial-se-retiro-de-las-aguilas-adriana-gutierrez\/#respond"]}]},{"@type":"WebPage","@id":"https:\/\/www.sanjuandeportes.com\/wp\/2022\/11\/14\/a-pura-emocion-y-siendo-campeona-mundial-se-retiro-de-las-aguilas-adriana-gutierrez\/","url":"https:\/\/www.sanjuandeportes.com\/wp\/2022\/11\/14\/a-pura-emocion-y-siendo-campeona-mundial-se-retiro-de-las-aguilas-adriana-gutierrez\/","name":"A pura emoci\u00f3n y siendo campeona mundial se retir\u00f3 de Las \u00c1guilas Adriana Gutierrez - San Juan Deportes","isPartOf":{"@id":"https:\/\/www.sanjuandeportes.com\/wp\/#website"},"primaryImageOfPage":{"@id":"https:\/\/www.sanjuandeportes.com\/wp\/2022\/11\/14\/a-pura-emocion-y-siendo-campeona-mundial-se-retiro-de-las-aguilas-adriana-gutierrez\/#primaryimage"},"image":{"@id":"https:\/\/www.sanjuandeportes.com\/wp\/2022\/11\/14\/a-pura-emocion-y-siendo-campeona-mundial-se-retiro-de-las-aguilas-adriana-gutierrez\/#primaryimage"},"thumbnailUrl":"https:\/\/www.sanjuandeportes.com\/wp\/wp-content\/uploads\/2022\/11\/adriana.jpg","datePublished":"2022-11-14T16:31:17+00:00","dateModified":"2022-11-16T17:05:24+00:00","breadcrumb":{"@id":"https:\/\/www.sanjuandeportes.com\/wp\/2022\/11\/14\/a-pura-emocion-y-siendo-campeona-mundial-se-retiro-de-las-aguilas-adriana-gutierrez\/#breadcrumb"},"inLanguage":"es","potentialAction":[{"@type":"ReadAction","target":["https:\/\/www.sanjuandeportes.com\/wp\/2022\/11\/14\/a-pura-emocion-y-siendo-campeona-mundial-se-retiro-de-las-aguilas-adriana-gutierrez\/"]}]},{"@type":"ImageObject","inLanguage":"es","@id":"https:\/\/www.sanjuandeportes.com\/wp\/2022\/11\/14\/a-pura-emocion-y-siendo-campeona-mundial-se-retiro-de-las-aguilas-adriana-gutierrez\/#primaryimage","url":"https:\/\/www.sanjuandeportes.com\/wp\/wp-content\/uploads\/2022\/11\/adriana.jpg","contentUrl":"https:\/\/www.sanjuandeportes.com\/wp\/wp-content\/uploads\/2022\/11\/adriana.jpg","width":797,"height":536},{"@type":"BreadcrumbList","@id":"https:\/\/www.sanjuandeportes.com\/wp\/2022\/11\/14\/a-pura-emocion-y-siendo-campeona-mundial-se-retiro-de-las-aguilas-adriana-gutierrez\/#breadcrumb","itemListElement":[{"@type":"ListItem","position":1,"name":"Portada","item":"http:\/\/www.sanjuandeportes.com\/wp\/"},{"@type":"ListItem","position":2,"name":"A pura emoci\u00f3n y siendo campeona mundial se retir\u00f3 de Las \u00c1guilas Adriana Gutierrez"}]},{"@type":"WebSite","@id":"https:\/\/www.sanjuandeportes.com\/wp\/#website","url":"https:\/\/www.sanjuandeportes.com\/wp\/","name":"San Juan Deportes","description":"El sitio de deportes de la provincia de San Juan","publisher":{"@id":"https:\/\/www.sanjuandeportes.com\/wp\/#organization"},"potentialAction":[{"@type":"SearchAction","target":{"@type":"EntryPoint","urlTemplate":"https:\/\/www.sanjuandeportes.com\/wp\/?s={search_term_string}"},"query-input":{"@type":"PropertyValueSpecification","valueRequired":true,"valueName":"search_term_string"}}],"inLanguage":"es"},{"@type":"Organization","@id":"https:\/\/www.sanjuandeportes.com\/wp\/#organization","name":"San Juan Deportes","url":"https:\/\/www.sanjuandeportes.com\/wp\/","logo":{"@type":"ImageObject","inLanguage":"es","@id":"https:\/\/www.sanjuandeportes.com\/wp\/#\/schema\/logo\/image\/","url":"https:\/\/www.sanjuandeportes.com\/wp\/wp-content\/uploads\/unnamed.jpg","contentUrl":"https:\/\/www.sanjuandeportes.com\/wp\/wp-content\/uploads\/unnamed.jpg","width":900,"height":900,"caption":"San Juan Deportes"},"image":{"@id":"https:\/\/www.sanjuandeportes.com\/wp\/#\/schema\/logo\/image\/"},"sameAs":["https:\/\/www.facebook.com\/sanjuandeportesok","https:\/\/x.com\/SanJuanDeportes","https:\/\/www.instagram.com\/sanjuandeportes"]},{"@type":"Person","@id":"https:\/\/www.sanjuandeportes.com\/wp\/#\/schema\/person\/eda4d8e62a5d42b111781e3cdfcb9c3a","name":"Pablo Pujado","image":{"@type":"ImageObject","inLanguage":"es","@id":"https:\/\/secure.gravatar.com\/avatar\/310b69d28112912c333408a462a9837208de951b1e7c11514781740412f648b1?s=96&d=mm&r=g","url":"https:\/\/secure.gravatar.com\/avatar\/310b69d28112912c333408a462a9837208de951b1e7c11514781740412f648b1?s=96&d=mm&r=g","contentUrl":"https:\/\/secure.gravatar.com\/avatar\/310b69d28112912c333408a462a9837208de951b1e7c11514781740412f648b1?s=96&d=mm&r=g","caption":"Pablo Pujado"},"url":"https:\/\/www.sanjuandeportes.com\/wp\/author\/pablo-pujado\/"}]}},"_links":{"self":[{"href":"https:\/\/www.sanjuandeportes.com\/wp\/wp-json\/wp\/v2\/posts\/17190","targetHints":{"allow":["GET"]}}],"collection":[{"href":"https:\/\/www.sanjuandeportes.com\/wp\/wp-json\/wp\/v2\/posts"}],"about":[{"href":"https:\/\/www.sanjuandeportes.com\/wp\/wp-json\/wp\/v2\/types\/post"}],"author":[{"embeddable":true,"href":"https:\/\/www.sanjuandeportes.com\/wp\/wp-json\/wp\/v2\/users\/5"}],"replies":[{"embeddable":true,"href":"https:\/\/www.sanjuandeportes.com\/wp\/wp-json\/wp\/v2\/comments?post=17190"}],"version-history":[{"count":1,"href":"https:\/\/www.sanjuandeportes.com\/wp\/wp-json\/wp\/v2\/posts\/17190\/revisions"}],"predecessor-version":[{"id":17192,"href":"https:\/\/www.sanjuandeportes.com\/wp\/wp-json\/wp\/v2\/posts\/17190\/revisions\/17192"}],"wp:featuredmedia":[{"embeddable":true,"href":"https:\/\/www.sanjuandeportes.com\/wp\/wp-json\/wp\/v2\/media\/17191"}],"wp:attachment":[{"href":"https:\/\/www.sanjuandeportes.com\/wp\/wp-json\/wp\/v2\/media?parent=17190"}],"wp:term":[{"taxonomy":"category","embeddable":true,"href":"https:\/\/www.sanjuandeportes.com\/wp\/wp-json\/wp\/v2\/categories?post=17190"},{"taxonomy":"post_tag","embeddable":true,"href":"https:\/\/www.sanjuandeportes.com\/wp\/wp-json\/wp\/v2\/tags?post=17190"}],"curies":[{"name":"wp","href":"https:\/\/api.w.org\/{rel}","templated":true}]}}