{"id":17586,"date":"2023-01-19T13:06:43","date_gmt":"2023-01-19T16:06:43","guid":{"rendered":"http:\/\/www.sanjuandeportes.com\/wp\/?p=17586"},"modified":"2023-01-22T13:50:02","modified_gmt":"2023-01-22T16:50:02","slug":"equipos-sanjuaninos-se-preparan-para-la-liga-federal-de-voleibol","status":"publish","type":"post","link":"https:\/\/www.sanjuandeportes.com\/wp\/2023\/01\/19\/equipos-sanjuaninos-se-preparan-para-la-liga-federal-de-voleibol\/","title":{"rendered":"Equipos sanjuaninos se preparan para la Liga Federal de V\u00f3leibol"},"content":{"rendered":"\n<p class=\"wp-block-paragraph\"><strong><em>Se realizar\u00e1 del 6 al 15 de febrero en Santiago del Estero y entre 42 equipos de ambas ramas participar\u00e1n cuatro representantes de la provincia<\/em><\/strong><\/p>\n\n\n\n<p class=\"wp-block-paragraph\">A poco menos de un mes de iniciar la Liga Federal de Voleibol, se confirmaron a cuatro equipos sanjuaninos que participar\u00e1n del 6 al 15 de febrero en Santiago del Estero. El torneo reunir\u00e1 a 42 equipos en total, de los cuales 22 corresponden a la rama femenina, divididos en dos zonas de cinco clubes y dos de seis y 20 en la masculina, distribuidos en cuatro zonas de cinco equipos cada una.<\/p>\n\n\n\n<p class=\"wp-block-paragraph\">FeVA, Federaci\u00f3n del Voleibol Argentino, es el organizador y fiscalizador de la competencia, que en esta edici\u00f3n 2023 cuenta con la participaci\u00f3n de Banco Hispano en ambas ramas, y de CoDeBa y Ausonia en rama masculina.<\/p>\n\n\n\n<p class=\"wp-block-paragraph\">La zona B femenina es la que le toc\u00f3 a las chicas de Banco Hispano entrenadas por Duilio Ventimiglia. Compartir\u00e1n grupo de seis clubes y enfrentar\u00e1n a Ateneo V\u00f3ley de Santiago del Estero, \u00fanico equipo local, V\u00e9lez Sarsfield de Bueno Aires, Armon\u00eda de Col\u00f3n, Entre R\u00edos, San Isidro de San Francisco, C\u00f3rdoba y Ateneo de Catamarca.<\/p>\n\n\n\n<p class=\"wp-block-paragraph\">Entre los varones, Hispano dirigido por Roberto Alos, se medir\u00e1 en la Zona 1 con los locales de Quimsa, Municipalidad de Marcos Paz, C\u00f3rdoba, Villa Dora de Santa Fe y el IMC-C\u00f3rdoba V\u00f3ley. En la zona 3 se encuentra CoDeBa y enfrentar\u00e1 a Municipalidad de Lomas de Zamora, Belgrano de Buenos Aires, Lafinur de San Luis y Ateneo de Catamarca. Finalmente, Ausonia comandado por el profesor Ariel Fachinelli, se medir\u00e1 en la zona 4 con los locales de Ol\u00edmpico de La Banda, Echag\u00fce de Paran\u00e1 Entre R\u00edos, V\u00e9lez Sarsfield de Buenos Aires y Racing Castex de La Pampa.<\/p>\n\n\n\n<p class=\"wp-block-paragraph\">Los equipos llegar\u00e1n el 6 de febrero a Santiago, para comenzar a competir al d\u00eda siguiente, todos contra todos en la fase regular de cada zona, clasificando a los dos mejores por zona a cuartos de final. El torneo se define el mi\u00e9rcoles 15 de febrero.<\/p>\n","protected":false},"excerpt":{"rendered":"<p>Se realizar\u00e1 del 6 al 15 de febrero en Santiago del Estero y entre 42 equipos de ambas ramas participar\u00e1n cuatro representantes de la provincia A poco menos de un mes de iniciar la Liga Federal de Voleibol, se confirmaron a cuatro equipos sanjuaninos que participar\u00e1n del 6 al 15 de febrero en Santiago del [&hellip;]<\/p>\n","protected":false},"author":5,"featured_media":17587,"comment_status":"open","ping_status":"open","sticky":false,"template":"","format":"standard","meta":{"footnotes":""},"categories":[178,34],"tags":[],"class_list":["post-17586","post","type-post","status-publish","format-standard","has-post-thumbnail","hentry","category-san-juan","category-voley"],"yoast_head":"<!-- This site is optimized with the Yoast SEO plugin v28.2 - https:\/\/yoast.com\/product\/yoast-seo-wordpress\/ -->\n<title>Equipos sanjuaninos se preparan para la Liga Federal de V\u00f3leibol - San Juan Deportes<\/title>\n<meta name=\"robots\" content=\"index, follow, max-snippet:-1, max-image-preview:large, max-video-preview:-1\" \/>\n<link rel=\"canonical\" href=\"https:\/\/www.sanjuandeportes.com\/wp\/2023\/01\/19\/equipos-sanjuaninos-se-preparan-para-la-liga-federal-de-voleibol\/\" \/>\n<meta property=\"og:locale\" content=\"es_ES\" \/>\n<meta property=\"og:type\" content=\"article\" \/>\n<meta property=\"og:title\" content=\"Equipos sanjuaninos se preparan para la Liga Federal de V\u00f3leibol - San Juan Deportes\" \/>\n<meta property=\"og:description\" content=\"Se realizar\u00e1 del 6 al 15 de febrero en Santiago del Estero y entre 42 equipos de ambas ramas participar\u00e1n cuatro representantes de la provincia A poco menos de un mes de iniciar la Liga Federal de Voleibol, se confirmaron a cuatro equipos sanjuaninos que participar\u00e1n del 6 al 15 de febrero en Santiago del [&hellip;]\" \/>\n<meta property=\"og:url\" content=\"https:\/\/www.sanjuandeportes.com\/wp\/2023\/01\/19\/equipos-sanjuaninos-se-preparan-para-la-liga-federal-de-voleibol\/\" \/>\n<meta property=\"og:site_name\" content=\"San Juan Deportes\" \/>\n<meta property=\"article:publisher\" content=\"https:\/\/www.facebook.com\/sanjuandeportesok\" \/>\n<meta property=\"article:published_time\" content=\"2023-01-19T16:06:43+00:00\" \/>\n<meta property=\"article:modified_time\" content=\"2023-01-22T16:50:02+00:00\" \/>\n<meta property=\"og:image\" content=\"https:\/\/www.sanjuandeportes.com\/wp\/wp-content\/uploads\/2023\/01\/20441245b249a7b98a3c90e77e721740_L.jpg\" \/>\n\t<meta property=\"og:image:width\" content=\"782\" \/>\n\t<meta property=\"og:image:height\" content=\"464\" \/>\n\t<meta property=\"og:image:type\" content=\"image\/jpeg\" \/>\n<meta name=\"author\" content=\"Pablo Pujado\" \/>\n<meta name=\"twitter:card\" content=\"summary_large_image\" \/>\n<meta name=\"twitter:creator\" content=\"@SanJuanDeportes\" \/>\n<meta name=\"twitter:site\" content=\"@SanJuanDeportes\" \/>\n<meta name=\"twitter:label1\" content=\"Escrito por\" \/>\n\t<meta name=\"twitter:data1\" content=\"Pablo Pujado\" \/>\n\t<meta name=\"twitter:label2\" content=\"Tiempo de lectura\" \/>\n\t<meta name=\"twitter:data2\" content=\"2 minutos\" \/>\n<script type=\"application\/ld+json\" class=\"yoast-schema-graph\">{\"@context\":\"https:\\\/\\\/schema.org\",\"@graph\":[{\"@type\":\"Article\",\"@id\":\"https:\\\/\\\/www.sanjuandeportes.com\\\/wp\\\/2023\\\/01\\\/19\\\/equipos-sanjuaninos-se-preparan-para-la-liga-federal-de-voleibol\\\/#article\",\"isPartOf\":{\"@id\":\"https:\\\/\\\/www.sanjuandeportes.com\\\/wp\\\/2023\\\/01\\\/19\\\/equipos-sanjuaninos-se-preparan-para-la-liga-federal-de-voleibol\\\/\"},\"author\":{\"name\":\"Pablo Pujado\",\"@id\":\"https:\\\/\\\/www.sanjuandeportes.com\\\/wp\\\/#\\\/schema\\\/person\\\/eda4d8e62a5d42b111781e3cdfcb9c3a\"},\"headline\":\"Equipos sanjuaninos se preparan para la Liga Federal de V\u00f3leibol\",\"datePublished\":\"2023-01-19T16:06:43+00:00\",\"dateModified\":\"2023-01-22T16:50:02+00:00\",\"mainEntityOfPage\":{\"@id\":\"https:\\\/\\\/www.sanjuandeportes.com\\\/wp\\\/2023\\\/01\\\/19\\\/equipos-sanjuaninos-se-preparan-para-la-liga-federal-de-voleibol\\\/\"},\"wordCount\":354,\"commentCount\":0,\"publisher\":{\"@id\":\"https:\\\/\\\/www.sanjuandeportes.com\\\/wp\\\/#organization\"},\"image\":{\"@id\":\"https:\\\/\\\/www.sanjuandeportes.com\\\/wp\\\/2023\\\/01\\\/19\\\/equipos-sanjuaninos-se-preparan-para-la-liga-federal-de-voleibol\\\/#primaryimage\"},\"thumbnailUrl\":\"https:\\\/\\\/www.sanjuandeportes.com\\\/wp\\\/wp-content\\\/uploads\\\/2023\\\/01\\\/20441245b249a7b98a3c90e77e721740_L.jpg\",\"articleSection\":[\"San Juan\",\"Voley\"],\"inLanguage\":\"es\",\"potentialAction\":[{\"@type\":\"CommentAction\",\"name\":\"Comment\",\"target\":[\"https:\\\/\\\/www.sanjuandeportes.com\\\/wp\\\/2023\\\/01\\\/19\\\/equipos-sanjuaninos-se-preparan-para-la-liga-federal-de-voleibol\\\/#respond\"]}]},{\"@type\":\"WebPage\",\"@id\":\"https:\\\/\\\/www.sanjuandeportes.com\\\/wp\\\/2023\\\/01\\\/19\\\/equipos-sanjuaninos-se-preparan-para-la-liga-federal-de-voleibol\\\/\",\"url\":\"https:\\\/\\\/www.sanjuandeportes.com\\\/wp\\\/2023\\\/01\\\/19\\\/equipos-sanjuaninos-se-preparan-para-la-liga-federal-de-voleibol\\\/\",\"name\":\"Equipos sanjuaninos se preparan para la Liga Federal de V\u00f3leibol - San Juan Deportes\",\"isPartOf\":{\"@id\":\"https:\\\/\\\/www.sanjuandeportes.com\\\/wp\\\/#website\"},\"primaryImageOfPage\":{\"@id\":\"https:\\\/\\\/www.sanjuandeportes.com\\\/wp\\\/2023\\\/01\\\/19\\\/equipos-sanjuaninos-se-preparan-para-la-liga-federal-de-voleibol\\\/#primaryimage\"},\"image\":{\"@id\":\"https:\\\/\\\/www.sanjuandeportes.com\\\/wp\\\/2023\\\/01\\\/19\\\/equipos-sanjuaninos-se-preparan-para-la-liga-federal-de-voleibol\\\/#primaryimage\"},\"thumbnailUrl\":\"https:\\\/\\\/www.sanjuandeportes.com\\\/wp\\\/wp-content\\\/uploads\\\/2023\\\/01\\\/20441245b249a7b98a3c90e77e721740_L.jpg\",\"datePublished\":\"2023-01-19T16:06:43+00:00\",\"dateModified\":\"2023-01-22T16:50:02+00:00\",\"breadcrumb\":{\"@id\":\"https:\\\/\\\/www.sanjuandeportes.com\\\/wp\\\/2023\\\/01\\\/19\\\/equipos-sanjuaninos-se-preparan-para-la-liga-federal-de-voleibol\\\/#breadcrumb\"},\"inLanguage\":\"es\",\"potentialAction\":[{\"@type\":\"ReadAction\",\"target\":[\"https:\\\/\\\/www.sanjuandeportes.com\\\/wp\\\/2023\\\/01\\\/19\\\/equipos-sanjuaninos-se-preparan-para-la-liga-federal-de-voleibol\\\/\"]}]},{\"@type\":\"ImageObject\",\"inLanguage\":\"es\",\"@id\":\"https:\\\/\\\/www.sanjuandeportes.com\\\/wp\\\/2023\\\/01\\\/19\\\/equipos-sanjuaninos-se-preparan-para-la-liga-federal-de-voleibol\\\/#primaryimage\",\"url\":\"https:\\\/\\\/www.sanjuandeportes.com\\\/wp\\\/wp-content\\\/uploads\\\/2023\\\/01\\\/20441245b249a7b98a3c90e77e721740_L.jpg\",\"contentUrl\":\"https:\\\/\\\/www.sanjuandeportes.com\\\/wp\\\/wp-content\\\/uploads\\\/2023\\\/01\\\/20441245b249a7b98a3c90e77e721740_L.jpg\",\"width\":782,\"height\":464},{\"@type\":\"BreadcrumbList\",\"@id\":\"https:\\\/\\\/www.sanjuandeportes.com\\\/wp\\\/2023\\\/01\\\/19\\\/equipos-sanjuaninos-se-preparan-para-la-liga-federal-de-voleibol\\\/#breadcrumb\",\"itemListElement\":[{\"@type\":\"ListItem\",\"position\":1,\"name\":\"Portada\",\"item\":\"http:\\\/\\\/www.sanjuandeportes.com\\\/wp\\\/\"},{\"@type\":\"ListItem\",\"position\":2,\"name\":\"Equipos sanjuaninos se preparan para la Liga Federal de V\u00f3leibol\"}]},{\"@type\":\"WebSite\",\"@id\":\"https:\\\/\\\/www.sanjuandeportes.com\\\/wp\\\/#website\",\"url\":\"https:\\\/\\\/www.sanjuandeportes.com\\\/wp\\\/\",\"name\":\"San Juan Deportes\",\"description\":\"El sitio de deportes de la provincia de San Juan\",\"publisher\":{\"@id\":\"https:\\\/\\\/www.sanjuandeportes.com\\\/wp\\\/#organization\"},\"potentialAction\":[{\"@type\":\"SearchAction\",\"target\":{\"@type\":\"EntryPoint\",\"urlTemplate\":\"https:\\\/\\\/www.sanjuandeportes.com\\\/wp\\\/?s={search_term_string}\"},\"query-input\":{\"@type\":\"PropertyValueSpecification\",\"valueRequired\":true,\"valueName\":\"search_term_string\"}}],\"inLanguage\":\"es\"},{\"@type\":\"Organization\",\"@id\":\"https:\\\/\\\/www.sanjuandeportes.com\\\/wp\\\/#organization\",\"name\":\"San Juan Deportes\",\"url\":\"https:\\\/\\\/www.sanjuandeportes.com\\\/wp\\\/\",\"logo\":{\"@type\":\"ImageObject\",\"inLanguage\":\"es\",\"@id\":\"https:\\\/\\\/www.sanjuandeportes.com\\\/wp\\\/#\\\/schema\\\/logo\\\/image\\\/\",\"url\":\"https:\\\/\\\/www.sanjuandeportes.com\\\/wp\\\/wp-content\\\/uploads\\\/unnamed.jpg\",\"contentUrl\":\"https:\\\/\\\/www.sanjuandeportes.com\\\/wp\\\/wp-content\\\/uploads\\\/unnamed.jpg\",\"width\":900,\"height\":900,\"caption\":\"San Juan Deportes\"},\"image\":{\"@id\":\"https:\\\/\\\/www.sanjuandeportes.com\\\/wp\\\/#\\\/schema\\\/logo\\\/image\\\/\"},\"sameAs\":[\"https:\\\/\\\/www.facebook.com\\\/sanjuandeportesok\",\"https:\\\/\\\/x.com\\\/SanJuanDeportes\",\"https:\\\/\\\/www.instagram.com\\\/sanjuandeportes\"]},{\"@type\":\"Person\",\"@id\":\"https:\\\/\\\/www.sanjuandeportes.com\\\/wp\\\/#\\\/schema\\\/person\\\/eda4d8e62a5d42b111781e3cdfcb9c3a\",\"name\":\"Pablo Pujado\",\"image\":{\"@type\":\"ImageObject\",\"inLanguage\":\"es\",\"@id\":\"https:\\\/\\\/secure.gravatar.com\\\/avatar\\\/310b69d28112912c333408a462a9837208de951b1e7c11514781740412f648b1?s=96&d=mm&r=g\",\"url\":\"https:\\\/\\\/secure.gravatar.com\\\/avatar\\\/310b69d28112912c333408a462a9837208de951b1e7c11514781740412f648b1?s=96&d=mm&r=g\",\"contentUrl\":\"https:\\\/\\\/secure.gravatar.com\\\/avatar\\\/310b69d28112912c333408a462a9837208de951b1e7c11514781740412f648b1?s=96&d=mm&r=g\",\"caption\":\"Pablo Pujado\"},\"url\":\"https:\\\/\\\/www.sanjuandeportes.com\\\/wp\\\/author\\\/pablo-pujado\\\/\"}]}<\/script>\n<!-- \/ Yoast SEO plugin. -->","yoast_head_json":{"title":"Equipos sanjuaninos se preparan para la Liga Federal de V\u00f3leibol - San Juan Deportes","robots":{"index":"index","follow":"follow","max-snippet":"max-snippet:-1","max-image-preview":"max-image-preview:large","max-video-preview":"max-video-preview:-1"},"canonical":"https:\/\/www.sanjuandeportes.com\/wp\/2023\/01\/19\/equipos-sanjuaninos-se-preparan-para-la-liga-federal-de-voleibol\/","og_locale":"es_ES","og_type":"article","og_title":"Equipos sanjuaninos se preparan para la Liga Federal de V\u00f3leibol - San Juan Deportes","og_description":"Se realizar\u00e1 del 6 al 15 de febrero en Santiago del Estero y entre 42 equipos de ambas ramas participar\u00e1n cuatro representantes de la provincia A poco menos de un mes de iniciar la Liga Federal de Voleibol, se confirmaron a cuatro equipos sanjuaninos que participar\u00e1n del 6 al 15 de febrero en Santiago del [&hellip;]","og_url":"https:\/\/www.sanjuandeportes.com\/wp\/2023\/01\/19\/equipos-sanjuaninos-se-preparan-para-la-liga-federal-de-voleibol\/","og_site_name":"San Juan Deportes","article_publisher":"https:\/\/www.facebook.com\/sanjuandeportesok","article_published_time":"2023-01-19T16:06:43+00:00","article_modified_time":"2023-01-22T16:50:02+00:00","og_image":[{"width":782,"height":464,"url":"https:\/\/www.sanjuandeportes.com\/wp\/wp-content\/uploads\/2023\/01\/20441245b249a7b98a3c90e77e721740_L.jpg","type":"image\/jpeg"}],"author":"Pablo Pujado","twitter_card":"summary_large_image","twitter_creator":"@SanJuanDeportes","twitter_site":"@SanJuanDeportes","twitter_misc":{"Escrito por":"Pablo Pujado","Tiempo de lectura":"2 minutos"},"schema":{"@context":"https:\/\/schema.org","@graph":[{"@type":"Article","@id":"https:\/\/www.sanjuandeportes.com\/wp\/2023\/01\/19\/equipos-sanjuaninos-se-preparan-para-la-liga-federal-de-voleibol\/#article","isPartOf":{"@id":"https:\/\/www.sanjuandeportes.com\/wp\/2023\/01\/19\/equipos-sanjuaninos-se-preparan-para-la-liga-federal-de-voleibol\/"},"author":{"name":"Pablo Pujado","@id":"https:\/\/www.sanjuandeportes.com\/wp\/#\/schema\/person\/eda4d8e62a5d42b111781e3cdfcb9c3a"},"headline":"Equipos sanjuaninos se preparan para la Liga Federal de V\u00f3leibol","datePublished":"2023-01-19T16:06:43+00:00","dateModified":"2023-01-22T16:50:02+00:00","mainEntityOfPage":{"@id":"https:\/\/www.sanjuandeportes.com\/wp\/2023\/01\/19\/equipos-sanjuaninos-se-preparan-para-la-liga-federal-de-voleibol\/"},"wordCount":354,"commentCount":0,"publisher":{"@id":"https:\/\/www.sanjuandeportes.com\/wp\/#organization"},"image":{"@id":"https:\/\/www.sanjuandeportes.com\/wp\/2023\/01\/19\/equipos-sanjuaninos-se-preparan-para-la-liga-federal-de-voleibol\/#primaryimage"},"thumbnailUrl":"https:\/\/www.sanjuandeportes.com\/wp\/wp-content\/uploads\/2023\/01\/20441245b249a7b98a3c90e77e721740_L.jpg","articleSection":["San Juan","Voley"],"inLanguage":"es","potentialAction":[{"@type":"CommentAction","name":"Comment","target":["https:\/\/www.sanjuandeportes.com\/wp\/2023\/01\/19\/equipos-sanjuaninos-se-preparan-para-la-liga-federal-de-voleibol\/#respond"]}]},{"@type":"WebPage","@id":"https:\/\/www.sanjuandeportes.com\/wp\/2023\/01\/19\/equipos-sanjuaninos-se-preparan-para-la-liga-federal-de-voleibol\/","url":"https:\/\/www.sanjuandeportes.com\/wp\/2023\/01\/19\/equipos-sanjuaninos-se-preparan-para-la-liga-federal-de-voleibol\/","name":"Equipos sanjuaninos se preparan para la Liga Federal de V\u00f3leibol - San Juan Deportes","isPartOf":{"@id":"https:\/\/www.sanjuandeportes.com\/wp\/#website"},"primaryImageOfPage":{"@id":"https:\/\/www.sanjuandeportes.com\/wp\/2023\/01\/19\/equipos-sanjuaninos-se-preparan-para-la-liga-federal-de-voleibol\/#primaryimage"},"image":{"@id":"https:\/\/www.sanjuandeportes.com\/wp\/2023\/01\/19\/equipos-sanjuaninos-se-preparan-para-la-liga-federal-de-voleibol\/#primaryimage"},"thumbnailUrl":"https:\/\/www.sanjuandeportes.com\/wp\/wp-content\/uploads\/2023\/01\/20441245b249a7b98a3c90e77e721740_L.jpg","datePublished":"2023-01-19T16:06:43+00:00","dateModified":"2023-01-22T16:50:02+00:00","breadcrumb":{"@id":"https:\/\/www.sanjuandeportes.com\/wp\/2023\/01\/19\/equipos-sanjuaninos-se-preparan-para-la-liga-federal-de-voleibol\/#breadcrumb"},"inLanguage":"es","potentialAction":[{"@type":"ReadAction","target":["https:\/\/www.sanjuandeportes.com\/wp\/2023\/01\/19\/equipos-sanjuaninos-se-preparan-para-la-liga-federal-de-voleibol\/"]}]},{"@type":"ImageObject","inLanguage":"es","@id":"https:\/\/www.sanjuandeportes.com\/wp\/2023\/01\/19\/equipos-sanjuaninos-se-preparan-para-la-liga-federal-de-voleibol\/#primaryimage","url":"https:\/\/www.sanjuandeportes.com\/wp\/wp-content\/uploads\/2023\/01\/20441245b249a7b98a3c90e77e721740_L.jpg","contentUrl":"https:\/\/www.sanjuandeportes.com\/wp\/wp-content\/uploads\/2023\/01\/20441245b249a7b98a3c90e77e721740_L.jpg","width":782,"height":464},{"@type":"BreadcrumbList","@id":"https:\/\/www.sanjuandeportes.com\/wp\/2023\/01\/19\/equipos-sanjuaninos-se-preparan-para-la-liga-federal-de-voleibol\/#breadcrumb","itemListElement":[{"@type":"ListItem","position":1,"name":"Portada","item":"http:\/\/www.sanjuandeportes.com\/wp\/"},{"@type":"ListItem","position":2,"name":"Equipos sanjuaninos se preparan para la Liga Federal de V\u00f3leibol"}]},{"@type":"WebSite","@id":"https:\/\/www.sanjuandeportes.com\/wp\/#website","url":"https:\/\/www.sanjuandeportes.com\/wp\/","name":"San Juan Deportes","description":"El sitio de deportes de la provincia de San Juan","publisher":{"@id":"https:\/\/www.sanjuandeportes.com\/wp\/#organization"},"potentialAction":[{"@type":"SearchAction","target":{"@type":"EntryPoint","urlTemplate":"https:\/\/www.sanjuandeportes.com\/wp\/?s={search_term_string}"},"query-input":{"@type":"PropertyValueSpecification","valueRequired":true,"valueName":"search_term_string"}}],"inLanguage":"es"},{"@type":"Organization","@id":"https:\/\/www.sanjuandeportes.com\/wp\/#organization","name":"San Juan Deportes","url":"https:\/\/www.sanjuandeportes.com\/wp\/","logo":{"@type":"ImageObject","inLanguage":"es","@id":"https:\/\/www.sanjuandeportes.com\/wp\/#\/schema\/logo\/image\/","url":"https:\/\/www.sanjuandeportes.com\/wp\/wp-content\/uploads\/unnamed.jpg","contentUrl":"https:\/\/www.sanjuandeportes.com\/wp\/wp-content\/uploads\/unnamed.jpg","width":900,"height":900,"caption":"San Juan Deportes"},"image":{"@id":"https:\/\/www.sanjuandeportes.com\/wp\/#\/schema\/logo\/image\/"},"sameAs":["https:\/\/www.facebook.com\/sanjuandeportesok","https:\/\/x.com\/SanJuanDeportes","https:\/\/www.instagram.com\/sanjuandeportes"]},{"@type":"Person","@id":"https:\/\/www.sanjuandeportes.com\/wp\/#\/schema\/person\/eda4d8e62a5d42b111781e3cdfcb9c3a","name":"Pablo Pujado","image":{"@type":"ImageObject","inLanguage":"es","@id":"https:\/\/secure.gravatar.com\/avatar\/310b69d28112912c333408a462a9837208de951b1e7c11514781740412f648b1?s=96&d=mm&r=g","url":"https:\/\/secure.gravatar.com\/avatar\/310b69d28112912c333408a462a9837208de951b1e7c11514781740412f648b1?s=96&d=mm&r=g","contentUrl":"https:\/\/secure.gravatar.com\/avatar\/310b69d28112912c333408a462a9837208de951b1e7c11514781740412f648b1?s=96&d=mm&r=g","caption":"Pablo Pujado"},"url":"https:\/\/www.sanjuandeportes.com\/wp\/author\/pablo-pujado\/"}]}},"_links":{"self":[{"href":"https:\/\/www.sanjuandeportes.com\/wp\/wp-json\/wp\/v2\/posts\/17586","targetHints":{"allow":["GET"]}}],"collection":[{"href":"https:\/\/www.sanjuandeportes.com\/wp\/wp-json\/wp\/v2\/posts"}],"about":[{"href":"https:\/\/www.sanjuandeportes.com\/wp\/wp-json\/wp\/v2\/types\/post"}],"author":[{"embeddable":true,"href":"https:\/\/www.sanjuandeportes.com\/wp\/wp-json\/wp\/v2\/users\/5"}],"replies":[{"embeddable":true,"href":"https:\/\/www.sanjuandeportes.com\/wp\/wp-json\/wp\/v2\/comments?post=17586"}],"version-history":[{"count":1,"href":"https:\/\/www.sanjuandeportes.com\/wp\/wp-json\/wp\/v2\/posts\/17586\/revisions"}],"predecessor-version":[{"id":17588,"href":"https:\/\/www.sanjuandeportes.com\/wp\/wp-json\/wp\/v2\/posts\/17586\/revisions\/17588"}],"wp:featuredmedia":[{"embeddable":true,"href":"https:\/\/www.sanjuandeportes.com\/wp\/wp-json\/wp\/v2\/media\/17587"}],"wp:attachment":[{"href":"https:\/\/www.sanjuandeportes.com\/wp\/wp-json\/wp\/v2\/media?parent=17586"}],"wp:term":[{"taxonomy":"category","embeddable":true,"href":"https:\/\/www.sanjuandeportes.com\/wp\/wp-json\/wp\/v2\/categories?post=17586"},{"taxonomy":"post_tag","embeddable":true,"href":"https:\/\/www.sanjuandeportes.com\/wp\/wp-json\/wp\/v2\/tags?post=17586"}],"curies":[{"name":"wp","href":"https:\/\/api.w.org\/{rel}","templated":true}]}}