{"id":18070,"date":"2023-03-23T12:57:28","date_gmt":"2023-03-23T15:57:28","guid":{"rendered":"http:\/\/www.sanjuandeportes.com\/wp\/?p=18070"},"modified":"2023-03-27T23:58:19","modified_gmt":"2023-03-28T02:58:19","slug":"el-dt-interino-del-independiente-saco-del-11-titular-a-matias-gimenez","status":"publish","type":"post","link":"https:\/\/www.sanjuandeportes.com\/wp\/2023\/03\/23\/el-dt-interino-del-independiente-saco-del-11-titular-a-matias-gimenez\/","title":{"rendered":"El DT interino de Independiente, sac\u00f3 del 11 titular a Mat\u00edas Gim\u00e9nez"},"content":{"rendered":"\n<p class=\"wp-block-paragraph\">Bajo las&nbsp;<strong>\u00f3rdenes de Pedro Monz\u00f3n,<\/strong>&nbsp;el plantel profesional de&nbsp;<strong>Independiente entren\u00f3 nuevamente este martes por la ma\u00f1ana<\/strong>&nbsp;y ya piensa en el&nbsp;<strong>encuentro del domingo<\/strong>&nbsp;frente a&nbsp;Ciudad de Bolivar por Copa Argentina.<\/p>\n\n\n\n<p class=\"wp-block-paragraph\">Durante la pr\u00e1ctica, el entrenador interino&nbsp;<strong>meti\u00f3 mano en el equipo<\/strong>&nbsp;y se vieron&nbsp;<strong>varios cambios<\/strong>&nbsp;con respecto a la \u00faltima formaci\u00f3n titular que&nbsp;<strong>utiliz\u00f3 Leandro Stillitano.<\/strong><\/p>\n\n\n\n<p class=\"wp-block-paragraph\">En principio,&nbsp;<strong>volver\u00edan<\/strong>&nbsp;Sergio Barreto, Edgar Elizalde, Iv\u00e1n Marcone y Kevin L\u00f3pez, adem\u00e1s de que&nbsp;<strong>Tom\u00e1s Rambert estar\u00eda desde el comienzo.<\/strong><\/p>\n\n\n\n<p class=\"wp-block-paragraph\">Por su parte el sanjuanino Mat\u00edas Gim\u00e9nez fue sacado del 11 titular.<\/p>\n\n\n\n<p class=\"wp-block-paragraph\">De esta manera, el once inicial de Independiente ser\u00eda:<strong>&nbsp;Rodrigo Rey; Javier B\u00e1ez, Barreto, Elizalde, Ayrton Costa; Baltasar Barcia, Marcone, L\u00f3pez; Rambert, Mart\u00edn Cauteruccio y Nicol\u00e1s Vallejo.<\/strong><\/p>\n","protected":false},"excerpt":{"rendered":"<p>Bajo las&nbsp;\u00f3rdenes de Pedro Monz\u00f3n,&nbsp;el plantel profesional de&nbsp;Independiente entren\u00f3 nuevamente este martes por la ma\u00f1ana&nbsp;y ya piensa en el&nbsp;encuentro del domingo&nbsp;frente a&nbsp;Ciudad de Bolivar por Copa Argentina. Durante la pr\u00e1ctica, el entrenador interino&nbsp;meti\u00f3 mano en el equipo&nbsp;y se vieron&nbsp;varios cambios&nbsp;con respecto a la \u00faltima formaci\u00f3n titular que&nbsp;utiliz\u00f3 Leandro Stillitano. En principio,&nbsp;volver\u00edan&nbsp;Sergio Barreto, Edgar Elizalde, Iv\u00e1n [&hellip;]<\/p>\n","protected":false},"author":5,"featured_media":18071,"comment_status":"open","ping_status":"open","sticky":false,"template":"","format":"standard","meta":{"footnotes":""},"categories":[24,31],"tags":[],"class_list":["post-18070","post","type-post","status-publish","format-standard","has-post-thumbnail","hentry","category-futbol","category-primeradivision"],"yoast_head":"<!-- This site is optimized with the Yoast SEO plugin v28.2 - https:\/\/yoast.com\/product\/yoast-seo-wordpress\/ -->\n<title>El DT interino de Independiente, sac\u00f3 del 11 titular a Mat\u00edas Gim\u00e9nez - San Juan Deportes<\/title>\n<meta name=\"robots\" content=\"index, follow, max-snippet:-1, max-image-preview:large, max-video-preview:-1\" \/>\n<link rel=\"canonical\" href=\"https:\/\/www.sanjuandeportes.com\/wp\/2023\/03\/23\/el-dt-interino-del-independiente-saco-del-11-titular-a-matias-gimenez\/\" \/>\n<meta property=\"og:locale\" content=\"es_ES\" \/>\n<meta property=\"og:type\" content=\"article\" \/>\n<meta property=\"og:title\" content=\"El DT interino de Independiente, sac\u00f3 del 11 titular a Mat\u00edas Gim\u00e9nez - San Juan Deportes\" \/>\n<meta property=\"og:description\" content=\"Bajo las&nbsp;\u00f3rdenes de Pedro Monz\u00f3n,&nbsp;el plantel profesional de&nbsp;Independiente entren\u00f3 nuevamente este martes por la ma\u00f1ana&nbsp;y ya piensa en el&nbsp;encuentro del domingo&nbsp;frente a&nbsp;Ciudad de Bolivar por Copa Argentina. Durante la pr\u00e1ctica, el entrenador interino&nbsp;meti\u00f3 mano en el equipo&nbsp;y se vieron&nbsp;varios cambios&nbsp;con respecto a la \u00faltima formaci\u00f3n titular que&nbsp;utiliz\u00f3 Leandro Stillitano. En principio,&nbsp;volver\u00edan&nbsp;Sergio Barreto, Edgar Elizalde, Iv\u00e1n [&hellip;]\" \/>\n<meta property=\"og:url\" content=\"https:\/\/www.sanjuandeportes.com\/wp\/2023\/03\/23\/el-dt-interino-del-independiente-saco-del-11-titular-a-matias-gimenez\/\" \/>\n<meta property=\"og:site_name\" content=\"San Juan Deportes\" \/>\n<meta property=\"article:publisher\" content=\"https:\/\/www.facebook.com\/sanjuandeportesok\" \/>\n<meta property=\"article:published_time\" content=\"2023-03-23T15:57:28+00:00\" \/>\n<meta property=\"article:modified_time\" content=\"2023-03-28T02:58:19+00:00\" \/>\n<meta property=\"og:image\" content=\"https:\/\/www.sanjuandeportes.com\/wp\/wp-content\/uploads\/2023\/03\/matias-gimenez.jpg\" \/>\n\t<meta property=\"og:image:width\" content=\"1200\" \/>\n\t<meta property=\"og:image:height\" content=\"671\" \/>\n\t<meta property=\"og:image:type\" content=\"image\/jpeg\" \/>\n<meta name=\"author\" content=\"Pablo Pujado\" \/>\n<meta name=\"twitter:card\" content=\"summary_large_image\" \/>\n<meta name=\"twitter:creator\" content=\"@SanJuanDeportes\" \/>\n<meta name=\"twitter:site\" content=\"@SanJuanDeportes\" \/>\n<meta name=\"twitter:label1\" content=\"Escrito por\" \/>\n\t<meta name=\"twitter:data1\" content=\"Pablo Pujado\" \/>\n\t<meta name=\"twitter:label2\" content=\"Tiempo de lectura\" \/>\n\t<meta name=\"twitter:data2\" content=\"1 minuto\" \/>\n<script type=\"application\/ld+json\" class=\"yoast-schema-graph\">{\"@context\":\"https:\\\/\\\/schema.org\",\"@graph\":[{\"@type\":\"Article\",\"@id\":\"https:\\\/\\\/www.sanjuandeportes.com\\\/wp\\\/2023\\\/03\\\/23\\\/el-dt-interino-del-independiente-saco-del-11-titular-a-matias-gimenez\\\/#article\",\"isPartOf\":{\"@id\":\"https:\\\/\\\/www.sanjuandeportes.com\\\/wp\\\/2023\\\/03\\\/23\\\/el-dt-interino-del-independiente-saco-del-11-titular-a-matias-gimenez\\\/\"},\"author\":{\"name\":\"Pablo Pujado\",\"@id\":\"https:\\\/\\\/www.sanjuandeportes.com\\\/wp\\\/#\\\/schema\\\/person\\\/eda4d8e62a5d42b111781e3cdfcb9c3a\"},\"headline\":\"El DT interino de Independiente, sac\u00f3 del 11 titular a Mat\u00edas Gim\u00e9nez\",\"datePublished\":\"2023-03-23T15:57:28+00:00\",\"dateModified\":\"2023-03-28T02:58:19+00:00\",\"mainEntityOfPage\":{\"@id\":\"https:\\\/\\\/www.sanjuandeportes.com\\\/wp\\\/2023\\\/03\\\/23\\\/el-dt-interino-del-independiente-saco-del-11-titular-a-matias-gimenez\\\/\"},\"wordCount\":166,\"commentCount\":0,\"publisher\":{\"@id\":\"https:\\\/\\\/www.sanjuandeportes.com\\\/wp\\\/#organization\"},\"image\":{\"@id\":\"https:\\\/\\\/www.sanjuandeportes.com\\\/wp\\\/2023\\\/03\\\/23\\\/el-dt-interino-del-independiente-saco-del-11-titular-a-matias-gimenez\\\/#primaryimage\"},\"thumbnailUrl\":\"https:\\\/\\\/www.sanjuandeportes.com\\\/wp\\\/wp-content\\\/uploads\\\/2023\\\/03\\\/matias-gimenez.jpg\",\"articleSection\":[\"Futbol\",\"Primera Division\"],\"inLanguage\":\"es\",\"potentialAction\":[{\"@type\":\"CommentAction\",\"name\":\"Comment\",\"target\":[\"https:\\\/\\\/www.sanjuandeportes.com\\\/wp\\\/2023\\\/03\\\/23\\\/el-dt-interino-del-independiente-saco-del-11-titular-a-matias-gimenez\\\/#respond\"]}]},{\"@type\":\"WebPage\",\"@id\":\"https:\\\/\\\/www.sanjuandeportes.com\\\/wp\\\/2023\\\/03\\\/23\\\/el-dt-interino-del-independiente-saco-del-11-titular-a-matias-gimenez\\\/\",\"url\":\"https:\\\/\\\/www.sanjuandeportes.com\\\/wp\\\/2023\\\/03\\\/23\\\/el-dt-interino-del-independiente-saco-del-11-titular-a-matias-gimenez\\\/\",\"name\":\"El DT interino de Independiente, sac\u00f3 del 11 titular a Mat\u00edas Gim\u00e9nez - San Juan Deportes\",\"isPartOf\":{\"@id\":\"https:\\\/\\\/www.sanjuandeportes.com\\\/wp\\\/#website\"},\"primaryImageOfPage\":{\"@id\":\"https:\\\/\\\/www.sanjuandeportes.com\\\/wp\\\/2023\\\/03\\\/23\\\/el-dt-interino-del-independiente-saco-del-11-titular-a-matias-gimenez\\\/#primaryimage\"},\"image\":{\"@id\":\"https:\\\/\\\/www.sanjuandeportes.com\\\/wp\\\/2023\\\/03\\\/23\\\/el-dt-interino-del-independiente-saco-del-11-titular-a-matias-gimenez\\\/#primaryimage\"},\"thumbnailUrl\":\"https:\\\/\\\/www.sanjuandeportes.com\\\/wp\\\/wp-content\\\/uploads\\\/2023\\\/03\\\/matias-gimenez.jpg\",\"datePublished\":\"2023-03-23T15:57:28+00:00\",\"dateModified\":\"2023-03-28T02:58:19+00:00\",\"breadcrumb\":{\"@id\":\"https:\\\/\\\/www.sanjuandeportes.com\\\/wp\\\/2023\\\/03\\\/23\\\/el-dt-interino-del-independiente-saco-del-11-titular-a-matias-gimenez\\\/#breadcrumb\"},\"inLanguage\":\"es\",\"potentialAction\":[{\"@type\":\"ReadAction\",\"target\":[\"https:\\\/\\\/www.sanjuandeportes.com\\\/wp\\\/2023\\\/03\\\/23\\\/el-dt-interino-del-independiente-saco-del-11-titular-a-matias-gimenez\\\/\"]}]},{\"@type\":\"ImageObject\",\"inLanguage\":\"es\",\"@id\":\"https:\\\/\\\/www.sanjuandeportes.com\\\/wp\\\/2023\\\/03\\\/23\\\/el-dt-interino-del-independiente-saco-del-11-titular-a-matias-gimenez\\\/#primaryimage\",\"url\":\"https:\\\/\\\/www.sanjuandeportes.com\\\/wp\\\/wp-content\\\/uploads\\\/2023\\\/03\\\/matias-gimenez.jpg\",\"contentUrl\":\"https:\\\/\\\/www.sanjuandeportes.com\\\/wp\\\/wp-content\\\/uploads\\\/2023\\\/03\\\/matias-gimenez.jpg\",\"width\":1200,\"height\":671},{\"@type\":\"BreadcrumbList\",\"@id\":\"https:\\\/\\\/www.sanjuandeportes.com\\\/wp\\\/2023\\\/03\\\/23\\\/el-dt-interino-del-independiente-saco-del-11-titular-a-matias-gimenez\\\/#breadcrumb\",\"itemListElement\":[{\"@type\":\"ListItem\",\"position\":1,\"name\":\"Portada\",\"item\":\"http:\\\/\\\/www.sanjuandeportes.com\\\/wp\\\/\"},{\"@type\":\"ListItem\",\"position\":2,\"name\":\"El DT interino de Independiente, sac\u00f3 del 11 titular a Mat\u00edas Gim\u00e9nez\"}]},{\"@type\":\"WebSite\",\"@id\":\"https:\\\/\\\/www.sanjuandeportes.com\\\/wp\\\/#website\",\"url\":\"https:\\\/\\\/www.sanjuandeportes.com\\\/wp\\\/\",\"name\":\"San Juan Deportes\",\"description\":\"El sitio de deportes de la provincia de San Juan\",\"publisher\":{\"@id\":\"https:\\\/\\\/www.sanjuandeportes.com\\\/wp\\\/#organization\"},\"potentialAction\":[{\"@type\":\"SearchAction\",\"target\":{\"@type\":\"EntryPoint\",\"urlTemplate\":\"https:\\\/\\\/www.sanjuandeportes.com\\\/wp\\\/?s={search_term_string}\"},\"query-input\":{\"@type\":\"PropertyValueSpecification\",\"valueRequired\":true,\"valueName\":\"search_term_string\"}}],\"inLanguage\":\"es\"},{\"@type\":\"Organization\",\"@id\":\"https:\\\/\\\/www.sanjuandeportes.com\\\/wp\\\/#organization\",\"name\":\"San Juan Deportes\",\"url\":\"https:\\\/\\\/www.sanjuandeportes.com\\\/wp\\\/\",\"logo\":{\"@type\":\"ImageObject\",\"inLanguage\":\"es\",\"@id\":\"https:\\\/\\\/www.sanjuandeportes.com\\\/wp\\\/#\\\/schema\\\/logo\\\/image\\\/\",\"url\":\"https:\\\/\\\/www.sanjuandeportes.com\\\/wp\\\/wp-content\\\/uploads\\\/unnamed.jpg\",\"contentUrl\":\"https:\\\/\\\/www.sanjuandeportes.com\\\/wp\\\/wp-content\\\/uploads\\\/unnamed.jpg\",\"width\":900,\"height\":900,\"caption\":\"San Juan Deportes\"},\"image\":{\"@id\":\"https:\\\/\\\/www.sanjuandeportes.com\\\/wp\\\/#\\\/schema\\\/logo\\\/image\\\/\"},\"sameAs\":[\"https:\\\/\\\/www.facebook.com\\\/sanjuandeportesok\",\"https:\\\/\\\/x.com\\\/SanJuanDeportes\",\"https:\\\/\\\/www.instagram.com\\\/sanjuandeportes\"]},{\"@type\":\"Person\",\"@id\":\"https:\\\/\\\/www.sanjuandeportes.com\\\/wp\\\/#\\\/schema\\\/person\\\/eda4d8e62a5d42b111781e3cdfcb9c3a\",\"name\":\"Pablo Pujado\",\"image\":{\"@type\":\"ImageObject\",\"inLanguage\":\"es\",\"@id\":\"https:\\\/\\\/secure.gravatar.com\\\/avatar\\\/310b69d28112912c333408a462a9837208de951b1e7c11514781740412f648b1?s=96&d=mm&r=g\",\"url\":\"https:\\\/\\\/secure.gravatar.com\\\/avatar\\\/310b69d28112912c333408a462a9837208de951b1e7c11514781740412f648b1?s=96&d=mm&r=g\",\"contentUrl\":\"https:\\\/\\\/secure.gravatar.com\\\/avatar\\\/310b69d28112912c333408a462a9837208de951b1e7c11514781740412f648b1?s=96&d=mm&r=g\",\"caption\":\"Pablo Pujado\"},\"url\":\"https:\\\/\\\/www.sanjuandeportes.com\\\/wp\\\/author\\\/pablo-pujado\\\/\"}]}<\/script>\n<!-- \/ Yoast SEO plugin. -->","yoast_head_json":{"title":"El DT interino de Independiente, sac\u00f3 del 11 titular a Mat\u00edas Gim\u00e9nez - San Juan Deportes","robots":{"index":"index","follow":"follow","max-snippet":"max-snippet:-1","max-image-preview":"max-image-preview:large","max-video-preview":"max-video-preview:-1"},"canonical":"https:\/\/www.sanjuandeportes.com\/wp\/2023\/03\/23\/el-dt-interino-del-independiente-saco-del-11-titular-a-matias-gimenez\/","og_locale":"es_ES","og_type":"article","og_title":"El DT interino de Independiente, sac\u00f3 del 11 titular a Mat\u00edas Gim\u00e9nez - San Juan Deportes","og_description":"Bajo las&nbsp;\u00f3rdenes de Pedro Monz\u00f3n,&nbsp;el plantel profesional de&nbsp;Independiente entren\u00f3 nuevamente este martes por la ma\u00f1ana&nbsp;y ya piensa en el&nbsp;encuentro del domingo&nbsp;frente a&nbsp;Ciudad de Bolivar por Copa Argentina. Durante la pr\u00e1ctica, el entrenador interino&nbsp;meti\u00f3 mano en el equipo&nbsp;y se vieron&nbsp;varios cambios&nbsp;con respecto a la \u00faltima formaci\u00f3n titular que&nbsp;utiliz\u00f3 Leandro Stillitano. En principio,&nbsp;volver\u00edan&nbsp;Sergio Barreto, Edgar Elizalde, Iv\u00e1n [&hellip;]","og_url":"https:\/\/www.sanjuandeportes.com\/wp\/2023\/03\/23\/el-dt-interino-del-independiente-saco-del-11-titular-a-matias-gimenez\/","og_site_name":"San Juan Deportes","article_publisher":"https:\/\/www.facebook.com\/sanjuandeportesok","article_published_time":"2023-03-23T15:57:28+00:00","article_modified_time":"2023-03-28T02:58:19+00:00","og_image":[{"width":1200,"height":671,"url":"https:\/\/www.sanjuandeportes.com\/wp\/wp-content\/uploads\/2023\/03\/matias-gimenez.jpg","type":"image\/jpeg"}],"author":"Pablo Pujado","twitter_card":"summary_large_image","twitter_creator":"@SanJuanDeportes","twitter_site":"@SanJuanDeportes","twitter_misc":{"Escrito por":"Pablo Pujado","Tiempo de lectura":"1 minuto"},"schema":{"@context":"https:\/\/schema.org","@graph":[{"@type":"Article","@id":"https:\/\/www.sanjuandeportes.com\/wp\/2023\/03\/23\/el-dt-interino-del-independiente-saco-del-11-titular-a-matias-gimenez\/#article","isPartOf":{"@id":"https:\/\/www.sanjuandeportes.com\/wp\/2023\/03\/23\/el-dt-interino-del-independiente-saco-del-11-titular-a-matias-gimenez\/"},"author":{"name":"Pablo Pujado","@id":"https:\/\/www.sanjuandeportes.com\/wp\/#\/schema\/person\/eda4d8e62a5d42b111781e3cdfcb9c3a"},"headline":"El DT interino de Independiente, sac\u00f3 del 11 titular a Mat\u00edas Gim\u00e9nez","datePublished":"2023-03-23T15:57:28+00:00","dateModified":"2023-03-28T02:58:19+00:00","mainEntityOfPage":{"@id":"https:\/\/www.sanjuandeportes.com\/wp\/2023\/03\/23\/el-dt-interino-del-independiente-saco-del-11-titular-a-matias-gimenez\/"},"wordCount":166,"commentCount":0,"publisher":{"@id":"https:\/\/www.sanjuandeportes.com\/wp\/#organization"},"image":{"@id":"https:\/\/www.sanjuandeportes.com\/wp\/2023\/03\/23\/el-dt-interino-del-independiente-saco-del-11-titular-a-matias-gimenez\/#primaryimage"},"thumbnailUrl":"https:\/\/www.sanjuandeportes.com\/wp\/wp-content\/uploads\/2023\/03\/matias-gimenez.jpg","articleSection":["Futbol","Primera Division"],"inLanguage":"es","potentialAction":[{"@type":"CommentAction","name":"Comment","target":["https:\/\/www.sanjuandeportes.com\/wp\/2023\/03\/23\/el-dt-interino-del-independiente-saco-del-11-titular-a-matias-gimenez\/#respond"]}]},{"@type":"WebPage","@id":"https:\/\/www.sanjuandeportes.com\/wp\/2023\/03\/23\/el-dt-interino-del-independiente-saco-del-11-titular-a-matias-gimenez\/","url":"https:\/\/www.sanjuandeportes.com\/wp\/2023\/03\/23\/el-dt-interino-del-independiente-saco-del-11-titular-a-matias-gimenez\/","name":"El DT interino de Independiente, sac\u00f3 del 11 titular a Mat\u00edas Gim\u00e9nez - San Juan Deportes","isPartOf":{"@id":"https:\/\/www.sanjuandeportes.com\/wp\/#website"},"primaryImageOfPage":{"@id":"https:\/\/www.sanjuandeportes.com\/wp\/2023\/03\/23\/el-dt-interino-del-independiente-saco-del-11-titular-a-matias-gimenez\/#primaryimage"},"image":{"@id":"https:\/\/www.sanjuandeportes.com\/wp\/2023\/03\/23\/el-dt-interino-del-independiente-saco-del-11-titular-a-matias-gimenez\/#primaryimage"},"thumbnailUrl":"https:\/\/www.sanjuandeportes.com\/wp\/wp-content\/uploads\/2023\/03\/matias-gimenez.jpg","datePublished":"2023-03-23T15:57:28+00:00","dateModified":"2023-03-28T02:58:19+00:00","breadcrumb":{"@id":"https:\/\/www.sanjuandeportes.com\/wp\/2023\/03\/23\/el-dt-interino-del-independiente-saco-del-11-titular-a-matias-gimenez\/#breadcrumb"},"inLanguage":"es","potentialAction":[{"@type":"ReadAction","target":["https:\/\/www.sanjuandeportes.com\/wp\/2023\/03\/23\/el-dt-interino-del-independiente-saco-del-11-titular-a-matias-gimenez\/"]}]},{"@type":"ImageObject","inLanguage":"es","@id":"https:\/\/www.sanjuandeportes.com\/wp\/2023\/03\/23\/el-dt-interino-del-independiente-saco-del-11-titular-a-matias-gimenez\/#primaryimage","url":"https:\/\/www.sanjuandeportes.com\/wp\/wp-content\/uploads\/2023\/03\/matias-gimenez.jpg","contentUrl":"https:\/\/www.sanjuandeportes.com\/wp\/wp-content\/uploads\/2023\/03\/matias-gimenez.jpg","width":1200,"height":671},{"@type":"BreadcrumbList","@id":"https:\/\/www.sanjuandeportes.com\/wp\/2023\/03\/23\/el-dt-interino-del-independiente-saco-del-11-titular-a-matias-gimenez\/#breadcrumb","itemListElement":[{"@type":"ListItem","position":1,"name":"Portada","item":"http:\/\/www.sanjuandeportes.com\/wp\/"},{"@type":"ListItem","position":2,"name":"El DT interino de Independiente, sac\u00f3 del 11 titular a Mat\u00edas Gim\u00e9nez"}]},{"@type":"WebSite","@id":"https:\/\/www.sanjuandeportes.com\/wp\/#website","url":"https:\/\/www.sanjuandeportes.com\/wp\/","name":"San Juan Deportes","description":"El sitio de deportes de la provincia de San Juan","publisher":{"@id":"https:\/\/www.sanjuandeportes.com\/wp\/#organization"},"potentialAction":[{"@type":"SearchAction","target":{"@type":"EntryPoint","urlTemplate":"https:\/\/www.sanjuandeportes.com\/wp\/?s={search_term_string}"},"query-input":{"@type":"PropertyValueSpecification","valueRequired":true,"valueName":"search_term_string"}}],"inLanguage":"es"},{"@type":"Organization","@id":"https:\/\/www.sanjuandeportes.com\/wp\/#organization","name":"San Juan Deportes","url":"https:\/\/www.sanjuandeportes.com\/wp\/","logo":{"@type":"ImageObject","inLanguage":"es","@id":"https:\/\/www.sanjuandeportes.com\/wp\/#\/schema\/logo\/image\/","url":"https:\/\/www.sanjuandeportes.com\/wp\/wp-content\/uploads\/unnamed.jpg","contentUrl":"https:\/\/www.sanjuandeportes.com\/wp\/wp-content\/uploads\/unnamed.jpg","width":900,"height":900,"caption":"San Juan Deportes"},"image":{"@id":"https:\/\/www.sanjuandeportes.com\/wp\/#\/schema\/logo\/image\/"},"sameAs":["https:\/\/www.facebook.com\/sanjuandeportesok","https:\/\/x.com\/SanJuanDeportes","https:\/\/www.instagram.com\/sanjuandeportes"]},{"@type":"Person","@id":"https:\/\/www.sanjuandeportes.com\/wp\/#\/schema\/person\/eda4d8e62a5d42b111781e3cdfcb9c3a","name":"Pablo Pujado","image":{"@type":"ImageObject","inLanguage":"es","@id":"https:\/\/secure.gravatar.com\/avatar\/310b69d28112912c333408a462a9837208de951b1e7c11514781740412f648b1?s=96&d=mm&r=g","url":"https:\/\/secure.gravatar.com\/avatar\/310b69d28112912c333408a462a9837208de951b1e7c11514781740412f648b1?s=96&d=mm&r=g","contentUrl":"https:\/\/secure.gravatar.com\/avatar\/310b69d28112912c333408a462a9837208de951b1e7c11514781740412f648b1?s=96&d=mm&r=g","caption":"Pablo Pujado"},"url":"https:\/\/www.sanjuandeportes.com\/wp\/author\/pablo-pujado\/"}]}},"_links":{"self":[{"href":"https:\/\/www.sanjuandeportes.com\/wp\/wp-json\/wp\/v2\/posts\/18070","targetHints":{"allow":["GET"]}}],"collection":[{"href":"https:\/\/www.sanjuandeportes.com\/wp\/wp-json\/wp\/v2\/posts"}],"about":[{"href":"https:\/\/www.sanjuandeportes.com\/wp\/wp-json\/wp\/v2\/types\/post"}],"author":[{"embeddable":true,"href":"https:\/\/www.sanjuandeportes.com\/wp\/wp-json\/wp\/v2\/users\/5"}],"replies":[{"embeddable":true,"href":"https:\/\/www.sanjuandeportes.com\/wp\/wp-json\/wp\/v2\/comments?post=18070"}],"version-history":[{"count":2,"href":"https:\/\/www.sanjuandeportes.com\/wp\/wp-json\/wp\/v2\/posts\/18070\/revisions"}],"predecessor-version":[{"id":18073,"href":"https:\/\/www.sanjuandeportes.com\/wp\/wp-json\/wp\/v2\/posts\/18070\/revisions\/18073"}],"wp:featuredmedia":[{"embeddable":true,"href":"https:\/\/www.sanjuandeportes.com\/wp\/wp-json\/wp\/v2\/media\/18071"}],"wp:attachment":[{"href":"https:\/\/www.sanjuandeportes.com\/wp\/wp-json\/wp\/v2\/media?parent=18070"}],"wp:term":[{"taxonomy":"category","embeddable":true,"href":"https:\/\/www.sanjuandeportes.com\/wp\/wp-json\/wp\/v2\/categories?post=18070"},{"taxonomy":"post_tag","embeddable":true,"href":"https:\/\/www.sanjuandeportes.com\/wp\/wp-json\/wp\/v2\/tags?post=18070"}],"curies":[{"name":"wp","href":"https:\/\/api.w.org\/{rel}","templated":true}]}}